{"id":9924,"date":"2018-02-19T13:01:49","date_gmt":"2018-02-19T16:01:49","guid":{"rendered":"https:\/\/wpsandbox4.pante.com.br\/?p=9924"},"modified":"2018-02-19T13:01:49","modified_gmt":"2018-02-19T16:01:49","slug":"camara-implantara-plano-de-gerenciamento-ambiental-e-sustentavel","status":"publish","type":"post","link":"https:\/\/uvbbrasil.com.br\/camara-implantara-plano-de-gerenciamento-ambiental-e-sustentavel\/","title":{"rendered":"C\u00e2mara implantar\u00e1 Plano de Gerenciamento Ambiental e Sustent\u00e1vel"},"content":{"rendered":"<p>&nbsp;<\/p>\n<p>Porto Alegre\/RS &#8211; A C\u00e2mara Municipal de Porto Alegre criar\u00e1 grupo de trabalho para estabelecimento de seu Plano de Gerenciamento Ambiental e Sustent\u00e1vel (PGAS). A medida foi aprovada na manh\u00e3 da quinta-feira (15\/2) durante a reuni\u00e3o da Mesa Diretora. O presidente do Legislativo da Capital, vereador Valter Nagelstein (PMDB), ao saudar a iniciativa, destacou a\u00a0import\u00e2ncia desta atividade, a qual n\u00e3o ter\u00e1 custos e promover\u00e1 atitudes que beneficiam o meio ambiente e a sustentabilidade.<\/p>\n<p>Nagelstein explicou que ser\u00e1 firmada portaria para estabelecimento de um grupo de trabalho (GT), formado por representantes de \u00e1reas t\u00e9cnicas espec\u00edficas do Legislativo e das bancadas partid\u00e1rias, para implanta\u00e7\u00e3o deste Plano. Conforme acordado entre os componentes da Mesa Diretora, o GT ter\u00e1 30 dias para diagn\u00f3stico e sugest\u00f5es de medidas cab\u00edveis para implanta\u00e7\u00e3o do PGAS. A Diretoria Geral da Casa vai coordenar o processo para estabelecimento e manuten\u00e7\u00e3o do Plano.<\/p>\n<p>O vereador Andr\u00e9 Car\u00fas (PMDB), encaminhou a proposta do Plano de Gerenciamento Ambiental e Sustent\u00e1vel, ressaltando os benef\u00edcios da iniciativa e observou que, al\u00e9m da importante medida administrativa que prev\u00ea a redu\u00e7\u00e3o do uso de papel, a C\u00e2mara Municipal poder\u00e1 promover\u00a0 acoleta dos res\u00edduos recicl\u00e1veis, ser ponto receptor de res\u00edduos especiais (aparelhos eletr\u00f4nicos, pilhas, baterias), criar uma horta acompanhada com processo de compostagem e promover a educa\u00e7\u00e3o ambiental com os p\u00fablicos interno e externo.<\/p>\n<p><strong>Plen\u00e1rio Ot\u00e1vio Rocha<\/strong><\/p>\n<p>Ficou definido ainda na reuni\u00e3o desta manh\u00e3 que jornalistas e representantes dos diferentes ve\u00edculos de comunica\u00e7\u00e3o que vierem a C\u00e2mara Municipal para acompanhar as sess\u00f5es ordin\u00e1rias ou extraordin\u00e1rias ter\u00e3o espa\u00e7o exclusivo no Plen\u00e1rio Ot\u00e1vio Rocha para entrevistas e acompanhamento dos trabalhos, com acesso permitido a partir do credenciamento pr\u00e9vio. A Mesa Diretora tamb\u00e9m aprovou resolu\u00e7\u00e3o que limita a circula\u00e7\u00e3o de assessores parlamentares neste mesmo plen\u00e1rio durante as sess\u00f5es.<\/p>\n<p>Durante as discuss\u00f5es desta quinta-feira foram apreciados processos que envolvem controle de bens patrimoniais, atividades culturais e a participa\u00e7\u00e3o da C\u00e2mara Municipal no II F\u00f3rum Nacional das Parcerias P\u00fablicos Privadas (PPPs), na qualidade de apoiador institucional. Os trabalhos da Mesa Diretora tiveram tamb\u00e9m a participa\u00e7\u00e3o dos vereadores M\u00f4nica Leal (PP) e Mauro Pinheiro (Rede) \u2013 vice-presidentes -, Jos\u00e9 Freitas (PRB) e Paulinho Motorista (PSB) \u2013 secret\u00e1rios -, al\u00e9m dos diretores Geral, Administrativo, de Patrim\u00f4nio e Finan\u00e7as, e Legislativo, procuradores e assessores.<\/p>\n<p><em>Texto: Ang\u00e9lica Sperinde (reg. prof. 7862)<\/em><br \/>\n<em>Edi\u00e7\u00e3o: Helio Panzenhagen (reg. prof. 7154)\u00a0(Foto: Leonardo Contursi\/CMPA)<\/em><\/p>\n<p>&nbsp;<\/p>\n<p>&nbsp;<\/p>\n","protected":false},"excerpt":{"rendered":"<p>&nbsp; Porto Alegre\/RS &#8211; A C\u00e2mara Municipal de Porto Alegre criar\u00e1 grupo de trabalho para estabelecimento de seu Plano de&#8230;<\/p>\n","protected":false},"author":1,"featured_media":9925,"comment_status":"open","ping_status":"open","sticky":false,"template":"","format":"standard","meta":{"footnotes":""},"categories":[3],"tags":[],"class_list":["post-9924","post","type-post","status-publish","format-standard","has-post-thumbnail","hentry","category-noticias"],"yoast_head":"<!-- This site is optimized with the Yoast SEO plugin v26.7 - https:\/\/yoast.com\/wordpress\/plugins\/seo\/ -->\n<title>C\u00e2mara implantar\u00e1 Plano de Gerenciamento Ambiental e Sustent\u00e1vel - UVB Brasil<\/title>\n<meta name=\"robots\" content=\"index, follow, max-snippet:-1, max-image-preview:large, max-video-preview:-1\" \/>\n<link rel=\"canonical\" href=\"https:\/\/uvbbrasil.com.br\/camara-implantara-plano-de-gerenciamento-ambiental-e-sustentavel\/\" \/>\n<meta property=\"og:locale\" content=\"pt_BR\" \/>\n<meta property=\"og:type\" content=\"article\" \/>\n<meta property=\"og:title\" content=\"C\u00e2mara implantar\u00e1 Plano de Gerenciamento Ambiental e Sustent\u00e1vel - UVB Brasil\" \/>\n<meta property=\"og:description\" content=\"&nbsp; Porto Alegre\/RS &#8211; A C\u00e2mara Municipal de Porto Alegre criar\u00e1 grupo de trabalho para estabelecimento de seu Plano de...\" \/>\n<meta property=\"og:url\" content=\"https:\/\/uvbbrasil.com.br\/camara-implantara-plano-de-gerenciamento-ambiental-e-sustentavel\/\" \/>\n<meta property=\"og:site_name\" content=\"UVB Brasil\" \/>\n<meta property=\"article:publisher\" content=\"https:\/\/www.facebook.com\/uvb.vereadoresbrasil\" \/>\n<meta property=\"article:published_time\" content=\"2018-02-19T16:01:49+00:00\" \/>\n<meta property=\"og:image\" content=\"https:\/\/uvbbrasil.com.br\/wp-content\/uploads\/2018\/02\/porto-alegre-sustentabilidade.jpg\" \/>\n\t<meta property=\"og:image:width\" content=\"751\" \/>\n\t<meta property=\"og:image:height\" content=\"450\" \/>\n\t<meta property=\"og:image:type\" content=\"image\/jpeg\" \/>\n<meta name=\"author\" content=\"adminuvb\" \/>\n<meta name=\"twitter:card\" content=\"summary_large_image\" \/>\n<meta name=\"twitter:label1\" content=\"Escrito por\" \/>\n\t<meta name=\"twitter:data1\" content=\"adminuvb\" \/>\n\t<meta name=\"twitter:label2\" content=\"Est. tempo de leitura\" \/>\n\t<meta name=\"twitter:data2\" content=\"2 minutos\" \/>\n<script type=\"application\/ld+json\" class=\"yoast-schema-graph\">{\"@context\":\"https:\/\/schema.org\",\"@graph\":[{\"@type\":\"Article\",\"@id\":\"https:\/\/uvbbrasil.com.br\/camara-implantara-plano-de-gerenciamento-ambiental-e-sustentavel\/#article\",\"isPartOf\":{\"@id\":\"https:\/\/uvbbrasil.com.br\/camara-implantara-plano-de-gerenciamento-ambiental-e-sustentavel\/\"},\"author\":{\"name\":\"adminuvb\",\"@id\":\"https:\/\/uvbbrasil.com.br\/#\/schema\/person\/17990098446c098f52effddff4f1b272\"},\"headline\":\"C\u00e2mara implantar\u00e1 Plano de Gerenciamento Ambiental e Sustent\u00e1vel\",\"datePublished\":\"2018-02-19T16:01:49+00:00\",\"mainEntityOfPage\":{\"@id\":\"https:\/\/uvbbrasil.com.br\/camara-implantara-plano-de-gerenciamento-ambiental-e-sustentavel\/\"},\"wordCount\":453,\"commentCount\":0,\"publisher\":{\"@id\":\"https:\/\/uvbbrasil.com.br\/#organization\"},\"image\":{\"@id\":\"https:\/\/uvbbrasil.com.br\/camara-implantara-plano-de-gerenciamento-ambiental-e-sustentavel\/#primaryimage\"},\"thumbnailUrl\":\"https:\/\/uvbbrasil.com.br\/wp-content\/uploads\/2018\/02\/porto-alegre-sustentabilidade.jpg\",\"articleSection\":[\"NOT\u00cdCIAS\"],\"inLanguage\":\"pt-BR\",\"potentialAction\":[{\"@type\":\"CommentAction\",\"name\":\"Comment\",\"target\":[\"https:\/\/uvbbrasil.com.br\/camara-implantara-plano-de-gerenciamento-ambiental-e-sustentavel\/#respond\"]}]},{\"@type\":\"WebPage\",\"@id\":\"https:\/\/uvbbrasil.com.br\/camara-implantara-plano-de-gerenciamento-ambiental-e-sustentavel\/\",\"url\":\"https:\/\/uvbbrasil.com.br\/camara-implantara-plano-de-gerenciamento-ambiental-e-sustentavel\/\",\"name\":\"C\u00e2mara implantar\u00e1 Plano de Gerenciamento Ambiental e Sustent\u00e1vel - UVB Brasil\",\"isPartOf\":{\"@id\":\"https:\/\/uvbbrasil.com.br\/#website\"},\"primaryImageOfPage\":{\"@id\":\"https:\/\/uvbbrasil.com.br\/camara-implantara-plano-de-gerenciamento-ambiental-e-sustentavel\/#primaryimage\"},\"image\":{\"@id\":\"https:\/\/uvbbrasil.com.br\/camara-implantara-plano-de-gerenciamento-ambiental-e-sustentavel\/#primaryimage\"},\"thumbnailUrl\":\"https:\/\/uvbbrasil.com.br\/wp-content\/uploads\/2018\/02\/porto-alegre-sustentabilidade.jpg\",\"datePublished\":\"2018-02-19T16:01:49+00:00\",\"breadcrumb\":{\"@id\":\"https:\/\/uvbbrasil.com.br\/camara-implantara-plano-de-gerenciamento-ambiental-e-sustentavel\/#breadcrumb\"},\"inLanguage\":\"pt-BR\",\"potentialAction\":[{\"@type\":\"ReadAction\",\"target\":[\"https:\/\/uvbbrasil.com.br\/camara-implantara-plano-de-gerenciamento-ambiental-e-sustentavel\/\"]}]},{\"@type\":\"ImageObject\",\"inLanguage\":\"pt-BR\",\"@id\":\"https:\/\/uvbbrasil.com.br\/camara-implantara-plano-de-gerenciamento-ambiental-e-sustentavel\/#primaryimage\",\"url\":\"https:\/\/uvbbrasil.com.br\/wp-content\/uploads\/2018\/02\/porto-alegre-sustentabilidade.jpg\",\"contentUrl\":\"https:\/\/uvbbrasil.com.br\/wp-content\/uploads\/2018\/02\/porto-alegre-sustentabilidade.jpg\",\"width\":751,\"height\":450},{\"@type\":\"BreadcrumbList\",\"@id\":\"https:\/\/uvbbrasil.com.br\/camara-implantara-plano-de-gerenciamento-ambiental-e-sustentavel\/#breadcrumb\",\"itemListElement\":[{\"@type\":\"ListItem\",\"position\":1,\"name\":\"In\u00edcio\",\"item\":\"https:\/\/uvbbrasil.com.br\/\"},{\"@type\":\"ListItem\",\"position\":2,\"name\":\"C\u00e2mara implantar\u00e1 Plano de Gerenciamento Ambiental e Sustent\u00e1vel\"}]},{\"@type\":\"WebSite\",\"@id\":\"https:\/\/uvbbrasil.com.br\/#website\",\"url\":\"https:\/\/uvbbrasil.com.br\/\",\"name\":\"UVB Brasil\",\"description\":\"Uni\u00e3o dos Vereadores do Brasil\",\"publisher\":{\"@id\":\"https:\/\/uvbbrasil.com.br\/#organization\"},\"potentialAction\":[{\"@type\":\"SearchAction\",\"target\":{\"@type\":\"EntryPoint\",\"urlTemplate\":\"https:\/\/uvbbrasil.com.br\/?s={search_term_string}\"},\"query-input\":{\"@type\":\"PropertyValueSpecification\",\"valueRequired\":true,\"valueName\":\"search_term_string\"}}],\"inLanguage\":\"pt-BR\"},{\"@type\":\"Organization\",\"@id\":\"https:\/\/uvbbrasil.com.br\/#organization\",\"name\":\"UVB Brasil\",\"url\":\"https:\/\/uvbbrasil.com.br\/\",\"logo\":{\"@type\":\"ImageObject\",\"inLanguage\":\"pt-BR\",\"@id\":\"https:\/\/uvbbrasil.com.br\/#\/schema\/logo\/image\/\",\"url\":\"https:\/\/uvbbrasil.com.br\/wp-content\/uploads\/2025\/01\/LOGO-UVB-2024-azul-1.jpg\",\"contentUrl\":\"https:\/\/uvbbrasil.com.br\/wp-content\/uploads\/2025\/01\/LOGO-UVB-2024-azul-1.jpg\",\"width\":600,\"height\":211,\"caption\":\"UVB Brasil\"},\"image\":{\"@id\":\"https:\/\/uvbbrasil.com.br\/#\/schema\/logo\/image\/\"},\"sameAs\":[\"https:\/\/www.facebook.com\/uvb.vereadoresbrasil\",\"https:\/\/www.instagram.com\/uvbbrasil\/\",\"https:\/\/www.youtube.com\/channel\/UCIlPQ8Xzw5GHNzosQIg9S5A\"]},{\"@type\":\"Person\",\"@id\":\"https:\/\/uvbbrasil.com.br\/#\/schema\/person\/17990098446c098f52effddff4f1b272\",\"name\":\"adminuvb\",\"image\":{\"@type\":\"ImageObject\",\"inLanguage\":\"pt-BR\",\"@id\":\"https:\/\/uvbbrasil.com.br\/#\/schema\/person\/image\/\",\"url\":\"https:\/\/secure.gravatar.com\/avatar\/1a494ea6f8e2dd1ae526e55b0e9497efdba542491e0620d704cccf63c6f77c45?s=96&d=mm&r=g\",\"contentUrl\":\"https:\/\/secure.gravatar.com\/avatar\/1a494ea6f8e2dd1ae526e55b0e9497efdba542491e0620d704cccf63c6f77c45?s=96&d=mm&r=g\",\"caption\":\"adminuvb\"},\"sameAs\":[\"https:\/\/uvbbrasil.com.br\"],\"url\":\"https:\/\/uvbbrasil.com.br\/author\/adminuvb\/\"}]}<\/script>\n<!-- \/ Yoast SEO plugin. -->","yoast_head_json":{"title":"C\u00e2mara implantar\u00e1 Plano de Gerenciamento Ambiental e Sustent\u00e1vel - UVB Brasil","robots":{"index":"index","follow":"follow","max-snippet":"max-snippet:-1","max-image-preview":"max-image-preview:large","max-video-preview":"max-video-preview:-1"},"canonical":"https:\/\/uvbbrasil.com.br\/camara-implantara-plano-de-gerenciamento-ambiental-e-sustentavel\/","og_locale":"pt_BR","og_type":"article","og_title":"C\u00e2mara implantar\u00e1 Plano de Gerenciamento Ambiental e Sustent\u00e1vel - UVB Brasil","og_description":"&nbsp; Porto Alegre\/RS &#8211; A C\u00e2mara Municipal de Porto Alegre criar\u00e1 grupo de trabalho para estabelecimento de seu Plano de...","og_url":"https:\/\/uvbbrasil.com.br\/camara-implantara-plano-de-gerenciamento-ambiental-e-sustentavel\/","og_site_name":"UVB Brasil","article_publisher":"https:\/\/www.facebook.com\/uvb.vereadoresbrasil","article_published_time":"2018-02-19T16:01:49+00:00","og_image":[{"width":751,"height":450,"url":"https:\/\/uvbbrasil.com.br\/wp-content\/uploads\/2018\/02\/porto-alegre-sustentabilidade.jpg","type":"image\/jpeg"}],"author":"adminuvb","twitter_card":"summary_large_image","twitter_misc":{"Escrito por":"adminuvb","Est. tempo de leitura":"2 minutos"},"schema":{"@context":"https:\/\/schema.org","@graph":[{"@type":"Article","@id":"https:\/\/uvbbrasil.com.br\/camara-implantara-plano-de-gerenciamento-ambiental-e-sustentavel\/#article","isPartOf":{"@id":"https:\/\/uvbbrasil.com.br\/camara-implantara-plano-de-gerenciamento-ambiental-e-sustentavel\/"},"author":{"name":"adminuvb","@id":"https:\/\/uvbbrasil.com.br\/#\/schema\/person\/17990098446c098f52effddff4f1b272"},"headline":"C\u00e2mara implantar\u00e1 Plano de Gerenciamento Ambiental e Sustent\u00e1vel","datePublished":"2018-02-19T16:01:49+00:00","mainEntityOfPage":{"@id":"https:\/\/uvbbrasil.com.br\/camara-implantara-plano-de-gerenciamento-ambiental-e-sustentavel\/"},"wordCount":453,"commentCount":0,"publisher":{"@id":"https:\/\/uvbbrasil.com.br\/#organization"},"image":{"@id":"https:\/\/uvbbrasil.com.br\/camara-implantara-plano-de-gerenciamento-ambiental-e-sustentavel\/#primaryimage"},"thumbnailUrl":"https:\/\/uvbbrasil.com.br\/wp-content\/uploads\/2018\/02\/porto-alegre-sustentabilidade.jpg","articleSection":["NOT\u00cdCIAS"],"inLanguage":"pt-BR","potentialAction":[{"@type":"CommentAction","name":"Comment","target":["https:\/\/uvbbrasil.com.br\/camara-implantara-plano-de-gerenciamento-ambiental-e-sustentavel\/#respond"]}]},{"@type":"WebPage","@id":"https:\/\/uvbbrasil.com.br\/camara-implantara-plano-de-gerenciamento-ambiental-e-sustentavel\/","url":"https:\/\/uvbbrasil.com.br\/camara-implantara-plano-de-gerenciamento-ambiental-e-sustentavel\/","name":"C\u00e2mara implantar\u00e1 Plano de Gerenciamento Ambiental e Sustent\u00e1vel - UVB Brasil","isPartOf":{"@id":"https:\/\/uvbbrasil.com.br\/#website"},"primaryImageOfPage":{"@id":"https:\/\/uvbbrasil.com.br\/camara-implantara-plano-de-gerenciamento-ambiental-e-sustentavel\/#primaryimage"},"image":{"@id":"https:\/\/uvbbrasil.com.br\/camara-implantara-plano-de-gerenciamento-ambiental-e-sustentavel\/#primaryimage"},"thumbnailUrl":"https:\/\/uvbbrasil.com.br\/wp-content\/uploads\/2018\/02\/porto-alegre-sustentabilidade.jpg","datePublished":"2018-02-19T16:01:49+00:00","breadcrumb":{"@id":"https:\/\/uvbbrasil.com.br\/camara-implantara-plano-de-gerenciamento-ambiental-e-sustentavel\/#breadcrumb"},"inLanguage":"pt-BR","potentialAction":[{"@type":"ReadAction","target":["https:\/\/uvbbrasil.com.br\/camara-implantara-plano-de-gerenciamento-ambiental-e-sustentavel\/"]}]},{"@type":"ImageObject","inLanguage":"pt-BR","@id":"https:\/\/uvbbrasil.com.br\/camara-implantara-plano-de-gerenciamento-ambiental-e-sustentavel\/#primaryimage","url":"https:\/\/uvbbrasil.com.br\/wp-content\/uploads\/2018\/02\/porto-alegre-sustentabilidade.jpg","contentUrl":"https:\/\/uvbbrasil.com.br\/wp-content\/uploads\/2018\/02\/porto-alegre-sustentabilidade.jpg","width":751,"height":450},{"@type":"BreadcrumbList","@id":"https:\/\/uvbbrasil.com.br\/camara-implantara-plano-de-gerenciamento-ambiental-e-sustentavel\/#breadcrumb","itemListElement":[{"@type":"ListItem","position":1,"name":"In\u00edcio","item":"https:\/\/uvbbrasil.com.br\/"},{"@type":"ListItem","position":2,"name":"C\u00e2mara implantar\u00e1 Plano de Gerenciamento Ambiental e Sustent\u00e1vel"}]},{"@type":"WebSite","@id":"https:\/\/uvbbrasil.com.br\/#website","url":"https:\/\/uvbbrasil.com.br\/","name":"UVB Brasil","description":"Uni\u00e3o dos Vereadores do Brasil","publisher":{"@id":"https:\/\/uvbbrasil.com.br\/#organization"},"potentialAction":[{"@type":"SearchAction","target":{"@type":"EntryPoint","urlTemplate":"https:\/\/uvbbrasil.com.br\/?s={search_term_string}"},"query-input":{"@type":"PropertyValueSpecification","valueRequired":true,"valueName":"search_term_string"}}],"inLanguage":"pt-BR"},{"@type":"Organization","@id":"https:\/\/uvbbrasil.com.br\/#organization","name":"UVB Brasil","url":"https:\/\/uvbbrasil.com.br\/","logo":{"@type":"ImageObject","inLanguage":"pt-BR","@id":"https:\/\/uvbbrasil.com.br\/#\/schema\/logo\/image\/","url":"https:\/\/uvbbrasil.com.br\/wp-content\/uploads\/2025\/01\/LOGO-UVB-2024-azul-1.jpg","contentUrl":"https:\/\/uvbbrasil.com.br\/wp-content\/uploads\/2025\/01\/LOGO-UVB-2024-azul-1.jpg","width":600,"height":211,"caption":"UVB Brasil"},"image":{"@id":"https:\/\/uvbbrasil.com.br\/#\/schema\/logo\/image\/"},"sameAs":["https:\/\/www.facebook.com\/uvb.vereadoresbrasil","https:\/\/www.instagram.com\/uvbbrasil\/","https:\/\/www.youtube.com\/channel\/UCIlPQ8Xzw5GHNzosQIg9S5A"]},{"@type":"Person","@id":"https:\/\/uvbbrasil.com.br\/#\/schema\/person\/17990098446c098f52effddff4f1b272","name":"adminuvb","image":{"@type":"ImageObject","inLanguage":"pt-BR","@id":"https:\/\/uvbbrasil.com.br\/#\/schema\/person\/image\/","url":"https:\/\/secure.gravatar.com\/avatar\/1a494ea6f8e2dd1ae526e55b0e9497efdba542491e0620d704cccf63c6f77c45?s=96&d=mm&r=g","contentUrl":"https:\/\/secure.gravatar.com\/avatar\/1a494ea6f8e2dd1ae526e55b0e9497efdba542491e0620d704cccf63c6f77c45?s=96&d=mm&r=g","caption":"adminuvb"},"sameAs":["https:\/\/uvbbrasil.com.br"],"url":"https:\/\/uvbbrasil.com.br\/author\/adminuvb\/"}]}},"_links":{"self":[{"href":"https:\/\/uvbbrasil.com.br\/uvb-json\/wp\/v2\/posts\/9924","targetHints":{"allow":["GET"]}}],"collection":[{"href":"https:\/\/uvbbrasil.com.br\/uvb-json\/wp\/v2\/posts"}],"about":[{"href":"https:\/\/uvbbrasil.com.br\/uvb-json\/wp\/v2\/types\/post"}],"author":[{"embeddable":true,"href":"https:\/\/uvbbrasil.com.br\/uvb-json\/wp\/v2\/users\/1"}],"replies":[{"embeddable":true,"href":"https:\/\/uvbbrasil.com.br\/uvb-json\/wp\/v2\/comments?post=9924"}],"version-history":[{"count":0,"href":"https:\/\/uvbbrasil.com.br\/uvb-json\/wp\/v2\/posts\/9924\/revisions"}],"wp:featuredmedia":[{"embeddable":true,"href":"https:\/\/uvbbrasil.com.br\/uvb-json\/wp\/v2\/media\/9925"}],"wp:attachment":[{"href":"https:\/\/uvbbrasil.com.br\/uvb-json\/wp\/v2\/media?parent=9924"}],"wp:term":[{"taxonomy":"category","embeddable":true,"href":"https:\/\/uvbbrasil.com.br\/uvb-json\/wp\/v2\/categories?post=9924"},{"taxonomy":"post_tag","embeddable":true,"href":"https:\/\/uvbbrasil.com.br\/uvb-json\/wp\/v2\/tags?post=9924"}],"curies":[{"name":"wp","href":"https:\/\/api.w.org\/{rel}","templated":true}]}}