{"id":921,"date":"2015-07-14T14:22:05","date_gmt":"2015-07-14T14:22:05","guid":{"rendered":"https:\/\/wpsandbox4.pante.com.br\/?p=921"},"modified":"2015-07-14T14:22:05","modified_gmt":"2015-07-14T14:22:05","slug":"plenario-retoma-hoje-a-votacao-da-minirreforma-eleitoral","status":"publish","type":"post","link":"https:\/\/uvbbrasil.com.br\/plenario-retoma-hoje-a-votacao-da-minirreforma-eleitoral\/","title":{"rendered":"Plen\u00e1rio retoma hoje a vota\u00e7\u00e3o da minirreforma eleitoral"},"content":{"rendered":"<p>O Plen\u00e1rio da C\u00e2mara dos Deputados retoma hoje a vota\u00e7\u00e3o do projeto de lei da minirreforma eleitoral (PLs 2259\/15 e 5735\/13). Tamb\u00e9m poder\u00e1 ser analisada, em segundo turno, a PEC da reforma pol\u00edtica (182\/07).<\/p>\n<p>A minirreforma eleitoral est\u00e1 na pauta da sess\u00e3o marcada para as 9 horas, que ser\u00e1 suspensa \u00e0s 10h para in\u00edcio de sess\u00e3o solene em homenagem ao 21\u00ba anivers\u00e1rio do lan\u00e7amento da Moeda Real. Uma nova sess\u00e3o ser\u00e1 aberta \u00e0s 14 horas.<\/p>\n<p>A proposta trata, entre outros pontos, de limites das doa\u00e7\u00f5es para campanhas, dos gastos de campanha, da presta\u00e7\u00e3o de contas e da quantidade de candidatos.<\/p>\n<p>Para concluir a vota\u00e7\u00e3o do projeto, os deputados precisam votar destaques e emendas. Na \u00faltima quinta-feira (9), foi aprovado o texto-base, na forma do substitutivo do deputado Rodrigo Maia (DEM-RJ).<\/p>\n<p>O texto prev\u00ea, por exemplo, limites para doa\u00e7\u00f5es de empresas privadas a partidos. Al\u00e9m do limite na lei atual de as empresas doarem at\u00e9 2% do faturamento bruto do ano anterior \u00e0 elei\u00e7\u00e3o, as doa\u00e7\u00f5es totais ser\u00e3o de at\u00e9 R$ 20 milh\u00f5es, e as doa\u00e7\u00f5es feitas a um mesmo partido n\u00e3o poder\u00e3o ultrapassar 0,5% desse faturamento.<\/p>\n<p>A possibilidade de doa\u00e7\u00f5es de empresas a partidos tamb\u00e9m consta da PEC da reforma pol\u00edtica.<\/p>\n<p>Vota\u00e7\u00e3o em 2\u00ba turno<br \/>\nUma terceira sess\u00e3o, marcada para as 19 horas, prev\u00ea a vota\u00e7\u00e3o em segundo turno da PEC da reforma pol\u00edtica. Os deputados votar\u00e3o destaques que pedem a retirada de trechos do texto aprovado em primeiro turno. Um dos destaques que devem ser apresentados tenta excluir a possibilidade de empresas financiarem campanhas eleitoras por meio de doa\u00e7\u00f5es a partidos.<\/p>\n<p>Outro ponto que pode ser questionado \u00e9 o mandato de cinco anos para todos os cargos eletivos. Atualmente, os mandatos de senadores s\u00e3o de oito anos e os demais de quatro anos.<\/p>\n<p>Para manter o texto aprovado em primeiro turno, s\u00e3o necess\u00e1rios 308 votos.<\/p>\n<p>Maioridade penal<br \/>\nA PEC da maioridade penal (171\/93) tamb\u00e9m est\u00e1 na pauta da sess\u00e3o noturna, mas o presidente da C\u00e2mara, Eduardo Cunha, j\u00e1 adiantou que dificilmente haver\u00e1 tempo para vot\u00e1-la antes do recesso parlamentar.<\/p>\n<p>A proposta precisa ser votada em segundo turno. H\u00e1 destaques propondo a retirada de trechos do texto. A proposta permite o julgamento de adolescentes infratores entre 16 e 18 anos por crimes hediondos, homic\u00eddio doloso ou les\u00e3o corporal seguida de morte.<\/p>\n<p>Fonte: C\u00e2mara dos Deputados<\/p>\n","protected":false},"excerpt":{"rendered":"<p>O Plen\u00e1rio da C\u00e2mara dos Deputados retoma hoje a vota\u00e7\u00e3o do projeto de lei da minirreforma eleitoral (PLs 2259\/15 e&#8230;<\/p>\n","protected":false},"author":1,"featured_media":922,"comment_status":"open","ping_status":"open","sticky":false,"template":"","format":"standard","meta":{"footnotes":""},"categories":[3],"tags":[],"class_list":["post-921","post","type-post","status-publish","format-standard","has-post-thumbnail","hentry","category-noticias"],"yoast_head":"<!-- This site is optimized with the Yoast SEO plugin v27.5 - https:\/\/yoast.com\/product\/yoast-seo-wordpress\/ -->\n<title>Plen\u00e1rio retoma hoje a vota\u00e7\u00e3o da minirreforma eleitoral - UVB Brasil<\/title>\n<meta name=\"robots\" content=\"index, follow, max-snippet:-1, max-image-preview:large, max-video-preview:-1\" \/>\n<link rel=\"canonical\" href=\"https:\/\/uvbbrasil.com.br\/plenario-retoma-hoje-a-votacao-da-minirreforma-eleitoral\/\" \/>\n<meta property=\"og:locale\" content=\"pt_BR\" \/>\n<meta property=\"og:type\" content=\"article\" \/>\n<meta property=\"og:title\" content=\"Plen\u00e1rio retoma hoje a vota\u00e7\u00e3o da minirreforma eleitoral - UVB Brasil\" \/>\n<meta property=\"og:description\" content=\"O Plen\u00e1rio da C\u00e2mara dos Deputados retoma hoje a vota\u00e7\u00e3o do projeto de lei da minirreforma eleitoral (PLs 2259\/15 e...\" \/>\n<meta property=\"og:url\" content=\"https:\/\/uvbbrasil.com.br\/plenario-retoma-hoje-a-votacao-da-minirreforma-eleitoral\/\" \/>\n<meta property=\"og:site_name\" content=\"UVB Brasil\" \/>\n<meta property=\"article:publisher\" content=\"https:\/\/www.facebook.com\/uvb.vereadoresbrasil\" \/>\n<meta property=\"article:published_time\" content=\"2015-07-14T14:22:05+00:00\" \/>\n<meta property=\"og:image\" content=\"https:\/\/uvbbrasil.com.br\/wp-content\/uploads\/2015\/07\/Mini.jpg\" \/>\n\t<meta property=\"og:image:width\" content=\"639\" \/>\n\t<meta property=\"og:image:height\" content=\"240\" \/>\n\t<meta property=\"og:image:type\" content=\"image\/jpeg\" \/>\n<meta name=\"author\" content=\"adminuvb\" \/>\n<meta name=\"twitter:card\" content=\"summary_large_image\" \/>\n<meta name=\"twitter:label1\" content=\"Escrito por\" \/>\n\t<meta name=\"twitter:data1\" content=\"adminuvb\" \/>\n\t<meta name=\"twitter:label2\" content=\"Est. tempo de leitura\" \/>\n\t<meta name=\"twitter:data2\" content=\"2 minutos\" \/>\n<script type=\"application\/ld+json\" class=\"yoast-schema-graph\">{\"@context\":\"https:\\\/\\\/schema.org\",\"@graph\":[{\"@type\":\"Article\",\"@id\":\"https:\\\/\\\/uvbbrasil.com.br\\\/plenario-retoma-hoje-a-votacao-da-minirreforma-eleitoral\\\/#article\",\"isPartOf\":{\"@id\":\"https:\\\/\\\/uvbbrasil.com.br\\\/plenario-retoma-hoje-a-votacao-da-minirreforma-eleitoral\\\/\"},\"author\":{\"name\":\"adminuvb\",\"@id\":\"https:\\\/\\\/uvbbrasil.com.br\\\/#\\\/schema\\\/person\\\/17990098446c098f52effddff4f1b272\"},\"headline\":\"Plen\u00e1rio retoma hoje a vota\u00e7\u00e3o da minirreforma eleitoral\",\"datePublished\":\"2015-07-14T14:22:05+00:00\",\"mainEntityOfPage\":{\"@id\":\"https:\\\/\\\/uvbbrasil.com.br\\\/plenario-retoma-hoje-a-votacao-da-minirreforma-eleitoral\\\/\"},\"wordCount\":419,\"commentCount\":0,\"publisher\":{\"@id\":\"https:\\\/\\\/uvbbrasil.com.br\\\/#organization\"},\"image\":{\"@id\":\"https:\\\/\\\/uvbbrasil.com.br\\\/plenario-retoma-hoje-a-votacao-da-minirreforma-eleitoral\\\/#primaryimage\"},\"thumbnailUrl\":\"https:\\\/\\\/uvbbrasil.com.br\\\/wp-content\\\/uploads\\\/2015\\\/07\\\/Mini.jpg\",\"articleSection\":[\"NOT\u00cdCIAS\"],\"inLanguage\":\"pt-BR\",\"potentialAction\":[{\"@type\":\"CommentAction\",\"name\":\"Comment\",\"target\":[\"https:\\\/\\\/uvbbrasil.com.br\\\/plenario-retoma-hoje-a-votacao-da-minirreforma-eleitoral\\\/#respond\"]}]},{\"@type\":\"WebPage\",\"@id\":\"https:\\\/\\\/uvbbrasil.com.br\\\/plenario-retoma-hoje-a-votacao-da-minirreforma-eleitoral\\\/\",\"url\":\"https:\\\/\\\/uvbbrasil.com.br\\\/plenario-retoma-hoje-a-votacao-da-minirreforma-eleitoral\\\/\",\"name\":\"Plen\u00e1rio retoma hoje a vota\u00e7\u00e3o da minirreforma eleitoral - UVB Brasil\",\"isPartOf\":{\"@id\":\"https:\\\/\\\/uvbbrasil.com.br\\\/#website\"},\"primaryImageOfPage\":{\"@id\":\"https:\\\/\\\/uvbbrasil.com.br\\\/plenario-retoma-hoje-a-votacao-da-minirreforma-eleitoral\\\/#primaryimage\"},\"image\":{\"@id\":\"https:\\\/\\\/uvbbrasil.com.br\\\/plenario-retoma-hoje-a-votacao-da-minirreforma-eleitoral\\\/#primaryimage\"},\"thumbnailUrl\":\"https:\\\/\\\/uvbbrasil.com.br\\\/wp-content\\\/uploads\\\/2015\\\/07\\\/Mini.jpg\",\"datePublished\":\"2015-07-14T14:22:05+00:00\",\"breadcrumb\":{\"@id\":\"https:\\\/\\\/uvbbrasil.com.br\\\/plenario-retoma-hoje-a-votacao-da-minirreforma-eleitoral\\\/#breadcrumb\"},\"inLanguage\":\"pt-BR\",\"potentialAction\":[{\"@type\":\"ReadAction\",\"target\":[\"https:\\\/\\\/uvbbrasil.com.br\\\/plenario-retoma-hoje-a-votacao-da-minirreforma-eleitoral\\\/\"]}]},{\"@type\":\"ImageObject\",\"inLanguage\":\"pt-BR\",\"@id\":\"https:\\\/\\\/uvbbrasil.com.br\\\/plenario-retoma-hoje-a-votacao-da-minirreforma-eleitoral\\\/#primaryimage\",\"url\":\"https:\\\/\\\/uvbbrasil.com.br\\\/wp-content\\\/uploads\\\/2015\\\/07\\\/Mini.jpg\",\"contentUrl\":\"https:\\\/\\\/uvbbrasil.com.br\\\/wp-content\\\/uploads\\\/2015\\\/07\\\/Mini.jpg\",\"width\":639,\"height\":240},{\"@type\":\"BreadcrumbList\",\"@id\":\"https:\\\/\\\/uvbbrasil.com.br\\\/plenario-retoma-hoje-a-votacao-da-minirreforma-eleitoral\\\/#breadcrumb\",\"itemListElement\":[{\"@type\":\"ListItem\",\"position\":1,\"name\":\"In\u00edcio\",\"item\":\"https:\\\/\\\/uvbbrasil.com.br\\\/\"},{\"@type\":\"ListItem\",\"position\":2,\"name\":\"Plen\u00e1rio retoma hoje a vota\u00e7\u00e3o da minirreforma eleitoral\"}]},{\"@type\":\"WebSite\",\"@id\":\"https:\\\/\\\/uvbbrasil.com.br\\\/#website\",\"url\":\"https:\\\/\\\/uvbbrasil.com.br\\\/\",\"name\":\"UVB Brasil\",\"description\":\"Uni\u00e3o dos Vereadores do Brasil\",\"publisher\":{\"@id\":\"https:\\\/\\\/uvbbrasil.com.br\\\/#organization\"},\"potentialAction\":[{\"@type\":\"SearchAction\",\"target\":{\"@type\":\"EntryPoint\",\"urlTemplate\":\"https:\\\/\\\/uvbbrasil.com.br\\\/?s={search_term_string}\"},\"query-input\":{\"@type\":\"PropertyValueSpecification\",\"valueRequired\":true,\"valueName\":\"search_term_string\"}}],\"inLanguage\":\"pt-BR\"},{\"@type\":\"Organization\",\"@id\":\"https:\\\/\\\/uvbbrasil.com.br\\\/#organization\",\"name\":\"UVB Brasil\",\"url\":\"https:\\\/\\\/uvbbrasil.com.br\\\/\",\"logo\":{\"@type\":\"ImageObject\",\"inLanguage\":\"pt-BR\",\"@id\":\"https:\\\/\\\/uvbbrasil.com.br\\\/#\\\/schema\\\/logo\\\/image\\\/\",\"url\":\"https:\\\/\\\/uvbbrasil.com.br\\\/wp-content\\\/uploads\\\/2025\\\/01\\\/LOGO-UVB-2024-azul-1.jpg\",\"contentUrl\":\"https:\\\/\\\/uvbbrasil.com.br\\\/wp-content\\\/uploads\\\/2025\\\/01\\\/LOGO-UVB-2024-azul-1.jpg\",\"width\":600,\"height\":211,\"caption\":\"UVB Brasil\"},\"image\":{\"@id\":\"https:\\\/\\\/uvbbrasil.com.br\\\/#\\\/schema\\\/logo\\\/image\\\/\"},\"sameAs\":[\"https:\\\/\\\/www.facebook.com\\\/uvb.vereadoresbrasil\",\"https:\\\/\\\/www.instagram.com\\\/uvbbrasil\\\/\",\"https:\\\/\\\/www.youtube.com\\\/channel\\\/UCIlPQ8Xzw5GHNzosQIg9S5A\"]},{\"@type\":\"Person\",\"@id\":\"https:\\\/\\\/uvbbrasil.com.br\\\/#\\\/schema\\\/person\\\/17990098446c098f52effddff4f1b272\",\"name\":\"adminuvb\",\"image\":{\"@type\":\"ImageObject\",\"inLanguage\":\"pt-BR\",\"@id\":\"https:\\\/\\\/secure.gravatar.com\\\/avatar\\\/1a494ea6f8e2dd1ae526e55b0e9497efdba542491e0620d704cccf63c6f77c45?s=96&d=mm&r=g\",\"url\":\"https:\\\/\\\/secure.gravatar.com\\\/avatar\\\/1a494ea6f8e2dd1ae526e55b0e9497efdba542491e0620d704cccf63c6f77c45?s=96&d=mm&r=g\",\"contentUrl\":\"https:\\\/\\\/secure.gravatar.com\\\/avatar\\\/1a494ea6f8e2dd1ae526e55b0e9497efdba542491e0620d704cccf63c6f77c45?s=96&d=mm&r=g\",\"caption\":\"adminuvb\"},\"sameAs\":[\"https:\\\/\\\/uvbbrasil.com.br\"],\"url\":\"https:\\\/\\\/uvbbrasil.com.br\\\/author\\\/adminuvb\\\/\"}]}<\/script>\n<!-- \/ Yoast SEO plugin. -->","yoast_head_json":{"title":"Plen\u00e1rio retoma hoje a vota\u00e7\u00e3o da minirreforma eleitoral - UVB Brasil","robots":{"index":"index","follow":"follow","max-snippet":"max-snippet:-1","max-image-preview":"max-image-preview:large","max-video-preview":"max-video-preview:-1"},"canonical":"https:\/\/uvbbrasil.com.br\/plenario-retoma-hoje-a-votacao-da-minirreforma-eleitoral\/","og_locale":"pt_BR","og_type":"article","og_title":"Plen\u00e1rio retoma hoje a vota\u00e7\u00e3o da minirreforma eleitoral - UVB Brasil","og_description":"O Plen\u00e1rio da C\u00e2mara dos Deputados retoma hoje a vota\u00e7\u00e3o do projeto de lei da minirreforma eleitoral (PLs 2259\/15 e...","og_url":"https:\/\/uvbbrasil.com.br\/plenario-retoma-hoje-a-votacao-da-minirreforma-eleitoral\/","og_site_name":"UVB Brasil","article_publisher":"https:\/\/www.facebook.com\/uvb.vereadoresbrasil","article_published_time":"2015-07-14T14:22:05+00:00","og_image":[{"width":639,"height":240,"url":"https:\/\/uvbbrasil.com.br\/wp-content\/uploads\/2015\/07\/Mini.jpg","type":"image\/jpeg"}],"author":"adminuvb","twitter_card":"summary_large_image","twitter_misc":{"Escrito por":"adminuvb","Est. tempo de leitura":"2 minutos"},"schema":{"@context":"https:\/\/schema.org","@graph":[{"@type":"Article","@id":"https:\/\/uvbbrasil.com.br\/plenario-retoma-hoje-a-votacao-da-minirreforma-eleitoral\/#article","isPartOf":{"@id":"https:\/\/uvbbrasil.com.br\/plenario-retoma-hoje-a-votacao-da-minirreforma-eleitoral\/"},"author":{"name":"adminuvb","@id":"https:\/\/uvbbrasil.com.br\/#\/schema\/person\/17990098446c098f52effddff4f1b272"},"headline":"Plen\u00e1rio retoma hoje a vota\u00e7\u00e3o da minirreforma eleitoral","datePublished":"2015-07-14T14:22:05+00:00","mainEntityOfPage":{"@id":"https:\/\/uvbbrasil.com.br\/plenario-retoma-hoje-a-votacao-da-minirreforma-eleitoral\/"},"wordCount":419,"commentCount":0,"publisher":{"@id":"https:\/\/uvbbrasil.com.br\/#organization"},"image":{"@id":"https:\/\/uvbbrasil.com.br\/plenario-retoma-hoje-a-votacao-da-minirreforma-eleitoral\/#primaryimage"},"thumbnailUrl":"https:\/\/uvbbrasil.com.br\/wp-content\/uploads\/2015\/07\/Mini.jpg","articleSection":["NOT\u00cdCIAS"],"inLanguage":"pt-BR","potentialAction":[{"@type":"CommentAction","name":"Comment","target":["https:\/\/uvbbrasil.com.br\/plenario-retoma-hoje-a-votacao-da-minirreforma-eleitoral\/#respond"]}]},{"@type":"WebPage","@id":"https:\/\/uvbbrasil.com.br\/plenario-retoma-hoje-a-votacao-da-minirreforma-eleitoral\/","url":"https:\/\/uvbbrasil.com.br\/plenario-retoma-hoje-a-votacao-da-minirreforma-eleitoral\/","name":"Plen\u00e1rio retoma hoje a vota\u00e7\u00e3o da minirreforma eleitoral - UVB Brasil","isPartOf":{"@id":"https:\/\/uvbbrasil.com.br\/#website"},"primaryImageOfPage":{"@id":"https:\/\/uvbbrasil.com.br\/plenario-retoma-hoje-a-votacao-da-minirreforma-eleitoral\/#primaryimage"},"image":{"@id":"https:\/\/uvbbrasil.com.br\/plenario-retoma-hoje-a-votacao-da-minirreforma-eleitoral\/#primaryimage"},"thumbnailUrl":"https:\/\/uvbbrasil.com.br\/wp-content\/uploads\/2015\/07\/Mini.jpg","datePublished":"2015-07-14T14:22:05+00:00","breadcrumb":{"@id":"https:\/\/uvbbrasil.com.br\/plenario-retoma-hoje-a-votacao-da-minirreforma-eleitoral\/#breadcrumb"},"inLanguage":"pt-BR","potentialAction":[{"@type":"ReadAction","target":["https:\/\/uvbbrasil.com.br\/plenario-retoma-hoje-a-votacao-da-minirreforma-eleitoral\/"]}]},{"@type":"ImageObject","inLanguage":"pt-BR","@id":"https:\/\/uvbbrasil.com.br\/plenario-retoma-hoje-a-votacao-da-minirreforma-eleitoral\/#primaryimage","url":"https:\/\/uvbbrasil.com.br\/wp-content\/uploads\/2015\/07\/Mini.jpg","contentUrl":"https:\/\/uvbbrasil.com.br\/wp-content\/uploads\/2015\/07\/Mini.jpg","width":639,"height":240},{"@type":"BreadcrumbList","@id":"https:\/\/uvbbrasil.com.br\/plenario-retoma-hoje-a-votacao-da-minirreforma-eleitoral\/#breadcrumb","itemListElement":[{"@type":"ListItem","position":1,"name":"In\u00edcio","item":"https:\/\/uvbbrasil.com.br\/"},{"@type":"ListItem","position":2,"name":"Plen\u00e1rio retoma hoje a vota\u00e7\u00e3o da minirreforma eleitoral"}]},{"@type":"WebSite","@id":"https:\/\/uvbbrasil.com.br\/#website","url":"https:\/\/uvbbrasil.com.br\/","name":"UVB Brasil","description":"Uni\u00e3o dos Vereadores do Brasil","publisher":{"@id":"https:\/\/uvbbrasil.com.br\/#organization"},"potentialAction":[{"@type":"SearchAction","target":{"@type":"EntryPoint","urlTemplate":"https:\/\/uvbbrasil.com.br\/?s={search_term_string}"},"query-input":{"@type":"PropertyValueSpecification","valueRequired":true,"valueName":"search_term_string"}}],"inLanguage":"pt-BR"},{"@type":"Organization","@id":"https:\/\/uvbbrasil.com.br\/#organization","name":"UVB Brasil","url":"https:\/\/uvbbrasil.com.br\/","logo":{"@type":"ImageObject","inLanguage":"pt-BR","@id":"https:\/\/uvbbrasil.com.br\/#\/schema\/logo\/image\/","url":"https:\/\/uvbbrasil.com.br\/wp-content\/uploads\/2025\/01\/LOGO-UVB-2024-azul-1.jpg","contentUrl":"https:\/\/uvbbrasil.com.br\/wp-content\/uploads\/2025\/01\/LOGO-UVB-2024-azul-1.jpg","width":600,"height":211,"caption":"UVB Brasil"},"image":{"@id":"https:\/\/uvbbrasil.com.br\/#\/schema\/logo\/image\/"},"sameAs":["https:\/\/www.facebook.com\/uvb.vereadoresbrasil","https:\/\/www.instagram.com\/uvbbrasil\/","https:\/\/www.youtube.com\/channel\/UCIlPQ8Xzw5GHNzosQIg9S5A"]},{"@type":"Person","@id":"https:\/\/uvbbrasil.com.br\/#\/schema\/person\/17990098446c098f52effddff4f1b272","name":"adminuvb","image":{"@type":"ImageObject","inLanguage":"pt-BR","@id":"https:\/\/secure.gravatar.com\/avatar\/1a494ea6f8e2dd1ae526e55b0e9497efdba542491e0620d704cccf63c6f77c45?s=96&d=mm&r=g","url":"https:\/\/secure.gravatar.com\/avatar\/1a494ea6f8e2dd1ae526e55b0e9497efdba542491e0620d704cccf63c6f77c45?s=96&d=mm&r=g","contentUrl":"https:\/\/secure.gravatar.com\/avatar\/1a494ea6f8e2dd1ae526e55b0e9497efdba542491e0620d704cccf63c6f77c45?s=96&d=mm&r=g","caption":"adminuvb"},"sameAs":["https:\/\/uvbbrasil.com.br"],"url":"https:\/\/uvbbrasil.com.br\/author\/adminuvb\/"}]}},"_links":{"self":[{"href":"https:\/\/uvbbrasil.com.br\/uvb-json\/wp\/v2\/posts\/921","targetHints":{"allow":["GET"]}}],"collection":[{"href":"https:\/\/uvbbrasil.com.br\/uvb-json\/wp\/v2\/posts"}],"about":[{"href":"https:\/\/uvbbrasil.com.br\/uvb-json\/wp\/v2\/types\/post"}],"author":[{"embeddable":true,"href":"https:\/\/uvbbrasil.com.br\/uvb-json\/wp\/v2\/users\/1"}],"replies":[{"embeddable":true,"href":"https:\/\/uvbbrasil.com.br\/uvb-json\/wp\/v2\/comments?post=921"}],"version-history":[{"count":0,"href":"https:\/\/uvbbrasil.com.br\/uvb-json\/wp\/v2\/posts\/921\/revisions"}],"wp:featuredmedia":[{"embeddable":true,"href":"https:\/\/uvbbrasil.com.br\/uvb-json\/wp\/v2\/media\/922"}],"wp:attachment":[{"href":"https:\/\/uvbbrasil.com.br\/uvb-json\/wp\/v2\/media?parent=921"}],"wp:term":[{"taxonomy":"category","embeddable":true,"href":"https:\/\/uvbbrasil.com.br\/uvb-json\/wp\/v2\/categories?post=921"},{"taxonomy":"post_tag","embeddable":true,"href":"https:\/\/uvbbrasil.com.br\/uvb-json\/wp\/v2\/tags?post=921"}],"curies":[{"name":"wp","href":"https:\/\/api.w.org\/{rel}","templated":true}]}}