{"id":914,"date":"2015-07-13T18:50:01","date_gmt":"2015-07-13T18:50:01","guid":{"rendered":"https:\/\/wpsandbox4.pante.com.br\/?p=914"},"modified":"2015-07-13T18:50:01","modified_gmt":"2015-07-13T18:50:01","slug":"educacao-basica-recebeu-66-do-orcamento-previsto-nos-ultimos-3-anos","status":"publish","type":"post","link":"https:\/\/uvbbrasil.com.br\/educacao-basica-recebeu-66-do-orcamento-previsto-nos-ultimos-3-anos\/","title":{"rendered":"Educa\u00e7\u00e3o B\u00e1sica recebeu 66% do or\u00e7amento previsto nos \u00faltimos 3 anos"},"content":{"rendered":"<p>Relat\u00f3rio do movimento Todos Pela Educa\u00e7\u00e3o (TPE), divulgado na \u00faltima quinta-feira (2) aponta que o Brasil ainda precisa incluir cerca de 2,8 milh\u00f5es de crian\u00e7as e adolescentes na educa\u00e7\u00e3o b\u00e1sica. Nos \u00faltimos tr\u00eas anos, a \u00e1rea teve or\u00e7amento autorizado de R$ 27,8 bilh\u00f5es, dos quais R$ 18,3 bilh\u00f5es foram utilizados.<\/p>\n<p>O levantamento feito pela organiza\u00e7\u00e3o Contas Abertas considerou a subfun\u00e7\u00e3o \u201cEduca\u00e7\u00e3o B\u00e1sica\u201d. Os dados s\u00e3o correntes e condizem com o per\u00edodo de 2012 a 2014. Em 2015, R$ 9,4 bilh\u00f5es est\u00e3o previstos para a iniciativa, mas at\u00e9 o momento R$ 29,6% (R$ 2,8 bilh\u00f5es) foram desembolsados. <\/p>\n<p>O maior or\u00e7amento do per\u00edodo foi autorizado em 2013, quando R$ 9,7 bilh\u00f5es estavam previstos para a subfun\u00e7\u00e3o. Por\u00e9m, somente R$ 5,7 milh\u00f5es foram efetivamente desembolsados, isto \u00e9, 59,5% do total. A m\u00e9dia \u00e9 parecida com a de 2012, quando 52,7% dos R$ 9 bilh\u00f5es previstos para o per\u00edodo foram utilizados R$ 4,8 bilh\u00f5es. <\/p>\n<p>J\u00e1 em 2014, a execu\u00e7\u00e3o foi significativamente maior. Cerca de R$ 9,1 bilh\u00f5es foram autorizados para Educa\u00e7\u00e3o B\u00e1sica no exerc\u00edcio. Do total, 86,3%, ou R$ 7,8 bilh\u00f5es, foram efetivamente utilizados. Os valores autorizados para subfun\u00e7\u00e3o incluem basicamente dois programas: o de gest\u00e3o e manuten\u00e7\u00e3o e o tem\u00e1tico \u201cEduca\u00e7\u00e3o B\u00e1sica\u201d. A a\u00e7\u00e3o envolve, por exemplo, o apoio ao transporte escolar, infraestrutura, produ\u00e7\u00e3o, aquisi\u00e7\u00e3o e distribui\u00e7\u00e3o de livros e materiais did\u00e1ticos, e desenvolvimento da educa\u00e7\u00e3o b\u00e1sica em comunidades. <\/p>\n<p>A inclus\u00e3o de crian\u00e7as e adolescentes na Educa\u00e7\u00e3o B\u00e1sica \u00e9 parte da meta 1 do movimento: at\u00e9 2022, 98% ou mais das crian\u00e7as e jovens de 4 a 17 anos dever\u00e3o estar matriculados e frequentando a escola, ou ter conclu\u00eddo o ensino m\u00e9dio. O Todos Pela Educa\u00e7\u00e3o aponta que 2.863.850 crian\u00e7as e adolescentes entre 4 e 17 anos est\u00e3o fora da Educa\u00e7\u00e3o B\u00e1sica (680 mil crian\u00e7as de 4 e 5 anos e 1,6 milh\u00e3o de jovens de 15 a 17 anos). <\/p>\n<p>Desde novembro de 2009, uma emenda constitucional amplia a matr\u00edcula obrigat\u00f3ria para crian\u00e7as de 4 e 5 anos e jovens de 15 a 17 anos, estabelecendo 2016 como prazo. Em 2013, o Brasil registrou 93,6% da popula\u00e7\u00e3o de 4 a 17 anos matriculada na  Educa\u00e7\u00e3o B\u00e1sica, abaixo da meta intermedi\u00e1ria proposta pelo TPE para o ano, que era 95,4%. O movimento aponta que h\u00e1 diferen\u00e7as regionais e de aspectos socioecon\u00f4micos. \u201cEntre os 25% da popula\u00e7\u00e3o com maior renda, 95,8% das crian\u00e7as de 4 e 5 anos frequentam a escola, enquanto a taxa de atendimento dessa faixa et\u00e1ria entre os 25% com menor renda \u00e9 de 85%\u201d, aponta o relat\u00f3rio. Se consideradas quest\u00f5es regionais, Acre, Amazonas e Amap\u00e1 apresentam as menores taxas no atendimento escolar dessa popula\u00e7\u00e3o em 2012 e 2013: 89,6%, 90,1% e 90,3%, respectivamente. Relat\u00f3rio Al\u00e9m da inclus\u00e3o das crian\u00e7as e adolescentes na escola, o relat\u00f3rio apontou que o pa\u00eds precisa garantir que os j\u00e1 matriculados concluam os estudos dentro da faixa et\u00e1ria recomendada e com melhores \u00edndices de aproveitamento das disciplinas. De acordo com Alejandra Velasco, coordenadora-geral do TPE, fazer com que o aluno entenda a import\u00e2ncia de se manter na escola \u00e9 necess\u00e1rio. <\/p>\n<p>\u201cO ensino m\u00e9dio deve fazer sentido para o jovem. Os maiores desafios est\u00e3o no ensino m\u00e9dio. O desafio de fazer o jovem chegar at\u00e9 \u00e0 escola, conseguir reter este aluno no ensino m\u00e9dio e tornar o ensino m\u00e9dio atraente\u201d, afirma. As defici\u00eancias foram apontadas em detalhes no relat\u00f3rio \u201cDe Olho Nas Metas 2013-14\u2033. Elas foram constatadas principalmente atrav\u00e9s do monitoramento de dados oficiais (Pesquisa Nacional por Amostra de Domic\u00edlio (Pnad) 2013 e na Prova Brasil\/Saeb (MEC\/Inep) 2013 divulgados entre o final de 2014 e in\u00edcio de 2015).<\/p>\n<p>O estudo publicado tem o objetivo de acompanhar o cumprimento de cinco metas estabelecidas pelo movimento para serem alcan\u00e7adas at\u00e9 2022 no pa\u00eds. N\u00e3o falta recurso Em artigo, o empres\u00e1rio e coordenador do Movimento Brasil Eficiente, Carlos Rodolfo Schneider, apontou que, infelizmente, o Plano Nacional de Educa\u00e7\u00e3o n\u00e3o se preocupou com a qualidade da gest\u00e3o do sistema e dos recursos. \u201cA destina\u00e7\u00e3o de verbas \u00e0s Escolas independe do desempenho. Boas ou ruins, a garantia de verbas \u00e9 a mesma, o que desestimula a boa gest\u00e3o\u201d, explica. <\/p>\n<p>Para ele, a falta de est\u00edmulo aos bons professores acaba nivelando-os com os maus profissionais. Outro ponto levantado pelo especialistas \u00e9 a pesquisa internacional sobre Ensino e aprendizagem realizada pela OCDE em 34 pa\u00edses denominada Talis. O relat\u00f3rio concluiu que os Alunos brasileiros s\u00e3o os mais indisciplinados em sala de aula. \u201cOs professores gastam 20% do tempo para manter a ordem em classe, contra m\u00e9dia internacional de 13%. Mais de 60% dos professores do ensino secund\u00e1rio no pa\u00eds, contra 40% na Mal\u00e1sia, 20% na Coreia do Sul e menos de 15% no Jap\u00e3o, apontam 10% ou mais dos estudantes com mau comportamento. De acordo com a pesquisa, no Brasil, um ter\u00e7o da aula \u00e9 desperdi\u00e7ado com tarefas que n\u00e3o agregam conhecimento ao aluno, contra um quinto em m\u00e9dia, nos outros pa\u00edses\u201d, escreve. \u201cPodemos concluir com seguran\u00e7a que, tamb\u00e9m na Educa\u00e7\u00e3o, a quest\u00e3o no Brasil n\u00e3o \u00e9 gastar mais, mas melhor\u201d, afirma Schneider. <\/p>\n<p>Fonte: Portal Contas Abertas<\/p>\n","protected":false},"excerpt":{"rendered":"<p>Relat\u00f3rio do movimento Todos Pela Educa\u00e7\u00e3o (TPE), divulgado na \u00faltima quinta-feira (2) aponta que o Brasil ainda precisa incluir cerca&#8230;<\/p>\n","protected":false},"author":1,"featured_media":915,"comment_status":"open","ping_status":"open","sticky":false,"template":"","format":"standard","meta":{"footnotes":""},"categories":[3],"tags":[],"class_list":["post-914","post","type-post","status-publish","format-standard","has-post-thumbnail","hentry","category-noticias"],"yoast_head":"<!-- This site is optimized with the Yoast SEO plugin v26.7 - https:\/\/yoast.com\/wordpress\/plugins\/seo\/ -->\n<title>Educa\u00e7\u00e3o B\u00e1sica recebeu 66% do or\u00e7amento previsto nos \u00faltimos 3 anos - UVB Brasil<\/title>\n<meta name=\"robots\" content=\"index, follow, max-snippet:-1, max-image-preview:large, max-video-preview:-1\" \/>\n<link rel=\"canonical\" href=\"https:\/\/uvbbrasil.com.br\/educacao-basica-recebeu-66-do-orcamento-previsto-nos-ultimos-3-anos\/\" \/>\n<meta property=\"og:locale\" content=\"pt_BR\" \/>\n<meta property=\"og:type\" content=\"article\" \/>\n<meta property=\"og:title\" content=\"Educa\u00e7\u00e3o B\u00e1sica recebeu 66% do or\u00e7amento previsto nos \u00faltimos 3 anos - UVB Brasil\" \/>\n<meta property=\"og:description\" content=\"Relat\u00f3rio do movimento Todos Pela Educa\u00e7\u00e3o (TPE), divulgado na \u00faltima quinta-feira (2) aponta que o Brasil ainda precisa incluir cerca...\" \/>\n<meta property=\"og:url\" content=\"https:\/\/uvbbrasil.com.br\/educacao-basica-recebeu-66-do-orcamento-previsto-nos-ultimos-3-anos\/\" \/>\n<meta property=\"og:site_name\" content=\"UVB Brasil\" \/>\n<meta property=\"article:publisher\" content=\"https:\/\/www.facebook.com\/uvb.vereadoresbrasil\" \/>\n<meta property=\"article:published_time\" content=\"2015-07-13T18:50:01+00:00\" \/>\n<meta property=\"og:image\" content=\"https:\/\/uvbbrasil.com.br\/wp-content\/uploads\/2015\/07\/educ.jpg\" \/>\n\t<meta property=\"og:image:width\" content=\"276\" \/>\n\t<meta property=\"og:image:height\" content=\"183\" \/>\n\t<meta property=\"og:image:type\" content=\"image\/jpeg\" \/>\n<meta name=\"author\" content=\"adminuvb\" \/>\n<meta name=\"twitter:card\" content=\"summary_large_image\" \/>\n<meta name=\"twitter:label1\" content=\"Escrito por\" \/>\n\t<meta name=\"twitter:data1\" content=\"adminuvb\" \/>\n\t<meta name=\"twitter:label2\" content=\"Est. tempo de leitura\" \/>\n\t<meta name=\"twitter:data2\" content=\"4 minutos\" \/>\n<script type=\"application\/ld+json\" class=\"yoast-schema-graph\">{\"@context\":\"https:\/\/schema.org\",\"@graph\":[{\"@type\":\"Article\",\"@id\":\"https:\/\/uvbbrasil.com.br\/educacao-basica-recebeu-66-do-orcamento-previsto-nos-ultimos-3-anos\/#article\",\"isPartOf\":{\"@id\":\"https:\/\/uvbbrasil.com.br\/educacao-basica-recebeu-66-do-orcamento-previsto-nos-ultimos-3-anos\/\"},\"author\":{\"name\":\"adminuvb\",\"@id\":\"https:\/\/uvbbrasil.com.br\/#\/schema\/person\/17990098446c098f52effddff4f1b272\"},\"headline\":\"Educa\u00e7\u00e3o B\u00e1sica recebeu 66% do or\u00e7amento previsto nos \u00faltimos 3 anos\",\"datePublished\":\"2015-07-13T18:50:01+00:00\",\"mainEntityOfPage\":{\"@id\":\"https:\/\/uvbbrasil.com.br\/educacao-basica-recebeu-66-do-orcamento-previsto-nos-ultimos-3-anos\/\"},\"wordCount\":890,\"commentCount\":0,\"publisher\":{\"@id\":\"https:\/\/uvbbrasil.com.br\/#organization\"},\"image\":{\"@id\":\"https:\/\/uvbbrasil.com.br\/educacao-basica-recebeu-66-do-orcamento-previsto-nos-ultimos-3-anos\/#primaryimage\"},\"thumbnailUrl\":\"https:\/\/uvbbrasil.com.br\/wp-content\/uploads\/2015\/07\/educ.jpg\",\"articleSection\":[\"NOT\u00cdCIAS\"],\"inLanguage\":\"pt-BR\",\"potentialAction\":[{\"@type\":\"CommentAction\",\"name\":\"Comment\",\"target\":[\"https:\/\/uvbbrasil.com.br\/educacao-basica-recebeu-66-do-orcamento-previsto-nos-ultimos-3-anos\/#respond\"]}]},{\"@type\":\"WebPage\",\"@id\":\"https:\/\/uvbbrasil.com.br\/educacao-basica-recebeu-66-do-orcamento-previsto-nos-ultimos-3-anos\/\",\"url\":\"https:\/\/uvbbrasil.com.br\/educacao-basica-recebeu-66-do-orcamento-previsto-nos-ultimos-3-anos\/\",\"name\":\"Educa\u00e7\u00e3o B\u00e1sica recebeu 66% do or\u00e7amento previsto nos \u00faltimos 3 anos - UVB Brasil\",\"isPartOf\":{\"@id\":\"https:\/\/uvbbrasil.com.br\/#website\"},\"primaryImageOfPage\":{\"@id\":\"https:\/\/uvbbrasil.com.br\/educacao-basica-recebeu-66-do-orcamento-previsto-nos-ultimos-3-anos\/#primaryimage\"},\"image\":{\"@id\":\"https:\/\/uvbbrasil.com.br\/educacao-basica-recebeu-66-do-orcamento-previsto-nos-ultimos-3-anos\/#primaryimage\"},\"thumbnailUrl\":\"https:\/\/uvbbrasil.com.br\/wp-content\/uploads\/2015\/07\/educ.jpg\",\"datePublished\":\"2015-07-13T18:50:01+00:00\",\"breadcrumb\":{\"@id\":\"https:\/\/uvbbrasil.com.br\/educacao-basica-recebeu-66-do-orcamento-previsto-nos-ultimos-3-anos\/#breadcrumb\"},\"inLanguage\":\"pt-BR\",\"potentialAction\":[{\"@type\":\"ReadAction\",\"target\":[\"https:\/\/uvbbrasil.com.br\/educacao-basica-recebeu-66-do-orcamento-previsto-nos-ultimos-3-anos\/\"]}]},{\"@type\":\"ImageObject\",\"inLanguage\":\"pt-BR\",\"@id\":\"https:\/\/uvbbrasil.com.br\/educacao-basica-recebeu-66-do-orcamento-previsto-nos-ultimos-3-anos\/#primaryimage\",\"url\":\"https:\/\/uvbbrasil.com.br\/wp-content\/uploads\/2015\/07\/educ.jpg\",\"contentUrl\":\"https:\/\/uvbbrasil.com.br\/wp-content\/uploads\/2015\/07\/educ.jpg\",\"width\":276,\"height\":183},{\"@type\":\"BreadcrumbList\",\"@id\":\"https:\/\/uvbbrasil.com.br\/educacao-basica-recebeu-66-do-orcamento-previsto-nos-ultimos-3-anos\/#breadcrumb\",\"itemListElement\":[{\"@type\":\"ListItem\",\"position\":1,\"name\":\"In\u00edcio\",\"item\":\"https:\/\/uvbbrasil.com.br\/\"},{\"@type\":\"ListItem\",\"position\":2,\"name\":\"Educa\u00e7\u00e3o B\u00e1sica recebeu 66% do or\u00e7amento previsto nos \u00faltimos 3 anos\"}]},{\"@type\":\"WebSite\",\"@id\":\"https:\/\/uvbbrasil.com.br\/#website\",\"url\":\"https:\/\/uvbbrasil.com.br\/\",\"name\":\"UVB Brasil\",\"description\":\"Uni\u00e3o dos Vereadores do Brasil\",\"publisher\":{\"@id\":\"https:\/\/uvbbrasil.com.br\/#organization\"},\"potentialAction\":[{\"@type\":\"SearchAction\",\"target\":{\"@type\":\"EntryPoint\",\"urlTemplate\":\"https:\/\/uvbbrasil.com.br\/?s={search_term_string}\"},\"query-input\":{\"@type\":\"PropertyValueSpecification\",\"valueRequired\":true,\"valueName\":\"search_term_string\"}}],\"inLanguage\":\"pt-BR\"},{\"@type\":\"Organization\",\"@id\":\"https:\/\/uvbbrasil.com.br\/#organization\",\"name\":\"UVB Brasil\",\"url\":\"https:\/\/uvbbrasil.com.br\/\",\"logo\":{\"@type\":\"ImageObject\",\"inLanguage\":\"pt-BR\",\"@id\":\"https:\/\/uvbbrasil.com.br\/#\/schema\/logo\/image\/\",\"url\":\"https:\/\/uvbbrasil.com.br\/wp-content\/uploads\/2025\/01\/LOGO-UVB-2024-azul-1.jpg\",\"contentUrl\":\"https:\/\/uvbbrasil.com.br\/wp-content\/uploads\/2025\/01\/LOGO-UVB-2024-azul-1.jpg\",\"width\":600,\"height\":211,\"caption\":\"UVB Brasil\"},\"image\":{\"@id\":\"https:\/\/uvbbrasil.com.br\/#\/schema\/logo\/image\/\"},\"sameAs\":[\"https:\/\/www.facebook.com\/uvb.vereadoresbrasil\",\"https:\/\/www.instagram.com\/uvbbrasil\/\",\"https:\/\/www.youtube.com\/channel\/UCIlPQ8Xzw5GHNzosQIg9S5A\"]},{\"@type\":\"Person\",\"@id\":\"https:\/\/uvbbrasil.com.br\/#\/schema\/person\/17990098446c098f52effddff4f1b272\",\"name\":\"adminuvb\",\"image\":{\"@type\":\"ImageObject\",\"inLanguage\":\"pt-BR\",\"@id\":\"https:\/\/uvbbrasil.com.br\/#\/schema\/person\/image\/\",\"url\":\"https:\/\/secure.gravatar.com\/avatar\/1a494ea6f8e2dd1ae526e55b0e9497efdba542491e0620d704cccf63c6f77c45?s=96&d=mm&r=g\",\"contentUrl\":\"https:\/\/secure.gravatar.com\/avatar\/1a494ea6f8e2dd1ae526e55b0e9497efdba542491e0620d704cccf63c6f77c45?s=96&d=mm&r=g\",\"caption\":\"adminuvb\"},\"sameAs\":[\"https:\/\/uvbbrasil.com.br\"],\"url\":\"https:\/\/uvbbrasil.com.br\/author\/adminuvb\/\"}]}<\/script>\n<!-- \/ Yoast SEO plugin. -->","yoast_head_json":{"title":"Educa\u00e7\u00e3o B\u00e1sica recebeu 66% do or\u00e7amento previsto nos \u00faltimos 3 anos - UVB Brasil","robots":{"index":"index","follow":"follow","max-snippet":"max-snippet:-1","max-image-preview":"max-image-preview:large","max-video-preview":"max-video-preview:-1"},"canonical":"https:\/\/uvbbrasil.com.br\/educacao-basica-recebeu-66-do-orcamento-previsto-nos-ultimos-3-anos\/","og_locale":"pt_BR","og_type":"article","og_title":"Educa\u00e7\u00e3o B\u00e1sica recebeu 66% do or\u00e7amento previsto nos \u00faltimos 3 anos - UVB Brasil","og_description":"Relat\u00f3rio do movimento Todos Pela Educa\u00e7\u00e3o (TPE), divulgado na \u00faltima quinta-feira (2) aponta que o Brasil ainda precisa incluir cerca...","og_url":"https:\/\/uvbbrasil.com.br\/educacao-basica-recebeu-66-do-orcamento-previsto-nos-ultimos-3-anos\/","og_site_name":"UVB Brasil","article_publisher":"https:\/\/www.facebook.com\/uvb.vereadoresbrasil","article_published_time":"2015-07-13T18:50:01+00:00","og_image":[{"width":276,"height":183,"url":"https:\/\/uvbbrasil.com.br\/wp-content\/uploads\/2015\/07\/educ.jpg","type":"image\/jpeg"}],"author":"adminuvb","twitter_card":"summary_large_image","twitter_misc":{"Escrito por":"adminuvb","Est. tempo de leitura":"4 minutos"},"schema":{"@context":"https:\/\/schema.org","@graph":[{"@type":"Article","@id":"https:\/\/uvbbrasil.com.br\/educacao-basica-recebeu-66-do-orcamento-previsto-nos-ultimos-3-anos\/#article","isPartOf":{"@id":"https:\/\/uvbbrasil.com.br\/educacao-basica-recebeu-66-do-orcamento-previsto-nos-ultimos-3-anos\/"},"author":{"name":"adminuvb","@id":"https:\/\/uvbbrasil.com.br\/#\/schema\/person\/17990098446c098f52effddff4f1b272"},"headline":"Educa\u00e7\u00e3o B\u00e1sica recebeu 66% do or\u00e7amento previsto nos \u00faltimos 3 anos","datePublished":"2015-07-13T18:50:01+00:00","mainEntityOfPage":{"@id":"https:\/\/uvbbrasil.com.br\/educacao-basica-recebeu-66-do-orcamento-previsto-nos-ultimos-3-anos\/"},"wordCount":890,"commentCount":0,"publisher":{"@id":"https:\/\/uvbbrasil.com.br\/#organization"},"image":{"@id":"https:\/\/uvbbrasil.com.br\/educacao-basica-recebeu-66-do-orcamento-previsto-nos-ultimos-3-anos\/#primaryimage"},"thumbnailUrl":"https:\/\/uvbbrasil.com.br\/wp-content\/uploads\/2015\/07\/educ.jpg","articleSection":["NOT\u00cdCIAS"],"inLanguage":"pt-BR","potentialAction":[{"@type":"CommentAction","name":"Comment","target":["https:\/\/uvbbrasil.com.br\/educacao-basica-recebeu-66-do-orcamento-previsto-nos-ultimos-3-anos\/#respond"]}]},{"@type":"WebPage","@id":"https:\/\/uvbbrasil.com.br\/educacao-basica-recebeu-66-do-orcamento-previsto-nos-ultimos-3-anos\/","url":"https:\/\/uvbbrasil.com.br\/educacao-basica-recebeu-66-do-orcamento-previsto-nos-ultimos-3-anos\/","name":"Educa\u00e7\u00e3o B\u00e1sica recebeu 66% do or\u00e7amento previsto nos \u00faltimos 3 anos - UVB Brasil","isPartOf":{"@id":"https:\/\/uvbbrasil.com.br\/#website"},"primaryImageOfPage":{"@id":"https:\/\/uvbbrasil.com.br\/educacao-basica-recebeu-66-do-orcamento-previsto-nos-ultimos-3-anos\/#primaryimage"},"image":{"@id":"https:\/\/uvbbrasil.com.br\/educacao-basica-recebeu-66-do-orcamento-previsto-nos-ultimos-3-anos\/#primaryimage"},"thumbnailUrl":"https:\/\/uvbbrasil.com.br\/wp-content\/uploads\/2015\/07\/educ.jpg","datePublished":"2015-07-13T18:50:01+00:00","breadcrumb":{"@id":"https:\/\/uvbbrasil.com.br\/educacao-basica-recebeu-66-do-orcamento-previsto-nos-ultimos-3-anos\/#breadcrumb"},"inLanguage":"pt-BR","potentialAction":[{"@type":"ReadAction","target":["https:\/\/uvbbrasil.com.br\/educacao-basica-recebeu-66-do-orcamento-previsto-nos-ultimos-3-anos\/"]}]},{"@type":"ImageObject","inLanguage":"pt-BR","@id":"https:\/\/uvbbrasil.com.br\/educacao-basica-recebeu-66-do-orcamento-previsto-nos-ultimos-3-anos\/#primaryimage","url":"https:\/\/uvbbrasil.com.br\/wp-content\/uploads\/2015\/07\/educ.jpg","contentUrl":"https:\/\/uvbbrasil.com.br\/wp-content\/uploads\/2015\/07\/educ.jpg","width":276,"height":183},{"@type":"BreadcrumbList","@id":"https:\/\/uvbbrasil.com.br\/educacao-basica-recebeu-66-do-orcamento-previsto-nos-ultimos-3-anos\/#breadcrumb","itemListElement":[{"@type":"ListItem","position":1,"name":"In\u00edcio","item":"https:\/\/uvbbrasil.com.br\/"},{"@type":"ListItem","position":2,"name":"Educa\u00e7\u00e3o B\u00e1sica recebeu 66% do or\u00e7amento previsto nos \u00faltimos 3 anos"}]},{"@type":"WebSite","@id":"https:\/\/uvbbrasil.com.br\/#website","url":"https:\/\/uvbbrasil.com.br\/","name":"UVB Brasil","description":"Uni\u00e3o dos Vereadores do Brasil","publisher":{"@id":"https:\/\/uvbbrasil.com.br\/#organization"},"potentialAction":[{"@type":"SearchAction","target":{"@type":"EntryPoint","urlTemplate":"https:\/\/uvbbrasil.com.br\/?s={search_term_string}"},"query-input":{"@type":"PropertyValueSpecification","valueRequired":true,"valueName":"search_term_string"}}],"inLanguage":"pt-BR"},{"@type":"Organization","@id":"https:\/\/uvbbrasil.com.br\/#organization","name":"UVB Brasil","url":"https:\/\/uvbbrasil.com.br\/","logo":{"@type":"ImageObject","inLanguage":"pt-BR","@id":"https:\/\/uvbbrasil.com.br\/#\/schema\/logo\/image\/","url":"https:\/\/uvbbrasil.com.br\/wp-content\/uploads\/2025\/01\/LOGO-UVB-2024-azul-1.jpg","contentUrl":"https:\/\/uvbbrasil.com.br\/wp-content\/uploads\/2025\/01\/LOGO-UVB-2024-azul-1.jpg","width":600,"height":211,"caption":"UVB Brasil"},"image":{"@id":"https:\/\/uvbbrasil.com.br\/#\/schema\/logo\/image\/"},"sameAs":["https:\/\/www.facebook.com\/uvb.vereadoresbrasil","https:\/\/www.instagram.com\/uvbbrasil\/","https:\/\/www.youtube.com\/channel\/UCIlPQ8Xzw5GHNzosQIg9S5A"]},{"@type":"Person","@id":"https:\/\/uvbbrasil.com.br\/#\/schema\/person\/17990098446c098f52effddff4f1b272","name":"adminuvb","image":{"@type":"ImageObject","inLanguage":"pt-BR","@id":"https:\/\/uvbbrasil.com.br\/#\/schema\/person\/image\/","url":"https:\/\/secure.gravatar.com\/avatar\/1a494ea6f8e2dd1ae526e55b0e9497efdba542491e0620d704cccf63c6f77c45?s=96&d=mm&r=g","contentUrl":"https:\/\/secure.gravatar.com\/avatar\/1a494ea6f8e2dd1ae526e55b0e9497efdba542491e0620d704cccf63c6f77c45?s=96&d=mm&r=g","caption":"adminuvb"},"sameAs":["https:\/\/uvbbrasil.com.br"],"url":"https:\/\/uvbbrasil.com.br\/author\/adminuvb\/"}]}},"_links":{"self":[{"href":"https:\/\/uvbbrasil.com.br\/uvb-json\/wp\/v2\/posts\/914","targetHints":{"allow":["GET"]}}],"collection":[{"href":"https:\/\/uvbbrasil.com.br\/uvb-json\/wp\/v2\/posts"}],"about":[{"href":"https:\/\/uvbbrasil.com.br\/uvb-json\/wp\/v2\/types\/post"}],"author":[{"embeddable":true,"href":"https:\/\/uvbbrasil.com.br\/uvb-json\/wp\/v2\/users\/1"}],"replies":[{"embeddable":true,"href":"https:\/\/uvbbrasil.com.br\/uvb-json\/wp\/v2\/comments?post=914"}],"version-history":[{"count":0,"href":"https:\/\/uvbbrasil.com.br\/uvb-json\/wp\/v2\/posts\/914\/revisions"}],"wp:featuredmedia":[{"embeddable":true,"href":"https:\/\/uvbbrasil.com.br\/uvb-json\/wp\/v2\/media\/915"}],"wp:attachment":[{"href":"https:\/\/uvbbrasil.com.br\/uvb-json\/wp\/v2\/media?parent=914"}],"wp:term":[{"taxonomy":"category","embeddable":true,"href":"https:\/\/uvbbrasil.com.br\/uvb-json\/wp\/v2\/categories?post=914"},{"taxonomy":"post_tag","embeddable":true,"href":"https:\/\/uvbbrasil.com.br\/uvb-json\/wp\/v2\/tags?post=914"}],"curies":[{"name":"wp","href":"https:\/\/api.w.org\/{rel}","templated":true}]}}