{"id":862,"date":"2015-07-07T11:44:34","date_gmt":"2015-07-07T11:44:34","guid":{"rendered":"https:\/\/wpsandbox4.pante.com.br\/?p=862"},"modified":"2015-07-07T11:44:34","modified_gmt":"2015-07-07T11:44:34","slug":"uvb-visita-camara-de-vereadores-de-santana-do-livramento","status":"publish","type":"post","link":"https:\/\/uvbbrasil.com.br\/uvb-visita-camara-de-vereadores-de-santana-do-livramento\/","title":{"rendered":"UVB visita C\u00e2mara de Vereadores de Santana do Livramento"},"content":{"rendered":"<p>&nbsp;<\/p>\n<p>O presidente da Uni\u00e3o dos Vereadores do Brasil, o vereador Gilson Conzatti, esteve reunido na manh\u00e3 desta segunda-feira (06), com os vereadores de Santana do Livramento.\u00a0 Gilson participou da sess\u00e3o da C\u00e2mara dos Vereadores, onde falou sobre o trabalho que esta sendo realizado pela UVB em prol do fortalecimento do Legislativo Municipal e aproveitou para convid\u00e1-los a participar da Marcha dos Vereadores que acontece entre os dias 18 e 21 de agosto em Bras\u00edlia\/DF.<\/p>\n<p>Antes de participar da sess\u00e3o, o presidente concedeu v\u00e1rias entrevistas para r\u00e1dios locais. Come\u00e7ando pela unidade m\u00f3vel da r\u00e1dio RCC FM no programa Jornal da Manh\u00e3, logo ap\u00f3s foi \u00e0 vez de ser entrevistado pelo vereador de Santana de Livramento e tamb\u00e9m radialista Dagberto Reis do PT na R\u00e1dio Cultura. Depois o tamb\u00e9m vereador Dan\u00fabio Barcellos do PP, da R\u00e1dio Livramento FM e finalizando a maratona de entrevistas pelas r\u00e1dios de Santana de Livramento, foi \u00e0 vez de ir aos est\u00fadios da RCC FM com a apresentadora Keila.<\/p>\n<p>Em todas as entrevistas o presidente esteve acompanhado do vereador Gilbert Gisler, o conhecido da cidade como Xepa do PDT.<\/p>\n<p><a href=\"https:\/\/uvbbrasil.com.br\/wp-content\/uploads\/2015\/07\/IMG_0159.jpg\"><img fetchpriority=\"high\" decoding=\"async\" class=\"alignnone size-medium wp-image-872\" src=\"https:\/\/uvbbrasil.com.br\/wp-content\/uploads\/2015\/07\/IMG_0159-300x225.jpg\" alt=\"IMG_0159\" width=\"300\" height=\"225\" srcset=\"https:\/\/uvbbrasil.com.br\/wp-content\/uploads\/2015\/07\/IMG_0159-300x225.jpg 300w, https:\/\/uvbbrasil.com.br\/wp-content\/uploads\/2015\/07\/IMG_0159-1024x768.jpg 1024w, https:\/\/uvbbrasil.com.br\/wp-content\/uploads\/2015\/07\/IMG_0159-768x576.jpg 768w, https:\/\/uvbbrasil.com.br\/wp-content\/uploads\/2015\/07\/IMG_0159-1536x1152.jpg 1536w, https:\/\/uvbbrasil.com.br\/wp-content\/uploads\/2015\/07\/IMG_0159-2048x1536.jpg 2048w\" sizes=\"(max-width: 300px) 100vw, 300px\" \/><\/a> <a href=\"https:\/\/uvbbrasil.com.br\/wp-content\/uploads\/2015\/07\/IMG_0141.jpg\"><img decoding=\"async\" class=\"alignnone size-medium wp-image-870\" src=\"https:\/\/uvbbrasil.com.br\/wp-content\/uploads\/2015\/07\/IMG_0141-300x225.jpg\" alt=\"IMG_0141\" width=\"300\" height=\"225\" srcset=\"https:\/\/uvbbrasil.com.br\/wp-content\/uploads\/2015\/07\/IMG_0141-300x225.jpg 300w, https:\/\/uvbbrasil.com.br\/wp-content\/uploads\/2015\/07\/IMG_0141-1024x768.jpg 1024w, https:\/\/uvbbrasil.com.br\/wp-content\/uploads\/2015\/07\/IMG_0141-768x576.jpg 768w, https:\/\/uvbbrasil.com.br\/wp-content\/uploads\/2015\/07\/IMG_0141-1536x1152.jpg 1536w, https:\/\/uvbbrasil.com.br\/wp-content\/uploads\/2015\/07\/IMG_0141-2048x1536.jpg 2048w\" sizes=\"(max-width: 300px) 100vw, 300px\" \/><\/a> <a href=\"https:\/\/uvbbrasil.com.br\/wp-content\/uploads\/2015\/07\/IMG_0139-e1436269308134.jpg\"><img decoding=\"async\" class=\"alignnone size-medium wp-image-869\" src=\"https:\/\/uvbbrasil.com.br\/wp-content\/uploads\/2015\/07\/IMG_0139-e1436269308134-225x300.jpg\" alt=\"IMG_0139\" width=\"225\" height=\"300\" srcset=\"https:\/\/uvbbrasil.com.br\/wp-content\/uploads\/2015\/07\/IMG_0139-e1436269308134-225x300.jpg 225w, https:\/\/uvbbrasil.com.br\/wp-content\/uploads\/2015\/07\/IMG_0139-e1436269308134-768x1024.jpg 768w, https:\/\/uvbbrasil.com.br\/wp-content\/uploads\/2015\/07\/IMG_0139-e1436269308134-1152x1536.jpg 1152w, https:\/\/uvbbrasil.com.br\/wp-content\/uploads\/2015\/07\/IMG_0139-e1436269308134-1536x2048.jpg 1536w, https:\/\/uvbbrasil.com.br\/wp-content\/uploads\/2015\/07\/IMG_0139-e1436269308134-scaled.jpg 1920w\" sizes=\"(max-width: 225px) 100vw, 225px\" \/><\/a> <a href=\"https:\/\/uvbbrasil.com.br\/wp-content\/uploads\/2015\/07\/IMG_0137.jpg\"><img loading=\"lazy\" decoding=\"async\" class=\"alignnone size-medium wp-image-868\" src=\"https:\/\/uvbbrasil.com.br\/wp-content\/uploads\/2015\/07\/IMG_0137-300x225.jpg\" alt=\"IMG_0137\" width=\"300\" height=\"225\" srcset=\"https:\/\/uvbbrasil.com.br\/wp-content\/uploads\/2015\/07\/IMG_0137-300x225.jpg 300w, https:\/\/uvbbrasil.com.br\/wp-content\/uploads\/2015\/07\/IMG_0137-1024x768.jpg 1024w, https:\/\/uvbbrasil.com.br\/wp-content\/uploads\/2015\/07\/IMG_0137-768x576.jpg 768w, https:\/\/uvbbrasil.com.br\/wp-content\/uploads\/2015\/07\/IMG_0137-1536x1152.jpg 1536w, https:\/\/uvbbrasil.com.br\/wp-content\/uploads\/2015\/07\/IMG_0137-2048x1536.jpg 2048w\" sizes=\"(max-width: 300px) 100vw, 300px\" \/><\/a> <a href=\"https:\/\/uvbbrasil.com.br\/wp-content\/uploads\/2015\/07\/IMG_0122.jpg\"><img loading=\"lazy\" decoding=\"async\" class=\"alignnone size-medium wp-image-867\" src=\"https:\/\/uvbbrasil.com.br\/wp-content\/uploads\/2015\/07\/IMG_0122-300x225.jpg\" alt=\"IMG_0122\" width=\"300\" height=\"225\" srcset=\"https:\/\/uvbbrasil.com.br\/wp-content\/uploads\/2015\/07\/IMG_0122-300x225.jpg 300w, https:\/\/uvbbrasil.com.br\/wp-content\/uploads\/2015\/07\/IMG_0122-1024x768.jpg 1024w, https:\/\/uvbbrasil.com.br\/wp-content\/uploads\/2015\/07\/IMG_0122-768x576.jpg 768w, https:\/\/uvbbrasil.com.br\/wp-content\/uploads\/2015\/07\/IMG_0122-1536x1152.jpg 1536w, https:\/\/uvbbrasil.com.br\/wp-content\/uploads\/2015\/07\/IMG_0122-2048x1536.jpg 2048w\" sizes=\"(max-width: 300px) 100vw, 300px\" \/><\/a> <a href=\"https:\/\/uvbbrasil.com.br\/wp-content\/uploads\/2015\/07\/IMG_0117-e1436269327211.jpg\"><img loading=\"lazy\" decoding=\"async\" class=\"alignnone size-medium wp-image-866\" src=\"https:\/\/uvbbrasil.com.br\/wp-content\/uploads\/2015\/07\/IMG_0117-e1436269327211-225x300.jpg\" alt=\"IMG_0117\" width=\"225\" height=\"300\" srcset=\"https:\/\/uvbbrasil.com.br\/wp-content\/uploads\/2015\/07\/IMG_0117-e1436269327211-225x300.jpg 225w, https:\/\/uvbbrasil.com.br\/wp-content\/uploads\/2015\/07\/IMG_0117-e1436269327211-768x1024.jpg 768w, https:\/\/uvbbrasil.com.br\/wp-content\/uploads\/2015\/07\/IMG_0117-e1436269327211-1152x1536.jpg 1152w, https:\/\/uvbbrasil.com.br\/wp-content\/uploads\/2015\/07\/IMG_0117-e1436269327211-1536x2048.jpg 1536w, https:\/\/uvbbrasil.com.br\/wp-content\/uploads\/2015\/07\/IMG_0117-e1436269327211-scaled.jpg 1920w\" sizes=\"(max-width: 225px) 100vw, 225px\" \/><\/a> <a href=\"https:\/\/uvbbrasil.com.br\/wp-content\/uploads\/2015\/07\/IMG_0109.jpg\"><img loading=\"lazy\" decoding=\"async\" class=\"alignnone size-medium wp-image-865\" src=\"https:\/\/uvbbrasil.com.br\/wp-content\/uploads\/2015\/07\/IMG_0109-300x225.jpg\" alt=\"IMG_0109\" width=\"300\" height=\"225\" srcset=\"https:\/\/uvbbrasil.com.br\/wp-content\/uploads\/2015\/07\/IMG_0109-300x225.jpg 300w, https:\/\/uvbbrasil.com.br\/wp-content\/uploads\/2015\/07\/IMG_0109-1024x768.jpg 1024w, https:\/\/uvbbrasil.com.br\/wp-content\/uploads\/2015\/07\/IMG_0109-768x576.jpg 768w, https:\/\/uvbbrasil.com.br\/wp-content\/uploads\/2015\/07\/IMG_0109-1536x1152.jpg 1536w, https:\/\/uvbbrasil.com.br\/wp-content\/uploads\/2015\/07\/IMG_0109-2048x1536.jpg 2048w\" sizes=\"(max-width: 300px) 100vw, 300px\" \/><\/a> <a href=\"https:\/\/uvbbrasil.com.br\/wp-content\/uploads\/2015\/07\/IMG_0101.jpg\"><img loading=\"lazy\" decoding=\"async\" class=\"alignnone size-medium wp-image-864\" src=\"https:\/\/uvbbrasil.com.br\/wp-content\/uploads\/2015\/07\/IMG_0101-300x225.jpg\" alt=\"IMG_0101\" width=\"300\" height=\"225\" srcset=\"https:\/\/uvbbrasil.com.br\/wp-content\/uploads\/2015\/07\/IMG_0101-300x225.jpg 300w, https:\/\/uvbbrasil.com.br\/wp-content\/uploads\/2015\/07\/IMG_0101-1024x768.jpg 1024w, https:\/\/uvbbrasil.com.br\/wp-content\/uploads\/2015\/07\/IMG_0101-768x576.jpg 768w, https:\/\/uvbbrasil.com.br\/wp-content\/uploads\/2015\/07\/IMG_0101-1536x1152.jpg 1536w, https:\/\/uvbbrasil.com.br\/wp-content\/uploads\/2015\/07\/IMG_0101-2048x1536.jpg 2048w\" sizes=\"(max-width: 300px) 100vw, 300px\" \/><\/a> <a href=\"https:\/\/uvbbrasil.com.br\/wp-content\/uploads\/2015\/07\/IMG_0099.jpg\"><img loading=\"lazy\" decoding=\"async\" class=\"alignnone size-medium wp-image-863\" src=\"https:\/\/uvbbrasil.com.br\/wp-content\/uploads\/2015\/07\/IMG_0099-300x225.jpg\" alt=\"IMG_0099\" width=\"300\" height=\"225\" srcset=\"https:\/\/uvbbrasil.com.br\/wp-content\/uploads\/2015\/07\/IMG_0099-300x225.jpg 300w, https:\/\/uvbbrasil.com.br\/wp-content\/uploads\/2015\/07\/IMG_0099-1024x768.jpg 1024w, https:\/\/uvbbrasil.com.br\/wp-content\/uploads\/2015\/07\/IMG_0099-768x576.jpg 768w, https:\/\/uvbbrasil.com.br\/wp-content\/uploads\/2015\/07\/IMG_0099-1536x1152.jpg 1536w, https:\/\/uvbbrasil.com.br\/wp-content\/uploads\/2015\/07\/IMG_0099-2048x1536.jpg 2048w\" sizes=\"(max-width: 300px) 100vw, 300px\" \/><\/a><\/p>\n","protected":false},"excerpt":{"rendered":"<p>&nbsp; O presidente da Uni\u00e3o dos Vereadores do Brasil, o vereador Gilson Conzatti, esteve reunido na manh\u00e3 desta segunda-feira (06),&#8230;<\/p>\n","protected":false},"author":1,"featured_media":871,"comment_status":"open","ping_status":"open","sticky":false,"template":"","format":"standard","meta":{"footnotes":""},"categories":[4],"tags":[],"class_list":["post-862","post","type-post","status-publish","format-standard","has-post-thumbnail","hentry","category-home"],"yoast_head":"<!-- This site is optimized with the Yoast SEO plugin v26.7 - https:\/\/yoast.com\/wordpress\/plugins\/seo\/ -->\n<title>UVB visita C\u00e2mara de Vereadores de Santana do Livramento - UVB Brasil<\/title>\n<meta name=\"robots\" content=\"index, follow, max-snippet:-1, max-image-preview:large, max-video-preview:-1\" \/>\n<link rel=\"canonical\" href=\"https:\/\/uvbbrasil.com.br\/uvb-visita-camara-de-vereadores-de-santana-do-livramento\/\" \/>\n<meta property=\"og:locale\" content=\"pt_BR\" \/>\n<meta property=\"og:type\" content=\"article\" \/>\n<meta property=\"og:title\" content=\"UVB visita C\u00e2mara de Vereadores de Santana do Livramento - UVB Brasil\" \/>\n<meta property=\"og:description\" content=\"&nbsp; O presidente da Uni\u00e3o dos Vereadores do Brasil, o vereador Gilson Conzatti, esteve reunido na manh\u00e3 desta segunda-feira (06),...\" \/>\n<meta property=\"og:url\" content=\"https:\/\/uvbbrasil.com.br\/uvb-visita-camara-de-vereadores-de-santana-do-livramento\/\" \/>\n<meta property=\"og:site_name\" content=\"UVB Brasil\" \/>\n<meta property=\"article:publisher\" content=\"https:\/\/www.facebook.com\/uvb.vereadoresbrasil\" \/>\n<meta property=\"article:published_time\" content=\"2015-07-07T11:44:34+00:00\" \/>\n<meta property=\"og:image\" content=\"https:\/\/uvbbrasil.com.br\/wp-content\/uploads\/2015\/07\/IMG_0149-scaled.jpg\" \/>\n\t<meta property=\"og:image:width\" content=\"2560\" \/>\n\t<meta property=\"og:image:height\" content=\"1920\" \/>\n\t<meta property=\"og:image:type\" content=\"image\/jpeg\" \/>\n<meta name=\"author\" content=\"adminuvb\" \/>\n<meta name=\"twitter:card\" content=\"summary_large_image\" \/>\n<meta name=\"twitter:label1\" content=\"Escrito por\" \/>\n\t<meta name=\"twitter:data1\" content=\"adminuvb\" \/>\n\t<meta name=\"twitter:label2\" content=\"Est. tempo de leitura\" \/>\n\t<meta name=\"twitter:data2\" content=\"1 minuto\" \/>\n<script type=\"application\/ld+json\" class=\"yoast-schema-graph\">{\"@context\":\"https:\/\/schema.org\",\"@graph\":[{\"@type\":\"Article\",\"@id\":\"https:\/\/uvbbrasil.com.br\/uvb-visita-camara-de-vereadores-de-santana-do-livramento\/#article\",\"isPartOf\":{\"@id\":\"https:\/\/uvbbrasil.com.br\/uvb-visita-camara-de-vereadores-de-santana-do-livramento\/\"},\"author\":{\"name\":\"adminuvb\",\"@id\":\"https:\/\/uvbbrasil.com.br\/#\/schema\/person\/17990098446c098f52effddff4f1b272\"},\"headline\":\"UVB visita C\u00e2mara de Vereadores de Santana do Livramento\",\"datePublished\":\"2015-07-07T11:44:34+00:00\",\"mainEntityOfPage\":{\"@id\":\"https:\/\/uvbbrasil.com.br\/uvb-visita-camara-de-vereadores-de-santana-do-livramento\/\"},\"wordCount\":208,\"commentCount\":0,\"publisher\":{\"@id\":\"https:\/\/uvbbrasil.com.br\/#organization\"},\"image\":{\"@id\":\"https:\/\/uvbbrasil.com.br\/uvb-visita-camara-de-vereadores-de-santana-do-livramento\/#primaryimage\"},\"thumbnailUrl\":\"https:\/\/uvbbrasil.com.br\/wp-content\/uploads\/2015\/07\/IMG_0149-scaled.jpg\",\"articleSection\":[\"UVB\"],\"inLanguage\":\"pt-BR\",\"potentialAction\":[{\"@type\":\"CommentAction\",\"name\":\"Comment\",\"target\":[\"https:\/\/uvbbrasil.com.br\/uvb-visita-camara-de-vereadores-de-santana-do-livramento\/#respond\"]}]},{\"@type\":\"WebPage\",\"@id\":\"https:\/\/uvbbrasil.com.br\/uvb-visita-camara-de-vereadores-de-santana-do-livramento\/\",\"url\":\"https:\/\/uvbbrasil.com.br\/uvb-visita-camara-de-vereadores-de-santana-do-livramento\/\",\"name\":\"UVB visita C\u00e2mara de Vereadores de Santana do Livramento - UVB Brasil\",\"isPartOf\":{\"@id\":\"https:\/\/uvbbrasil.com.br\/#website\"},\"primaryImageOfPage\":{\"@id\":\"https:\/\/uvbbrasil.com.br\/uvb-visita-camara-de-vereadores-de-santana-do-livramento\/#primaryimage\"},\"image\":{\"@id\":\"https:\/\/uvbbrasil.com.br\/uvb-visita-camara-de-vereadores-de-santana-do-livramento\/#primaryimage\"},\"thumbnailUrl\":\"https:\/\/uvbbrasil.com.br\/wp-content\/uploads\/2015\/07\/IMG_0149-scaled.jpg\",\"datePublished\":\"2015-07-07T11:44:34+00:00\",\"breadcrumb\":{\"@id\":\"https:\/\/uvbbrasil.com.br\/uvb-visita-camara-de-vereadores-de-santana-do-livramento\/#breadcrumb\"},\"inLanguage\":\"pt-BR\",\"potentialAction\":[{\"@type\":\"ReadAction\",\"target\":[\"https:\/\/uvbbrasil.com.br\/uvb-visita-camara-de-vereadores-de-santana-do-livramento\/\"]}]},{\"@type\":\"ImageObject\",\"inLanguage\":\"pt-BR\",\"@id\":\"https:\/\/uvbbrasil.com.br\/uvb-visita-camara-de-vereadores-de-santana-do-livramento\/#primaryimage\",\"url\":\"https:\/\/uvbbrasil.com.br\/wp-content\/uploads\/2015\/07\/IMG_0149-scaled.jpg\",\"contentUrl\":\"https:\/\/uvbbrasil.com.br\/wp-content\/uploads\/2015\/07\/IMG_0149-scaled.jpg\",\"width\":2560,\"height\":1920},{\"@type\":\"BreadcrumbList\",\"@id\":\"https:\/\/uvbbrasil.com.br\/uvb-visita-camara-de-vereadores-de-santana-do-livramento\/#breadcrumb\",\"itemListElement\":[{\"@type\":\"ListItem\",\"position\":1,\"name\":\"In\u00edcio\",\"item\":\"https:\/\/uvbbrasil.com.br\/\"},{\"@type\":\"ListItem\",\"position\":2,\"name\":\"UVB visita C\u00e2mara de Vereadores de Santana do Livramento\"}]},{\"@type\":\"WebSite\",\"@id\":\"https:\/\/uvbbrasil.com.br\/#website\",\"url\":\"https:\/\/uvbbrasil.com.br\/\",\"name\":\"UVB Brasil\",\"description\":\"Uni\u00e3o dos Vereadores do Brasil\",\"publisher\":{\"@id\":\"https:\/\/uvbbrasil.com.br\/#organization\"},\"potentialAction\":[{\"@type\":\"SearchAction\",\"target\":{\"@type\":\"EntryPoint\",\"urlTemplate\":\"https:\/\/uvbbrasil.com.br\/?s={search_term_string}\"},\"query-input\":{\"@type\":\"PropertyValueSpecification\",\"valueRequired\":true,\"valueName\":\"search_term_string\"}}],\"inLanguage\":\"pt-BR\"},{\"@type\":\"Organization\",\"@id\":\"https:\/\/uvbbrasil.com.br\/#organization\",\"name\":\"UVB Brasil\",\"url\":\"https:\/\/uvbbrasil.com.br\/\",\"logo\":{\"@type\":\"ImageObject\",\"inLanguage\":\"pt-BR\",\"@id\":\"https:\/\/uvbbrasil.com.br\/#\/schema\/logo\/image\/\",\"url\":\"https:\/\/uvbbrasil.com.br\/wp-content\/uploads\/2025\/01\/LOGO-UVB-2024-azul-1.jpg\",\"contentUrl\":\"https:\/\/uvbbrasil.com.br\/wp-content\/uploads\/2025\/01\/LOGO-UVB-2024-azul-1.jpg\",\"width\":600,\"height\":211,\"caption\":\"UVB Brasil\"},\"image\":{\"@id\":\"https:\/\/uvbbrasil.com.br\/#\/schema\/logo\/image\/\"},\"sameAs\":[\"https:\/\/www.facebook.com\/uvb.vereadoresbrasil\",\"https:\/\/www.instagram.com\/uvbbrasil\/\",\"https:\/\/www.youtube.com\/channel\/UCIlPQ8Xzw5GHNzosQIg9S5A\"]},{\"@type\":\"Person\",\"@id\":\"https:\/\/uvbbrasil.com.br\/#\/schema\/person\/17990098446c098f52effddff4f1b272\",\"name\":\"adminuvb\",\"image\":{\"@type\":\"ImageObject\",\"inLanguage\":\"pt-BR\",\"@id\":\"https:\/\/uvbbrasil.com.br\/#\/schema\/person\/image\/\",\"url\":\"https:\/\/secure.gravatar.com\/avatar\/1a494ea6f8e2dd1ae526e55b0e9497efdba542491e0620d704cccf63c6f77c45?s=96&d=mm&r=g\",\"contentUrl\":\"https:\/\/secure.gravatar.com\/avatar\/1a494ea6f8e2dd1ae526e55b0e9497efdba542491e0620d704cccf63c6f77c45?s=96&d=mm&r=g\",\"caption\":\"adminuvb\"},\"sameAs\":[\"https:\/\/uvbbrasil.com.br\"],\"url\":\"https:\/\/uvbbrasil.com.br\/author\/adminuvb\/\"}]}<\/script>\n<!-- \/ Yoast SEO plugin. -->","yoast_head_json":{"title":"UVB visita C\u00e2mara de Vereadores de Santana do Livramento - UVB Brasil","robots":{"index":"index","follow":"follow","max-snippet":"max-snippet:-1","max-image-preview":"max-image-preview:large","max-video-preview":"max-video-preview:-1"},"canonical":"https:\/\/uvbbrasil.com.br\/uvb-visita-camara-de-vereadores-de-santana-do-livramento\/","og_locale":"pt_BR","og_type":"article","og_title":"UVB visita C\u00e2mara de Vereadores de Santana do Livramento - UVB Brasil","og_description":"&nbsp; O presidente da Uni\u00e3o dos Vereadores do Brasil, o vereador Gilson Conzatti, esteve reunido na manh\u00e3 desta segunda-feira (06),...","og_url":"https:\/\/uvbbrasil.com.br\/uvb-visita-camara-de-vereadores-de-santana-do-livramento\/","og_site_name":"UVB Brasil","article_publisher":"https:\/\/www.facebook.com\/uvb.vereadoresbrasil","article_published_time":"2015-07-07T11:44:34+00:00","og_image":[{"width":2560,"height":1920,"url":"https:\/\/uvbbrasil.com.br\/wp-content\/uploads\/2015\/07\/IMG_0149-scaled.jpg","type":"image\/jpeg"}],"author":"adminuvb","twitter_card":"summary_large_image","twitter_misc":{"Escrito por":"adminuvb","Est. tempo de leitura":"1 minuto"},"schema":{"@context":"https:\/\/schema.org","@graph":[{"@type":"Article","@id":"https:\/\/uvbbrasil.com.br\/uvb-visita-camara-de-vereadores-de-santana-do-livramento\/#article","isPartOf":{"@id":"https:\/\/uvbbrasil.com.br\/uvb-visita-camara-de-vereadores-de-santana-do-livramento\/"},"author":{"name":"adminuvb","@id":"https:\/\/uvbbrasil.com.br\/#\/schema\/person\/17990098446c098f52effddff4f1b272"},"headline":"UVB visita C\u00e2mara de Vereadores de Santana do Livramento","datePublished":"2015-07-07T11:44:34+00:00","mainEntityOfPage":{"@id":"https:\/\/uvbbrasil.com.br\/uvb-visita-camara-de-vereadores-de-santana-do-livramento\/"},"wordCount":208,"commentCount":0,"publisher":{"@id":"https:\/\/uvbbrasil.com.br\/#organization"},"image":{"@id":"https:\/\/uvbbrasil.com.br\/uvb-visita-camara-de-vereadores-de-santana-do-livramento\/#primaryimage"},"thumbnailUrl":"https:\/\/uvbbrasil.com.br\/wp-content\/uploads\/2015\/07\/IMG_0149-scaled.jpg","articleSection":["UVB"],"inLanguage":"pt-BR","potentialAction":[{"@type":"CommentAction","name":"Comment","target":["https:\/\/uvbbrasil.com.br\/uvb-visita-camara-de-vereadores-de-santana-do-livramento\/#respond"]}]},{"@type":"WebPage","@id":"https:\/\/uvbbrasil.com.br\/uvb-visita-camara-de-vereadores-de-santana-do-livramento\/","url":"https:\/\/uvbbrasil.com.br\/uvb-visita-camara-de-vereadores-de-santana-do-livramento\/","name":"UVB visita C\u00e2mara de Vereadores de Santana do Livramento - UVB Brasil","isPartOf":{"@id":"https:\/\/uvbbrasil.com.br\/#website"},"primaryImageOfPage":{"@id":"https:\/\/uvbbrasil.com.br\/uvb-visita-camara-de-vereadores-de-santana-do-livramento\/#primaryimage"},"image":{"@id":"https:\/\/uvbbrasil.com.br\/uvb-visita-camara-de-vereadores-de-santana-do-livramento\/#primaryimage"},"thumbnailUrl":"https:\/\/uvbbrasil.com.br\/wp-content\/uploads\/2015\/07\/IMG_0149-scaled.jpg","datePublished":"2015-07-07T11:44:34+00:00","breadcrumb":{"@id":"https:\/\/uvbbrasil.com.br\/uvb-visita-camara-de-vereadores-de-santana-do-livramento\/#breadcrumb"},"inLanguage":"pt-BR","potentialAction":[{"@type":"ReadAction","target":["https:\/\/uvbbrasil.com.br\/uvb-visita-camara-de-vereadores-de-santana-do-livramento\/"]}]},{"@type":"ImageObject","inLanguage":"pt-BR","@id":"https:\/\/uvbbrasil.com.br\/uvb-visita-camara-de-vereadores-de-santana-do-livramento\/#primaryimage","url":"https:\/\/uvbbrasil.com.br\/wp-content\/uploads\/2015\/07\/IMG_0149-scaled.jpg","contentUrl":"https:\/\/uvbbrasil.com.br\/wp-content\/uploads\/2015\/07\/IMG_0149-scaled.jpg","width":2560,"height":1920},{"@type":"BreadcrumbList","@id":"https:\/\/uvbbrasil.com.br\/uvb-visita-camara-de-vereadores-de-santana-do-livramento\/#breadcrumb","itemListElement":[{"@type":"ListItem","position":1,"name":"In\u00edcio","item":"https:\/\/uvbbrasil.com.br\/"},{"@type":"ListItem","position":2,"name":"UVB visita C\u00e2mara de Vereadores de Santana do Livramento"}]},{"@type":"WebSite","@id":"https:\/\/uvbbrasil.com.br\/#website","url":"https:\/\/uvbbrasil.com.br\/","name":"UVB Brasil","description":"Uni\u00e3o dos Vereadores do Brasil","publisher":{"@id":"https:\/\/uvbbrasil.com.br\/#organization"},"potentialAction":[{"@type":"SearchAction","target":{"@type":"EntryPoint","urlTemplate":"https:\/\/uvbbrasil.com.br\/?s={search_term_string}"},"query-input":{"@type":"PropertyValueSpecification","valueRequired":true,"valueName":"search_term_string"}}],"inLanguage":"pt-BR"},{"@type":"Organization","@id":"https:\/\/uvbbrasil.com.br\/#organization","name":"UVB Brasil","url":"https:\/\/uvbbrasil.com.br\/","logo":{"@type":"ImageObject","inLanguage":"pt-BR","@id":"https:\/\/uvbbrasil.com.br\/#\/schema\/logo\/image\/","url":"https:\/\/uvbbrasil.com.br\/wp-content\/uploads\/2025\/01\/LOGO-UVB-2024-azul-1.jpg","contentUrl":"https:\/\/uvbbrasil.com.br\/wp-content\/uploads\/2025\/01\/LOGO-UVB-2024-azul-1.jpg","width":600,"height":211,"caption":"UVB Brasil"},"image":{"@id":"https:\/\/uvbbrasil.com.br\/#\/schema\/logo\/image\/"},"sameAs":["https:\/\/www.facebook.com\/uvb.vereadoresbrasil","https:\/\/www.instagram.com\/uvbbrasil\/","https:\/\/www.youtube.com\/channel\/UCIlPQ8Xzw5GHNzosQIg9S5A"]},{"@type":"Person","@id":"https:\/\/uvbbrasil.com.br\/#\/schema\/person\/17990098446c098f52effddff4f1b272","name":"adminuvb","image":{"@type":"ImageObject","inLanguage":"pt-BR","@id":"https:\/\/uvbbrasil.com.br\/#\/schema\/person\/image\/","url":"https:\/\/secure.gravatar.com\/avatar\/1a494ea6f8e2dd1ae526e55b0e9497efdba542491e0620d704cccf63c6f77c45?s=96&d=mm&r=g","contentUrl":"https:\/\/secure.gravatar.com\/avatar\/1a494ea6f8e2dd1ae526e55b0e9497efdba542491e0620d704cccf63c6f77c45?s=96&d=mm&r=g","caption":"adminuvb"},"sameAs":["https:\/\/uvbbrasil.com.br"],"url":"https:\/\/uvbbrasil.com.br\/author\/adminuvb\/"}]}},"_links":{"self":[{"href":"https:\/\/uvbbrasil.com.br\/uvb-json\/wp\/v2\/posts\/862","targetHints":{"allow":["GET"]}}],"collection":[{"href":"https:\/\/uvbbrasil.com.br\/uvb-json\/wp\/v2\/posts"}],"about":[{"href":"https:\/\/uvbbrasil.com.br\/uvb-json\/wp\/v2\/types\/post"}],"author":[{"embeddable":true,"href":"https:\/\/uvbbrasil.com.br\/uvb-json\/wp\/v2\/users\/1"}],"replies":[{"embeddable":true,"href":"https:\/\/uvbbrasil.com.br\/uvb-json\/wp\/v2\/comments?post=862"}],"version-history":[{"count":0,"href":"https:\/\/uvbbrasil.com.br\/uvb-json\/wp\/v2\/posts\/862\/revisions"}],"wp:featuredmedia":[{"embeddable":true,"href":"https:\/\/uvbbrasil.com.br\/uvb-json\/wp\/v2\/media\/871"}],"wp:attachment":[{"href":"https:\/\/uvbbrasil.com.br\/uvb-json\/wp\/v2\/media?parent=862"}],"wp:term":[{"taxonomy":"category","embeddable":true,"href":"https:\/\/uvbbrasil.com.br\/uvb-json\/wp\/v2\/categories?post=862"},{"taxonomy":"post_tag","embeddable":true,"href":"https:\/\/uvbbrasil.com.br\/uvb-json\/wp\/v2\/tags?post=862"}],"curies":[{"name":"wp","href":"https:\/\/api.w.org\/{rel}","templated":true}]}}