{"id":8559,"date":"2017-10-15T01:13:26","date_gmt":"2017-10-15T03:13:26","guid":{"rendered":"https:\/\/wpsandbox4.pante.com.br\/?p=8559"},"modified":"2017-10-15T01:13:26","modified_gmt":"2017-10-15T03:13:26","slug":"juiz-herval-sampaio-jr-debate-sobre-importancia-vereador-para-retomada-da-politica-brasileira","status":"publish","type":"post","link":"https:\/\/uvbbrasil.com.br\/juiz-herval-sampaio-jr-debate-sobre-importancia-vereador-para-retomada-da-politica-brasileira\/","title":{"rendered":"Juiz Herval Sampaio debate sobre a import\u00e2ncia do vereador para retomada da pol\u00edtica brasileira"},"content":{"rendered":"<p>O Juiz da Comarca de Mossor\u00f3\/RN, vai participar como palestrante do Encontro Nacional de Legislativos Municipais, que acontece de 07 a 10 de novembro na serra ga\u00facha, na cidade de Canela e com atividades em Gramado. Jos\u00e9 Herval Sampaio Jr. quer debater a import\u00e2ncia do vereador para retomada da pol\u00edtica brasileira. O juiz que \u00e9 um motivador e ao mesmo tempo, tem sido um cr\u00edtico da postura que muitos vereadores, diante das oportunidades que t\u00eam para\u00a0fazer a diferen\u00e7a nas suas cidades.<\/p>\n<p>Herval Sampaio, possui mestrado em Direito Constitucional pela Universidade de Fortaleza (2007). Doutorando em Direito pela Universidade Del Pais Basco. Especialista em Processo Civil e Penal pela UNP\/ESMARN. Professor de p\u00f3s gradua\u00e7\u00e3o da Universidade Potiguar, Professor dos cursos de gradua\u00e7\u00e3o e p\u00f3s-gradua\u00e7\u00e3o da Faculdade de direito da Universidade do Estado do Rio Grande do Norte. Professor da Faculdade Baiana de Direito. Professor visitante de Escolas judiciais. Autor de diversas obras jur\u00eddicas e palestrante nacional, destacando-se o livro Tutelas de Urg\u00eancia sistematiza\u00e7\u00e3o das liminares de acordo com o projeto de novo CPC. Juiz de direito e Juiz Eleitoral &#8211; Tribunal de Justi\u00e7a e Tribunal Regional Eleitoral do Estado do Rio Grande do Norte. Tem experi\u00eancia na \u00e1rea de Direito, com \u00eanfase em Direito Constitucional e Processual. Foi Juiz Eleitoral na Comarca de Mossor\u00f3\/RN, realiza palestras para vereadores e gestores de todo o Brasil, pautando o direito administrativo, a gest\u00e3o p\u00fablica e o papel do poder legislativo municipal.<\/p>\n<p><em><strong>Saiba mais:<\/strong><\/em><\/p>\n<header>\n<h4 class=\"entry-title\">Encontro Nacional de Legislativos Municipais<\/h4>\n<\/header>\n<div class=\"elements-box\">\n<p><strong>PROGRAMA\u00c7\u00c3O\u00a0<\/strong><\/p>\n<p><strong>Dia 07\/11\u00a0\u2013 Ter\u00e7a-Feira <\/strong>(Audit\u00f3rio da Casa de Pedra \u2013 Canela)<\/p>\n<p><em><strong>14h \u00e0s 18h \u2013\u00a0Credenciamento e entrega de material<\/strong><\/em><\/p>\n<p><strong>DIA 08\/11\u00a0\u2013 Quarta \u2013 Feira\u00a0<\/strong>(Audit\u00f3rio da Casa de Pedra \u2013 Canela)<\/p>\n<p><em><strong>09h \u2013 Abertura: Palestra Processo Legislativo<\/strong><\/em><\/p>\n<p><em><strong>10h\u00a0\u2013 O Legislativo, o Municipalismo e o Pacto Federativo \u2013 Giovani Feltes<\/strong>, foi vereador, prefeito municipal de Campo Bom\/RS (03 mandatos), deputado estadual, atualmente deputado federal licenciado. Secret\u00e1rio Estadual da Fazenda do RS.<\/em><\/p>\n<p><strong><em>12h \u2013 Intervalo para almo\u00e7o<\/em><\/strong><\/p>\n<p><em><strong>14h \u2013 Case de Sucesso: A constru\u00e7\u00e3o propositiva entre Legislativo e Executivo na\u00a0Gest\u00e3o do Desenvolvimento Tur\u00edstico como fonte de renda \u2013\u00a0<\/strong><\/em><em>Apresenta\u00e7\u00e3o \u00c2ngelo Sanches \u2013 Secret\u00e1rio de Turismo de Canela\/RS<\/em><\/p>\n<p><em><strong>16h \u2013 Painel: O Papel da Mulher nos Espa\u00e7os de Poder \u2013 <\/strong>Mariela Portz, vereadora de Lajeado\/RS<\/em><\/p>\n<p><strong>19h \u2013 Abertura Oficial <\/strong>(autoridades convidadas)<\/p>\n<p><em>Jos\u00e9 Ivo Sartori, Governador do Estado do RS<\/em><\/p>\n<p><em>Edegar Pretto,\u00a0Presidente da Assembleia Legislativa do RS<\/em><\/p>\n<p><em>Marco Peixoto, Presidente do Tribunal de Contas do RS<\/em><\/p>\n<p><em>Constantino Orsolin, Prefeito de Canela<\/em><\/p>\n<p><em>Marcelo Drehmer, Presidente da CMV de Canela<\/em><\/p>\n<p><em>Luia Barbacovi, Presidente da CMV de Gramado<\/em><\/p>\n<p><em>Silomar Garcia Silveira, Presidente da UVERGS<\/em><\/p>\n<p><strong>21h \u2013 Jantar de Integra\u00e7\u00e3o, Churrascaria Espelho Ga\u00facho<\/strong><\/p>\n<p><em><strong>Dia 09\/11\u00a0\u2013 Quinta-Feira\u00a0<\/strong>(Audit\u00f3rio da Casa de Pedra \u2013 Canela)<\/em><\/p>\n<p><em><strong>09h \u2013 O Incremento da Arrecada\u00e7\u00e3o Atrav\u00e9s da Gest\u00e3o Tribut\u00e1ria Municipal \u2013 <\/strong>Jeanine Benkenstein,\u00a0Vice Presidente CONSEF; Professora e escritora em Direito Tribut\u00e1rio;<\/em><\/p>\n<p><strong><em>11h \u2013 Case de Sucesso \u2013 Apresenta\u00e7\u00e3o Munic\u00edpio\u00a0Bonito-PE<\/em><\/strong><\/p>\n<p><em><strong>12:00 \u2013 Intervalo para almo\u00e7o<\/strong><\/em><\/p>\n<p><em><strong>13h30-<\/strong>\u00a0Deslocamento para o Teatro Elisabeth Rosenfeld \u2013 <strong>C\u00e2mara Municipal de Gramado\u00a0<\/strong><\/em><\/p>\n<p><em><strong>14h30 \u2013\u00a0<\/strong><\/em><em><strong>\u00a0A import\u00e2ncia da fun\u00e7\u00e3o do vereador para a retomada da pol\u00edtica brasileira \u2013\u00a0<\/strong><\/em><em>Palestrante:\u00a0<\/em><em>Herval Sampaio \u00e9 Mestre e Doutorando em Direito Constitucional, Especialista em Processo Civil e Penal, Professor da UERN, ESMARN, Coordenador Acad\u00eamico do Curso de Especializa\u00e7\u00e3o de Direitos Humanos da UERN. Autor de v\u00e1rias obras jur\u00eddicas, Juiz de Direito da Comarca de Mossor\u00f3\/RN e ex-Juiz Eleitoral.<\/em><\/p>\n<p><em>\u00a0<\/em><strong>Dia 10\/11\u00a0\u2013 Sexta-Feira\u00a0\u00a0<\/strong>(Audit\u00f3rio da Casa de Pedra \u2013 Canela)<\/p>\n<p><em><strong>09h \u2013 A\u00e7\u00f5es de desenvolvimento econ\u00f4mico regional \u2013 <\/strong>Marx Beltr\u00e3o \u2013 Ministro do Turismo<\/em><\/p>\n<p><em><strong>10h \u2013 O Papel do TCU\u00a0na Defesa da Cidadania \u2013 \u00a0<\/strong>Jo\u00e3o Augusto Ribeiro Nardes \u2013 Ministro do Tribunal de Contas da Uni\u00e3o<\/em><\/p>\n<p><em><strong>14h \u2013\u00a0<\/strong><strong>\u00a0Fun\u00e7\u00f5es do Poder Legislativo Municipal e o\u00a0<\/strong><\/em><em><strong>Processo Legislativo passo a passo\u00a0<\/strong><\/em><\/p>\n<p><em><strong>16h \u2013 Solenidade de Encerramento com *sorteio (por ades\u00e3o*)<\/strong><\/em><\/p>\n<p><em><strong>17h \u2013 Entrega de certificados<\/strong><\/em><\/p>\n<p><em>Programa\u00e7\u00e3o sujeita a altera\u00e7\u00f5es sem aviso pr\u00e9vio, dependendo da confirma\u00e7\u00e3o dos palestrantes.<\/em><\/p>\n<p><em><strong>Maiores Informa\u00e7\u00f5es: 51 3225 2029 \u2013 uvb@wpsandbox4.pante.com.br<\/strong><\/em><\/p>\n<p><strong>Local:\u00a0<\/strong>Audit\u00f3rio da Casa de Pedra \u2013 Canela\/RS \/\u00a0Teatro Elisabeth Rosenfeld \u2013 C\u00e2mara Municipal de Gramado\/RS<\/p>\n<p><strong>P\u00fablico Alvo:<\/strong><br \/>\nVereadores, Diretores, Procuradores, Assessores e Servidores de C\u00e2maras Municipais, Prefeitos, Vice-Prefeitos, secret\u00e1rio municipais, procuradores jur\u00eddicos municipais e assessores de prefeituras municipais, estudantes e demais interessados nas mat\u00e9rias apresentadas.<\/p>\n<p><strong>Investimento:<\/strong><\/p>\n<p>C\u00e2maras Filiadas R$ 400,00 (por inscri\u00e7\u00e3o)<\/p>\n<p>C\u00e2maras N\u00e3o Filiadas R$ 460,00 (por inscri\u00e7\u00e3o)<\/p>\n<\/div>\n<p>&nbsp;<\/p>\n<p>&nbsp;<\/p>\n<p>&nbsp;<\/p>\n<p>&nbsp;<\/p>\n<p>&nbsp;<\/p>\n","protected":false},"excerpt":{"rendered":"<p>O Juiz da Comarca de Mossor\u00f3\/RN, vai participar como palestrante do Encontro Nacional de Legislativos Municipais, que acontece de 07&#8230;<\/p>\n","protected":false},"author":1,"featured_media":6333,"comment_status":"open","ping_status":"open","sticky":false,"template":"","format":"standard","meta":{"footnotes":""},"categories":[3,4],"tags":[],"class_list":["post-8559","post","type-post","status-publish","format-standard","has-post-thumbnail","hentry","category-noticias","category-home"],"yoast_head":"<!-- This site is optimized with the Yoast SEO plugin v26.7 - https:\/\/yoast.com\/wordpress\/plugins\/seo\/ -->\n<title>Juiz Herval Sampaio debate sobre a import\u00e2ncia do vereador para retomada da pol\u00edtica brasileira - UVB Brasil<\/title>\n<meta name=\"robots\" content=\"index, follow, max-snippet:-1, max-image-preview:large, max-video-preview:-1\" \/>\n<link rel=\"canonical\" href=\"https:\/\/uvbbrasil.com.br\/juiz-herval-sampaio-jr-debate-sobre-importancia-vereador-para-retomada-da-politica-brasileira\/\" \/>\n<meta property=\"og:locale\" content=\"pt_BR\" \/>\n<meta property=\"og:type\" content=\"article\" \/>\n<meta property=\"og:title\" content=\"Juiz Herval Sampaio debate sobre a import\u00e2ncia do vereador para retomada da pol\u00edtica brasileira - UVB Brasil\" \/>\n<meta property=\"og:description\" content=\"O Juiz da Comarca de Mossor\u00f3\/RN, vai participar como palestrante do Encontro Nacional de Legislativos Municipais, que acontece de 07...\" \/>\n<meta property=\"og:url\" content=\"https:\/\/uvbbrasil.com.br\/juiz-herval-sampaio-jr-debate-sobre-importancia-vereador-para-retomada-da-politica-brasileira\/\" \/>\n<meta property=\"og:site_name\" content=\"UVB Brasil\" \/>\n<meta property=\"article:publisher\" content=\"https:\/\/www.facebook.com\/uvb.vereadoresbrasil\" \/>\n<meta property=\"article:published_time\" content=\"2017-10-15T03:13:26+00:00\" \/>\n<meta property=\"og:image\" content=\"https:\/\/uvbbrasil.com.br\/wp-content\/uploads\/2017\/04\/herval3.jpg\" \/>\n\t<meta property=\"og:image:width\" content=\"1000\" \/>\n\t<meta property=\"og:image:height\" content=\"666\" \/>\n\t<meta property=\"og:image:type\" content=\"image\/jpeg\" \/>\n<meta name=\"author\" content=\"adminuvb\" \/>\n<meta name=\"twitter:card\" content=\"summary_large_image\" \/>\n<meta name=\"twitter:label1\" content=\"Escrito por\" \/>\n\t<meta name=\"twitter:data1\" content=\"adminuvb\" \/>\n\t<meta name=\"twitter:label2\" content=\"Est. tempo de leitura\" \/>\n\t<meta name=\"twitter:data2\" content=\"4 minutos\" \/>\n<script type=\"application\/ld+json\" class=\"yoast-schema-graph\">{\"@context\":\"https:\/\/schema.org\",\"@graph\":[{\"@type\":\"Article\",\"@id\":\"https:\/\/uvbbrasil.com.br\/juiz-herval-sampaio-jr-debate-sobre-importancia-vereador-para-retomada-da-politica-brasileira\/#article\",\"isPartOf\":{\"@id\":\"https:\/\/uvbbrasil.com.br\/juiz-herval-sampaio-jr-debate-sobre-importancia-vereador-para-retomada-da-politica-brasileira\/\"},\"author\":{\"name\":\"adminuvb\",\"@id\":\"https:\/\/uvbbrasil.com.br\/#\/schema\/person\/17990098446c098f52effddff4f1b272\"},\"headline\":\"Juiz Herval Sampaio debate sobre a import\u00e2ncia do vereador para retomada da pol\u00edtica brasileira\",\"datePublished\":\"2017-10-15T03:13:26+00:00\",\"mainEntityOfPage\":{\"@id\":\"https:\/\/uvbbrasil.com.br\/juiz-herval-sampaio-jr-debate-sobre-importancia-vereador-para-retomada-da-politica-brasileira\/\"},\"wordCount\":764,\"commentCount\":0,\"publisher\":{\"@id\":\"https:\/\/uvbbrasil.com.br\/#organization\"},\"image\":{\"@id\":\"https:\/\/uvbbrasil.com.br\/juiz-herval-sampaio-jr-debate-sobre-importancia-vereador-para-retomada-da-politica-brasileira\/#primaryimage\"},\"thumbnailUrl\":\"https:\/\/uvbbrasil.com.br\/wp-content\/uploads\/2017\/04\/herval3.jpg\",\"articleSection\":[\"NOT\u00cdCIAS\",\"UVB\"],\"inLanguage\":\"pt-BR\",\"potentialAction\":[{\"@type\":\"CommentAction\",\"name\":\"Comment\",\"target\":[\"https:\/\/uvbbrasil.com.br\/juiz-herval-sampaio-jr-debate-sobre-importancia-vereador-para-retomada-da-politica-brasileira\/#respond\"]}]},{\"@type\":\"WebPage\",\"@id\":\"https:\/\/uvbbrasil.com.br\/juiz-herval-sampaio-jr-debate-sobre-importancia-vereador-para-retomada-da-politica-brasileira\/\",\"url\":\"https:\/\/uvbbrasil.com.br\/juiz-herval-sampaio-jr-debate-sobre-importancia-vereador-para-retomada-da-politica-brasileira\/\",\"name\":\"Juiz Herval Sampaio debate sobre a import\u00e2ncia do vereador para retomada da pol\u00edtica brasileira - UVB Brasil\",\"isPartOf\":{\"@id\":\"https:\/\/uvbbrasil.com.br\/#website\"},\"primaryImageOfPage\":{\"@id\":\"https:\/\/uvbbrasil.com.br\/juiz-herval-sampaio-jr-debate-sobre-importancia-vereador-para-retomada-da-politica-brasileira\/#primaryimage\"},\"image\":{\"@id\":\"https:\/\/uvbbrasil.com.br\/juiz-herval-sampaio-jr-debate-sobre-importancia-vereador-para-retomada-da-politica-brasileira\/#primaryimage\"},\"thumbnailUrl\":\"https:\/\/uvbbrasil.com.br\/wp-content\/uploads\/2017\/04\/herval3.jpg\",\"datePublished\":\"2017-10-15T03:13:26+00:00\",\"breadcrumb\":{\"@id\":\"https:\/\/uvbbrasil.com.br\/juiz-herval-sampaio-jr-debate-sobre-importancia-vereador-para-retomada-da-politica-brasileira\/#breadcrumb\"},\"inLanguage\":\"pt-BR\",\"potentialAction\":[{\"@type\":\"ReadAction\",\"target\":[\"https:\/\/uvbbrasil.com.br\/juiz-herval-sampaio-jr-debate-sobre-importancia-vereador-para-retomada-da-politica-brasileira\/\"]}]},{\"@type\":\"ImageObject\",\"inLanguage\":\"pt-BR\",\"@id\":\"https:\/\/uvbbrasil.com.br\/juiz-herval-sampaio-jr-debate-sobre-importancia-vereador-para-retomada-da-politica-brasileira\/#primaryimage\",\"url\":\"https:\/\/uvbbrasil.com.br\/wp-content\/uploads\/2017\/04\/herval3.jpg\",\"contentUrl\":\"https:\/\/uvbbrasil.com.br\/wp-content\/uploads\/2017\/04\/herval3.jpg\",\"width\":1000,\"height\":666},{\"@type\":\"BreadcrumbList\",\"@id\":\"https:\/\/uvbbrasil.com.br\/juiz-herval-sampaio-jr-debate-sobre-importancia-vereador-para-retomada-da-politica-brasileira\/#breadcrumb\",\"itemListElement\":[{\"@type\":\"ListItem\",\"position\":1,\"name\":\"In\u00edcio\",\"item\":\"https:\/\/uvbbrasil.com.br\/\"},{\"@type\":\"ListItem\",\"position\":2,\"name\":\"Juiz Herval Sampaio debate sobre a import\u00e2ncia do vereador para retomada da pol\u00edtica brasileira\"}]},{\"@type\":\"WebSite\",\"@id\":\"https:\/\/uvbbrasil.com.br\/#website\",\"url\":\"https:\/\/uvbbrasil.com.br\/\",\"name\":\"UVB Brasil\",\"description\":\"Uni\u00e3o dos Vereadores do Brasil\",\"publisher\":{\"@id\":\"https:\/\/uvbbrasil.com.br\/#organization\"},\"potentialAction\":[{\"@type\":\"SearchAction\",\"target\":{\"@type\":\"EntryPoint\",\"urlTemplate\":\"https:\/\/uvbbrasil.com.br\/?s={search_term_string}\"},\"query-input\":{\"@type\":\"PropertyValueSpecification\",\"valueRequired\":true,\"valueName\":\"search_term_string\"}}],\"inLanguage\":\"pt-BR\"},{\"@type\":\"Organization\",\"@id\":\"https:\/\/uvbbrasil.com.br\/#organization\",\"name\":\"UVB Brasil\",\"url\":\"https:\/\/uvbbrasil.com.br\/\",\"logo\":{\"@type\":\"ImageObject\",\"inLanguage\":\"pt-BR\",\"@id\":\"https:\/\/uvbbrasil.com.br\/#\/schema\/logo\/image\/\",\"url\":\"https:\/\/uvbbrasil.com.br\/wp-content\/uploads\/2025\/01\/LOGO-UVB-2024-azul-1.jpg\",\"contentUrl\":\"https:\/\/uvbbrasil.com.br\/wp-content\/uploads\/2025\/01\/LOGO-UVB-2024-azul-1.jpg\",\"width\":600,\"height\":211,\"caption\":\"UVB Brasil\"},\"image\":{\"@id\":\"https:\/\/uvbbrasil.com.br\/#\/schema\/logo\/image\/\"},\"sameAs\":[\"https:\/\/www.facebook.com\/uvb.vereadoresbrasil\",\"https:\/\/www.instagram.com\/uvbbrasil\/\",\"https:\/\/www.youtube.com\/channel\/UCIlPQ8Xzw5GHNzosQIg9S5A\"]},{\"@type\":\"Person\",\"@id\":\"https:\/\/uvbbrasil.com.br\/#\/schema\/person\/17990098446c098f52effddff4f1b272\",\"name\":\"adminuvb\",\"image\":{\"@type\":\"ImageObject\",\"inLanguage\":\"pt-BR\",\"@id\":\"https:\/\/uvbbrasil.com.br\/#\/schema\/person\/image\/\",\"url\":\"https:\/\/secure.gravatar.com\/avatar\/1a494ea6f8e2dd1ae526e55b0e9497efdba542491e0620d704cccf63c6f77c45?s=96&d=mm&r=g\",\"contentUrl\":\"https:\/\/secure.gravatar.com\/avatar\/1a494ea6f8e2dd1ae526e55b0e9497efdba542491e0620d704cccf63c6f77c45?s=96&d=mm&r=g\",\"caption\":\"adminuvb\"},\"sameAs\":[\"https:\/\/uvbbrasil.com.br\"],\"url\":\"https:\/\/uvbbrasil.com.br\/author\/adminuvb\/\"}]}<\/script>\n<!-- \/ Yoast SEO plugin. -->","yoast_head_json":{"title":"Juiz Herval Sampaio debate sobre a import\u00e2ncia do vereador para retomada da pol\u00edtica brasileira - UVB Brasil","robots":{"index":"index","follow":"follow","max-snippet":"max-snippet:-1","max-image-preview":"max-image-preview:large","max-video-preview":"max-video-preview:-1"},"canonical":"https:\/\/uvbbrasil.com.br\/juiz-herval-sampaio-jr-debate-sobre-importancia-vereador-para-retomada-da-politica-brasileira\/","og_locale":"pt_BR","og_type":"article","og_title":"Juiz Herval Sampaio debate sobre a import\u00e2ncia do vereador para retomada da pol\u00edtica brasileira - UVB Brasil","og_description":"O Juiz da Comarca de Mossor\u00f3\/RN, vai participar como palestrante do Encontro Nacional de Legislativos Municipais, que acontece de 07...","og_url":"https:\/\/uvbbrasil.com.br\/juiz-herval-sampaio-jr-debate-sobre-importancia-vereador-para-retomada-da-politica-brasileira\/","og_site_name":"UVB Brasil","article_publisher":"https:\/\/www.facebook.com\/uvb.vereadoresbrasil","article_published_time":"2017-10-15T03:13:26+00:00","og_image":[{"width":1000,"height":666,"url":"https:\/\/uvbbrasil.com.br\/wp-content\/uploads\/2017\/04\/herval3.jpg","type":"image\/jpeg"}],"author":"adminuvb","twitter_card":"summary_large_image","twitter_misc":{"Escrito por":"adminuvb","Est. tempo de leitura":"4 minutos"},"schema":{"@context":"https:\/\/schema.org","@graph":[{"@type":"Article","@id":"https:\/\/uvbbrasil.com.br\/juiz-herval-sampaio-jr-debate-sobre-importancia-vereador-para-retomada-da-politica-brasileira\/#article","isPartOf":{"@id":"https:\/\/uvbbrasil.com.br\/juiz-herval-sampaio-jr-debate-sobre-importancia-vereador-para-retomada-da-politica-brasileira\/"},"author":{"name":"adminuvb","@id":"https:\/\/uvbbrasil.com.br\/#\/schema\/person\/17990098446c098f52effddff4f1b272"},"headline":"Juiz Herval Sampaio debate sobre a import\u00e2ncia do vereador para retomada da pol\u00edtica brasileira","datePublished":"2017-10-15T03:13:26+00:00","mainEntityOfPage":{"@id":"https:\/\/uvbbrasil.com.br\/juiz-herval-sampaio-jr-debate-sobre-importancia-vereador-para-retomada-da-politica-brasileira\/"},"wordCount":764,"commentCount":0,"publisher":{"@id":"https:\/\/uvbbrasil.com.br\/#organization"},"image":{"@id":"https:\/\/uvbbrasil.com.br\/juiz-herval-sampaio-jr-debate-sobre-importancia-vereador-para-retomada-da-politica-brasileira\/#primaryimage"},"thumbnailUrl":"https:\/\/uvbbrasil.com.br\/wp-content\/uploads\/2017\/04\/herval3.jpg","articleSection":["NOT\u00cdCIAS","UVB"],"inLanguage":"pt-BR","potentialAction":[{"@type":"CommentAction","name":"Comment","target":["https:\/\/uvbbrasil.com.br\/juiz-herval-sampaio-jr-debate-sobre-importancia-vereador-para-retomada-da-politica-brasileira\/#respond"]}]},{"@type":"WebPage","@id":"https:\/\/uvbbrasil.com.br\/juiz-herval-sampaio-jr-debate-sobre-importancia-vereador-para-retomada-da-politica-brasileira\/","url":"https:\/\/uvbbrasil.com.br\/juiz-herval-sampaio-jr-debate-sobre-importancia-vereador-para-retomada-da-politica-brasileira\/","name":"Juiz Herval Sampaio debate sobre a import\u00e2ncia do vereador para retomada da pol\u00edtica brasileira - UVB Brasil","isPartOf":{"@id":"https:\/\/uvbbrasil.com.br\/#website"},"primaryImageOfPage":{"@id":"https:\/\/uvbbrasil.com.br\/juiz-herval-sampaio-jr-debate-sobre-importancia-vereador-para-retomada-da-politica-brasileira\/#primaryimage"},"image":{"@id":"https:\/\/uvbbrasil.com.br\/juiz-herval-sampaio-jr-debate-sobre-importancia-vereador-para-retomada-da-politica-brasileira\/#primaryimage"},"thumbnailUrl":"https:\/\/uvbbrasil.com.br\/wp-content\/uploads\/2017\/04\/herval3.jpg","datePublished":"2017-10-15T03:13:26+00:00","breadcrumb":{"@id":"https:\/\/uvbbrasil.com.br\/juiz-herval-sampaio-jr-debate-sobre-importancia-vereador-para-retomada-da-politica-brasileira\/#breadcrumb"},"inLanguage":"pt-BR","potentialAction":[{"@type":"ReadAction","target":["https:\/\/uvbbrasil.com.br\/juiz-herval-sampaio-jr-debate-sobre-importancia-vereador-para-retomada-da-politica-brasileira\/"]}]},{"@type":"ImageObject","inLanguage":"pt-BR","@id":"https:\/\/uvbbrasil.com.br\/juiz-herval-sampaio-jr-debate-sobre-importancia-vereador-para-retomada-da-politica-brasileira\/#primaryimage","url":"https:\/\/uvbbrasil.com.br\/wp-content\/uploads\/2017\/04\/herval3.jpg","contentUrl":"https:\/\/uvbbrasil.com.br\/wp-content\/uploads\/2017\/04\/herval3.jpg","width":1000,"height":666},{"@type":"BreadcrumbList","@id":"https:\/\/uvbbrasil.com.br\/juiz-herval-sampaio-jr-debate-sobre-importancia-vereador-para-retomada-da-politica-brasileira\/#breadcrumb","itemListElement":[{"@type":"ListItem","position":1,"name":"In\u00edcio","item":"https:\/\/uvbbrasil.com.br\/"},{"@type":"ListItem","position":2,"name":"Juiz Herval Sampaio debate sobre a import\u00e2ncia do vereador para retomada da pol\u00edtica brasileira"}]},{"@type":"WebSite","@id":"https:\/\/uvbbrasil.com.br\/#website","url":"https:\/\/uvbbrasil.com.br\/","name":"UVB Brasil","description":"Uni\u00e3o dos Vereadores do Brasil","publisher":{"@id":"https:\/\/uvbbrasil.com.br\/#organization"},"potentialAction":[{"@type":"SearchAction","target":{"@type":"EntryPoint","urlTemplate":"https:\/\/uvbbrasil.com.br\/?s={search_term_string}"},"query-input":{"@type":"PropertyValueSpecification","valueRequired":true,"valueName":"search_term_string"}}],"inLanguage":"pt-BR"},{"@type":"Organization","@id":"https:\/\/uvbbrasil.com.br\/#organization","name":"UVB Brasil","url":"https:\/\/uvbbrasil.com.br\/","logo":{"@type":"ImageObject","inLanguage":"pt-BR","@id":"https:\/\/uvbbrasil.com.br\/#\/schema\/logo\/image\/","url":"https:\/\/uvbbrasil.com.br\/wp-content\/uploads\/2025\/01\/LOGO-UVB-2024-azul-1.jpg","contentUrl":"https:\/\/uvbbrasil.com.br\/wp-content\/uploads\/2025\/01\/LOGO-UVB-2024-azul-1.jpg","width":600,"height":211,"caption":"UVB Brasil"},"image":{"@id":"https:\/\/uvbbrasil.com.br\/#\/schema\/logo\/image\/"},"sameAs":["https:\/\/www.facebook.com\/uvb.vereadoresbrasil","https:\/\/www.instagram.com\/uvbbrasil\/","https:\/\/www.youtube.com\/channel\/UCIlPQ8Xzw5GHNzosQIg9S5A"]},{"@type":"Person","@id":"https:\/\/uvbbrasil.com.br\/#\/schema\/person\/17990098446c098f52effddff4f1b272","name":"adminuvb","image":{"@type":"ImageObject","inLanguage":"pt-BR","@id":"https:\/\/uvbbrasil.com.br\/#\/schema\/person\/image\/","url":"https:\/\/secure.gravatar.com\/avatar\/1a494ea6f8e2dd1ae526e55b0e9497efdba542491e0620d704cccf63c6f77c45?s=96&d=mm&r=g","contentUrl":"https:\/\/secure.gravatar.com\/avatar\/1a494ea6f8e2dd1ae526e55b0e9497efdba542491e0620d704cccf63c6f77c45?s=96&d=mm&r=g","caption":"adminuvb"},"sameAs":["https:\/\/uvbbrasil.com.br"],"url":"https:\/\/uvbbrasil.com.br\/author\/adminuvb\/"}]}},"_links":{"self":[{"href":"https:\/\/uvbbrasil.com.br\/uvb-json\/wp\/v2\/posts\/8559","targetHints":{"allow":["GET"]}}],"collection":[{"href":"https:\/\/uvbbrasil.com.br\/uvb-json\/wp\/v2\/posts"}],"about":[{"href":"https:\/\/uvbbrasil.com.br\/uvb-json\/wp\/v2\/types\/post"}],"author":[{"embeddable":true,"href":"https:\/\/uvbbrasil.com.br\/uvb-json\/wp\/v2\/users\/1"}],"replies":[{"embeddable":true,"href":"https:\/\/uvbbrasil.com.br\/uvb-json\/wp\/v2\/comments?post=8559"}],"version-history":[{"count":0,"href":"https:\/\/uvbbrasil.com.br\/uvb-json\/wp\/v2\/posts\/8559\/revisions"}],"wp:featuredmedia":[{"embeddable":true,"href":"https:\/\/uvbbrasil.com.br\/uvb-json\/wp\/v2\/media\/6333"}],"wp:attachment":[{"href":"https:\/\/uvbbrasil.com.br\/uvb-json\/wp\/v2\/media?parent=8559"}],"wp:term":[{"taxonomy":"category","embeddable":true,"href":"https:\/\/uvbbrasil.com.br\/uvb-json\/wp\/v2\/categories?post=8559"},{"taxonomy":"post_tag","embeddable":true,"href":"https:\/\/uvbbrasil.com.br\/uvb-json\/wp\/v2\/tags?post=8559"}],"curies":[{"name":"wp","href":"https:\/\/api.w.org\/{rel}","templated":true}]}}