{"id":8467,"date":"2017-10-05T01:03:57","date_gmt":"2017-10-05T04:03:57","guid":{"rendered":"https:\/\/wpsandbox4.pante.com.br\/?p=8467"},"modified":"2017-10-05T01:03:57","modified_gmt":"2017-10-05T04:03:57","slug":"camara-de-vereadores-de-jundiai-aprova-projeto-de-lei-escola-sem-partido","status":"publish","type":"post","link":"https:\/\/uvbbrasil.com.br\/camara-de-vereadores-de-jundiai-aprova-projeto-de-lei-escola-sem-partido\/","title":{"rendered":"C\u00e2mara de Vereadores de Jundia\u00ed aprova projeto de lei &#8216;Escola sem Partido&#8217;"},"content":{"rendered":"<div id=\"header\" class=\"header\">\n<header id=\"header-produto\" class=\"header-navegacao header-g1 header-editoria header-ready\" data-analytics=\"T\">\n<div class=\"floating-bar\">\n<div class=\"gui-color-primary-bg header-principal header-navegacao-color\">\n<div class=\"grid-12 header-navegacao-container row\">\n<p class=\"area-principal column\">Parlamentares aprovaram programa que pretende prevenir que professores doutrinem alunos de forma pol\u00edtica e ideol\u00f3gica nas escolas municipais.<\/p>\n<\/div>\n<\/div>\n<\/div>\n<\/header>\n<\/div>\n<div class=\"row content-share-bar\">\n<div class=\"column medium-centered medium-22 large-20 content-share-bar__container\" data-track-category=\"Social Topo\">\n<p id=\"share-bar\" class=\"share-bar share-bar-container share-theme-minimal share-bar-container share-theme-minimal\" data-track-action=\"Intencao\" data-url=\"https:\/\/g1.globo.com\/sao-paulo\/sorocaba-jundiai\/noticia\/camara-de-vereadores-de-jundiai-aprova-projeto-de-lei-escola-sem-partido.ghtml\" data-title=\"C\u00e2mara de Vereadores de Jundia\u00ed aprova projeto de lei 'Escola sem Partido'\" data-image-url=\"https:\/\/s2.glbimg.com\/wqhi4aGlezPH6XdVrFQoV9ty_a4=\/1200x\/smart\/filters:cover():strip_icc()\/s04.video.glbimg.com\/x720\/6177915.jpg\">A C\u00e2mara de Vereadores de Jundia\u00ed (SP) aprovou, durante sess\u00e3o realizada na semana passada (26\/09), o projeto de lei 12.347, que institui o programa &#8220;Escola sem Partido&#8221; na rede municipal de ensino.<\/p>\n<\/div>\n<\/div>\n<div class=\"mc-article-body\">\n<article>\n<div class=\"mc-column content-text active-extra-styles \" data-block-type=\"unstyled\" data-block-weight=\"51\">\n<p class=\"content-text__container \" data-track-category=\"Link no Texto\" data-track-links=\"\">Em sess\u00e3o tumultuada, que durou mais de duas horas e contou com v\u00e1rios protestos no plen\u00e1rio, o programa que pretende &#8220;prevenir&#8221; que professores doutrinem alunos de forma pol\u00edtica e ideol\u00f3gica nas escolas municipais recebeu 11 votos favor\u00e1veis conta sete contr\u00e1rios. O projeto \u00e9 de autoria do vereador Ant\u00f4nio Carlos Albino (PSB).<\/p>\n<\/div>\n<div class=\"mc-column content-text active-extra-styles \" data-block-type=\"unstyled\" data-block-weight=\"31\">\n<p class=\"content-text__container \" data-track-category=\"Link no Texto\" data-track-links=\"\">O projeto gera pol\u00eamica, j\u00e1 que grande parte da discuss\u00e3o \u00e9 em torno da inconstitucionalidade e de uma poss\u00edvel censura aos professores que o programa poder\u00e1 provocar nas salas de aula.<\/p>\n<\/div>\n<div class=\"mc-column content-text active-extra-styles \" data-block-type=\"unstyled\" data-block-weight=\"35\">\n<p class=\"content-text__container \" data-track-category=\"Link no Texto\" data-track-links=\"\">A Ordem dos Advogados do Brasil (OAB) de Jundia\u00ed protocolou uma nota t\u00e9cnica, junto \u00e0 C\u00e2mara Municipal, considerando inconstitucional o projeto de lei que estabelece o programa Escola sem Partido na rede municipal de ensino.<\/p>\n<\/div>\n<div class=\"mc-column content-text active-extra-styles \" data-block-type=\"unstyled\" data-block-weight=\"33\">\n<p class=\"content-text__container \" data-track-category=\"Link no Texto\" data-track-links=\"\">Inclusive, a nota t\u00e9cnica cont\u00e9m pareceres do Minist\u00e9rio P\u00fablico Federal, do ministro Lu\u00eds Roberto Barroso, do Supremo Tribunal Federal (STF) e at\u00e9 da Organiza\u00e7\u00e3o das Na\u00e7\u00f5es Unidas (ONU) que seguem a mesmo pensamento.<\/p>\n<\/div>\n<div class=\"mc-column content-text active-extra-styles \" data-block-type=\"unstyled\" data-block-weight=\"25\">\n<p class=\"content-text__container \" data-track-category=\"Link no Texto\" data-track-links=\"\">J\u00e1 para os representantes do Movimento Brasil Livre (MBL), que estiveram presentes na C\u00e2mara acompanhando a vota\u00e7\u00e3o do projeto, o programa est\u00e1 amparado pela lei.<\/p>\n<\/div>\n<div class=\"mc-column content-text active-extra-styles \" data-block-type=\"unstyled\" data-block-weight=\"10\">\n<p class=\"content-text__container \" data-track-category=\"Link no Texto\" data-track-links=\"\"><em>Fonte:\u00a0<\/em><a href=\"http:\/\/www.g1.com.br\/sorocaba\" target=\"_blank\" rel=\"noopener noreferrer\"><em>G1 Sorocaba e Jundia\u00ed<\/em><\/a><\/p>\n<\/div>\n<\/article>\n<\/div>\n","protected":false},"excerpt":{"rendered":"<p>Parlamentares aprovaram programa que pretende prevenir que professores doutrinem alunos de forma pol\u00edtica e ideol\u00f3gica nas escolas municipais. A C\u00e2mara&#8230;<\/p>\n","protected":false},"author":1,"featured_media":8468,"comment_status":"open","ping_status":"open","sticky":false,"template":"","format":"standard","meta":{"footnotes":""},"categories":[3],"tags":[],"class_list":["post-8467","post","type-post","status-publish","format-standard","has-post-thumbnail","hentry","category-noticias"],"yoast_head":"<!-- This site is optimized with the Yoast SEO plugin v27.5 - https:\/\/yoast.com\/product\/yoast-seo-wordpress\/ -->\n<title>C\u00e2mara de Vereadores de Jundia\u00ed aprova projeto de lei &#039;Escola sem Partido&#039; - UVB Brasil<\/title>\n<meta name=\"robots\" content=\"index, follow, max-snippet:-1, max-image-preview:large, max-video-preview:-1\" \/>\n<link rel=\"canonical\" href=\"https:\/\/uvbbrasil.com.br\/camara-de-vereadores-de-jundiai-aprova-projeto-de-lei-escola-sem-partido\/\" \/>\n<meta property=\"og:locale\" content=\"pt_BR\" \/>\n<meta property=\"og:type\" content=\"article\" \/>\n<meta property=\"og:title\" content=\"C\u00e2mara de Vereadores de Jundia\u00ed aprova projeto de lei &#039;Escola sem Partido&#039; - UVB Brasil\" \/>\n<meta property=\"og:description\" content=\"Parlamentares aprovaram programa que pretende prevenir que professores doutrinem alunos de forma pol\u00edtica e ideol\u00f3gica nas escolas municipais. A C\u00e2mara...\" \/>\n<meta property=\"og:url\" content=\"https:\/\/uvbbrasil.com.br\/camara-de-vereadores-de-jundiai-aprova-projeto-de-lei-escola-sem-partido\/\" \/>\n<meta property=\"og:site_name\" content=\"UVB Brasil\" \/>\n<meta property=\"article:publisher\" content=\"https:\/\/www.facebook.com\/uvb.vereadoresbrasil\" \/>\n<meta property=\"article:published_time\" content=\"2017-10-05T04:03:57+00:00\" \/>\n<meta property=\"og:image\" content=\"https:\/\/uvbbrasil.com.br\/wp-content\/uploads\/2017\/10\/jundiai.jpg\" \/>\n\t<meta property=\"og:image:width\" content=\"1280\" \/>\n\t<meta property=\"og:image:height\" content=\"720\" \/>\n\t<meta property=\"og:image:type\" content=\"image\/jpeg\" \/>\n<meta name=\"author\" content=\"adminuvb\" \/>\n<meta name=\"twitter:card\" content=\"summary_large_image\" \/>\n<meta name=\"twitter:label1\" content=\"Escrito por\" \/>\n\t<meta name=\"twitter:data1\" content=\"adminuvb\" \/>\n\t<meta name=\"twitter:label2\" content=\"Est. tempo de leitura\" \/>\n\t<meta name=\"twitter:data2\" content=\"1 minuto\" \/>\n<script type=\"application\/ld+json\" class=\"yoast-schema-graph\">{\"@context\":\"https:\\\/\\\/schema.org\",\"@graph\":[{\"@type\":\"Article\",\"@id\":\"https:\\\/\\\/uvbbrasil.com.br\\\/camara-de-vereadores-de-jundiai-aprova-projeto-de-lei-escola-sem-partido\\\/#article\",\"isPartOf\":{\"@id\":\"https:\\\/\\\/uvbbrasil.com.br\\\/camara-de-vereadores-de-jundiai-aprova-projeto-de-lei-escola-sem-partido\\\/\"},\"author\":{\"name\":\"adminuvb\",\"@id\":\"https:\\\/\\\/uvbbrasil.com.br\\\/#\\\/schema\\\/person\\\/17990098446c098f52effddff4f1b272\"},\"headline\":\"C\u00e2mara de Vereadores de Jundia\u00ed aprova projeto de lei &#8216;Escola sem Partido&#8217;\",\"datePublished\":\"2017-10-05T04:03:57+00:00\",\"mainEntityOfPage\":{\"@id\":\"https:\\\/\\\/uvbbrasil.com.br\\\/camara-de-vereadores-de-jundiai-aprova-projeto-de-lei-escola-sem-partido\\\/\"},\"wordCount\":263,\"commentCount\":0,\"publisher\":{\"@id\":\"https:\\\/\\\/uvbbrasil.com.br\\\/#organization\"},\"image\":{\"@id\":\"https:\\\/\\\/uvbbrasil.com.br\\\/camara-de-vereadores-de-jundiai-aprova-projeto-de-lei-escola-sem-partido\\\/#primaryimage\"},\"thumbnailUrl\":\"https:\\\/\\\/uvbbrasil.com.br\\\/wp-content\\\/uploads\\\/2017\\\/10\\\/jundiai.jpg\",\"articleSection\":[\"NOT\u00cdCIAS\"],\"inLanguage\":\"pt-BR\",\"potentialAction\":[{\"@type\":\"CommentAction\",\"name\":\"Comment\",\"target\":[\"https:\\\/\\\/uvbbrasil.com.br\\\/camara-de-vereadores-de-jundiai-aprova-projeto-de-lei-escola-sem-partido\\\/#respond\"]}]},{\"@type\":\"WebPage\",\"@id\":\"https:\\\/\\\/uvbbrasil.com.br\\\/camara-de-vereadores-de-jundiai-aprova-projeto-de-lei-escola-sem-partido\\\/\",\"url\":\"https:\\\/\\\/uvbbrasil.com.br\\\/camara-de-vereadores-de-jundiai-aprova-projeto-de-lei-escola-sem-partido\\\/\",\"name\":\"C\u00e2mara de Vereadores de Jundia\u00ed aprova projeto de lei 'Escola sem Partido' - UVB Brasil\",\"isPartOf\":{\"@id\":\"https:\\\/\\\/uvbbrasil.com.br\\\/#website\"},\"primaryImageOfPage\":{\"@id\":\"https:\\\/\\\/uvbbrasil.com.br\\\/camara-de-vereadores-de-jundiai-aprova-projeto-de-lei-escola-sem-partido\\\/#primaryimage\"},\"image\":{\"@id\":\"https:\\\/\\\/uvbbrasil.com.br\\\/camara-de-vereadores-de-jundiai-aprova-projeto-de-lei-escola-sem-partido\\\/#primaryimage\"},\"thumbnailUrl\":\"https:\\\/\\\/uvbbrasil.com.br\\\/wp-content\\\/uploads\\\/2017\\\/10\\\/jundiai.jpg\",\"datePublished\":\"2017-10-05T04:03:57+00:00\",\"breadcrumb\":{\"@id\":\"https:\\\/\\\/uvbbrasil.com.br\\\/camara-de-vereadores-de-jundiai-aprova-projeto-de-lei-escola-sem-partido\\\/#breadcrumb\"},\"inLanguage\":\"pt-BR\",\"potentialAction\":[{\"@type\":\"ReadAction\",\"target\":[\"https:\\\/\\\/uvbbrasil.com.br\\\/camara-de-vereadores-de-jundiai-aprova-projeto-de-lei-escola-sem-partido\\\/\"]}]},{\"@type\":\"ImageObject\",\"inLanguage\":\"pt-BR\",\"@id\":\"https:\\\/\\\/uvbbrasil.com.br\\\/camara-de-vereadores-de-jundiai-aprova-projeto-de-lei-escola-sem-partido\\\/#primaryimage\",\"url\":\"https:\\\/\\\/uvbbrasil.com.br\\\/wp-content\\\/uploads\\\/2017\\\/10\\\/jundiai.jpg\",\"contentUrl\":\"https:\\\/\\\/uvbbrasil.com.br\\\/wp-content\\\/uploads\\\/2017\\\/10\\\/jundiai.jpg\",\"width\":1280,\"height\":720},{\"@type\":\"BreadcrumbList\",\"@id\":\"https:\\\/\\\/uvbbrasil.com.br\\\/camara-de-vereadores-de-jundiai-aprova-projeto-de-lei-escola-sem-partido\\\/#breadcrumb\",\"itemListElement\":[{\"@type\":\"ListItem\",\"position\":1,\"name\":\"In\u00edcio\",\"item\":\"https:\\\/\\\/uvbbrasil.com.br\\\/\"},{\"@type\":\"ListItem\",\"position\":2,\"name\":\"C\u00e2mara de Vereadores de Jundia\u00ed aprova projeto de lei &#8216;Escola sem Partido&#8217;\"}]},{\"@type\":\"WebSite\",\"@id\":\"https:\\\/\\\/uvbbrasil.com.br\\\/#website\",\"url\":\"https:\\\/\\\/uvbbrasil.com.br\\\/\",\"name\":\"UVB Brasil\",\"description\":\"Uni\u00e3o dos Vereadores do Brasil\",\"publisher\":{\"@id\":\"https:\\\/\\\/uvbbrasil.com.br\\\/#organization\"},\"potentialAction\":[{\"@type\":\"SearchAction\",\"target\":{\"@type\":\"EntryPoint\",\"urlTemplate\":\"https:\\\/\\\/uvbbrasil.com.br\\\/?s={search_term_string}\"},\"query-input\":{\"@type\":\"PropertyValueSpecification\",\"valueRequired\":true,\"valueName\":\"search_term_string\"}}],\"inLanguage\":\"pt-BR\"},{\"@type\":\"Organization\",\"@id\":\"https:\\\/\\\/uvbbrasil.com.br\\\/#organization\",\"name\":\"UVB Brasil\",\"url\":\"https:\\\/\\\/uvbbrasil.com.br\\\/\",\"logo\":{\"@type\":\"ImageObject\",\"inLanguage\":\"pt-BR\",\"@id\":\"https:\\\/\\\/uvbbrasil.com.br\\\/#\\\/schema\\\/logo\\\/image\\\/\",\"url\":\"https:\\\/\\\/uvbbrasil.com.br\\\/wp-content\\\/uploads\\\/2025\\\/01\\\/LOGO-UVB-2024-azul-1.jpg\",\"contentUrl\":\"https:\\\/\\\/uvbbrasil.com.br\\\/wp-content\\\/uploads\\\/2025\\\/01\\\/LOGO-UVB-2024-azul-1.jpg\",\"width\":600,\"height\":211,\"caption\":\"UVB Brasil\"},\"image\":{\"@id\":\"https:\\\/\\\/uvbbrasil.com.br\\\/#\\\/schema\\\/logo\\\/image\\\/\"},\"sameAs\":[\"https:\\\/\\\/www.facebook.com\\\/uvb.vereadoresbrasil\",\"https:\\\/\\\/www.instagram.com\\\/uvbbrasil\\\/\",\"https:\\\/\\\/www.youtube.com\\\/channel\\\/UCIlPQ8Xzw5GHNzosQIg9S5A\"]},{\"@type\":\"Person\",\"@id\":\"https:\\\/\\\/uvbbrasil.com.br\\\/#\\\/schema\\\/person\\\/17990098446c098f52effddff4f1b272\",\"name\":\"adminuvb\",\"image\":{\"@type\":\"ImageObject\",\"inLanguage\":\"pt-BR\",\"@id\":\"https:\\\/\\\/secure.gravatar.com\\\/avatar\\\/1a494ea6f8e2dd1ae526e55b0e9497efdba542491e0620d704cccf63c6f77c45?s=96&d=mm&r=g\",\"url\":\"https:\\\/\\\/secure.gravatar.com\\\/avatar\\\/1a494ea6f8e2dd1ae526e55b0e9497efdba542491e0620d704cccf63c6f77c45?s=96&d=mm&r=g\",\"contentUrl\":\"https:\\\/\\\/secure.gravatar.com\\\/avatar\\\/1a494ea6f8e2dd1ae526e55b0e9497efdba542491e0620d704cccf63c6f77c45?s=96&d=mm&r=g\",\"caption\":\"adminuvb\"},\"sameAs\":[\"https:\\\/\\\/uvbbrasil.com.br\"],\"url\":\"https:\\\/\\\/uvbbrasil.com.br\\\/author\\\/adminuvb\\\/\"}]}<\/script>\n<!-- \/ Yoast SEO plugin. -->","yoast_head_json":{"title":"C\u00e2mara de Vereadores de Jundia\u00ed aprova projeto de lei 'Escola sem Partido' - UVB Brasil","robots":{"index":"index","follow":"follow","max-snippet":"max-snippet:-1","max-image-preview":"max-image-preview:large","max-video-preview":"max-video-preview:-1"},"canonical":"https:\/\/uvbbrasil.com.br\/camara-de-vereadores-de-jundiai-aprova-projeto-de-lei-escola-sem-partido\/","og_locale":"pt_BR","og_type":"article","og_title":"C\u00e2mara de Vereadores de Jundia\u00ed aprova projeto de lei 'Escola sem Partido' - UVB Brasil","og_description":"Parlamentares aprovaram programa que pretende prevenir que professores doutrinem alunos de forma pol\u00edtica e ideol\u00f3gica nas escolas municipais. A C\u00e2mara...","og_url":"https:\/\/uvbbrasil.com.br\/camara-de-vereadores-de-jundiai-aprova-projeto-de-lei-escola-sem-partido\/","og_site_name":"UVB Brasil","article_publisher":"https:\/\/www.facebook.com\/uvb.vereadoresbrasil","article_published_time":"2017-10-05T04:03:57+00:00","og_image":[{"width":1280,"height":720,"url":"https:\/\/uvbbrasil.com.br\/wp-content\/uploads\/2017\/10\/jundiai.jpg","type":"image\/jpeg"}],"author":"adminuvb","twitter_card":"summary_large_image","twitter_misc":{"Escrito por":"adminuvb","Est. tempo de leitura":"1 minuto"},"schema":{"@context":"https:\/\/schema.org","@graph":[{"@type":"Article","@id":"https:\/\/uvbbrasil.com.br\/camara-de-vereadores-de-jundiai-aprova-projeto-de-lei-escola-sem-partido\/#article","isPartOf":{"@id":"https:\/\/uvbbrasil.com.br\/camara-de-vereadores-de-jundiai-aprova-projeto-de-lei-escola-sem-partido\/"},"author":{"name":"adminuvb","@id":"https:\/\/uvbbrasil.com.br\/#\/schema\/person\/17990098446c098f52effddff4f1b272"},"headline":"C\u00e2mara de Vereadores de Jundia\u00ed aprova projeto de lei &#8216;Escola sem Partido&#8217;","datePublished":"2017-10-05T04:03:57+00:00","mainEntityOfPage":{"@id":"https:\/\/uvbbrasil.com.br\/camara-de-vereadores-de-jundiai-aprova-projeto-de-lei-escola-sem-partido\/"},"wordCount":263,"commentCount":0,"publisher":{"@id":"https:\/\/uvbbrasil.com.br\/#organization"},"image":{"@id":"https:\/\/uvbbrasil.com.br\/camara-de-vereadores-de-jundiai-aprova-projeto-de-lei-escola-sem-partido\/#primaryimage"},"thumbnailUrl":"https:\/\/uvbbrasil.com.br\/wp-content\/uploads\/2017\/10\/jundiai.jpg","articleSection":["NOT\u00cdCIAS"],"inLanguage":"pt-BR","potentialAction":[{"@type":"CommentAction","name":"Comment","target":["https:\/\/uvbbrasil.com.br\/camara-de-vereadores-de-jundiai-aprova-projeto-de-lei-escola-sem-partido\/#respond"]}]},{"@type":"WebPage","@id":"https:\/\/uvbbrasil.com.br\/camara-de-vereadores-de-jundiai-aprova-projeto-de-lei-escola-sem-partido\/","url":"https:\/\/uvbbrasil.com.br\/camara-de-vereadores-de-jundiai-aprova-projeto-de-lei-escola-sem-partido\/","name":"C\u00e2mara de Vereadores de Jundia\u00ed aprova projeto de lei 'Escola sem Partido' - UVB Brasil","isPartOf":{"@id":"https:\/\/uvbbrasil.com.br\/#website"},"primaryImageOfPage":{"@id":"https:\/\/uvbbrasil.com.br\/camara-de-vereadores-de-jundiai-aprova-projeto-de-lei-escola-sem-partido\/#primaryimage"},"image":{"@id":"https:\/\/uvbbrasil.com.br\/camara-de-vereadores-de-jundiai-aprova-projeto-de-lei-escola-sem-partido\/#primaryimage"},"thumbnailUrl":"https:\/\/uvbbrasil.com.br\/wp-content\/uploads\/2017\/10\/jundiai.jpg","datePublished":"2017-10-05T04:03:57+00:00","breadcrumb":{"@id":"https:\/\/uvbbrasil.com.br\/camara-de-vereadores-de-jundiai-aprova-projeto-de-lei-escola-sem-partido\/#breadcrumb"},"inLanguage":"pt-BR","potentialAction":[{"@type":"ReadAction","target":["https:\/\/uvbbrasil.com.br\/camara-de-vereadores-de-jundiai-aprova-projeto-de-lei-escola-sem-partido\/"]}]},{"@type":"ImageObject","inLanguage":"pt-BR","@id":"https:\/\/uvbbrasil.com.br\/camara-de-vereadores-de-jundiai-aprova-projeto-de-lei-escola-sem-partido\/#primaryimage","url":"https:\/\/uvbbrasil.com.br\/wp-content\/uploads\/2017\/10\/jundiai.jpg","contentUrl":"https:\/\/uvbbrasil.com.br\/wp-content\/uploads\/2017\/10\/jundiai.jpg","width":1280,"height":720},{"@type":"BreadcrumbList","@id":"https:\/\/uvbbrasil.com.br\/camara-de-vereadores-de-jundiai-aprova-projeto-de-lei-escola-sem-partido\/#breadcrumb","itemListElement":[{"@type":"ListItem","position":1,"name":"In\u00edcio","item":"https:\/\/uvbbrasil.com.br\/"},{"@type":"ListItem","position":2,"name":"C\u00e2mara de Vereadores de Jundia\u00ed aprova projeto de lei &#8216;Escola sem Partido&#8217;"}]},{"@type":"WebSite","@id":"https:\/\/uvbbrasil.com.br\/#website","url":"https:\/\/uvbbrasil.com.br\/","name":"UVB Brasil","description":"Uni\u00e3o dos Vereadores do Brasil","publisher":{"@id":"https:\/\/uvbbrasil.com.br\/#organization"},"potentialAction":[{"@type":"SearchAction","target":{"@type":"EntryPoint","urlTemplate":"https:\/\/uvbbrasil.com.br\/?s={search_term_string}"},"query-input":{"@type":"PropertyValueSpecification","valueRequired":true,"valueName":"search_term_string"}}],"inLanguage":"pt-BR"},{"@type":"Organization","@id":"https:\/\/uvbbrasil.com.br\/#organization","name":"UVB Brasil","url":"https:\/\/uvbbrasil.com.br\/","logo":{"@type":"ImageObject","inLanguage":"pt-BR","@id":"https:\/\/uvbbrasil.com.br\/#\/schema\/logo\/image\/","url":"https:\/\/uvbbrasil.com.br\/wp-content\/uploads\/2025\/01\/LOGO-UVB-2024-azul-1.jpg","contentUrl":"https:\/\/uvbbrasil.com.br\/wp-content\/uploads\/2025\/01\/LOGO-UVB-2024-azul-1.jpg","width":600,"height":211,"caption":"UVB Brasil"},"image":{"@id":"https:\/\/uvbbrasil.com.br\/#\/schema\/logo\/image\/"},"sameAs":["https:\/\/www.facebook.com\/uvb.vereadoresbrasil","https:\/\/www.instagram.com\/uvbbrasil\/","https:\/\/www.youtube.com\/channel\/UCIlPQ8Xzw5GHNzosQIg9S5A"]},{"@type":"Person","@id":"https:\/\/uvbbrasil.com.br\/#\/schema\/person\/17990098446c098f52effddff4f1b272","name":"adminuvb","image":{"@type":"ImageObject","inLanguage":"pt-BR","@id":"https:\/\/secure.gravatar.com\/avatar\/1a494ea6f8e2dd1ae526e55b0e9497efdba542491e0620d704cccf63c6f77c45?s=96&d=mm&r=g","url":"https:\/\/secure.gravatar.com\/avatar\/1a494ea6f8e2dd1ae526e55b0e9497efdba542491e0620d704cccf63c6f77c45?s=96&d=mm&r=g","contentUrl":"https:\/\/secure.gravatar.com\/avatar\/1a494ea6f8e2dd1ae526e55b0e9497efdba542491e0620d704cccf63c6f77c45?s=96&d=mm&r=g","caption":"adminuvb"},"sameAs":["https:\/\/uvbbrasil.com.br"],"url":"https:\/\/uvbbrasil.com.br\/author\/adminuvb\/"}]}},"_links":{"self":[{"href":"https:\/\/uvbbrasil.com.br\/uvb-json\/wp\/v2\/posts\/8467","targetHints":{"allow":["GET"]}}],"collection":[{"href":"https:\/\/uvbbrasil.com.br\/uvb-json\/wp\/v2\/posts"}],"about":[{"href":"https:\/\/uvbbrasil.com.br\/uvb-json\/wp\/v2\/types\/post"}],"author":[{"embeddable":true,"href":"https:\/\/uvbbrasil.com.br\/uvb-json\/wp\/v2\/users\/1"}],"replies":[{"embeddable":true,"href":"https:\/\/uvbbrasil.com.br\/uvb-json\/wp\/v2\/comments?post=8467"}],"version-history":[{"count":0,"href":"https:\/\/uvbbrasil.com.br\/uvb-json\/wp\/v2\/posts\/8467\/revisions"}],"wp:featuredmedia":[{"embeddable":true,"href":"https:\/\/uvbbrasil.com.br\/uvb-json\/wp\/v2\/media\/8468"}],"wp:attachment":[{"href":"https:\/\/uvbbrasil.com.br\/uvb-json\/wp\/v2\/media?parent=8467"}],"wp:term":[{"taxonomy":"category","embeddable":true,"href":"https:\/\/uvbbrasil.com.br\/uvb-json\/wp\/v2\/categories?post=8467"},{"taxonomy":"post_tag","embeddable":true,"href":"https:\/\/uvbbrasil.com.br\/uvb-json\/wp\/v2\/tags?post=8467"}],"curies":[{"name":"wp","href":"https:\/\/api.w.org\/{rel}","templated":true}]}}