{"id":7610,"date":"2017-08-08T07:49:30","date_gmt":"2017-08-08T10:49:30","guid":{"rendered":"https:\/\/wpsandbox4.pante.com.br\/?p=7610"},"modified":"2017-08-08T07:49:30","modified_gmt":"2017-08-08T10:49:30","slug":"dr-helio-participa-de-reuniao-na-camara-dos-vereadores-em-parnaiba","status":"publish","type":"post","link":"https:\/\/uvbbrasil.com.br\/dr-helio-participa-de-reuniao-na-camara-dos-vereadores-em-parnaiba\/","title":{"rendered":"Dr.H\u00e9lio participa de reuni\u00e3o na C\u00e2mara dos Vereadores em Parna\u00edba"},"content":{"rendered":"<p>Na manh\u00e3 da \u00faltima ter\u00e7a-feira (01\/08), o deputado estadual Dr. H\u00e9lio esteve presente no litoral do Piau\u00ed, na cidade dePana\u00edba, na c\u00e2mara dos vereadores da cidade enfatizando as obras na cidade e os benef\u00edcios para a sociedade do munic\u00edpio.<\/p>\n<p>Fonte: 180 GRAUS<\/p>\n","protected":false},"excerpt":{"rendered":"<p>Na manh\u00e3 da \u00faltima ter\u00e7a-feira (01\/08), o deputado estadual Dr. H\u00e9lio esteve presente no litoral do Piau\u00ed, na cidade dePana\u00edba,&#8230;<\/p>\n","protected":false},"author":1,"featured_media":7611,"comment_status":"open","ping_status":"open","sticky":false,"template":"","format":"standard","meta":{"footnotes":""},"categories":[3],"tags":[],"class_list":["post-7610","post","type-post","status-publish","format-standard","has-post-thumbnail","hentry","category-noticias"],"yoast_head":"<!-- This site is optimized with the Yoast SEO plugin v26.7 - https:\/\/yoast.com\/wordpress\/plugins\/seo\/ -->\n<title>Dr.H\u00e9lio participa de reuni\u00e3o na C\u00e2mara dos Vereadores em Parna\u00edba - UVB Brasil<\/title>\n<meta name=\"robots\" content=\"index, follow, max-snippet:-1, max-image-preview:large, max-video-preview:-1\" \/>\n<link rel=\"canonical\" href=\"https:\/\/uvbbrasil.com.br\/dr-helio-participa-de-reuniao-na-camara-dos-vereadores-em-parnaiba\/\" \/>\n<meta property=\"og:locale\" content=\"pt_BR\" \/>\n<meta property=\"og:type\" content=\"article\" \/>\n<meta property=\"og:title\" content=\"Dr.H\u00e9lio participa de reuni\u00e3o na C\u00e2mara dos Vereadores em Parna\u00edba - UVB Brasil\" \/>\n<meta property=\"og:description\" content=\"Na manh\u00e3 da \u00faltima ter\u00e7a-feira (01\/08), o deputado estadual Dr. H\u00e9lio esteve presente no litoral do Piau\u00ed, na cidade dePana\u00edba,...\" \/>\n<meta property=\"og:url\" content=\"https:\/\/uvbbrasil.com.br\/dr-helio-participa-de-reuniao-na-camara-dos-vereadores-em-parnaiba\/\" \/>\n<meta property=\"og:site_name\" content=\"UVB Brasil\" \/>\n<meta property=\"article:publisher\" content=\"https:\/\/www.facebook.com\/uvb.vereadoresbrasil\" \/>\n<meta property=\"article:published_time\" content=\"2017-08-08T10:49:30+00:00\" \/>\n<meta property=\"og:image\" content=\"https:\/\/uvbbrasil.com.br\/wp-content\/uploads\/2017\/08\/helio-620x465w.jpg\" \/>\n\t<meta property=\"og:image:width\" content=\"620\" \/>\n\t<meta property=\"og:image:height\" content=\"465\" \/>\n\t<meta property=\"og:image:type\" content=\"image\/jpeg\" \/>\n<meta name=\"author\" content=\"adminuvb\" \/>\n<meta name=\"twitter:card\" content=\"summary_large_image\" \/>\n<meta name=\"twitter:label1\" content=\"Escrito por\" \/>\n\t<meta name=\"twitter:data1\" content=\"adminuvb\" \/>\n<script type=\"application\/ld+json\" class=\"yoast-schema-graph\">{\"@context\":\"https:\/\/schema.org\",\"@graph\":[{\"@type\":\"Article\",\"@id\":\"https:\/\/uvbbrasil.com.br\/dr-helio-participa-de-reuniao-na-camara-dos-vereadores-em-parnaiba\/#article\",\"isPartOf\":{\"@id\":\"https:\/\/uvbbrasil.com.br\/dr-helio-participa-de-reuniao-na-camara-dos-vereadores-em-parnaiba\/\"},\"author\":{\"name\":\"adminuvb\",\"@id\":\"https:\/\/uvbbrasil.com.br\/#\/schema\/person\/17990098446c098f52effddff4f1b272\"},\"headline\":\"Dr.H\u00e9lio participa de reuni\u00e3o na C\u00e2mara dos Vereadores em Parna\u00edba\",\"datePublished\":\"2017-08-08T10:49:30+00:00\",\"mainEntityOfPage\":{\"@id\":\"https:\/\/uvbbrasil.com.br\/dr-helio-participa-de-reuniao-na-camara-dos-vereadores-em-parnaiba\/\"},\"wordCount\":61,\"commentCount\":0,\"publisher\":{\"@id\":\"https:\/\/uvbbrasil.com.br\/#organization\"},\"image\":{\"@id\":\"https:\/\/uvbbrasil.com.br\/dr-helio-participa-de-reuniao-na-camara-dos-vereadores-em-parnaiba\/#primaryimage\"},\"thumbnailUrl\":\"https:\/\/uvbbrasil.com.br\/wp-content\/uploads\/2017\/08\/helio-620x465w.jpg\",\"articleSection\":[\"NOT\u00cdCIAS\"],\"inLanguage\":\"pt-BR\",\"potentialAction\":[{\"@type\":\"CommentAction\",\"name\":\"Comment\",\"target\":[\"https:\/\/uvbbrasil.com.br\/dr-helio-participa-de-reuniao-na-camara-dos-vereadores-em-parnaiba\/#respond\"]}]},{\"@type\":\"WebPage\",\"@id\":\"https:\/\/uvbbrasil.com.br\/dr-helio-participa-de-reuniao-na-camara-dos-vereadores-em-parnaiba\/\",\"url\":\"https:\/\/uvbbrasil.com.br\/dr-helio-participa-de-reuniao-na-camara-dos-vereadores-em-parnaiba\/\",\"name\":\"Dr.H\u00e9lio participa de reuni\u00e3o na C\u00e2mara dos Vereadores em Parna\u00edba - UVB Brasil\",\"isPartOf\":{\"@id\":\"https:\/\/uvbbrasil.com.br\/#website\"},\"primaryImageOfPage\":{\"@id\":\"https:\/\/uvbbrasil.com.br\/dr-helio-participa-de-reuniao-na-camara-dos-vereadores-em-parnaiba\/#primaryimage\"},\"image\":{\"@id\":\"https:\/\/uvbbrasil.com.br\/dr-helio-participa-de-reuniao-na-camara-dos-vereadores-em-parnaiba\/#primaryimage\"},\"thumbnailUrl\":\"https:\/\/uvbbrasil.com.br\/wp-content\/uploads\/2017\/08\/helio-620x465w.jpg\",\"datePublished\":\"2017-08-08T10:49:30+00:00\",\"breadcrumb\":{\"@id\":\"https:\/\/uvbbrasil.com.br\/dr-helio-participa-de-reuniao-na-camara-dos-vereadores-em-parnaiba\/#breadcrumb\"},\"inLanguage\":\"pt-BR\",\"potentialAction\":[{\"@type\":\"ReadAction\",\"target\":[\"https:\/\/uvbbrasil.com.br\/dr-helio-participa-de-reuniao-na-camara-dos-vereadores-em-parnaiba\/\"]}]},{\"@type\":\"ImageObject\",\"inLanguage\":\"pt-BR\",\"@id\":\"https:\/\/uvbbrasil.com.br\/dr-helio-participa-de-reuniao-na-camara-dos-vereadores-em-parnaiba\/#primaryimage\",\"url\":\"https:\/\/uvbbrasil.com.br\/wp-content\/uploads\/2017\/08\/helio-620x465w.jpg\",\"contentUrl\":\"https:\/\/uvbbrasil.com.br\/wp-content\/uploads\/2017\/08\/helio-620x465w.jpg\",\"width\":620,\"height\":465},{\"@type\":\"BreadcrumbList\",\"@id\":\"https:\/\/uvbbrasil.com.br\/dr-helio-participa-de-reuniao-na-camara-dos-vereadores-em-parnaiba\/#breadcrumb\",\"itemListElement\":[{\"@type\":\"ListItem\",\"position\":1,\"name\":\"In\u00edcio\",\"item\":\"https:\/\/uvbbrasil.com.br\/\"},{\"@type\":\"ListItem\",\"position\":2,\"name\":\"Dr.H\u00e9lio participa de reuni\u00e3o na C\u00e2mara dos Vereadores em Parna\u00edba\"}]},{\"@type\":\"WebSite\",\"@id\":\"https:\/\/uvbbrasil.com.br\/#website\",\"url\":\"https:\/\/uvbbrasil.com.br\/\",\"name\":\"UVB Brasil\",\"description\":\"Uni\u00e3o dos Vereadores do Brasil\",\"publisher\":{\"@id\":\"https:\/\/uvbbrasil.com.br\/#organization\"},\"potentialAction\":[{\"@type\":\"SearchAction\",\"target\":{\"@type\":\"EntryPoint\",\"urlTemplate\":\"https:\/\/uvbbrasil.com.br\/?s={search_term_string}\"},\"query-input\":{\"@type\":\"PropertyValueSpecification\",\"valueRequired\":true,\"valueName\":\"search_term_string\"}}],\"inLanguage\":\"pt-BR\"},{\"@type\":\"Organization\",\"@id\":\"https:\/\/uvbbrasil.com.br\/#organization\",\"name\":\"UVB Brasil\",\"url\":\"https:\/\/uvbbrasil.com.br\/\",\"logo\":{\"@type\":\"ImageObject\",\"inLanguage\":\"pt-BR\",\"@id\":\"https:\/\/uvbbrasil.com.br\/#\/schema\/logo\/image\/\",\"url\":\"https:\/\/uvbbrasil.com.br\/wp-content\/uploads\/2025\/01\/LOGO-UVB-2024-azul-1.jpg\",\"contentUrl\":\"https:\/\/uvbbrasil.com.br\/wp-content\/uploads\/2025\/01\/LOGO-UVB-2024-azul-1.jpg\",\"width\":600,\"height\":211,\"caption\":\"UVB Brasil\"},\"image\":{\"@id\":\"https:\/\/uvbbrasil.com.br\/#\/schema\/logo\/image\/\"},\"sameAs\":[\"https:\/\/www.facebook.com\/uvb.vereadoresbrasil\",\"https:\/\/www.instagram.com\/uvbbrasil\/\",\"https:\/\/www.youtube.com\/channel\/UCIlPQ8Xzw5GHNzosQIg9S5A\"]},{\"@type\":\"Person\",\"@id\":\"https:\/\/uvbbrasil.com.br\/#\/schema\/person\/17990098446c098f52effddff4f1b272\",\"name\":\"adminuvb\",\"image\":{\"@type\":\"ImageObject\",\"inLanguage\":\"pt-BR\",\"@id\":\"https:\/\/uvbbrasil.com.br\/#\/schema\/person\/image\/\",\"url\":\"https:\/\/secure.gravatar.com\/avatar\/1a494ea6f8e2dd1ae526e55b0e9497efdba542491e0620d704cccf63c6f77c45?s=96&d=mm&r=g\",\"contentUrl\":\"https:\/\/secure.gravatar.com\/avatar\/1a494ea6f8e2dd1ae526e55b0e9497efdba542491e0620d704cccf63c6f77c45?s=96&d=mm&r=g\",\"caption\":\"adminuvb\"},\"sameAs\":[\"https:\/\/uvbbrasil.com.br\"],\"url\":\"https:\/\/uvbbrasil.com.br\/author\/adminuvb\/\"}]}<\/script>\n<!-- \/ Yoast SEO plugin. -->","yoast_head_json":{"title":"Dr.H\u00e9lio participa de reuni\u00e3o na C\u00e2mara dos Vereadores em Parna\u00edba - UVB Brasil","robots":{"index":"index","follow":"follow","max-snippet":"max-snippet:-1","max-image-preview":"max-image-preview:large","max-video-preview":"max-video-preview:-1"},"canonical":"https:\/\/uvbbrasil.com.br\/dr-helio-participa-de-reuniao-na-camara-dos-vereadores-em-parnaiba\/","og_locale":"pt_BR","og_type":"article","og_title":"Dr.H\u00e9lio participa de reuni\u00e3o na C\u00e2mara dos Vereadores em Parna\u00edba - UVB Brasil","og_description":"Na manh\u00e3 da \u00faltima ter\u00e7a-feira (01\/08), o deputado estadual Dr. H\u00e9lio esteve presente no litoral do Piau\u00ed, na cidade dePana\u00edba,...","og_url":"https:\/\/uvbbrasil.com.br\/dr-helio-participa-de-reuniao-na-camara-dos-vereadores-em-parnaiba\/","og_site_name":"UVB Brasil","article_publisher":"https:\/\/www.facebook.com\/uvb.vereadoresbrasil","article_published_time":"2017-08-08T10:49:30+00:00","og_image":[{"width":620,"height":465,"url":"https:\/\/uvbbrasil.com.br\/wp-content\/uploads\/2017\/08\/helio-620x465w.jpg","type":"image\/jpeg"}],"author":"adminuvb","twitter_card":"summary_large_image","twitter_misc":{"Escrito por":"adminuvb"},"schema":{"@context":"https:\/\/schema.org","@graph":[{"@type":"Article","@id":"https:\/\/uvbbrasil.com.br\/dr-helio-participa-de-reuniao-na-camara-dos-vereadores-em-parnaiba\/#article","isPartOf":{"@id":"https:\/\/uvbbrasil.com.br\/dr-helio-participa-de-reuniao-na-camara-dos-vereadores-em-parnaiba\/"},"author":{"name":"adminuvb","@id":"https:\/\/uvbbrasil.com.br\/#\/schema\/person\/17990098446c098f52effddff4f1b272"},"headline":"Dr.H\u00e9lio participa de reuni\u00e3o na C\u00e2mara dos Vereadores em Parna\u00edba","datePublished":"2017-08-08T10:49:30+00:00","mainEntityOfPage":{"@id":"https:\/\/uvbbrasil.com.br\/dr-helio-participa-de-reuniao-na-camara-dos-vereadores-em-parnaiba\/"},"wordCount":61,"commentCount":0,"publisher":{"@id":"https:\/\/uvbbrasil.com.br\/#organization"},"image":{"@id":"https:\/\/uvbbrasil.com.br\/dr-helio-participa-de-reuniao-na-camara-dos-vereadores-em-parnaiba\/#primaryimage"},"thumbnailUrl":"https:\/\/uvbbrasil.com.br\/wp-content\/uploads\/2017\/08\/helio-620x465w.jpg","articleSection":["NOT\u00cdCIAS"],"inLanguage":"pt-BR","potentialAction":[{"@type":"CommentAction","name":"Comment","target":["https:\/\/uvbbrasil.com.br\/dr-helio-participa-de-reuniao-na-camara-dos-vereadores-em-parnaiba\/#respond"]}]},{"@type":"WebPage","@id":"https:\/\/uvbbrasil.com.br\/dr-helio-participa-de-reuniao-na-camara-dos-vereadores-em-parnaiba\/","url":"https:\/\/uvbbrasil.com.br\/dr-helio-participa-de-reuniao-na-camara-dos-vereadores-em-parnaiba\/","name":"Dr.H\u00e9lio participa de reuni\u00e3o na C\u00e2mara dos Vereadores em Parna\u00edba - UVB Brasil","isPartOf":{"@id":"https:\/\/uvbbrasil.com.br\/#website"},"primaryImageOfPage":{"@id":"https:\/\/uvbbrasil.com.br\/dr-helio-participa-de-reuniao-na-camara-dos-vereadores-em-parnaiba\/#primaryimage"},"image":{"@id":"https:\/\/uvbbrasil.com.br\/dr-helio-participa-de-reuniao-na-camara-dos-vereadores-em-parnaiba\/#primaryimage"},"thumbnailUrl":"https:\/\/uvbbrasil.com.br\/wp-content\/uploads\/2017\/08\/helio-620x465w.jpg","datePublished":"2017-08-08T10:49:30+00:00","breadcrumb":{"@id":"https:\/\/uvbbrasil.com.br\/dr-helio-participa-de-reuniao-na-camara-dos-vereadores-em-parnaiba\/#breadcrumb"},"inLanguage":"pt-BR","potentialAction":[{"@type":"ReadAction","target":["https:\/\/uvbbrasil.com.br\/dr-helio-participa-de-reuniao-na-camara-dos-vereadores-em-parnaiba\/"]}]},{"@type":"ImageObject","inLanguage":"pt-BR","@id":"https:\/\/uvbbrasil.com.br\/dr-helio-participa-de-reuniao-na-camara-dos-vereadores-em-parnaiba\/#primaryimage","url":"https:\/\/uvbbrasil.com.br\/wp-content\/uploads\/2017\/08\/helio-620x465w.jpg","contentUrl":"https:\/\/uvbbrasil.com.br\/wp-content\/uploads\/2017\/08\/helio-620x465w.jpg","width":620,"height":465},{"@type":"BreadcrumbList","@id":"https:\/\/uvbbrasil.com.br\/dr-helio-participa-de-reuniao-na-camara-dos-vereadores-em-parnaiba\/#breadcrumb","itemListElement":[{"@type":"ListItem","position":1,"name":"In\u00edcio","item":"https:\/\/uvbbrasil.com.br\/"},{"@type":"ListItem","position":2,"name":"Dr.H\u00e9lio participa de reuni\u00e3o na C\u00e2mara dos Vereadores em Parna\u00edba"}]},{"@type":"WebSite","@id":"https:\/\/uvbbrasil.com.br\/#website","url":"https:\/\/uvbbrasil.com.br\/","name":"UVB Brasil","description":"Uni\u00e3o dos Vereadores do Brasil","publisher":{"@id":"https:\/\/uvbbrasil.com.br\/#organization"},"potentialAction":[{"@type":"SearchAction","target":{"@type":"EntryPoint","urlTemplate":"https:\/\/uvbbrasil.com.br\/?s={search_term_string}"},"query-input":{"@type":"PropertyValueSpecification","valueRequired":true,"valueName":"search_term_string"}}],"inLanguage":"pt-BR"},{"@type":"Organization","@id":"https:\/\/uvbbrasil.com.br\/#organization","name":"UVB Brasil","url":"https:\/\/uvbbrasil.com.br\/","logo":{"@type":"ImageObject","inLanguage":"pt-BR","@id":"https:\/\/uvbbrasil.com.br\/#\/schema\/logo\/image\/","url":"https:\/\/uvbbrasil.com.br\/wp-content\/uploads\/2025\/01\/LOGO-UVB-2024-azul-1.jpg","contentUrl":"https:\/\/uvbbrasil.com.br\/wp-content\/uploads\/2025\/01\/LOGO-UVB-2024-azul-1.jpg","width":600,"height":211,"caption":"UVB Brasil"},"image":{"@id":"https:\/\/uvbbrasil.com.br\/#\/schema\/logo\/image\/"},"sameAs":["https:\/\/www.facebook.com\/uvb.vereadoresbrasil","https:\/\/www.instagram.com\/uvbbrasil\/","https:\/\/www.youtube.com\/channel\/UCIlPQ8Xzw5GHNzosQIg9S5A"]},{"@type":"Person","@id":"https:\/\/uvbbrasil.com.br\/#\/schema\/person\/17990098446c098f52effddff4f1b272","name":"adminuvb","image":{"@type":"ImageObject","inLanguage":"pt-BR","@id":"https:\/\/uvbbrasil.com.br\/#\/schema\/person\/image\/","url":"https:\/\/secure.gravatar.com\/avatar\/1a494ea6f8e2dd1ae526e55b0e9497efdba542491e0620d704cccf63c6f77c45?s=96&d=mm&r=g","contentUrl":"https:\/\/secure.gravatar.com\/avatar\/1a494ea6f8e2dd1ae526e55b0e9497efdba542491e0620d704cccf63c6f77c45?s=96&d=mm&r=g","caption":"adminuvb"},"sameAs":["https:\/\/uvbbrasil.com.br"],"url":"https:\/\/uvbbrasil.com.br\/author\/adminuvb\/"}]}},"_links":{"self":[{"href":"https:\/\/uvbbrasil.com.br\/uvb-json\/wp\/v2\/posts\/7610","targetHints":{"allow":["GET"]}}],"collection":[{"href":"https:\/\/uvbbrasil.com.br\/uvb-json\/wp\/v2\/posts"}],"about":[{"href":"https:\/\/uvbbrasil.com.br\/uvb-json\/wp\/v2\/types\/post"}],"author":[{"embeddable":true,"href":"https:\/\/uvbbrasil.com.br\/uvb-json\/wp\/v2\/users\/1"}],"replies":[{"embeddable":true,"href":"https:\/\/uvbbrasil.com.br\/uvb-json\/wp\/v2\/comments?post=7610"}],"version-history":[{"count":0,"href":"https:\/\/uvbbrasil.com.br\/uvb-json\/wp\/v2\/posts\/7610\/revisions"}],"wp:featuredmedia":[{"embeddable":true,"href":"https:\/\/uvbbrasil.com.br\/uvb-json\/wp\/v2\/media\/7611"}],"wp:attachment":[{"href":"https:\/\/uvbbrasil.com.br\/uvb-json\/wp\/v2\/media?parent=7610"}],"wp:term":[{"taxonomy":"category","embeddable":true,"href":"https:\/\/uvbbrasil.com.br\/uvb-json\/wp\/v2\/categories?post=7610"},{"taxonomy":"post_tag","embeddable":true,"href":"https:\/\/uvbbrasil.com.br\/uvb-json\/wp\/v2\/tags?post=7610"}],"curies":[{"name":"wp","href":"https:\/\/api.w.org\/{rel}","templated":true}]}}