{"id":7557,"date":"2017-08-03T13:10:28","date_gmt":"2017-08-03T16:10:28","guid":{"rendered":"https:\/\/wpsandbox4.pante.com.br\/?p=7557"},"modified":"2017-08-03T13:10:28","modified_gmt":"2017-08-03T16:10:28","slug":"temer-fica-mas-votos-nao-bastam-para-reformas","status":"publish","type":"post","link":"https:\/\/uvbbrasil.com.br\/temer-fica-mas-votos-nao-bastam-para-reformas\/","title":{"rendered":"Temer fica, mas votos n\u00e3o bastam para as reformas"},"content":{"rendered":"<p><strong>Faltou \u00e0 oposi\u00e7\u00e3o o apoio de 115 deputados para abrir processo e afastar o presidente. Margem do governo fica pouco acima da maioria simples.<\/strong><\/p>\n<p>Ap\u00f3s uma intensa articula\u00e7\u00e3o pol\u00edtica que mobilizou o Pal\u00e1cio do Planalto nos \u00faltimos 34 dias, o plen\u00e1rio da C\u00e2mara dos Deputados rejeitou ontem a autoriza\u00e7\u00e3o para que o Supremo Tribunal Federal julgue a den\u00fancia por corrup\u00e7\u00e3o passiva contra o presidente Michel Temer. O parecer do deputado Paulo Abi-Ackel (PSDB-MG), que recomendava o arquivamento da acusa\u00e7\u00e3o formal feita pela Procuradoria-Geral da Rep\u00fablica, recebeu 264 votos favor\u00e1veis, 227 contr\u00e1rios. Foram registradas 19 aus\u00eancias e 2 absten\u00e7\u00f5es. Com a decis\u00e3o, a den\u00fancia contra Temer fica sobrestada.<\/p>\n<p>A vit\u00f3ria do governo j\u00e1 era esperada. O placar ficou dentro do esperado pelos auxiliares do presidente. Para barrar a den\u00fancia, Temer precisava do apoio de ao menos 172 deputados. J\u00e1 a admissibilidade da acusa\u00e7\u00e3o dependia de pelo menos 342 votos, dois ter\u00e7os da C\u00e2mara.<\/p>\n<p>O problema est\u00e1 no futuro. O n\u00famero de votos dados ontem ao Planalto \u00e9 insuficiente para aprovar reformas constitucionais. Isso significa problemas para a vota\u00e7\u00e3o, por exemplo, da reforma da Previd\u00eancia.<\/p>\n<div>\n<div class=\"pubSingleMeio\">\n<h4><\/h4>\n<\/div>\n<\/div>\n<p>O placar da vota\u00e7\u00e3o na C\u00e2mara mostra que o presidente contou com o apoio decisivo do Centr\u00e3o, grupo formado, entre outros, por PP, PSD, PR e PTB. Os partidos foram os primeiros a demonstrar apoio ao presidente e agora est\u00e3o de olho nos cargos do PSDB, especialmente o Minist\u00e9rio das Cidades.<\/p>\n<p>O governo articulou o dia todo para garantir um placar favor\u00e1vel. Negociou emendas parlamentares at\u00e9 no plen\u00e1rio, exonerou dez ministros para reassumir o mandato de deputado e tentou neutralizar a estrat\u00e9gia da oposi\u00e7\u00e3o de obstruir ou adiar a vota\u00e7\u00e3o.<\/p>\n<p>Em pronunciamento logo depois da sess\u00e3o da C\u00e2mara, Temer fez um pronunciamento no Planalto. Afirmou que a rejei\u00e7\u00e3o representou uma \u201cconquista do estado democr\u00e1tico\u201d.<\/p>\n<p>Logo que a sess\u00e3o foi encerrada, Temer avisou que faria essa avalia\u00e7\u00e3o. Nela, disse que a C\u00e2mara, \u201cque representa o povo brasileiro, manifestou-se de forma clara e incontest\u00e1vel.\u201d Para ele, \u201ca decis\u00e3o soberana do parlamento n\u00e3o \u00e9 uma vit\u00f3ria pessoal de quem quer que seja, mas \u00e9 uma conquista do estado democr\u00e1tico, da for\u00e7a das institui\u00e7\u00f5es e da pr\u00f3pria Constitui\u00e7\u00e3o\u201d, afirmou o presidente.<br \/>\nEm seguida, Temer afirmou querer construir um Brasil \u201cmelhor, pacificado, justo, sem \u00f3dio ou rancor\u201d. De acordo com o presidente, \u201cerram\u201d aqueles que, segundo ele, querem \u201cdividir\u201d os brasileiros. Prometeu ent\u00e3o concluir o trabalho que meu governo come\u00e7ou, convenhamos, h\u00e1 pouco mais de um ano.\u201d<\/p>\n<p>Temer voltou a dizer que seu governo est\u00e1 retirando o Pa\u00eds da \u201cmais grave crise econ\u00f4mica\u201d da hist\u00f3ria. \u201c\u00c9 urgente colocar o Brasil nos trilhos do crescimento, da gera\u00e7\u00e3o empregos, da moderniza\u00e7\u00e3o e justi\u00e7a social.\u201d Isso significa votar as reformas.<\/p>\n<p>N\u00e3o ser\u00e1 f\u00e1cil. O presidente da C\u00e2mara dos Deputados, Rodrigo Maia (DEM-RJ), que conduziu a vota\u00e7\u00e3o, depois de conclu\u00eddo o processo afirmou que, ap\u00f3s o arquivamento da den\u00fancia contra Temer, a vota\u00e7\u00e3o da reforma da Previd\u00eancia em plen\u00e1rio ter\u00e1 de ser reorganizada. Segundo ele, ser\u00e1 preciso recompor os partidos da base aliada, para alcan\u00e7ar os 308 votos m\u00ednimos necess\u00e1rios para aprovar a mat\u00e9ria. Isso significa garantir o apoio do PSDB e de outros partidos que ficaram contra Temer, caso inclusive do PSB.<\/p>\n<p>\u201cSabemos que vamos ter que reoganizar a vota\u00e7\u00e3o. Para ter os 308 votos necess\u00e1rios, vamos ter que reorganizar\u201d, afirmou Maia em entrevista ainda no plen\u00e1rio. Em uma tentativa de demonstrar protagonismo sobre o tema, Maia afirmou que trabalhar\u00e1 pessoalmente para tentar recompor a base aliada, principalmente para atrair o PSDB de volta.<\/p>\n<div id=\"td_uid_1_598348f3a85c3\" class=\"td-slide-on-2-columns\">\n<div class=\"post_td_gallery\">\n<div class=\"td-gallery-slide-top\">\n<div class=\"td-gallery-title\">\u00a0<a class=\"slide-gallery-image-link\" title=\"\" href=\"http:\/\/www.jornaldebrasilia.com.br\/wp-content\/uploads\/2017\/08\/03pol08f3-e1501725806444.jpg\" data-caption=\"Abertura da sess\u00e3o de investiga\u00e7\u00e3o contra Temer.\nFoto:Gustavo Bezerra\/AGPT\" data-description=\"\"><img decoding=\"async\" class=\"lazyloaded td-animation-stack-type0-2\" src=\"http:\/\/www.jornaldebrasilia.com.br\/wp-content\/uploads\/2017\/08\/03pol08f3-630x420.jpg\" alt=\"\" data-lazy-src=\"http:\/\/www.jornaldebrasilia.com.br\/wp-content\/uploads\/2017\/08\/03pol08f3-630x420.jpg\" \/><\/a><\/div>\n<\/div>\n<div class=\"td-doubleSlider-1 \">\n<div class=\"td-slider\">\n<div class=\"td-slide-item td-item1\">\n<figure class=\"td-slide-galery-figure td-slide-popup-gallery\"><figcaption class=\"td-slide-caption td-gallery-slide-content\">\n<div class=\"td-gallery-slide-copywrite\">Abertura da sess\u00e3o de investiga\u00e7\u00e3o contra Temer. Foto:Gustavo Bezerra\/AGPT<\/div>\n<\/figcaption><\/figure>\n<\/div>\n<div class=\"td-slide-item td-item2\">\n<figure class=\"td-slide-galery-figure td-slide-popup-gallery\"><a class=\"slide-gallery-image-link\" title=\"\" href=\"http:\/\/www.jornaldebrasilia.com.br\/wp-content\/uploads\/2017\/08\/03pol08f4-e1501725846493.jpg\" data-caption=\"Foto Lula Marques\/AGPT\" data-description=\"\"><img decoding=\"async\" class=\"lazyloaded td-animation-stack-type0-2\" src=\"http:\/\/www.jornaldebrasilia.com.br\/wp-content\/uploads\/2017\/08\/03pol08f4-691x420.jpg\" alt=\"\" data-lazy-src=\"http:\/\/www.jornaldebrasilia.com.br\/wp-content\/uploads\/2017\/08\/03pol08f4-691x420.jpg\" \/><\/a><figcaption class=\"td-slide-caption td-gallery-slide-content\">\n<div class=\"td-gallery-slide-copywrite\">Foto Lula Marques\/AGPT<\/div>\n<\/figcaption><\/figure>\n<\/div>\n<div class=\"td-slide-item td-item3\">\n<figure class=\"td-slide-galery-figure td-slide-popup-gallery\"><a class=\"slide-gallery-image-link\" title=\"\" href=\"http:\/\/www.jornaldebrasilia.com.br\/wp-content\/uploads\/2017\/08\/03pol08f10-e1501725827232.jpg\" data-caption=\"Foto Lula Marques\/AGPT\" data-description=\"\"><img decoding=\"async\" class=\"lazyload td-animation-stack-type0-2\" src=\"data:image\/gif;base64,R0lGODdhAQABAPAAAP\/\/\/wAAACwAAAAAAQABAEACAkQBADs=\" alt=\"\" data-lazy-src=\"http:\/\/www.jornaldebrasilia.com.br\/wp-content\/uploads\/2017\/08\/03pol08f10-720x420.jpg\" \/><\/a><\/figure>\n<\/div>\n<\/div>\n<p><i class=\"i11442\"><\/i><i class=\"i11442\"><\/i><\/div>\n<div class=\"td-doubleSlider-2 td_center_slide2\">\n<div class=\"td-slider\">\n<div class=\"td-button td-item1\">\u00a0263 votos impediram a abertura do processo contra Temer<\/div>\n<\/div>\n<\/div>\n<\/div>\n<\/div>\n<p>227 foram dados a favor da a\u00e7\u00e3o e levariam a seu afastamento<br \/>\n19 deputados nem apareceram para a vota\u00e7\u00e3o em plen\u00e1rio<br \/>\n342 votos seriam necess\u00e1rios para abrir processo e afastar Temer<br \/>\n308 votos s\u00e3o precisos para aprovar emendas como a da Previd\u00eancia<\/p>\n<p><strong>Governo abre balc\u00e3o de negocia\u00e7\u00e3o no plen\u00e1rio<\/strong><br \/>\nO governo abriu um balc\u00e3o de negocia\u00e7\u00e3o de cargos e emendas dentro do plen\u00e1rio da C\u00e2mara em troca de votos para salvar Michel Temer durante a vota\u00e7\u00e3o. Ao longo da sess\u00e3o, ministros e l\u00edderes governistas mobilizaram a m\u00e1quina federal para atender deputados que se comprometessem a rejeitar a acusa\u00e7\u00e3o. Em poucas horas, o Planalto calculava reservadamente que havia conseguido conquistar os votos de mais de 20 \u201cindecisos\u201d ao atender suas demandas.<\/p>\n<p>A opera\u00e7\u00e3o foi ordenada por Temer e comandada pelo ministro tucano Antonio Imbassahy (Secretaria de Governo), cuja pasta \u00e9 a respons\u00e1vel pela distribui\u00e7\u00e3o de cargos e emendas para a base aliada. Ele foi um dos dez ministros que reassumiram seus mandatos na C\u00e2mara para votar a favor do presidente e obter votos no plen\u00e1rio.<\/p>\n<p>Enquanto deputados discursavam e batiam boca nas tribunas, Imbassahy e outros ministros \u201cdespachavam\u201d com os parlamentares nas cadeiras e nos fundos do plen\u00e1rio, destravando nomea\u00e7\u00f5es e a libera\u00e7\u00e3o de verbas p\u00fablicas. A reportagem presenciou diversas negocia\u00e7\u00f5es ao longo de todo o dia.<br \/>\nNo final da manh\u00e3, Imbassahy e o deputado Beto Mansur (PRB-SP), um dos principais defensores de Temer, passavam em revista uma planilha que listava as emendas que o governo j\u00e1 havia liberado. O objetivo, segundo a reportagem apurou, era cobrar fidelidade dos deputados contemplados com dinheiro p\u00fablico que evitavam se comprometer em apoiar Temer.<\/p>\n<p><strong>Uma provoca\u00e7\u00e3o atr\u00e1s da outra<\/strong><br \/>\nAp\u00f3s barrar a den\u00fancia, Temer pretende reconquistar o apoio do mercado financeiro, fortalecer sua base de apoio para acelerar reformas e manter o PSDB ao seu lado.<\/p>\n<p>Temer se reunir\u00e1 na semana que vem com l\u00edderes governistas no Congresso para montar um cronograma de vota\u00e7\u00e3o e discutir que mudan\u00e7as na reforma da Previd\u00eancia s\u00e3o poss\u00edveis de ser aprovadas no curto prazo.<\/p>\n<p>A estrat\u00e9gia \u00e9 enviar at\u00e9 o final de agosto o texto da reforma tribut\u00e1ria, que tem menos resist\u00eancia na C\u00e2mara e no Senado, e, na sequ\u00eancia, em setembro, colocar em vota\u00e7\u00e3o a previdenci\u00e1ria. A meta \u00e9 finaliz\u00e1-las em outubro.<\/p>\n<p>O peemedebista est\u00e1 estruturando ainda uma agenda de encontros com empres\u00e1rios e investidores para vender a imagem de que tem for\u00e7a pol\u00edtica para cumprir a promessa de realizar as reformas.<\/p>\n<p>O entorno do presidente reconhece, no entanto, que o otimismo pode arrefecer com o impacto de uma nova acusa\u00e7\u00e3o do procurador-geral, Rodrigo Janot, at\u00e9 o fim de agosto por obstru\u00e7\u00e3o de Justi\u00e7a -sem falar na possibilidade de que duas dela\u00e7\u00f5es em negocia\u00e7\u00e3o, de L\u00facio Funaro e Eduardo Cunham, possam atingir o presidente.<\/p>\n<p>A estrat\u00e9gia, por ora, \u00e9 usar o clima pol\u00edtico favor\u00e1vel, apesar dos fatores que podem prejudicar a agenda do governo.<\/p>\n<p><strong>Avalia\u00e7\u00e3o lance a lance<\/strong><br \/>\nTemer assistiu \u00e0 vota\u00e7\u00e3o da C\u00e2mara no gabinete presidencial acompanhado dos ministros Eliseu Padilha (Casa Civil) e Moreira Franco (Secretaria-Geral). Ao longo do dia, recebeu 21 deputados governistas e oposicionistas e avaliou demandas apresentadas de \u00faltima hora por parlamentares indecisos.<\/p>\n<p>Escalado para fazer as negocia\u00e7\u00f5es em plen\u00e1rio, o ministro Antonio Imbassahy (Secretaria de Governo), que se licenciou temporariamente para reassumir o mandato na C\u00e2mara, manteve contato frequente com Temer.<\/p>\n<p>Al\u00e9m de focar num calend\u00e1rio de vota\u00e7\u00f5es, Temer cobrar\u00e1 fidelidade dos partidos governistas, al\u00e9m de discutir retalia\u00e7\u00f5es a infi\u00e9is, exonerando indicados.<\/p>\n","protected":false},"excerpt":{"rendered":"<p>Faltou \u00e0 oposi\u00e7\u00e3o o apoio de 115 deputados para abrir processo e afastar o presidente. Margem do governo fica pouco&#8230;<\/p>\n","protected":false},"author":1,"featured_media":0,"comment_status":"open","ping_status":"open","sticky":false,"template":"","format":"standard","meta":{"footnotes":""},"categories":[3],"tags":[],"class_list":["post-7557","post","type-post","status-publish","format-standard","hentry","category-noticias"],"yoast_head":"<!-- This site is optimized with the Yoast SEO plugin v26.7 - https:\/\/yoast.com\/wordpress\/plugins\/seo\/ -->\n<title>Temer fica, mas votos n\u00e3o bastam para as reformas - UVB Brasil<\/title>\n<meta name=\"robots\" content=\"index, follow, max-snippet:-1, max-image-preview:large, max-video-preview:-1\" \/>\n<link rel=\"canonical\" href=\"https:\/\/uvbbrasil.com.br\/temer-fica-mas-votos-nao-bastam-para-reformas\/\" \/>\n<meta property=\"og:locale\" content=\"pt_BR\" \/>\n<meta property=\"og:type\" content=\"article\" \/>\n<meta property=\"og:title\" content=\"Temer fica, mas votos n\u00e3o bastam para as reformas - UVB Brasil\" \/>\n<meta property=\"og:description\" content=\"Faltou \u00e0 oposi\u00e7\u00e3o o apoio de 115 deputados para abrir processo e afastar o presidente. Margem do governo fica pouco...\" \/>\n<meta property=\"og:url\" content=\"https:\/\/uvbbrasil.com.br\/temer-fica-mas-votos-nao-bastam-para-reformas\/\" \/>\n<meta property=\"og:site_name\" content=\"UVB Brasil\" \/>\n<meta property=\"article:publisher\" content=\"https:\/\/www.facebook.com\/uvb.vereadoresbrasil\" \/>\n<meta property=\"article:published_time\" content=\"2017-08-03T16:10:28+00:00\" \/>\n<meta property=\"og:image\" content=\"http:\/\/www.jornaldebrasilia.com.br\/wp-content\/uploads\/2017\/08\/03pol08f3-630x420.jpg\" \/>\n<meta name=\"author\" content=\"adminuvb\" \/>\n<meta name=\"twitter:card\" content=\"summary_large_image\" \/>\n<meta name=\"twitter:label1\" content=\"Escrito por\" \/>\n\t<meta name=\"twitter:data1\" content=\"adminuvb\" \/>\n\t<meta name=\"twitter:label2\" content=\"Est. tempo de leitura\" \/>\n\t<meta name=\"twitter:data2\" content=\"6 minutos\" \/>\n<script type=\"application\/ld+json\" class=\"yoast-schema-graph\">{\"@context\":\"https:\/\/schema.org\",\"@graph\":[{\"@type\":\"Article\",\"@id\":\"https:\/\/uvbbrasil.com.br\/temer-fica-mas-votos-nao-bastam-para-reformas\/#article\",\"isPartOf\":{\"@id\":\"https:\/\/uvbbrasil.com.br\/temer-fica-mas-votos-nao-bastam-para-reformas\/\"},\"author\":{\"name\":\"adminuvb\",\"@id\":\"https:\/\/uvbbrasil.com.br\/#\/schema\/person\/17990098446c098f52effddff4f1b272\"},\"headline\":\"Temer fica, mas votos n\u00e3o bastam para as reformas\",\"datePublished\":\"2017-08-03T16:10:28+00:00\",\"mainEntityOfPage\":{\"@id\":\"https:\/\/uvbbrasil.com.br\/temer-fica-mas-votos-nao-bastam-para-reformas\/\"},\"wordCount\":1307,\"commentCount\":0,\"publisher\":{\"@id\":\"https:\/\/uvbbrasil.com.br\/#organization\"},\"image\":{\"@id\":\"https:\/\/uvbbrasil.com.br\/temer-fica-mas-votos-nao-bastam-para-reformas\/#primaryimage\"},\"thumbnailUrl\":\"http:\/\/www.jornaldebrasilia.com.br\/wp-content\/uploads\/2017\/08\/03pol08f3-630x420.jpg\",\"articleSection\":[\"NOT\u00cdCIAS\"],\"inLanguage\":\"pt-BR\",\"potentialAction\":[{\"@type\":\"CommentAction\",\"name\":\"Comment\",\"target\":[\"https:\/\/uvbbrasil.com.br\/temer-fica-mas-votos-nao-bastam-para-reformas\/#respond\"]}]},{\"@type\":\"WebPage\",\"@id\":\"https:\/\/uvbbrasil.com.br\/temer-fica-mas-votos-nao-bastam-para-reformas\/\",\"url\":\"https:\/\/uvbbrasil.com.br\/temer-fica-mas-votos-nao-bastam-para-reformas\/\",\"name\":\"Temer fica, mas votos n\u00e3o bastam para as reformas - UVB Brasil\",\"isPartOf\":{\"@id\":\"https:\/\/uvbbrasil.com.br\/#website\"},\"primaryImageOfPage\":{\"@id\":\"https:\/\/uvbbrasil.com.br\/temer-fica-mas-votos-nao-bastam-para-reformas\/#primaryimage\"},\"image\":{\"@id\":\"https:\/\/uvbbrasil.com.br\/temer-fica-mas-votos-nao-bastam-para-reformas\/#primaryimage\"},\"thumbnailUrl\":\"http:\/\/www.jornaldebrasilia.com.br\/wp-content\/uploads\/2017\/08\/03pol08f3-630x420.jpg\",\"datePublished\":\"2017-08-03T16:10:28+00:00\",\"breadcrumb\":{\"@id\":\"https:\/\/uvbbrasil.com.br\/temer-fica-mas-votos-nao-bastam-para-reformas\/#breadcrumb\"},\"inLanguage\":\"pt-BR\",\"potentialAction\":[{\"@type\":\"ReadAction\",\"target\":[\"https:\/\/uvbbrasil.com.br\/temer-fica-mas-votos-nao-bastam-para-reformas\/\"]}]},{\"@type\":\"ImageObject\",\"inLanguage\":\"pt-BR\",\"@id\":\"https:\/\/uvbbrasil.com.br\/temer-fica-mas-votos-nao-bastam-para-reformas\/#primaryimage\",\"url\":\"http:\/\/www.jornaldebrasilia.com.br\/wp-content\/uploads\/2017\/08\/03pol08f3-630x420.jpg\",\"contentUrl\":\"http:\/\/www.jornaldebrasilia.com.br\/wp-content\/uploads\/2017\/08\/03pol08f3-630x420.jpg\"},{\"@type\":\"BreadcrumbList\",\"@id\":\"https:\/\/uvbbrasil.com.br\/temer-fica-mas-votos-nao-bastam-para-reformas\/#breadcrumb\",\"itemListElement\":[{\"@type\":\"ListItem\",\"position\":1,\"name\":\"In\u00edcio\",\"item\":\"https:\/\/uvbbrasil.com.br\/\"},{\"@type\":\"ListItem\",\"position\":2,\"name\":\"Temer fica, mas votos n\u00e3o bastam para as reformas\"}]},{\"@type\":\"WebSite\",\"@id\":\"https:\/\/uvbbrasil.com.br\/#website\",\"url\":\"https:\/\/uvbbrasil.com.br\/\",\"name\":\"UVB Brasil\",\"description\":\"Uni\u00e3o dos Vereadores do Brasil\",\"publisher\":{\"@id\":\"https:\/\/uvbbrasil.com.br\/#organization\"},\"potentialAction\":[{\"@type\":\"SearchAction\",\"target\":{\"@type\":\"EntryPoint\",\"urlTemplate\":\"https:\/\/uvbbrasil.com.br\/?s={search_term_string}\"},\"query-input\":{\"@type\":\"PropertyValueSpecification\",\"valueRequired\":true,\"valueName\":\"search_term_string\"}}],\"inLanguage\":\"pt-BR\"},{\"@type\":\"Organization\",\"@id\":\"https:\/\/uvbbrasil.com.br\/#organization\",\"name\":\"UVB Brasil\",\"url\":\"https:\/\/uvbbrasil.com.br\/\",\"logo\":{\"@type\":\"ImageObject\",\"inLanguage\":\"pt-BR\",\"@id\":\"https:\/\/uvbbrasil.com.br\/#\/schema\/logo\/image\/\",\"url\":\"https:\/\/uvbbrasil.com.br\/wp-content\/uploads\/2025\/01\/LOGO-UVB-2024-azul-1.jpg\",\"contentUrl\":\"https:\/\/uvbbrasil.com.br\/wp-content\/uploads\/2025\/01\/LOGO-UVB-2024-azul-1.jpg\",\"width\":600,\"height\":211,\"caption\":\"UVB Brasil\"},\"image\":{\"@id\":\"https:\/\/uvbbrasil.com.br\/#\/schema\/logo\/image\/\"},\"sameAs\":[\"https:\/\/www.facebook.com\/uvb.vereadoresbrasil\",\"https:\/\/www.instagram.com\/uvbbrasil\/\",\"https:\/\/www.youtube.com\/channel\/UCIlPQ8Xzw5GHNzosQIg9S5A\"]},{\"@type\":\"Person\",\"@id\":\"https:\/\/uvbbrasil.com.br\/#\/schema\/person\/17990098446c098f52effddff4f1b272\",\"name\":\"adminuvb\",\"image\":{\"@type\":\"ImageObject\",\"inLanguage\":\"pt-BR\",\"@id\":\"https:\/\/uvbbrasil.com.br\/#\/schema\/person\/image\/\",\"url\":\"https:\/\/secure.gravatar.com\/avatar\/1a494ea6f8e2dd1ae526e55b0e9497efdba542491e0620d704cccf63c6f77c45?s=96&d=mm&r=g\",\"contentUrl\":\"https:\/\/secure.gravatar.com\/avatar\/1a494ea6f8e2dd1ae526e55b0e9497efdba542491e0620d704cccf63c6f77c45?s=96&d=mm&r=g\",\"caption\":\"adminuvb\"},\"sameAs\":[\"https:\/\/uvbbrasil.com.br\"],\"url\":\"https:\/\/uvbbrasil.com.br\/author\/adminuvb\/\"}]}<\/script>\n<!-- \/ Yoast SEO plugin. -->","yoast_head_json":{"title":"Temer fica, mas votos n\u00e3o bastam para as reformas - UVB Brasil","robots":{"index":"index","follow":"follow","max-snippet":"max-snippet:-1","max-image-preview":"max-image-preview:large","max-video-preview":"max-video-preview:-1"},"canonical":"https:\/\/uvbbrasil.com.br\/temer-fica-mas-votos-nao-bastam-para-reformas\/","og_locale":"pt_BR","og_type":"article","og_title":"Temer fica, mas votos n\u00e3o bastam para as reformas - UVB Brasil","og_description":"Faltou \u00e0 oposi\u00e7\u00e3o o apoio de 115 deputados para abrir processo e afastar o presidente. Margem do governo fica pouco...","og_url":"https:\/\/uvbbrasil.com.br\/temer-fica-mas-votos-nao-bastam-para-reformas\/","og_site_name":"UVB Brasil","article_publisher":"https:\/\/www.facebook.com\/uvb.vereadoresbrasil","article_published_time":"2017-08-03T16:10:28+00:00","og_image":[{"url":"http:\/\/www.jornaldebrasilia.com.br\/wp-content\/uploads\/2017\/08\/03pol08f3-630x420.jpg","type":"","width":"","height":""}],"author":"adminuvb","twitter_card":"summary_large_image","twitter_misc":{"Escrito por":"adminuvb","Est. tempo de leitura":"6 minutos"},"schema":{"@context":"https:\/\/schema.org","@graph":[{"@type":"Article","@id":"https:\/\/uvbbrasil.com.br\/temer-fica-mas-votos-nao-bastam-para-reformas\/#article","isPartOf":{"@id":"https:\/\/uvbbrasil.com.br\/temer-fica-mas-votos-nao-bastam-para-reformas\/"},"author":{"name":"adminuvb","@id":"https:\/\/uvbbrasil.com.br\/#\/schema\/person\/17990098446c098f52effddff4f1b272"},"headline":"Temer fica, mas votos n\u00e3o bastam para as reformas","datePublished":"2017-08-03T16:10:28+00:00","mainEntityOfPage":{"@id":"https:\/\/uvbbrasil.com.br\/temer-fica-mas-votos-nao-bastam-para-reformas\/"},"wordCount":1307,"commentCount":0,"publisher":{"@id":"https:\/\/uvbbrasil.com.br\/#organization"},"image":{"@id":"https:\/\/uvbbrasil.com.br\/temer-fica-mas-votos-nao-bastam-para-reformas\/#primaryimage"},"thumbnailUrl":"http:\/\/www.jornaldebrasilia.com.br\/wp-content\/uploads\/2017\/08\/03pol08f3-630x420.jpg","articleSection":["NOT\u00cdCIAS"],"inLanguage":"pt-BR","potentialAction":[{"@type":"CommentAction","name":"Comment","target":["https:\/\/uvbbrasil.com.br\/temer-fica-mas-votos-nao-bastam-para-reformas\/#respond"]}]},{"@type":"WebPage","@id":"https:\/\/uvbbrasil.com.br\/temer-fica-mas-votos-nao-bastam-para-reformas\/","url":"https:\/\/uvbbrasil.com.br\/temer-fica-mas-votos-nao-bastam-para-reformas\/","name":"Temer fica, mas votos n\u00e3o bastam para as reformas - UVB Brasil","isPartOf":{"@id":"https:\/\/uvbbrasil.com.br\/#website"},"primaryImageOfPage":{"@id":"https:\/\/uvbbrasil.com.br\/temer-fica-mas-votos-nao-bastam-para-reformas\/#primaryimage"},"image":{"@id":"https:\/\/uvbbrasil.com.br\/temer-fica-mas-votos-nao-bastam-para-reformas\/#primaryimage"},"thumbnailUrl":"http:\/\/www.jornaldebrasilia.com.br\/wp-content\/uploads\/2017\/08\/03pol08f3-630x420.jpg","datePublished":"2017-08-03T16:10:28+00:00","breadcrumb":{"@id":"https:\/\/uvbbrasil.com.br\/temer-fica-mas-votos-nao-bastam-para-reformas\/#breadcrumb"},"inLanguage":"pt-BR","potentialAction":[{"@type":"ReadAction","target":["https:\/\/uvbbrasil.com.br\/temer-fica-mas-votos-nao-bastam-para-reformas\/"]}]},{"@type":"ImageObject","inLanguage":"pt-BR","@id":"https:\/\/uvbbrasil.com.br\/temer-fica-mas-votos-nao-bastam-para-reformas\/#primaryimage","url":"http:\/\/www.jornaldebrasilia.com.br\/wp-content\/uploads\/2017\/08\/03pol08f3-630x420.jpg","contentUrl":"http:\/\/www.jornaldebrasilia.com.br\/wp-content\/uploads\/2017\/08\/03pol08f3-630x420.jpg"},{"@type":"BreadcrumbList","@id":"https:\/\/uvbbrasil.com.br\/temer-fica-mas-votos-nao-bastam-para-reformas\/#breadcrumb","itemListElement":[{"@type":"ListItem","position":1,"name":"In\u00edcio","item":"https:\/\/uvbbrasil.com.br\/"},{"@type":"ListItem","position":2,"name":"Temer fica, mas votos n\u00e3o bastam para as reformas"}]},{"@type":"WebSite","@id":"https:\/\/uvbbrasil.com.br\/#website","url":"https:\/\/uvbbrasil.com.br\/","name":"UVB Brasil","description":"Uni\u00e3o dos Vereadores do Brasil","publisher":{"@id":"https:\/\/uvbbrasil.com.br\/#organization"},"potentialAction":[{"@type":"SearchAction","target":{"@type":"EntryPoint","urlTemplate":"https:\/\/uvbbrasil.com.br\/?s={search_term_string}"},"query-input":{"@type":"PropertyValueSpecification","valueRequired":true,"valueName":"search_term_string"}}],"inLanguage":"pt-BR"},{"@type":"Organization","@id":"https:\/\/uvbbrasil.com.br\/#organization","name":"UVB Brasil","url":"https:\/\/uvbbrasil.com.br\/","logo":{"@type":"ImageObject","inLanguage":"pt-BR","@id":"https:\/\/uvbbrasil.com.br\/#\/schema\/logo\/image\/","url":"https:\/\/uvbbrasil.com.br\/wp-content\/uploads\/2025\/01\/LOGO-UVB-2024-azul-1.jpg","contentUrl":"https:\/\/uvbbrasil.com.br\/wp-content\/uploads\/2025\/01\/LOGO-UVB-2024-azul-1.jpg","width":600,"height":211,"caption":"UVB Brasil"},"image":{"@id":"https:\/\/uvbbrasil.com.br\/#\/schema\/logo\/image\/"},"sameAs":["https:\/\/www.facebook.com\/uvb.vereadoresbrasil","https:\/\/www.instagram.com\/uvbbrasil\/","https:\/\/www.youtube.com\/channel\/UCIlPQ8Xzw5GHNzosQIg9S5A"]},{"@type":"Person","@id":"https:\/\/uvbbrasil.com.br\/#\/schema\/person\/17990098446c098f52effddff4f1b272","name":"adminuvb","image":{"@type":"ImageObject","inLanguage":"pt-BR","@id":"https:\/\/uvbbrasil.com.br\/#\/schema\/person\/image\/","url":"https:\/\/secure.gravatar.com\/avatar\/1a494ea6f8e2dd1ae526e55b0e9497efdba542491e0620d704cccf63c6f77c45?s=96&d=mm&r=g","contentUrl":"https:\/\/secure.gravatar.com\/avatar\/1a494ea6f8e2dd1ae526e55b0e9497efdba542491e0620d704cccf63c6f77c45?s=96&d=mm&r=g","caption":"adminuvb"},"sameAs":["https:\/\/uvbbrasil.com.br"],"url":"https:\/\/uvbbrasil.com.br\/author\/adminuvb\/"}]}},"_links":{"self":[{"href":"https:\/\/uvbbrasil.com.br\/uvb-json\/wp\/v2\/posts\/7557","targetHints":{"allow":["GET"]}}],"collection":[{"href":"https:\/\/uvbbrasil.com.br\/uvb-json\/wp\/v2\/posts"}],"about":[{"href":"https:\/\/uvbbrasil.com.br\/uvb-json\/wp\/v2\/types\/post"}],"author":[{"embeddable":true,"href":"https:\/\/uvbbrasil.com.br\/uvb-json\/wp\/v2\/users\/1"}],"replies":[{"embeddable":true,"href":"https:\/\/uvbbrasil.com.br\/uvb-json\/wp\/v2\/comments?post=7557"}],"version-history":[{"count":0,"href":"https:\/\/uvbbrasil.com.br\/uvb-json\/wp\/v2\/posts\/7557\/revisions"}],"wp:attachment":[{"href":"https:\/\/uvbbrasil.com.br\/uvb-json\/wp\/v2\/media?parent=7557"}],"wp:term":[{"taxonomy":"category","embeddable":true,"href":"https:\/\/uvbbrasil.com.br\/uvb-json\/wp\/v2\/categories?post=7557"},{"taxonomy":"post_tag","embeddable":true,"href":"https:\/\/uvbbrasil.com.br\/uvb-json\/wp\/v2\/tags?post=7557"}],"curies":[{"name":"wp","href":"https:\/\/api.w.org\/{rel}","templated":true}]}}