{"id":7555,"date":"2017-08-03T13:09:04","date_gmt":"2017-08-03T16:09:04","guid":{"rendered":"https:\/\/wpsandbox4.pante.com.br\/?p=7555"},"modified":"2017-08-03T13:09:04","modified_gmt":"2017-08-03T16:09:04","slug":"votacao-na-camara-temer-escapa-de-processo-criminal-no-stf","status":"publish","type":"post","link":"https:\/\/uvbbrasil.com.br\/votacao-na-camara-temer-escapa-de-processo-criminal-no-stf\/","title":{"rendered":"Vota\u00e7\u00e3o na C\u00e2mara: Temer escapa de processo criminal no STF"},"content":{"rendered":"<p>Os deputados federais decidiram n\u00e3o aceitar a den\u00fancia contra o presidente Michel Temer por corrup\u00e7\u00e3o passiva. Eram necess\u00e1rios 342 votos (equivalente a dois ter\u00e7os dos 513 deputados) para prosseguir com a den\u00fancia no Supremo Tribunal Federal (STF). Os deputados analisaram o relat\u00f3rio apresentado pelo deputado Paulo Abi-Ackel (PSDB-MG) na Comiss\u00e3o de Constitui\u00e7\u00e3o e Justi\u00e7a (CCJ) da Casa, que recomendou a rejei\u00e7\u00e3o da den\u00fancia contra Temer. O \u201cSIM\u201d era contra o prosseguimento da den\u00fancia. E o \u201cN\u00c3O\u201d aos favor\u00e1veis \u00e0 continuidade das apura\u00e7\u00f5es.<\/p>\n<p>O governo conseguiu o n\u00famero de votos necess\u00e1rios, considerando os deputados ausentes e a porcentagem de presen\u00e7as no plen\u00e1rio. A den\u00fancia foi barrada com o voto do deputado Aureo (SD-RJ) favor\u00e1vel ao relat\u00f3rio. O processo contra Michel Temer por corrup\u00e7\u00e3o passiva n\u00e3o vai \u00e0 frente.<\/p>\n<p>Mas, at\u00e9 o fim do dia, a quarta-feira foi marcada por confus\u00f5es entre os deputados da apoio e oposi\u00e7\u00e3o. Pouco antes da vota\u00e7\u00e3o, houve discuss\u00e3o e briga entre parlamentares no Plen\u00e1rio da C\u00e2mara.<br \/>\n<strong>(Veja nas fotos)<\/strong><\/p>\n<div id=\"td_uid_1_598349000a621\" class=\"td-slide-on-2-columns\">\n<div class=\"post_td_gallery\">\n<div class=\"td-gallery-slide-top\">\n<div class=\"td-gallery-title\"><\/div>\n<\/div>\n<div class=\"td-doubleSlider-1 \">\n<div class=\"td-slider\">\n<div class=\"td-slide-item td-item1\">\n<figure class=\"td-slide-galery-figure td-slide-popup-gallery\"><a class=\"slide-gallery-image-link\" title=\"\" href=\"http:\/\/www.jornaldebrasilia.com.br\/wp-content\/uploads\/2017\/08\/Brigasessao_005-e1501712068255.jpg\" data-caption=\"Foto: Lula Marques\/AGPT\" data-description=\"\"><img decoding=\"async\" class=\"lazyloaded td-animation-stack-type0-2\" src=\"http:\/\/www.jornaldebrasilia.com.br\/wp-content\/uploads\/2017\/08\/Brigasessao_005-647x420.jpg\" alt=\"\" data-lazy-src=\"http:\/\/www.jornaldebrasilia.com.br\/wp-content\/uploads\/2017\/08\/Brigasessao_005-647x420.jpg\" \/><\/a><figcaption class=\"td-slide-caption td-gallery-slide-content\">\n<div class=\"td-gallery-slide-copywrite\">Foto: Lula Marques\/AGPT<\/div>\n<\/figcaption><\/figure>\n<\/div>\n<div class=\"td-slide-item td-item2\">\n<figure class=\"td-slide-galery-figure td-slide-popup-gallery\"><a class=\"slide-gallery-image-link\" title=\"\" href=\"http:\/\/www.jornaldebrasilia.com.br\/wp-content\/uploads\/2017\/08\/Brigasessao_007-e1501712081432.jpg\" data-caption=\"Foto: Lula Marques\/AGPT\" data-description=\"\"><img decoding=\"async\" class=\"lazyloaded td-animation-stack-type0-2\" src=\"http:\/\/www.jornaldebrasilia.com.br\/wp-content\/uploads\/2017\/08\/Brigasessao_007-709x420.jpg\" alt=\"\" data-lazy-src=\"http:\/\/www.jornaldebrasilia.com.br\/wp-content\/uploads\/2017\/08\/Brigasessao_007-709x420.jpg\" \/><\/a><figcaption class=\"td-slide-caption td-gallery-slide-content\">\n<div class=\"td-gallery-slide-copywrite\">Foto: Lula Marques\/AGPT<\/div>\n<\/figcaption><\/figure>\n<\/div>\n<div class=\"td-slide-item td-item3\">\n<figure class=\"td-slide-galery-figure td-slide-popup-gallery\"><a class=\"slide-gallery-image-link\" title=\"\" href=\"http:\/\/www.jornaldebrasilia.com.br\/wp-content\/uploads\/2017\/08\/Brigasessao_010-e1501712103110.jpg\" data-caption=\"Foto: Lula Marques\/AGPT\" data-description=\"\"><img decoding=\"async\" class=\"lazyloaded td-animation-stack-type0-2\" src=\"http:\/\/www.jornaldebrasilia.com.br\/wp-content\/uploads\/2017\/08\/Brigasessao_010-693x420.jpg\" alt=\"\" data-lazy-src=\"http:\/\/www.jornaldebrasilia.com.br\/wp-content\/uploads\/2017\/08\/Brigasessao_010-693x420.jpg\" \/><\/a><figcaption class=\"td-slide-caption td-gallery-slide-content\">\n<div class=\"td-gallery-slide-copywrite\">Foto: Lula Marques\/AGPT<\/div>\n<\/figcaption><\/figure>\n<\/div>\n<div class=\"td-slide-item td-item4\">\n<figure class=\"td-slide-galery-figure td-slide-popup-gallery\"><a class=\"slide-gallery-image-link\" title=\"\" href=\"http:\/\/www.jornaldebrasilia.com.br\/wp-content\/uploads\/2017\/08\/Brigasessao_011-e1501712125650.jpg\" data-caption=\"Foto: Lula Marques\/AGPT\" data-description=\"\"><img decoding=\"async\" class=\"lazyload td-animation-stack-type0-2\" src=\"data:image\/gif;base64,R0lGODdhAQABAPAAAP\/\/\/wAAACwAAAAAAQABAEACAkQBADs=\" alt=\"\" data-lazy-src=\"http:\/\/www.jornaldebrasilia.com.br\/wp-content\/uploads\/2017\/08\/Brigasessao_011-668x420.jpg\" \/><\/a><\/figure>\n<figure class=\"td-slide-galery-figure td-slide-popup-gallery\">Mesmo que o resultado fosse diferente, o presidente Temer n\u00e3o seria afastado de imediato porque a den\u00fancia ainda seria oferecida pelo procurador-geral da Rep\u00fablica, Rodrigo Janot, e teria que passar pela maioria dos 11 ministros do STF.<\/figure>\n<\/div>\n<\/div>\n<\/div>\n<\/div>\n<\/div>\n","protected":false},"excerpt":{"rendered":"<p>Os deputados federais decidiram n\u00e3o aceitar a den\u00fancia contra o presidente Michel Temer por corrup\u00e7\u00e3o passiva. Eram necess\u00e1rios 342 votos&#8230;<\/p>\n","protected":false},"author":1,"featured_media":0,"comment_status":"open","ping_status":"open","sticky":false,"template":"","format":"standard","meta":{"footnotes":""},"categories":[3],"tags":[],"class_list":["post-7555","post","type-post","status-publish","format-standard","hentry","category-noticias"],"yoast_head":"<!-- This site is optimized with the Yoast SEO plugin v26.7 - https:\/\/yoast.com\/wordpress\/plugins\/seo\/ -->\n<title>Vota\u00e7\u00e3o na C\u00e2mara: Temer escapa de processo criminal no STF - UVB Brasil<\/title>\n<meta name=\"robots\" content=\"index, follow, max-snippet:-1, max-image-preview:large, max-video-preview:-1\" \/>\n<link rel=\"canonical\" href=\"https:\/\/uvbbrasil.com.br\/votacao-na-camara-temer-escapa-de-processo-criminal-no-stf\/\" \/>\n<meta property=\"og:locale\" content=\"pt_BR\" \/>\n<meta property=\"og:type\" content=\"article\" \/>\n<meta property=\"og:title\" content=\"Vota\u00e7\u00e3o na C\u00e2mara: Temer escapa de processo criminal no STF - UVB Brasil\" \/>\n<meta property=\"og:description\" content=\"Os deputados federais decidiram n\u00e3o aceitar a den\u00fancia contra o presidente Michel Temer por corrup\u00e7\u00e3o passiva. Eram necess\u00e1rios 342 votos...\" \/>\n<meta property=\"og:url\" content=\"https:\/\/uvbbrasil.com.br\/votacao-na-camara-temer-escapa-de-processo-criminal-no-stf\/\" \/>\n<meta property=\"og:site_name\" content=\"UVB Brasil\" \/>\n<meta property=\"article:publisher\" content=\"https:\/\/www.facebook.com\/uvb.vereadoresbrasil\" \/>\n<meta property=\"article:published_time\" content=\"2017-08-03T16:09:04+00:00\" \/>\n<meta property=\"og:image\" content=\"http:\/\/www.jornaldebrasilia.com.br\/wp-content\/uploads\/2017\/08\/Brigasessao_005-647x420.jpg\" \/>\n<meta name=\"author\" content=\"adminuvb\" \/>\n<meta name=\"twitter:card\" content=\"summary_large_image\" \/>\n<meta name=\"twitter:label1\" content=\"Escrito por\" \/>\n\t<meta name=\"twitter:data1\" content=\"adminuvb\" \/>\n\t<meta name=\"twitter:label2\" content=\"Est. tempo de leitura\" \/>\n\t<meta name=\"twitter:data2\" content=\"1 minuto\" \/>\n<script type=\"application\/ld+json\" class=\"yoast-schema-graph\">{\"@context\":\"https:\/\/schema.org\",\"@graph\":[{\"@type\":\"Article\",\"@id\":\"https:\/\/uvbbrasil.com.br\/votacao-na-camara-temer-escapa-de-processo-criminal-no-stf\/#article\",\"isPartOf\":{\"@id\":\"https:\/\/uvbbrasil.com.br\/votacao-na-camara-temer-escapa-de-processo-criminal-no-stf\/\"},\"author\":{\"name\":\"adminuvb\",\"@id\":\"https:\/\/uvbbrasil.com.br\/#\/schema\/person\/17990098446c098f52effddff4f1b272\"},\"headline\":\"Vota\u00e7\u00e3o na C\u00e2mara: Temer escapa de processo criminal no STF\",\"datePublished\":\"2017-08-03T16:09:04+00:00\",\"mainEntityOfPage\":{\"@id\":\"https:\/\/uvbbrasil.com.br\/votacao-na-camara-temer-escapa-de-processo-criminal-no-stf\/\"},\"wordCount\":253,\"commentCount\":0,\"publisher\":{\"@id\":\"https:\/\/uvbbrasil.com.br\/#organization\"},\"image\":{\"@id\":\"https:\/\/uvbbrasil.com.br\/votacao-na-camara-temer-escapa-de-processo-criminal-no-stf\/#primaryimage\"},\"thumbnailUrl\":\"http:\/\/www.jornaldebrasilia.com.br\/wp-content\/uploads\/2017\/08\/Brigasessao_005-647x420.jpg\",\"articleSection\":[\"NOT\u00cdCIAS\"],\"inLanguage\":\"pt-BR\",\"potentialAction\":[{\"@type\":\"CommentAction\",\"name\":\"Comment\",\"target\":[\"https:\/\/uvbbrasil.com.br\/votacao-na-camara-temer-escapa-de-processo-criminal-no-stf\/#respond\"]}]},{\"@type\":\"WebPage\",\"@id\":\"https:\/\/uvbbrasil.com.br\/votacao-na-camara-temer-escapa-de-processo-criminal-no-stf\/\",\"url\":\"https:\/\/uvbbrasil.com.br\/votacao-na-camara-temer-escapa-de-processo-criminal-no-stf\/\",\"name\":\"Vota\u00e7\u00e3o na C\u00e2mara: Temer escapa de processo criminal no STF - UVB Brasil\",\"isPartOf\":{\"@id\":\"https:\/\/uvbbrasil.com.br\/#website\"},\"primaryImageOfPage\":{\"@id\":\"https:\/\/uvbbrasil.com.br\/votacao-na-camara-temer-escapa-de-processo-criminal-no-stf\/#primaryimage\"},\"image\":{\"@id\":\"https:\/\/uvbbrasil.com.br\/votacao-na-camara-temer-escapa-de-processo-criminal-no-stf\/#primaryimage\"},\"thumbnailUrl\":\"http:\/\/www.jornaldebrasilia.com.br\/wp-content\/uploads\/2017\/08\/Brigasessao_005-647x420.jpg\",\"datePublished\":\"2017-08-03T16:09:04+00:00\",\"breadcrumb\":{\"@id\":\"https:\/\/uvbbrasil.com.br\/votacao-na-camara-temer-escapa-de-processo-criminal-no-stf\/#breadcrumb\"},\"inLanguage\":\"pt-BR\",\"potentialAction\":[{\"@type\":\"ReadAction\",\"target\":[\"https:\/\/uvbbrasil.com.br\/votacao-na-camara-temer-escapa-de-processo-criminal-no-stf\/\"]}]},{\"@type\":\"ImageObject\",\"inLanguage\":\"pt-BR\",\"@id\":\"https:\/\/uvbbrasil.com.br\/votacao-na-camara-temer-escapa-de-processo-criminal-no-stf\/#primaryimage\",\"url\":\"http:\/\/www.jornaldebrasilia.com.br\/wp-content\/uploads\/2017\/08\/Brigasessao_005-647x420.jpg\",\"contentUrl\":\"http:\/\/www.jornaldebrasilia.com.br\/wp-content\/uploads\/2017\/08\/Brigasessao_005-647x420.jpg\"},{\"@type\":\"BreadcrumbList\",\"@id\":\"https:\/\/uvbbrasil.com.br\/votacao-na-camara-temer-escapa-de-processo-criminal-no-stf\/#breadcrumb\",\"itemListElement\":[{\"@type\":\"ListItem\",\"position\":1,\"name\":\"In\u00edcio\",\"item\":\"https:\/\/uvbbrasil.com.br\/\"},{\"@type\":\"ListItem\",\"position\":2,\"name\":\"Vota\u00e7\u00e3o na C\u00e2mara: Temer escapa de processo criminal no STF\"}]},{\"@type\":\"WebSite\",\"@id\":\"https:\/\/uvbbrasil.com.br\/#website\",\"url\":\"https:\/\/uvbbrasil.com.br\/\",\"name\":\"UVB Brasil\",\"description\":\"Uni\u00e3o dos Vereadores do Brasil\",\"publisher\":{\"@id\":\"https:\/\/uvbbrasil.com.br\/#organization\"},\"potentialAction\":[{\"@type\":\"SearchAction\",\"target\":{\"@type\":\"EntryPoint\",\"urlTemplate\":\"https:\/\/uvbbrasil.com.br\/?s={search_term_string}\"},\"query-input\":{\"@type\":\"PropertyValueSpecification\",\"valueRequired\":true,\"valueName\":\"search_term_string\"}}],\"inLanguage\":\"pt-BR\"},{\"@type\":\"Organization\",\"@id\":\"https:\/\/uvbbrasil.com.br\/#organization\",\"name\":\"UVB Brasil\",\"url\":\"https:\/\/uvbbrasil.com.br\/\",\"logo\":{\"@type\":\"ImageObject\",\"inLanguage\":\"pt-BR\",\"@id\":\"https:\/\/uvbbrasil.com.br\/#\/schema\/logo\/image\/\",\"url\":\"https:\/\/uvbbrasil.com.br\/wp-content\/uploads\/2025\/01\/LOGO-UVB-2024-azul-1.jpg\",\"contentUrl\":\"https:\/\/uvbbrasil.com.br\/wp-content\/uploads\/2025\/01\/LOGO-UVB-2024-azul-1.jpg\",\"width\":600,\"height\":211,\"caption\":\"UVB Brasil\"},\"image\":{\"@id\":\"https:\/\/uvbbrasil.com.br\/#\/schema\/logo\/image\/\"},\"sameAs\":[\"https:\/\/www.facebook.com\/uvb.vereadoresbrasil\",\"https:\/\/www.instagram.com\/uvbbrasil\/\",\"https:\/\/www.youtube.com\/channel\/UCIlPQ8Xzw5GHNzosQIg9S5A\"]},{\"@type\":\"Person\",\"@id\":\"https:\/\/uvbbrasil.com.br\/#\/schema\/person\/17990098446c098f52effddff4f1b272\",\"name\":\"adminuvb\",\"image\":{\"@type\":\"ImageObject\",\"inLanguage\":\"pt-BR\",\"@id\":\"https:\/\/uvbbrasil.com.br\/#\/schema\/person\/image\/\",\"url\":\"https:\/\/secure.gravatar.com\/avatar\/1a494ea6f8e2dd1ae526e55b0e9497efdba542491e0620d704cccf63c6f77c45?s=96&d=mm&r=g\",\"contentUrl\":\"https:\/\/secure.gravatar.com\/avatar\/1a494ea6f8e2dd1ae526e55b0e9497efdba542491e0620d704cccf63c6f77c45?s=96&d=mm&r=g\",\"caption\":\"adminuvb\"},\"sameAs\":[\"https:\/\/uvbbrasil.com.br\"],\"url\":\"https:\/\/uvbbrasil.com.br\/author\/adminuvb\/\"}]}<\/script>\n<!-- \/ Yoast SEO plugin. -->","yoast_head_json":{"title":"Vota\u00e7\u00e3o na C\u00e2mara: Temer escapa de processo criminal no STF - UVB Brasil","robots":{"index":"index","follow":"follow","max-snippet":"max-snippet:-1","max-image-preview":"max-image-preview:large","max-video-preview":"max-video-preview:-1"},"canonical":"https:\/\/uvbbrasil.com.br\/votacao-na-camara-temer-escapa-de-processo-criminal-no-stf\/","og_locale":"pt_BR","og_type":"article","og_title":"Vota\u00e7\u00e3o na C\u00e2mara: Temer escapa de processo criminal no STF - UVB Brasil","og_description":"Os deputados federais decidiram n\u00e3o aceitar a den\u00fancia contra o presidente Michel Temer por corrup\u00e7\u00e3o passiva. Eram necess\u00e1rios 342 votos...","og_url":"https:\/\/uvbbrasil.com.br\/votacao-na-camara-temer-escapa-de-processo-criminal-no-stf\/","og_site_name":"UVB Brasil","article_publisher":"https:\/\/www.facebook.com\/uvb.vereadoresbrasil","article_published_time":"2017-08-03T16:09:04+00:00","og_image":[{"url":"http:\/\/www.jornaldebrasilia.com.br\/wp-content\/uploads\/2017\/08\/Brigasessao_005-647x420.jpg","type":"","width":"","height":""}],"author":"adminuvb","twitter_card":"summary_large_image","twitter_misc":{"Escrito por":"adminuvb","Est. tempo de leitura":"1 minuto"},"schema":{"@context":"https:\/\/schema.org","@graph":[{"@type":"Article","@id":"https:\/\/uvbbrasil.com.br\/votacao-na-camara-temer-escapa-de-processo-criminal-no-stf\/#article","isPartOf":{"@id":"https:\/\/uvbbrasil.com.br\/votacao-na-camara-temer-escapa-de-processo-criminal-no-stf\/"},"author":{"name":"adminuvb","@id":"https:\/\/uvbbrasil.com.br\/#\/schema\/person\/17990098446c098f52effddff4f1b272"},"headline":"Vota\u00e7\u00e3o na C\u00e2mara: Temer escapa de processo criminal no STF","datePublished":"2017-08-03T16:09:04+00:00","mainEntityOfPage":{"@id":"https:\/\/uvbbrasil.com.br\/votacao-na-camara-temer-escapa-de-processo-criminal-no-stf\/"},"wordCount":253,"commentCount":0,"publisher":{"@id":"https:\/\/uvbbrasil.com.br\/#organization"},"image":{"@id":"https:\/\/uvbbrasil.com.br\/votacao-na-camara-temer-escapa-de-processo-criminal-no-stf\/#primaryimage"},"thumbnailUrl":"http:\/\/www.jornaldebrasilia.com.br\/wp-content\/uploads\/2017\/08\/Brigasessao_005-647x420.jpg","articleSection":["NOT\u00cdCIAS"],"inLanguage":"pt-BR","potentialAction":[{"@type":"CommentAction","name":"Comment","target":["https:\/\/uvbbrasil.com.br\/votacao-na-camara-temer-escapa-de-processo-criminal-no-stf\/#respond"]}]},{"@type":"WebPage","@id":"https:\/\/uvbbrasil.com.br\/votacao-na-camara-temer-escapa-de-processo-criminal-no-stf\/","url":"https:\/\/uvbbrasil.com.br\/votacao-na-camara-temer-escapa-de-processo-criminal-no-stf\/","name":"Vota\u00e7\u00e3o na C\u00e2mara: Temer escapa de processo criminal no STF - UVB Brasil","isPartOf":{"@id":"https:\/\/uvbbrasil.com.br\/#website"},"primaryImageOfPage":{"@id":"https:\/\/uvbbrasil.com.br\/votacao-na-camara-temer-escapa-de-processo-criminal-no-stf\/#primaryimage"},"image":{"@id":"https:\/\/uvbbrasil.com.br\/votacao-na-camara-temer-escapa-de-processo-criminal-no-stf\/#primaryimage"},"thumbnailUrl":"http:\/\/www.jornaldebrasilia.com.br\/wp-content\/uploads\/2017\/08\/Brigasessao_005-647x420.jpg","datePublished":"2017-08-03T16:09:04+00:00","breadcrumb":{"@id":"https:\/\/uvbbrasil.com.br\/votacao-na-camara-temer-escapa-de-processo-criminal-no-stf\/#breadcrumb"},"inLanguage":"pt-BR","potentialAction":[{"@type":"ReadAction","target":["https:\/\/uvbbrasil.com.br\/votacao-na-camara-temer-escapa-de-processo-criminal-no-stf\/"]}]},{"@type":"ImageObject","inLanguage":"pt-BR","@id":"https:\/\/uvbbrasil.com.br\/votacao-na-camara-temer-escapa-de-processo-criminal-no-stf\/#primaryimage","url":"http:\/\/www.jornaldebrasilia.com.br\/wp-content\/uploads\/2017\/08\/Brigasessao_005-647x420.jpg","contentUrl":"http:\/\/www.jornaldebrasilia.com.br\/wp-content\/uploads\/2017\/08\/Brigasessao_005-647x420.jpg"},{"@type":"BreadcrumbList","@id":"https:\/\/uvbbrasil.com.br\/votacao-na-camara-temer-escapa-de-processo-criminal-no-stf\/#breadcrumb","itemListElement":[{"@type":"ListItem","position":1,"name":"In\u00edcio","item":"https:\/\/uvbbrasil.com.br\/"},{"@type":"ListItem","position":2,"name":"Vota\u00e7\u00e3o na C\u00e2mara: Temer escapa de processo criminal no STF"}]},{"@type":"WebSite","@id":"https:\/\/uvbbrasil.com.br\/#website","url":"https:\/\/uvbbrasil.com.br\/","name":"UVB Brasil","description":"Uni\u00e3o dos Vereadores do Brasil","publisher":{"@id":"https:\/\/uvbbrasil.com.br\/#organization"},"potentialAction":[{"@type":"SearchAction","target":{"@type":"EntryPoint","urlTemplate":"https:\/\/uvbbrasil.com.br\/?s={search_term_string}"},"query-input":{"@type":"PropertyValueSpecification","valueRequired":true,"valueName":"search_term_string"}}],"inLanguage":"pt-BR"},{"@type":"Organization","@id":"https:\/\/uvbbrasil.com.br\/#organization","name":"UVB Brasil","url":"https:\/\/uvbbrasil.com.br\/","logo":{"@type":"ImageObject","inLanguage":"pt-BR","@id":"https:\/\/uvbbrasil.com.br\/#\/schema\/logo\/image\/","url":"https:\/\/uvbbrasil.com.br\/wp-content\/uploads\/2025\/01\/LOGO-UVB-2024-azul-1.jpg","contentUrl":"https:\/\/uvbbrasil.com.br\/wp-content\/uploads\/2025\/01\/LOGO-UVB-2024-azul-1.jpg","width":600,"height":211,"caption":"UVB Brasil"},"image":{"@id":"https:\/\/uvbbrasil.com.br\/#\/schema\/logo\/image\/"},"sameAs":["https:\/\/www.facebook.com\/uvb.vereadoresbrasil","https:\/\/www.instagram.com\/uvbbrasil\/","https:\/\/www.youtube.com\/channel\/UCIlPQ8Xzw5GHNzosQIg9S5A"]},{"@type":"Person","@id":"https:\/\/uvbbrasil.com.br\/#\/schema\/person\/17990098446c098f52effddff4f1b272","name":"adminuvb","image":{"@type":"ImageObject","inLanguage":"pt-BR","@id":"https:\/\/uvbbrasil.com.br\/#\/schema\/person\/image\/","url":"https:\/\/secure.gravatar.com\/avatar\/1a494ea6f8e2dd1ae526e55b0e9497efdba542491e0620d704cccf63c6f77c45?s=96&d=mm&r=g","contentUrl":"https:\/\/secure.gravatar.com\/avatar\/1a494ea6f8e2dd1ae526e55b0e9497efdba542491e0620d704cccf63c6f77c45?s=96&d=mm&r=g","caption":"adminuvb"},"sameAs":["https:\/\/uvbbrasil.com.br"],"url":"https:\/\/uvbbrasil.com.br\/author\/adminuvb\/"}]}},"_links":{"self":[{"href":"https:\/\/uvbbrasil.com.br\/uvb-json\/wp\/v2\/posts\/7555","targetHints":{"allow":["GET"]}}],"collection":[{"href":"https:\/\/uvbbrasil.com.br\/uvb-json\/wp\/v2\/posts"}],"about":[{"href":"https:\/\/uvbbrasil.com.br\/uvb-json\/wp\/v2\/types\/post"}],"author":[{"embeddable":true,"href":"https:\/\/uvbbrasil.com.br\/uvb-json\/wp\/v2\/users\/1"}],"replies":[{"embeddable":true,"href":"https:\/\/uvbbrasil.com.br\/uvb-json\/wp\/v2\/comments?post=7555"}],"version-history":[{"count":0,"href":"https:\/\/uvbbrasil.com.br\/uvb-json\/wp\/v2\/posts\/7555\/revisions"}],"wp:attachment":[{"href":"https:\/\/uvbbrasil.com.br\/uvb-json\/wp\/v2\/media?parent=7555"}],"wp:term":[{"taxonomy":"category","embeddable":true,"href":"https:\/\/uvbbrasil.com.br\/uvb-json\/wp\/v2\/categories?post=7555"},{"taxonomy":"post_tag","embeddable":true,"href":"https:\/\/uvbbrasil.com.br\/uvb-json\/wp\/v2\/tags?post=7555"}],"curies":[{"name":"wp","href":"https:\/\/api.w.org\/{rel}","templated":true}]}}