{"id":7552,"date":"2017-08-03T13:07:23","date_gmt":"2017-08-03T16:07:23","guid":{"rendered":"https:\/\/wpsandbox4.pante.com.br\/?p=7552"},"modified":"2017-08-03T13:07:23","modified_gmt":"2017-08-03T16:07:23","slug":"grupo-folclorico-recebe-homenagem-na-camara-de-vereadores","status":"publish","type":"post","link":"https:\/\/uvbbrasil.com.br\/grupo-folclorico-recebe-homenagem-na-camara-de-vereadores\/","title":{"rendered":"Grupo Folcl\u00f3rico recebe homenagem na C\u00e2mara de Vereadores"},"content":{"rendered":"<p>&nbsp;<\/p>\n<div class=\"parceiros paszone-78674 wpproadgrid top_pas\">\u00a0Mais uma vez o Grupo Folcl\u00f3rico \u00cdtalo Brasileiro representou Nova Veneza no principal evento de dan\u00e7a do Pa\u00eds, o Festival de Dan\u00e7a de Joinville. E como j\u00e1 era esperado, a equipe fez bonito novamente. Com a conquista do segundo lugar, dan\u00e7arinos e diretoria foram homenageados na C\u00e2mara de Vereadores do munic\u00edpio.<\/div>\n<p>Por meio de Mo\u00e7\u00e3o de Aplausos de autoria do vereador Carlos Eduardo Ghislandi, o grupo esteve na Casa Legislativa nessa ter\u00e7a-feira. Representando os colegas, Ricardo Mazzorana Albuquerque ressaltou a hist\u00f3ria dos neovenezianos em Joinville e agradeceu o apoio e o reconhecimento da comunidade.<\/p>\n<div class=\"parceiros paszone-40919 wpproadgrid center_pas\"><\/div>\n<p>Os legisladores exaltaram o trabalho realizado por todos os envolvidos com o Grupo Folcl\u00f3rico e agradeceram a todos pela dedica\u00e7\u00e3o \u00e0 dan\u00e7a.<\/p>\n<h2>REIVINDICA\u00c7\u00d5ES EM PAUTA<\/h2>\n<p>Na sess\u00e3o dessa ter\u00e7a-feira, que contou com o retorno de Eloir Minatto (Biro Biro) \u00e0 presid\u00eancia da Casa, o vereador Milton Pedro Somariva solicitou ao poder executivo pavimenta\u00e7\u00e3o asf\u00e1ltica na Rua Diom\u00edcio Freitas, em Caravaggio.<\/p>\n<p>J\u00e1 Edgar Preis pede \u00e0 secretaria competente a recoloca\u00e7\u00e3o de ponte p\u00eansil no cant\u00e3o da comunidade Rio Cedro Alto, tendo em vista os transtornos no local.<\/p>\n<p>Em requerimento, Edaltro Luiz Bortolotto solicita \u00e0 Casan a instala\u00e7\u00e3o de 1.200 metros de cano para \u00e1gua tratada na NVA-150. O pedido visa atender seis fam\u00edlias desta regi\u00e3o. Edaltro tamb\u00e9m pede \u00e0 Celesc a instala\u00e7\u00e3o de 20 lumin\u00e1rias na NVA-150.<\/p>\n<p>Aroldo Frigo Junior, por sua vez, solicita \u00e0 Coopera a coloca\u00e7\u00e3o de lumin\u00e1ria na ponte da comunidade S\u00e3o Jos\u00e9, por quest\u00f5es de seguran\u00e7a.<\/p>\n<p>E Carlos Eduardo Ghislandi pede ao Deinfra altera\u00e7\u00e3o no trevo de acesso \u00e0 Rodovia Jos\u00e9 Spillere, acesso ao bairro M\u00e3e Luzia. O requerimento se deve aos constantes acidentes no local.<\/p>\n<h5>TADEU SPILERE<\/h5>\n<p><a href=\"https:\/\/www.portalveneza.com.br\/wp-content\/uploads\/2017\/08\/20562032_1386371381478236_1770126352_n.jpg\"><img fetchpriority=\"high\" decoding=\"async\" class=\"aligncenter size-full wp-image-79527\" src=\"https:\/\/www.portalveneza.com.br\/wp-content\/uploads\/2017\/08\/20562032_1386371381478236_1770126352_n.jpg\" sizes=\"(max-width: 960px) 100vw, 960px\" srcset=\"https:\/\/www.portalveneza.com.br\/wp-content\/uploads\/2017\/08\/20562032_1386371381478236_1770126352_n.jpg 960w, https:\/\/www.portalveneza.com.br\/wp-content\/uploads\/2017\/08\/20562032_1386371381478236_1770126352_n-270x152.jpg 270w, https:\/\/www.portalveneza.com.br\/wp-content\/uploads\/2017\/08\/20562032_1386371381478236_1770126352_n-768x433.jpg 768w\" alt=\"\" width=\"960\" height=\"541\" \/><\/a><\/p>\n<p>Fonte: PORTAL VENEZA<\/p>\n","protected":false},"excerpt":{"rendered":"<p>&nbsp; \u00a0Mais uma vez o Grupo Folcl\u00f3rico \u00cdtalo Brasileiro representou Nova Veneza no principal evento de dan\u00e7a do Pa\u00eds, o&#8230;<\/p>\n","protected":false},"author":1,"featured_media":7553,"comment_status":"open","ping_status":"open","sticky":false,"template":"","format":"standard","meta":{"footnotes":""},"categories":[3],"tags":[],"class_list":["post-7552","post","type-post","status-publish","format-standard","has-post-thumbnail","hentry","category-noticias"],"yoast_head":"<!-- This site is optimized with the Yoast SEO plugin v26.7 - https:\/\/yoast.com\/wordpress\/plugins\/seo\/ -->\n<title>Grupo Folcl\u00f3rico recebe homenagem na C\u00e2mara de Vereadores - UVB Brasil<\/title>\n<meta name=\"robots\" content=\"index, follow, max-snippet:-1, max-image-preview:large, max-video-preview:-1\" \/>\n<link rel=\"canonical\" href=\"https:\/\/uvbbrasil.com.br\/grupo-folclorico-recebe-homenagem-na-camara-de-vereadores\/\" \/>\n<meta property=\"og:locale\" content=\"pt_BR\" \/>\n<meta property=\"og:type\" content=\"article\" \/>\n<meta property=\"og:title\" content=\"Grupo Folcl\u00f3rico recebe homenagem na C\u00e2mara de Vereadores - UVB Brasil\" \/>\n<meta property=\"og:description\" content=\"&nbsp; \u00a0Mais uma vez o Grupo Folcl\u00f3rico \u00cdtalo Brasileiro representou Nova Veneza no principal evento de dan\u00e7a do Pa\u00eds, o...\" \/>\n<meta property=\"og:url\" content=\"https:\/\/uvbbrasil.com.br\/grupo-folclorico-recebe-homenagem-na-camara-de-vereadores\/\" \/>\n<meta property=\"og:site_name\" content=\"UVB Brasil\" \/>\n<meta property=\"article:publisher\" content=\"https:\/\/www.facebook.com\/uvb.vereadoresbrasil\" \/>\n<meta property=\"article:published_time\" content=\"2017-08-03T16:07:23+00:00\" \/>\n<meta property=\"og:image\" content=\"https:\/\/uvbbrasil.com.br\/wp-content\/uploads\/2017\/08\/20562039_1386371224811585_1149098804_n.jpg\" \/>\n\t<meta property=\"og:image:width\" content=\"959\" \/>\n\t<meta property=\"og:image:height\" content=\"540\" \/>\n\t<meta property=\"og:image:type\" content=\"image\/jpeg\" \/>\n<meta name=\"author\" content=\"adminuvb\" \/>\n<meta name=\"twitter:card\" content=\"summary_large_image\" \/>\n<meta name=\"twitter:label1\" content=\"Escrito por\" \/>\n\t<meta name=\"twitter:data1\" content=\"adminuvb\" \/>\n\t<meta name=\"twitter:label2\" content=\"Est. tempo de leitura\" \/>\n\t<meta name=\"twitter:data2\" content=\"2 minutos\" \/>\n<script type=\"application\/ld+json\" class=\"yoast-schema-graph\">{\"@context\":\"https:\/\/schema.org\",\"@graph\":[{\"@type\":\"Article\",\"@id\":\"https:\/\/uvbbrasil.com.br\/grupo-folclorico-recebe-homenagem-na-camara-de-vereadores\/#article\",\"isPartOf\":{\"@id\":\"https:\/\/uvbbrasil.com.br\/grupo-folclorico-recebe-homenagem-na-camara-de-vereadores\/\"},\"author\":{\"name\":\"adminuvb\",\"@id\":\"https:\/\/uvbbrasil.com.br\/#\/schema\/person\/17990098446c098f52effddff4f1b272\"},\"headline\":\"Grupo Folcl\u00f3rico recebe homenagem na C\u00e2mara de Vereadores\",\"datePublished\":\"2017-08-03T16:07:23+00:00\",\"mainEntityOfPage\":{\"@id\":\"https:\/\/uvbbrasil.com.br\/grupo-folclorico-recebe-homenagem-na-camara-de-vereadores\/\"},\"wordCount\":316,\"commentCount\":0,\"publisher\":{\"@id\":\"https:\/\/uvbbrasil.com.br\/#organization\"},\"image\":{\"@id\":\"https:\/\/uvbbrasil.com.br\/grupo-folclorico-recebe-homenagem-na-camara-de-vereadores\/#primaryimage\"},\"thumbnailUrl\":\"https:\/\/uvbbrasil.com.br\/wp-content\/uploads\/2017\/08\/20562039_1386371224811585_1149098804_n.jpg\",\"articleSection\":[\"NOT\u00cdCIAS\"],\"inLanguage\":\"pt-BR\",\"potentialAction\":[{\"@type\":\"CommentAction\",\"name\":\"Comment\",\"target\":[\"https:\/\/uvbbrasil.com.br\/grupo-folclorico-recebe-homenagem-na-camara-de-vereadores\/#respond\"]}]},{\"@type\":\"WebPage\",\"@id\":\"https:\/\/uvbbrasil.com.br\/grupo-folclorico-recebe-homenagem-na-camara-de-vereadores\/\",\"url\":\"https:\/\/uvbbrasil.com.br\/grupo-folclorico-recebe-homenagem-na-camara-de-vereadores\/\",\"name\":\"Grupo Folcl\u00f3rico recebe homenagem na C\u00e2mara de Vereadores - UVB Brasil\",\"isPartOf\":{\"@id\":\"https:\/\/uvbbrasil.com.br\/#website\"},\"primaryImageOfPage\":{\"@id\":\"https:\/\/uvbbrasil.com.br\/grupo-folclorico-recebe-homenagem-na-camara-de-vereadores\/#primaryimage\"},\"image\":{\"@id\":\"https:\/\/uvbbrasil.com.br\/grupo-folclorico-recebe-homenagem-na-camara-de-vereadores\/#primaryimage\"},\"thumbnailUrl\":\"https:\/\/uvbbrasil.com.br\/wp-content\/uploads\/2017\/08\/20562039_1386371224811585_1149098804_n.jpg\",\"datePublished\":\"2017-08-03T16:07:23+00:00\",\"breadcrumb\":{\"@id\":\"https:\/\/uvbbrasil.com.br\/grupo-folclorico-recebe-homenagem-na-camara-de-vereadores\/#breadcrumb\"},\"inLanguage\":\"pt-BR\",\"potentialAction\":[{\"@type\":\"ReadAction\",\"target\":[\"https:\/\/uvbbrasil.com.br\/grupo-folclorico-recebe-homenagem-na-camara-de-vereadores\/\"]}]},{\"@type\":\"ImageObject\",\"inLanguage\":\"pt-BR\",\"@id\":\"https:\/\/uvbbrasil.com.br\/grupo-folclorico-recebe-homenagem-na-camara-de-vereadores\/#primaryimage\",\"url\":\"https:\/\/uvbbrasil.com.br\/wp-content\/uploads\/2017\/08\/20562039_1386371224811585_1149098804_n.jpg\",\"contentUrl\":\"https:\/\/uvbbrasil.com.br\/wp-content\/uploads\/2017\/08\/20562039_1386371224811585_1149098804_n.jpg\",\"width\":959,\"height\":540},{\"@type\":\"BreadcrumbList\",\"@id\":\"https:\/\/uvbbrasil.com.br\/grupo-folclorico-recebe-homenagem-na-camara-de-vereadores\/#breadcrumb\",\"itemListElement\":[{\"@type\":\"ListItem\",\"position\":1,\"name\":\"In\u00edcio\",\"item\":\"https:\/\/uvbbrasil.com.br\/\"},{\"@type\":\"ListItem\",\"position\":2,\"name\":\"Grupo Folcl\u00f3rico recebe homenagem na C\u00e2mara de Vereadores\"}]},{\"@type\":\"WebSite\",\"@id\":\"https:\/\/uvbbrasil.com.br\/#website\",\"url\":\"https:\/\/uvbbrasil.com.br\/\",\"name\":\"UVB Brasil\",\"description\":\"Uni\u00e3o dos Vereadores do Brasil\",\"publisher\":{\"@id\":\"https:\/\/uvbbrasil.com.br\/#organization\"},\"potentialAction\":[{\"@type\":\"SearchAction\",\"target\":{\"@type\":\"EntryPoint\",\"urlTemplate\":\"https:\/\/uvbbrasil.com.br\/?s={search_term_string}\"},\"query-input\":{\"@type\":\"PropertyValueSpecification\",\"valueRequired\":true,\"valueName\":\"search_term_string\"}}],\"inLanguage\":\"pt-BR\"},{\"@type\":\"Organization\",\"@id\":\"https:\/\/uvbbrasil.com.br\/#organization\",\"name\":\"UVB Brasil\",\"url\":\"https:\/\/uvbbrasil.com.br\/\",\"logo\":{\"@type\":\"ImageObject\",\"inLanguage\":\"pt-BR\",\"@id\":\"https:\/\/uvbbrasil.com.br\/#\/schema\/logo\/image\/\",\"url\":\"https:\/\/uvbbrasil.com.br\/wp-content\/uploads\/2025\/01\/LOGO-UVB-2024-azul-1.jpg\",\"contentUrl\":\"https:\/\/uvbbrasil.com.br\/wp-content\/uploads\/2025\/01\/LOGO-UVB-2024-azul-1.jpg\",\"width\":600,\"height\":211,\"caption\":\"UVB Brasil\"},\"image\":{\"@id\":\"https:\/\/uvbbrasil.com.br\/#\/schema\/logo\/image\/\"},\"sameAs\":[\"https:\/\/www.facebook.com\/uvb.vereadoresbrasil\",\"https:\/\/www.instagram.com\/uvbbrasil\/\",\"https:\/\/www.youtube.com\/channel\/UCIlPQ8Xzw5GHNzosQIg9S5A\"]},{\"@type\":\"Person\",\"@id\":\"https:\/\/uvbbrasil.com.br\/#\/schema\/person\/17990098446c098f52effddff4f1b272\",\"name\":\"adminuvb\",\"image\":{\"@type\":\"ImageObject\",\"inLanguage\":\"pt-BR\",\"@id\":\"https:\/\/uvbbrasil.com.br\/#\/schema\/person\/image\/\",\"url\":\"https:\/\/secure.gravatar.com\/avatar\/1a494ea6f8e2dd1ae526e55b0e9497efdba542491e0620d704cccf63c6f77c45?s=96&d=mm&r=g\",\"contentUrl\":\"https:\/\/secure.gravatar.com\/avatar\/1a494ea6f8e2dd1ae526e55b0e9497efdba542491e0620d704cccf63c6f77c45?s=96&d=mm&r=g\",\"caption\":\"adminuvb\"},\"sameAs\":[\"https:\/\/uvbbrasil.com.br\"],\"url\":\"https:\/\/uvbbrasil.com.br\/author\/adminuvb\/\"}]}<\/script>\n<!-- \/ Yoast SEO plugin. -->","yoast_head_json":{"title":"Grupo Folcl\u00f3rico recebe homenagem na C\u00e2mara de Vereadores - UVB Brasil","robots":{"index":"index","follow":"follow","max-snippet":"max-snippet:-1","max-image-preview":"max-image-preview:large","max-video-preview":"max-video-preview:-1"},"canonical":"https:\/\/uvbbrasil.com.br\/grupo-folclorico-recebe-homenagem-na-camara-de-vereadores\/","og_locale":"pt_BR","og_type":"article","og_title":"Grupo Folcl\u00f3rico recebe homenagem na C\u00e2mara de Vereadores - UVB Brasil","og_description":"&nbsp; \u00a0Mais uma vez o Grupo Folcl\u00f3rico \u00cdtalo Brasileiro representou Nova Veneza no principal evento de dan\u00e7a do Pa\u00eds, o...","og_url":"https:\/\/uvbbrasil.com.br\/grupo-folclorico-recebe-homenagem-na-camara-de-vereadores\/","og_site_name":"UVB Brasil","article_publisher":"https:\/\/www.facebook.com\/uvb.vereadoresbrasil","article_published_time":"2017-08-03T16:07:23+00:00","og_image":[{"width":959,"height":540,"url":"https:\/\/uvbbrasil.com.br\/wp-content\/uploads\/2017\/08\/20562039_1386371224811585_1149098804_n.jpg","type":"image\/jpeg"}],"author":"adminuvb","twitter_card":"summary_large_image","twitter_misc":{"Escrito por":"adminuvb","Est. tempo de leitura":"2 minutos"},"schema":{"@context":"https:\/\/schema.org","@graph":[{"@type":"Article","@id":"https:\/\/uvbbrasil.com.br\/grupo-folclorico-recebe-homenagem-na-camara-de-vereadores\/#article","isPartOf":{"@id":"https:\/\/uvbbrasil.com.br\/grupo-folclorico-recebe-homenagem-na-camara-de-vereadores\/"},"author":{"name":"adminuvb","@id":"https:\/\/uvbbrasil.com.br\/#\/schema\/person\/17990098446c098f52effddff4f1b272"},"headline":"Grupo Folcl\u00f3rico recebe homenagem na C\u00e2mara de Vereadores","datePublished":"2017-08-03T16:07:23+00:00","mainEntityOfPage":{"@id":"https:\/\/uvbbrasil.com.br\/grupo-folclorico-recebe-homenagem-na-camara-de-vereadores\/"},"wordCount":316,"commentCount":0,"publisher":{"@id":"https:\/\/uvbbrasil.com.br\/#organization"},"image":{"@id":"https:\/\/uvbbrasil.com.br\/grupo-folclorico-recebe-homenagem-na-camara-de-vereadores\/#primaryimage"},"thumbnailUrl":"https:\/\/uvbbrasil.com.br\/wp-content\/uploads\/2017\/08\/20562039_1386371224811585_1149098804_n.jpg","articleSection":["NOT\u00cdCIAS"],"inLanguage":"pt-BR","potentialAction":[{"@type":"CommentAction","name":"Comment","target":["https:\/\/uvbbrasil.com.br\/grupo-folclorico-recebe-homenagem-na-camara-de-vereadores\/#respond"]}]},{"@type":"WebPage","@id":"https:\/\/uvbbrasil.com.br\/grupo-folclorico-recebe-homenagem-na-camara-de-vereadores\/","url":"https:\/\/uvbbrasil.com.br\/grupo-folclorico-recebe-homenagem-na-camara-de-vereadores\/","name":"Grupo Folcl\u00f3rico recebe homenagem na C\u00e2mara de Vereadores - UVB Brasil","isPartOf":{"@id":"https:\/\/uvbbrasil.com.br\/#website"},"primaryImageOfPage":{"@id":"https:\/\/uvbbrasil.com.br\/grupo-folclorico-recebe-homenagem-na-camara-de-vereadores\/#primaryimage"},"image":{"@id":"https:\/\/uvbbrasil.com.br\/grupo-folclorico-recebe-homenagem-na-camara-de-vereadores\/#primaryimage"},"thumbnailUrl":"https:\/\/uvbbrasil.com.br\/wp-content\/uploads\/2017\/08\/20562039_1386371224811585_1149098804_n.jpg","datePublished":"2017-08-03T16:07:23+00:00","breadcrumb":{"@id":"https:\/\/uvbbrasil.com.br\/grupo-folclorico-recebe-homenagem-na-camara-de-vereadores\/#breadcrumb"},"inLanguage":"pt-BR","potentialAction":[{"@type":"ReadAction","target":["https:\/\/uvbbrasil.com.br\/grupo-folclorico-recebe-homenagem-na-camara-de-vereadores\/"]}]},{"@type":"ImageObject","inLanguage":"pt-BR","@id":"https:\/\/uvbbrasil.com.br\/grupo-folclorico-recebe-homenagem-na-camara-de-vereadores\/#primaryimage","url":"https:\/\/uvbbrasil.com.br\/wp-content\/uploads\/2017\/08\/20562039_1386371224811585_1149098804_n.jpg","contentUrl":"https:\/\/uvbbrasil.com.br\/wp-content\/uploads\/2017\/08\/20562039_1386371224811585_1149098804_n.jpg","width":959,"height":540},{"@type":"BreadcrumbList","@id":"https:\/\/uvbbrasil.com.br\/grupo-folclorico-recebe-homenagem-na-camara-de-vereadores\/#breadcrumb","itemListElement":[{"@type":"ListItem","position":1,"name":"In\u00edcio","item":"https:\/\/uvbbrasil.com.br\/"},{"@type":"ListItem","position":2,"name":"Grupo Folcl\u00f3rico recebe homenagem na C\u00e2mara de Vereadores"}]},{"@type":"WebSite","@id":"https:\/\/uvbbrasil.com.br\/#website","url":"https:\/\/uvbbrasil.com.br\/","name":"UVB Brasil","description":"Uni\u00e3o dos Vereadores do Brasil","publisher":{"@id":"https:\/\/uvbbrasil.com.br\/#organization"},"potentialAction":[{"@type":"SearchAction","target":{"@type":"EntryPoint","urlTemplate":"https:\/\/uvbbrasil.com.br\/?s={search_term_string}"},"query-input":{"@type":"PropertyValueSpecification","valueRequired":true,"valueName":"search_term_string"}}],"inLanguage":"pt-BR"},{"@type":"Organization","@id":"https:\/\/uvbbrasil.com.br\/#organization","name":"UVB Brasil","url":"https:\/\/uvbbrasil.com.br\/","logo":{"@type":"ImageObject","inLanguage":"pt-BR","@id":"https:\/\/uvbbrasil.com.br\/#\/schema\/logo\/image\/","url":"https:\/\/uvbbrasil.com.br\/wp-content\/uploads\/2025\/01\/LOGO-UVB-2024-azul-1.jpg","contentUrl":"https:\/\/uvbbrasil.com.br\/wp-content\/uploads\/2025\/01\/LOGO-UVB-2024-azul-1.jpg","width":600,"height":211,"caption":"UVB Brasil"},"image":{"@id":"https:\/\/uvbbrasil.com.br\/#\/schema\/logo\/image\/"},"sameAs":["https:\/\/www.facebook.com\/uvb.vereadoresbrasil","https:\/\/www.instagram.com\/uvbbrasil\/","https:\/\/www.youtube.com\/channel\/UCIlPQ8Xzw5GHNzosQIg9S5A"]},{"@type":"Person","@id":"https:\/\/uvbbrasil.com.br\/#\/schema\/person\/17990098446c098f52effddff4f1b272","name":"adminuvb","image":{"@type":"ImageObject","inLanguage":"pt-BR","@id":"https:\/\/uvbbrasil.com.br\/#\/schema\/person\/image\/","url":"https:\/\/secure.gravatar.com\/avatar\/1a494ea6f8e2dd1ae526e55b0e9497efdba542491e0620d704cccf63c6f77c45?s=96&d=mm&r=g","contentUrl":"https:\/\/secure.gravatar.com\/avatar\/1a494ea6f8e2dd1ae526e55b0e9497efdba542491e0620d704cccf63c6f77c45?s=96&d=mm&r=g","caption":"adminuvb"},"sameAs":["https:\/\/uvbbrasil.com.br"],"url":"https:\/\/uvbbrasil.com.br\/author\/adminuvb\/"}]}},"_links":{"self":[{"href":"https:\/\/uvbbrasil.com.br\/uvb-json\/wp\/v2\/posts\/7552","targetHints":{"allow":["GET"]}}],"collection":[{"href":"https:\/\/uvbbrasil.com.br\/uvb-json\/wp\/v2\/posts"}],"about":[{"href":"https:\/\/uvbbrasil.com.br\/uvb-json\/wp\/v2\/types\/post"}],"author":[{"embeddable":true,"href":"https:\/\/uvbbrasil.com.br\/uvb-json\/wp\/v2\/users\/1"}],"replies":[{"embeddable":true,"href":"https:\/\/uvbbrasil.com.br\/uvb-json\/wp\/v2\/comments?post=7552"}],"version-history":[{"count":0,"href":"https:\/\/uvbbrasil.com.br\/uvb-json\/wp\/v2\/posts\/7552\/revisions"}],"wp:featuredmedia":[{"embeddable":true,"href":"https:\/\/uvbbrasil.com.br\/uvb-json\/wp\/v2\/media\/7553"}],"wp:attachment":[{"href":"https:\/\/uvbbrasil.com.br\/uvb-json\/wp\/v2\/media?parent=7552"}],"wp:term":[{"taxonomy":"category","embeddable":true,"href":"https:\/\/uvbbrasil.com.br\/uvb-json\/wp\/v2\/categories?post=7552"},{"taxonomy":"post_tag","embeddable":true,"href":"https:\/\/uvbbrasil.com.br\/uvb-json\/wp\/v2\/tags?post=7552"}],"curies":[{"name":"wp","href":"https:\/\/api.w.org\/{rel}","templated":true}]}}