{"id":7529,"date":"2017-08-03T23:00:22","date_gmt":"2017-08-04T02:00:22","guid":{"rendered":"https:\/\/wpsandbox4.pante.com.br\/?p=7529"},"modified":"2017-08-03T23:00:22","modified_gmt":"2017-08-04T02:00:22","slug":"relator-da-reforma-politica-deputado-vicente-candido-mais-um-deputado-confirmado","status":"publish","type":"post","link":"https:\/\/uvbbrasil.com.br\/relator-da-reforma-politica-deputado-vicente-candido-mais-um-deputado-confirmado\/","title":{"rendered":"Relator da Reforma Pol\u00edtica, deputado Vicente C\u00e2ndido mais um deputado confirmado"},"content":{"rendered":"<p>O relator da comiss\u00e3o especial da Reforma Pol\u00edtica, deputado federal Vicente C\u00e2ndido (PT\/SP) \u00e9 mais um confirmado no 5\u00b0 Congresso Nacional de Legislativos Municipais, que acontece de 22 a 25 de agosto em Bras\u00edlia.<\/p>\n<p>Segundo C\u00e2ndido, a proposta de reforma se estrutura em torno de tr\u00eas eixos principais: fortalecimento de instrumentos de democracia direta, altera\u00e7\u00e3o de pontos da legisla\u00e7\u00e3o eleitoral e financiamento de campanha.<\/p>\n<p>Com rela\u00e7\u00e3o \u00e0 democracia direta, ele classifica este ponto como o \u201cmais ousado\u201d da proposta. \u201cH\u00e1 hoje uma crise de representatividade dos poderes. Depois da primavera \u00e1rabe e junho de 2013, ap\u00f3s as\u00a0<a title=\"mobiliza\u00e7\u00f5es\" href=\"http:\/\/www.pt.org.br\/tag\/mobilizacoes\/\" target=\"_blank\" rel=\"noopener noreferrer\">mobiliza\u00e7\u00f5es<\/a>\u00a0que tivemos pr\u00f3\u00a0<a title=\"impeachment\" href=\"http:\/\/www.pt.org.br\/tag\/impeachment\/\" target=\"_blank\" rel=\"noopener noreferrer\">impeachment<\/a>, contra as reformas, mostram que o Brasil precisa mudar, n\u00f3s precisamos abrir, descentralizar\u201d, avaliou.<\/p>\n<p>Para mudar esse panorama, ele prop\u00f5e a cria\u00e7\u00e3o de um Projeto de Lei Ordin\u00e1ria que estabelece uma sistem\u00e1tica de subscri\u00e7\u00e3o de projetos de iniciativa popular.<\/p>\n<p>Atualmente, a sociedade civil pode propor um projeto de lei, desde que seja subscrito por no m\u00ednimo 1% do eleitorado do pa\u00eds, distribu\u00eddo por elo menos cinco estados.<\/p>\n<p>A proposta do relat\u00f3rio \u00e9 agilizar a coleta de assinaturas por meio de um mecanismo digital para confer\u00eancia e estender o processo para a convoca\u00e7\u00e3o de plebiscitos e referendos, al\u00e9m de permitir que o presidente da rep\u00fablica pe\u00e7a um referendo sem passar pelo Congresso.<\/p>\n<h3>Legisla\u00e7\u00e3o eleitoral<\/h3>\n<p>Com rela\u00e7\u00e3o \u00e0 legisla\u00e7\u00e3o eleitoral, a principal mudan\u00e7a proposta \u00e9 a cria\u00e7\u00e3o do pr\u00e9-registro de campanha, que se daria no m\u00eas de mar\u00e7o do ano eleitoral, criando tempo h\u00e1bil para a habilita\u00e7\u00e3o pr\u00e9via dos candidatos por parte da<a title=\"Justi\u00e7a\" href=\"http:\/\/www.pt.org.br\/tag\/justica\/\" target=\"_blank\" rel=\"noopener noreferrer\">Justi\u00e7a<\/a>\u00a0Eleitoral. Atualmente a Justi\u00e7a n\u00e3o consegue analisar todas as candidaturas e muitos pol\u00edticos s\u00e3o eleitos sob judice.<\/p>\n<p>O relat\u00f3rio de C\u00e2ndido tamb\u00e9m prop\u00f5e o retorno do prazo de campanha para 60 dias, estabelece a propaganda paga na internet, estabelece o per\u00edodo de propaganda eleitoral a televis\u00e3o em 35 dias, e pro\u00edbe a divulga\u00e7\u00e3o de pesquisa eleitoral ap\u00f3s \u00faltimo domingo que antecede data do pleito.<\/p>\n<p>Com rela\u00e7\u00e3o \u00e0s candidaturas, a proposta de Vicente C\u00e2ndido \u00e9 pela lista fechada pr\u00e9-ordenada para as legislaturas, mas apenas para nas elei\u00e7\u00f5es de 2018, 2020 e 2022. A partir de ent\u00e3o, seria adotado o modelo distrital misto, com 50% dos candidatos escolhidos em seu distrito e 50% por lista fechada.<\/p>\n<p>C\u00e2ndido afirmou que pode existir uma dificuldade para aprovar o modelo porque \u201co que pega no Congresso \u00e9 a demoniza\u00e7\u00e3o da lista fechada\u201d. Para ele, a imprensa fez um \u201cdesservi\u00e7o\u201d para a na\u00e7\u00e3o brasileira com esse tema. \u201cTenho me digladiado com a m\u00eddia. Ela vem de cara colocando sua opini\u00e3o e falando que congressistas querem a lista para se esconderem da opera\u00e7\u00e3o da Lava Jato. Se fosse verdade, a lista teria 500 votos, mas \u00e9 o contr\u00e1rio\u201d, avaliou.<\/p>\n<p>Ele tamb\u00e9m defende o fim da reelei\u00e7\u00e3o, com mandatos de 5 anos; extin\u00e7\u00e3o do cargo de vice para o Executivo em todas as esferas e a cria\u00e7\u00e3o de mandato de 10 anos para ju\u00edzes federais.<\/p>\n<p>\u201cMandatos pol\u00edticos, indica\u00e7\u00e3o pol\u00edtica, s\u00e3o temporais, conjunturais, refletem um momento pol\u00edtico da na\u00e7\u00e3o. Ent\u00e3o, n\u00e3o \u00e9 razo\u00e1vel que quem tem mandato de quatro anos vai escolher algu\u00e9m que tem mandato de 40 anos\u201d, explica C\u00e2ndido em rela\u00e7\u00e3o \u00e0 proposta para ju\u00edzes.<\/p>\n<p>Voc\u00ea n\u00e3o pode perder esse grande evento que a UVB est\u00e1 preparando para voc\u00ea! Fa\u00e7a sua inscri\u00e7\u00e3o pelo site.<\/p>\n","protected":false},"excerpt":{"rendered":"<p>O relator da comiss\u00e3o especial da Reforma Pol\u00edtica, deputado federal Vicente C\u00e2ndido (PT\/SP) \u00e9 mais um confirmado no 5\u00b0 Congresso&#8230;<\/p>\n","protected":false},"author":1,"featured_media":7530,"comment_status":"open","ping_status":"open","sticky":false,"template":"","format":"standard","meta":{"footnotes":""},"categories":[3,4],"tags":[],"class_list":["post-7529","post","type-post","status-publish","format-standard","has-post-thumbnail","hentry","category-noticias","category-home"],"yoast_head":"<!-- This site is optimized with the Yoast SEO plugin v26.7 - https:\/\/yoast.com\/wordpress\/plugins\/seo\/ -->\n<title>Relator da Reforma Pol\u00edtica, deputado Vicente C\u00e2ndido mais um deputado confirmado - UVB Brasil<\/title>\n<meta name=\"robots\" content=\"index, follow, max-snippet:-1, max-image-preview:large, max-video-preview:-1\" \/>\n<link rel=\"canonical\" href=\"https:\/\/uvbbrasil.com.br\/relator-da-reforma-politica-deputado-vicente-candido-mais-um-deputado-confirmado\/\" \/>\n<meta property=\"og:locale\" content=\"pt_BR\" \/>\n<meta property=\"og:type\" content=\"article\" \/>\n<meta property=\"og:title\" content=\"Relator da Reforma Pol\u00edtica, deputado Vicente C\u00e2ndido mais um deputado confirmado - UVB Brasil\" \/>\n<meta property=\"og:description\" content=\"O relator da comiss\u00e3o especial da Reforma Pol\u00edtica, deputado federal Vicente C\u00e2ndido (PT\/SP) \u00e9 mais um confirmado no 5\u00b0 Congresso...\" \/>\n<meta property=\"og:url\" content=\"https:\/\/uvbbrasil.com.br\/relator-da-reforma-politica-deputado-vicente-candido-mais-um-deputado-confirmado\/\" \/>\n<meta property=\"og:site_name\" content=\"UVB Brasil\" \/>\n<meta property=\"article:publisher\" content=\"https:\/\/www.facebook.com\/uvb.vereadoresbrasil\" \/>\n<meta property=\"article:published_time\" content=\"2017-08-04T02:00:22+00:00\" \/>\n<meta property=\"og:image\" content=\"https:\/\/uvbbrasil.com.br\/wp-content\/uploads\/2017\/08\/deputado-vicente-candido.jpeg\" \/>\n\t<meta property=\"og:image:width\" content=\"620\" \/>\n\t<meta property=\"og:image:height\" content=\"439\" \/>\n\t<meta property=\"og:image:type\" content=\"image\/jpeg\" \/>\n<meta name=\"author\" content=\"adminuvb\" \/>\n<meta name=\"twitter:card\" content=\"summary_large_image\" \/>\n<meta name=\"twitter:label1\" content=\"Escrito por\" \/>\n\t<meta name=\"twitter:data1\" content=\"adminuvb\" \/>\n\t<meta name=\"twitter:label2\" content=\"Est. tempo de leitura\" \/>\n\t<meta name=\"twitter:data2\" content=\"3 minutos\" \/>\n<script type=\"application\/ld+json\" class=\"yoast-schema-graph\">{\"@context\":\"https:\/\/schema.org\",\"@graph\":[{\"@type\":\"Article\",\"@id\":\"https:\/\/uvbbrasil.com.br\/relator-da-reforma-politica-deputado-vicente-candido-mais-um-deputado-confirmado\/#article\",\"isPartOf\":{\"@id\":\"https:\/\/uvbbrasil.com.br\/relator-da-reforma-politica-deputado-vicente-candido-mais-um-deputado-confirmado\/\"},\"author\":{\"name\":\"adminuvb\",\"@id\":\"https:\/\/uvbbrasil.com.br\/#\/schema\/person\/17990098446c098f52effddff4f1b272\"},\"headline\":\"Relator da Reforma Pol\u00edtica, deputado Vicente C\u00e2ndido mais um deputado confirmado\",\"datePublished\":\"2017-08-04T02:00:22+00:00\",\"mainEntityOfPage\":{\"@id\":\"https:\/\/uvbbrasil.com.br\/relator-da-reforma-politica-deputado-vicente-candido-mais-um-deputado-confirmado\/\"},\"wordCount\":613,\"commentCount\":0,\"publisher\":{\"@id\":\"https:\/\/uvbbrasil.com.br\/#organization\"},\"image\":{\"@id\":\"https:\/\/uvbbrasil.com.br\/relator-da-reforma-politica-deputado-vicente-candido-mais-um-deputado-confirmado\/#primaryimage\"},\"thumbnailUrl\":\"https:\/\/uvbbrasil.com.br\/wp-content\/uploads\/2017\/08\/deputado-vicente-candido.jpeg\",\"articleSection\":[\"NOT\u00cdCIAS\",\"UVB\"],\"inLanguage\":\"pt-BR\",\"potentialAction\":[{\"@type\":\"CommentAction\",\"name\":\"Comment\",\"target\":[\"https:\/\/uvbbrasil.com.br\/relator-da-reforma-politica-deputado-vicente-candido-mais-um-deputado-confirmado\/#respond\"]}]},{\"@type\":\"WebPage\",\"@id\":\"https:\/\/uvbbrasil.com.br\/relator-da-reforma-politica-deputado-vicente-candido-mais-um-deputado-confirmado\/\",\"url\":\"https:\/\/uvbbrasil.com.br\/relator-da-reforma-politica-deputado-vicente-candido-mais-um-deputado-confirmado\/\",\"name\":\"Relator da Reforma Pol\u00edtica, deputado Vicente C\u00e2ndido mais um deputado confirmado - UVB Brasil\",\"isPartOf\":{\"@id\":\"https:\/\/uvbbrasil.com.br\/#website\"},\"primaryImageOfPage\":{\"@id\":\"https:\/\/uvbbrasil.com.br\/relator-da-reforma-politica-deputado-vicente-candido-mais-um-deputado-confirmado\/#primaryimage\"},\"image\":{\"@id\":\"https:\/\/uvbbrasil.com.br\/relator-da-reforma-politica-deputado-vicente-candido-mais-um-deputado-confirmado\/#primaryimage\"},\"thumbnailUrl\":\"https:\/\/uvbbrasil.com.br\/wp-content\/uploads\/2017\/08\/deputado-vicente-candido.jpeg\",\"datePublished\":\"2017-08-04T02:00:22+00:00\",\"breadcrumb\":{\"@id\":\"https:\/\/uvbbrasil.com.br\/relator-da-reforma-politica-deputado-vicente-candido-mais-um-deputado-confirmado\/#breadcrumb\"},\"inLanguage\":\"pt-BR\",\"potentialAction\":[{\"@type\":\"ReadAction\",\"target\":[\"https:\/\/uvbbrasil.com.br\/relator-da-reforma-politica-deputado-vicente-candido-mais-um-deputado-confirmado\/\"]}]},{\"@type\":\"ImageObject\",\"inLanguage\":\"pt-BR\",\"@id\":\"https:\/\/uvbbrasil.com.br\/relator-da-reforma-politica-deputado-vicente-candido-mais-um-deputado-confirmado\/#primaryimage\",\"url\":\"https:\/\/uvbbrasil.com.br\/wp-content\/uploads\/2017\/08\/deputado-vicente-candido.jpeg\",\"contentUrl\":\"https:\/\/uvbbrasil.com.br\/wp-content\/uploads\/2017\/08\/deputado-vicente-candido.jpeg\",\"width\":620,\"height\":439},{\"@type\":\"BreadcrumbList\",\"@id\":\"https:\/\/uvbbrasil.com.br\/relator-da-reforma-politica-deputado-vicente-candido-mais-um-deputado-confirmado\/#breadcrumb\",\"itemListElement\":[{\"@type\":\"ListItem\",\"position\":1,\"name\":\"In\u00edcio\",\"item\":\"https:\/\/uvbbrasil.com.br\/\"},{\"@type\":\"ListItem\",\"position\":2,\"name\":\"Relator da Reforma Pol\u00edtica, deputado Vicente C\u00e2ndido mais um deputado confirmado\"}]},{\"@type\":\"WebSite\",\"@id\":\"https:\/\/uvbbrasil.com.br\/#website\",\"url\":\"https:\/\/uvbbrasil.com.br\/\",\"name\":\"UVB Brasil\",\"description\":\"Uni\u00e3o dos Vereadores do Brasil\",\"publisher\":{\"@id\":\"https:\/\/uvbbrasil.com.br\/#organization\"},\"potentialAction\":[{\"@type\":\"SearchAction\",\"target\":{\"@type\":\"EntryPoint\",\"urlTemplate\":\"https:\/\/uvbbrasil.com.br\/?s={search_term_string}\"},\"query-input\":{\"@type\":\"PropertyValueSpecification\",\"valueRequired\":true,\"valueName\":\"search_term_string\"}}],\"inLanguage\":\"pt-BR\"},{\"@type\":\"Organization\",\"@id\":\"https:\/\/uvbbrasil.com.br\/#organization\",\"name\":\"UVB Brasil\",\"url\":\"https:\/\/uvbbrasil.com.br\/\",\"logo\":{\"@type\":\"ImageObject\",\"inLanguage\":\"pt-BR\",\"@id\":\"https:\/\/uvbbrasil.com.br\/#\/schema\/logo\/image\/\",\"url\":\"https:\/\/uvbbrasil.com.br\/wp-content\/uploads\/2025\/01\/LOGO-UVB-2024-azul-1.jpg\",\"contentUrl\":\"https:\/\/uvbbrasil.com.br\/wp-content\/uploads\/2025\/01\/LOGO-UVB-2024-azul-1.jpg\",\"width\":600,\"height\":211,\"caption\":\"UVB Brasil\"},\"image\":{\"@id\":\"https:\/\/uvbbrasil.com.br\/#\/schema\/logo\/image\/\"},\"sameAs\":[\"https:\/\/www.facebook.com\/uvb.vereadoresbrasil\",\"https:\/\/www.instagram.com\/uvbbrasil\/\",\"https:\/\/www.youtube.com\/channel\/UCIlPQ8Xzw5GHNzosQIg9S5A\"]},{\"@type\":\"Person\",\"@id\":\"https:\/\/uvbbrasil.com.br\/#\/schema\/person\/17990098446c098f52effddff4f1b272\",\"name\":\"adminuvb\",\"image\":{\"@type\":\"ImageObject\",\"inLanguage\":\"pt-BR\",\"@id\":\"https:\/\/uvbbrasil.com.br\/#\/schema\/person\/image\/\",\"url\":\"https:\/\/secure.gravatar.com\/avatar\/1a494ea6f8e2dd1ae526e55b0e9497efdba542491e0620d704cccf63c6f77c45?s=96&d=mm&r=g\",\"contentUrl\":\"https:\/\/secure.gravatar.com\/avatar\/1a494ea6f8e2dd1ae526e55b0e9497efdba542491e0620d704cccf63c6f77c45?s=96&d=mm&r=g\",\"caption\":\"adminuvb\"},\"sameAs\":[\"https:\/\/uvbbrasil.com.br\"],\"url\":\"https:\/\/uvbbrasil.com.br\/author\/adminuvb\/\"}]}<\/script>\n<!-- \/ Yoast SEO plugin. -->","yoast_head_json":{"title":"Relator da Reforma Pol\u00edtica, deputado Vicente C\u00e2ndido mais um deputado confirmado - UVB Brasil","robots":{"index":"index","follow":"follow","max-snippet":"max-snippet:-1","max-image-preview":"max-image-preview:large","max-video-preview":"max-video-preview:-1"},"canonical":"https:\/\/uvbbrasil.com.br\/relator-da-reforma-politica-deputado-vicente-candido-mais-um-deputado-confirmado\/","og_locale":"pt_BR","og_type":"article","og_title":"Relator da Reforma Pol\u00edtica, deputado Vicente C\u00e2ndido mais um deputado confirmado - UVB Brasil","og_description":"O relator da comiss\u00e3o especial da Reforma Pol\u00edtica, deputado federal Vicente C\u00e2ndido (PT\/SP) \u00e9 mais um confirmado no 5\u00b0 Congresso...","og_url":"https:\/\/uvbbrasil.com.br\/relator-da-reforma-politica-deputado-vicente-candido-mais-um-deputado-confirmado\/","og_site_name":"UVB Brasil","article_publisher":"https:\/\/www.facebook.com\/uvb.vereadoresbrasil","article_published_time":"2017-08-04T02:00:22+00:00","og_image":[{"width":620,"height":439,"url":"https:\/\/uvbbrasil.com.br\/wp-content\/uploads\/2017\/08\/deputado-vicente-candido.jpeg","type":"image\/jpeg"}],"author":"adminuvb","twitter_card":"summary_large_image","twitter_misc":{"Escrito por":"adminuvb","Est. tempo de leitura":"3 minutos"},"schema":{"@context":"https:\/\/schema.org","@graph":[{"@type":"Article","@id":"https:\/\/uvbbrasil.com.br\/relator-da-reforma-politica-deputado-vicente-candido-mais-um-deputado-confirmado\/#article","isPartOf":{"@id":"https:\/\/uvbbrasil.com.br\/relator-da-reforma-politica-deputado-vicente-candido-mais-um-deputado-confirmado\/"},"author":{"name":"adminuvb","@id":"https:\/\/uvbbrasil.com.br\/#\/schema\/person\/17990098446c098f52effddff4f1b272"},"headline":"Relator da Reforma Pol\u00edtica, deputado Vicente C\u00e2ndido mais um deputado confirmado","datePublished":"2017-08-04T02:00:22+00:00","mainEntityOfPage":{"@id":"https:\/\/uvbbrasil.com.br\/relator-da-reforma-politica-deputado-vicente-candido-mais-um-deputado-confirmado\/"},"wordCount":613,"commentCount":0,"publisher":{"@id":"https:\/\/uvbbrasil.com.br\/#organization"},"image":{"@id":"https:\/\/uvbbrasil.com.br\/relator-da-reforma-politica-deputado-vicente-candido-mais-um-deputado-confirmado\/#primaryimage"},"thumbnailUrl":"https:\/\/uvbbrasil.com.br\/wp-content\/uploads\/2017\/08\/deputado-vicente-candido.jpeg","articleSection":["NOT\u00cdCIAS","UVB"],"inLanguage":"pt-BR","potentialAction":[{"@type":"CommentAction","name":"Comment","target":["https:\/\/uvbbrasil.com.br\/relator-da-reforma-politica-deputado-vicente-candido-mais-um-deputado-confirmado\/#respond"]}]},{"@type":"WebPage","@id":"https:\/\/uvbbrasil.com.br\/relator-da-reforma-politica-deputado-vicente-candido-mais-um-deputado-confirmado\/","url":"https:\/\/uvbbrasil.com.br\/relator-da-reforma-politica-deputado-vicente-candido-mais-um-deputado-confirmado\/","name":"Relator da Reforma Pol\u00edtica, deputado Vicente C\u00e2ndido mais um deputado confirmado - UVB Brasil","isPartOf":{"@id":"https:\/\/uvbbrasil.com.br\/#website"},"primaryImageOfPage":{"@id":"https:\/\/uvbbrasil.com.br\/relator-da-reforma-politica-deputado-vicente-candido-mais-um-deputado-confirmado\/#primaryimage"},"image":{"@id":"https:\/\/uvbbrasil.com.br\/relator-da-reforma-politica-deputado-vicente-candido-mais-um-deputado-confirmado\/#primaryimage"},"thumbnailUrl":"https:\/\/uvbbrasil.com.br\/wp-content\/uploads\/2017\/08\/deputado-vicente-candido.jpeg","datePublished":"2017-08-04T02:00:22+00:00","breadcrumb":{"@id":"https:\/\/uvbbrasil.com.br\/relator-da-reforma-politica-deputado-vicente-candido-mais-um-deputado-confirmado\/#breadcrumb"},"inLanguage":"pt-BR","potentialAction":[{"@type":"ReadAction","target":["https:\/\/uvbbrasil.com.br\/relator-da-reforma-politica-deputado-vicente-candido-mais-um-deputado-confirmado\/"]}]},{"@type":"ImageObject","inLanguage":"pt-BR","@id":"https:\/\/uvbbrasil.com.br\/relator-da-reforma-politica-deputado-vicente-candido-mais-um-deputado-confirmado\/#primaryimage","url":"https:\/\/uvbbrasil.com.br\/wp-content\/uploads\/2017\/08\/deputado-vicente-candido.jpeg","contentUrl":"https:\/\/uvbbrasil.com.br\/wp-content\/uploads\/2017\/08\/deputado-vicente-candido.jpeg","width":620,"height":439},{"@type":"BreadcrumbList","@id":"https:\/\/uvbbrasil.com.br\/relator-da-reforma-politica-deputado-vicente-candido-mais-um-deputado-confirmado\/#breadcrumb","itemListElement":[{"@type":"ListItem","position":1,"name":"In\u00edcio","item":"https:\/\/uvbbrasil.com.br\/"},{"@type":"ListItem","position":2,"name":"Relator da Reforma Pol\u00edtica, deputado Vicente C\u00e2ndido mais um deputado confirmado"}]},{"@type":"WebSite","@id":"https:\/\/uvbbrasil.com.br\/#website","url":"https:\/\/uvbbrasil.com.br\/","name":"UVB Brasil","description":"Uni\u00e3o dos Vereadores do Brasil","publisher":{"@id":"https:\/\/uvbbrasil.com.br\/#organization"},"potentialAction":[{"@type":"SearchAction","target":{"@type":"EntryPoint","urlTemplate":"https:\/\/uvbbrasil.com.br\/?s={search_term_string}"},"query-input":{"@type":"PropertyValueSpecification","valueRequired":true,"valueName":"search_term_string"}}],"inLanguage":"pt-BR"},{"@type":"Organization","@id":"https:\/\/uvbbrasil.com.br\/#organization","name":"UVB Brasil","url":"https:\/\/uvbbrasil.com.br\/","logo":{"@type":"ImageObject","inLanguage":"pt-BR","@id":"https:\/\/uvbbrasil.com.br\/#\/schema\/logo\/image\/","url":"https:\/\/uvbbrasil.com.br\/wp-content\/uploads\/2025\/01\/LOGO-UVB-2024-azul-1.jpg","contentUrl":"https:\/\/uvbbrasil.com.br\/wp-content\/uploads\/2025\/01\/LOGO-UVB-2024-azul-1.jpg","width":600,"height":211,"caption":"UVB Brasil"},"image":{"@id":"https:\/\/uvbbrasil.com.br\/#\/schema\/logo\/image\/"},"sameAs":["https:\/\/www.facebook.com\/uvb.vereadoresbrasil","https:\/\/www.instagram.com\/uvbbrasil\/","https:\/\/www.youtube.com\/channel\/UCIlPQ8Xzw5GHNzosQIg9S5A"]},{"@type":"Person","@id":"https:\/\/uvbbrasil.com.br\/#\/schema\/person\/17990098446c098f52effddff4f1b272","name":"adminuvb","image":{"@type":"ImageObject","inLanguage":"pt-BR","@id":"https:\/\/uvbbrasil.com.br\/#\/schema\/person\/image\/","url":"https:\/\/secure.gravatar.com\/avatar\/1a494ea6f8e2dd1ae526e55b0e9497efdba542491e0620d704cccf63c6f77c45?s=96&d=mm&r=g","contentUrl":"https:\/\/secure.gravatar.com\/avatar\/1a494ea6f8e2dd1ae526e55b0e9497efdba542491e0620d704cccf63c6f77c45?s=96&d=mm&r=g","caption":"adminuvb"},"sameAs":["https:\/\/uvbbrasil.com.br"],"url":"https:\/\/uvbbrasil.com.br\/author\/adminuvb\/"}]}},"_links":{"self":[{"href":"https:\/\/uvbbrasil.com.br\/uvb-json\/wp\/v2\/posts\/7529","targetHints":{"allow":["GET"]}}],"collection":[{"href":"https:\/\/uvbbrasil.com.br\/uvb-json\/wp\/v2\/posts"}],"about":[{"href":"https:\/\/uvbbrasil.com.br\/uvb-json\/wp\/v2\/types\/post"}],"author":[{"embeddable":true,"href":"https:\/\/uvbbrasil.com.br\/uvb-json\/wp\/v2\/users\/1"}],"replies":[{"embeddable":true,"href":"https:\/\/uvbbrasil.com.br\/uvb-json\/wp\/v2\/comments?post=7529"}],"version-history":[{"count":0,"href":"https:\/\/uvbbrasil.com.br\/uvb-json\/wp\/v2\/posts\/7529\/revisions"}],"wp:featuredmedia":[{"embeddable":true,"href":"https:\/\/uvbbrasil.com.br\/uvb-json\/wp\/v2\/media\/7530"}],"wp:attachment":[{"href":"https:\/\/uvbbrasil.com.br\/uvb-json\/wp\/v2\/media?parent=7529"}],"wp:term":[{"taxonomy":"category","embeddable":true,"href":"https:\/\/uvbbrasil.com.br\/uvb-json\/wp\/v2\/categories?post=7529"},{"taxonomy":"post_tag","embeddable":true,"href":"https:\/\/uvbbrasil.com.br\/uvb-json\/wp\/v2\/tags?post=7529"}],"curies":[{"name":"wp","href":"https:\/\/api.w.org\/{rel}","templated":true}]}}