{"id":7343,"date":"2017-07-18T08:18:41","date_gmt":"2017-07-18T11:18:41","guid":{"rendered":"https:\/\/wpsandbox4.pante.com.br\/?p=7343"},"modified":"2017-07-18T08:18:41","modified_gmt":"2017-07-18T11:18:41","slug":"vereadores-se-reunem-com-reitoria-da-unesc-e-discutem-parcerias-para-o-atendimento-no-svo","status":"publish","type":"post","link":"https:\/\/uvbbrasil.com.br\/vereadores-se-reunem-com-reitoria-da-unesc-e-discutem-parcerias-para-o-atendimento-no-svo\/","title":{"rendered":"Vereadores se re\u00fanem com reitoria da Unesc e discutem parcerias para o atendimento no SVO"},"content":{"rendered":"<p>Melhorar o atendimento \u00e0 popula\u00e7\u00e3o. Esse foi o assunto levantado na tarde desta segunda-feira, 17, pelos vereadores da Comiss\u00e3o de Sa\u00fade, durante uma visita \u00e0 reitora da Unesc, Luciane Ceretta, ao vice-reitor, Daniel Preve, ao pr\u00f3-reitor de p\u00f3s-gradua\u00e7\u00e3o, pesquisa e extens\u00e3o Oscar Montedo, e a pr\u00f3-reitora de ensino de gradua\u00e7\u00e3o Indianara Becker. A ideia \u00e9 que uma parceria com o Curso de Medicina da institui\u00e7\u00e3o possa agilizar o atendimento do Servi\u00e7o de Verifica\u00e7\u00e3o de \u00d3bito (SVO). Em m\u00e9dia, ocorrem, 70 \u00f3bitos por m\u00eas, na regi\u00e3o da Amrec.<\/p>\n<div class=\"td-a-rec td-a-rec-id-content_inlineright \"><\/div>\n<p>Segundo o vereador Paulo Ferrarezi (PMDB) hoje o SVO n\u00e3o realiza o atendimento 24 horas por falta de profissionais para o turno da noite. \u201cA nossa vontade \u00e9 que o atendimento seja estendido. Queremos que a Universidade seja parceira nisso. Temos o atendimento do SVO, mas o hor\u00e1rio das 7 \u00e0s 22h n\u00e3o atende \u00e0 popula\u00e7\u00e3o da melhor forma poss\u00edvel. As fam\u00edlias que perdem um ente querido querem a libera\u00e7\u00e3o imediata para o vel\u00f3rio\u201d, comentou o vereador Paulo Ferrarezi (PMDB).<\/p>\n<p>A proposta foi discutida no encontro e ser\u00e1 avaliada pela institui\u00e7\u00e3o de ensino nos pr\u00f3ximos dias. \u201cPrecisamos avaliar os detalhes que envolvem todo o processo do SVO, porque todo o projeto nos interessa, a princ\u00edpio, mas desde que tenha uma forte vincula\u00e7\u00e3o acad\u00eamica que \u00e9 a nossa finalidade enquanto institui\u00e7\u00e3o de ensino superior. Vamos avaliar os aspectos contratuais, para ver se de fato torne vi\u00e1vel. Do ponto de vista da Universidade estamos \u00e0 disposi\u00e7\u00e3o sempre para acolher todo e qualquer projeto que venha contribuir com o desenvolvimento da sociedade ou com a resolu\u00e7\u00e3o dos problemas apresentados, mas claro que precisa ser vi\u00e1vel para a institui\u00e7\u00e3o para a Universidade. Nossa fun\u00e7\u00e3o \u00e9 acad\u00eamica e nossa finalidade \u00e9 com os acad\u00eamicos, no ensino, na pesquisa, e\u00a0 na extens\u00e3o. Tamb\u00e9m temos que ver a viabilidade financeira\u201d, comentou o reitora da Unesc, Luciane Ceretta.<\/p>\n<p>Tamb\u00e9m estiveram no encontro os vereadores Tita Beloli (PMDB), presidente da Comiss\u00e3o, Miri Dagostim (PP), e o vereador Daniel Freitas (PP), esteve representado pela sua assessoria.<\/p>\n<p>&nbsp;<\/p>\n<p>Fonte: DN SUL<\/p>\n","protected":false},"excerpt":{"rendered":"<p>Melhorar o atendimento \u00e0 popula\u00e7\u00e3o. Esse foi o assunto levantado na tarde desta segunda-feira, 17, pelos vereadores da Comiss\u00e3o de&#8230;<\/p>\n","protected":false},"author":1,"featured_media":7344,"comment_status":"open","ping_status":"open","sticky":false,"template":"","format":"standard","meta":{"footnotes":""},"categories":[3],"tags":[],"class_list":["post-7343","post","type-post","status-publish","format-standard","has-post-thumbnail","hentry","category-noticias"],"yoast_head":"<!-- This site is optimized with the Yoast SEO plugin v26.7 - https:\/\/yoast.com\/wordpress\/plugins\/seo\/ -->\n<title>Vereadores se re\u00fanem com reitoria da Unesc e discutem parcerias para o atendimento no SVO - UVB Brasil<\/title>\n<meta name=\"robots\" content=\"index, follow, max-snippet:-1, max-image-preview:large, max-video-preview:-1\" \/>\n<link rel=\"canonical\" href=\"https:\/\/uvbbrasil.com.br\/vereadores-se-reunem-com-reitoria-da-unesc-e-discutem-parcerias-para-o-atendimento-no-svo\/\" \/>\n<meta property=\"og:locale\" content=\"pt_BR\" \/>\n<meta property=\"og:type\" content=\"article\" \/>\n<meta property=\"og:title\" content=\"Vereadores se re\u00fanem com reitoria da Unesc e discutem parcerias para o atendimento no SVO - UVB Brasil\" \/>\n<meta property=\"og:description\" content=\"Melhorar o atendimento \u00e0 popula\u00e7\u00e3o. Esse foi o assunto levantado na tarde desta segunda-feira, 17, pelos vereadores da Comiss\u00e3o de...\" \/>\n<meta property=\"og:url\" content=\"https:\/\/uvbbrasil.com.br\/vereadores-se-reunem-com-reitoria-da-unesc-e-discutem-parcerias-para-o-atendimento-no-svo\/\" \/>\n<meta property=\"og:site_name\" content=\"UVB Brasil\" \/>\n<meta property=\"article:publisher\" content=\"https:\/\/www.facebook.com\/uvb.vereadoresbrasil\" \/>\n<meta property=\"article:published_time\" content=\"2017-07-18T11:18:41+00:00\" \/>\n<meta property=\"og:image\" content=\"https:\/\/uvbbrasil.com.br\/wp-content\/uploads\/2017\/07\/DSC_0017-1-696x462-1.jpg\" \/>\n\t<meta property=\"og:image:width\" content=\"696\" \/>\n\t<meta property=\"og:image:height\" content=\"462\" \/>\n\t<meta property=\"og:image:type\" content=\"image\/jpeg\" \/>\n<meta name=\"author\" content=\"adminuvb\" \/>\n<meta name=\"twitter:card\" content=\"summary_large_image\" \/>\n<meta name=\"twitter:label1\" content=\"Escrito por\" \/>\n\t<meta name=\"twitter:data1\" content=\"adminuvb\" \/>\n\t<meta name=\"twitter:label2\" content=\"Est. tempo de leitura\" \/>\n\t<meta name=\"twitter:data2\" content=\"2 minutos\" \/>\n<script type=\"application\/ld+json\" class=\"yoast-schema-graph\">{\"@context\":\"https:\/\/schema.org\",\"@graph\":[{\"@type\":\"Article\",\"@id\":\"https:\/\/uvbbrasil.com.br\/vereadores-se-reunem-com-reitoria-da-unesc-e-discutem-parcerias-para-o-atendimento-no-svo\/#article\",\"isPartOf\":{\"@id\":\"https:\/\/uvbbrasil.com.br\/vereadores-se-reunem-com-reitoria-da-unesc-e-discutem-parcerias-para-o-atendimento-no-svo\/\"},\"author\":{\"name\":\"adminuvb\",\"@id\":\"https:\/\/uvbbrasil.com.br\/#\/schema\/person\/17990098446c098f52effddff4f1b272\"},\"headline\":\"Vereadores se re\u00fanem com reitoria da Unesc e discutem parcerias para o atendimento no SVO\",\"datePublished\":\"2017-07-18T11:18:41+00:00\",\"mainEntityOfPage\":{\"@id\":\"https:\/\/uvbbrasil.com.br\/vereadores-se-reunem-com-reitoria-da-unesc-e-discutem-parcerias-para-o-atendimento-no-svo\/\"},\"wordCount\":381,\"commentCount\":0,\"publisher\":{\"@id\":\"https:\/\/uvbbrasil.com.br\/#organization\"},\"image\":{\"@id\":\"https:\/\/uvbbrasil.com.br\/vereadores-se-reunem-com-reitoria-da-unesc-e-discutem-parcerias-para-o-atendimento-no-svo\/#primaryimage\"},\"thumbnailUrl\":\"https:\/\/uvbbrasil.com.br\/wp-content\/uploads\/2017\/07\/DSC_0017-1-696x462-1.jpg\",\"articleSection\":[\"NOT\u00cdCIAS\"],\"inLanguage\":\"pt-BR\",\"potentialAction\":[{\"@type\":\"CommentAction\",\"name\":\"Comment\",\"target\":[\"https:\/\/uvbbrasil.com.br\/vereadores-se-reunem-com-reitoria-da-unesc-e-discutem-parcerias-para-o-atendimento-no-svo\/#respond\"]}]},{\"@type\":\"WebPage\",\"@id\":\"https:\/\/uvbbrasil.com.br\/vereadores-se-reunem-com-reitoria-da-unesc-e-discutem-parcerias-para-o-atendimento-no-svo\/\",\"url\":\"https:\/\/uvbbrasil.com.br\/vereadores-se-reunem-com-reitoria-da-unesc-e-discutem-parcerias-para-o-atendimento-no-svo\/\",\"name\":\"Vereadores se re\u00fanem com reitoria da Unesc e discutem parcerias para o atendimento no SVO - UVB Brasil\",\"isPartOf\":{\"@id\":\"https:\/\/uvbbrasil.com.br\/#website\"},\"primaryImageOfPage\":{\"@id\":\"https:\/\/uvbbrasil.com.br\/vereadores-se-reunem-com-reitoria-da-unesc-e-discutem-parcerias-para-o-atendimento-no-svo\/#primaryimage\"},\"image\":{\"@id\":\"https:\/\/uvbbrasil.com.br\/vereadores-se-reunem-com-reitoria-da-unesc-e-discutem-parcerias-para-o-atendimento-no-svo\/#primaryimage\"},\"thumbnailUrl\":\"https:\/\/uvbbrasil.com.br\/wp-content\/uploads\/2017\/07\/DSC_0017-1-696x462-1.jpg\",\"datePublished\":\"2017-07-18T11:18:41+00:00\",\"breadcrumb\":{\"@id\":\"https:\/\/uvbbrasil.com.br\/vereadores-se-reunem-com-reitoria-da-unesc-e-discutem-parcerias-para-o-atendimento-no-svo\/#breadcrumb\"},\"inLanguage\":\"pt-BR\",\"potentialAction\":[{\"@type\":\"ReadAction\",\"target\":[\"https:\/\/uvbbrasil.com.br\/vereadores-se-reunem-com-reitoria-da-unesc-e-discutem-parcerias-para-o-atendimento-no-svo\/\"]}]},{\"@type\":\"ImageObject\",\"inLanguage\":\"pt-BR\",\"@id\":\"https:\/\/uvbbrasil.com.br\/vereadores-se-reunem-com-reitoria-da-unesc-e-discutem-parcerias-para-o-atendimento-no-svo\/#primaryimage\",\"url\":\"https:\/\/uvbbrasil.com.br\/wp-content\/uploads\/2017\/07\/DSC_0017-1-696x462-1.jpg\",\"contentUrl\":\"https:\/\/uvbbrasil.com.br\/wp-content\/uploads\/2017\/07\/DSC_0017-1-696x462-1.jpg\",\"width\":696,\"height\":462},{\"@type\":\"BreadcrumbList\",\"@id\":\"https:\/\/uvbbrasil.com.br\/vereadores-se-reunem-com-reitoria-da-unesc-e-discutem-parcerias-para-o-atendimento-no-svo\/#breadcrumb\",\"itemListElement\":[{\"@type\":\"ListItem\",\"position\":1,\"name\":\"In\u00edcio\",\"item\":\"https:\/\/uvbbrasil.com.br\/\"},{\"@type\":\"ListItem\",\"position\":2,\"name\":\"Vereadores se re\u00fanem com reitoria da Unesc e discutem parcerias para o atendimento no SVO\"}]},{\"@type\":\"WebSite\",\"@id\":\"https:\/\/uvbbrasil.com.br\/#website\",\"url\":\"https:\/\/uvbbrasil.com.br\/\",\"name\":\"UVB Brasil\",\"description\":\"Uni\u00e3o dos Vereadores do Brasil\",\"publisher\":{\"@id\":\"https:\/\/uvbbrasil.com.br\/#organization\"},\"potentialAction\":[{\"@type\":\"SearchAction\",\"target\":{\"@type\":\"EntryPoint\",\"urlTemplate\":\"https:\/\/uvbbrasil.com.br\/?s={search_term_string}\"},\"query-input\":{\"@type\":\"PropertyValueSpecification\",\"valueRequired\":true,\"valueName\":\"search_term_string\"}}],\"inLanguage\":\"pt-BR\"},{\"@type\":\"Organization\",\"@id\":\"https:\/\/uvbbrasil.com.br\/#organization\",\"name\":\"UVB Brasil\",\"url\":\"https:\/\/uvbbrasil.com.br\/\",\"logo\":{\"@type\":\"ImageObject\",\"inLanguage\":\"pt-BR\",\"@id\":\"https:\/\/uvbbrasil.com.br\/#\/schema\/logo\/image\/\",\"url\":\"https:\/\/uvbbrasil.com.br\/wp-content\/uploads\/2025\/01\/LOGO-UVB-2024-azul-1.jpg\",\"contentUrl\":\"https:\/\/uvbbrasil.com.br\/wp-content\/uploads\/2025\/01\/LOGO-UVB-2024-azul-1.jpg\",\"width\":600,\"height\":211,\"caption\":\"UVB Brasil\"},\"image\":{\"@id\":\"https:\/\/uvbbrasil.com.br\/#\/schema\/logo\/image\/\"},\"sameAs\":[\"https:\/\/www.facebook.com\/uvb.vereadoresbrasil\",\"https:\/\/www.instagram.com\/uvbbrasil\/\",\"https:\/\/www.youtube.com\/channel\/UCIlPQ8Xzw5GHNzosQIg9S5A\"]},{\"@type\":\"Person\",\"@id\":\"https:\/\/uvbbrasil.com.br\/#\/schema\/person\/17990098446c098f52effddff4f1b272\",\"name\":\"adminuvb\",\"image\":{\"@type\":\"ImageObject\",\"inLanguage\":\"pt-BR\",\"@id\":\"https:\/\/uvbbrasil.com.br\/#\/schema\/person\/image\/\",\"url\":\"https:\/\/secure.gravatar.com\/avatar\/1a494ea6f8e2dd1ae526e55b0e9497efdba542491e0620d704cccf63c6f77c45?s=96&d=mm&r=g\",\"contentUrl\":\"https:\/\/secure.gravatar.com\/avatar\/1a494ea6f8e2dd1ae526e55b0e9497efdba542491e0620d704cccf63c6f77c45?s=96&d=mm&r=g\",\"caption\":\"adminuvb\"},\"sameAs\":[\"https:\/\/uvbbrasil.com.br\"],\"url\":\"https:\/\/uvbbrasil.com.br\/author\/adminuvb\/\"}]}<\/script>\n<!-- \/ Yoast SEO plugin. -->","yoast_head_json":{"title":"Vereadores se re\u00fanem com reitoria da Unesc e discutem parcerias para o atendimento no SVO - UVB Brasil","robots":{"index":"index","follow":"follow","max-snippet":"max-snippet:-1","max-image-preview":"max-image-preview:large","max-video-preview":"max-video-preview:-1"},"canonical":"https:\/\/uvbbrasil.com.br\/vereadores-se-reunem-com-reitoria-da-unesc-e-discutem-parcerias-para-o-atendimento-no-svo\/","og_locale":"pt_BR","og_type":"article","og_title":"Vereadores se re\u00fanem com reitoria da Unesc e discutem parcerias para o atendimento no SVO - UVB Brasil","og_description":"Melhorar o atendimento \u00e0 popula\u00e7\u00e3o. Esse foi o assunto levantado na tarde desta segunda-feira, 17, pelos vereadores da Comiss\u00e3o de...","og_url":"https:\/\/uvbbrasil.com.br\/vereadores-se-reunem-com-reitoria-da-unesc-e-discutem-parcerias-para-o-atendimento-no-svo\/","og_site_name":"UVB Brasil","article_publisher":"https:\/\/www.facebook.com\/uvb.vereadoresbrasil","article_published_time":"2017-07-18T11:18:41+00:00","og_image":[{"width":696,"height":462,"url":"https:\/\/uvbbrasil.com.br\/wp-content\/uploads\/2017\/07\/DSC_0017-1-696x462-1.jpg","type":"image\/jpeg"}],"author":"adminuvb","twitter_card":"summary_large_image","twitter_misc":{"Escrito por":"adminuvb","Est. tempo de leitura":"2 minutos"},"schema":{"@context":"https:\/\/schema.org","@graph":[{"@type":"Article","@id":"https:\/\/uvbbrasil.com.br\/vereadores-se-reunem-com-reitoria-da-unesc-e-discutem-parcerias-para-o-atendimento-no-svo\/#article","isPartOf":{"@id":"https:\/\/uvbbrasil.com.br\/vereadores-se-reunem-com-reitoria-da-unesc-e-discutem-parcerias-para-o-atendimento-no-svo\/"},"author":{"name":"adminuvb","@id":"https:\/\/uvbbrasil.com.br\/#\/schema\/person\/17990098446c098f52effddff4f1b272"},"headline":"Vereadores se re\u00fanem com reitoria da Unesc e discutem parcerias para o atendimento no SVO","datePublished":"2017-07-18T11:18:41+00:00","mainEntityOfPage":{"@id":"https:\/\/uvbbrasil.com.br\/vereadores-se-reunem-com-reitoria-da-unesc-e-discutem-parcerias-para-o-atendimento-no-svo\/"},"wordCount":381,"commentCount":0,"publisher":{"@id":"https:\/\/uvbbrasil.com.br\/#organization"},"image":{"@id":"https:\/\/uvbbrasil.com.br\/vereadores-se-reunem-com-reitoria-da-unesc-e-discutem-parcerias-para-o-atendimento-no-svo\/#primaryimage"},"thumbnailUrl":"https:\/\/uvbbrasil.com.br\/wp-content\/uploads\/2017\/07\/DSC_0017-1-696x462-1.jpg","articleSection":["NOT\u00cdCIAS"],"inLanguage":"pt-BR","potentialAction":[{"@type":"CommentAction","name":"Comment","target":["https:\/\/uvbbrasil.com.br\/vereadores-se-reunem-com-reitoria-da-unesc-e-discutem-parcerias-para-o-atendimento-no-svo\/#respond"]}]},{"@type":"WebPage","@id":"https:\/\/uvbbrasil.com.br\/vereadores-se-reunem-com-reitoria-da-unesc-e-discutem-parcerias-para-o-atendimento-no-svo\/","url":"https:\/\/uvbbrasil.com.br\/vereadores-se-reunem-com-reitoria-da-unesc-e-discutem-parcerias-para-o-atendimento-no-svo\/","name":"Vereadores se re\u00fanem com reitoria da Unesc e discutem parcerias para o atendimento no SVO - UVB Brasil","isPartOf":{"@id":"https:\/\/uvbbrasil.com.br\/#website"},"primaryImageOfPage":{"@id":"https:\/\/uvbbrasil.com.br\/vereadores-se-reunem-com-reitoria-da-unesc-e-discutem-parcerias-para-o-atendimento-no-svo\/#primaryimage"},"image":{"@id":"https:\/\/uvbbrasil.com.br\/vereadores-se-reunem-com-reitoria-da-unesc-e-discutem-parcerias-para-o-atendimento-no-svo\/#primaryimage"},"thumbnailUrl":"https:\/\/uvbbrasil.com.br\/wp-content\/uploads\/2017\/07\/DSC_0017-1-696x462-1.jpg","datePublished":"2017-07-18T11:18:41+00:00","breadcrumb":{"@id":"https:\/\/uvbbrasil.com.br\/vereadores-se-reunem-com-reitoria-da-unesc-e-discutem-parcerias-para-o-atendimento-no-svo\/#breadcrumb"},"inLanguage":"pt-BR","potentialAction":[{"@type":"ReadAction","target":["https:\/\/uvbbrasil.com.br\/vereadores-se-reunem-com-reitoria-da-unesc-e-discutem-parcerias-para-o-atendimento-no-svo\/"]}]},{"@type":"ImageObject","inLanguage":"pt-BR","@id":"https:\/\/uvbbrasil.com.br\/vereadores-se-reunem-com-reitoria-da-unesc-e-discutem-parcerias-para-o-atendimento-no-svo\/#primaryimage","url":"https:\/\/uvbbrasil.com.br\/wp-content\/uploads\/2017\/07\/DSC_0017-1-696x462-1.jpg","contentUrl":"https:\/\/uvbbrasil.com.br\/wp-content\/uploads\/2017\/07\/DSC_0017-1-696x462-1.jpg","width":696,"height":462},{"@type":"BreadcrumbList","@id":"https:\/\/uvbbrasil.com.br\/vereadores-se-reunem-com-reitoria-da-unesc-e-discutem-parcerias-para-o-atendimento-no-svo\/#breadcrumb","itemListElement":[{"@type":"ListItem","position":1,"name":"In\u00edcio","item":"https:\/\/uvbbrasil.com.br\/"},{"@type":"ListItem","position":2,"name":"Vereadores se re\u00fanem com reitoria da Unesc e discutem parcerias para o atendimento no SVO"}]},{"@type":"WebSite","@id":"https:\/\/uvbbrasil.com.br\/#website","url":"https:\/\/uvbbrasil.com.br\/","name":"UVB Brasil","description":"Uni\u00e3o dos Vereadores do Brasil","publisher":{"@id":"https:\/\/uvbbrasil.com.br\/#organization"},"potentialAction":[{"@type":"SearchAction","target":{"@type":"EntryPoint","urlTemplate":"https:\/\/uvbbrasil.com.br\/?s={search_term_string}"},"query-input":{"@type":"PropertyValueSpecification","valueRequired":true,"valueName":"search_term_string"}}],"inLanguage":"pt-BR"},{"@type":"Organization","@id":"https:\/\/uvbbrasil.com.br\/#organization","name":"UVB Brasil","url":"https:\/\/uvbbrasil.com.br\/","logo":{"@type":"ImageObject","inLanguage":"pt-BR","@id":"https:\/\/uvbbrasil.com.br\/#\/schema\/logo\/image\/","url":"https:\/\/uvbbrasil.com.br\/wp-content\/uploads\/2025\/01\/LOGO-UVB-2024-azul-1.jpg","contentUrl":"https:\/\/uvbbrasil.com.br\/wp-content\/uploads\/2025\/01\/LOGO-UVB-2024-azul-1.jpg","width":600,"height":211,"caption":"UVB Brasil"},"image":{"@id":"https:\/\/uvbbrasil.com.br\/#\/schema\/logo\/image\/"},"sameAs":["https:\/\/www.facebook.com\/uvb.vereadoresbrasil","https:\/\/www.instagram.com\/uvbbrasil\/","https:\/\/www.youtube.com\/channel\/UCIlPQ8Xzw5GHNzosQIg9S5A"]},{"@type":"Person","@id":"https:\/\/uvbbrasil.com.br\/#\/schema\/person\/17990098446c098f52effddff4f1b272","name":"adminuvb","image":{"@type":"ImageObject","inLanguage":"pt-BR","@id":"https:\/\/uvbbrasil.com.br\/#\/schema\/person\/image\/","url":"https:\/\/secure.gravatar.com\/avatar\/1a494ea6f8e2dd1ae526e55b0e9497efdba542491e0620d704cccf63c6f77c45?s=96&d=mm&r=g","contentUrl":"https:\/\/secure.gravatar.com\/avatar\/1a494ea6f8e2dd1ae526e55b0e9497efdba542491e0620d704cccf63c6f77c45?s=96&d=mm&r=g","caption":"adminuvb"},"sameAs":["https:\/\/uvbbrasil.com.br"],"url":"https:\/\/uvbbrasil.com.br\/author\/adminuvb\/"}]}},"_links":{"self":[{"href":"https:\/\/uvbbrasil.com.br\/uvb-json\/wp\/v2\/posts\/7343","targetHints":{"allow":["GET"]}}],"collection":[{"href":"https:\/\/uvbbrasil.com.br\/uvb-json\/wp\/v2\/posts"}],"about":[{"href":"https:\/\/uvbbrasil.com.br\/uvb-json\/wp\/v2\/types\/post"}],"author":[{"embeddable":true,"href":"https:\/\/uvbbrasil.com.br\/uvb-json\/wp\/v2\/users\/1"}],"replies":[{"embeddable":true,"href":"https:\/\/uvbbrasil.com.br\/uvb-json\/wp\/v2\/comments?post=7343"}],"version-history":[{"count":0,"href":"https:\/\/uvbbrasil.com.br\/uvb-json\/wp\/v2\/posts\/7343\/revisions"}],"wp:featuredmedia":[{"embeddable":true,"href":"https:\/\/uvbbrasil.com.br\/uvb-json\/wp\/v2\/media\/7344"}],"wp:attachment":[{"href":"https:\/\/uvbbrasil.com.br\/uvb-json\/wp\/v2\/media?parent=7343"}],"wp:term":[{"taxonomy":"category","embeddable":true,"href":"https:\/\/uvbbrasil.com.br\/uvb-json\/wp\/v2\/categories?post=7343"},{"taxonomy":"post_tag","embeddable":true,"href":"https:\/\/uvbbrasil.com.br\/uvb-json\/wp\/v2\/tags?post=7343"}],"curies":[{"name":"wp","href":"https:\/\/api.w.org\/{rel}","templated":true}]}}