{"id":7338,"date":"2017-07-18T07:41:46","date_gmt":"2017-07-18T10:41:46","guid":{"rendered":"https:\/\/wpsandbox4.pante.com.br\/?p=7338"},"modified":"2017-07-18T07:41:46","modified_gmt":"2017-07-18T10:41:46","slug":"deputado-visita-camara-de-vereadores","status":"publish","type":"post","link":"https:\/\/uvbbrasil.com.br\/deputado-visita-camara-de-vereadores\/","title":{"rendered":"Deputado visita a C\u00e2mara de Vereadores"},"content":{"rendered":"<p><strong>No in\u00edcio da tarde desta segunda, 17, o vereador, Luciano Pires (PSB), recebeu em seu gabinete o deputado estadual, Cleiton Salvaro (PSB).<\/strong><\/p>\n<p>No in\u00edcio da tarde desta segunda, 17, o vereador, Luciano Pires (PSB), recebeu em seu gabinete o deputado estadual, Cleiton Salvaro (PSB). Na oportunidade, trataram de diversos assuntos e do reconhecimento da utilidade p\u00fablica em n\u00edvel estadual, do Projeto &#8220;100 Car\u00eancia no Boxe&#8221; &#8211; fundado pelo professor de boxe, Ricardo Bert e que faz um trabalho social reconhecido em todo o Sul Catarinense. O pedido foi apresentado na Alesc por Salvaro, e a vinda foi no intuito de divulgar o resultado e tratar do encaminhamento de outras demandas apresentadas pelo vereador e algumas lideran\u00e7as do partido na cidade. \u201cFoi proveitosa a reuni\u00e3o e agradecemos ao deputado pela passagem por Ararangu\u00e1, principalmente por se colocar \u00e0 disposi\u00e7\u00e3o das nossas necessidades\u201d, disse Luciano.<\/p>\n<p>Al\u00e9m de alguns assessores, a conversa foi acompanhada pelo presidente municipal do Partido Socialista Brasileiro (PSB), ex-vereador, Kila Ghelere, que tamb\u00e9m coordena a sigla no Vale.<\/p>\n<p>De acordo com o deputado Cleiton, o vereador Luciano tem realizado um bom trabalho na C\u00e2mara e representado o partido \u00e0 altura. \u201cEstamos sempre acompanhando a atua\u00e7\u00e3o do vereador, Luciano e sua participa\u00e7\u00e3o nas lutas em favor do esporte. Acreditamos que nossas lideran\u00e7as tem muito o que contribuir com a cidade neste mandato\u201d, avaliou.<\/p>\n<figure class=\"image\"><img decoding=\"async\" src=\"https:\/\/cdn.revistaw3.com.br\/base\/58d\/bec\/25f\/986-545-img_4397.jpg\" alt=\"\" \/><\/figure>\n<p><small class=\"article-source\">Fonte: Morgana Daniel<\/small><\/p>\n","protected":false},"excerpt":{"rendered":"<p>No in\u00edcio da tarde desta segunda, 17, o vereador, Luciano Pires (PSB), recebeu em seu gabinete o deputado estadual, Cleiton&#8230;<\/p>\n","protected":false},"author":1,"featured_media":7339,"comment_status":"open","ping_status":"open","sticky":false,"template":"","format":"standard","meta":{"footnotes":""},"categories":[3],"tags":[],"class_list":["post-7338","post","type-post","status-publish","format-standard","has-post-thumbnail","hentry","category-noticias"],"yoast_head":"<!-- This site is optimized with the Yoast SEO plugin v26.7 - https:\/\/yoast.com\/wordpress\/plugins\/seo\/ -->\n<title>Deputado visita a C\u00e2mara de Vereadores - UVB Brasil<\/title>\n<meta name=\"robots\" content=\"index, follow, max-snippet:-1, max-image-preview:large, max-video-preview:-1\" \/>\n<link rel=\"canonical\" href=\"https:\/\/uvbbrasil.com.br\/deputado-visita-camara-de-vereadores\/\" \/>\n<meta property=\"og:locale\" content=\"pt_BR\" \/>\n<meta property=\"og:type\" content=\"article\" \/>\n<meta property=\"og:title\" content=\"Deputado visita a C\u00e2mara de Vereadores - UVB Brasil\" \/>\n<meta property=\"og:description\" content=\"No in\u00edcio da tarde desta segunda, 17, o vereador, Luciano Pires (PSB), recebeu em seu gabinete o deputado estadual, Cleiton...\" \/>\n<meta property=\"og:url\" content=\"https:\/\/uvbbrasil.com.br\/deputado-visita-camara-de-vereadores\/\" \/>\n<meta property=\"og:site_name\" content=\"UVB Brasil\" \/>\n<meta property=\"article:publisher\" content=\"https:\/\/www.facebook.com\/uvb.vereadoresbrasil\" \/>\n<meta property=\"article:published_time\" content=\"2017-07-18T10:41:46+00:00\" \/>\n<meta property=\"og:image\" content=\"https:\/\/uvbbrasil.com.br\/wp-content\/uploads\/2017\/07\/986-545-img_4401-1.jpg\" \/>\n\t<meta property=\"og:image:width\" content=\"986\" \/>\n\t<meta property=\"og:image:height\" content=\"544\" \/>\n\t<meta property=\"og:image:type\" content=\"image\/jpeg\" \/>\n<meta name=\"author\" content=\"adminuvb\" \/>\n<meta name=\"twitter:card\" content=\"summary_large_image\" \/>\n<meta name=\"twitter:label1\" content=\"Escrito por\" \/>\n\t<meta name=\"twitter:data1\" content=\"adminuvb\" \/>\n\t<meta name=\"twitter:label2\" content=\"Est. tempo de leitura\" \/>\n\t<meta name=\"twitter:data2\" content=\"1 minuto\" \/>\n<script type=\"application\/ld+json\" class=\"yoast-schema-graph\">{\"@context\":\"https:\/\/schema.org\",\"@graph\":[{\"@type\":\"Article\",\"@id\":\"https:\/\/uvbbrasil.com.br\/deputado-visita-camara-de-vereadores\/#article\",\"isPartOf\":{\"@id\":\"https:\/\/uvbbrasil.com.br\/deputado-visita-camara-de-vereadores\/\"},\"author\":{\"name\":\"adminuvb\",\"@id\":\"https:\/\/uvbbrasil.com.br\/#\/schema\/person\/17990098446c098f52effddff4f1b272\"},\"headline\":\"Deputado visita a C\u00e2mara de Vereadores\",\"datePublished\":\"2017-07-18T10:41:46+00:00\",\"mainEntityOfPage\":{\"@id\":\"https:\/\/uvbbrasil.com.br\/deputado-visita-camara-de-vereadores\/\"},\"wordCount\":242,\"commentCount\":0,\"publisher\":{\"@id\":\"https:\/\/uvbbrasil.com.br\/#organization\"},\"image\":{\"@id\":\"https:\/\/uvbbrasil.com.br\/deputado-visita-camara-de-vereadores\/#primaryimage\"},\"thumbnailUrl\":\"https:\/\/uvbbrasil.com.br\/wp-content\/uploads\/2017\/07\/986-545-img_4401-1.jpg\",\"articleSection\":[\"NOT\u00cdCIAS\"],\"inLanguage\":\"pt-BR\",\"potentialAction\":[{\"@type\":\"CommentAction\",\"name\":\"Comment\",\"target\":[\"https:\/\/uvbbrasil.com.br\/deputado-visita-camara-de-vereadores\/#respond\"]}]},{\"@type\":\"WebPage\",\"@id\":\"https:\/\/uvbbrasil.com.br\/deputado-visita-camara-de-vereadores\/\",\"url\":\"https:\/\/uvbbrasil.com.br\/deputado-visita-camara-de-vereadores\/\",\"name\":\"Deputado visita a C\u00e2mara de Vereadores - UVB Brasil\",\"isPartOf\":{\"@id\":\"https:\/\/uvbbrasil.com.br\/#website\"},\"primaryImageOfPage\":{\"@id\":\"https:\/\/uvbbrasil.com.br\/deputado-visita-camara-de-vereadores\/#primaryimage\"},\"image\":{\"@id\":\"https:\/\/uvbbrasil.com.br\/deputado-visita-camara-de-vereadores\/#primaryimage\"},\"thumbnailUrl\":\"https:\/\/uvbbrasil.com.br\/wp-content\/uploads\/2017\/07\/986-545-img_4401-1.jpg\",\"datePublished\":\"2017-07-18T10:41:46+00:00\",\"breadcrumb\":{\"@id\":\"https:\/\/uvbbrasil.com.br\/deputado-visita-camara-de-vereadores\/#breadcrumb\"},\"inLanguage\":\"pt-BR\",\"potentialAction\":[{\"@type\":\"ReadAction\",\"target\":[\"https:\/\/uvbbrasil.com.br\/deputado-visita-camara-de-vereadores\/\"]}]},{\"@type\":\"ImageObject\",\"inLanguage\":\"pt-BR\",\"@id\":\"https:\/\/uvbbrasil.com.br\/deputado-visita-camara-de-vereadores\/#primaryimage\",\"url\":\"https:\/\/uvbbrasil.com.br\/wp-content\/uploads\/2017\/07\/986-545-img_4401-1.jpg\",\"contentUrl\":\"https:\/\/uvbbrasil.com.br\/wp-content\/uploads\/2017\/07\/986-545-img_4401-1.jpg\",\"width\":986,\"height\":544},{\"@type\":\"BreadcrumbList\",\"@id\":\"https:\/\/uvbbrasil.com.br\/deputado-visita-camara-de-vereadores\/#breadcrumb\",\"itemListElement\":[{\"@type\":\"ListItem\",\"position\":1,\"name\":\"In\u00edcio\",\"item\":\"https:\/\/uvbbrasil.com.br\/\"},{\"@type\":\"ListItem\",\"position\":2,\"name\":\"Deputado visita a C\u00e2mara de Vereadores\"}]},{\"@type\":\"WebSite\",\"@id\":\"https:\/\/uvbbrasil.com.br\/#website\",\"url\":\"https:\/\/uvbbrasil.com.br\/\",\"name\":\"UVB Brasil\",\"description\":\"Uni\u00e3o dos Vereadores do Brasil\",\"publisher\":{\"@id\":\"https:\/\/uvbbrasil.com.br\/#organization\"},\"potentialAction\":[{\"@type\":\"SearchAction\",\"target\":{\"@type\":\"EntryPoint\",\"urlTemplate\":\"https:\/\/uvbbrasil.com.br\/?s={search_term_string}\"},\"query-input\":{\"@type\":\"PropertyValueSpecification\",\"valueRequired\":true,\"valueName\":\"search_term_string\"}}],\"inLanguage\":\"pt-BR\"},{\"@type\":\"Organization\",\"@id\":\"https:\/\/uvbbrasil.com.br\/#organization\",\"name\":\"UVB Brasil\",\"url\":\"https:\/\/uvbbrasil.com.br\/\",\"logo\":{\"@type\":\"ImageObject\",\"inLanguage\":\"pt-BR\",\"@id\":\"https:\/\/uvbbrasil.com.br\/#\/schema\/logo\/image\/\",\"url\":\"https:\/\/uvbbrasil.com.br\/wp-content\/uploads\/2025\/01\/LOGO-UVB-2024-azul-1.jpg\",\"contentUrl\":\"https:\/\/uvbbrasil.com.br\/wp-content\/uploads\/2025\/01\/LOGO-UVB-2024-azul-1.jpg\",\"width\":600,\"height\":211,\"caption\":\"UVB Brasil\"},\"image\":{\"@id\":\"https:\/\/uvbbrasil.com.br\/#\/schema\/logo\/image\/\"},\"sameAs\":[\"https:\/\/www.facebook.com\/uvb.vereadoresbrasil\",\"https:\/\/www.instagram.com\/uvbbrasil\/\",\"https:\/\/www.youtube.com\/channel\/UCIlPQ8Xzw5GHNzosQIg9S5A\"]},{\"@type\":\"Person\",\"@id\":\"https:\/\/uvbbrasil.com.br\/#\/schema\/person\/17990098446c098f52effddff4f1b272\",\"name\":\"adminuvb\",\"image\":{\"@type\":\"ImageObject\",\"inLanguage\":\"pt-BR\",\"@id\":\"https:\/\/uvbbrasil.com.br\/#\/schema\/person\/image\/\",\"url\":\"https:\/\/secure.gravatar.com\/avatar\/1a494ea6f8e2dd1ae526e55b0e9497efdba542491e0620d704cccf63c6f77c45?s=96&d=mm&r=g\",\"contentUrl\":\"https:\/\/secure.gravatar.com\/avatar\/1a494ea6f8e2dd1ae526e55b0e9497efdba542491e0620d704cccf63c6f77c45?s=96&d=mm&r=g\",\"caption\":\"adminuvb\"},\"sameAs\":[\"https:\/\/uvbbrasil.com.br\"],\"url\":\"https:\/\/uvbbrasil.com.br\/author\/adminuvb\/\"}]}<\/script>\n<!-- \/ Yoast SEO plugin. -->","yoast_head_json":{"title":"Deputado visita a C\u00e2mara de Vereadores - UVB Brasil","robots":{"index":"index","follow":"follow","max-snippet":"max-snippet:-1","max-image-preview":"max-image-preview:large","max-video-preview":"max-video-preview:-1"},"canonical":"https:\/\/uvbbrasil.com.br\/deputado-visita-camara-de-vereadores\/","og_locale":"pt_BR","og_type":"article","og_title":"Deputado visita a C\u00e2mara de Vereadores - UVB Brasil","og_description":"No in\u00edcio da tarde desta segunda, 17, o vereador, Luciano Pires (PSB), recebeu em seu gabinete o deputado estadual, Cleiton...","og_url":"https:\/\/uvbbrasil.com.br\/deputado-visita-camara-de-vereadores\/","og_site_name":"UVB Brasil","article_publisher":"https:\/\/www.facebook.com\/uvb.vereadoresbrasil","article_published_time":"2017-07-18T10:41:46+00:00","og_image":[{"width":986,"height":544,"url":"https:\/\/uvbbrasil.com.br\/wp-content\/uploads\/2017\/07\/986-545-img_4401-1.jpg","type":"image\/jpeg"}],"author":"adminuvb","twitter_card":"summary_large_image","twitter_misc":{"Escrito por":"adminuvb","Est. tempo de leitura":"1 minuto"},"schema":{"@context":"https:\/\/schema.org","@graph":[{"@type":"Article","@id":"https:\/\/uvbbrasil.com.br\/deputado-visita-camara-de-vereadores\/#article","isPartOf":{"@id":"https:\/\/uvbbrasil.com.br\/deputado-visita-camara-de-vereadores\/"},"author":{"name":"adminuvb","@id":"https:\/\/uvbbrasil.com.br\/#\/schema\/person\/17990098446c098f52effddff4f1b272"},"headline":"Deputado visita a C\u00e2mara de Vereadores","datePublished":"2017-07-18T10:41:46+00:00","mainEntityOfPage":{"@id":"https:\/\/uvbbrasil.com.br\/deputado-visita-camara-de-vereadores\/"},"wordCount":242,"commentCount":0,"publisher":{"@id":"https:\/\/uvbbrasil.com.br\/#organization"},"image":{"@id":"https:\/\/uvbbrasil.com.br\/deputado-visita-camara-de-vereadores\/#primaryimage"},"thumbnailUrl":"https:\/\/uvbbrasil.com.br\/wp-content\/uploads\/2017\/07\/986-545-img_4401-1.jpg","articleSection":["NOT\u00cdCIAS"],"inLanguage":"pt-BR","potentialAction":[{"@type":"CommentAction","name":"Comment","target":["https:\/\/uvbbrasil.com.br\/deputado-visita-camara-de-vereadores\/#respond"]}]},{"@type":"WebPage","@id":"https:\/\/uvbbrasil.com.br\/deputado-visita-camara-de-vereadores\/","url":"https:\/\/uvbbrasil.com.br\/deputado-visita-camara-de-vereadores\/","name":"Deputado visita a C\u00e2mara de Vereadores - UVB Brasil","isPartOf":{"@id":"https:\/\/uvbbrasil.com.br\/#website"},"primaryImageOfPage":{"@id":"https:\/\/uvbbrasil.com.br\/deputado-visita-camara-de-vereadores\/#primaryimage"},"image":{"@id":"https:\/\/uvbbrasil.com.br\/deputado-visita-camara-de-vereadores\/#primaryimage"},"thumbnailUrl":"https:\/\/uvbbrasil.com.br\/wp-content\/uploads\/2017\/07\/986-545-img_4401-1.jpg","datePublished":"2017-07-18T10:41:46+00:00","breadcrumb":{"@id":"https:\/\/uvbbrasil.com.br\/deputado-visita-camara-de-vereadores\/#breadcrumb"},"inLanguage":"pt-BR","potentialAction":[{"@type":"ReadAction","target":["https:\/\/uvbbrasil.com.br\/deputado-visita-camara-de-vereadores\/"]}]},{"@type":"ImageObject","inLanguage":"pt-BR","@id":"https:\/\/uvbbrasil.com.br\/deputado-visita-camara-de-vereadores\/#primaryimage","url":"https:\/\/uvbbrasil.com.br\/wp-content\/uploads\/2017\/07\/986-545-img_4401-1.jpg","contentUrl":"https:\/\/uvbbrasil.com.br\/wp-content\/uploads\/2017\/07\/986-545-img_4401-1.jpg","width":986,"height":544},{"@type":"BreadcrumbList","@id":"https:\/\/uvbbrasil.com.br\/deputado-visita-camara-de-vereadores\/#breadcrumb","itemListElement":[{"@type":"ListItem","position":1,"name":"In\u00edcio","item":"https:\/\/uvbbrasil.com.br\/"},{"@type":"ListItem","position":2,"name":"Deputado visita a C\u00e2mara de Vereadores"}]},{"@type":"WebSite","@id":"https:\/\/uvbbrasil.com.br\/#website","url":"https:\/\/uvbbrasil.com.br\/","name":"UVB Brasil","description":"Uni\u00e3o dos Vereadores do Brasil","publisher":{"@id":"https:\/\/uvbbrasil.com.br\/#organization"},"potentialAction":[{"@type":"SearchAction","target":{"@type":"EntryPoint","urlTemplate":"https:\/\/uvbbrasil.com.br\/?s={search_term_string}"},"query-input":{"@type":"PropertyValueSpecification","valueRequired":true,"valueName":"search_term_string"}}],"inLanguage":"pt-BR"},{"@type":"Organization","@id":"https:\/\/uvbbrasil.com.br\/#organization","name":"UVB Brasil","url":"https:\/\/uvbbrasil.com.br\/","logo":{"@type":"ImageObject","inLanguage":"pt-BR","@id":"https:\/\/uvbbrasil.com.br\/#\/schema\/logo\/image\/","url":"https:\/\/uvbbrasil.com.br\/wp-content\/uploads\/2025\/01\/LOGO-UVB-2024-azul-1.jpg","contentUrl":"https:\/\/uvbbrasil.com.br\/wp-content\/uploads\/2025\/01\/LOGO-UVB-2024-azul-1.jpg","width":600,"height":211,"caption":"UVB Brasil"},"image":{"@id":"https:\/\/uvbbrasil.com.br\/#\/schema\/logo\/image\/"},"sameAs":["https:\/\/www.facebook.com\/uvb.vereadoresbrasil","https:\/\/www.instagram.com\/uvbbrasil\/","https:\/\/www.youtube.com\/channel\/UCIlPQ8Xzw5GHNzosQIg9S5A"]},{"@type":"Person","@id":"https:\/\/uvbbrasil.com.br\/#\/schema\/person\/17990098446c098f52effddff4f1b272","name":"adminuvb","image":{"@type":"ImageObject","inLanguage":"pt-BR","@id":"https:\/\/uvbbrasil.com.br\/#\/schema\/person\/image\/","url":"https:\/\/secure.gravatar.com\/avatar\/1a494ea6f8e2dd1ae526e55b0e9497efdba542491e0620d704cccf63c6f77c45?s=96&d=mm&r=g","contentUrl":"https:\/\/secure.gravatar.com\/avatar\/1a494ea6f8e2dd1ae526e55b0e9497efdba542491e0620d704cccf63c6f77c45?s=96&d=mm&r=g","caption":"adminuvb"},"sameAs":["https:\/\/uvbbrasil.com.br"],"url":"https:\/\/uvbbrasil.com.br\/author\/adminuvb\/"}]}},"_links":{"self":[{"href":"https:\/\/uvbbrasil.com.br\/uvb-json\/wp\/v2\/posts\/7338","targetHints":{"allow":["GET"]}}],"collection":[{"href":"https:\/\/uvbbrasil.com.br\/uvb-json\/wp\/v2\/posts"}],"about":[{"href":"https:\/\/uvbbrasil.com.br\/uvb-json\/wp\/v2\/types\/post"}],"author":[{"embeddable":true,"href":"https:\/\/uvbbrasil.com.br\/uvb-json\/wp\/v2\/users\/1"}],"replies":[{"embeddable":true,"href":"https:\/\/uvbbrasil.com.br\/uvb-json\/wp\/v2\/comments?post=7338"}],"version-history":[{"count":0,"href":"https:\/\/uvbbrasil.com.br\/uvb-json\/wp\/v2\/posts\/7338\/revisions"}],"wp:featuredmedia":[{"embeddable":true,"href":"https:\/\/uvbbrasil.com.br\/uvb-json\/wp\/v2\/media\/7339"}],"wp:attachment":[{"href":"https:\/\/uvbbrasil.com.br\/uvb-json\/wp\/v2\/media?parent=7338"}],"wp:term":[{"taxonomy":"category","embeddable":true,"href":"https:\/\/uvbbrasil.com.br\/uvb-json\/wp\/v2\/categories?post=7338"},{"taxonomy":"post_tag","embeddable":true,"href":"https:\/\/uvbbrasil.com.br\/uvb-json\/wp\/v2\/tags?post=7338"}],"curies":[{"name":"wp","href":"https:\/\/api.w.org\/{rel}","templated":true}]}}