{"id":7318,"date":"2017-07-14T07:25:56","date_gmt":"2017-07-14T10:25:56","guid":{"rendered":"https:\/\/wpsandbox4.pante.com.br\/?p=7318"},"modified":"2017-07-14T07:25:56","modified_gmt":"2017-07-14T10:25:56","slug":"servidores-bloqueiam-entrada-de-vereadores-em-camara-e-impedem-votacao-de-projetos-de-reforma-de-estatuto","status":"publish","type":"post","link":"https:\/\/uvbbrasil.com.br\/servidores-bloqueiam-entrada-de-vereadores-em-camara-e-impedem-votacao-de-projetos-de-reforma-de-estatuto\/","title":{"rendered":"Servidores bloqueiam entrada de vereadores em C\u00e2mara e impedem vota\u00e7\u00e3o de projetos de reforma de estatuto"},"content":{"rendered":"<div class=\"row content-head\">\n<div class=\"column medium-centered medium-17 large-14 xlarge-16\">\n<h2 class=\"content-head__subtitle\">Caso ocorreu nesta quinta-feira (13), no munic\u00edpio de Barreiras, na regi\u00e3o oeste da Bahia.<\/h2>\n<\/div>\n<\/div>\n<div class=\"row content-share-bar\"><\/div>\n<div class=\"row content-share-bar\"><\/div>\n<div class=\"row content-share-bar\">\n<div class=\"mc-column content-text active-extra-styles active-capital-letter\" data-block-type=\"unstyled\" data-block-weight=\"38\">\n<p class=\"content-text__container theme-color-primary-first-letter\" data-track-category=\"Link no Texto\" data-track-links=\"\">Servidores municipais de Barreiras, na regi\u00e3o oeste da Bahia, invadiram a C\u00e2mara de Vereadores da cidade, nesta quinta-feira (13), e impediram a vota\u00e7\u00e3o pelos vereadores de dois projetos de lei que prop\u00f5em a reforma do estatudo da categoria.<\/p>\n<\/div>\n<div class=\"mc-column content-text active-extra-styles \" data-block-type=\"unstyled\" data-block-weight=\"22\">\n<p class=\"content-text__container \" data-track-category=\"Link no Texto\" data-track-links=\"\">Os servidores alegam que n\u00e3o houve di\u00e1logo com a categoria para a elabora\u00e7\u00e3o das propostas e que, se aprovadas, ter\u00e3o direitos exclu\u00eddos.<\/p>\n<\/div>\n<div class=\"mc-column content-text active-extra-styles \" data-block-type=\"unstyled\" data-block-weight=\"42\">\n<p class=\"content-text__container \" data-track-category=\"Link no Texto\" data-track-links=\"\">Os manifestantes impediram a entrada dos vereadores no plen\u00e1rio e, por conta disso, a sess\u00e3o foi cancelada. Seria a primeira das duas vota\u00e7\u00f5es que podem levar \u00e0 aprova\u00e7\u00e3o das propostas. No local, os servidores entoaram palavras de ordem e fizeram um \u201capita\u00e7o\u201d.<\/p>\n<\/div>\n<div class=\"mc-column content-text active-extra-styles \" data-block-type=\"unstyled\" data-block-weight=\"45\">\n<p class=\"content-text__container \" data-track-category=\"Link no Texto\" data-track-links=\"\">Sem acesso ao plen\u00e1rio, quase todos os vereadores que comparaceram \u00e0 C\u00e2mara deixaram o pr\u00e9dio meia hora depois do hor\u00e1rio marcado para o in\u00edcio da sess\u00e3o. Como o recesso parlamentar j\u00e1 est\u00e1 valendo, n\u00e3o h\u00e1 agora nenhuma previs\u00e3o de quando uma nova sess\u00e3o ser\u00e1 marcada.<\/p>\n<\/div>\n<div class=\"mc-column content-text active-extra-styles \" data-block-type=\"unstyled\" data-block-weight=\"53\">\n<p class=\"content-text__container \" data-track-category=\"Link no Texto\" data-track-links=\"\">Pelo regimento, no entanto, o presidente da Casa pode convocar uma sess\u00e3o extraordin\u00e1ria, mas n\u00e3o se sabe se isso deve ocorrer. &#8220;A qualquer momento ele pode convocar, s\u00f3 que ele tem que nos mandar um of\u00edcio com cinco dias de atenced\u00eancia para que aconte\u00e7a a [sess\u00e3o] extraordin\u00e1ria&#8221;, destacou o vereador Nereu do G\u00e1s.<\/p>\n<\/div>\n<div class=\"mc-column content-text active-extra-styles \" data-block-type=\"unstyled\" data-block-weight=\"37\">\n<p class=\"content-text__container \" data-track-category=\"Link no Texto\" data-track-links=\"\">O vereador Vivi Barbosa diz que \u00e9 preciso di\u00e1logo. &#8220;\u00c9 um projeto que mexe muito com o estatuto. Mexe com o estatuto do servidor, direitos garantidos e tem que ter um di\u00e1logo muito com a categoria&#8221;, disse.<\/p>\n<\/div>\n<div class=\"mc-column content-text active-extra-styles \" data-block-type=\"unstyled\" data-block-weight=\"73\">\n<p class=\"content-text__container \" data-track-category=\"Link no Texto\" data-track-links=\"\">O sindicato dos servidores diz que a categoria est\u00e1 aberta \u00e0 negocia\u00e7\u00e3o, mas que se isso n\u00e3o acontecer, os servidores podem paralisar as atividades. &#8220;Queremos sentar na mesa e discutir todos os pontos que se referem a retirada de direitos desses servidores. O segundo passo \u00e9 que n\u00f3s j\u00e1 notificamos hoje o prefeito Zito Barbosa, de que iremos deflagrar greve caso o projeto seja aprovado&#8221;, declarou a presidente do sindicato, Carm\u00e9lia da Mata.<\/p>\n<\/div>\n<\/div>\n<p class=\"content-text__container \" data-track-category=\"Link no Texto\" data-track-links=\"\">\n<p class=\"content-text__container \" data-track-category=\"Link no Texto\" data-track-links=\"\">Fonte: G1<\/p>\n","protected":false},"excerpt":{"rendered":"<p>Caso ocorreu nesta quinta-feira (13), no munic\u00edpio de Barreiras, na regi\u00e3o oeste da Bahia. Servidores municipais de Barreiras, na regi\u00e3o&#8230;<\/p>\n","protected":false},"author":1,"featured_media":7319,"comment_status":"open","ping_status":"open","sticky":false,"template":"","format":"standard","meta":{"footnotes":""},"categories":[3],"tags":[],"class_list":["post-7318","post","type-post","status-publish","format-standard","has-post-thumbnail","hentry","category-noticias"],"yoast_head":"<!-- This site is optimized with the Yoast SEO plugin v27.5 - https:\/\/yoast.com\/product\/yoast-seo-wordpress\/ -->\n<title>Servidores bloqueiam entrada de vereadores em C\u00e2mara e impedem vota\u00e7\u00e3o de projetos de reforma de estatuto - UVB Brasil<\/title>\n<meta name=\"robots\" content=\"index, follow, max-snippet:-1, max-image-preview:large, max-video-preview:-1\" \/>\n<link rel=\"canonical\" href=\"https:\/\/uvbbrasil.com.br\/servidores-bloqueiam-entrada-de-vereadores-em-camara-e-impedem-votacao-de-projetos-de-reforma-de-estatuto\/\" \/>\n<meta property=\"og:locale\" content=\"pt_BR\" \/>\n<meta property=\"og:type\" content=\"article\" \/>\n<meta property=\"og:title\" content=\"Servidores bloqueiam entrada de vereadores em C\u00e2mara e impedem vota\u00e7\u00e3o de projetos de reforma de estatuto - UVB Brasil\" \/>\n<meta property=\"og:description\" content=\"Caso ocorreu nesta quinta-feira (13), no munic\u00edpio de Barreiras, na regi\u00e3o oeste da Bahia. Servidores municipais de Barreiras, na regi\u00e3o...\" \/>\n<meta property=\"og:url\" content=\"https:\/\/uvbbrasil.com.br\/servidores-bloqueiam-entrada-de-vereadores-em-camara-e-impedem-votacao-de-projetos-de-reforma-de-estatuto\/\" \/>\n<meta property=\"og:site_name\" content=\"UVB Brasil\" \/>\n<meta property=\"article:publisher\" content=\"https:\/\/www.facebook.com\/uvb.vereadoresbrasil\" \/>\n<meta property=\"article:published_time\" content=\"2017-07-14T10:25:56+00:00\" \/>\n<meta property=\"og:image\" content=\"https:\/\/uvbbrasil.com.br\/wp-content\/uploads\/2017\/07\/images-1.jpg\" \/>\n\t<meta property=\"og:image:width\" content=\"100\" \/>\n\t<meta property=\"og:image:height\" content=\"100\" \/>\n\t<meta property=\"og:image:type\" content=\"image\/jpeg\" \/>\n<meta name=\"author\" content=\"adminuvb\" \/>\n<meta name=\"twitter:card\" content=\"summary_large_image\" \/>\n<meta name=\"twitter:label1\" content=\"Escrito por\" \/>\n\t<meta name=\"twitter:data1\" content=\"adminuvb\" \/>\n\t<meta name=\"twitter:label2\" content=\"Est. tempo de leitura\" \/>\n\t<meta name=\"twitter:data2\" content=\"2 minutos\" \/>\n<script type=\"application\/ld+json\" class=\"yoast-schema-graph\">{\"@context\":\"https:\\\/\\\/schema.org\",\"@graph\":[{\"@type\":\"Article\",\"@id\":\"https:\\\/\\\/uvbbrasil.com.br\\\/servidores-bloqueiam-entrada-de-vereadores-em-camara-e-impedem-votacao-de-projetos-de-reforma-de-estatuto\\\/#article\",\"isPartOf\":{\"@id\":\"https:\\\/\\\/uvbbrasil.com.br\\\/servidores-bloqueiam-entrada-de-vereadores-em-camara-e-impedem-votacao-de-projetos-de-reforma-de-estatuto\\\/\"},\"author\":{\"name\":\"adminuvb\",\"@id\":\"https:\\\/\\\/uvbbrasil.com.br\\\/#\\\/schema\\\/person\\\/17990098446c098f52effddff4f1b272\"},\"headline\":\"Servidores bloqueiam entrada de vereadores em C\u00e2mara e impedem vota\u00e7\u00e3o de projetos de reforma de estatuto\",\"datePublished\":\"2017-07-14T10:25:56+00:00\",\"mainEntityOfPage\":{\"@id\":\"https:\\\/\\\/uvbbrasil.com.br\\\/servidores-bloqueiam-entrada-de-vereadores-em-camara-e-impedem-votacao-de-projetos-de-reforma-de-estatuto\\\/\"},\"wordCount\":376,\"commentCount\":0,\"publisher\":{\"@id\":\"https:\\\/\\\/uvbbrasil.com.br\\\/#organization\"},\"image\":{\"@id\":\"https:\\\/\\\/uvbbrasil.com.br\\\/servidores-bloqueiam-entrada-de-vereadores-em-camara-e-impedem-votacao-de-projetos-de-reforma-de-estatuto\\\/#primaryimage\"},\"thumbnailUrl\":\"https:\\\/\\\/uvbbrasil.com.br\\\/wp-content\\\/uploads\\\/2017\\\/07\\\/images-1.jpg\",\"articleSection\":[\"NOT\u00cdCIAS\"],\"inLanguage\":\"pt-BR\",\"potentialAction\":[{\"@type\":\"CommentAction\",\"name\":\"Comment\",\"target\":[\"https:\\\/\\\/uvbbrasil.com.br\\\/servidores-bloqueiam-entrada-de-vereadores-em-camara-e-impedem-votacao-de-projetos-de-reforma-de-estatuto\\\/#respond\"]}]},{\"@type\":\"WebPage\",\"@id\":\"https:\\\/\\\/uvbbrasil.com.br\\\/servidores-bloqueiam-entrada-de-vereadores-em-camara-e-impedem-votacao-de-projetos-de-reforma-de-estatuto\\\/\",\"url\":\"https:\\\/\\\/uvbbrasil.com.br\\\/servidores-bloqueiam-entrada-de-vereadores-em-camara-e-impedem-votacao-de-projetos-de-reforma-de-estatuto\\\/\",\"name\":\"Servidores bloqueiam entrada de vereadores em C\u00e2mara e impedem vota\u00e7\u00e3o de projetos de reforma de estatuto - UVB Brasil\",\"isPartOf\":{\"@id\":\"https:\\\/\\\/uvbbrasil.com.br\\\/#website\"},\"primaryImageOfPage\":{\"@id\":\"https:\\\/\\\/uvbbrasil.com.br\\\/servidores-bloqueiam-entrada-de-vereadores-em-camara-e-impedem-votacao-de-projetos-de-reforma-de-estatuto\\\/#primaryimage\"},\"image\":{\"@id\":\"https:\\\/\\\/uvbbrasil.com.br\\\/servidores-bloqueiam-entrada-de-vereadores-em-camara-e-impedem-votacao-de-projetos-de-reforma-de-estatuto\\\/#primaryimage\"},\"thumbnailUrl\":\"https:\\\/\\\/uvbbrasil.com.br\\\/wp-content\\\/uploads\\\/2017\\\/07\\\/images-1.jpg\",\"datePublished\":\"2017-07-14T10:25:56+00:00\",\"breadcrumb\":{\"@id\":\"https:\\\/\\\/uvbbrasil.com.br\\\/servidores-bloqueiam-entrada-de-vereadores-em-camara-e-impedem-votacao-de-projetos-de-reforma-de-estatuto\\\/#breadcrumb\"},\"inLanguage\":\"pt-BR\",\"potentialAction\":[{\"@type\":\"ReadAction\",\"target\":[\"https:\\\/\\\/uvbbrasil.com.br\\\/servidores-bloqueiam-entrada-de-vereadores-em-camara-e-impedem-votacao-de-projetos-de-reforma-de-estatuto\\\/\"]}]},{\"@type\":\"ImageObject\",\"inLanguage\":\"pt-BR\",\"@id\":\"https:\\\/\\\/uvbbrasil.com.br\\\/servidores-bloqueiam-entrada-de-vereadores-em-camara-e-impedem-votacao-de-projetos-de-reforma-de-estatuto\\\/#primaryimage\",\"url\":\"https:\\\/\\\/uvbbrasil.com.br\\\/wp-content\\\/uploads\\\/2017\\\/07\\\/images-1.jpg\",\"contentUrl\":\"https:\\\/\\\/uvbbrasil.com.br\\\/wp-content\\\/uploads\\\/2017\\\/07\\\/images-1.jpg\",\"width\":100,\"height\":100},{\"@type\":\"BreadcrumbList\",\"@id\":\"https:\\\/\\\/uvbbrasil.com.br\\\/servidores-bloqueiam-entrada-de-vereadores-em-camara-e-impedem-votacao-de-projetos-de-reforma-de-estatuto\\\/#breadcrumb\",\"itemListElement\":[{\"@type\":\"ListItem\",\"position\":1,\"name\":\"In\u00edcio\",\"item\":\"https:\\\/\\\/uvbbrasil.com.br\\\/\"},{\"@type\":\"ListItem\",\"position\":2,\"name\":\"Servidores bloqueiam entrada de vereadores em C\u00e2mara e impedem vota\u00e7\u00e3o de projetos de reforma de estatuto\"}]},{\"@type\":\"WebSite\",\"@id\":\"https:\\\/\\\/uvbbrasil.com.br\\\/#website\",\"url\":\"https:\\\/\\\/uvbbrasil.com.br\\\/\",\"name\":\"UVB Brasil\",\"description\":\"Uni\u00e3o dos Vereadores do Brasil\",\"publisher\":{\"@id\":\"https:\\\/\\\/uvbbrasil.com.br\\\/#organization\"},\"potentialAction\":[{\"@type\":\"SearchAction\",\"target\":{\"@type\":\"EntryPoint\",\"urlTemplate\":\"https:\\\/\\\/uvbbrasil.com.br\\\/?s={search_term_string}\"},\"query-input\":{\"@type\":\"PropertyValueSpecification\",\"valueRequired\":true,\"valueName\":\"search_term_string\"}}],\"inLanguage\":\"pt-BR\"},{\"@type\":\"Organization\",\"@id\":\"https:\\\/\\\/uvbbrasil.com.br\\\/#organization\",\"name\":\"UVB Brasil\",\"url\":\"https:\\\/\\\/uvbbrasil.com.br\\\/\",\"logo\":{\"@type\":\"ImageObject\",\"inLanguage\":\"pt-BR\",\"@id\":\"https:\\\/\\\/uvbbrasil.com.br\\\/#\\\/schema\\\/logo\\\/image\\\/\",\"url\":\"https:\\\/\\\/uvbbrasil.com.br\\\/wp-content\\\/uploads\\\/2025\\\/01\\\/LOGO-UVB-2024-azul-1.jpg\",\"contentUrl\":\"https:\\\/\\\/uvbbrasil.com.br\\\/wp-content\\\/uploads\\\/2025\\\/01\\\/LOGO-UVB-2024-azul-1.jpg\",\"width\":600,\"height\":211,\"caption\":\"UVB Brasil\"},\"image\":{\"@id\":\"https:\\\/\\\/uvbbrasil.com.br\\\/#\\\/schema\\\/logo\\\/image\\\/\"},\"sameAs\":[\"https:\\\/\\\/www.facebook.com\\\/uvb.vereadoresbrasil\",\"https:\\\/\\\/www.instagram.com\\\/uvbbrasil\\\/\",\"https:\\\/\\\/www.youtube.com\\\/channel\\\/UCIlPQ8Xzw5GHNzosQIg9S5A\"]},{\"@type\":\"Person\",\"@id\":\"https:\\\/\\\/uvbbrasil.com.br\\\/#\\\/schema\\\/person\\\/17990098446c098f52effddff4f1b272\",\"name\":\"adminuvb\",\"image\":{\"@type\":\"ImageObject\",\"inLanguage\":\"pt-BR\",\"@id\":\"https:\\\/\\\/secure.gravatar.com\\\/avatar\\\/1a494ea6f8e2dd1ae526e55b0e9497efdba542491e0620d704cccf63c6f77c45?s=96&d=mm&r=g\",\"url\":\"https:\\\/\\\/secure.gravatar.com\\\/avatar\\\/1a494ea6f8e2dd1ae526e55b0e9497efdba542491e0620d704cccf63c6f77c45?s=96&d=mm&r=g\",\"contentUrl\":\"https:\\\/\\\/secure.gravatar.com\\\/avatar\\\/1a494ea6f8e2dd1ae526e55b0e9497efdba542491e0620d704cccf63c6f77c45?s=96&d=mm&r=g\",\"caption\":\"adminuvb\"},\"sameAs\":[\"https:\\\/\\\/uvbbrasil.com.br\"],\"url\":\"https:\\\/\\\/uvbbrasil.com.br\\\/author\\\/adminuvb\\\/\"}]}<\/script>\n<!-- \/ Yoast SEO plugin. -->","yoast_head_json":{"title":"Servidores bloqueiam entrada de vereadores em C\u00e2mara e impedem vota\u00e7\u00e3o de projetos de reforma de estatuto - UVB Brasil","robots":{"index":"index","follow":"follow","max-snippet":"max-snippet:-1","max-image-preview":"max-image-preview:large","max-video-preview":"max-video-preview:-1"},"canonical":"https:\/\/uvbbrasil.com.br\/servidores-bloqueiam-entrada-de-vereadores-em-camara-e-impedem-votacao-de-projetos-de-reforma-de-estatuto\/","og_locale":"pt_BR","og_type":"article","og_title":"Servidores bloqueiam entrada de vereadores em C\u00e2mara e impedem vota\u00e7\u00e3o de projetos de reforma de estatuto - UVB Brasil","og_description":"Caso ocorreu nesta quinta-feira (13), no munic\u00edpio de Barreiras, na regi\u00e3o oeste da Bahia. Servidores municipais de Barreiras, na regi\u00e3o...","og_url":"https:\/\/uvbbrasil.com.br\/servidores-bloqueiam-entrada-de-vereadores-em-camara-e-impedem-votacao-de-projetos-de-reforma-de-estatuto\/","og_site_name":"UVB Brasil","article_publisher":"https:\/\/www.facebook.com\/uvb.vereadoresbrasil","article_published_time":"2017-07-14T10:25:56+00:00","og_image":[{"width":100,"height":100,"url":"https:\/\/uvbbrasil.com.br\/wp-content\/uploads\/2017\/07\/images-1.jpg","type":"image\/jpeg"}],"author":"adminuvb","twitter_card":"summary_large_image","twitter_misc":{"Escrito por":"adminuvb","Est. tempo de leitura":"2 minutos"},"schema":{"@context":"https:\/\/schema.org","@graph":[{"@type":"Article","@id":"https:\/\/uvbbrasil.com.br\/servidores-bloqueiam-entrada-de-vereadores-em-camara-e-impedem-votacao-de-projetos-de-reforma-de-estatuto\/#article","isPartOf":{"@id":"https:\/\/uvbbrasil.com.br\/servidores-bloqueiam-entrada-de-vereadores-em-camara-e-impedem-votacao-de-projetos-de-reforma-de-estatuto\/"},"author":{"name":"adminuvb","@id":"https:\/\/uvbbrasil.com.br\/#\/schema\/person\/17990098446c098f52effddff4f1b272"},"headline":"Servidores bloqueiam entrada de vereadores em C\u00e2mara e impedem vota\u00e7\u00e3o de projetos de reforma de estatuto","datePublished":"2017-07-14T10:25:56+00:00","mainEntityOfPage":{"@id":"https:\/\/uvbbrasil.com.br\/servidores-bloqueiam-entrada-de-vereadores-em-camara-e-impedem-votacao-de-projetos-de-reforma-de-estatuto\/"},"wordCount":376,"commentCount":0,"publisher":{"@id":"https:\/\/uvbbrasil.com.br\/#organization"},"image":{"@id":"https:\/\/uvbbrasil.com.br\/servidores-bloqueiam-entrada-de-vereadores-em-camara-e-impedem-votacao-de-projetos-de-reforma-de-estatuto\/#primaryimage"},"thumbnailUrl":"https:\/\/uvbbrasil.com.br\/wp-content\/uploads\/2017\/07\/images-1.jpg","articleSection":["NOT\u00cdCIAS"],"inLanguage":"pt-BR","potentialAction":[{"@type":"CommentAction","name":"Comment","target":["https:\/\/uvbbrasil.com.br\/servidores-bloqueiam-entrada-de-vereadores-em-camara-e-impedem-votacao-de-projetos-de-reforma-de-estatuto\/#respond"]}]},{"@type":"WebPage","@id":"https:\/\/uvbbrasil.com.br\/servidores-bloqueiam-entrada-de-vereadores-em-camara-e-impedem-votacao-de-projetos-de-reforma-de-estatuto\/","url":"https:\/\/uvbbrasil.com.br\/servidores-bloqueiam-entrada-de-vereadores-em-camara-e-impedem-votacao-de-projetos-de-reforma-de-estatuto\/","name":"Servidores bloqueiam entrada de vereadores em C\u00e2mara e impedem vota\u00e7\u00e3o de projetos de reforma de estatuto - UVB Brasil","isPartOf":{"@id":"https:\/\/uvbbrasil.com.br\/#website"},"primaryImageOfPage":{"@id":"https:\/\/uvbbrasil.com.br\/servidores-bloqueiam-entrada-de-vereadores-em-camara-e-impedem-votacao-de-projetos-de-reforma-de-estatuto\/#primaryimage"},"image":{"@id":"https:\/\/uvbbrasil.com.br\/servidores-bloqueiam-entrada-de-vereadores-em-camara-e-impedem-votacao-de-projetos-de-reforma-de-estatuto\/#primaryimage"},"thumbnailUrl":"https:\/\/uvbbrasil.com.br\/wp-content\/uploads\/2017\/07\/images-1.jpg","datePublished":"2017-07-14T10:25:56+00:00","breadcrumb":{"@id":"https:\/\/uvbbrasil.com.br\/servidores-bloqueiam-entrada-de-vereadores-em-camara-e-impedem-votacao-de-projetos-de-reforma-de-estatuto\/#breadcrumb"},"inLanguage":"pt-BR","potentialAction":[{"@type":"ReadAction","target":["https:\/\/uvbbrasil.com.br\/servidores-bloqueiam-entrada-de-vereadores-em-camara-e-impedem-votacao-de-projetos-de-reforma-de-estatuto\/"]}]},{"@type":"ImageObject","inLanguage":"pt-BR","@id":"https:\/\/uvbbrasil.com.br\/servidores-bloqueiam-entrada-de-vereadores-em-camara-e-impedem-votacao-de-projetos-de-reforma-de-estatuto\/#primaryimage","url":"https:\/\/uvbbrasil.com.br\/wp-content\/uploads\/2017\/07\/images-1.jpg","contentUrl":"https:\/\/uvbbrasil.com.br\/wp-content\/uploads\/2017\/07\/images-1.jpg","width":100,"height":100},{"@type":"BreadcrumbList","@id":"https:\/\/uvbbrasil.com.br\/servidores-bloqueiam-entrada-de-vereadores-em-camara-e-impedem-votacao-de-projetos-de-reforma-de-estatuto\/#breadcrumb","itemListElement":[{"@type":"ListItem","position":1,"name":"In\u00edcio","item":"https:\/\/uvbbrasil.com.br\/"},{"@type":"ListItem","position":2,"name":"Servidores bloqueiam entrada de vereadores em C\u00e2mara e impedem vota\u00e7\u00e3o de projetos de reforma de estatuto"}]},{"@type":"WebSite","@id":"https:\/\/uvbbrasil.com.br\/#website","url":"https:\/\/uvbbrasil.com.br\/","name":"UVB Brasil","description":"Uni\u00e3o dos Vereadores do Brasil","publisher":{"@id":"https:\/\/uvbbrasil.com.br\/#organization"},"potentialAction":[{"@type":"SearchAction","target":{"@type":"EntryPoint","urlTemplate":"https:\/\/uvbbrasil.com.br\/?s={search_term_string}"},"query-input":{"@type":"PropertyValueSpecification","valueRequired":true,"valueName":"search_term_string"}}],"inLanguage":"pt-BR"},{"@type":"Organization","@id":"https:\/\/uvbbrasil.com.br\/#organization","name":"UVB Brasil","url":"https:\/\/uvbbrasil.com.br\/","logo":{"@type":"ImageObject","inLanguage":"pt-BR","@id":"https:\/\/uvbbrasil.com.br\/#\/schema\/logo\/image\/","url":"https:\/\/uvbbrasil.com.br\/wp-content\/uploads\/2025\/01\/LOGO-UVB-2024-azul-1.jpg","contentUrl":"https:\/\/uvbbrasil.com.br\/wp-content\/uploads\/2025\/01\/LOGO-UVB-2024-azul-1.jpg","width":600,"height":211,"caption":"UVB Brasil"},"image":{"@id":"https:\/\/uvbbrasil.com.br\/#\/schema\/logo\/image\/"},"sameAs":["https:\/\/www.facebook.com\/uvb.vereadoresbrasil","https:\/\/www.instagram.com\/uvbbrasil\/","https:\/\/www.youtube.com\/channel\/UCIlPQ8Xzw5GHNzosQIg9S5A"]},{"@type":"Person","@id":"https:\/\/uvbbrasil.com.br\/#\/schema\/person\/17990098446c098f52effddff4f1b272","name":"adminuvb","image":{"@type":"ImageObject","inLanguage":"pt-BR","@id":"https:\/\/secure.gravatar.com\/avatar\/1a494ea6f8e2dd1ae526e55b0e9497efdba542491e0620d704cccf63c6f77c45?s=96&d=mm&r=g","url":"https:\/\/secure.gravatar.com\/avatar\/1a494ea6f8e2dd1ae526e55b0e9497efdba542491e0620d704cccf63c6f77c45?s=96&d=mm&r=g","contentUrl":"https:\/\/secure.gravatar.com\/avatar\/1a494ea6f8e2dd1ae526e55b0e9497efdba542491e0620d704cccf63c6f77c45?s=96&d=mm&r=g","caption":"adminuvb"},"sameAs":["https:\/\/uvbbrasil.com.br"],"url":"https:\/\/uvbbrasil.com.br\/author\/adminuvb\/"}]}},"_links":{"self":[{"href":"https:\/\/uvbbrasil.com.br\/uvb-json\/wp\/v2\/posts\/7318","targetHints":{"allow":["GET"]}}],"collection":[{"href":"https:\/\/uvbbrasil.com.br\/uvb-json\/wp\/v2\/posts"}],"about":[{"href":"https:\/\/uvbbrasil.com.br\/uvb-json\/wp\/v2\/types\/post"}],"author":[{"embeddable":true,"href":"https:\/\/uvbbrasil.com.br\/uvb-json\/wp\/v2\/users\/1"}],"replies":[{"embeddable":true,"href":"https:\/\/uvbbrasil.com.br\/uvb-json\/wp\/v2\/comments?post=7318"}],"version-history":[{"count":0,"href":"https:\/\/uvbbrasil.com.br\/uvb-json\/wp\/v2\/posts\/7318\/revisions"}],"wp:featuredmedia":[{"embeddable":true,"href":"https:\/\/uvbbrasil.com.br\/uvb-json\/wp\/v2\/media\/7319"}],"wp:attachment":[{"href":"https:\/\/uvbbrasil.com.br\/uvb-json\/wp\/v2\/media?parent=7318"}],"wp:term":[{"taxonomy":"category","embeddable":true,"href":"https:\/\/uvbbrasil.com.br\/uvb-json\/wp\/v2\/categories?post=7318"},{"taxonomy":"post_tag","embeddable":true,"href":"https:\/\/uvbbrasil.com.br\/uvb-json\/wp\/v2\/tags?post=7318"}],"curies":[{"name":"wp","href":"https:\/\/api.w.org\/{rel}","templated":true}]}}