{"id":7176,"date":"2017-07-05T07:52:52","date_gmt":"2017-07-05T10:52:52","guid":{"rendered":"https:\/\/wpsandbox4.pante.com.br\/?p=7176"},"modified":"2017-07-05T07:52:52","modified_gmt":"2017-07-05T10:52:52","slug":"vereadores-de-lucas-rio-verde-aprovam-dois-projetos-e-apresentam-seis-indicacoes-ao-executivo","status":"publish","type":"post","link":"https:\/\/uvbbrasil.com.br\/vereadores-de-lucas-rio-verde-aprovam-dois-projetos-e-apresentam-seis-indicacoes-ao-executivo\/","title":{"rendered":"Vereadores de Lucas do Rio Verde aprovam dois projetos e apresentam seis indica\u00e7\u00f5es ao Executivo"},"content":{"rendered":"<p>Al\u00e9m da sess\u00e3o ordin\u00e1ria, foi realizada uma extraordin\u00e1ria para a vota\u00e7\u00e3o do projeto n. 46, que abre cr\u00e9dito suplementar no valor de R$ 1.2 milh\u00e3o em favor do Saae<\/p>\n<p>&nbsp;<\/p>\n<p>&nbsp;<\/p>\n<p>A C\u00e2mara de Vereadores aprovou na noite desta segunda-feira (03), em duas sess\u00f5es, ordin\u00e1ria e em seguida, extraordin\u00e1ria, dois projetos e apresentou seis indica\u00e7\u00f5es ao Poder Executivo.<\/p>\n<p>&nbsp;<\/p>\n<p>O primeiro projeto aprovado, estabelece a cria\u00e7\u00e3o de uma comiss\u00e3o especial para analisar o Projeto de Lei Complementar n. 03\/17, que institui o pagamento de incentivo financeiro aos m\u00e9dicos e enfermeiros (40 horas), respons\u00e1veis pelo Caps.<\/p>\n<p>&nbsp;<\/p>\n<p>A comiss\u00e3o ser\u00e1 formada pelos vereadores, Airton Callai, Dirceu Cosma e Dr. Jaime. Ainda na sess\u00e3o ordin\u00e1ria, foram apresentadas seis indica\u00e7\u00f5es, que solicitam do Executivo, melhorias na \u00e1rea do esporte, assist\u00eancia social e educa\u00e7\u00e3o.<\/p>\n<p>&nbsp;<\/p>\n<p>De autoria da vereadora M\u00e1rcia Pelicioli, as indica\u00e7\u00f5es n. 57 e 59 sugerem ao prefeito a viabiliza\u00e7\u00e3o de uma \u00e1rea para a constru\u00e7\u00e3o da sede da Associa\u00e7\u00e3o de Aposentados, Pensionistas e Idosos e a constru\u00e7\u00e3o de uma casa de apoio ou um centro de conviv\u00eancia para idosos.<\/p>\n<p>&nbsp;<\/p>\n<p>O vereador Marcos Paulista solicitou, por meio das indica\u00e7\u00f5es n. 58 e 60, melhorias na estrutura dos campos de futebol do Bairro T\u00e9ssele Junior e a revitaliza\u00e7\u00e3o e arboriza\u00e7\u00e3o das pra\u00e7as dos bairros Rio Verde e Jaime Seiti Fujii.<\/p>\n<p>&nbsp;<\/p>\n<p>Ainda durante a sess\u00e3o ordin\u00e1ria, foram apresentadas outras duas indica\u00e7\u00f5es. Dr. Jaime solicitou a constru\u00e7\u00e3o de refeit\u00f3rio, banheiros e secretaria para o Centro de Educa\u00e7\u00e3o Infantil Anjo Gabriel e Dr. Wagner sugeriu a instala\u00e7\u00e3o de bebedouros nas pra\u00e7as e espa\u00e7os p\u00fablicos utilizados para a pr\u00e1tica de exerc\u00edcios.<\/p>\n<p>&nbsp;<\/p>\n<p>As indica\u00e7\u00f5es foram encaminhadas para a an\u00e1lise do prefeito. Ap\u00f3s a sess\u00e3o ordin\u00e1ria, foi realizada uma sess\u00e3o extraordin\u00e1ria para votar o Projeto de Lei n. 46\/17.<\/p>\n<p>&nbsp;<\/p>\n<p>O projeto altera o planejamento or\u00e7ament\u00e1rio do munic\u00edpio e abre cr\u00e9dito suplementar no valor de R$ 1.2 milh\u00e3o para atender as despesas do Servi\u00e7o Aut\u00f4nomo de \u00c1gua e Esgoto (Saae).<\/p>\n<p>&nbsp;<\/p>\n<p>Segundo o presidente da C\u00e2mara, vereador Mano, a sess\u00e3o foi convocada para aprovar um projeto que era importante para o munic\u00edpio. O recurso ser\u00e1 investido em obras que ir\u00e3o melhorar o abastecimento de \u00e1gua pot\u00e1vel, capta\u00e7\u00e3o de esgoto e coleta de res\u00edduos s\u00f3lidos.<\/p>\n<p>&nbsp;<\/p>\n<p>Fonte: CEN\u00c1RIO MT<\/p>\n","protected":false},"excerpt":{"rendered":"<p>Al\u00e9m da sess\u00e3o ordin\u00e1ria, foi realizada uma extraordin\u00e1ria para a vota\u00e7\u00e3o do projeto n. 46, que abre cr\u00e9dito suplementar no&#8230;<\/p>\n","protected":false},"author":1,"featured_media":7177,"comment_status":"open","ping_status":"open","sticky":false,"template":"","format":"standard","meta":{"footnotes":""},"categories":[3],"tags":[],"class_list":["post-7176","post","type-post","status-publish","format-standard","has-post-thumbnail","hentry","category-noticias"],"yoast_head":"<!-- This site is optimized with the Yoast SEO plugin v26.7 - https:\/\/yoast.com\/wordpress\/plugins\/seo\/ -->\n<title>Vereadores de Lucas do Rio Verde aprovam dois projetos e apresentam seis indica\u00e7\u00f5es ao Executivo - UVB Brasil<\/title>\n<meta name=\"robots\" content=\"index, follow, max-snippet:-1, max-image-preview:large, max-video-preview:-1\" \/>\n<link rel=\"canonical\" href=\"https:\/\/uvbbrasil.com.br\/vereadores-de-lucas-rio-verde-aprovam-dois-projetos-e-apresentam-seis-indicacoes-ao-executivo\/\" \/>\n<meta property=\"og:locale\" content=\"pt_BR\" \/>\n<meta property=\"og:type\" content=\"article\" \/>\n<meta property=\"og:title\" content=\"Vereadores de Lucas do Rio Verde aprovam dois projetos e apresentam seis indica\u00e7\u00f5es ao Executivo - UVB Brasil\" \/>\n<meta property=\"og:description\" content=\"Al\u00e9m da sess\u00e3o ordin\u00e1ria, foi realizada uma extraordin\u00e1ria para a vota\u00e7\u00e3o do projeto n. 46, que abre cr\u00e9dito suplementar no...\" \/>\n<meta property=\"og:url\" content=\"https:\/\/uvbbrasil.com.br\/vereadores-de-lucas-rio-verde-aprovam-dois-projetos-e-apresentam-seis-indicacoes-ao-executivo\/\" \/>\n<meta property=\"og:site_name\" content=\"UVB Brasil\" \/>\n<meta property=\"article:publisher\" content=\"https:\/\/www.facebook.com\/uvb.vereadoresbrasil\" \/>\n<meta property=\"article:published_time\" content=\"2017-07-05T10:52:52+00:00\" \/>\n<meta property=\"og:image\" content=\"https:\/\/uvbbrasil.com.br\/wp-content\/uploads\/2017\/07\/2-26.jpg\" \/>\n\t<meta property=\"og:image:width\" content=\"745\" \/>\n\t<meta property=\"og:image:height\" content=\"444\" \/>\n\t<meta property=\"og:image:type\" content=\"image\/jpeg\" \/>\n<meta name=\"author\" content=\"adminuvb\" \/>\n<meta name=\"twitter:card\" content=\"summary_large_image\" \/>\n<meta name=\"twitter:label1\" content=\"Escrito por\" \/>\n\t<meta name=\"twitter:data1\" content=\"adminuvb\" \/>\n\t<meta name=\"twitter:label2\" content=\"Est. tempo de leitura\" \/>\n\t<meta name=\"twitter:data2\" content=\"2 minutos\" \/>\n<script type=\"application\/ld+json\" class=\"yoast-schema-graph\">{\"@context\":\"https:\/\/schema.org\",\"@graph\":[{\"@type\":\"Article\",\"@id\":\"https:\/\/uvbbrasil.com.br\/vereadores-de-lucas-rio-verde-aprovam-dois-projetos-e-apresentam-seis-indicacoes-ao-executivo\/#article\",\"isPartOf\":{\"@id\":\"https:\/\/uvbbrasil.com.br\/vereadores-de-lucas-rio-verde-aprovam-dois-projetos-e-apresentam-seis-indicacoes-ao-executivo\/\"},\"author\":{\"name\":\"adminuvb\",\"@id\":\"https:\/\/uvbbrasil.com.br\/#\/schema\/person\/17990098446c098f52effddff4f1b272\"},\"headline\":\"Vereadores de Lucas do Rio Verde aprovam dois projetos e apresentam seis indica\u00e7\u00f5es ao Executivo\",\"datePublished\":\"2017-07-05T10:52:52+00:00\",\"mainEntityOfPage\":{\"@id\":\"https:\/\/uvbbrasil.com.br\/vereadores-de-lucas-rio-verde-aprovam-dois-projetos-e-apresentam-seis-indicacoes-ao-executivo\/\"},\"wordCount\":446,\"commentCount\":0,\"publisher\":{\"@id\":\"https:\/\/uvbbrasil.com.br\/#organization\"},\"image\":{\"@id\":\"https:\/\/uvbbrasil.com.br\/vereadores-de-lucas-rio-verde-aprovam-dois-projetos-e-apresentam-seis-indicacoes-ao-executivo\/#primaryimage\"},\"thumbnailUrl\":\"https:\/\/uvbbrasil.com.br\/wp-content\/uploads\/2017\/07\/2-26.jpg\",\"articleSection\":[\"NOT\u00cdCIAS\"],\"inLanguage\":\"pt-BR\",\"potentialAction\":[{\"@type\":\"CommentAction\",\"name\":\"Comment\",\"target\":[\"https:\/\/uvbbrasil.com.br\/vereadores-de-lucas-rio-verde-aprovam-dois-projetos-e-apresentam-seis-indicacoes-ao-executivo\/#respond\"]}]},{\"@type\":\"WebPage\",\"@id\":\"https:\/\/uvbbrasil.com.br\/vereadores-de-lucas-rio-verde-aprovam-dois-projetos-e-apresentam-seis-indicacoes-ao-executivo\/\",\"url\":\"https:\/\/uvbbrasil.com.br\/vereadores-de-lucas-rio-verde-aprovam-dois-projetos-e-apresentam-seis-indicacoes-ao-executivo\/\",\"name\":\"Vereadores de Lucas do Rio Verde aprovam dois projetos e apresentam seis indica\u00e7\u00f5es ao Executivo - UVB Brasil\",\"isPartOf\":{\"@id\":\"https:\/\/uvbbrasil.com.br\/#website\"},\"primaryImageOfPage\":{\"@id\":\"https:\/\/uvbbrasil.com.br\/vereadores-de-lucas-rio-verde-aprovam-dois-projetos-e-apresentam-seis-indicacoes-ao-executivo\/#primaryimage\"},\"image\":{\"@id\":\"https:\/\/uvbbrasil.com.br\/vereadores-de-lucas-rio-verde-aprovam-dois-projetos-e-apresentam-seis-indicacoes-ao-executivo\/#primaryimage\"},\"thumbnailUrl\":\"https:\/\/uvbbrasil.com.br\/wp-content\/uploads\/2017\/07\/2-26.jpg\",\"datePublished\":\"2017-07-05T10:52:52+00:00\",\"breadcrumb\":{\"@id\":\"https:\/\/uvbbrasil.com.br\/vereadores-de-lucas-rio-verde-aprovam-dois-projetos-e-apresentam-seis-indicacoes-ao-executivo\/#breadcrumb\"},\"inLanguage\":\"pt-BR\",\"potentialAction\":[{\"@type\":\"ReadAction\",\"target\":[\"https:\/\/uvbbrasil.com.br\/vereadores-de-lucas-rio-verde-aprovam-dois-projetos-e-apresentam-seis-indicacoes-ao-executivo\/\"]}]},{\"@type\":\"ImageObject\",\"inLanguage\":\"pt-BR\",\"@id\":\"https:\/\/uvbbrasil.com.br\/vereadores-de-lucas-rio-verde-aprovam-dois-projetos-e-apresentam-seis-indicacoes-ao-executivo\/#primaryimage\",\"url\":\"https:\/\/uvbbrasil.com.br\/wp-content\/uploads\/2017\/07\/2-26.jpg\",\"contentUrl\":\"https:\/\/uvbbrasil.com.br\/wp-content\/uploads\/2017\/07\/2-26.jpg\",\"width\":745,\"height\":444},{\"@type\":\"BreadcrumbList\",\"@id\":\"https:\/\/uvbbrasil.com.br\/vereadores-de-lucas-rio-verde-aprovam-dois-projetos-e-apresentam-seis-indicacoes-ao-executivo\/#breadcrumb\",\"itemListElement\":[{\"@type\":\"ListItem\",\"position\":1,\"name\":\"In\u00edcio\",\"item\":\"https:\/\/uvbbrasil.com.br\/\"},{\"@type\":\"ListItem\",\"position\":2,\"name\":\"Vereadores de Lucas do Rio Verde aprovam dois projetos e apresentam seis indica\u00e7\u00f5es ao Executivo\"}]},{\"@type\":\"WebSite\",\"@id\":\"https:\/\/uvbbrasil.com.br\/#website\",\"url\":\"https:\/\/uvbbrasil.com.br\/\",\"name\":\"UVB Brasil\",\"description\":\"Uni\u00e3o dos Vereadores do Brasil\",\"publisher\":{\"@id\":\"https:\/\/uvbbrasil.com.br\/#organization\"},\"potentialAction\":[{\"@type\":\"SearchAction\",\"target\":{\"@type\":\"EntryPoint\",\"urlTemplate\":\"https:\/\/uvbbrasil.com.br\/?s={search_term_string}\"},\"query-input\":{\"@type\":\"PropertyValueSpecification\",\"valueRequired\":true,\"valueName\":\"search_term_string\"}}],\"inLanguage\":\"pt-BR\"},{\"@type\":\"Organization\",\"@id\":\"https:\/\/uvbbrasil.com.br\/#organization\",\"name\":\"UVB Brasil\",\"url\":\"https:\/\/uvbbrasil.com.br\/\",\"logo\":{\"@type\":\"ImageObject\",\"inLanguage\":\"pt-BR\",\"@id\":\"https:\/\/uvbbrasil.com.br\/#\/schema\/logo\/image\/\",\"url\":\"https:\/\/uvbbrasil.com.br\/wp-content\/uploads\/2025\/01\/LOGO-UVB-2024-azul-1.jpg\",\"contentUrl\":\"https:\/\/uvbbrasil.com.br\/wp-content\/uploads\/2025\/01\/LOGO-UVB-2024-azul-1.jpg\",\"width\":600,\"height\":211,\"caption\":\"UVB Brasil\"},\"image\":{\"@id\":\"https:\/\/uvbbrasil.com.br\/#\/schema\/logo\/image\/\"},\"sameAs\":[\"https:\/\/www.facebook.com\/uvb.vereadoresbrasil\",\"https:\/\/www.instagram.com\/uvbbrasil\/\",\"https:\/\/www.youtube.com\/channel\/UCIlPQ8Xzw5GHNzosQIg9S5A\"]},{\"@type\":\"Person\",\"@id\":\"https:\/\/uvbbrasil.com.br\/#\/schema\/person\/17990098446c098f52effddff4f1b272\",\"name\":\"adminuvb\",\"image\":{\"@type\":\"ImageObject\",\"inLanguage\":\"pt-BR\",\"@id\":\"https:\/\/uvbbrasil.com.br\/#\/schema\/person\/image\/\",\"url\":\"https:\/\/secure.gravatar.com\/avatar\/1a494ea6f8e2dd1ae526e55b0e9497efdba542491e0620d704cccf63c6f77c45?s=96&d=mm&r=g\",\"contentUrl\":\"https:\/\/secure.gravatar.com\/avatar\/1a494ea6f8e2dd1ae526e55b0e9497efdba542491e0620d704cccf63c6f77c45?s=96&d=mm&r=g\",\"caption\":\"adminuvb\"},\"sameAs\":[\"https:\/\/uvbbrasil.com.br\"],\"url\":\"https:\/\/uvbbrasil.com.br\/author\/adminuvb\/\"}]}<\/script>\n<!-- \/ Yoast SEO plugin. -->","yoast_head_json":{"title":"Vereadores de Lucas do Rio Verde aprovam dois projetos e apresentam seis indica\u00e7\u00f5es ao Executivo - UVB Brasil","robots":{"index":"index","follow":"follow","max-snippet":"max-snippet:-1","max-image-preview":"max-image-preview:large","max-video-preview":"max-video-preview:-1"},"canonical":"https:\/\/uvbbrasil.com.br\/vereadores-de-lucas-rio-verde-aprovam-dois-projetos-e-apresentam-seis-indicacoes-ao-executivo\/","og_locale":"pt_BR","og_type":"article","og_title":"Vereadores de Lucas do Rio Verde aprovam dois projetos e apresentam seis indica\u00e7\u00f5es ao Executivo - UVB Brasil","og_description":"Al\u00e9m da sess\u00e3o ordin\u00e1ria, foi realizada uma extraordin\u00e1ria para a vota\u00e7\u00e3o do projeto n. 46, que abre cr\u00e9dito suplementar no...","og_url":"https:\/\/uvbbrasil.com.br\/vereadores-de-lucas-rio-verde-aprovam-dois-projetos-e-apresentam-seis-indicacoes-ao-executivo\/","og_site_name":"UVB Brasil","article_publisher":"https:\/\/www.facebook.com\/uvb.vereadoresbrasil","article_published_time":"2017-07-05T10:52:52+00:00","og_image":[{"width":745,"height":444,"url":"https:\/\/uvbbrasil.com.br\/wp-content\/uploads\/2017\/07\/2-26.jpg","type":"image\/jpeg"}],"author":"adminuvb","twitter_card":"summary_large_image","twitter_misc":{"Escrito por":"adminuvb","Est. tempo de leitura":"2 minutos"},"schema":{"@context":"https:\/\/schema.org","@graph":[{"@type":"Article","@id":"https:\/\/uvbbrasil.com.br\/vereadores-de-lucas-rio-verde-aprovam-dois-projetos-e-apresentam-seis-indicacoes-ao-executivo\/#article","isPartOf":{"@id":"https:\/\/uvbbrasil.com.br\/vereadores-de-lucas-rio-verde-aprovam-dois-projetos-e-apresentam-seis-indicacoes-ao-executivo\/"},"author":{"name":"adminuvb","@id":"https:\/\/uvbbrasil.com.br\/#\/schema\/person\/17990098446c098f52effddff4f1b272"},"headline":"Vereadores de Lucas do Rio Verde aprovam dois projetos e apresentam seis indica\u00e7\u00f5es ao Executivo","datePublished":"2017-07-05T10:52:52+00:00","mainEntityOfPage":{"@id":"https:\/\/uvbbrasil.com.br\/vereadores-de-lucas-rio-verde-aprovam-dois-projetos-e-apresentam-seis-indicacoes-ao-executivo\/"},"wordCount":446,"commentCount":0,"publisher":{"@id":"https:\/\/uvbbrasil.com.br\/#organization"},"image":{"@id":"https:\/\/uvbbrasil.com.br\/vereadores-de-lucas-rio-verde-aprovam-dois-projetos-e-apresentam-seis-indicacoes-ao-executivo\/#primaryimage"},"thumbnailUrl":"https:\/\/uvbbrasil.com.br\/wp-content\/uploads\/2017\/07\/2-26.jpg","articleSection":["NOT\u00cdCIAS"],"inLanguage":"pt-BR","potentialAction":[{"@type":"CommentAction","name":"Comment","target":["https:\/\/uvbbrasil.com.br\/vereadores-de-lucas-rio-verde-aprovam-dois-projetos-e-apresentam-seis-indicacoes-ao-executivo\/#respond"]}]},{"@type":"WebPage","@id":"https:\/\/uvbbrasil.com.br\/vereadores-de-lucas-rio-verde-aprovam-dois-projetos-e-apresentam-seis-indicacoes-ao-executivo\/","url":"https:\/\/uvbbrasil.com.br\/vereadores-de-lucas-rio-verde-aprovam-dois-projetos-e-apresentam-seis-indicacoes-ao-executivo\/","name":"Vereadores de Lucas do Rio Verde aprovam dois projetos e apresentam seis indica\u00e7\u00f5es ao Executivo - UVB Brasil","isPartOf":{"@id":"https:\/\/uvbbrasil.com.br\/#website"},"primaryImageOfPage":{"@id":"https:\/\/uvbbrasil.com.br\/vereadores-de-lucas-rio-verde-aprovam-dois-projetos-e-apresentam-seis-indicacoes-ao-executivo\/#primaryimage"},"image":{"@id":"https:\/\/uvbbrasil.com.br\/vereadores-de-lucas-rio-verde-aprovam-dois-projetos-e-apresentam-seis-indicacoes-ao-executivo\/#primaryimage"},"thumbnailUrl":"https:\/\/uvbbrasil.com.br\/wp-content\/uploads\/2017\/07\/2-26.jpg","datePublished":"2017-07-05T10:52:52+00:00","breadcrumb":{"@id":"https:\/\/uvbbrasil.com.br\/vereadores-de-lucas-rio-verde-aprovam-dois-projetos-e-apresentam-seis-indicacoes-ao-executivo\/#breadcrumb"},"inLanguage":"pt-BR","potentialAction":[{"@type":"ReadAction","target":["https:\/\/uvbbrasil.com.br\/vereadores-de-lucas-rio-verde-aprovam-dois-projetos-e-apresentam-seis-indicacoes-ao-executivo\/"]}]},{"@type":"ImageObject","inLanguage":"pt-BR","@id":"https:\/\/uvbbrasil.com.br\/vereadores-de-lucas-rio-verde-aprovam-dois-projetos-e-apresentam-seis-indicacoes-ao-executivo\/#primaryimage","url":"https:\/\/uvbbrasil.com.br\/wp-content\/uploads\/2017\/07\/2-26.jpg","contentUrl":"https:\/\/uvbbrasil.com.br\/wp-content\/uploads\/2017\/07\/2-26.jpg","width":745,"height":444},{"@type":"BreadcrumbList","@id":"https:\/\/uvbbrasil.com.br\/vereadores-de-lucas-rio-verde-aprovam-dois-projetos-e-apresentam-seis-indicacoes-ao-executivo\/#breadcrumb","itemListElement":[{"@type":"ListItem","position":1,"name":"In\u00edcio","item":"https:\/\/uvbbrasil.com.br\/"},{"@type":"ListItem","position":2,"name":"Vereadores de Lucas do Rio Verde aprovam dois projetos e apresentam seis indica\u00e7\u00f5es ao Executivo"}]},{"@type":"WebSite","@id":"https:\/\/uvbbrasil.com.br\/#website","url":"https:\/\/uvbbrasil.com.br\/","name":"UVB Brasil","description":"Uni\u00e3o dos Vereadores do Brasil","publisher":{"@id":"https:\/\/uvbbrasil.com.br\/#organization"},"potentialAction":[{"@type":"SearchAction","target":{"@type":"EntryPoint","urlTemplate":"https:\/\/uvbbrasil.com.br\/?s={search_term_string}"},"query-input":{"@type":"PropertyValueSpecification","valueRequired":true,"valueName":"search_term_string"}}],"inLanguage":"pt-BR"},{"@type":"Organization","@id":"https:\/\/uvbbrasil.com.br\/#organization","name":"UVB Brasil","url":"https:\/\/uvbbrasil.com.br\/","logo":{"@type":"ImageObject","inLanguage":"pt-BR","@id":"https:\/\/uvbbrasil.com.br\/#\/schema\/logo\/image\/","url":"https:\/\/uvbbrasil.com.br\/wp-content\/uploads\/2025\/01\/LOGO-UVB-2024-azul-1.jpg","contentUrl":"https:\/\/uvbbrasil.com.br\/wp-content\/uploads\/2025\/01\/LOGO-UVB-2024-azul-1.jpg","width":600,"height":211,"caption":"UVB Brasil"},"image":{"@id":"https:\/\/uvbbrasil.com.br\/#\/schema\/logo\/image\/"},"sameAs":["https:\/\/www.facebook.com\/uvb.vereadoresbrasil","https:\/\/www.instagram.com\/uvbbrasil\/","https:\/\/www.youtube.com\/channel\/UCIlPQ8Xzw5GHNzosQIg9S5A"]},{"@type":"Person","@id":"https:\/\/uvbbrasil.com.br\/#\/schema\/person\/17990098446c098f52effddff4f1b272","name":"adminuvb","image":{"@type":"ImageObject","inLanguage":"pt-BR","@id":"https:\/\/uvbbrasil.com.br\/#\/schema\/person\/image\/","url":"https:\/\/secure.gravatar.com\/avatar\/1a494ea6f8e2dd1ae526e55b0e9497efdba542491e0620d704cccf63c6f77c45?s=96&d=mm&r=g","contentUrl":"https:\/\/secure.gravatar.com\/avatar\/1a494ea6f8e2dd1ae526e55b0e9497efdba542491e0620d704cccf63c6f77c45?s=96&d=mm&r=g","caption":"adminuvb"},"sameAs":["https:\/\/uvbbrasil.com.br"],"url":"https:\/\/uvbbrasil.com.br\/author\/adminuvb\/"}]}},"_links":{"self":[{"href":"https:\/\/uvbbrasil.com.br\/uvb-json\/wp\/v2\/posts\/7176","targetHints":{"allow":["GET"]}}],"collection":[{"href":"https:\/\/uvbbrasil.com.br\/uvb-json\/wp\/v2\/posts"}],"about":[{"href":"https:\/\/uvbbrasil.com.br\/uvb-json\/wp\/v2\/types\/post"}],"author":[{"embeddable":true,"href":"https:\/\/uvbbrasil.com.br\/uvb-json\/wp\/v2\/users\/1"}],"replies":[{"embeddable":true,"href":"https:\/\/uvbbrasil.com.br\/uvb-json\/wp\/v2\/comments?post=7176"}],"version-history":[{"count":0,"href":"https:\/\/uvbbrasil.com.br\/uvb-json\/wp\/v2\/posts\/7176\/revisions"}],"wp:featuredmedia":[{"embeddable":true,"href":"https:\/\/uvbbrasil.com.br\/uvb-json\/wp\/v2\/media\/7177"}],"wp:attachment":[{"href":"https:\/\/uvbbrasil.com.br\/uvb-json\/wp\/v2\/media?parent=7176"}],"wp:term":[{"taxonomy":"category","embeddable":true,"href":"https:\/\/uvbbrasil.com.br\/uvb-json\/wp\/v2\/categories?post=7176"},{"taxonomy":"post_tag","embeddable":true,"href":"https:\/\/uvbbrasil.com.br\/uvb-json\/wp\/v2\/tags?post=7176"}],"curies":[{"name":"wp","href":"https:\/\/api.w.org\/{rel}","templated":true}]}}