{"id":7173,"date":"2017-07-05T07:49:52","date_gmt":"2017-07-05T10:49:52","guid":{"rendered":"https:\/\/wpsandbox4.pante.com.br\/?p=7173"},"modified":"2017-07-05T07:49:52","modified_gmt":"2017-07-05T10:49:52","slug":"sessoes-na-camara-de-vereadores-comecarao-mais-tarde-em-forquilhinha","status":"publish","type":"post","link":"https:\/\/uvbbrasil.com.br\/sessoes-na-camara-de-vereadores-comecarao-mais-tarde-em-forquilhinha\/","title":{"rendered":"Sess\u00f5es na C\u00e2mara de Vereadores come\u00e7ar\u00e3o mais tarde em Forquilhinha"},"content":{"rendered":"<p>Os vereadores aprovaram na sess\u00e3o desta segunda-feira, 3, um projeto de resolu\u00e7\u00e3o para alterar dispositivos do regimento interno da C\u00e2mara Municipal de Forquilhinha. Entre as mudan\u00e7as, est\u00e1 o hor\u00e1rio de in\u00edcio da sess\u00e3o, que passa a ser realizada a partir da pr\u00f3xima semana, \u00e0s 18h30min e n\u00e3o mais \u00e0s 18h.<\/p>\n<div class=\"Parceiros proadszone-859 wpproadgrid center_pas\">\n<div>\n<div class=\"grid_container  grid_container_859\"><\/div>\n<div class=\"grid_container  grid_container_859\"><\/div>\n<div class=\"grid_container  grid_container_859\"><\/div>\n<div class=\"grid_container  grid_container_859\"><\/div>\n<div><\/div>\n<div><strong>HINO DO MUNIC\u00cdPIO<\/strong><\/div>\n<\/div>\n<\/div>\n<p>Nesta segunda-feira, o Hino do Munic\u00edpio de Forquilhinha foi executado pela primeira vez, antes do in\u00edcio da sess\u00e3o ordin\u00e1ria. O projeto de resolu\u00e7\u00e3o, de autoria do vereador Leandro Loch, foi aprovado na sess\u00e3o da semana passada.<\/p>\n<h2><strong>HOMENAGEM<\/strong><\/h2>\n<p>Algumas ruas de Forquilhinha, que ainda n\u00e3o possuem nome, a partir de projetos de lei est\u00e3o recebendo nomes, que s\u00e3o homenagens a pessoas j\u00e1 falecidas, mas que fizeram parte da hist\u00f3ria da cidade. Nesta segunda, familiares acompanharam a homenagem a Saudi Felipe Josefino. Os vereadores aprovaram o projeto de lei, que deu o nome do morador a uma rua, localizada no bairro Ouro Negro.<\/p>\n<h2><strong>REQUERIMENTOS<\/strong><\/h2>\n<h3><strong>VEREADOR PEDE ATEN\u00c7\u00c3O EM PRONTOS SOCORROS<\/strong><\/h3>\n<p>O vereador Juarez de Oliveira (PP) sugeriu, por meio de um requerimento, o envio de of\u00edcio ao Procurador da Rep\u00fablica, Anderson Lodetti de Oliveira, solicitando interfer\u00eancia urgente nos servi\u00e7os de sa\u00fade praticados por profissionais nas unidades de pronto socorro hospitalares da regi\u00e3o sul. \u201cS\u00e3o in\u00fameros casos, principalmente de pacientes que necessitam dos servi\u00e7os de ortopedia e que reclamam do atendimento e a falta de respeito com as pessoas\u201d, justificou o vereador.<\/p>\n<h2><strong>INDICA\u00c7\u00d5ES<\/strong><\/h2>\n<h3><strong>MAPA CADASTRAL<\/strong><\/h3>\n<p>O vereador Maciel da Soler (PMDB) solicitou a elabora\u00e7\u00e3o de Mapa Cadastral do Munic\u00edpio com a \u00e1rea, as limita\u00e7\u00f5es definidas dos quatro lados de cada bairro, vilas e comunidades com as rela\u00e7\u00f5es lim\u00edtrofes dos seus vizinhos em toda a composi\u00e7\u00e3o territorial do nosso Munic\u00edpio, principalmente para a linha S\u00e3o Jos\u00e9. Os moradores reclamam que existem muitas informa\u00e7\u00f5es desencontradas que nem sempre espelham a realidade. \u201cO Poder P\u00fablico possui um cadastro dos contribuintes, por\u00e9m as empresas possuem informa\u00e7\u00f5es em seus cadastros diferentes quanto ao endere\u00e7o em termos de bairros ou divis\u00f5es das comunidades da regi\u00e3o rural\u201d, explicou Da Soler.<\/p>\n<h3><strong>ISEN\u00c7\u00c3O IPTU<\/strong><\/h3>\n<p>Por meio de uma indica\u00e7\u00e3o, o vereador Juarez de Oliveira (PP) solicitou a elabora\u00e7\u00e3o de um projeto de lei, que prev\u00ea incentivo fiscal como isen\u00e7\u00e3o de IPTU e taxa de lixo aos Centros Comunit\u00e1rios e Sedes Esportivas de Associa\u00e7\u00f5es de Moradores. Ele tamb\u00e9m sugeriu um estudo de viabilidade para transformar os valores da energia consumida nos centros comunit\u00e1rios e sedes Esportivas, em energia de ilumina\u00e7\u00e3o p\u00fablica.<\/p>\n<h3><strong>REVITALIZA\u00c7\u00c3O DA PRA\u00c7A DOS IMIGRANTES ALEM\u00c3ES<\/strong><\/h3>\n<p>O vereador Maciel da Soler (PMDB) sugeriu ao Poder Executivo, a revitaliza\u00e7\u00e3o da Pra\u00e7a dos Imigrantes Alem\u00e3es, com projeto de urbaniza\u00e7\u00e3o e paisagismo. \u201cNossa pra\u00e7a central \u00e9 um local muito frequentado por moradores de Forquilhinha e visitantes de cidades vizinhas, por isso precisamos trabalhar o aspecto visual da pra\u00e7a com o intuito de embeleza-la, melhorando assim esse grande cart\u00e3o postal do munic\u00edpio\u201d, justificou o vereador.<\/p>\n<h3><strong>INCENTIVO<\/strong><\/h3>\n<p>Educa\u00e7\u00e3o e sa\u00fade. O vereador \u00c9rico D\u2019Amorim (PSD) fez uma indica\u00e7\u00e3o ao Munic\u00edpio, para que seja estudada a viabilidade de incentivar com bolsas de estudos, os alunos da cidade que queiram fazer o curso superior de medicina ou cursos de especializa\u00e7\u00f5es, necess\u00e1rias para atuar nas unidades de Sa\u00fade. \u201cDesde a instala\u00e7\u00e3o do munic\u00edpio se observa a dificuldade de termos um quadro completo de profissionais que atuem com voca\u00e7\u00e3o de pol\u00edtica p\u00fablica de sa\u00fade a favor da preven\u00e7\u00e3o e n\u00e3o apenas de prescri\u00e7\u00e3o de medicamentos\u201d, explicou o vereador.<\/p>\n<p>&nbsp;<\/p>\n<p>&nbsp;<\/p>\n<p>Fonte: FORQUILHINHA NOT\u00cdCIAS<\/p>\n<div class=\"fly-but-wrap left relative\"><\/div>\n<div class=\"nav-logo left\"><\/div>\n","protected":false},"excerpt":{"rendered":"<p>Os vereadores aprovaram na sess\u00e3o desta segunda-feira, 3, um projeto de resolu\u00e7\u00e3o para alterar dispositivos do regimento interno da C\u00e2mara&#8230;<\/p>\n","protected":false},"author":1,"featured_media":7174,"comment_status":"open","ping_status":"open","sticky":false,"template":"","format":"standard","meta":{"footnotes":""},"categories":[3],"tags":[],"class_list":["post-7173","post","type-post","status-publish","format-standard","has-post-thumbnail","hentry","category-noticias"],"yoast_head":"<!-- This site is optimized with the Yoast SEO plugin v26.7 - https:\/\/yoast.com\/wordpress\/plugins\/seo\/ -->\n<title>Sess\u00f5es na C\u00e2mara de Vereadores come\u00e7ar\u00e3o mais tarde em Forquilhinha - UVB Brasil<\/title>\n<meta name=\"robots\" content=\"index, follow, max-snippet:-1, max-image-preview:large, max-video-preview:-1\" \/>\n<link rel=\"canonical\" href=\"https:\/\/uvbbrasil.com.br\/sessoes-na-camara-de-vereadores-comecarao-mais-tarde-em-forquilhinha\/\" \/>\n<meta property=\"og:locale\" content=\"pt_BR\" \/>\n<meta property=\"og:type\" content=\"article\" \/>\n<meta property=\"og:title\" content=\"Sess\u00f5es na C\u00e2mara de Vereadores come\u00e7ar\u00e3o mais tarde em Forquilhinha - UVB Brasil\" \/>\n<meta property=\"og:description\" content=\"Os vereadores aprovaram na sess\u00e3o desta segunda-feira, 3, um projeto de resolu\u00e7\u00e3o para alterar dispositivos do regimento interno da C\u00e2mara...\" \/>\n<meta property=\"og:url\" content=\"https:\/\/uvbbrasil.com.br\/sessoes-na-camara-de-vereadores-comecarao-mais-tarde-em-forquilhinha\/\" \/>\n<meta property=\"og:site_name\" content=\"UVB Brasil\" \/>\n<meta property=\"article:publisher\" content=\"https:\/\/www.facebook.com\/uvb.vereadoresbrasil\" \/>\n<meta property=\"article:published_time\" content=\"2017-07-05T10:49:52+00:00\" \/>\n<meta property=\"og:image\" content=\"https:\/\/uvbbrasil.com.br\/wp-content\/uploads\/2017\/07\/maciel-1.jpg\" \/>\n\t<meta property=\"og:image:width\" content=\"2048\" \/>\n\t<meta property=\"og:image:height\" content=\"1151\" \/>\n\t<meta property=\"og:image:type\" content=\"image\/jpeg\" \/>\n<meta name=\"author\" content=\"adminuvb\" \/>\n<meta name=\"twitter:card\" content=\"summary_large_image\" \/>\n<meta name=\"twitter:label1\" content=\"Escrito por\" \/>\n\t<meta name=\"twitter:data1\" content=\"adminuvb\" \/>\n\t<meta name=\"twitter:label2\" content=\"Est. tempo de leitura\" \/>\n\t<meta name=\"twitter:data2\" content=\"3 minutos\" \/>\n<script type=\"application\/ld+json\" class=\"yoast-schema-graph\">{\"@context\":\"https:\/\/schema.org\",\"@graph\":[{\"@type\":\"Article\",\"@id\":\"https:\/\/uvbbrasil.com.br\/sessoes-na-camara-de-vereadores-comecarao-mais-tarde-em-forquilhinha\/#article\",\"isPartOf\":{\"@id\":\"https:\/\/uvbbrasil.com.br\/sessoes-na-camara-de-vereadores-comecarao-mais-tarde-em-forquilhinha\/\"},\"author\":{\"name\":\"adminuvb\",\"@id\":\"https:\/\/uvbbrasil.com.br\/#\/schema\/person\/17990098446c098f52effddff4f1b272\"},\"headline\":\"Sess\u00f5es na C\u00e2mara de Vereadores come\u00e7ar\u00e3o mais tarde em Forquilhinha\",\"datePublished\":\"2017-07-05T10:49:52+00:00\",\"mainEntityOfPage\":{\"@id\":\"https:\/\/uvbbrasil.com.br\/sessoes-na-camara-de-vereadores-comecarao-mais-tarde-em-forquilhinha\/\"},\"wordCount\":663,\"commentCount\":0,\"publisher\":{\"@id\":\"https:\/\/uvbbrasil.com.br\/#organization\"},\"image\":{\"@id\":\"https:\/\/uvbbrasil.com.br\/sessoes-na-camara-de-vereadores-comecarao-mais-tarde-em-forquilhinha\/#primaryimage\"},\"thumbnailUrl\":\"https:\/\/uvbbrasil.com.br\/wp-content\/uploads\/2017\/07\/maciel-1.jpg\",\"articleSection\":[\"NOT\u00cdCIAS\"],\"inLanguage\":\"pt-BR\",\"potentialAction\":[{\"@type\":\"CommentAction\",\"name\":\"Comment\",\"target\":[\"https:\/\/uvbbrasil.com.br\/sessoes-na-camara-de-vereadores-comecarao-mais-tarde-em-forquilhinha\/#respond\"]}]},{\"@type\":\"WebPage\",\"@id\":\"https:\/\/uvbbrasil.com.br\/sessoes-na-camara-de-vereadores-comecarao-mais-tarde-em-forquilhinha\/\",\"url\":\"https:\/\/uvbbrasil.com.br\/sessoes-na-camara-de-vereadores-comecarao-mais-tarde-em-forquilhinha\/\",\"name\":\"Sess\u00f5es na C\u00e2mara de Vereadores come\u00e7ar\u00e3o mais tarde em Forquilhinha - UVB Brasil\",\"isPartOf\":{\"@id\":\"https:\/\/uvbbrasil.com.br\/#website\"},\"primaryImageOfPage\":{\"@id\":\"https:\/\/uvbbrasil.com.br\/sessoes-na-camara-de-vereadores-comecarao-mais-tarde-em-forquilhinha\/#primaryimage\"},\"image\":{\"@id\":\"https:\/\/uvbbrasil.com.br\/sessoes-na-camara-de-vereadores-comecarao-mais-tarde-em-forquilhinha\/#primaryimage\"},\"thumbnailUrl\":\"https:\/\/uvbbrasil.com.br\/wp-content\/uploads\/2017\/07\/maciel-1.jpg\",\"datePublished\":\"2017-07-05T10:49:52+00:00\",\"breadcrumb\":{\"@id\":\"https:\/\/uvbbrasil.com.br\/sessoes-na-camara-de-vereadores-comecarao-mais-tarde-em-forquilhinha\/#breadcrumb\"},\"inLanguage\":\"pt-BR\",\"potentialAction\":[{\"@type\":\"ReadAction\",\"target\":[\"https:\/\/uvbbrasil.com.br\/sessoes-na-camara-de-vereadores-comecarao-mais-tarde-em-forquilhinha\/\"]}]},{\"@type\":\"ImageObject\",\"inLanguage\":\"pt-BR\",\"@id\":\"https:\/\/uvbbrasil.com.br\/sessoes-na-camara-de-vereadores-comecarao-mais-tarde-em-forquilhinha\/#primaryimage\",\"url\":\"https:\/\/uvbbrasil.com.br\/wp-content\/uploads\/2017\/07\/maciel-1.jpg\",\"contentUrl\":\"https:\/\/uvbbrasil.com.br\/wp-content\/uploads\/2017\/07\/maciel-1.jpg\",\"width\":2048,\"height\":1151},{\"@type\":\"BreadcrumbList\",\"@id\":\"https:\/\/uvbbrasil.com.br\/sessoes-na-camara-de-vereadores-comecarao-mais-tarde-em-forquilhinha\/#breadcrumb\",\"itemListElement\":[{\"@type\":\"ListItem\",\"position\":1,\"name\":\"In\u00edcio\",\"item\":\"https:\/\/uvbbrasil.com.br\/\"},{\"@type\":\"ListItem\",\"position\":2,\"name\":\"Sess\u00f5es na C\u00e2mara de Vereadores come\u00e7ar\u00e3o mais tarde em Forquilhinha\"}]},{\"@type\":\"WebSite\",\"@id\":\"https:\/\/uvbbrasil.com.br\/#website\",\"url\":\"https:\/\/uvbbrasil.com.br\/\",\"name\":\"UVB Brasil\",\"description\":\"Uni\u00e3o dos Vereadores do Brasil\",\"publisher\":{\"@id\":\"https:\/\/uvbbrasil.com.br\/#organization\"},\"potentialAction\":[{\"@type\":\"SearchAction\",\"target\":{\"@type\":\"EntryPoint\",\"urlTemplate\":\"https:\/\/uvbbrasil.com.br\/?s={search_term_string}\"},\"query-input\":{\"@type\":\"PropertyValueSpecification\",\"valueRequired\":true,\"valueName\":\"search_term_string\"}}],\"inLanguage\":\"pt-BR\"},{\"@type\":\"Organization\",\"@id\":\"https:\/\/uvbbrasil.com.br\/#organization\",\"name\":\"UVB Brasil\",\"url\":\"https:\/\/uvbbrasil.com.br\/\",\"logo\":{\"@type\":\"ImageObject\",\"inLanguage\":\"pt-BR\",\"@id\":\"https:\/\/uvbbrasil.com.br\/#\/schema\/logo\/image\/\",\"url\":\"https:\/\/uvbbrasil.com.br\/wp-content\/uploads\/2025\/01\/LOGO-UVB-2024-azul-1.jpg\",\"contentUrl\":\"https:\/\/uvbbrasil.com.br\/wp-content\/uploads\/2025\/01\/LOGO-UVB-2024-azul-1.jpg\",\"width\":600,\"height\":211,\"caption\":\"UVB Brasil\"},\"image\":{\"@id\":\"https:\/\/uvbbrasil.com.br\/#\/schema\/logo\/image\/\"},\"sameAs\":[\"https:\/\/www.facebook.com\/uvb.vereadoresbrasil\",\"https:\/\/www.instagram.com\/uvbbrasil\/\",\"https:\/\/www.youtube.com\/channel\/UCIlPQ8Xzw5GHNzosQIg9S5A\"]},{\"@type\":\"Person\",\"@id\":\"https:\/\/uvbbrasil.com.br\/#\/schema\/person\/17990098446c098f52effddff4f1b272\",\"name\":\"adminuvb\",\"image\":{\"@type\":\"ImageObject\",\"inLanguage\":\"pt-BR\",\"@id\":\"https:\/\/uvbbrasil.com.br\/#\/schema\/person\/image\/\",\"url\":\"https:\/\/secure.gravatar.com\/avatar\/1a494ea6f8e2dd1ae526e55b0e9497efdba542491e0620d704cccf63c6f77c45?s=96&d=mm&r=g\",\"contentUrl\":\"https:\/\/secure.gravatar.com\/avatar\/1a494ea6f8e2dd1ae526e55b0e9497efdba542491e0620d704cccf63c6f77c45?s=96&d=mm&r=g\",\"caption\":\"adminuvb\"},\"sameAs\":[\"https:\/\/uvbbrasil.com.br\"],\"url\":\"https:\/\/uvbbrasil.com.br\/author\/adminuvb\/\"}]}<\/script>\n<!-- \/ Yoast SEO plugin. -->","yoast_head_json":{"title":"Sess\u00f5es na C\u00e2mara de Vereadores come\u00e7ar\u00e3o mais tarde em Forquilhinha - UVB Brasil","robots":{"index":"index","follow":"follow","max-snippet":"max-snippet:-1","max-image-preview":"max-image-preview:large","max-video-preview":"max-video-preview:-1"},"canonical":"https:\/\/uvbbrasil.com.br\/sessoes-na-camara-de-vereadores-comecarao-mais-tarde-em-forquilhinha\/","og_locale":"pt_BR","og_type":"article","og_title":"Sess\u00f5es na C\u00e2mara de Vereadores come\u00e7ar\u00e3o mais tarde em Forquilhinha - UVB Brasil","og_description":"Os vereadores aprovaram na sess\u00e3o desta segunda-feira, 3, um projeto de resolu\u00e7\u00e3o para alterar dispositivos do regimento interno da C\u00e2mara...","og_url":"https:\/\/uvbbrasil.com.br\/sessoes-na-camara-de-vereadores-comecarao-mais-tarde-em-forquilhinha\/","og_site_name":"UVB Brasil","article_publisher":"https:\/\/www.facebook.com\/uvb.vereadoresbrasil","article_published_time":"2017-07-05T10:49:52+00:00","og_image":[{"width":2048,"height":1151,"url":"https:\/\/uvbbrasil.com.br\/wp-content\/uploads\/2017\/07\/maciel-1.jpg","type":"image\/jpeg"}],"author":"adminuvb","twitter_card":"summary_large_image","twitter_misc":{"Escrito por":"adminuvb","Est. tempo de leitura":"3 minutos"},"schema":{"@context":"https:\/\/schema.org","@graph":[{"@type":"Article","@id":"https:\/\/uvbbrasil.com.br\/sessoes-na-camara-de-vereadores-comecarao-mais-tarde-em-forquilhinha\/#article","isPartOf":{"@id":"https:\/\/uvbbrasil.com.br\/sessoes-na-camara-de-vereadores-comecarao-mais-tarde-em-forquilhinha\/"},"author":{"name":"adminuvb","@id":"https:\/\/uvbbrasil.com.br\/#\/schema\/person\/17990098446c098f52effddff4f1b272"},"headline":"Sess\u00f5es na C\u00e2mara de Vereadores come\u00e7ar\u00e3o mais tarde em Forquilhinha","datePublished":"2017-07-05T10:49:52+00:00","mainEntityOfPage":{"@id":"https:\/\/uvbbrasil.com.br\/sessoes-na-camara-de-vereadores-comecarao-mais-tarde-em-forquilhinha\/"},"wordCount":663,"commentCount":0,"publisher":{"@id":"https:\/\/uvbbrasil.com.br\/#organization"},"image":{"@id":"https:\/\/uvbbrasil.com.br\/sessoes-na-camara-de-vereadores-comecarao-mais-tarde-em-forquilhinha\/#primaryimage"},"thumbnailUrl":"https:\/\/uvbbrasil.com.br\/wp-content\/uploads\/2017\/07\/maciel-1.jpg","articleSection":["NOT\u00cdCIAS"],"inLanguage":"pt-BR","potentialAction":[{"@type":"CommentAction","name":"Comment","target":["https:\/\/uvbbrasil.com.br\/sessoes-na-camara-de-vereadores-comecarao-mais-tarde-em-forquilhinha\/#respond"]}]},{"@type":"WebPage","@id":"https:\/\/uvbbrasil.com.br\/sessoes-na-camara-de-vereadores-comecarao-mais-tarde-em-forquilhinha\/","url":"https:\/\/uvbbrasil.com.br\/sessoes-na-camara-de-vereadores-comecarao-mais-tarde-em-forquilhinha\/","name":"Sess\u00f5es na C\u00e2mara de Vereadores come\u00e7ar\u00e3o mais tarde em Forquilhinha - UVB Brasil","isPartOf":{"@id":"https:\/\/uvbbrasil.com.br\/#website"},"primaryImageOfPage":{"@id":"https:\/\/uvbbrasil.com.br\/sessoes-na-camara-de-vereadores-comecarao-mais-tarde-em-forquilhinha\/#primaryimage"},"image":{"@id":"https:\/\/uvbbrasil.com.br\/sessoes-na-camara-de-vereadores-comecarao-mais-tarde-em-forquilhinha\/#primaryimage"},"thumbnailUrl":"https:\/\/uvbbrasil.com.br\/wp-content\/uploads\/2017\/07\/maciel-1.jpg","datePublished":"2017-07-05T10:49:52+00:00","breadcrumb":{"@id":"https:\/\/uvbbrasil.com.br\/sessoes-na-camara-de-vereadores-comecarao-mais-tarde-em-forquilhinha\/#breadcrumb"},"inLanguage":"pt-BR","potentialAction":[{"@type":"ReadAction","target":["https:\/\/uvbbrasil.com.br\/sessoes-na-camara-de-vereadores-comecarao-mais-tarde-em-forquilhinha\/"]}]},{"@type":"ImageObject","inLanguage":"pt-BR","@id":"https:\/\/uvbbrasil.com.br\/sessoes-na-camara-de-vereadores-comecarao-mais-tarde-em-forquilhinha\/#primaryimage","url":"https:\/\/uvbbrasil.com.br\/wp-content\/uploads\/2017\/07\/maciel-1.jpg","contentUrl":"https:\/\/uvbbrasil.com.br\/wp-content\/uploads\/2017\/07\/maciel-1.jpg","width":2048,"height":1151},{"@type":"BreadcrumbList","@id":"https:\/\/uvbbrasil.com.br\/sessoes-na-camara-de-vereadores-comecarao-mais-tarde-em-forquilhinha\/#breadcrumb","itemListElement":[{"@type":"ListItem","position":1,"name":"In\u00edcio","item":"https:\/\/uvbbrasil.com.br\/"},{"@type":"ListItem","position":2,"name":"Sess\u00f5es na C\u00e2mara de Vereadores come\u00e7ar\u00e3o mais tarde em Forquilhinha"}]},{"@type":"WebSite","@id":"https:\/\/uvbbrasil.com.br\/#website","url":"https:\/\/uvbbrasil.com.br\/","name":"UVB Brasil","description":"Uni\u00e3o dos Vereadores do Brasil","publisher":{"@id":"https:\/\/uvbbrasil.com.br\/#organization"},"potentialAction":[{"@type":"SearchAction","target":{"@type":"EntryPoint","urlTemplate":"https:\/\/uvbbrasil.com.br\/?s={search_term_string}"},"query-input":{"@type":"PropertyValueSpecification","valueRequired":true,"valueName":"search_term_string"}}],"inLanguage":"pt-BR"},{"@type":"Organization","@id":"https:\/\/uvbbrasil.com.br\/#organization","name":"UVB Brasil","url":"https:\/\/uvbbrasil.com.br\/","logo":{"@type":"ImageObject","inLanguage":"pt-BR","@id":"https:\/\/uvbbrasil.com.br\/#\/schema\/logo\/image\/","url":"https:\/\/uvbbrasil.com.br\/wp-content\/uploads\/2025\/01\/LOGO-UVB-2024-azul-1.jpg","contentUrl":"https:\/\/uvbbrasil.com.br\/wp-content\/uploads\/2025\/01\/LOGO-UVB-2024-azul-1.jpg","width":600,"height":211,"caption":"UVB Brasil"},"image":{"@id":"https:\/\/uvbbrasil.com.br\/#\/schema\/logo\/image\/"},"sameAs":["https:\/\/www.facebook.com\/uvb.vereadoresbrasil","https:\/\/www.instagram.com\/uvbbrasil\/","https:\/\/www.youtube.com\/channel\/UCIlPQ8Xzw5GHNzosQIg9S5A"]},{"@type":"Person","@id":"https:\/\/uvbbrasil.com.br\/#\/schema\/person\/17990098446c098f52effddff4f1b272","name":"adminuvb","image":{"@type":"ImageObject","inLanguage":"pt-BR","@id":"https:\/\/uvbbrasil.com.br\/#\/schema\/person\/image\/","url":"https:\/\/secure.gravatar.com\/avatar\/1a494ea6f8e2dd1ae526e55b0e9497efdba542491e0620d704cccf63c6f77c45?s=96&d=mm&r=g","contentUrl":"https:\/\/secure.gravatar.com\/avatar\/1a494ea6f8e2dd1ae526e55b0e9497efdba542491e0620d704cccf63c6f77c45?s=96&d=mm&r=g","caption":"adminuvb"},"sameAs":["https:\/\/uvbbrasil.com.br"],"url":"https:\/\/uvbbrasil.com.br\/author\/adminuvb\/"}]}},"_links":{"self":[{"href":"https:\/\/uvbbrasil.com.br\/uvb-json\/wp\/v2\/posts\/7173","targetHints":{"allow":["GET"]}}],"collection":[{"href":"https:\/\/uvbbrasil.com.br\/uvb-json\/wp\/v2\/posts"}],"about":[{"href":"https:\/\/uvbbrasil.com.br\/uvb-json\/wp\/v2\/types\/post"}],"author":[{"embeddable":true,"href":"https:\/\/uvbbrasil.com.br\/uvb-json\/wp\/v2\/users\/1"}],"replies":[{"embeddable":true,"href":"https:\/\/uvbbrasil.com.br\/uvb-json\/wp\/v2\/comments?post=7173"}],"version-history":[{"count":0,"href":"https:\/\/uvbbrasil.com.br\/uvb-json\/wp\/v2\/posts\/7173\/revisions"}],"wp:featuredmedia":[{"embeddable":true,"href":"https:\/\/uvbbrasil.com.br\/uvb-json\/wp\/v2\/media\/7174"}],"wp:attachment":[{"href":"https:\/\/uvbbrasil.com.br\/uvb-json\/wp\/v2\/media?parent=7173"}],"wp:term":[{"taxonomy":"category","embeddable":true,"href":"https:\/\/uvbbrasil.com.br\/uvb-json\/wp\/v2\/categories?post=7173"},{"taxonomy":"post_tag","embeddable":true,"href":"https:\/\/uvbbrasil.com.br\/uvb-json\/wp\/v2\/tags?post=7173"}],"curies":[{"name":"wp","href":"https:\/\/api.w.org\/{rel}","templated":true}]}}