{"id":6924,"date":"2017-06-21T07:43:21","date_gmt":"2017-06-21T10:43:21","guid":{"rendered":"https:\/\/wpsandbox4.pante.com.br\/?p=6924"},"modified":"2017-06-21T07:43:21","modified_gmt":"2017-06-21T10:43:21","slug":"vereadores-de-formiga-arquivam-projeto-que-acabava-com-diarias-de-viagens-dos-parlamentares","status":"publish","type":"post","link":"https:\/\/uvbbrasil.com.br\/vereadores-de-formiga-arquivam-projeto-que-acabava-com-diarias-de-viagens-dos-parlamentares\/","title":{"rendered":"Vereadores de Formiga arquivam projeto que acabava com di\u00e1rias de viagens dos parlamentares"},"content":{"rendered":"<h2 class=\"content-head__subtitle\">A proposta foi reprovada por tr\u00eas comiss\u00f5es do Legislativo. O autor do &#8220;Di\u00e1ria Zero&#8221; informou que vai reformular outro projeto de lei.<\/h2>\n<p>&nbsp;<\/p>\n<div class=\"mc-column content-text active-extra-styles active-capital-letter\" data-block-type=\"unstyled\" data-block-weight=\"44\">\n<p class=\"content-text__container theme-color-primary-first-letter\" data-track-category=\"Link no Texto\" data-track-links=\"\">C\u00e2mara Municipal de Formiga arquivou durante reuni\u00e3o ordin\u00e1ria nesta segunda-feira (19), o Projeto de Lei 028\/2017 chamado de \u201cDi\u00e1ria Zero\u201d, que acabaria com o benef\u00edcio concedido dos pol\u00edticos. Se tivesse sido aprovado, o legislativo teria uma economia de R$ 67 mil ao ano.<\/p>\n<\/div>\n<div class=\"mc-column content-text active-extra-styles \" data-block-type=\"unstyled\" data-block-weight=\"78\">\n<p class=\"content-text__container \" data-track-category=\"Link no Texto\" data-track-links=\"\">O autor do projeto, o vereador Jos\u00e9 Geraldo da Cunha, conhecido como &#8220;cabo Cunha&#8221;, n\u00e3o recebe o benef\u00edcio e contou que a motiva\u00e7\u00e3o do projeto foi porque cada vereador recebe por viagem no m\u00ednimo R$ 140 para a alimenta\u00e7\u00e3o. &#8220;O projeto previa este corte, j\u00e1 que o vereador tem carro com motorista e ainda tem o benef\u00edcio \u00e0 parte de hospedagem, passagens (quando n\u00e3o \u00e9 no carro oficial) e ped\u00e1gios. Ningu\u00e9m come R$ 140 em um dia\u201d, comentou.<\/p>\n<\/div>\n<div class=\"mc-column content-text active-extra-styles \" data-block-type=\"unstyled\" data-block-weight=\"57\">\n<p class=\"content-text__container \" data-track-category=\"Link no Texto\" data-track-links=\"\">O presidente da Comiss\u00e3o de Constitui\u00e7\u00e3o e Reda\u00e7\u00e3o da C\u00e2mara, o vereador Mauro C\u00e9sar Alves de Sousa, disse que o parecer das tr\u00eas comiss\u00f5es envolvidas foi de inconstitucionalidade e ilegalidade do projeto. \u201cNo artigo 191 do regimento interno prev\u00ea que qualquer proposi\u00e7\u00e3o que receba parecer contr\u00e1rio de todas as comiss\u00f5es ser\u00e1 considerada rejeitada e sumariamente arquivada\u201d, explicou.<\/p>\n<\/div>\n<div class=\"mc-column content-text active-extra-styles \" data-block-type=\"unstyled\" data-block-weight=\"31\">\n<p class=\"content-text__container \" data-track-category=\"Link no Texto\" data-track-links=\"\">Membros do &#8220;Movimento Todos por Formiga&#8221; protocolaram um documento com base na Lei de Acesso \u00e0 Informa\u00e7\u00e3o, atrav\u00e9s do qual pediram explica\u00e7\u00f5es \u00e0 C\u00e2mara sobre a situa\u00e7\u00e3o do Projeto Di\u00e1ria Zero.<\/p>\n<\/div>\n<div class=\"mc-column content-text active-extra-styles \" data-block-type=\"unstyled\" data-block-weight=\"37\">\n<p class=\"content-text__container \" data-track-category=\"Link no Texto\" data-track-links=\"\">O protocolo do documento ocorreu antes do arquivamento do projeto e era uma forma de pressionar os vereadores a apreciarem a mat\u00e9ria. Em fevereiro deste ano, ap\u00f3s press\u00e3o popular <a href=\"http:\/\/g1.globo.com\/mg\/centro-oeste\/noticia\/2017\/02\/vereadores-revogam-reajuste-dos-proprios-salarios-em-formiga.html\">os vereadores revogaram o aumento dos pr\u00f3prios sal\u00e1rios<\/a>.<\/p>\n<\/div>\n<div class=\"mc-column content-text active-extra-styles \" data-block-type=\"unstyled\" data-block-weight=\"56\">\n<p class=\"content-text__container \" data-track-category=\"Link no Texto\" data-track-links=\"\">De acordo com dados do Portal Transpar\u00eancia da C\u00e2mara, R$ 67 mil s\u00e3o distribu\u00eddos por ano aos vereadores em di\u00e1rias. Ao ano, tamb\u00e9m s\u00e3o disponibilizados, dividido para os dez vereadores, R$ 20 mil para hospedagem, R$ 10 mil para passagens e R$ 4.800 para o pagamento do ped\u00e1gio. O sal\u00e1rio dos parlamentares \u00e9 de R$ 6.491,28.<\/p>\n<\/div>\n<div class=\"content-ads content-ads--reveal\"><\/div>\n<div class=\"mc-column content-text active-extra-styles \" data-block-type=\"unstyled\" data-block-weight=\"43\">\n<p class=\"content-text__container \" data-track-category=\"Link no Texto\" data-track-links=\"\">Ainda de acordo com dados da C\u00e2mara, o valor previsto para a di\u00e1ria de viagens \u00e9 dividido em 11 meses, uma vez que em janeiro \u00e9 recesso dos vereadores e n\u00e3o h\u00e1 pagamento de di\u00e1rias. Mas no Portal Transpar\u00eancia, dois parlamentares solicitaram di\u00e1rias.<\/p>\n<\/div>\n<div class=\"mc-column content-text active-extra-styles\" data-block-type=\"raw\" data-block-weight=\"1\">\n<div class=\"content-intertitle\">\n<h2><strong>Gastos<\/strong><\/h2>\n<\/div>\n<\/div>\n<div class=\"mc-column content-text active-extra-styles \" data-block-type=\"unstyled\" data-block-weight=\"66\">\n<p class=\"content-text__container \" data-track-category=\"Link no Texto\" data-track-links=\"\">De acordo com dados do Portal Transpar\u00eancia, o gasto dos vereadores com di\u00e1rias em 2016 foi de R$ 20.455. O vereador Mauro C\u00e9sar foi o que mais gastou R$ 7.770 no ano passado e este ano tamb\u00e9m lidera o ranking. No portal, os dados dispon\u00edveis para consulta s\u00e3o de janeiro a abril. Neste per\u00edodo, Mauro gastou R$ 2.722, metade deste valor em apenas um \u00fanico m\u00eas.<\/p>\n<\/div>\n<div class=\"mc-column content-text active-extra-styles \" data-block-type=\"unstyled\" data-block-weight=\"41\">\n<p class=\"content-text__container \" data-track-category=\"Link no Texto\" data-track-links=\"\">Ao <strong>G1<\/strong>, o vereador disse que as viagens s\u00e3o para benef\u00edcio do munic\u00edpio. \u201cEstive em Bras\u00edlia com v\u00e1rias solicita\u00e7\u00f5es para melhorias em nossa cidade. Tenho a preocupa\u00e7\u00e3o de detalhar cada uma para mostrar tudo e n\u00e3o abrir brechas para d\u00favidas\u201d, justificou.<\/p>\n<\/div>\n<div class=\"mc-column content-text active-extra-styles \" data-block-type=\"unstyled\" data-block-weight=\"82\">\n<p class=\"content-text__container \" data-track-category=\"Link no Texto\" data-track-links=\"\">Na viagem onde foi gasto R$ 1.360, atrav\u00e9s do relat\u00f3rio apresentado no Portal da Transpar\u00eancia, Mauro alega ter ido a Belo Horizonte, ao gabinete de um deputado para solicitar apoio dele junto \u00e0 Empresa de Assist\u00eancia T\u00e9cnica e Extens\u00e3o Rural do Estado de Minas Gerais (EMATER-MG) visando benef\u00edcios como a libera\u00e7\u00e3o de ve\u00edculos novos para atendimento dos trabalhos da unidade em Formiga; disponibiliza\u00e7\u00e3o de mais um t\u00e9cnico, juntamente com um ve\u00edculo e um notebook para atuar na unidade da cidade, entre outros.<\/p>\n<\/div>\n<div class=\"mc-column content-text active-extra-styles \" data-block-type=\"unstyled\" data-block-weight=\"40\">\n<p class=\"content-text__container \" data-track-category=\"Link no Texto\" data-track-links=\"\">Cabo Cunha disse que ir\u00e1 reformular um novo projeto, mas desta vez reduzindo o valor das di\u00e1rias. Sobre isso, o vereador Mauro afirmou que este ano n\u00e3o pode ser apresentado nenhum projeto com este tema, somente no ano que vem.<\/p>\n<\/div>\n<p class=\"content-text__container \" data-track-category=\"Link no Texto\" data-track-links=\"\">\n<p class=\"content-text__container \" data-track-category=\"Link no Texto\" data-track-links=\"\">FONTE (G1)<\/p>\n","protected":false},"excerpt":{"rendered":"<p>A proposta foi reprovada por tr\u00eas comiss\u00f5es do Legislativo. O autor do &#8220;Di\u00e1ria Zero&#8221; informou que vai reformular outro projeto&#8230;<\/p>\n","protected":false},"author":1,"featured_media":6925,"comment_status":"open","ping_status":"open","sticky":false,"template":"","format":"standard","meta":{"footnotes":""},"categories":[3],"tags":[],"class_list":["post-6924","post","type-post","status-publish","format-standard","has-post-thumbnail","hentry","category-noticias"],"yoast_head":"<!-- This site is optimized with the Yoast SEO plugin v27.5 - https:\/\/yoast.com\/product\/yoast-seo-wordpress\/ -->\n<title>Vereadores de Formiga arquivam projeto que acabava com di\u00e1rias de viagens dos parlamentares - UVB Brasil<\/title>\n<meta name=\"robots\" content=\"index, follow, max-snippet:-1, max-image-preview:large, max-video-preview:-1\" \/>\n<link rel=\"canonical\" href=\"https:\/\/uvbbrasil.com.br\/vereadores-de-formiga-arquivam-projeto-que-acabava-com-diarias-de-viagens-dos-parlamentares\/\" \/>\n<meta property=\"og:locale\" content=\"pt_BR\" \/>\n<meta property=\"og:type\" content=\"article\" \/>\n<meta property=\"og:title\" content=\"Vereadores de Formiga arquivam projeto que acabava com di\u00e1rias de viagens dos parlamentares - UVB Brasil\" \/>\n<meta property=\"og:description\" content=\"A proposta foi reprovada por tr\u00eas comiss\u00f5es do Legislativo. O autor do &#8220;Di\u00e1ria Zero&#8221; informou que vai reformular outro projeto...\" \/>\n<meta property=\"og:url\" content=\"https:\/\/uvbbrasil.com.br\/vereadores-de-formiga-arquivam-projeto-que-acabava-com-diarias-de-viagens-dos-parlamentares\/\" \/>\n<meta property=\"og:site_name\" content=\"UVB Brasil\" \/>\n<meta property=\"article:publisher\" content=\"https:\/\/www.facebook.com\/uvb.vereadoresbrasil\" \/>\n<meta property=\"article:published_time\" content=\"2017-06-21T10:43:21+00:00\" \/>\n<meta property=\"og:image\" content=\"https:\/\/uvbbrasil.com.br\/wp-content\/uploads\/2017\/06\/img-2417-1.jpg\" \/>\n\t<meta property=\"og:image:width\" content=\"1000\" \/>\n\t<meta property=\"og:image:height\" content=\"474\" \/>\n\t<meta property=\"og:image:type\" content=\"image\/jpeg\" \/>\n<meta name=\"author\" content=\"adminuvb\" \/>\n<meta name=\"twitter:card\" content=\"summary_large_image\" \/>\n<meta name=\"twitter:label1\" content=\"Escrito por\" \/>\n\t<meta name=\"twitter:data1\" content=\"adminuvb\" \/>\n\t<meta name=\"twitter:label2\" content=\"Est. tempo de leitura\" \/>\n\t<meta name=\"twitter:data2\" content=\"3 minutos\" \/>\n<script type=\"application\/ld+json\" class=\"yoast-schema-graph\">{\"@context\":\"https:\\\/\\\/schema.org\",\"@graph\":[{\"@type\":\"Article\",\"@id\":\"https:\\\/\\\/uvbbrasil.com.br\\\/vereadores-de-formiga-arquivam-projeto-que-acabava-com-diarias-de-viagens-dos-parlamentares\\\/#article\",\"isPartOf\":{\"@id\":\"https:\\\/\\\/uvbbrasil.com.br\\\/vereadores-de-formiga-arquivam-projeto-que-acabava-com-diarias-de-viagens-dos-parlamentares\\\/\"},\"author\":{\"name\":\"adminuvb\",\"@id\":\"https:\\\/\\\/uvbbrasil.com.br\\\/#\\\/schema\\\/person\\\/17990098446c098f52effddff4f1b272\"},\"headline\":\"Vereadores de Formiga arquivam projeto que acabava com di\u00e1rias de viagens dos parlamentares\",\"datePublished\":\"2017-06-21T10:43:21+00:00\",\"mainEntityOfPage\":{\"@id\":\"https:\\\/\\\/uvbbrasil.com.br\\\/vereadores-de-formiga-arquivam-projeto-que-acabava-com-diarias-de-viagens-dos-parlamentares\\\/\"},\"wordCount\":674,\"commentCount\":0,\"publisher\":{\"@id\":\"https:\\\/\\\/uvbbrasil.com.br\\\/#organization\"},\"image\":{\"@id\":\"https:\\\/\\\/uvbbrasil.com.br\\\/vereadores-de-formiga-arquivam-projeto-que-acabava-com-diarias-de-viagens-dos-parlamentares\\\/#primaryimage\"},\"thumbnailUrl\":\"https:\\\/\\\/uvbbrasil.com.br\\\/wp-content\\\/uploads\\\/2017\\\/06\\\/img-2417-1.jpg\",\"articleSection\":[\"NOT\u00cdCIAS\"],\"inLanguage\":\"pt-BR\",\"potentialAction\":[{\"@type\":\"CommentAction\",\"name\":\"Comment\",\"target\":[\"https:\\\/\\\/uvbbrasil.com.br\\\/vereadores-de-formiga-arquivam-projeto-que-acabava-com-diarias-de-viagens-dos-parlamentares\\\/#respond\"]}]},{\"@type\":\"WebPage\",\"@id\":\"https:\\\/\\\/uvbbrasil.com.br\\\/vereadores-de-formiga-arquivam-projeto-que-acabava-com-diarias-de-viagens-dos-parlamentares\\\/\",\"url\":\"https:\\\/\\\/uvbbrasil.com.br\\\/vereadores-de-formiga-arquivam-projeto-que-acabava-com-diarias-de-viagens-dos-parlamentares\\\/\",\"name\":\"Vereadores de Formiga arquivam projeto que acabava com di\u00e1rias de viagens dos parlamentares - UVB Brasil\",\"isPartOf\":{\"@id\":\"https:\\\/\\\/uvbbrasil.com.br\\\/#website\"},\"primaryImageOfPage\":{\"@id\":\"https:\\\/\\\/uvbbrasil.com.br\\\/vereadores-de-formiga-arquivam-projeto-que-acabava-com-diarias-de-viagens-dos-parlamentares\\\/#primaryimage\"},\"image\":{\"@id\":\"https:\\\/\\\/uvbbrasil.com.br\\\/vereadores-de-formiga-arquivam-projeto-que-acabava-com-diarias-de-viagens-dos-parlamentares\\\/#primaryimage\"},\"thumbnailUrl\":\"https:\\\/\\\/uvbbrasil.com.br\\\/wp-content\\\/uploads\\\/2017\\\/06\\\/img-2417-1.jpg\",\"datePublished\":\"2017-06-21T10:43:21+00:00\",\"breadcrumb\":{\"@id\":\"https:\\\/\\\/uvbbrasil.com.br\\\/vereadores-de-formiga-arquivam-projeto-que-acabava-com-diarias-de-viagens-dos-parlamentares\\\/#breadcrumb\"},\"inLanguage\":\"pt-BR\",\"potentialAction\":[{\"@type\":\"ReadAction\",\"target\":[\"https:\\\/\\\/uvbbrasil.com.br\\\/vereadores-de-formiga-arquivam-projeto-que-acabava-com-diarias-de-viagens-dos-parlamentares\\\/\"]}]},{\"@type\":\"ImageObject\",\"inLanguage\":\"pt-BR\",\"@id\":\"https:\\\/\\\/uvbbrasil.com.br\\\/vereadores-de-formiga-arquivam-projeto-que-acabava-com-diarias-de-viagens-dos-parlamentares\\\/#primaryimage\",\"url\":\"https:\\\/\\\/uvbbrasil.com.br\\\/wp-content\\\/uploads\\\/2017\\\/06\\\/img-2417-1.jpg\",\"contentUrl\":\"https:\\\/\\\/uvbbrasil.com.br\\\/wp-content\\\/uploads\\\/2017\\\/06\\\/img-2417-1.jpg\",\"width\":1000,\"height\":474},{\"@type\":\"BreadcrumbList\",\"@id\":\"https:\\\/\\\/uvbbrasil.com.br\\\/vereadores-de-formiga-arquivam-projeto-que-acabava-com-diarias-de-viagens-dos-parlamentares\\\/#breadcrumb\",\"itemListElement\":[{\"@type\":\"ListItem\",\"position\":1,\"name\":\"In\u00edcio\",\"item\":\"https:\\\/\\\/uvbbrasil.com.br\\\/\"},{\"@type\":\"ListItem\",\"position\":2,\"name\":\"Vereadores de Formiga arquivam projeto que acabava com di\u00e1rias de viagens dos parlamentares\"}]},{\"@type\":\"WebSite\",\"@id\":\"https:\\\/\\\/uvbbrasil.com.br\\\/#website\",\"url\":\"https:\\\/\\\/uvbbrasil.com.br\\\/\",\"name\":\"UVB Brasil\",\"description\":\"Uni\u00e3o dos Vereadores do Brasil\",\"publisher\":{\"@id\":\"https:\\\/\\\/uvbbrasil.com.br\\\/#organization\"},\"potentialAction\":[{\"@type\":\"SearchAction\",\"target\":{\"@type\":\"EntryPoint\",\"urlTemplate\":\"https:\\\/\\\/uvbbrasil.com.br\\\/?s={search_term_string}\"},\"query-input\":{\"@type\":\"PropertyValueSpecification\",\"valueRequired\":true,\"valueName\":\"search_term_string\"}}],\"inLanguage\":\"pt-BR\"},{\"@type\":\"Organization\",\"@id\":\"https:\\\/\\\/uvbbrasil.com.br\\\/#organization\",\"name\":\"UVB Brasil\",\"url\":\"https:\\\/\\\/uvbbrasil.com.br\\\/\",\"logo\":{\"@type\":\"ImageObject\",\"inLanguage\":\"pt-BR\",\"@id\":\"https:\\\/\\\/uvbbrasil.com.br\\\/#\\\/schema\\\/logo\\\/image\\\/\",\"url\":\"https:\\\/\\\/uvbbrasil.com.br\\\/wp-content\\\/uploads\\\/2025\\\/01\\\/LOGO-UVB-2024-azul-1.jpg\",\"contentUrl\":\"https:\\\/\\\/uvbbrasil.com.br\\\/wp-content\\\/uploads\\\/2025\\\/01\\\/LOGO-UVB-2024-azul-1.jpg\",\"width\":600,\"height\":211,\"caption\":\"UVB Brasil\"},\"image\":{\"@id\":\"https:\\\/\\\/uvbbrasil.com.br\\\/#\\\/schema\\\/logo\\\/image\\\/\"},\"sameAs\":[\"https:\\\/\\\/www.facebook.com\\\/uvb.vereadoresbrasil\",\"https:\\\/\\\/www.instagram.com\\\/uvbbrasil\\\/\",\"https:\\\/\\\/www.youtube.com\\\/channel\\\/UCIlPQ8Xzw5GHNzosQIg9S5A\"]},{\"@type\":\"Person\",\"@id\":\"https:\\\/\\\/uvbbrasil.com.br\\\/#\\\/schema\\\/person\\\/17990098446c098f52effddff4f1b272\",\"name\":\"adminuvb\",\"image\":{\"@type\":\"ImageObject\",\"inLanguage\":\"pt-BR\",\"@id\":\"https:\\\/\\\/secure.gravatar.com\\\/avatar\\\/1a494ea6f8e2dd1ae526e55b0e9497efdba542491e0620d704cccf63c6f77c45?s=96&d=mm&r=g\",\"url\":\"https:\\\/\\\/secure.gravatar.com\\\/avatar\\\/1a494ea6f8e2dd1ae526e55b0e9497efdba542491e0620d704cccf63c6f77c45?s=96&d=mm&r=g\",\"contentUrl\":\"https:\\\/\\\/secure.gravatar.com\\\/avatar\\\/1a494ea6f8e2dd1ae526e55b0e9497efdba542491e0620d704cccf63c6f77c45?s=96&d=mm&r=g\",\"caption\":\"adminuvb\"},\"sameAs\":[\"https:\\\/\\\/uvbbrasil.com.br\"],\"url\":\"https:\\\/\\\/uvbbrasil.com.br\\\/author\\\/adminuvb\\\/\"}]}<\/script>\n<!-- \/ Yoast SEO plugin. -->","yoast_head_json":{"title":"Vereadores de Formiga arquivam projeto que acabava com di\u00e1rias de viagens dos parlamentares - UVB Brasil","robots":{"index":"index","follow":"follow","max-snippet":"max-snippet:-1","max-image-preview":"max-image-preview:large","max-video-preview":"max-video-preview:-1"},"canonical":"https:\/\/uvbbrasil.com.br\/vereadores-de-formiga-arquivam-projeto-que-acabava-com-diarias-de-viagens-dos-parlamentares\/","og_locale":"pt_BR","og_type":"article","og_title":"Vereadores de Formiga arquivam projeto que acabava com di\u00e1rias de viagens dos parlamentares - UVB Brasil","og_description":"A proposta foi reprovada por tr\u00eas comiss\u00f5es do Legislativo. O autor do &#8220;Di\u00e1ria Zero&#8221; informou que vai reformular outro projeto...","og_url":"https:\/\/uvbbrasil.com.br\/vereadores-de-formiga-arquivam-projeto-que-acabava-com-diarias-de-viagens-dos-parlamentares\/","og_site_name":"UVB Brasil","article_publisher":"https:\/\/www.facebook.com\/uvb.vereadoresbrasil","article_published_time":"2017-06-21T10:43:21+00:00","og_image":[{"width":1000,"height":474,"url":"https:\/\/uvbbrasil.com.br\/wp-content\/uploads\/2017\/06\/img-2417-1.jpg","type":"image\/jpeg"}],"author":"adminuvb","twitter_card":"summary_large_image","twitter_misc":{"Escrito por":"adminuvb","Est. tempo de leitura":"3 minutos"},"schema":{"@context":"https:\/\/schema.org","@graph":[{"@type":"Article","@id":"https:\/\/uvbbrasil.com.br\/vereadores-de-formiga-arquivam-projeto-que-acabava-com-diarias-de-viagens-dos-parlamentares\/#article","isPartOf":{"@id":"https:\/\/uvbbrasil.com.br\/vereadores-de-formiga-arquivam-projeto-que-acabava-com-diarias-de-viagens-dos-parlamentares\/"},"author":{"name":"adminuvb","@id":"https:\/\/uvbbrasil.com.br\/#\/schema\/person\/17990098446c098f52effddff4f1b272"},"headline":"Vereadores de Formiga arquivam projeto que acabava com di\u00e1rias de viagens dos parlamentares","datePublished":"2017-06-21T10:43:21+00:00","mainEntityOfPage":{"@id":"https:\/\/uvbbrasil.com.br\/vereadores-de-formiga-arquivam-projeto-que-acabava-com-diarias-de-viagens-dos-parlamentares\/"},"wordCount":674,"commentCount":0,"publisher":{"@id":"https:\/\/uvbbrasil.com.br\/#organization"},"image":{"@id":"https:\/\/uvbbrasil.com.br\/vereadores-de-formiga-arquivam-projeto-que-acabava-com-diarias-de-viagens-dos-parlamentares\/#primaryimage"},"thumbnailUrl":"https:\/\/uvbbrasil.com.br\/wp-content\/uploads\/2017\/06\/img-2417-1.jpg","articleSection":["NOT\u00cdCIAS"],"inLanguage":"pt-BR","potentialAction":[{"@type":"CommentAction","name":"Comment","target":["https:\/\/uvbbrasil.com.br\/vereadores-de-formiga-arquivam-projeto-que-acabava-com-diarias-de-viagens-dos-parlamentares\/#respond"]}]},{"@type":"WebPage","@id":"https:\/\/uvbbrasil.com.br\/vereadores-de-formiga-arquivam-projeto-que-acabava-com-diarias-de-viagens-dos-parlamentares\/","url":"https:\/\/uvbbrasil.com.br\/vereadores-de-formiga-arquivam-projeto-que-acabava-com-diarias-de-viagens-dos-parlamentares\/","name":"Vereadores de Formiga arquivam projeto que acabava com di\u00e1rias de viagens dos parlamentares - UVB Brasil","isPartOf":{"@id":"https:\/\/uvbbrasil.com.br\/#website"},"primaryImageOfPage":{"@id":"https:\/\/uvbbrasil.com.br\/vereadores-de-formiga-arquivam-projeto-que-acabava-com-diarias-de-viagens-dos-parlamentares\/#primaryimage"},"image":{"@id":"https:\/\/uvbbrasil.com.br\/vereadores-de-formiga-arquivam-projeto-que-acabava-com-diarias-de-viagens-dos-parlamentares\/#primaryimage"},"thumbnailUrl":"https:\/\/uvbbrasil.com.br\/wp-content\/uploads\/2017\/06\/img-2417-1.jpg","datePublished":"2017-06-21T10:43:21+00:00","breadcrumb":{"@id":"https:\/\/uvbbrasil.com.br\/vereadores-de-formiga-arquivam-projeto-que-acabava-com-diarias-de-viagens-dos-parlamentares\/#breadcrumb"},"inLanguage":"pt-BR","potentialAction":[{"@type":"ReadAction","target":["https:\/\/uvbbrasil.com.br\/vereadores-de-formiga-arquivam-projeto-que-acabava-com-diarias-de-viagens-dos-parlamentares\/"]}]},{"@type":"ImageObject","inLanguage":"pt-BR","@id":"https:\/\/uvbbrasil.com.br\/vereadores-de-formiga-arquivam-projeto-que-acabava-com-diarias-de-viagens-dos-parlamentares\/#primaryimage","url":"https:\/\/uvbbrasil.com.br\/wp-content\/uploads\/2017\/06\/img-2417-1.jpg","contentUrl":"https:\/\/uvbbrasil.com.br\/wp-content\/uploads\/2017\/06\/img-2417-1.jpg","width":1000,"height":474},{"@type":"BreadcrumbList","@id":"https:\/\/uvbbrasil.com.br\/vereadores-de-formiga-arquivam-projeto-que-acabava-com-diarias-de-viagens-dos-parlamentares\/#breadcrumb","itemListElement":[{"@type":"ListItem","position":1,"name":"In\u00edcio","item":"https:\/\/uvbbrasil.com.br\/"},{"@type":"ListItem","position":2,"name":"Vereadores de Formiga arquivam projeto que acabava com di\u00e1rias de viagens dos parlamentares"}]},{"@type":"WebSite","@id":"https:\/\/uvbbrasil.com.br\/#website","url":"https:\/\/uvbbrasil.com.br\/","name":"UVB Brasil","description":"Uni\u00e3o dos Vereadores do Brasil","publisher":{"@id":"https:\/\/uvbbrasil.com.br\/#organization"},"potentialAction":[{"@type":"SearchAction","target":{"@type":"EntryPoint","urlTemplate":"https:\/\/uvbbrasil.com.br\/?s={search_term_string}"},"query-input":{"@type":"PropertyValueSpecification","valueRequired":true,"valueName":"search_term_string"}}],"inLanguage":"pt-BR"},{"@type":"Organization","@id":"https:\/\/uvbbrasil.com.br\/#organization","name":"UVB Brasil","url":"https:\/\/uvbbrasil.com.br\/","logo":{"@type":"ImageObject","inLanguage":"pt-BR","@id":"https:\/\/uvbbrasil.com.br\/#\/schema\/logo\/image\/","url":"https:\/\/uvbbrasil.com.br\/wp-content\/uploads\/2025\/01\/LOGO-UVB-2024-azul-1.jpg","contentUrl":"https:\/\/uvbbrasil.com.br\/wp-content\/uploads\/2025\/01\/LOGO-UVB-2024-azul-1.jpg","width":600,"height":211,"caption":"UVB Brasil"},"image":{"@id":"https:\/\/uvbbrasil.com.br\/#\/schema\/logo\/image\/"},"sameAs":["https:\/\/www.facebook.com\/uvb.vereadoresbrasil","https:\/\/www.instagram.com\/uvbbrasil\/","https:\/\/www.youtube.com\/channel\/UCIlPQ8Xzw5GHNzosQIg9S5A"]},{"@type":"Person","@id":"https:\/\/uvbbrasil.com.br\/#\/schema\/person\/17990098446c098f52effddff4f1b272","name":"adminuvb","image":{"@type":"ImageObject","inLanguage":"pt-BR","@id":"https:\/\/secure.gravatar.com\/avatar\/1a494ea6f8e2dd1ae526e55b0e9497efdba542491e0620d704cccf63c6f77c45?s=96&d=mm&r=g","url":"https:\/\/secure.gravatar.com\/avatar\/1a494ea6f8e2dd1ae526e55b0e9497efdba542491e0620d704cccf63c6f77c45?s=96&d=mm&r=g","contentUrl":"https:\/\/secure.gravatar.com\/avatar\/1a494ea6f8e2dd1ae526e55b0e9497efdba542491e0620d704cccf63c6f77c45?s=96&d=mm&r=g","caption":"adminuvb"},"sameAs":["https:\/\/uvbbrasil.com.br"],"url":"https:\/\/uvbbrasil.com.br\/author\/adminuvb\/"}]}},"_links":{"self":[{"href":"https:\/\/uvbbrasil.com.br\/uvb-json\/wp\/v2\/posts\/6924","targetHints":{"allow":["GET"]}}],"collection":[{"href":"https:\/\/uvbbrasil.com.br\/uvb-json\/wp\/v2\/posts"}],"about":[{"href":"https:\/\/uvbbrasil.com.br\/uvb-json\/wp\/v2\/types\/post"}],"author":[{"embeddable":true,"href":"https:\/\/uvbbrasil.com.br\/uvb-json\/wp\/v2\/users\/1"}],"replies":[{"embeddable":true,"href":"https:\/\/uvbbrasil.com.br\/uvb-json\/wp\/v2\/comments?post=6924"}],"version-history":[{"count":0,"href":"https:\/\/uvbbrasil.com.br\/uvb-json\/wp\/v2\/posts\/6924\/revisions"}],"wp:featuredmedia":[{"embeddable":true,"href":"https:\/\/uvbbrasil.com.br\/uvb-json\/wp\/v2\/media\/6925"}],"wp:attachment":[{"href":"https:\/\/uvbbrasil.com.br\/uvb-json\/wp\/v2\/media?parent=6924"}],"wp:term":[{"taxonomy":"category","embeddable":true,"href":"https:\/\/uvbbrasil.com.br\/uvb-json\/wp\/v2\/categories?post=6924"},{"taxonomy":"post_tag","embeddable":true,"href":"https:\/\/uvbbrasil.com.br\/uvb-json\/wp\/v2\/tags?post=6924"}],"curies":[{"name":"wp","href":"https:\/\/api.w.org\/{rel}","templated":true}]}}