{"id":609,"date":"2015-06-14T15:16:32","date_gmt":"2015-06-14T15:16:32","guid":{"rendered":"https:\/\/wpsandbox4.pante.com.br\/?p=609"},"modified":"2015-06-14T15:16:32","modified_gmt":"2015-06-14T15:16:32","slug":"em-buzios-de-24-a-26-06-xii-encontro-nacional-de-legislativos-municipais","status":"publish","type":"post","link":"https:\/\/uvbbrasil.com.br\/em-buzios-de-24-a-26-06-xii-encontro-nacional-de-legislativos-municipais\/","title":{"rendered":"Em B\u00fazios de 24 a 26.06 : XII Encontro Nacional de Legislativos Municipais"},"content":{"rendered":"<p>Est\u00e3o abertas as inscri\u00e7\u00f5es para o XII ENCONTRO NACIONAL DE LEGISLATIVOS MUNICIPAIS em B\u00fazios, evento da UVB, que ocorrer\u00e1 do pr\u00f3ximo dia 24 a 26 de junho.<\/p>\n<p><a href=\"http:\/\/www.valesolucoesemgestao.com.br\/eventos\/\">AS INSCRI\u00c7\u00d5ES PODEM SER FEITAS AQUI &#8211; CLIQUE<\/a><\/p>\n<p>Filiados UVB &#8211; R$ 350,00 &#8211; N\u00e3o Filiados: R$ 450,00     (Informa\u00e7\u00f5es pelo fone: 61 3226.4707 )<\/p>\n<p>Assuntos relevantes como a solu\u00e7\u00e3o de Cria\u00e7\u00e3o de Fundos Especiais na C\u00e2mara de Vereadores, o atual momento do Direito Eleitoral e debate sobre a posi\u00e7\u00e3o oficial da UVB sobre a quest\u00e3o da Maioridade Penal, ser\u00e3o algumas das quest\u00f5es abordadas.<\/p>\n<p><strong>Confira aqui a programa\u00e7\u00e3o:<\/strong><\/p>\n<p><strong>24\/06 \u2013 Quarta-Feira<\/strong><\/p>\n<p>11hs \u2013 Credenciamento<\/p>\n<p>14hs \u2013 Meio Ambiente e Sustentabilidade Ambiental<\/p>\n<p>Luiz Yoshio Suzuke, assessor da Itaipu Binacional<\/p>\n<p>15hs30m \u2013 Direito Eleitoral \u2013 O que muda aos detentores de mandato parlamentar municipal Dr. Daniel Falc\u00e3o, Assessor do Ministro Presidente do TSE, Dias Tofolli<\/p>\n<p><strong>25\/06 \u2013 Quinta-Feira<\/strong><\/p>\n<p>09hs \u2013 Turismo com fonte de desenvolvimento econ\u00f4mico regional<\/p>\n<p>Secretaria do Turismo do Estado do Rio de Janeiro<\/p>\n<p>10hs30 \u2013 Cria\u00e7\u00e3o do Fundo Especial na C\u00e2mara de Vereadores<\/p>\n<p>Luis Felippe Ferreira Klem de Matos \u2013 Assessor Jur\u00eddico da C\u00e2mara de Campos do Goytacazes<\/p>\n<p>14h30min \u2013 Painel: Aspectos relevantes ao Mandato Parlamentar<\/p>\n<p>Edison Ismar Oliveira Melo \u2013 Auditor Externo do TCE\/RS aposentado, professor universit\u00e1rio e consultor da UVB<\/p>\n<p>17hs \u2013 Plen\u00e1ria: Maioridade Penal \u2013 Defini\u00e7\u00e3o da posi\u00e7\u00e3o oficial da UVB<\/p>\n<p><strong>26\/06 &#8211; Sexta-Feira<\/strong><\/p>\n<p>09hs \u2013 Visita t\u00e9cnica \u2013 Projetos de desenvolvimento ambiental<\/p>\n<p>12hs &#8211; Encerramento<\/p>\n<p><strong>Hoteis conveniados<\/strong><\/p>\n<p>Hotel Atl\u00e2ntico &#8211; B\u00fazios\/RJ<br \/>\nFone: (22)2620.8850<br \/>\n<a href=\"http:\/\/www.atlanticobuzios.com.br\">Clique aqui e fa\u00e7a sua reserva<\/a><\/p>\n<p>Hotel Pousada dos Reis &#8211; B\u00fazios\/RJ<br \/>\nFone: (22)2623.6655<br \/>\n<a href=\"http:\/\/www.dosreis.com.br\">Clique aqui e fa\u00e7a a sua reserva<\/a><\/p>\n<p>&nbsp;<\/p>\n<p><a href=\"https:\/\/uvbbrasil.com.br\/wp-content\/uploads\/2015\/06\/Sidnei-Carlos-Itaipu.jpg\"><img fetchpriority=\"high\" decoding=\"async\" class=\"alignnone size-medium wp-image-615\" src=\"https:\/\/uvbbrasil.com.br\/wp-content\/uploads\/2015\/06\/Sidnei-Carlos-Itaipu-300x192.jpg\" alt=\"Sidnei Carlos Itaipu\" width=\"300\" height=\"192\" \/><\/a><\/p>\n<p>&nbsp;<\/p>\n<div id=\"attachment_617\" style=\"width: 210px\" class=\"wp-caption alignnone\"><a href=\"https:\/\/uvbbrasil.com.br\/wp-content\/uploads\/2015\/06\/Daniel-Falcao.jpg\"><img decoding=\"async\" aria-describedby=\"caption-attachment-617\" class=\"size-full wp-image-617\" src=\"https:\/\/uvbbrasil.com.br\/wp-content\/uploads\/2015\/06\/Daniel-Falcao.jpg\" alt=\"Daniel Falc\u00e3o, especialista em Direito Eleitoral\" width=\"200\" height=\"200\" srcset=\"https:\/\/uvbbrasil.com.br\/wp-content\/uploads\/2015\/06\/Daniel-Falcao.jpg 200w, https:\/\/uvbbrasil.com.br\/wp-content\/uploads\/2015\/06\/Daniel-Falcao-150x150.jpg 150w\" sizes=\"(max-width: 200px) 100vw, 200px\" \/><\/a><p id=\"caption-attachment-617\" class=\"wp-caption-text\">Daniel Falc\u00e3o, especialista em Direito Eleitoral<\/p><\/div>\n<div id=\"attachment_618\" style=\"width: 310px\" class=\"wp-caption alignnone\"><a href=\"https:\/\/uvbbrasil.com.br\/wp-content\/uploads\/2015\/06\/Edson-Mello.jpg\"><img decoding=\"async\" aria-describedby=\"caption-attachment-618\" class=\"size-medium wp-image-618\" src=\"https:\/\/uvbbrasil.com.br\/wp-content\/uploads\/2015\/06\/Edson-Mello-300x220.jpg\" alt=\"Edson Mello, Auditor Aposentado do TCE-RS\" width=\"300\" height=\"220\" \/><\/a><p id=\"caption-attachment-618\" class=\"wp-caption-text\">Edson Mello, Auditor Aposentado do TCE-RS<\/p><\/div>\n","protected":false},"excerpt":{"rendered":"<p>Est\u00e3o abertas as inscri\u00e7\u00f5es para o XII ENCONTRO NACIONAL DE LEGISLATIVOS MUNICIPAIS em B\u00fazios, evento da UVB, que ocorrer\u00e1 do&#8230;<\/p>\n","protected":false},"author":1,"featured_media":611,"comment_status":"open","ping_status":"open","sticky":false,"template":"","format":"standard","meta":{"footnotes":""},"categories":[4],"tags":[],"class_list":["post-609","post","type-post","status-publish","format-standard","has-post-thumbnail","hentry","category-home"],"yoast_head":"<!-- This site is optimized with the Yoast SEO plugin v26.7 - https:\/\/yoast.com\/wordpress\/plugins\/seo\/ -->\n<title>Em B\u00fazios de 24 a 26.06 : XII Encontro Nacional de Legislativos Municipais - UVB Brasil<\/title>\n<meta name=\"robots\" content=\"index, follow, max-snippet:-1, max-image-preview:large, max-video-preview:-1\" \/>\n<link rel=\"canonical\" href=\"https:\/\/uvbbrasil.com.br\/em-buzios-de-24-a-26-06-xii-encontro-nacional-de-legislativos-municipais\/\" \/>\n<meta property=\"og:locale\" content=\"pt_BR\" \/>\n<meta property=\"og:type\" content=\"article\" \/>\n<meta property=\"og:title\" content=\"Em B\u00fazios de 24 a 26.06 : XII Encontro Nacional de Legislativos Municipais - UVB Brasil\" \/>\n<meta property=\"og:description\" content=\"Est\u00e3o abertas as inscri\u00e7\u00f5es para o XII ENCONTRO NACIONAL DE LEGISLATIVOS MUNICIPAIS em B\u00fazios, evento da UVB, que ocorrer\u00e1 do...\" \/>\n<meta property=\"og:url\" content=\"https:\/\/uvbbrasil.com.br\/em-buzios-de-24-a-26-06-xii-encontro-nacional-de-legislativos-municipais\/\" \/>\n<meta property=\"og:site_name\" content=\"UVB Brasil\" \/>\n<meta property=\"article:publisher\" content=\"https:\/\/www.facebook.com\/uvb.vereadoresbrasil\" \/>\n<meta property=\"article:published_time\" content=\"2015-06-14T15:16:32+00:00\" \/>\n<meta property=\"og:image\" content=\"https:\/\/uvbbrasil.com.br\/wp-content\/uploads\/2015\/06\/XII-Encontro-Nacional-de-Legislativos-Buzios-parte.jpg\" \/>\n\t<meta property=\"og:image:width\" content=\"834\" \/>\n\t<meta property=\"og:image:height\" content=\"668\" \/>\n\t<meta property=\"og:image:type\" content=\"image\/jpeg\" \/>\n<meta name=\"author\" content=\"adminuvb\" \/>\n<meta name=\"twitter:card\" content=\"summary_large_image\" \/>\n<meta name=\"twitter:label1\" content=\"Escrito por\" \/>\n\t<meta name=\"twitter:data1\" content=\"adminuvb\" \/>\n\t<meta name=\"twitter:label2\" content=\"Est. tempo de leitura\" \/>\n\t<meta name=\"twitter:data2\" content=\"2 minutos\" \/>\n<script type=\"application\/ld+json\" class=\"yoast-schema-graph\">{\"@context\":\"https:\/\/schema.org\",\"@graph\":[{\"@type\":\"Article\",\"@id\":\"https:\/\/uvbbrasil.com.br\/em-buzios-de-24-a-26-06-xii-encontro-nacional-de-legislativos-municipais\/#article\",\"isPartOf\":{\"@id\":\"https:\/\/uvbbrasil.com.br\/em-buzios-de-24-a-26-06-xii-encontro-nacional-de-legislativos-municipais\/\"},\"author\":{\"name\":\"adminuvb\",\"@id\":\"https:\/\/uvbbrasil.com.br\/#\/schema\/person\/17990098446c098f52effddff4f1b272\"},\"headline\":\"Em B\u00fazios de 24 a 26.06 : XII Encontro Nacional de Legislativos Municipais\",\"datePublished\":\"2015-06-14T15:16:32+00:00\",\"mainEntityOfPage\":{\"@id\":\"https:\/\/uvbbrasil.com.br\/em-buzios-de-24-a-26-06-xii-encontro-nacional-de-legislativos-municipais\/\"},\"wordCount\":314,\"commentCount\":1,\"publisher\":{\"@id\":\"https:\/\/uvbbrasil.com.br\/#organization\"},\"image\":{\"@id\":\"https:\/\/uvbbrasil.com.br\/em-buzios-de-24-a-26-06-xii-encontro-nacional-de-legislativos-municipais\/#primaryimage\"},\"thumbnailUrl\":\"https:\/\/uvbbrasil.com.br\/wp-content\/uploads\/2015\/06\/XII-Encontro-Nacional-de-Legislativos-Buzios-parte.jpg\",\"articleSection\":[\"UVB\"],\"inLanguage\":\"pt-BR\",\"potentialAction\":[{\"@type\":\"CommentAction\",\"name\":\"Comment\",\"target\":[\"https:\/\/uvbbrasil.com.br\/em-buzios-de-24-a-26-06-xii-encontro-nacional-de-legislativos-municipais\/#respond\"]}]},{\"@type\":\"WebPage\",\"@id\":\"https:\/\/uvbbrasil.com.br\/em-buzios-de-24-a-26-06-xii-encontro-nacional-de-legislativos-municipais\/\",\"url\":\"https:\/\/uvbbrasil.com.br\/em-buzios-de-24-a-26-06-xii-encontro-nacional-de-legislativos-municipais\/\",\"name\":\"Em B\u00fazios de 24 a 26.06 : XII Encontro Nacional de Legislativos Municipais - UVB Brasil\",\"isPartOf\":{\"@id\":\"https:\/\/uvbbrasil.com.br\/#website\"},\"primaryImageOfPage\":{\"@id\":\"https:\/\/uvbbrasil.com.br\/em-buzios-de-24-a-26-06-xii-encontro-nacional-de-legislativos-municipais\/#primaryimage\"},\"image\":{\"@id\":\"https:\/\/uvbbrasil.com.br\/em-buzios-de-24-a-26-06-xii-encontro-nacional-de-legislativos-municipais\/#primaryimage\"},\"thumbnailUrl\":\"https:\/\/uvbbrasil.com.br\/wp-content\/uploads\/2015\/06\/XII-Encontro-Nacional-de-Legislativos-Buzios-parte.jpg\",\"datePublished\":\"2015-06-14T15:16:32+00:00\",\"breadcrumb\":{\"@id\":\"https:\/\/uvbbrasil.com.br\/em-buzios-de-24-a-26-06-xii-encontro-nacional-de-legislativos-municipais\/#breadcrumb\"},\"inLanguage\":\"pt-BR\",\"potentialAction\":[{\"@type\":\"ReadAction\",\"target\":[\"https:\/\/uvbbrasil.com.br\/em-buzios-de-24-a-26-06-xii-encontro-nacional-de-legislativos-municipais\/\"]}]},{\"@type\":\"ImageObject\",\"inLanguage\":\"pt-BR\",\"@id\":\"https:\/\/uvbbrasil.com.br\/em-buzios-de-24-a-26-06-xii-encontro-nacional-de-legislativos-municipais\/#primaryimage\",\"url\":\"https:\/\/uvbbrasil.com.br\/wp-content\/uploads\/2015\/06\/XII-Encontro-Nacional-de-Legislativos-Buzios-parte.jpg\",\"contentUrl\":\"https:\/\/uvbbrasil.com.br\/wp-content\/uploads\/2015\/06\/XII-Encontro-Nacional-de-Legislativos-Buzios-parte.jpg\",\"width\":834,\"height\":668,\"caption\":\"Sidnei Carlos da Silva, assessor Itaipu Binacional\"},{\"@type\":\"BreadcrumbList\",\"@id\":\"https:\/\/uvbbrasil.com.br\/em-buzios-de-24-a-26-06-xii-encontro-nacional-de-legislativos-municipais\/#breadcrumb\",\"itemListElement\":[{\"@type\":\"ListItem\",\"position\":1,\"name\":\"In\u00edcio\",\"item\":\"https:\/\/uvbbrasil.com.br\/\"},{\"@type\":\"ListItem\",\"position\":2,\"name\":\"Em B\u00fazios de 24 a 26.06 : XII Encontro Nacional de Legislativos Municipais\"}]},{\"@type\":\"WebSite\",\"@id\":\"https:\/\/uvbbrasil.com.br\/#website\",\"url\":\"https:\/\/uvbbrasil.com.br\/\",\"name\":\"UVB Brasil\",\"description\":\"Uni\u00e3o dos Vereadores do Brasil\",\"publisher\":{\"@id\":\"https:\/\/uvbbrasil.com.br\/#organization\"},\"potentialAction\":[{\"@type\":\"SearchAction\",\"target\":{\"@type\":\"EntryPoint\",\"urlTemplate\":\"https:\/\/uvbbrasil.com.br\/?s={search_term_string}\"},\"query-input\":{\"@type\":\"PropertyValueSpecification\",\"valueRequired\":true,\"valueName\":\"search_term_string\"}}],\"inLanguage\":\"pt-BR\"},{\"@type\":\"Organization\",\"@id\":\"https:\/\/uvbbrasil.com.br\/#organization\",\"name\":\"UVB Brasil\",\"url\":\"https:\/\/uvbbrasil.com.br\/\",\"logo\":{\"@type\":\"ImageObject\",\"inLanguage\":\"pt-BR\",\"@id\":\"https:\/\/uvbbrasil.com.br\/#\/schema\/logo\/image\/\",\"url\":\"https:\/\/uvbbrasil.com.br\/wp-content\/uploads\/2025\/01\/LOGO-UVB-2024-azul-1.jpg\",\"contentUrl\":\"https:\/\/uvbbrasil.com.br\/wp-content\/uploads\/2025\/01\/LOGO-UVB-2024-azul-1.jpg\",\"width\":600,\"height\":211,\"caption\":\"UVB Brasil\"},\"image\":{\"@id\":\"https:\/\/uvbbrasil.com.br\/#\/schema\/logo\/image\/\"},\"sameAs\":[\"https:\/\/www.facebook.com\/uvb.vereadoresbrasil\",\"https:\/\/www.instagram.com\/uvbbrasil\/\",\"https:\/\/www.youtube.com\/channel\/UCIlPQ8Xzw5GHNzosQIg9S5A\"]},{\"@type\":\"Person\",\"@id\":\"https:\/\/uvbbrasil.com.br\/#\/schema\/person\/17990098446c098f52effddff4f1b272\",\"name\":\"adminuvb\",\"image\":{\"@type\":\"ImageObject\",\"inLanguage\":\"pt-BR\",\"@id\":\"https:\/\/uvbbrasil.com.br\/#\/schema\/person\/image\/\",\"url\":\"https:\/\/secure.gravatar.com\/avatar\/1a494ea6f8e2dd1ae526e55b0e9497efdba542491e0620d704cccf63c6f77c45?s=96&d=mm&r=g\",\"contentUrl\":\"https:\/\/secure.gravatar.com\/avatar\/1a494ea6f8e2dd1ae526e55b0e9497efdba542491e0620d704cccf63c6f77c45?s=96&d=mm&r=g\",\"caption\":\"adminuvb\"},\"sameAs\":[\"https:\/\/uvbbrasil.com.br\"],\"url\":\"https:\/\/uvbbrasil.com.br\/author\/adminuvb\/\"}]}<\/script>\n<!-- \/ Yoast SEO plugin. -->","yoast_head_json":{"title":"Em B\u00fazios de 24 a 26.06 : XII Encontro Nacional de Legislativos Municipais - UVB Brasil","robots":{"index":"index","follow":"follow","max-snippet":"max-snippet:-1","max-image-preview":"max-image-preview:large","max-video-preview":"max-video-preview:-1"},"canonical":"https:\/\/uvbbrasil.com.br\/em-buzios-de-24-a-26-06-xii-encontro-nacional-de-legislativos-municipais\/","og_locale":"pt_BR","og_type":"article","og_title":"Em B\u00fazios de 24 a 26.06 : XII Encontro Nacional de Legislativos Municipais - UVB Brasil","og_description":"Est\u00e3o abertas as inscri\u00e7\u00f5es para o XII ENCONTRO NACIONAL DE LEGISLATIVOS MUNICIPAIS em B\u00fazios, evento da UVB, que ocorrer\u00e1 do...","og_url":"https:\/\/uvbbrasil.com.br\/em-buzios-de-24-a-26-06-xii-encontro-nacional-de-legislativos-municipais\/","og_site_name":"UVB Brasil","article_publisher":"https:\/\/www.facebook.com\/uvb.vereadoresbrasil","article_published_time":"2015-06-14T15:16:32+00:00","og_image":[{"width":834,"height":668,"url":"https:\/\/uvbbrasil.com.br\/wp-content\/uploads\/2015\/06\/XII-Encontro-Nacional-de-Legislativos-Buzios-parte.jpg","type":"image\/jpeg"}],"author":"adminuvb","twitter_card":"summary_large_image","twitter_misc":{"Escrito por":"adminuvb","Est. tempo de leitura":"2 minutos"},"schema":{"@context":"https:\/\/schema.org","@graph":[{"@type":"Article","@id":"https:\/\/uvbbrasil.com.br\/em-buzios-de-24-a-26-06-xii-encontro-nacional-de-legislativos-municipais\/#article","isPartOf":{"@id":"https:\/\/uvbbrasil.com.br\/em-buzios-de-24-a-26-06-xii-encontro-nacional-de-legislativos-municipais\/"},"author":{"name":"adminuvb","@id":"https:\/\/uvbbrasil.com.br\/#\/schema\/person\/17990098446c098f52effddff4f1b272"},"headline":"Em B\u00fazios de 24 a 26.06 : XII Encontro Nacional de Legislativos Municipais","datePublished":"2015-06-14T15:16:32+00:00","mainEntityOfPage":{"@id":"https:\/\/uvbbrasil.com.br\/em-buzios-de-24-a-26-06-xii-encontro-nacional-de-legislativos-municipais\/"},"wordCount":314,"commentCount":1,"publisher":{"@id":"https:\/\/uvbbrasil.com.br\/#organization"},"image":{"@id":"https:\/\/uvbbrasil.com.br\/em-buzios-de-24-a-26-06-xii-encontro-nacional-de-legislativos-municipais\/#primaryimage"},"thumbnailUrl":"https:\/\/uvbbrasil.com.br\/wp-content\/uploads\/2015\/06\/XII-Encontro-Nacional-de-Legislativos-Buzios-parte.jpg","articleSection":["UVB"],"inLanguage":"pt-BR","potentialAction":[{"@type":"CommentAction","name":"Comment","target":["https:\/\/uvbbrasil.com.br\/em-buzios-de-24-a-26-06-xii-encontro-nacional-de-legislativos-municipais\/#respond"]}]},{"@type":"WebPage","@id":"https:\/\/uvbbrasil.com.br\/em-buzios-de-24-a-26-06-xii-encontro-nacional-de-legislativos-municipais\/","url":"https:\/\/uvbbrasil.com.br\/em-buzios-de-24-a-26-06-xii-encontro-nacional-de-legislativos-municipais\/","name":"Em B\u00fazios de 24 a 26.06 : XII Encontro Nacional de Legislativos Municipais - UVB Brasil","isPartOf":{"@id":"https:\/\/uvbbrasil.com.br\/#website"},"primaryImageOfPage":{"@id":"https:\/\/uvbbrasil.com.br\/em-buzios-de-24-a-26-06-xii-encontro-nacional-de-legislativos-municipais\/#primaryimage"},"image":{"@id":"https:\/\/uvbbrasil.com.br\/em-buzios-de-24-a-26-06-xii-encontro-nacional-de-legislativos-municipais\/#primaryimage"},"thumbnailUrl":"https:\/\/uvbbrasil.com.br\/wp-content\/uploads\/2015\/06\/XII-Encontro-Nacional-de-Legislativos-Buzios-parte.jpg","datePublished":"2015-06-14T15:16:32+00:00","breadcrumb":{"@id":"https:\/\/uvbbrasil.com.br\/em-buzios-de-24-a-26-06-xii-encontro-nacional-de-legislativos-municipais\/#breadcrumb"},"inLanguage":"pt-BR","potentialAction":[{"@type":"ReadAction","target":["https:\/\/uvbbrasil.com.br\/em-buzios-de-24-a-26-06-xii-encontro-nacional-de-legislativos-municipais\/"]}]},{"@type":"ImageObject","inLanguage":"pt-BR","@id":"https:\/\/uvbbrasil.com.br\/em-buzios-de-24-a-26-06-xii-encontro-nacional-de-legislativos-municipais\/#primaryimage","url":"https:\/\/uvbbrasil.com.br\/wp-content\/uploads\/2015\/06\/XII-Encontro-Nacional-de-Legislativos-Buzios-parte.jpg","contentUrl":"https:\/\/uvbbrasil.com.br\/wp-content\/uploads\/2015\/06\/XII-Encontro-Nacional-de-Legislativos-Buzios-parte.jpg","width":834,"height":668,"caption":"Sidnei Carlos da Silva, assessor Itaipu Binacional"},{"@type":"BreadcrumbList","@id":"https:\/\/uvbbrasil.com.br\/em-buzios-de-24-a-26-06-xii-encontro-nacional-de-legislativos-municipais\/#breadcrumb","itemListElement":[{"@type":"ListItem","position":1,"name":"In\u00edcio","item":"https:\/\/uvbbrasil.com.br\/"},{"@type":"ListItem","position":2,"name":"Em B\u00fazios de 24 a 26.06 : XII Encontro Nacional de Legislativos Municipais"}]},{"@type":"WebSite","@id":"https:\/\/uvbbrasil.com.br\/#website","url":"https:\/\/uvbbrasil.com.br\/","name":"UVB Brasil","description":"Uni\u00e3o dos Vereadores do Brasil","publisher":{"@id":"https:\/\/uvbbrasil.com.br\/#organization"},"potentialAction":[{"@type":"SearchAction","target":{"@type":"EntryPoint","urlTemplate":"https:\/\/uvbbrasil.com.br\/?s={search_term_string}"},"query-input":{"@type":"PropertyValueSpecification","valueRequired":true,"valueName":"search_term_string"}}],"inLanguage":"pt-BR"},{"@type":"Organization","@id":"https:\/\/uvbbrasil.com.br\/#organization","name":"UVB Brasil","url":"https:\/\/uvbbrasil.com.br\/","logo":{"@type":"ImageObject","inLanguage":"pt-BR","@id":"https:\/\/uvbbrasil.com.br\/#\/schema\/logo\/image\/","url":"https:\/\/uvbbrasil.com.br\/wp-content\/uploads\/2025\/01\/LOGO-UVB-2024-azul-1.jpg","contentUrl":"https:\/\/uvbbrasil.com.br\/wp-content\/uploads\/2025\/01\/LOGO-UVB-2024-azul-1.jpg","width":600,"height":211,"caption":"UVB Brasil"},"image":{"@id":"https:\/\/uvbbrasil.com.br\/#\/schema\/logo\/image\/"},"sameAs":["https:\/\/www.facebook.com\/uvb.vereadoresbrasil","https:\/\/www.instagram.com\/uvbbrasil\/","https:\/\/www.youtube.com\/channel\/UCIlPQ8Xzw5GHNzosQIg9S5A"]},{"@type":"Person","@id":"https:\/\/uvbbrasil.com.br\/#\/schema\/person\/17990098446c098f52effddff4f1b272","name":"adminuvb","image":{"@type":"ImageObject","inLanguage":"pt-BR","@id":"https:\/\/uvbbrasil.com.br\/#\/schema\/person\/image\/","url":"https:\/\/secure.gravatar.com\/avatar\/1a494ea6f8e2dd1ae526e55b0e9497efdba542491e0620d704cccf63c6f77c45?s=96&d=mm&r=g","contentUrl":"https:\/\/secure.gravatar.com\/avatar\/1a494ea6f8e2dd1ae526e55b0e9497efdba542491e0620d704cccf63c6f77c45?s=96&d=mm&r=g","caption":"adminuvb"},"sameAs":["https:\/\/uvbbrasil.com.br"],"url":"https:\/\/uvbbrasil.com.br\/author\/adminuvb\/"}]}},"_links":{"self":[{"href":"https:\/\/uvbbrasil.com.br\/uvb-json\/wp\/v2\/posts\/609","targetHints":{"allow":["GET"]}}],"collection":[{"href":"https:\/\/uvbbrasil.com.br\/uvb-json\/wp\/v2\/posts"}],"about":[{"href":"https:\/\/uvbbrasil.com.br\/uvb-json\/wp\/v2\/types\/post"}],"author":[{"embeddable":true,"href":"https:\/\/uvbbrasil.com.br\/uvb-json\/wp\/v2\/users\/1"}],"replies":[{"embeddable":true,"href":"https:\/\/uvbbrasil.com.br\/uvb-json\/wp\/v2\/comments?post=609"}],"version-history":[{"count":0,"href":"https:\/\/uvbbrasil.com.br\/uvb-json\/wp\/v2\/posts\/609\/revisions"}],"wp:featuredmedia":[{"embeddable":true,"href":"https:\/\/uvbbrasil.com.br\/uvb-json\/wp\/v2\/media\/611"}],"wp:attachment":[{"href":"https:\/\/uvbbrasil.com.br\/uvb-json\/wp\/v2\/media?parent=609"}],"wp:term":[{"taxonomy":"category","embeddable":true,"href":"https:\/\/uvbbrasil.com.br\/uvb-json\/wp\/v2\/categories?post=609"},{"taxonomy":"post_tag","embeddable":true,"href":"https:\/\/uvbbrasil.com.br\/uvb-json\/wp\/v2\/tags?post=609"}],"curies":[{"name":"wp","href":"https:\/\/api.w.org\/{rel}","templated":true}]}}