{"id":5219,"date":"2016-01-25T14:32:51","date_gmt":"2016-01-25T16:32:51","guid":{"rendered":"https:\/\/wpsandbox4.pante.com.br\/?p=5219"},"modified":"2016-01-25T14:32:51","modified_gmt":"2016-01-25T16:32:51","slug":"marcha-dos-vereadores-2017-acontece-de-25-28-de-abril-em-brasilia","status":"publish","type":"post","link":"https:\/\/uvbbrasil.com.br\/marcha-dos-vereadores-2017-acontece-de-25-28-de-abril-em-brasilia\/","title":{"rendered":"Marcha dos Vereadores acontece de 25 a 28 de abril"},"content":{"rendered":"<header>O PODER UNIDO \u00c9 MAIS FORTE<\/header>\n<header><\/header>\n<header>Abril de\u00a0\u00a02017 acontece\u00a0mais uma edi\u00e7\u00e3o da <strong>MARCHA DOS VEREADORES <\/strong>onde os grandes temas da atualidade s\u00e3o debatidos. O slogan da Marcha 2017 ser\u00e1 <strong>O poder Unido \u00e9 mais forte<\/strong>, o mesmo usado no bras\u00e3o do poder legislativao.<img fetchpriority=\"high\" decoding=\"async\" class=\"aligncenter size-full wp-image-3977\" src=\"https:\/\/uvbbrasil.com.br\/wp-content\/uploads\/2016\/05\/trofeu-destaque-marcha-2016.jpg\" alt=\"trofeu destaque marcha 2016\" width=\"2896\" height=\"1944\" \/><\/header>\n<div class=\"elements-box\">\n<p>O prop\u00f3sito da Marcha \u00a0\u00e9 capacitar, qualificar e proporcionar ao vereador uma participa\u00e7\u00e3o efetiva em suas comunidades, bem como, propor uma vis\u00e3o municipalista de temas importantes para serem aplicados em projetos para a popula\u00e7\u00e3o.<\/p>\n<p>A realiza\u00e7\u00e3o da <strong>XV MARCHA DOS VEREADORES <\/strong>vai aproximar cada vez mais a UVB das entidades estaduais, regionais, e principalmente das c\u00e2maras municipais de vereadores, promovendo debates e capacita\u00e7\u00e3o, defendendo os interesses do municipalismo, e levando \u00e0 todas regi\u00f5es brasileiras o conhecimento e a informa\u00e7\u00f5es aos vereadores(as) e servidores das c\u00e2maras municipais.<\/p>\n<p>Programe-se de <strong>25 a 28 de Abril de 2017 &#8211;\u00a0Bras\u00edlia\/DF<\/strong>.<\/p>\n<p><strong>O maior encontro de legislativos Municipais do Brasil.<\/strong><\/p>\n<h4><\/h4>\n<p>&nbsp;<\/p>\n<\/div>\n","protected":false},"excerpt":{"rendered":"<p>O PODER UNIDO \u00c9 MAIS FORTE Abril de\u00a0\u00a02017 acontece\u00a0mais uma edi\u00e7\u00e3o da MARCHA DOS VEREADORES onde os grandes temas da&#8230;<\/p>\n","protected":false},"author":1,"featured_media":5241,"comment_status":"open","ping_status":"open","sticky":false,"template":"","format":"standard","meta":{"footnotes":""},"categories":[4],"tags":[],"class_list":["post-5219","post","type-post","status-publish","format-standard","has-post-thumbnail","hentry","category-home"],"yoast_head":"<!-- This site is optimized with the Yoast SEO plugin v26.7 - https:\/\/yoast.com\/wordpress\/plugins\/seo\/ -->\n<title>Marcha dos Vereadores acontece de 25 a 28 de abril - UVB Brasil<\/title>\n<meta name=\"robots\" content=\"index, follow, max-snippet:-1, max-image-preview:large, max-video-preview:-1\" \/>\n<link rel=\"canonical\" href=\"https:\/\/uvbbrasil.com.br\/marcha-dos-vereadores-2017-acontece-de-25-28-de-abril-em-brasilia\/\" \/>\n<meta property=\"og:locale\" content=\"pt_BR\" \/>\n<meta property=\"og:type\" content=\"article\" \/>\n<meta property=\"og:title\" content=\"Marcha dos Vereadores acontece de 25 a 28 de abril - UVB Brasil\" \/>\n<meta property=\"og:description\" content=\"O PODER UNIDO \u00c9 MAIS FORTE Abril de\u00a0\u00a02017 acontece\u00a0mais uma edi\u00e7\u00e3o da MARCHA DOS VEREADORES onde os grandes temas da...\" \/>\n<meta property=\"og:url\" content=\"https:\/\/uvbbrasil.com.br\/marcha-dos-vereadores-2017-acontece-de-25-28-de-abril-em-brasilia\/\" \/>\n<meta property=\"og:site_name\" content=\"UVB Brasil\" \/>\n<meta property=\"article:publisher\" content=\"https:\/\/www.facebook.com\/uvb.vereadoresbrasil\" \/>\n<meta property=\"article:published_time\" content=\"2016-01-25T16:32:51+00:00\" \/>\n<meta property=\"og:image\" content=\"https:\/\/uvbbrasil.com.br\/wp-content\/uploads\/2016\/12\/Marcha-2017-2.jpg\" \/>\n\t<meta property=\"og:image:width\" content=\"652\" \/>\n\t<meta property=\"og:image:height\" content=\"901\" \/>\n\t<meta property=\"og:image:type\" content=\"image\/jpeg\" \/>\n<meta name=\"author\" content=\"adminuvb\" \/>\n<meta name=\"twitter:card\" content=\"summary_large_image\" \/>\n<meta name=\"twitter:label1\" content=\"Escrito por\" \/>\n\t<meta name=\"twitter:data1\" content=\"adminuvb\" \/>\n\t<meta name=\"twitter:label2\" content=\"Est. tempo de leitura\" \/>\n\t<meta name=\"twitter:data2\" content=\"1 minuto\" \/>\n<script type=\"application\/ld+json\" class=\"yoast-schema-graph\">{\"@context\":\"https:\/\/schema.org\",\"@graph\":[{\"@type\":\"Article\",\"@id\":\"https:\/\/uvbbrasil.com.br\/marcha-dos-vereadores-2017-acontece-de-25-28-de-abril-em-brasilia\/#article\",\"isPartOf\":{\"@id\":\"https:\/\/uvbbrasil.com.br\/marcha-dos-vereadores-2017-acontece-de-25-28-de-abril-em-brasilia\/\"},\"author\":{\"name\":\"adminuvb\",\"@id\":\"https:\/\/uvbbrasil.com.br\/#\/schema\/person\/17990098446c098f52effddff4f1b272\"},\"headline\":\"Marcha dos Vereadores acontece de 25 a 28 de abril\",\"datePublished\":\"2016-01-25T16:32:51+00:00\",\"mainEntityOfPage\":{\"@id\":\"https:\/\/uvbbrasil.com.br\/marcha-dos-vereadores-2017-acontece-de-25-28-de-abril-em-brasilia\/\"},\"wordCount\":166,\"commentCount\":0,\"publisher\":{\"@id\":\"https:\/\/uvbbrasil.com.br\/#organization\"},\"image\":{\"@id\":\"https:\/\/uvbbrasil.com.br\/marcha-dos-vereadores-2017-acontece-de-25-28-de-abril-em-brasilia\/#primaryimage\"},\"thumbnailUrl\":\"https:\/\/uvbbrasil.com.br\/wp-content\/uploads\/2016\/12\/Marcha-2017-2.jpg\",\"articleSection\":[\"UVB\"],\"inLanguage\":\"pt-BR\",\"potentialAction\":[{\"@type\":\"CommentAction\",\"name\":\"Comment\",\"target\":[\"https:\/\/uvbbrasil.com.br\/marcha-dos-vereadores-2017-acontece-de-25-28-de-abril-em-brasilia\/#respond\"]}]},{\"@type\":\"WebPage\",\"@id\":\"https:\/\/uvbbrasil.com.br\/marcha-dos-vereadores-2017-acontece-de-25-28-de-abril-em-brasilia\/\",\"url\":\"https:\/\/uvbbrasil.com.br\/marcha-dos-vereadores-2017-acontece-de-25-28-de-abril-em-brasilia\/\",\"name\":\"Marcha dos Vereadores acontece de 25 a 28 de abril - UVB Brasil\",\"isPartOf\":{\"@id\":\"https:\/\/uvbbrasil.com.br\/#website\"},\"primaryImageOfPage\":{\"@id\":\"https:\/\/uvbbrasil.com.br\/marcha-dos-vereadores-2017-acontece-de-25-28-de-abril-em-brasilia\/#primaryimage\"},\"image\":{\"@id\":\"https:\/\/uvbbrasil.com.br\/marcha-dos-vereadores-2017-acontece-de-25-28-de-abril-em-brasilia\/#primaryimage\"},\"thumbnailUrl\":\"https:\/\/uvbbrasil.com.br\/wp-content\/uploads\/2016\/12\/Marcha-2017-2.jpg\",\"datePublished\":\"2016-01-25T16:32:51+00:00\",\"breadcrumb\":{\"@id\":\"https:\/\/uvbbrasil.com.br\/marcha-dos-vereadores-2017-acontece-de-25-28-de-abril-em-brasilia\/#breadcrumb\"},\"inLanguage\":\"pt-BR\",\"potentialAction\":[{\"@type\":\"ReadAction\",\"target\":[\"https:\/\/uvbbrasil.com.br\/marcha-dos-vereadores-2017-acontece-de-25-28-de-abril-em-brasilia\/\"]}]},{\"@type\":\"ImageObject\",\"inLanguage\":\"pt-BR\",\"@id\":\"https:\/\/uvbbrasil.com.br\/marcha-dos-vereadores-2017-acontece-de-25-28-de-abril-em-brasilia\/#primaryimage\",\"url\":\"https:\/\/uvbbrasil.com.br\/wp-content\/uploads\/2016\/12\/Marcha-2017-2.jpg\",\"contentUrl\":\"https:\/\/uvbbrasil.com.br\/wp-content\/uploads\/2016\/12\/Marcha-2017-2.jpg\",\"width\":652,\"height\":901},{\"@type\":\"BreadcrumbList\",\"@id\":\"https:\/\/uvbbrasil.com.br\/marcha-dos-vereadores-2017-acontece-de-25-28-de-abril-em-brasilia\/#breadcrumb\",\"itemListElement\":[{\"@type\":\"ListItem\",\"position\":1,\"name\":\"In\u00edcio\",\"item\":\"https:\/\/uvbbrasil.com.br\/\"},{\"@type\":\"ListItem\",\"position\":2,\"name\":\"Marcha dos Vereadores acontece de 25 a 28 de abril\"}]},{\"@type\":\"WebSite\",\"@id\":\"https:\/\/uvbbrasil.com.br\/#website\",\"url\":\"https:\/\/uvbbrasil.com.br\/\",\"name\":\"UVB Brasil\",\"description\":\"Uni\u00e3o dos Vereadores do Brasil\",\"publisher\":{\"@id\":\"https:\/\/uvbbrasil.com.br\/#organization\"},\"potentialAction\":[{\"@type\":\"SearchAction\",\"target\":{\"@type\":\"EntryPoint\",\"urlTemplate\":\"https:\/\/uvbbrasil.com.br\/?s={search_term_string}\"},\"query-input\":{\"@type\":\"PropertyValueSpecification\",\"valueRequired\":true,\"valueName\":\"search_term_string\"}}],\"inLanguage\":\"pt-BR\"},{\"@type\":\"Organization\",\"@id\":\"https:\/\/uvbbrasil.com.br\/#organization\",\"name\":\"UVB Brasil\",\"url\":\"https:\/\/uvbbrasil.com.br\/\",\"logo\":{\"@type\":\"ImageObject\",\"inLanguage\":\"pt-BR\",\"@id\":\"https:\/\/uvbbrasil.com.br\/#\/schema\/logo\/image\/\",\"url\":\"https:\/\/uvbbrasil.com.br\/wp-content\/uploads\/2025\/01\/LOGO-UVB-2024-azul-1.jpg\",\"contentUrl\":\"https:\/\/uvbbrasil.com.br\/wp-content\/uploads\/2025\/01\/LOGO-UVB-2024-azul-1.jpg\",\"width\":600,\"height\":211,\"caption\":\"UVB Brasil\"},\"image\":{\"@id\":\"https:\/\/uvbbrasil.com.br\/#\/schema\/logo\/image\/\"},\"sameAs\":[\"https:\/\/www.facebook.com\/uvb.vereadoresbrasil\",\"https:\/\/www.instagram.com\/uvbbrasil\/\",\"https:\/\/www.youtube.com\/channel\/UCIlPQ8Xzw5GHNzosQIg9S5A\"]},{\"@type\":\"Person\",\"@id\":\"https:\/\/uvbbrasil.com.br\/#\/schema\/person\/17990098446c098f52effddff4f1b272\",\"name\":\"adminuvb\",\"image\":{\"@type\":\"ImageObject\",\"inLanguage\":\"pt-BR\",\"@id\":\"https:\/\/uvbbrasil.com.br\/#\/schema\/person\/image\/\",\"url\":\"https:\/\/secure.gravatar.com\/avatar\/1a494ea6f8e2dd1ae526e55b0e9497efdba542491e0620d704cccf63c6f77c45?s=96&d=mm&r=g\",\"contentUrl\":\"https:\/\/secure.gravatar.com\/avatar\/1a494ea6f8e2dd1ae526e55b0e9497efdba542491e0620d704cccf63c6f77c45?s=96&d=mm&r=g\",\"caption\":\"adminuvb\"},\"sameAs\":[\"https:\/\/uvbbrasil.com.br\"],\"url\":\"https:\/\/uvbbrasil.com.br\/author\/adminuvb\/\"}]}<\/script>\n<!-- \/ Yoast SEO plugin. -->","yoast_head_json":{"title":"Marcha dos Vereadores acontece de 25 a 28 de abril - UVB Brasil","robots":{"index":"index","follow":"follow","max-snippet":"max-snippet:-1","max-image-preview":"max-image-preview:large","max-video-preview":"max-video-preview:-1"},"canonical":"https:\/\/uvbbrasil.com.br\/marcha-dos-vereadores-2017-acontece-de-25-28-de-abril-em-brasilia\/","og_locale":"pt_BR","og_type":"article","og_title":"Marcha dos Vereadores acontece de 25 a 28 de abril - UVB Brasil","og_description":"O PODER UNIDO \u00c9 MAIS FORTE Abril de\u00a0\u00a02017 acontece\u00a0mais uma edi\u00e7\u00e3o da MARCHA DOS VEREADORES onde os grandes temas da...","og_url":"https:\/\/uvbbrasil.com.br\/marcha-dos-vereadores-2017-acontece-de-25-28-de-abril-em-brasilia\/","og_site_name":"UVB Brasil","article_publisher":"https:\/\/www.facebook.com\/uvb.vereadoresbrasil","article_published_time":"2016-01-25T16:32:51+00:00","og_image":[{"width":652,"height":901,"url":"https:\/\/uvbbrasil.com.br\/wp-content\/uploads\/2016\/12\/Marcha-2017-2.jpg","type":"image\/jpeg"}],"author":"adminuvb","twitter_card":"summary_large_image","twitter_misc":{"Escrito por":"adminuvb","Est. tempo de leitura":"1 minuto"},"schema":{"@context":"https:\/\/schema.org","@graph":[{"@type":"Article","@id":"https:\/\/uvbbrasil.com.br\/marcha-dos-vereadores-2017-acontece-de-25-28-de-abril-em-brasilia\/#article","isPartOf":{"@id":"https:\/\/uvbbrasil.com.br\/marcha-dos-vereadores-2017-acontece-de-25-28-de-abril-em-brasilia\/"},"author":{"name":"adminuvb","@id":"https:\/\/uvbbrasil.com.br\/#\/schema\/person\/17990098446c098f52effddff4f1b272"},"headline":"Marcha dos Vereadores acontece de 25 a 28 de abril","datePublished":"2016-01-25T16:32:51+00:00","mainEntityOfPage":{"@id":"https:\/\/uvbbrasil.com.br\/marcha-dos-vereadores-2017-acontece-de-25-28-de-abril-em-brasilia\/"},"wordCount":166,"commentCount":0,"publisher":{"@id":"https:\/\/uvbbrasil.com.br\/#organization"},"image":{"@id":"https:\/\/uvbbrasil.com.br\/marcha-dos-vereadores-2017-acontece-de-25-28-de-abril-em-brasilia\/#primaryimage"},"thumbnailUrl":"https:\/\/uvbbrasil.com.br\/wp-content\/uploads\/2016\/12\/Marcha-2017-2.jpg","articleSection":["UVB"],"inLanguage":"pt-BR","potentialAction":[{"@type":"CommentAction","name":"Comment","target":["https:\/\/uvbbrasil.com.br\/marcha-dos-vereadores-2017-acontece-de-25-28-de-abril-em-brasilia\/#respond"]}]},{"@type":"WebPage","@id":"https:\/\/uvbbrasil.com.br\/marcha-dos-vereadores-2017-acontece-de-25-28-de-abril-em-brasilia\/","url":"https:\/\/uvbbrasil.com.br\/marcha-dos-vereadores-2017-acontece-de-25-28-de-abril-em-brasilia\/","name":"Marcha dos Vereadores acontece de 25 a 28 de abril - UVB Brasil","isPartOf":{"@id":"https:\/\/uvbbrasil.com.br\/#website"},"primaryImageOfPage":{"@id":"https:\/\/uvbbrasil.com.br\/marcha-dos-vereadores-2017-acontece-de-25-28-de-abril-em-brasilia\/#primaryimage"},"image":{"@id":"https:\/\/uvbbrasil.com.br\/marcha-dos-vereadores-2017-acontece-de-25-28-de-abril-em-brasilia\/#primaryimage"},"thumbnailUrl":"https:\/\/uvbbrasil.com.br\/wp-content\/uploads\/2016\/12\/Marcha-2017-2.jpg","datePublished":"2016-01-25T16:32:51+00:00","breadcrumb":{"@id":"https:\/\/uvbbrasil.com.br\/marcha-dos-vereadores-2017-acontece-de-25-28-de-abril-em-brasilia\/#breadcrumb"},"inLanguage":"pt-BR","potentialAction":[{"@type":"ReadAction","target":["https:\/\/uvbbrasil.com.br\/marcha-dos-vereadores-2017-acontece-de-25-28-de-abril-em-brasilia\/"]}]},{"@type":"ImageObject","inLanguage":"pt-BR","@id":"https:\/\/uvbbrasil.com.br\/marcha-dos-vereadores-2017-acontece-de-25-28-de-abril-em-brasilia\/#primaryimage","url":"https:\/\/uvbbrasil.com.br\/wp-content\/uploads\/2016\/12\/Marcha-2017-2.jpg","contentUrl":"https:\/\/uvbbrasil.com.br\/wp-content\/uploads\/2016\/12\/Marcha-2017-2.jpg","width":652,"height":901},{"@type":"BreadcrumbList","@id":"https:\/\/uvbbrasil.com.br\/marcha-dos-vereadores-2017-acontece-de-25-28-de-abril-em-brasilia\/#breadcrumb","itemListElement":[{"@type":"ListItem","position":1,"name":"In\u00edcio","item":"https:\/\/uvbbrasil.com.br\/"},{"@type":"ListItem","position":2,"name":"Marcha dos Vereadores acontece de 25 a 28 de abril"}]},{"@type":"WebSite","@id":"https:\/\/uvbbrasil.com.br\/#website","url":"https:\/\/uvbbrasil.com.br\/","name":"UVB Brasil","description":"Uni\u00e3o dos Vereadores do Brasil","publisher":{"@id":"https:\/\/uvbbrasil.com.br\/#organization"},"potentialAction":[{"@type":"SearchAction","target":{"@type":"EntryPoint","urlTemplate":"https:\/\/uvbbrasil.com.br\/?s={search_term_string}"},"query-input":{"@type":"PropertyValueSpecification","valueRequired":true,"valueName":"search_term_string"}}],"inLanguage":"pt-BR"},{"@type":"Organization","@id":"https:\/\/uvbbrasil.com.br\/#organization","name":"UVB Brasil","url":"https:\/\/uvbbrasil.com.br\/","logo":{"@type":"ImageObject","inLanguage":"pt-BR","@id":"https:\/\/uvbbrasil.com.br\/#\/schema\/logo\/image\/","url":"https:\/\/uvbbrasil.com.br\/wp-content\/uploads\/2025\/01\/LOGO-UVB-2024-azul-1.jpg","contentUrl":"https:\/\/uvbbrasil.com.br\/wp-content\/uploads\/2025\/01\/LOGO-UVB-2024-azul-1.jpg","width":600,"height":211,"caption":"UVB Brasil"},"image":{"@id":"https:\/\/uvbbrasil.com.br\/#\/schema\/logo\/image\/"},"sameAs":["https:\/\/www.facebook.com\/uvb.vereadoresbrasil","https:\/\/www.instagram.com\/uvbbrasil\/","https:\/\/www.youtube.com\/channel\/UCIlPQ8Xzw5GHNzosQIg9S5A"]},{"@type":"Person","@id":"https:\/\/uvbbrasil.com.br\/#\/schema\/person\/17990098446c098f52effddff4f1b272","name":"adminuvb","image":{"@type":"ImageObject","inLanguage":"pt-BR","@id":"https:\/\/uvbbrasil.com.br\/#\/schema\/person\/image\/","url":"https:\/\/secure.gravatar.com\/avatar\/1a494ea6f8e2dd1ae526e55b0e9497efdba542491e0620d704cccf63c6f77c45?s=96&d=mm&r=g","contentUrl":"https:\/\/secure.gravatar.com\/avatar\/1a494ea6f8e2dd1ae526e55b0e9497efdba542491e0620d704cccf63c6f77c45?s=96&d=mm&r=g","caption":"adminuvb"},"sameAs":["https:\/\/uvbbrasil.com.br"],"url":"https:\/\/uvbbrasil.com.br\/author\/adminuvb\/"}]}},"_links":{"self":[{"href":"https:\/\/uvbbrasil.com.br\/uvb-json\/wp\/v2\/posts\/5219","targetHints":{"allow":["GET"]}}],"collection":[{"href":"https:\/\/uvbbrasil.com.br\/uvb-json\/wp\/v2\/posts"}],"about":[{"href":"https:\/\/uvbbrasil.com.br\/uvb-json\/wp\/v2\/types\/post"}],"author":[{"embeddable":true,"href":"https:\/\/uvbbrasil.com.br\/uvb-json\/wp\/v2\/users\/1"}],"replies":[{"embeddable":true,"href":"https:\/\/uvbbrasil.com.br\/uvb-json\/wp\/v2\/comments?post=5219"}],"version-history":[{"count":0,"href":"https:\/\/uvbbrasil.com.br\/uvb-json\/wp\/v2\/posts\/5219\/revisions"}],"wp:featuredmedia":[{"embeddable":true,"href":"https:\/\/uvbbrasil.com.br\/uvb-json\/wp\/v2\/media\/5241"}],"wp:attachment":[{"href":"https:\/\/uvbbrasil.com.br\/uvb-json\/wp\/v2\/media?parent=5219"}],"wp:term":[{"taxonomy":"category","embeddable":true,"href":"https:\/\/uvbbrasil.com.br\/uvb-json\/wp\/v2\/categories?post=5219"},{"taxonomy":"post_tag","embeddable":true,"href":"https:\/\/uvbbrasil.com.br\/uvb-json\/wp\/v2\/tags?post=5219"}],"curies":[{"name":"wp","href":"https:\/\/api.w.org\/{rel}","templated":true}]}}