{"id":488,"date":"2015-05-25T20:38:25","date_gmt":"2015-05-25T20:38:25","guid":{"rendered":"https:\/\/wpsandbox4.pante.com.br\/?p=488"},"modified":"2015-05-25T20:38:25","modified_gmt":"2015-05-25T20:38:25","slug":"uvb-acompanhando-a-reforma-politica","status":"publish","type":"post","link":"https:\/\/uvbbrasil.com.br\/uvb-acompanhando-a-reforma-politica\/","title":{"rendered":"UVB acompanhando a Reforma Pol\u00edtica"},"content":{"rendered":"<p>A Uni\u00e3o dos Vereadores do Brasil (UVB), atrav\u00e9s de seu presidente o Vereador Gilson Conzatti, do seu vice-presidente Vereador Marcio Souza e dos Vereadores Valdomiro da Quero e do presidente da Uni\u00e3o dos Vereadores de Goi\u00e1s, Talismar Ferreira Correia, estar\u00e3o participando da reuni\u00e3o de l\u00edderes partid\u00e1rios que acontece neste dia 25 de maio de 2015, \u00e0s 18 horas, no gabinete da Presid\u00eancia, na C\u00e2mara dos Deputados em Bras\u00edlia, no Distrito Federal, que ir\u00e1 definir os procedimentos para a vota\u00e7\u00e3o da mat\u00e9ria sobre a Reforma Pol\u00edtica.<\/p>\n<p>O Plen\u00e1rio da C\u00e2mara dos Deputados dedicar\u00e1 todas as sess\u00f5es deliberativas desta semana &#8211; de ter\u00e7a-feira (26) a quinta-feira (28) &#8211; para a discuss\u00e3o e vota\u00e7\u00e3o da reforma pol\u00edtica (PECs 182\/07 e outras).<\/p>\n<p>Segundo o presidente da C\u00e2mara, Eduardo Cunha, os temas poder\u00e3o seguir a seguinte ordem: sistema eleitoral; financiamento de campanhas; proibi\u00e7\u00e3o ou n\u00e3o da reelei\u00e7\u00e3o; dura\u00e7\u00e3o dos mandatos de cargos eletivos; coincid\u00eancia de mandatos; cota de 30% para as mulheres; fim da coliga\u00e7\u00e3o proporcional; e cl\u00e1usula de barreira.<\/p>\n<p>Se prevalecer essa ordem, o Plen\u00e1rio analisar\u00e1 primeiro o chamado \u201cdistrit\u00e3o\u201d, modelo que acaba com o atual sistema proporcional para elei\u00e7\u00e3o de deputados e vereadores e determina a elei\u00e7\u00e3o dos mais votados pelo sistema majorit\u00e1rio.<\/p>\n<p>Caso o \u201cdistrit\u00e3o\u201d consiga o apoio de 308 deputados, o Plen\u00e1rio passar\u00e1 para o pr\u00f3ximo tema, o financiamento. Do contr\u00e1rio, o Plen\u00e1rio discutir\u00e1 uma outra op\u00e7\u00e3o de sistema, o distrital misto, em que parte das vagas ser\u00e1 preenchida pelo sistema proporcional e o restante pelo sistema majorit\u00e1rio. Se esse tema perder, ser\u00e1 analisado ent\u00e3o o sistema de listas partid\u00e1rias. E se os tr\u00eas modelos forem rejeitados, mant\u00e9m-se o atual.<\/p>\n<p>O texto depender\u00e1 de\u00a0emendas aglutinativas\u00a0que poder\u00e3o ser apresentadas ao longo da vota\u00e7\u00e3o. Essas emendas surgem do aproveitamento de emendas apresentadas ao texto original e parte ou n\u00e3o do texto, resultando em nova reda\u00e7\u00e3o que contenha rela\u00e7\u00e3o com as emendas usadas como suporte.<\/p>\n<p>&nbsp;<\/p>\n","protected":false},"excerpt":{"rendered":"<p>A Uni\u00e3o dos Vereadores do Brasil (UVB), atrav\u00e9s de seu presidente o Vereador Gilson Conzatti, do seu vice-presidente Vereador Marcio&#8230;<\/p>\n","protected":false},"author":1,"featured_media":489,"comment_status":"open","ping_status":"open","sticky":false,"template":"","format":"standard","meta":{"footnotes":""},"categories":[4],"tags":[],"class_list":["post-488","post","type-post","status-publish","format-standard","has-post-thumbnail","hentry","category-home"],"yoast_head":"<!-- This site is optimized with the Yoast SEO plugin v26.7 - https:\/\/yoast.com\/wordpress\/plugins\/seo\/ -->\n<title>UVB acompanhando a Reforma Pol\u00edtica - UVB Brasil<\/title>\n<meta name=\"robots\" content=\"index, follow, max-snippet:-1, max-image-preview:large, max-video-preview:-1\" \/>\n<link rel=\"canonical\" href=\"https:\/\/uvbbrasil.com.br\/uvb-acompanhando-a-reforma-politica\/\" \/>\n<meta property=\"og:locale\" content=\"pt_BR\" \/>\n<meta property=\"og:type\" content=\"article\" \/>\n<meta property=\"og:title\" content=\"UVB acompanhando a Reforma Pol\u00edtica - UVB Brasil\" \/>\n<meta property=\"og:description\" content=\"A Uni\u00e3o dos Vereadores do Brasil (UVB), atrav\u00e9s de seu presidente o Vereador Gilson Conzatti, do seu vice-presidente Vereador Marcio...\" \/>\n<meta property=\"og:url\" content=\"https:\/\/uvbbrasil.com.br\/uvb-acompanhando-a-reforma-politica\/\" \/>\n<meta property=\"og:site_name\" content=\"UVB Brasil\" \/>\n<meta property=\"article:publisher\" content=\"https:\/\/www.facebook.com\/uvb.vereadoresbrasil\" \/>\n<meta property=\"article:published_time\" content=\"2015-05-25T20:38:25+00:00\" \/>\n<meta property=\"og:image\" content=\"https:\/\/uvbbrasil.com.br\/wp-content\/uploads\/2015\/05\/Reforma-Politica-imagem.jpg\" \/>\n\t<meta property=\"og:image:width\" content=\"600\" \/>\n\t<meta property=\"og:image:height\" content=\"399\" \/>\n\t<meta property=\"og:image:type\" content=\"image\/jpeg\" \/>\n<meta name=\"author\" content=\"adminuvb\" \/>\n<meta name=\"twitter:card\" content=\"summary_large_image\" \/>\n<meta name=\"twitter:label1\" content=\"Escrito por\" \/>\n\t<meta name=\"twitter:data1\" content=\"adminuvb\" \/>\n\t<meta name=\"twitter:label2\" content=\"Est. tempo de leitura\" \/>\n\t<meta name=\"twitter:data2\" content=\"2 minutos\" \/>\n<script type=\"application\/ld+json\" class=\"yoast-schema-graph\">{\"@context\":\"https:\/\/schema.org\",\"@graph\":[{\"@type\":\"Article\",\"@id\":\"https:\/\/uvbbrasil.com.br\/uvb-acompanhando-a-reforma-politica\/#article\",\"isPartOf\":{\"@id\":\"https:\/\/uvbbrasil.com.br\/uvb-acompanhando-a-reforma-politica\/\"},\"author\":{\"name\":\"adminuvb\",\"@id\":\"https:\/\/uvbbrasil.com.br\/#\/schema\/person\/17990098446c098f52effddff4f1b272\"},\"headline\":\"UVB acompanhando a Reforma Pol\u00edtica\",\"datePublished\":\"2015-05-25T20:38:25+00:00\",\"mainEntityOfPage\":{\"@id\":\"https:\/\/uvbbrasil.com.br\/uvb-acompanhando-a-reforma-politica\/\"},\"wordCount\":363,\"commentCount\":0,\"publisher\":{\"@id\":\"https:\/\/uvbbrasil.com.br\/#organization\"},\"image\":{\"@id\":\"https:\/\/uvbbrasil.com.br\/uvb-acompanhando-a-reforma-politica\/#primaryimage\"},\"thumbnailUrl\":\"https:\/\/uvbbrasil.com.br\/wp-content\/uploads\/2015\/05\/Reforma-Politica-imagem.jpg\",\"articleSection\":[\"UVB\"],\"inLanguage\":\"pt-BR\",\"potentialAction\":[{\"@type\":\"CommentAction\",\"name\":\"Comment\",\"target\":[\"https:\/\/uvbbrasil.com.br\/uvb-acompanhando-a-reforma-politica\/#respond\"]}]},{\"@type\":\"WebPage\",\"@id\":\"https:\/\/uvbbrasil.com.br\/uvb-acompanhando-a-reforma-politica\/\",\"url\":\"https:\/\/uvbbrasil.com.br\/uvb-acompanhando-a-reforma-politica\/\",\"name\":\"UVB acompanhando a Reforma Pol\u00edtica - UVB Brasil\",\"isPartOf\":{\"@id\":\"https:\/\/uvbbrasil.com.br\/#website\"},\"primaryImageOfPage\":{\"@id\":\"https:\/\/uvbbrasil.com.br\/uvb-acompanhando-a-reforma-politica\/#primaryimage\"},\"image\":{\"@id\":\"https:\/\/uvbbrasil.com.br\/uvb-acompanhando-a-reforma-politica\/#primaryimage\"},\"thumbnailUrl\":\"https:\/\/uvbbrasil.com.br\/wp-content\/uploads\/2015\/05\/Reforma-Politica-imagem.jpg\",\"datePublished\":\"2015-05-25T20:38:25+00:00\",\"breadcrumb\":{\"@id\":\"https:\/\/uvbbrasil.com.br\/uvb-acompanhando-a-reforma-politica\/#breadcrumb\"},\"inLanguage\":\"pt-BR\",\"potentialAction\":[{\"@type\":\"ReadAction\",\"target\":[\"https:\/\/uvbbrasil.com.br\/uvb-acompanhando-a-reforma-politica\/\"]}]},{\"@type\":\"ImageObject\",\"inLanguage\":\"pt-BR\",\"@id\":\"https:\/\/uvbbrasil.com.br\/uvb-acompanhando-a-reforma-politica\/#primaryimage\",\"url\":\"https:\/\/uvbbrasil.com.br\/wp-content\/uploads\/2015\/05\/Reforma-Politica-imagem.jpg\",\"contentUrl\":\"https:\/\/uvbbrasil.com.br\/wp-content\/uploads\/2015\/05\/Reforma-Politica-imagem.jpg\",\"width\":600,\"height\":399},{\"@type\":\"BreadcrumbList\",\"@id\":\"https:\/\/uvbbrasil.com.br\/uvb-acompanhando-a-reforma-politica\/#breadcrumb\",\"itemListElement\":[{\"@type\":\"ListItem\",\"position\":1,\"name\":\"In\u00edcio\",\"item\":\"https:\/\/uvbbrasil.com.br\/\"},{\"@type\":\"ListItem\",\"position\":2,\"name\":\"UVB acompanhando a Reforma Pol\u00edtica\"}]},{\"@type\":\"WebSite\",\"@id\":\"https:\/\/uvbbrasil.com.br\/#website\",\"url\":\"https:\/\/uvbbrasil.com.br\/\",\"name\":\"UVB Brasil\",\"description\":\"Uni\u00e3o dos Vereadores do Brasil\",\"publisher\":{\"@id\":\"https:\/\/uvbbrasil.com.br\/#organization\"},\"potentialAction\":[{\"@type\":\"SearchAction\",\"target\":{\"@type\":\"EntryPoint\",\"urlTemplate\":\"https:\/\/uvbbrasil.com.br\/?s={search_term_string}\"},\"query-input\":{\"@type\":\"PropertyValueSpecification\",\"valueRequired\":true,\"valueName\":\"search_term_string\"}}],\"inLanguage\":\"pt-BR\"},{\"@type\":\"Organization\",\"@id\":\"https:\/\/uvbbrasil.com.br\/#organization\",\"name\":\"UVB Brasil\",\"url\":\"https:\/\/uvbbrasil.com.br\/\",\"logo\":{\"@type\":\"ImageObject\",\"inLanguage\":\"pt-BR\",\"@id\":\"https:\/\/uvbbrasil.com.br\/#\/schema\/logo\/image\/\",\"url\":\"https:\/\/uvbbrasil.com.br\/wp-content\/uploads\/2025\/01\/LOGO-UVB-2024-azul-1.jpg\",\"contentUrl\":\"https:\/\/uvbbrasil.com.br\/wp-content\/uploads\/2025\/01\/LOGO-UVB-2024-azul-1.jpg\",\"width\":600,\"height\":211,\"caption\":\"UVB Brasil\"},\"image\":{\"@id\":\"https:\/\/uvbbrasil.com.br\/#\/schema\/logo\/image\/\"},\"sameAs\":[\"https:\/\/www.facebook.com\/uvb.vereadoresbrasil\",\"https:\/\/www.instagram.com\/uvbbrasil\/\",\"https:\/\/www.youtube.com\/channel\/UCIlPQ8Xzw5GHNzosQIg9S5A\"]},{\"@type\":\"Person\",\"@id\":\"https:\/\/uvbbrasil.com.br\/#\/schema\/person\/17990098446c098f52effddff4f1b272\",\"name\":\"adminuvb\",\"image\":{\"@type\":\"ImageObject\",\"inLanguage\":\"pt-BR\",\"@id\":\"https:\/\/uvbbrasil.com.br\/#\/schema\/person\/image\/\",\"url\":\"https:\/\/secure.gravatar.com\/avatar\/1a494ea6f8e2dd1ae526e55b0e9497efdba542491e0620d704cccf63c6f77c45?s=96&d=mm&r=g\",\"contentUrl\":\"https:\/\/secure.gravatar.com\/avatar\/1a494ea6f8e2dd1ae526e55b0e9497efdba542491e0620d704cccf63c6f77c45?s=96&d=mm&r=g\",\"caption\":\"adminuvb\"},\"sameAs\":[\"https:\/\/uvbbrasil.com.br\"],\"url\":\"https:\/\/uvbbrasil.com.br\/author\/adminuvb\/\"}]}<\/script>\n<!-- \/ Yoast SEO plugin. -->","yoast_head_json":{"title":"UVB acompanhando a Reforma Pol\u00edtica - UVB Brasil","robots":{"index":"index","follow":"follow","max-snippet":"max-snippet:-1","max-image-preview":"max-image-preview:large","max-video-preview":"max-video-preview:-1"},"canonical":"https:\/\/uvbbrasil.com.br\/uvb-acompanhando-a-reforma-politica\/","og_locale":"pt_BR","og_type":"article","og_title":"UVB acompanhando a Reforma Pol\u00edtica - UVB Brasil","og_description":"A Uni\u00e3o dos Vereadores do Brasil (UVB), atrav\u00e9s de seu presidente o Vereador Gilson Conzatti, do seu vice-presidente Vereador Marcio...","og_url":"https:\/\/uvbbrasil.com.br\/uvb-acompanhando-a-reforma-politica\/","og_site_name":"UVB Brasil","article_publisher":"https:\/\/www.facebook.com\/uvb.vereadoresbrasil","article_published_time":"2015-05-25T20:38:25+00:00","og_image":[{"width":600,"height":399,"url":"https:\/\/uvbbrasil.com.br\/wp-content\/uploads\/2015\/05\/Reforma-Politica-imagem.jpg","type":"image\/jpeg"}],"author":"adminuvb","twitter_card":"summary_large_image","twitter_misc":{"Escrito por":"adminuvb","Est. tempo de leitura":"2 minutos"},"schema":{"@context":"https:\/\/schema.org","@graph":[{"@type":"Article","@id":"https:\/\/uvbbrasil.com.br\/uvb-acompanhando-a-reforma-politica\/#article","isPartOf":{"@id":"https:\/\/uvbbrasil.com.br\/uvb-acompanhando-a-reforma-politica\/"},"author":{"name":"adminuvb","@id":"https:\/\/uvbbrasil.com.br\/#\/schema\/person\/17990098446c098f52effddff4f1b272"},"headline":"UVB acompanhando a Reforma Pol\u00edtica","datePublished":"2015-05-25T20:38:25+00:00","mainEntityOfPage":{"@id":"https:\/\/uvbbrasil.com.br\/uvb-acompanhando-a-reforma-politica\/"},"wordCount":363,"commentCount":0,"publisher":{"@id":"https:\/\/uvbbrasil.com.br\/#organization"},"image":{"@id":"https:\/\/uvbbrasil.com.br\/uvb-acompanhando-a-reforma-politica\/#primaryimage"},"thumbnailUrl":"https:\/\/uvbbrasil.com.br\/wp-content\/uploads\/2015\/05\/Reforma-Politica-imagem.jpg","articleSection":["UVB"],"inLanguage":"pt-BR","potentialAction":[{"@type":"CommentAction","name":"Comment","target":["https:\/\/uvbbrasil.com.br\/uvb-acompanhando-a-reforma-politica\/#respond"]}]},{"@type":"WebPage","@id":"https:\/\/uvbbrasil.com.br\/uvb-acompanhando-a-reforma-politica\/","url":"https:\/\/uvbbrasil.com.br\/uvb-acompanhando-a-reforma-politica\/","name":"UVB acompanhando a Reforma Pol\u00edtica - UVB Brasil","isPartOf":{"@id":"https:\/\/uvbbrasil.com.br\/#website"},"primaryImageOfPage":{"@id":"https:\/\/uvbbrasil.com.br\/uvb-acompanhando-a-reforma-politica\/#primaryimage"},"image":{"@id":"https:\/\/uvbbrasil.com.br\/uvb-acompanhando-a-reforma-politica\/#primaryimage"},"thumbnailUrl":"https:\/\/uvbbrasil.com.br\/wp-content\/uploads\/2015\/05\/Reforma-Politica-imagem.jpg","datePublished":"2015-05-25T20:38:25+00:00","breadcrumb":{"@id":"https:\/\/uvbbrasil.com.br\/uvb-acompanhando-a-reforma-politica\/#breadcrumb"},"inLanguage":"pt-BR","potentialAction":[{"@type":"ReadAction","target":["https:\/\/uvbbrasil.com.br\/uvb-acompanhando-a-reforma-politica\/"]}]},{"@type":"ImageObject","inLanguage":"pt-BR","@id":"https:\/\/uvbbrasil.com.br\/uvb-acompanhando-a-reforma-politica\/#primaryimage","url":"https:\/\/uvbbrasil.com.br\/wp-content\/uploads\/2015\/05\/Reforma-Politica-imagem.jpg","contentUrl":"https:\/\/uvbbrasil.com.br\/wp-content\/uploads\/2015\/05\/Reforma-Politica-imagem.jpg","width":600,"height":399},{"@type":"BreadcrumbList","@id":"https:\/\/uvbbrasil.com.br\/uvb-acompanhando-a-reforma-politica\/#breadcrumb","itemListElement":[{"@type":"ListItem","position":1,"name":"In\u00edcio","item":"https:\/\/uvbbrasil.com.br\/"},{"@type":"ListItem","position":2,"name":"UVB acompanhando a Reforma Pol\u00edtica"}]},{"@type":"WebSite","@id":"https:\/\/uvbbrasil.com.br\/#website","url":"https:\/\/uvbbrasil.com.br\/","name":"UVB Brasil","description":"Uni\u00e3o dos Vereadores do Brasil","publisher":{"@id":"https:\/\/uvbbrasil.com.br\/#organization"},"potentialAction":[{"@type":"SearchAction","target":{"@type":"EntryPoint","urlTemplate":"https:\/\/uvbbrasil.com.br\/?s={search_term_string}"},"query-input":{"@type":"PropertyValueSpecification","valueRequired":true,"valueName":"search_term_string"}}],"inLanguage":"pt-BR"},{"@type":"Organization","@id":"https:\/\/uvbbrasil.com.br\/#organization","name":"UVB Brasil","url":"https:\/\/uvbbrasil.com.br\/","logo":{"@type":"ImageObject","inLanguage":"pt-BR","@id":"https:\/\/uvbbrasil.com.br\/#\/schema\/logo\/image\/","url":"https:\/\/uvbbrasil.com.br\/wp-content\/uploads\/2025\/01\/LOGO-UVB-2024-azul-1.jpg","contentUrl":"https:\/\/uvbbrasil.com.br\/wp-content\/uploads\/2025\/01\/LOGO-UVB-2024-azul-1.jpg","width":600,"height":211,"caption":"UVB Brasil"},"image":{"@id":"https:\/\/uvbbrasil.com.br\/#\/schema\/logo\/image\/"},"sameAs":["https:\/\/www.facebook.com\/uvb.vereadoresbrasil","https:\/\/www.instagram.com\/uvbbrasil\/","https:\/\/www.youtube.com\/channel\/UCIlPQ8Xzw5GHNzosQIg9S5A"]},{"@type":"Person","@id":"https:\/\/uvbbrasil.com.br\/#\/schema\/person\/17990098446c098f52effddff4f1b272","name":"adminuvb","image":{"@type":"ImageObject","inLanguage":"pt-BR","@id":"https:\/\/uvbbrasil.com.br\/#\/schema\/person\/image\/","url":"https:\/\/secure.gravatar.com\/avatar\/1a494ea6f8e2dd1ae526e55b0e9497efdba542491e0620d704cccf63c6f77c45?s=96&d=mm&r=g","contentUrl":"https:\/\/secure.gravatar.com\/avatar\/1a494ea6f8e2dd1ae526e55b0e9497efdba542491e0620d704cccf63c6f77c45?s=96&d=mm&r=g","caption":"adminuvb"},"sameAs":["https:\/\/uvbbrasil.com.br"],"url":"https:\/\/uvbbrasil.com.br\/author\/adminuvb\/"}]}},"_links":{"self":[{"href":"https:\/\/uvbbrasil.com.br\/uvb-json\/wp\/v2\/posts\/488","targetHints":{"allow":["GET"]}}],"collection":[{"href":"https:\/\/uvbbrasil.com.br\/uvb-json\/wp\/v2\/posts"}],"about":[{"href":"https:\/\/uvbbrasil.com.br\/uvb-json\/wp\/v2\/types\/post"}],"author":[{"embeddable":true,"href":"https:\/\/uvbbrasil.com.br\/uvb-json\/wp\/v2\/users\/1"}],"replies":[{"embeddable":true,"href":"https:\/\/uvbbrasil.com.br\/uvb-json\/wp\/v2\/comments?post=488"}],"version-history":[{"count":0,"href":"https:\/\/uvbbrasil.com.br\/uvb-json\/wp\/v2\/posts\/488\/revisions"}],"wp:featuredmedia":[{"embeddable":true,"href":"https:\/\/uvbbrasil.com.br\/uvb-json\/wp\/v2\/media\/489"}],"wp:attachment":[{"href":"https:\/\/uvbbrasil.com.br\/uvb-json\/wp\/v2\/media?parent=488"}],"wp:term":[{"taxonomy":"category","embeddable":true,"href":"https:\/\/uvbbrasil.com.br\/uvb-json\/wp\/v2\/categories?post=488"},{"taxonomy":"post_tag","embeddable":true,"href":"https:\/\/uvbbrasil.com.br\/uvb-json\/wp\/v2\/tags?post=488"}],"curies":[{"name":"wp","href":"https:\/\/api.w.org\/{rel}","templated":true}]}}