{"id":4429,"date":"2016-06-27T21:12:27","date_gmt":"2016-06-28T00:12:27","guid":{"rendered":"https:\/\/wpsandbox4.pante.com.br\/?p=4429"},"modified":"2016-06-27T21:12:27","modified_gmt":"2016-06-28T00:12:27","slug":"kniphoff-palestra-etica-familia-e-poder","status":"publish","type":"post","link":"https:\/\/uvbbrasil.com.br\/kniphoff-palestra-etica-familia-e-poder\/","title":{"rendered":"Kniphoff palestrou sobre \u201c\u00c9tica, Fam\u00edlia e Poder\u201d"},"content":{"rendered":"<p style=\"text-align: justify;\">O m\u00e9dico e vereador de Lajeado\/RS, S\u00e9rgio Kniphopp foi um dos palestrantes do F\u00f3rum Nacional da Mulher Parlamentar da UVB no Hotel Embaixador na capital ga\u00facha. Este \u00e9 o terceiro ano que o m\u00e9dico lajeadense participa de atividades da UVB, anteriormente Kniphoff, palestrou nos munic\u00edpios de Canela\/RS e Florian\u00f3polis\/SC. Com o tema \u00c9tica, Fam\u00edlia e Poder, enfocando qualidade de vida e rela\u00e7\u00f5es afetivas.<\/p>\n<p style=\"text-align: justify;\">O encontro do F\u00f3rum Nacional da Mulher Parlamentar aconteceu de 22 a 24 de junho em Porto Alegre e reuniu representantes de onze estados brasileiros.<\/p>\n<p style=\"text-align: justify;\"><img fetchpriority=\"high\" decoding=\"async\" class=\"aligncenter size-full wp-image-4431\" src=\"https:\/\/uvbbrasil.com.br\/wp-content\/uploads\/2016\/06\/IMG_6058.jpg\" alt=\"IMG_6058\" width=\"800\" height=\"533\" srcset=\"https:\/\/uvbbrasil.com.br\/wp-content\/uploads\/2016\/06\/IMG_6058.jpg 800w, https:\/\/uvbbrasil.com.br\/wp-content\/uploads\/2016\/06\/IMG_6058-300x200.jpg 300w, https:\/\/uvbbrasil.com.br\/wp-content\/uploads\/2016\/06\/IMG_6058-768x512.jpg 768w\" sizes=\"(max-width: 800px) 100vw, 800px\" \/><img decoding=\"async\" class=\"aligncenter size-full wp-image-4464\" src=\"https:\/\/uvbbrasil.com.br\/wp-content\/uploads\/2016\/06\/IMG_6060.jpg\" alt=\"IMG_6060\" width=\"800\" height=\"533\" srcset=\"https:\/\/uvbbrasil.com.br\/wp-content\/uploads\/2016\/06\/IMG_6060.jpg 800w, https:\/\/uvbbrasil.com.br\/wp-content\/uploads\/2016\/06\/IMG_6060-300x200.jpg 300w, https:\/\/uvbbrasil.com.br\/wp-content\/uploads\/2016\/06\/IMG_6060-768x512.jpg 768w\" sizes=\"(max-width: 800px) 100vw, 800px\" \/><\/p>\n<p style=\"text-align: justify;\"><img decoding=\"async\" class=\"aligncenter size-full wp-image-4459\" src=\"https:\/\/uvbbrasil.com.br\/wp-content\/uploads\/2016\/06\/IMG_6069.jpg\" alt=\"IMG_6069\" width=\"800\" height=\"533\" srcset=\"https:\/\/uvbbrasil.com.br\/wp-content\/uploads\/2016\/06\/IMG_6069.jpg 800w, https:\/\/uvbbrasil.com.br\/wp-content\/uploads\/2016\/06\/IMG_6069-300x200.jpg 300w, https:\/\/uvbbrasil.com.br\/wp-content\/uploads\/2016\/06\/IMG_6069-768x512.jpg 768w\" sizes=\"(max-width: 800px) 100vw, 800px\" \/><img loading=\"lazy\" decoding=\"async\" class=\"aligncenter size-full wp-image-4457\" src=\"https:\/\/uvbbrasil.com.br\/wp-content\/uploads\/2016\/06\/IMG_6075.jpg\" alt=\"IMG_6075\" width=\"533\" height=\"800\" srcset=\"https:\/\/uvbbrasil.com.br\/wp-content\/uploads\/2016\/06\/IMG_6075.jpg 533w, https:\/\/uvbbrasil.com.br\/wp-content\/uploads\/2016\/06\/IMG_6075-200x300.jpg 200w\" sizes=\"(max-width: 533px) 100vw, 533px\" \/><img loading=\"lazy\" decoding=\"async\" class=\"aligncenter size-full wp-image-4454\" src=\"https:\/\/uvbbrasil.com.br\/wp-content\/uploads\/2016\/06\/IMG_6081.jpg\" alt=\"IMG_6081\" width=\"800\" height=\"533\" srcset=\"https:\/\/uvbbrasil.com.br\/wp-content\/uploads\/2016\/06\/IMG_6081.jpg 800w, https:\/\/uvbbrasil.com.br\/wp-content\/uploads\/2016\/06\/IMG_6081-300x200.jpg 300w, https:\/\/uvbbrasil.com.br\/wp-content\/uploads\/2016\/06\/IMG_6081-768x512.jpg 768w\" sizes=\"(max-width: 800px) 100vw, 800px\" \/><img loading=\"lazy\" decoding=\"async\" class=\"aligncenter size-full wp-image-4453\" src=\"https:\/\/uvbbrasil.com.br\/wp-content\/uploads\/2016\/06\/IMG_6083.jpg\" alt=\"IMG_6083\" width=\"800\" height=\"533\" srcset=\"https:\/\/uvbbrasil.com.br\/wp-content\/uploads\/2016\/06\/IMG_6083.jpg 800w, https:\/\/uvbbrasil.com.br\/wp-content\/uploads\/2016\/06\/IMG_6083-300x200.jpg 300w, https:\/\/uvbbrasil.com.br\/wp-content\/uploads\/2016\/06\/IMG_6083-768x512.jpg 768w\" sizes=\"(max-width: 800px) 100vw, 800px\" \/><img loading=\"lazy\" decoding=\"async\" class=\"aligncenter size-full wp-image-4452\" src=\"https:\/\/uvbbrasil.com.br\/wp-content\/uploads\/2016\/06\/IMG_6085.jpg\" alt=\"IMG_6085\" width=\"800\" height=\"533\" srcset=\"https:\/\/uvbbrasil.com.br\/wp-content\/uploads\/2016\/06\/IMG_6085.jpg 800w, https:\/\/uvbbrasil.com.br\/wp-content\/uploads\/2016\/06\/IMG_6085-300x200.jpg 300w, https:\/\/uvbbrasil.com.br\/wp-content\/uploads\/2016\/06\/IMG_6085-768x512.jpg 768w\" sizes=\"(max-width: 800px) 100vw, 800px\" \/><img loading=\"lazy\" decoding=\"async\" class=\"aligncenter size-full wp-image-4449\" src=\"https:\/\/uvbbrasil.com.br\/wp-content\/uploads\/2016\/06\/IMG_6089.jpg\" alt=\"IMG_6089\" width=\"800\" height=\"533\" srcset=\"https:\/\/uvbbrasil.com.br\/wp-content\/uploads\/2016\/06\/IMG_6089.jpg 800w, https:\/\/uvbbrasil.com.br\/wp-content\/uploads\/2016\/06\/IMG_6089-300x200.jpg 300w, https:\/\/uvbbrasil.com.br\/wp-content\/uploads\/2016\/06\/IMG_6089-768x512.jpg 768w\" sizes=\"(max-width: 800px) 100vw, 800px\" \/><img loading=\"lazy\" decoding=\"async\" class=\"aligncenter size-full wp-image-4448\" src=\"https:\/\/uvbbrasil.com.br\/wp-content\/uploads\/2016\/06\/IMG_6091.jpg\" alt=\"IMG_6091\" width=\"800\" height=\"533\" srcset=\"https:\/\/uvbbrasil.com.br\/wp-content\/uploads\/2016\/06\/IMG_6091.jpg 800w, https:\/\/uvbbrasil.com.br\/wp-content\/uploads\/2016\/06\/IMG_6091-300x200.jpg 300w, https:\/\/uvbbrasil.com.br\/wp-content\/uploads\/2016\/06\/IMG_6091-768x512.jpg 768w\" sizes=\"(max-width: 800px) 100vw, 800px\" \/><img loading=\"lazy\" decoding=\"async\" class=\"aligncenter size-full wp-image-4446\" src=\"https:\/\/uvbbrasil.com.br\/wp-content\/uploads\/2016\/06\/IMG_6093.jpg\" alt=\"IMG_6093\" width=\"800\" height=\"533\" srcset=\"https:\/\/uvbbrasil.com.br\/wp-content\/uploads\/2016\/06\/IMG_6093.jpg 800w, https:\/\/uvbbrasil.com.br\/wp-content\/uploads\/2016\/06\/IMG_6093-300x200.jpg 300w, https:\/\/uvbbrasil.com.br\/wp-content\/uploads\/2016\/06\/IMG_6093-768x512.jpg 768w\" sizes=\"(max-width: 800px) 100vw, 800px\" \/><img loading=\"lazy\" decoding=\"async\" class=\"aligncenter size-full wp-image-4445\" src=\"https:\/\/uvbbrasil.com.br\/wp-content\/uploads\/2016\/06\/IMG_6095.jpg\" alt=\"IMG_6095\" width=\"800\" height=\"533\" srcset=\"https:\/\/uvbbrasil.com.br\/wp-content\/uploads\/2016\/06\/IMG_6095.jpg 800w, https:\/\/uvbbrasil.com.br\/wp-content\/uploads\/2016\/06\/IMG_6095-300x200.jpg 300w, https:\/\/uvbbrasil.com.br\/wp-content\/uploads\/2016\/06\/IMG_6095-768x512.jpg 768w\" sizes=\"(max-width: 800px) 100vw, 800px\" \/><img loading=\"lazy\" decoding=\"async\" class=\"aligncenter size-full wp-image-4444\" src=\"https:\/\/uvbbrasil.com.br\/wp-content\/uploads\/2016\/06\/IMG_6097.jpg\" alt=\"IMG_6097\" width=\"800\" height=\"533\" srcset=\"https:\/\/uvbbrasil.com.br\/wp-content\/uploads\/2016\/06\/IMG_6097.jpg 800w, https:\/\/uvbbrasil.com.br\/wp-content\/uploads\/2016\/06\/IMG_6097-300x200.jpg 300w, https:\/\/uvbbrasil.com.br\/wp-content\/uploads\/2016\/06\/IMG_6097-768x512.jpg 768w\" sizes=\"(max-width: 800px) 100vw, 800px\" \/><img loading=\"lazy\" decoding=\"async\" class=\"aligncenter size-full wp-image-4443\" src=\"https:\/\/uvbbrasil.com.br\/wp-content\/uploads\/2016\/06\/IMG_6099.jpg\" alt=\"IMG_6099\" width=\"800\" height=\"533\" srcset=\"https:\/\/uvbbrasil.com.br\/wp-content\/uploads\/2016\/06\/IMG_6099.jpg 800w, https:\/\/uvbbrasil.com.br\/wp-content\/uploads\/2016\/06\/IMG_6099-300x200.jpg 300w, https:\/\/uvbbrasil.com.br\/wp-content\/uploads\/2016\/06\/IMG_6099-768x512.jpg 768w\" sizes=\"(max-width: 800px) 100vw, 800px\" \/><img loading=\"lazy\" decoding=\"async\" class=\"aligncenter size-full wp-image-4442\" src=\"https:\/\/uvbbrasil.com.br\/wp-content\/uploads\/2016\/06\/IMG_6101.jpg\" alt=\"IMG_6101\" width=\"800\" height=\"533\" srcset=\"https:\/\/uvbbrasil.com.br\/wp-content\/uploads\/2016\/06\/IMG_6101.jpg 800w, https:\/\/uvbbrasil.com.br\/wp-content\/uploads\/2016\/06\/IMG_6101-300x200.jpg 300w, https:\/\/uvbbrasil.com.br\/wp-content\/uploads\/2016\/06\/IMG_6101-768x512.jpg 768w\" sizes=\"(max-width: 800px) 100vw, 800px\" \/><img loading=\"lazy\" decoding=\"async\" class=\"aligncenter size-full wp-image-4440\" src=\"https:\/\/uvbbrasil.com.br\/wp-content\/uploads\/2016\/06\/IMG_6106.jpg\" alt=\"IMG_6106\" width=\"800\" height=\"533\" srcset=\"https:\/\/uvbbrasil.com.br\/wp-content\/uploads\/2016\/06\/IMG_6106.jpg 800w, https:\/\/uvbbrasil.com.br\/wp-content\/uploads\/2016\/06\/IMG_6106-300x200.jpg 300w, https:\/\/uvbbrasil.com.br\/wp-content\/uploads\/2016\/06\/IMG_6106-768x512.jpg 768w\" sizes=\"(max-width: 800px) 100vw, 800px\" \/><img loading=\"lazy\" decoding=\"async\" class=\"aligncenter size-full wp-image-4435\" src=\"https:\/\/uvbbrasil.com.br\/wp-content\/uploads\/2016\/06\/IMG_6113.jpg\" alt=\"IMG_6113\" width=\"800\" height=\"533\" srcset=\"https:\/\/uvbbrasil.com.br\/wp-content\/uploads\/2016\/06\/IMG_6113.jpg 800w, https:\/\/uvbbrasil.com.br\/wp-content\/uploads\/2016\/06\/IMG_6113-300x200.jpg 300w, https:\/\/uvbbrasil.com.br\/wp-content\/uploads\/2016\/06\/IMG_6113-768x512.jpg 768w\" sizes=\"(max-width: 800px) 100vw, 800px\" \/><img loading=\"lazy\" decoding=\"async\" class=\"aligncenter size-full wp-image-4432\" src=\"https:\/\/uvbbrasil.com.br\/wp-content\/uploads\/2016\/06\/IMG_6117.jpg\" alt=\"IMG_6117\" width=\"800\" height=\"533\" srcset=\"https:\/\/uvbbrasil.com.br\/wp-content\/uploads\/2016\/06\/IMG_6117.jpg 800w, https:\/\/uvbbrasil.com.br\/wp-content\/uploads\/2016\/06\/IMG_6117-300x200.jpg 300w, https:\/\/uvbbrasil.com.br\/wp-content\/uploads\/2016\/06\/IMG_6117-768x512.jpg 768w\" sizes=\"(max-width: 800px) 100vw, 800px\" \/><\/p>\n","protected":false},"excerpt":{"rendered":"<p>O m\u00e9dico e vereador de Lajeado\/RS, S\u00e9rgio Kniphopp foi um dos palestrantes do F\u00f3rum Nacional da Mulher Parlamentar da UVB&#8230;<\/p>\n","protected":false},"author":1,"featured_media":4430,"comment_status":"open","ping_status":"open","sticky":false,"template":"","format":"standard","meta":{"footnotes":""},"categories":[4],"tags":[],"class_list":["post-4429","post","type-post","status-publish","format-standard","has-post-thumbnail","hentry","category-home"],"yoast_head":"<!-- This site is optimized with the Yoast SEO plugin v26.7 - https:\/\/yoast.com\/wordpress\/plugins\/seo\/ -->\n<title>Kniphoff palestrou sobre \u201c\u00c9tica, Fam\u00edlia e Poder\u201d - UVB Brasil<\/title>\n<meta name=\"robots\" content=\"index, follow, max-snippet:-1, max-image-preview:large, max-video-preview:-1\" \/>\n<link rel=\"canonical\" href=\"https:\/\/uvbbrasil.com.br\/kniphoff-palestra-etica-familia-e-poder\/\" \/>\n<meta property=\"og:locale\" content=\"pt_BR\" \/>\n<meta property=\"og:type\" content=\"article\" \/>\n<meta property=\"og:title\" content=\"Kniphoff palestrou sobre \u201c\u00c9tica, Fam\u00edlia e Poder\u201d - UVB Brasil\" \/>\n<meta property=\"og:description\" content=\"O m\u00e9dico e vereador de Lajeado\/RS, S\u00e9rgio Kniphopp foi um dos palestrantes do F\u00f3rum Nacional da Mulher Parlamentar da UVB...\" \/>\n<meta property=\"og:url\" content=\"https:\/\/uvbbrasil.com.br\/kniphoff-palestra-etica-familia-e-poder\/\" \/>\n<meta property=\"og:site_name\" content=\"UVB Brasil\" \/>\n<meta property=\"article:publisher\" content=\"https:\/\/www.facebook.com\/uvb.vereadoresbrasil\" \/>\n<meta property=\"article:published_time\" content=\"2016-06-28T00:12:27+00:00\" \/>\n<meta property=\"og:image\" content=\"https:\/\/uvbbrasil.com.br\/wp-content\/uploads\/2016\/06\/IMG_6040.jpg\" \/>\n\t<meta property=\"og:image:width\" content=\"800\" \/>\n\t<meta property=\"og:image:height\" content=\"533\" \/>\n\t<meta property=\"og:image:type\" content=\"image\/jpeg\" \/>\n<meta name=\"author\" content=\"adminuvb\" \/>\n<meta name=\"twitter:card\" content=\"summary_large_image\" \/>\n<meta name=\"twitter:label1\" content=\"Escrito por\" \/>\n\t<meta name=\"twitter:data1\" content=\"adminuvb\" \/>\n<script type=\"application\/ld+json\" class=\"yoast-schema-graph\">{\"@context\":\"https:\/\/schema.org\",\"@graph\":[{\"@type\":\"Article\",\"@id\":\"https:\/\/uvbbrasil.com.br\/kniphoff-palestra-etica-familia-e-poder\/#article\",\"isPartOf\":{\"@id\":\"https:\/\/uvbbrasil.com.br\/kniphoff-palestra-etica-familia-e-poder\/\"},\"author\":{\"name\":\"adminuvb\",\"@id\":\"https:\/\/uvbbrasil.com.br\/#\/schema\/person\/17990098446c098f52effddff4f1b272\"},\"headline\":\"Kniphoff palestrou sobre \u201c\u00c9tica, Fam\u00edlia e Poder\u201d\",\"datePublished\":\"2016-06-28T00:12:27+00:00\",\"mainEntityOfPage\":{\"@id\":\"https:\/\/uvbbrasil.com.br\/kniphoff-palestra-etica-familia-e-poder\/\"},\"wordCount\":106,\"commentCount\":0,\"publisher\":{\"@id\":\"https:\/\/uvbbrasil.com.br\/#organization\"},\"image\":{\"@id\":\"https:\/\/uvbbrasil.com.br\/kniphoff-palestra-etica-familia-e-poder\/#primaryimage\"},\"thumbnailUrl\":\"https:\/\/uvbbrasil.com.br\/wp-content\/uploads\/2016\/06\/IMG_6040.jpg\",\"articleSection\":[\"UVB\"],\"inLanguage\":\"pt-BR\",\"potentialAction\":[{\"@type\":\"CommentAction\",\"name\":\"Comment\",\"target\":[\"https:\/\/uvbbrasil.com.br\/kniphoff-palestra-etica-familia-e-poder\/#respond\"]}]},{\"@type\":\"WebPage\",\"@id\":\"https:\/\/uvbbrasil.com.br\/kniphoff-palestra-etica-familia-e-poder\/\",\"url\":\"https:\/\/uvbbrasil.com.br\/kniphoff-palestra-etica-familia-e-poder\/\",\"name\":\"Kniphoff palestrou sobre \u201c\u00c9tica, Fam\u00edlia e Poder\u201d - UVB Brasil\",\"isPartOf\":{\"@id\":\"https:\/\/uvbbrasil.com.br\/#website\"},\"primaryImageOfPage\":{\"@id\":\"https:\/\/uvbbrasil.com.br\/kniphoff-palestra-etica-familia-e-poder\/#primaryimage\"},\"image\":{\"@id\":\"https:\/\/uvbbrasil.com.br\/kniphoff-palestra-etica-familia-e-poder\/#primaryimage\"},\"thumbnailUrl\":\"https:\/\/uvbbrasil.com.br\/wp-content\/uploads\/2016\/06\/IMG_6040.jpg\",\"datePublished\":\"2016-06-28T00:12:27+00:00\",\"breadcrumb\":{\"@id\":\"https:\/\/uvbbrasil.com.br\/kniphoff-palestra-etica-familia-e-poder\/#breadcrumb\"},\"inLanguage\":\"pt-BR\",\"potentialAction\":[{\"@type\":\"ReadAction\",\"target\":[\"https:\/\/uvbbrasil.com.br\/kniphoff-palestra-etica-familia-e-poder\/\"]}]},{\"@type\":\"ImageObject\",\"inLanguage\":\"pt-BR\",\"@id\":\"https:\/\/uvbbrasil.com.br\/kniphoff-palestra-etica-familia-e-poder\/#primaryimage\",\"url\":\"https:\/\/uvbbrasil.com.br\/wp-content\/uploads\/2016\/06\/IMG_6040.jpg\",\"contentUrl\":\"https:\/\/uvbbrasil.com.br\/wp-content\/uploads\/2016\/06\/IMG_6040.jpg\",\"width\":800,\"height\":533},{\"@type\":\"BreadcrumbList\",\"@id\":\"https:\/\/uvbbrasil.com.br\/kniphoff-palestra-etica-familia-e-poder\/#breadcrumb\",\"itemListElement\":[{\"@type\":\"ListItem\",\"position\":1,\"name\":\"In\u00edcio\",\"item\":\"https:\/\/uvbbrasil.com.br\/\"},{\"@type\":\"ListItem\",\"position\":2,\"name\":\"Kniphoff palestrou sobre \u201c\u00c9tica, Fam\u00edlia e Poder\u201d\"}]},{\"@type\":\"WebSite\",\"@id\":\"https:\/\/uvbbrasil.com.br\/#website\",\"url\":\"https:\/\/uvbbrasil.com.br\/\",\"name\":\"UVB Brasil\",\"description\":\"Uni\u00e3o dos Vereadores do Brasil\",\"publisher\":{\"@id\":\"https:\/\/uvbbrasil.com.br\/#organization\"},\"potentialAction\":[{\"@type\":\"SearchAction\",\"target\":{\"@type\":\"EntryPoint\",\"urlTemplate\":\"https:\/\/uvbbrasil.com.br\/?s={search_term_string}\"},\"query-input\":{\"@type\":\"PropertyValueSpecification\",\"valueRequired\":true,\"valueName\":\"search_term_string\"}}],\"inLanguage\":\"pt-BR\"},{\"@type\":\"Organization\",\"@id\":\"https:\/\/uvbbrasil.com.br\/#organization\",\"name\":\"UVB Brasil\",\"url\":\"https:\/\/uvbbrasil.com.br\/\",\"logo\":{\"@type\":\"ImageObject\",\"inLanguage\":\"pt-BR\",\"@id\":\"https:\/\/uvbbrasil.com.br\/#\/schema\/logo\/image\/\",\"url\":\"https:\/\/uvbbrasil.com.br\/wp-content\/uploads\/2025\/01\/LOGO-UVB-2024-azul-1.jpg\",\"contentUrl\":\"https:\/\/uvbbrasil.com.br\/wp-content\/uploads\/2025\/01\/LOGO-UVB-2024-azul-1.jpg\",\"width\":600,\"height\":211,\"caption\":\"UVB Brasil\"},\"image\":{\"@id\":\"https:\/\/uvbbrasil.com.br\/#\/schema\/logo\/image\/\"},\"sameAs\":[\"https:\/\/www.facebook.com\/uvb.vereadoresbrasil\",\"https:\/\/www.instagram.com\/uvbbrasil\/\",\"https:\/\/www.youtube.com\/channel\/UCIlPQ8Xzw5GHNzosQIg9S5A\"]},{\"@type\":\"Person\",\"@id\":\"https:\/\/uvbbrasil.com.br\/#\/schema\/person\/17990098446c098f52effddff4f1b272\",\"name\":\"adminuvb\",\"image\":{\"@type\":\"ImageObject\",\"inLanguage\":\"pt-BR\",\"@id\":\"https:\/\/uvbbrasil.com.br\/#\/schema\/person\/image\/\",\"url\":\"https:\/\/secure.gravatar.com\/avatar\/1a494ea6f8e2dd1ae526e55b0e9497efdba542491e0620d704cccf63c6f77c45?s=96&d=mm&r=g\",\"contentUrl\":\"https:\/\/secure.gravatar.com\/avatar\/1a494ea6f8e2dd1ae526e55b0e9497efdba542491e0620d704cccf63c6f77c45?s=96&d=mm&r=g\",\"caption\":\"adminuvb\"},\"sameAs\":[\"https:\/\/uvbbrasil.com.br\"],\"url\":\"https:\/\/uvbbrasil.com.br\/author\/adminuvb\/\"}]}<\/script>\n<!-- \/ Yoast SEO plugin. -->","yoast_head_json":{"title":"Kniphoff palestrou sobre \u201c\u00c9tica, Fam\u00edlia e Poder\u201d - UVB Brasil","robots":{"index":"index","follow":"follow","max-snippet":"max-snippet:-1","max-image-preview":"max-image-preview:large","max-video-preview":"max-video-preview:-1"},"canonical":"https:\/\/uvbbrasil.com.br\/kniphoff-palestra-etica-familia-e-poder\/","og_locale":"pt_BR","og_type":"article","og_title":"Kniphoff palestrou sobre \u201c\u00c9tica, Fam\u00edlia e Poder\u201d - UVB Brasil","og_description":"O m\u00e9dico e vereador de Lajeado\/RS, S\u00e9rgio Kniphopp foi um dos palestrantes do F\u00f3rum Nacional da Mulher Parlamentar da UVB...","og_url":"https:\/\/uvbbrasil.com.br\/kniphoff-palestra-etica-familia-e-poder\/","og_site_name":"UVB Brasil","article_publisher":"https:\/\/www.facebook.com\/uvb.vereadoresbrasil","article_published_time":"2016-06-28T00:12:27+00:00","og_image":[{"width":800,"height":533,"url":"https:\/\/uvbbrasil.com.br\/wp-content\/uploads\/2016\/06\/IMG_6040.jpg","type":"image\/jpeg"}],"author":"adminuvb","twitter_card":"summary_large_image","twitter_misc":{"Escrito por":"adminuvb"},"schema":{"@context":"https:\/\/schema.org","@graph":[{"@type":"Article","@id":"https:\/\/uvbbrasil.com.br\/kniphoff-palestra-etica-familia-e-poder\/#article","isPartOf":{"@id":"https:\/\/uvbbrasil.com.br\/kniphoff-palestra-etica-familia-e-poder\/"},"author":{"name":"adminuvb","@id":"https:\/\/uvbbrasil.com.br\/#\/schema\/person\/17990098446c098f52effddff4f1b272"},"headline":"Kniphoff palestrou sobre \u201c\u00c9tica, Fam\u00edlia e Poder\u201d","datePublished":"2016-06-28T00:12:27+00:00","mainEntityOfPage":{"@id":"https:\/\/uvbbrasil.com.br\/kniphoff-palestra-etica-familia-e-poder\/"},"wordCount":106,"commentCount":0,"publisher":{"@id":"https:\/\/uvbbrasil.com.br\/#organization"},"image":{"@id":"https:\/\/uvbbrasil.com.br\/kniphoff-palestra-etica-familia-e-poder\/#primaryimage"},"thumbnailUrl":"https:\/\/uvbbrasil.com.br\/wp-content\/uploads\/2016\/06\/IMG_6040.jpg","articleSection":["UVB"],"inLanguage":"pt-BR","potentialAction":[{"@type":"CommentAction","name":"Comment","target":["https:\/\/uvbbrasil.com.br\/kniphoff-palestra-etica-familia-e-poder\/#respond"]}]},{"@type":"WebPage","@id":"https:\/\/uvbbrasil.com.br\/kniphoff-palestra-etica-familia-e-poder\/","url":"https:\/\/uvbbrasil.com.br\/kniphoff-palestra-etica-familia-e-poder\/","name":"Kniphoff palestrou sobre \u201c\u00c9tica, Fam\u00edlia e Poder\u201d - UVB Brasil","isPartOf":{"@id":"https:\/\/uvbbrasil.com.br\/#website"},"primaryImageOfPage":{"@id":"https:\/\/uvbbrasil.com.br\/kniphoff-palestra-etica-familia-e-poder\/#primaryimage"},"image":{"@id":"https:\/\/uvbbrasil.com.br\/kniphoff-palestra-etica-familia-e-poder\/#primaryimage"},"thumbnailUrl":"https:\/\/uvbbrasil.com.br\/wp-content\/uploads\/2016\/06\/IMG_6040.jpg","datePublished":"2016-06-28T00:12:27+00:00","breadcrumb":{"@id":"https:\/\/uvbbrasil.com.br\/kniphoff-palestra-etica-familia-e-poder\/#breadcrumb"},"inLanguage":"pt-BR","potentialAction":[{"@type":"ReadAction","target":["https:\/\/uvbbrasil.com.br\/kniphoff-palestra-etica-familia-e-poder\/"]}]},{"@type":"ImageObject","inLanguage":"pt-BR","@id":"https:\/\/uvbbrasil.com.br\/kniphoff-palestra-etica-familia-e-poder\/#primaryimage","url":"https:\/\/uvbbrasil.com.br\/wp-content\/uploads\/2016\/06\/IMG_6040.jpg","contentUrl":"https:\/\/uvbbrasil.com.br\/wp-content\/uploads\/2016\/06\/IMG_6040.jpg","width":800,"height":533},{"@type":"BreadcrumbList","@id":"https:\/\/uvbbrasil.com.br\/kniphoff-palestra-etica-familia-e-poder\/#breadcrumb","itemListElement":[{"@type":"ListItem","position":1,"name":"In\u00edcio","item":"https:\/\/uvbbrasil.com.br\/"},{"@type":"ListItem","position":2,"name":"Kniphoff palestrou sobre \u201c\u00c9tica, Fam\u00edlia e Poder\u201d"}]},{"@type":"WebSite","@id":"https:\/\/uvbbrasil.com.br\/#website","url":"https:\/\/uvbbrasil.com.br\/","name":"UVB Brasil","description":"Uni\u00e3o dos Vereadores do Brasil","publisher":{"@id":"https:\/\/uvbbrasil.com.br\/#organization"},"potentialAction":[{"@type":"SearchAction","target":{"@type":"EntryPoint","urlTemplate":"https:\/\/uvbbrasil.com.br\/?s={search_term_string}"},"query-input":{"@type":"PropertyValueSpecification","valueRequired":true,"valueName":"search_term_string"}}],"inLanguage":"pt-BR"},{"@type":"Organization","@id":"https:\/\/uvbbrasil.com.br\/#organization","name":"UVB Brasil","url":"https:\/\/uvbbrasil.com.br\/","logo":{"@type":"ImageObject","inLanguage":"pt-BR","@id":"https:\/\/uvbbrasil.com.br\/#\/schema\/logo\/image\/","url":"https:\/\/uvbbrasil.com.br\/wp-content\/uploads\/2025\/01\/LOGO-UVB-2024-azul-1.jpg","contentUrl":"https:\/\/uvbbrasil.com.br\/wp-content\/uploads\/2025\/01\/LOGO-UVB-2024-azul-1.jpg","width":600,"height":211,"caption":"UVB Brasil"},"image":{"@id":"https:\/\/uvbbrasil.com.br\/#\/schema\/logo\/image\/"},"sameAs":["https:\/\/www.facebook.com\/uvb.vereadoresbrasil","https:\/\/www.instagram.com\/uvbbrasil\/","https:\/\/www.youtube.com\/channel\/UCIlPQ8Xzw5GHNzosQIg9S5A"]},{"@type":"Person","@id":"https:\/\/uvbbrasil.com.br\/#\/schema\/person\/17990098446c098f52effddff4f1b272","name":"adminuvb","image":{"@type":"ImageObject","inLanguage":"pt-BR","@id":"https:\/\/uvbbrasil.com.br\/#\/schema\/person\/image\/","url":"https:\/\/secure.gravatar.com\/avatar\/1a494ea6f8e2dd1ae526e55b0e9497efdba542491e0620d704cccf63c6f77c45?s=96&d=mm&r=g","contentUrl":"https:\/\/secure.gravatar.com\/avatar\/1a494ea6f8e2dd1ae526e55b0e9497efdba542491e0620d704cccf63c6f77c45?s=96&d=mm&r=g","caption":"adminuvb"},"sameAs":["https:\/\/uvbbrasil.com.br"],"url":"https:\/\/uvbbrasil.com.br\/author\/adminuvb\/"}]}},"_links":{"self":[{"href":"https:\/\/uvbbrasil.com.br\/uvb-json\/wp\/v2\/posts\/4429","targetHints":{"allow":["GET"]}}],"collection":[{"href":"https:\/\/uvbbrasil.com.br\/uvb-json\/wp\/v2\/posts"}],"about":[{"href":"https:\/\/uvbbrasil.com.br\/uvb-json\/wp\/v2\/types\/post"}],"author":[{"embeddable":true,"href":"https:\/\/uvbbrasil.com.br\/uvb-json\/wp\/v2\/users\/1"}],"replies":[{"embeddable":true,"href":"https:\/\/uvbbrasil.com.br\/uvb-json\/wp\/v2\/comments?post=4429"}],"version-history":[{"count":0,"href":"https:\/\/uvbbrasil.com.br\/uvb-json\/wp\/v2\/posts\/4429\/revisions"}],"wp:featuredmedia":[{"embeddable":true,"href":"https:\/\/uvbbrasil.com.br\/uvb-json\/wp\/v2\/media\/4430"}],"wp:attachment":[{"href":"https:\/\/uvbbrasil.com.br\/uvb-json\/wp\/v2\/media?parent=4429"}],"wp:term":[{"taxonomy":"category","embeddable":true,"href":"https:\/\/uvbbrasil.com.br\/uvb-json\/wp\/v2\/categories?post=4429"},{"taxonomy":"post_tag","embeddable":true,"href":"https:\/\/uvbbrasil.com.br\/uvb-json\/wp\/v2\/tags?post=4429"}],"curies":[{"name":"wp","href":"https:\/\/api.w.org\/{rel}","templated":true}]}}