{"id":4204,"date":"2016-06-20T17:24:00","date_gmt":"2016-06-20T20:24:00","guid":{"rendered":"https:\/\/wpsandbox4.pante.com.br\/?p=4204"},"modified":"2016-06-20T17:24:00","modified_gmt":"2016-06-20T20:24:00","slug":"dra-elaine-harzheim-macedo-confirmada-no-encontro-de-mulheres","status":"publish","type":"post","link":"https:\/\/uvbbrasil.com.br\/dra-elaine-harzheim-macedo-confirmada-no-encontro-de-mulheres\/","title":{"rendered":"Dra. Elaine Macedo, primeira mulher a presidir o TRE-RS, no F\u00f3rum da Mulher"},"content":{"rendered":"<p><a href=\"http:\/\/www.professoraelaine.com.br\/index.php\/noticias\/65-desembargadora-elaine-macedo-sera-a-primeira-mulher-a-presidir-o-tre-rs\">Primeira mulher a presidir o TRE-RS<\/a>, esta confirmada como palestrante no \u00a0F\u00f3rum Nacional da Mulher Parlamentar, que a UVB promove entre os dias 22 a 24 de junho em Porto Alegre.<\/p>\n<p>A advogada que foi Desembargadora e presidente do Tribunal Regional Eleitoral do Rio Grande do Sul &#8211; TRE\/RS, Dr. Elaine Harzheim Macedo, confirmou presen\u00e7a como palestrante no Encontro Nacional de Mulheres Parlamentares que acontece de 22 a 24 de junho no Hotel Embaixador em Porto Alegre. A advogada foi a primeira mulher a assumir a presid\u00eancia do TRE\/RS na hist\u00f3ria daquele tribunal.<\/p>\n<p><img fetchpriority=\"high\" decoding=\"async\" class=\"aligncenter size-full wp-image-4209\" src=\"https:\/\/uvbbrasil.com.br\/wp-content\/uploads\/2016\/05\/elaine-macedo-1.jpg\" alt=\"elaine macedo 1\" width=\"480\" height=\"320\" srcset=\"https:\/\/uvbbrasil.com.br\/wp-content\/uploads\/2016\/05\/elaine-macedo-1.jpg 480w, https:\/\/uvbbrasil.com.br\/wp-content\/uploads\/2016\/05\/elaine-macedo-1-300x200.jpg 300w\" sizes=\"(max-width: 480px) 100vw, 480px\" \/> <img decoding=\"async\" class=\"aligncenter size-full wp-image-4210\" src=\"https:\/\/uvbbrasil.com.br\/wp-content\/uploads\/2016\/05\/elaine-macedo-2.jpg\" alt=\"elaine macedo 2\" width=\"360\" height=\"273\" srcset=\"https:\/\/uvbbrasil.com.br\/wp-content\/uploads\/2016\/05\/elaine-macedo-2.jpg 360w, https:\/\/uvbbrasil.com.br\/wp-content\/uploads\/2016\/05\/elaine-macedo-2-300x228.jpg 300w\" sizes=\"(max-width: 360px) 100vw, 360px\" \/>Doutora Elaine \u00e9 natural de Porto Alegre e formou-se em Direito pela Universidade do Vale do Rio dos Sinos (Unisinos), em 1972. Ingressou na magistratura em 1982, tendo atuado nas comarcas de Sapiranga, Gua\u00edba, Viam\u00e3o e Porto Alegre, onde foi tamb\u00e9m ju\u00edza-corregedora. Foi promovida ao Tribunal de Al\u00e7ada em dezembro de 1997, e ao Tribunal de Justi\u00e7a em maio de 1998, tornando-se desembargadora.<\/p>\n<p>Atualmente a Doutora Elaine \u00e9 presidente do IGADE \u2013 Instituto Ga\u00facho de Direito Eleitoral.<\/p>\n<p><span style=\"color: #ff0000;\"><strong>Saiba Mais:<\/strong><\/span><\/p>\n<p><em>F\u00d3RUM NACIONAL DA MULHER PARLAMENTAR DA UVB, CONVIDA:<\/em><\/p>\n<p><strong>ENCONTRO NACIONAL DE VEREADORAS, ASSESSORAS, DIRETORAS, PROCURADORAS E SERVIDORAS DE C\u00c2MARAS MUNICIPAIS.<\/strong><\/p>\n<p><strong>De 22 a 24 de junho de 2016<\/strong><\/p>\n<p><strong>Local:<\/strong><\/p>\n<p><em><strong>HOTEL EMBAIXADOR<\/strong><\/em><\/p>\n<p><em><strong>\u00a0Rua Jer\u00f4nimo Coelho, 354, Centro Hist\u00f3rico, 90010\u2013240, \u00a0Porto Alegre \u2013 RS<\/strong><\/em><\/p>\n<p><em>Tel. 51 3215 6600 \u2013\u00a0www.embaixador.com.br\u00a0<\/em><\/p>\n<p style=\"text-align: center;\"><strong><em>Democracia e igualdade:\u00a0Conquistas e Barreiras<\/em><\/strong><\/p>\n<p><strong>O Encontro:<\/strong><\/p>\n<p>O Encontro Nacional de Vereadoras, Assessoras, Procuradoras e Servidoras de C\u00e2maras Municipais, \u00e9 promovido pela Uni\u00e3o dos Vereadores do Brasil -UVB, atrav\u00e9s do F\u00f3rum Nacional da Mulher Vereadora, que reunir\u00e1 em\u00a0Porto Alegre\/RS, legisladoras, assessoras, diretoras, procuradoras e gestoras de municipais, al\u00e9m de especialistas em gest\u00e3o p\u00fablica e personalidades de renome nacional.<\/p>\n<p><strong>Objetivos:<\/strong><\/p>\n<p>Promover o debate sobre a participa\u00e7\u00e3o da mulher na pol\u00edtica e nos parlamentos municipais, debater as pol\u00edticas p\u00fablicas para as mulheres, ouvir gestoras municipais e elaborar estrat\u00e9gias para melhorar a sua participa\u00e7\u00e3o no cen\u00e1rio pol\u00edtico e nos poderes constitu\u00eddos.<\/p>\n<p><strong>P\u00fablico Alvo:<\/strong><\/p>\n<p><strong>Principal:<\/strong> Vereadoras, Diretoras, Procuradoras, assessoras, servidoras e funcion\u00e1rias das C\u00e2maras Municipais do Brasil.<\/p>\n<p><strong>Secund\u00e1rio:<\/strong> Dirigentes e associa\u00e7\u00f5es de entidade ligadas a pol\u00edticas p\u00fablicas para as mulheres, deputadas, prefeitas, vice-prefeitas, secret\u00e1rias municipais, procuradoras jur\u00eddicas, diretoras, funcion\u00e1rias e assessoras de prefeituras municipais.<\/p>\n<div class=\"dados\"><\/div>\n<div class=\"dados\"><\/div>\n<p>&nbsp;<\/p>\n","protected":false},"excerpt":{"rendered":"<p>Primeira mulher a presidir o TRE-RS, esta confirmada como palestrante no \u00a0F\u00f3rum Nacional da Mulher Parlamentar, que a UVB promove&#8230;<\/p>\n","protected":false},"author":1,"featured_media":4209,"comment_status":"open","ping_status":"open","sticky":false,"template":"","format":"standard","meta":{"footnotes":""},"categories":[3],"tags":[],"class_list":["post-4204","post","type-post","status-publish","format-standard","has-post-thumbnail","hentry","category-noticias"],"yoast_head":"<!-- This site is optimized with the Yoast SEO plugin v26.7 - https:\/\/yoast.com\/wordpress\/plugins\/seo\/ -->\n<title>Dra. Elaine Macedo, primeira mulher a presidir o TRE-RS, no F\u00f3rum da Mulher - UVB Brasil<\/title>\n<meta name=\"robots\" content=\"index, follow, max-snippet:-1, max-image-preview:large, max-video-preview:-1\" \/>\n<link rel=\"canonical\" href=\"https:\/\/uvbbrasil.com.br\/dra-elaine-harzheim-macedo-confirmada-no-encontro-de-mulheres\/\" \/>\n<meta property=\"og:locale\" content=\"pt_BR\" \/>\n<meta property=\"og:type\" content=\"article\" \/>\n<meta property=\"og:title\" content=\"Dra. Elaine Macedo, primeira mulher a presidir o TRE-RS, no F\u00f3rum da Mulher - UVB Brasil\" \/>\n<meta property=\"og:description\" content=\"Primeira mulher a presidir o TRE-RS, esta confirmada como palestrante no \u00a0F\u00f3rum Nacional da Mulher Parlamentar, que a UVB promove...\" \/>\n<meta property=\"og:url\" content=\"https:\/\/uvbbrasil.com.br\/dra-elaine-harzheim-macedo-confirmada-no-encontro-de-mulheres\/\" \/>\n<meta property=\"og:site_name\" content=\"UVB Brasil\" \/>\n<meta property=\"article:publisher\" content=\"https:\/\/www.facebook.com\/uvb.vereadoresbrasil\" \/>\n<meta property=\"article:published_time\" content=\"2016-06-20T20:24:00+00:00\" \/>\n<meta property=\"og:image\" content=\"https:\/\/uvbbrasil.com.br\/wp-content\/uploads\/2016\/05\/elaine-macedo-1.jpg\" \/>\n\t<meta property=\"og:image:width\" content=\"480\" \/>\n\t<meta property=\"og:image:height\" content=\"320\" \/>\n\t<meta property=\"og:image:type\" content=\"image\/jpeg\" \/>\n<meta name=\"author\" content=\"adminuvb\" \/>\n<meta name=\"twitter:card\" content=\"summary_large_image\" \/>\n<meta name=\"twitter:label1\" content=\"Escrito por\" \/>\n\t<meta name=\"twitter:data1\" content=\"adminuvb\" \/>\n\t<meta name=\"twitter:label2\" content=\"Est. tempo de leitura\" \/>\n\t<meta name=\"twitter:data2\" content=\"2 minutos\" \/>\n<script type=\"application\/ld+json\" class=\"yoast-schema-graph\">{\"@context\":\"https:\/\/schema.org\",\"@graph\":[{\"@type\":\"Article\",\"@id\":\"https:\/\/uvbbrasil.com.br\/dra-elaine-harzheim-macedo-confirmada-no-encontro-de-mulheres\/#article\",\"isPartOf\":{\"@id\":\"https:\/\/uvbbrasil.com.br\/dra-elaine-harzheim-macedo-confirmada-no-encontro-de-mulheres\/\"},\"author\":{\"name\":\"adminuvb\",\"@id\":\"https:\/\/uvbbrasil.com.br\/#\/schema\/person\/17990098446c098f52effddff4f1b272\"},\"headline\":\"Dra. Elaine Macedo, primeira mulher a presidir o TRE-RS, no F\u00f3rum da Mulher\",\"datePublished\":\"2016-06-20T20:24:00+00:00\",\"mainEntityOfPage\":{\"@id\":\"https:\/\/uvbbrasil.com.br\/dra-elaine-harzheim-macedo-confirmada-no-encontro-de-mulheres\/\"},\"wordCount\":402,\"commentCount\":0,\"publisher\":{\"@id\":\"https:\/\/uvbbrasil.com.br\/#organization\"},\"image\":{\"@id\":\"https:\/\/uvbbrasil.com.br\/dra-elaine-harzheim-macedo-confirmada-no-encontro-de-mulheres\/#primaryimage\"},\"thumbnailUrl\":\"https:\/\/uvbbrasil.com.br\/wp-content\/uploads\/2016\/05\/elaine-macedo-1.jpg\",\"articleSection\":[\"NOT\u00cdCIAS\"],\"inLanguage\":\"pt-BR\",\"potentialAction\":[{\"@type\":\"CommentAction\",\"name\":\"Comment\",\"target\":[\"https:\/\/uvbbrasil.com.br\/dra-elaine-harzheim-macedo-confirmada-no-encontro-de-mulheres\/#respond\"]}]},{\"@type\":\"WebPage\",\"@id\":\"https:\/\/uvbbrasil.com.br\/dra-elaine-harzheim-macedo-confirmada-no-encontro-de-mulheres\/\",\"url\":\"https:\/\/uvbbrasil.com.br\/dra-elaine-harzheim-macedo-confirmada-no-encontro-de-mulheres\/\",\"name\":\"Dra. Elaine Macedo, primeira mulher a presidir o TRE-RS, no F\u00f3rum da Mulher - UVB Brasil\",\"isPartOf\":{\"@id\":\"https:\/\/uvbbrasil.com.br\/#website\"},\"primaryImageOfPage\":{\"@id\":\"https:\/\/uvbbrasil.com.br\/dra-elaine-harzheim-macedo-confirmada-no-encontro-de-mulheres\/#primaryimage\"},\"image\":{\"@id\":\"https:\/\/uvbbrasil.com.br\/dra-elaine-harzheim-macedo-confirmada-no-encontro-de-mulheres\/#primaryimage\"},\"thumbnailUrl\":\"https:\/\/uvbbrasil.com.br\/wp-content\/uploads\/2016\/05\/elaine-macedo-1.jpg\",\"datePublished\":\"2016-06-20T20:24:00+00:00\",\"breadcrumb\":{\"@id\":\"https:\/\/uvbbrasil.com.br\/dra-elaine-harzheim-macedo-confirmada-no-encontro-de-mulheres\/#breadcrumb\"},\"inLanguage\":\"pt-BR\",\"potentialAction\":[{\"@type\":\"ReadAction\",\"target\":[\"https:\/\/uvbbrasil.com.br\/dra-elaine-harzheim-macedo-confirmada-no-encontro-de-mulheres\/\"]}]},{\"@type\":\"ImageObject\",\"inLanguage\":\"pt-BR\",\"@id\":\"https:\/\/uvbbrasil.com.br\/dra-elaine-harzheim-macedo-confirmada-no-encontro-de-mulheres\/#primaryimage\",\"url\":\"https:\/\/uvbbrasil.com.br\/wp-content\/uploads\/2016\/05\/elaine-macedo-1.jpg\",\"contentUrl\":\"https:\/\/uvbbrasil.com.br\/wp-content\/uploads\/2016\/05\/elaine-macedo-1.jpg\",\"width\":480,\"height\":320},{\"@type\":\"BreadcrumbList\",\"@id\":\"https:\/\/uvbbrasil.com.br\/dra-elaine-harzheim-macedo-confirmada-no-encontro-de-mulheres\/#breadcrumb\",\"itemListElement\":[{\"@type\":\"ListItem\",\"position\":1,\"name\":\"In\u00edcio\",\"item\":\"https:\/\/uvbbrasil.com.br\/\"},{\"@type\":\"ListItem\",\"position\":2,\"name\":\"Dra. Elaine Macedo, primeira mulher a presidir o TRE-RS, no F\u00f3rum da Mulher\"}]},{\"@type\":\"WebSite\",\"@id\":\"https:\/\/uvbbrasil.com.br\/#website\",\"url\":\"https:\/\/uvbbrasil.com.br\/\",\"name\":\"UVB Brasil\",\"description\":\"Uni\u00e3o dos Vereadores do Brasil\",\"publisher\":{\"@id\":\"https:\/\/uvbbrasil.com.br\/#organization\"},\"potentialAction\":[{\"@type\":\"SearchAction\",\"target\":{\"@type\":\"EntryPoint\",\"urlTemplate\":\"https:\/\/uvbbrasil.com.br\/?s={search_term_string}\"},\"query-input\":{\"@type\":\"PropertyValueSpecification\",\"valueRequired\":true,\"valueName\":\"search_term_string\"}}],\"inLanguage\":\"pt-BR\"},{\"@type\":\"Organization\",\"@id\":\"https:\/\/uvbbrasil.com.br\/#organization\",\"name\":\"UVB Brasil\",\"url\":\"https:\/\/uvbbrasil.com.br\/\",\"logo\":{\"@type\":\"ImageObject\",\"inLanguage\":\"pt-BR\",\"@id\":\"https:\/\/uvbbrasil.com.br\/#\/schema\/logo\/image\/\",\"url\":\"https:\/\/uvbbrasil.com.br\/wp-content\/uploads\/2025\/01\/LOGO-UVB-2024-azul-1.jpg\",\"contentUrl\":\"https:\/\/uvbbrasil.com.br\/wp-content\/uploads\/2025\/01\/LOGO-UVB-2024-azul-1.jpg\",\"width\":600,\"height\":211,\"caption\":\"UVB Brasil\"},\"image\":{\"@id\":\"https:\/\/uvbbrasil.com.br\/#\/schema\/logo\/image\/\"},\"sameAs\":[\"https:\/\/www.facebook.com\/uvb.vereadoresbrasil\",\"https:\/\/www.instagram.com\/uvbbrasil\/\",\"https:\/\/www.youtube.com\/channel\/UCIlPQ8Xzw5GHNzosQIg9S5A\"]},{\"@type\":\"Person\",\"@id\":\"https:\/\/uvbbrasil.com.br\/#\/schema\/person\/17990098446c098f52effddff4f1b272\",\"name\":\"adminuvb\",\"image\":{\"@type\":\"ImageObject\",\"inLanguage\":\"pt-BR\",\"@id\":\"https:\/\/uvbbrasil.com.br\/#\/schema\/person\/image\/\",\"url\":\"https:\/\/secure.gravatar.com\/avatar\/1a494ea6f8e2dd1ae526e55b0e9497efdba542491e0620d704cccf63c6f77c45?s=96&d=mm&r=g\",\"contentUrl\":\"https:\/\/secure.gravatar.com\/avatar\/1a494ea6f8e2dd1ae526e55b0e9497efdba542491e0620d704cccf63c6f77c45?s=96&d=mm&r=g\",\"caption\":\"adminuvb\"},\"sameAs\":[\"https:\/\/uvbbrasil.com.br\"],\"url\":\"https:\/\/uvbbrasil.com.br\/author\/adminuvb\/\"}]}<\/script>\n<!-- \/ Yoast SEO plugin. -->","yoast_head_json":{"title":"Dra. Elaine Macedo, primeira mulher a presidir o TRE-RS, no F\u00f3rum da Mulher - UVB Brasil","robots":{"index":"index","follow":"follow","max-snippet":"max-snippet:-1","max-image-preview":"max-image-preview:large","max-video-preview":"max-video-preview:-1"},"canonical":"https:\/\/uvbbrasil.com.br\/dra-elaine-harzheim-macedo-confirmada-no-encontro-de-mulheres\/","og_locale":"pt_BR","og_type":"article","og_title":"Dra. Elaine Macedo, primeira mulher a presidir o TRE-RS, no F\u00f3rum da Mulher - UVB Brasil","og_description":"Primeira mulher a presidir o TRE-RS, esta confirmada como palestrante no \u00a0F\u00f3rum Nacional da Mulher Parlamentar, que a UVB promove...","og_url":"https:\/\/uvbbrasil.com.br\/dra-elaine-harzheim-macedo-confirmada-no-encontro-de-mulheres\/","og_site_name":"UVB Brasil","article_publisher":"https:\/\/www.facebook.com\/uvb.vereadoresbrasil","article_published_time":"2016-06-20T20:24:00+00:00","og_image":[{"width":480,"height":320,"url":"https:\/\/uvbbrasil.com.br\/wp-content\/uploads\/2016\/05\/elaine-macedo-1.jpg","type":"image\/jpeg"}],"author":"adminuvb","twitter_card":"summary_large_image","twitter_misc":{"Escrito por":"adminuvb","Est. tempo de leitura":"2 minutos"},"schema":{"@context":"https:\/\/schema.org","@graph":[{"@type":"Article","@id":"https:\/\/uvbbrasil.com.br\/dra-elaine-harzheim-macedo-confirmada-no-encontro-de-mulheres\/#article","isPartOf":{"@id":"https:\/\/uvbbrasil.com.br\/dra-elaine-harzheim-macedo-confirmada-no-encontro-de-mulheres\/"},"author":{"name":"adminuvb","@id":"https:\/\/uvbbrasil.com.br\/#\/schema\/person\/17990098446c098f52effddff4f1b272"},"headline":"Dra. Elaine Macedo, primeira mulher a presidir o TRE-RS, no F\u00f3rum da Mulher","datePublished":"2016-06-20T20:24:00+00:00","mainEntityOfPage":{"@id":"https:\/\/uvbbrasil.com.br\/dra-elaine-harzheim-macedo-confirmada-no-encontro-de-mulheres\/"},"wordCount":402,"commentCount":0,"publisher":{"@id":"https:\/\/uvbbrasil.com.br\/#organization"},"image":{"@id":"https:\/\/uvbbrasil.com.br\/dra-elaine-harzheim-macedo-confirmada-no-encontro-de-mulheres\/#primaryimage"},"thumbnailUrl":"https:\/\/uvbbrasil.com.br\/wp-content\/uploads\/2016\/05\/elaine-macedo-1.jpg","articleSection":["NOT\u00cdCIAS"],"inLanguage":"pt-BR","potentialAction":[{"@type":"CommentAction","name":"Comment","target":["https:\/\/uvbbrasil.com.br\/dra-elaine-harzheim-macedo-confirmada-no-encontro-de-mulheres\/#respond"]}]},{"@type":"WebPage","@id":"https:\/\/uvbbrasil.com.br\/dra-elaine-harzheim-macedo-confirmada-no-encontro-de-mulheres\/","url":"https:\/\/uvbbrasil.com.br\/dra-elaine-harzheim-macedo-confirmada-no-encontro-de-mulheres\/","name":"Dra. Elaine Macedo, primeira mulher a presidir o TRE-RS, no F\u00f3rum da Mulher - UVB Brasil","isPartOf":{"@id":"https:\/\/uvbbrasil.com.br\/#website"},"primaryImageOfPage":{"@id":"https:\/\/uvbbrasil.com.br\/dra-elaine-harzheim-macedo-confirmada-no-encontro-de-mulheres\/#primaryimage"},"image":{"@id":"https:\/\/uvbbrasil.com.br\/dra-elaine-harzheim-macedo-confirmada-no-encontro-de-mulheres\/#primaryimage"},"thumbnailUrl":"https:\/\/uvbbrasil.com.br\/wp-content\/uploads\/2016\/05\/elaine-macedo-1.jpg","datePublished":"2016-06-20T20:24:00+00:00","breadcrumb":{"@id":"https:\/\/uvbbrasil.com.br\/dra-elaine-harzheim-macedo-confirmada-no-encontro-de-mulheres\/#breadcrumb"},"inLanguage":"pt-BR","potentialAction":[{"@type":"ReadAction","target":["https:\/\/uvbbrasil.com.br\/dra-elaine-harzheim-macedo-confirmada-no-encontro-de-mulheres\/"]}]},{"@type":"ImageObject","inLanguage":"pt-BR","@id":"https:\/\/uvbbrasil.com.br\/dra-elaine-harzheim-macedo-confirmada-no-encontro-de-mulheres\/#primaryimage","url":"https:\/\/uvbbrasil.com.br\/wp-content\/uploads\/2016\/05\/elaine-macedo-1.jpg","contentUrl":"https:\/\/uvbbrasil.com.br\/wp-content\/uploads\/2016\/05\/elaine-macedo-1.jpg","width":480,"height":320},{"@type":"BreadcrumbList","@id":"https:\/\/uvbbrasil.com.br\/dra-elaine-harzheim-macedo-confirmada-no-encontro-de-mulheres\/#breadcrumb","itemListElement":[{"@type":"ListItem","position":1,"name":"In\u00edcio","item":"https:\/\/uvbbrasil.com.br\/"},{"@type":"ListItem","position":2,"name":"Dra. Elaine Macedo, primeira mulher a presidir o TRE-RS, no F\u00f3rum da Mulher"}]},{"@type":"WebSite","@id":"https:\/\/uvbbrasil.com.br\/#website","url":"https:\/\/uvbbrasil.com.br\/","name":"UVB Brasil","description":"Uni\u00e3o dos Vereadores do Brasil","publisher":{"@id":"https:\/\/uvbbrasil.com.br\/#organization"},"potentialAction":[{"@type":"SearchAction","target":{"@type":"EntryPoint","urlTemplate":"https:\/\/uvbbrasil.com.br\/?s={search_term_string}"},"query-input":{"@type":"PropertyValueSpecification","valueRequired":true,"valueName":"search_term_string"}}],"inLanguage":"pt-BR"},{"@type":"Organization","@id":"https:\/\/uvbbrasil.com.br\/#organization","name":"UVB Brasil","url":"https:\/\/uvbbrasil.com.br\/","logo":{"@type":"ImageObject","inLanguage":"pt-BR","@id":"https:\/\/uvbbrasil.com.br\/#\/schema\/logo\/image\/","url":"https:\/\/uvbbrasil.com.br\/wp-content\/uploads\/2025\/01\/LOGO-UVB-2024-azul-1.jpg","contentUrl":"https:\/\/uvbbrasil.com.br\/wp-content\/uploads\/2025\/01\/LOGO-UVB-2024-azul-1.jpg","width":600,"height":211,"caption":"UVB Brasil"},"image":{"@id":"https:\/\/uvbbrasil.com.br\/#\/schema\/logo\/image\/"},"sameAs":["https:\/\/www.facebook.com\/uvb.vereadoresbrasil","https:\/\/www.instagram.com\/uvbbrasil\/","https:\/\/www.youtube.com\/channel\/UCIlPQ8Xzw5GHNzosQIg9S5A"]},{"@type":"Person","@id":"https:\/\/uvbbrasil.com.br\/#\/schema\/person\/17990098446c098f52effddff4f1b272","name":"adminuvb","image":{"@type":"ImageObject","inLanguage":"pt-BR","@id":"https:\/\/uvbbrasil.com.br\/#\/schema\/person\/image\/","url":"https:\/\/secure.gravatar.com\/avatar\/1a494ea6f8e2dd1ae526e55b0e9497efdba542491e0620d704cccf63c6f77c45?s=96&d=mm&r=g","contentUrl":"https:\/\/secure.gravatar.com\/avatar\/1a494ea6f8e2dd1ae526e55b0e9497efdba542491e0620d704cccf63c6f77c45?s=96&d=mm&r=g","caption":"adminuvb"},"sameAs":["https:\/\/uvbbrasil.com.br"],"url":"https:\/\/uvbbrasil.com.br\/author\/adminuvb\/"}]}},"_links":{"self":[{"href":"https:\/\/uvbbrasil.com.br\/uvb-json\/wp\/v2\/posts\/4204","targetHints":{"allow":["GET"]}}],"collection":[{"href":"https:\/\/uvbbrasil.com.br\/uvb-json\/wp\/v2\/posts"}],"about":[{"href":"https:\/\/uvbbrasil.com.br\/uvb-json\/wp\/v2\/types\/post"}],"author":[{"embeddable":true,"href":"https:\/\/uvbbrasil.com.br\/uvb-json\/wp\/v2\/users\/1"}],"replies":[{"embeddable":true,"href":"https:\/\/uvbbrasil.com.br\/uvb-json\/wp\/v2\/comments?post=4204"}],"version-history":[{"count":0,"href":"https:\/\/uvbbrasil.com.br\/uvb-json\/wp\/v2\/posts\/4204\/revisions"}],"wp:featuredmedia":[{"embeddable":true,"href":"https:\/\/uvbbrasil.com.br\/uvb-json\/wp\/v2\/media\/4209"}],"wp:attachment":[{"href":"https:\/\/uvbbrasil.com.br\/uvb-json\/wp\/v2\/media?parent=4204"}],"wp:term":[{"taxonomy":"category","embeddable":true,"href":"https:\/\/uvbbrasil.com.br\/uvb-json\/wp\/v2\/categories?post=4204"},{"taxonomy":"post_tag","embeddable":true,"href":"https:\/\/uvbbrasil.com.br\/uvb-json\/wp\/v2\/tags?post=4204"}],"curies":[{"name":"wp","href":"https:\/\/api.w.org\/{rel}","templated":true}]}}