{"id":40007,"date":"2026-04-29T12:19:17","date_gmt":"2026-04-29T15:19:17","guid":{"rendered":"https:\/\/uvbbrasil.com.br\/?p=40007"},"modified":"2026-04-29T12:19:17","modified_gmt":"2026-04-29T15:19:17","slug":"presenca-do-ministro-andre-mendonca-marca-debate-sobre-democracia-e-seguranca-juridica-na-25a-marcha","status":"publish","type":"post","link":"https:\/\/uvbbrasil.com.br\/presenca-do-ministro-andre-mendonca-marca-debate-sobre-democracia-e-seguranca-juridica-na-25a-marcha\/","title":{"rendered":"Presen\u00e7a do ministro Andr\u00e9 Mendon\u00e7a marca debate sobre democracia e seguran\u00e7a jur\u00eddica na 25\u00aa Marcha"},"content":{"rendered":"<p data-start=\"106\" data-end=\"518\">A presen\u00e7a do ministro <span class=\"hover:entity-accent entity-underline inline cursor-pointer align-baseline\"><span class=\"whitespace-normal\">Andr\u00e9 Mendon\u00e7a<\/span><\/span> foi um dos destaques da programa\u00e7\u00e3o do terceiro dia da 25\u00aa Marcha dos Gestores e Legislativos Municipais. \u00c0s 10h30, o magistrado conduziu a Mesa Eleitoral com o tema \u201cDemocracia, Elei\u00e7\u00f5es e Seguran\u00e7a Jur\u00eddica: Desafios Institucionais em um Novo Cen\u00e1rio Tecnol\u00f3gico\u201d, reunindo participantes em torno de um dos assuntos mais relevantes do cen\u00e1rio atual.<\/p>\n<p data-start=\"520\" data-end=\"879\">Durante sua participa\u00e7\u00e3o, <span class=\"hover:entity-accent entity-underline inline cursor-pointer align-baseline\"><span class=\"whitespace-normal\">Andr\u00e9 Mendon\u00e7a<\/span><\/span> destacou a import\u00e2ncia da seguran\u00e7a jur\u00eddica como elemento essencial para a preserva\u00e7\u00e3o da democracia, especialmente em um contexto de r\u00e1pidas transforma\u00e7\u00f5es tecnol\u00f3gicas. A abordagem trouxe reflex\u00f5es sobre o papel das institui\u00e7\u00f5es na garantia de processos eleitorais confi\u00e1veis e transparentes.<\/p>\n<p data-start=\"881\" data-end=\"1210\">Ao longo de sua fala, <span class=\"hover:entity-accent entity-underline inline cursor-pointer align-baseline\"><span class=\"whitespace-normal\">Andr\u00e9 Mendon\u00e7a<\/span><\/span> tamb\u00e9m abordou os desafios impostos pelo ambiente digital, ressaltando a necessidade de constante aprimoramento das normas e mecanismos de controle. A discuss\u00e3o evidenciou a responsabilidade conjunta dos agentes p\u00fablicos na defesa da integridade do sistema democr\u00e1tico.<\/p>\n<p data-start=\"1212\" data-end=\"1482\" data-is-last-node=\"\" data-is-only-node=\"\">A participa\u00e7\u00e3o de <span class=\"hover:entity-accent entity-underline inline cursor-pointer align-baseline\"><span class=\"whitespace-normal\">Andr\u00e9 Mendon\u00e7a<\/span><\/span> refor\u00e7a a import\u00e2ncia da 25\u00aa Marcha como espa\u00e7o de di\u00e1logo qualificado entre autoridades e legisladores municipais, promovendo debates estrat\u00e9gicos para o fortalecimento das institui\u00e7\u00f5es e da democracia brasileira.<\/p>\n","protected":false},"excerpt":{"rendered":"<p>A presen\u00e7a do ministro Andr\u00e9 Mendon\u00e7a foi um dos destaques da programa\u00e7\u00e3o do terceiro dia da 25\u00aa Marcha dos Gestores&#8230;<\/p>\n","protected":false},"author":1,"featured_media":40008,"comment_status":"open","ping_status":"open","sticky":false,"template":"","format":"standard","meta":{"footnotes":""},"categories":[7,3],"tags":[],"class_list":["post-40007","post","type-post","status-publish","format-standard","has-post-thumbnail","hentry","category-marcha-vereadores","category-noticias"],"yoast_head":"<!-- This site is optimized with the Yoast SEO plugin v26.7 - https:\/\/yoast.com\/wordpress\/plugins\/seo\/ -->\n<title>Presen\u00e7a do ministro Andr\u00e9 Mendon\u00e7a marca debate sobre democracia e seguran\u00e7a jur\u00eddica na 25\u00aa Marcha - UVB Brasil<\/title>\n<meta name=\"robots\" content=\"index, follow, max-snippet:-1, max-image-preview:large, max-video-preview:-1\" \/>\n<link rel=\"canonical\" href=\"https:\/\/uvbbrasil.com.br\/presenca-do-ministro-andre-mendonca-marca-debate-sobre-democracia-e-seguranca-juridica-na-25a-marcha\/\" \/>\n<meta property=\"og:locale\" content=\"pt_BR\" \/>\n<meta property=\"og:type\" content=\"article\" \/>\n<meta property=\"og:title\" content=\"Presen\u00e7a do ministro Andr\u00e9 Mendon\u00e7a marca debate sobre democracia e seguran\u00e7a jur\u00eddica na 25\u00aa Marcha - UVB Brasil\" \/>\n<meta property=\"og:description\" content=\"A presen\u00e7a do ministro Andr\u00e9 Mendon\u00e7a foi um dos destaques da programa\u00e7\u00e3o do terceiro dia da 25\u00aa Marcha dos Gestores...\" \/>\n<meta property=\"og:url\" content=\"https:\/\/uvbbrasil.com.br\/presenca-do-ministro-andre-mendonca-marca-debate-sobre-democracia-e-seguranca-juridica-na-25a-marcha\/\" \/>\n<meta property=\"og:site_name\" content=\"UVB Brasil\" \/>\n<meta property=\"article:publisher\" content=\"https:\/\/www.facebook.com\/uvb.vereadoresbrasil\" \/>\n<meta property=\"article:published_time\" content=\"2026-04-29T15:19:17+00:00\" \/>\n<meta property=\"og:image\" content=\"https:\/\/uvbbrasil.com.br\/wp-content\/uploads\/2026\/04\/DSC07410.jpg\" \/>\n\t<meta property=\"og:image:width\" content=\"2048\" \/>\n\t<meta property=\"og:image:height\" content=\"1365\" \/>\n\t<meta property=\"og:image:type\" content=\"image\/jpeg\" \/>\n<meta name=\"author\" content=\"adminuvb\" \/>\n<meta name=\"twitter:card\" content=\"summary_large_image\" \/>\n<meta name=\"twitter:label1\" content=\"Escrito por\" \/>\n\t<meta name=\"twitter:data1\" content=\"adminuvb\" \/>\n\t<meta name=\"twitter:label2\" content=\"Est. tempo de leitura\" \/>\n\t<meta name=\"twitter:data2\" content=\"2 minutos\" \/>\n<script type=\"application\/ld+json\" class=\"yoast-schema-graph\">{\"@context\":\"https:\/\/schema.org\",\"@graph\":[{\"@type\":\"Article\",\"@id\":\"https:\/\/uvbbrasil.com.br\/presenca-do-ministro-andre-mendonca-marca-debate-sobre-democracia-e-seguranca-juridica-na-25a-marcha\/#article\",\"isPartOf\":{\"@id\":\"https:\/\/uvbbrasil.com.br\/presenca-do-ministro-andre-mendonca-marca-debate-sobre-democracia-e-seguranca-juridica-na-25a-marcha\/\"},\"author\":{\"name\":\"adminuvb\",\"@id\":\"https:\/\/uvbbrasil.com.br\/#\/schema\/person\/17990098446c098f52effddff4f1b272\"},\"headline\":\"Presen\u00e7a do ministro Andr\u00e9 Mendon\u00e7a marca debate sobre democracia e seguran\u00e7a jur\u00eddica na 25\u00aa Marcha\",\"datePublished\":\"2026-04-29T15:19:17+00:00\",\"mainEntityOfPage\":{\"@id\":\"https:\/\/uvbbrasil.com.br\/presenca-do-ministro-andre-mendonca-marca-debate-sobre-democracia-e-seguranca-juridica-na-25a-marcha\/\"},\"wordCount\":229,\"commentCount\":0,\"publisher\":{\"@id\":\"https:\/\/uvbbrasil.com.br\/#organization\"},\"image\":{\"@id\":\"https:\/\/uvbbrasil.com.br\/presenca-do-ministro-andre-mendonca-marca-debate-sobre-democracia-e-seguranca-juridica-na-25a-marcha\/#primaryimage\"},\"thumbnailUrl\":\"https:\/\/uvbbrasil.com.br\/wp-content\/uploads\/2026\/04\/DSC07410.jpg\",\"articleSection\":[\"MARCHA DOS VEREADORES\",\"NOT\u00cdCIAS\"],\"inLanguage\":\"pt-BR\",\"potentialAction\":[{\"@type\":\"CommentAction\",\"name\":\"Comment\",\"target\":[\"https:\/\/uvbbrasil.com.br\/presenca-do-ministro-andre-mendonca-marca-debate-sobre-democracia-e-seguranca-juridica-na-25a-marcha\/#respond\"]}]},{\"@type\":\"WebPage\",\"@id\":\"https:\/\/uvbbrasil.com.br\/presenca-do-ministro-andre-mendonca-marca-debate-sobre-democracia-e-seguranca-juridica-na-25a-marcha\/\",\"url\":\"https:\/\/uvbbrasil.com.br\/presenca-do-ministro-andre-mendonca-marca-debate-sobre-democracia-e-seguranca-juridica-na-25a-marcha\/\",\"name\":\"Presen\u00e7a do ministro Andr\u00e9 Mendon\u00e7a marca debate sobre democracia e seguran\u00e7a jur\u00eddica na 25\u00aa Marcha - UVB Brasil\",\"isPartOf\":{\"@id\":\"https:\/\/uvbbrasil.com.br\/#website\"},\"primaryImageOfPage\":{\"@id\":\"https:\/\/uvbbrasil.com.br\/presenca-do-ministro-andre-mendonca-marca-debate-sobre-democracia-e-seguranca-juridica-na-25a-marcha\/#primaryimage\"},\"image\":{\"@id\":\"https:\/\/uvbbrasil.com.br\/presenca-do-ministro-andre-mendonca-marca-debate-sobre-democracia-e-seguranca-juridica-na-25a-marcha\/#primaryimage\"},\"thumbnailUrl\":\"https:\/\/uvbbrasil.com.br\/wp-content\/uploads\/2026\/04\/DSC07410.jpg\",\"datePublished\":\"2026-04-29T15:19:17+00:00\",\"breadcrumb\":{\"@id\":\"https:\/\/uvbbrasil.com.br\/presenca-do-ministro-andre-mendonca-marca-debate-sobre-democracia-e-seguranca-juridica-na-25a-marcha\/#breadcrumb\"},\"inLanguage\":\"pt-BR\",\"potentialAction\":[{\"@type\":\"ReadAction\",\"target\":[\"https:\/\/uvbbrasil.com.br\/presenca-do-ministro-andre-mendonca-marca-debate-sobre-democracia-e-seguranca-juridica-na-25a-marcha\/\"]}]},{\"@type\":\"ImageObject\",\"inLanguage\":\"pt-BR\",\"@id\":\"https:\/\/uvbbrasil.com.br\/presenca-do-ministro-andre-mendonca-marca-debate-sobre-democracia-e-seguranca-juridica-na-25a-marcha\/#primaryimage\",\"url\":\"https:\/\/uvbbrasil.com.br\/wp-content\/uploads\/2026\/04\/DSC07410.jpg\",\"contentUrl\":\"https:\/\/uvbbrasil.com.br\/wp-content\/uploads\/2026\/04\/DSC07410.jpg\",\"width\":2048,\"height\":1365},{\"@type\":\"BreadcrumbList\",\"@id\":\"https:\/\/uvbbrasil.com.br\/presenca-do-ministro-andre-mendonca-marca-debate-sobre-democracia-e-seguranca-juridica-na-25a-marcha\/#breadcrumb\",\"itemListElement\":[{\"@type\":\"ListItem\",\"position\":1,\"name\":\"In\u00edcio\",\"item\":\"https:\/\/uvbbrasil.com.br\/\"},{\"@type\":\"ListItem\",\"position\":2,\"name\":\"Presen\u00e7a do ministro Andr\u00e9 Mendon\u00e7a marca debate sobre democracia e seguran\u00e7a jur\u00eddica na 25\u00aa Marcha\"}]},{\"@type\":\"WebSite\",\"@id\":\"https:\/\/uvbbrasil.com.br\/#website\",\"url\":\"https:\/\/uvbbrasil.com.br\/\",\"name\":\"UVB Brasil\",\"description\":\"Uni\u00e3o dos Vereadores do Brasil\",\"publisher\":{\"@id\":\"https:\/\/uvbbrasil.com.br\/#organization\"},\"potentialAction\":[{\"@type\":\"SearchAction\",\"target\":{\"@type\":\"EntryPoint\",\"urlTemplate\":\"https:\/\/uvbbrasil.com.br\/?s={search_term_string}\"},\"query-input\":{\"@type\":\"PropertyValueSpecification\",\"valueRequired\":true,\"valueName\":\"search_term_string\"}}],\"inLanguage\":\"pt-BR\"},{\"@type\":\"Organization\",\"@id\":\"https:\/\/uvbbrasil.com.br\/#organization\",\"name\":\"UVB Brasil\",\"url\":\"https:\/\/uvbbrasil.com.br\/\",\"logo\":{\"@type\":\"ImageObject\",\"inLanguage\":\"pt-BR\",\"@id\":\"https:\/\/uvbbrasil.com.br\/#\/schema\/logo\/image\/\",\"url\":\"https:\/\/uvbbrasil.com.br\/wp-content\/uploads\/2025\/01\/LOGO-UVB-2024-azul-1.jpg\",\"contentUrl\":\"https:\/\/uvbbrasil.com.br\/wp-content\/uploads\/2025\/01\/LOGO-UVB-2024-azul-1.jpg\",\"width\":600,\"height\":211,\"caption\":\"UVB Brasil\"},\"image\":{\"@id\":\"https:\/\/uvbbrasil.com.br\/#\/schema\/logo\/image\/\"},\"sameAs\":[\"https:\/\/www.facebook.com\/uvb.vereadoresbrasil\",\"https:\/\/www.instagram.com\/uvbbrasil\/\",\"https:\/\/www.youtube.com\/channel\/UCIlPQ8Xzw5GHNzosQIg9S5A\"]},{\"@type\":\"Person\",\"@id\":\"https:\/\/uvbbrasil.com.br\/#\/schema\/person\/17990098446c098f52effddff4f1b272\",\"name\":\"adminuvb\",\"image\":{\"@type\":\"ImageObject\",\"inLanguage\":\"pt-BR\",\"@id\":\"https:\/\/uvbbrasil.com.br\/#\/schema\/person\/image\/\",\"url\":\"https:\/\/secure.gravatar.com\/avatar\/1a494ea6f8e2dd1ae526e55b0e9497efdba542491e0620d704cccf63c6f77c45?s=96&d=mm&r=g\",\"contentUrl\":\"https:\/\/secure.gravatar.com\/avatar\/1a494ea6f8e2dd1ae526e55b0e9497efdba542491e0620d704cccf63c6f77c45?s=96&d=mm&r=g\",\"caption\":\"adminuvb\"},\"sameAs\":[\"https:\/\/uvbbrasil.com.br\"],\"url\":\"https:\/\/uvbbrasil.com.br\/author\/adminuvb\/\"}]}<\/script>\n<!-- \/ Yoast SEO plugin. -->","yoast_head_json":{"title":"Presen\u00e7a do ministro Andr\u00e9 Mendon\u00e7a marca debate sobre democracia e seguran\u00e7a jur\u00eddica na 25\u00aa Marcha - UVB Brasil","robots":{"index":"index","follow":"follow","max-snippet":"max-snippet:-1","max-image-preview":"max-image-preview:large","max-video-preview":"max-video-preview:-1"},"canonical":"https:\/\/uvbbrasil.com.br\/presenca-do-ministro-andre-mendonca-marca-debate-sobre-democracia-e-seguranca-juridica-na-25a-marcha\/","og_locale":"pt_BR","og_type":"article","og_title":"Presen\u00e7a do ministro Andr\u00e9 Mendon\u00e7a marca debate sobre democracia e seguran\u00e7a jur\u00eddica na 25\u00aa Marcha - UVB Brasil","og_description":"A presen\u00e7a do ministro Andr\u00e9 Mendon\u00e7a foi um dos destaques da programa\u00e7\u00e3o do terceiro dia da 25\u00aa Marcha dos Gestores...","og_url":"https:\/\/uvbbrasil.com.br\/presenca-do-ministro-andre-mendonca-marca-debate-sobre-democracia-e-seguranca-juridica-na-25a-marcha\/","og_site_name":"UVB Brasil","article_publisher":"https:\/\/www.facebook.com\/uvb.vereadoresbrasil","article_published_time":"2026-04-29T15:19:17+00:00","og_image":[{"width":2048,"height":1365,"url":"https:\/\/uvbbrasil.com.br\/wp-content\/uploads\/2026\/04\/DSC07410.jpg","type":"image\/jpeg"}],"author":"adminuvb","twitter_card":"summary_large_image","twitter_misc":{"Escrito por":"adminuvb","Est. tempo de leitura":"2 minutos"},"schema":{"@context":"https:\/\/schema.org","@graph":[{"@type":"Article","@id":"https:\/\/uvbbrasil.com.br\/presenca-do-ministro-andre-mendonca-marca-debate-sobre-democracia-e-seguranca-juridica-na-25a-marcha\/#article","isPartOf":{"@id":"https:\/\/uvbbrasil.com.br\/presenca-do-ministro-andre-mendonca-marca-debate-sobre-democracia-e-seguranca-juridica-na-25a-marcha\/"},"author":{"name":"adminuvb","@id":"https:\/\/uvbbrasil.com.br\/#\/schema\/person\/17990098446c098f52effddff4f1b272"},"headline":"Presen\u00e7a do ministro Andr\u00e9 Mendon\u00e7a marca debate sobre democracia e seguran\u00e7a jur\u00eddica na 25\u00aa Marcha","datePublished":"2026-04-29T15:19:17+00:00","mainEntityOfPage":{"@id":"https:\/\/uvbbrasil.com.br\/presenca-do-ministro-andre-mendonca-marca-debate-sobre-democracia-e-seguranca-juridica-na-25a-marcha\/"},"wordCount":229,"commentCount":0,"publisher":{"@id":"https:\/\/uvbbrasil.com.br\/#organization"},"image":{"@id":"https:\/\/uvbbrasil.com.br\/presenca-do-ministro-andre-mendonca-marca-debate-sobre-democracia-e-seguranca-juridica-na-25a-marcha\/#primaryimage"},"thumbnailUrl":"https:\/\/uvbbrasil.com.br\/wp-content\/uploads\/2026\/04\/DSC07410.jpg","articleSection":["MARCHA DOS VEREADORES","NOT\u00cdCIAS"],"inLanguage":"pt-BR","potentialAction":[{"@type":"CommentAction","name":"Comment","target":["https:\/\/uvbbrasil.com.br\/presenca-do-ministro-andre-mendonca-marca-debate-sobre-democracia-e-seguranca-juridica-na-25a-marcha\/#respond"]}]},{"@type":"WebPage","@id":"https:\/\/uvbbrasil.com.br\/presenca-do-ministro-andre-mendonca-marca-debate-sobre-democracia-e-seguranca-juridica-na-25a-marcha\/","url":"https:\/\/uvbbrasil.com.br\/presenca-do-ministro-andre-mendonca-marca-debate-sobre-democracia-e-seguranca-juridica-na-25a-marcha\/","name":"Presen\u00e7a do ministro Andr\u00e9 Mendon\u00e7a marca debate sobre democracia e seguran\u00e7a jur\u00eddica na 25\u00aa Marcha - UVB Brasil","isPartOf":{"@id":"https:\/\/uvbbrasil.com.br\/#website"},"primaryImageOfPage":{"@id":"https:\/\/uvbbrasil.com.br\/presenca-do-ministro-andre-mendonca-marca-debate-sobre-democracia-e-seguranca-juridica-na-25a-marcha\/#primaryimage"},"image":{"@id":"https:\/\/uvbbrasil.com.br\/presenca-do-ministro-andre-mendonca-marca-debate-sobre-democracia-e-seguranca-juridica-na-25a-marcha\/#primaryimage"},"thumbnailUrl":"https:\/\/uvbbrasil.com.br\/wp-content\/uploads\/2026\/04\/DSC07410.jpg","datePublished":"2026-04-29T15:19:17+00:00","breadcrumb":{"@id":"https:\/\/uvbbrasil.com.br\/presenca-do-ministro-andre-mendonca-marca-debate-sobre-democracia-e-seguranca-juridica-na-25a-marcha\/#breadcrumb"},"inLanguage":"pt-BR","potentialAction":[{"@type":"ReadAction","target":["https:\/\/uvbbrasil.com.br\/presenca-do-ministro-andre-mendonca-marca-debate-sobre-democracia-e-seguranca-juridica-na-25a-marcha\/"]}]},{"@type":"ImageObject","inLanguage":"pt-BR","@id":"https:\/\/uvbbrasil.com.br\/presenca-do-ministro-andre-mendonca-marca-debate-sobre-democracia-e-seguranca-juridica-na-25a-marcha\/#primaryimage","url":"https:\/\/uvbbrasil.com.br\/wp-content\/uploads\/2026\/04\/DSC07410.jpg","contentUrl":"https:\/\/uvbbrasil.com.br\/wp-content\/uploads\/2026\/04\/DSC07410.jpg","width":2048,"height":1365},{"@type":"BreadcrumbList","@id":"https:\/\/uvbbrasil.com.br\/presenca-do-ministro-andre-mendonca-marca-debate-sobre-democracia-e-seguranca-juridica-na-25a-marcha\/#breadcrumb","itemListElement":[{"@type":"ListItem","position":1,"name":"In\u00edcio","item":"https:\/\/uvbbrasil.com.br\/"},{"@type":"ListItem","position":2,"name":"Presen\u00e7a do ministro Andr\u00e9 Mendon\u00e7a marca debate sobre democracia e seguran\u00e7a jur\u00eddica na 25\u00aa Marcha"}]},{"@type":"WebSite","@id":"https:\/\/uvbbrasil.com.br\/#website","url":"https:\/\/uvbbrasil.com.br\/","name":"UVB Brasil","description":"Uni\u00e3o dos Vereadores do Brasil","publisher":{"@id":"https:\/\/uvbbrasil.com.br\/#organization"},"potentialAction":[{"@type":"SearchAction","target":{"@type":"EntryPoint","urlTemplate":"https:\/\/uvbbrasil.com.br\/?s={search_term_string}"},"query-input":{"@type":"PropertyValueSpecification","valueRequired":true,"valueName":"search_term_string"}}],"inLanguage":"pt-BR"},{"@type":"Organization","@id":"https:\/\/uvbbrasil.com.br\/#organization","name":"UVB Brasil","url":"https:\/\/uvbbrasil.com.br\/","logo":{"@type":"ImageObject","inLanguage":"pt-BR","@id":"https:\/\/uvbbrasil.com.br\/#\/schema\/logo\/image\/","url":"https:\/\/uvbbrasil.com.br\/wp-content\/uploads\/2025\/01\/LOGO-UVB-2024-azul-1.jpg","contentUrl":"https:\/\/uvbbrasil.com.br\/wp-content\/uploads\/2025\/01\/LOGO-UVB-2024-azul-1.jpg","width":600,"height":211,"caption":"UVB Brasil"},"image":{"@id":"https:\/\/uvbbrasil.com.br\/#\/schema\/logo\/image\/"},"sameAs":["https:\/\/www.facebook.com\/uvb.vereadoresbrasil","https:\/\/www.instagram.com\/uvbbrasil\/","https:\/\/www.youtube.com\/channel\/UCIlPQ8Xzw5GHNzosQIg9S5A"]},{"@type":"Person","@id":"https:\/\/uvbbrasil.com.br\/#\/schema\/person\/17990098446c098f52effddff4f1b272","name":"adminuvb","image":{"@type":"ImageObject","inLanguage":"pt-BR","@id":"https:\/\/uvbbrasil.com.br\/#\/schema\/person\/image\/","url":"https:\/\/secure.gravatar.com\/avatar\/1a494ea6f8e2dd1ae526e55b0e9497efdba542491e0620d704cccf63c6f77c45?s=96&d=mm&r=g","contentUrl":"https:\/\/secure.gravatar.com\/avatar\/1a494ea6f8e2dd1ae526e55b0e9497efdba542491e0620d704cccf63c6f77c45?s=96&d=mm&r=g","caption":"adminuvb"},"sameAs":["https:\/\/uvbbrasil.com.br"],"url":"https:\/\/uvbbrasil.com.br\/author\/adminuvb\/"}]}},"_links":{"self":[{"href":"https:\/\/uvbbrasil.com.br\/uvb-json\/wp\/v2\/posts\/40007","targetHints":{"allow":["GET"]}}],"collection":[{"href":"https:\/\/uvbbrasil.com.br\/uvb-json\/wp\/v2\/posts"}],"about":[{"href":"https:\/\/uvbbrasil.com.br\/uvb-json\/wp\/v2\/types\/post"}],"author":[{"embeddable":true,"href":"https:\/\/uvbbrasil.com.br\/uvb-json\/wp\/v2\/users\/1"}],"replies":[{"embeddable":true,"href":"https:\/\/uvbbrasil.com.br\/uvb-json\/wp\/v2\/comments?post=40007"}],"version-history":[{"count":1,"href":"https:\/\/uvbbrasil.com.br\/uvb-json\/wp\/v2\/posts\/40007\/revisions"}],"predecessor-version":[{"id":40009,"href":"https:\/\/uvbbrasil.com.br\/uvb-json\/wp\/v2\/posts\/40007\/revisions\/40009"}],"wp:featuredmedia":[{"embeddable":true,"href":"https:\/\/uvbbrasil.com.br\/uvb-json\/wp\/v2\/media\/40008"}],"wp:attachment":[{"href":"https:\/\/uvbbrasil.com.br\/uvb-json\/wp\/v2\/media?parent=40007"}],"wp:term":[{"taxonomy":"category","embeddable":true,"href":"https:\/\/uvbbrasil.com.br\/uvb-json\/wp\/v2\/categories?post=40007"},{"taxonomy":"post_tag","embeddable":true,"href":"https:\/\/uvbbrasil.com.br\/uvb-json\/wp\/v2\/tags?post=40007"}],"curies":[{"name":"wp","href":"https:\/\/api.w.org\/{rel}","templated":true}]}}