{"id":39981,"date":"2026-04-28T20:04:43","date_gmt":"2026-04-28T23:04:43","guid":{"rendered":"https:\/\/uvbbrasil.com.br\/?p=39981"},"modified":"2026-04-28T20:04:43","modified_gmt":"2026-04-28T23:04:43","slug":"thiago-colpani-destaca-papel-do-vereador-no-fortalecimento-do-agro-e-no-desenvolvimento-regional","status":"publish","type":"post","link":"https:\/\/uvbbrasil.com.br\/thiago-colpani-destaca-papel-do-vereador-no-fortalecimento-do-agro-e-no-desenvolvimento-regional\/","title":{"rendered":"Thiago Colpani destaca papel do vereador no fortalecimento do agro e no desenvolvimento regional"},"content":{"rendered":"<p data-start=\"96\" data-end=\"512\">Dando continuidade \u00e0 programa\u00e7\u00e3o do segundo dia da 25\u00aa Marcha dos Gestores e Legislativos Municipais, \u00e0s 14h foi realizada a palestra \u201cO Vereador como Agente de Fortalecimento do Agro: Pol\u00edticas P\u00fablicas, Cr\u00e9dito e Seguran\u00e7a Jur\u00eddica no Campo\u201d, ministrada por <span class=\"hover:entity-accent entity-underline inline cursor-pointer align-baseline\"><span class=\"whitespace-normal\">Thiago Colpani<\/span><\/span>. A atividade trouxe uma abordagem estrat\u00e9gica sobre a atua\u00e7\u00e3o do Legislativo municipal no apoio ao setor agropecu\u00e1rio.<\/p>\n<p data-start=\"514\" data-end=\"892\">Durante sua exposi\u00e7\u00e3o, <span class=\"hover:entity-accent entity-underline inline cursor-pointer align-baseline\"><span class=\"whitespace-normal\">Thiago Colpani<\/span><\/span> destacou a import\u00e2ncia do vereador na constru\u00e7\u00e3o de pol\u00edticas p\u00fablicas voltadas ao desenvolvimento do campo, com foco em acesso ao cr\u00e9dito, seguran\u00e7a jur\u00eddica e incentivo \u00e0 produ\u00e7\u00e3o. A palestra evidenciou como a atua\u00e7\u00e3o parlamentar pode contribuir diretamente para o fortalecimento da economia local por meio do agro.<\/p>\n<p data-start=\"894\" data-end=\"1259\">Ao longo da apresenta\u00e7\u00e3o, <span class=\"hover:entity-accent entity-underline inline cursor-pointer align-baseline\"><span class=\"whitespace-normal\">Thiago Colpani<\/span><\/span> abordou a necessidade de integra\u00e7\u00e3o entre o setor produtivo e o poder p\u00fablico, ressaltando a import\u00e2ncia de decis\u00f5es legislativas alinhadas \u00e0s demandas reais dos produtores. A experi\u00eancia pr\u00e1tica no agroneg\u00f3cio foi apresentada como um diferencial na constru\u00e7\u00e3o de propostas mais eficazes e aplic\u00e1veis.<\/p>\n<p data-start=\"1261\" data-end=\"1547\" data-is-last-node=\"\" data-is-only-node=\"\">A participa\u00e7\u00e3o de <span class=\"hover:entity-accent entity-underline inline cursor-pointer align-baseline\"><span class=\"whitespace-normal\">Thiago Colpani<\/span><\/span> refor\u00e7a o compromisso da 25\u00aa Marcha em promover debates relevantes para o desenvolvimento dos munic\u00edpios, destacando o papel do Legislativo na cria\u00e7\u00e3o de ambientes mais seguros, produtivos e sustent\u00e1veis para o setor agropecu\u00e1rio.<\/p>\n","protected":false},"excerpt":{"rendered":"<p>Dando continuidade \u00e0 programa\u00e7\u00e3o do segundo dia da 25\u00aa Marcha dos Gestores e Legislativos Municipais, \u00e0s 14h foi realizada a&#8230;<\/p>\n","protected":false},"author":1,"featured_media":39982,"comment_status":"open","ping_status":"open","sticky":false,"template":"","format":"standard","meta":{"footnotes":""},"categories":[7,3],"tags":[],"class_list":["post-39981","post","type-post","status-publish","format-standard","has-post-thumbnail","hentry","category-marcha-vereadores","category-noticias"],"yoast_head":"<!-- This site is optimized with the Yoast SEO plugin v26.7 - https:\/\/yoast.com\/wordpress\/plugins\/seo\/ -->\n<title>Thiago Colpani destaca papel do vereador no fortalecimento do agro e no desenvolvimento regional - UVB Brasil<\/title>\n<meta name=\"robots\" content=\"index, follow, max-snippet:-1, max-image-preview:large, max-video-preview:-1\" \/>\n<link rel=\"canonical\" href=\"https:\/\/uvbbrasil.com.br\/thiago-colpani-destaca-papel-do-vereador-no-fortalecimento-do-agro-e-no-desenvolvimento-regional\/\" \/>\n<meta property=\"og:locale\" content=\"pt_BR\" \/>\n<meta property=\"og:type\" content=\"article\" \/>\n<meta property=\"og:title\" content=\"Thiago Colpani destaca papel do vereador no fortalecimento do agro e no desenvolvimento regional - UVB Brasil\" \/>\n<meta property=\"og:description\" content=\"Dando continuidade \u00e0 programa\u00e7\u00e3o do segundo dia da 25\u00aa Marcha dos Gestores e Legislativos Municipais, \u00e0s 14h foi realizada a...\" \/>\n<meta property=\"og:url\" content=\"https:\/\/uvbbrasil.com.br\/thiago-colpani-destaca-papel-do-vereador-no-fortalecimento-do-agro-e-no-desenvolvimento-regional\/\" \/>\n<meta property=\"og:site_name\" content=\"UVB Brasil\" \/>\n<meta property=\"article:publisher\" content=\"https:\/\/www.facebook.com\/uvb.vereadoresbrasil\" \/>\n<meta property=\"article:published_time\" content=\"2026-04-28T23:04:43+00:00\" \/>\n<meta property=\"og:image\" content=\"https:\/\/uvbbrasil.com.br\/wp-content\/uploads\/2026\/04\/DSC06254.jpg\" \/>\n\t<meta property=\"og:image:width\" content=\"2048\" \/>\n\t<meta property=\"og:image:height\" content=\"1365\" \/>\n\t<meta property=\"og:image:type\" content=\"image\/jpeg\" \/>\n<meta name=\"author\" content=\"adminuvb\" \/>\n<meta name=\"twitter:card\" content=\"summary_large_image\" \/>\n<meta name=\"twitter:label1\" content=\"Escrito por\" \/>\n\t<meta name=\"twitter:data1\" content=\"adminuvb\" \/>\n\t<meta name=\"twitter:label2\" content=\"Est. tempo de leitura\" \/>\n\t<meta name=\"twitter:data2\" content=\"2 minutos\" \/>\n<script type=\"application\/ld+json\" class=\"yoast-schema-graph\">{\"@context\":\"https:\/\/schema.org\",\"@graph\":[{\"@type\":\"Article\",\"@id\":\"https:\/\/uvbbrasil.com.br\/thiago-colpani-destaca-papel-do-vereador-no-fortalecimento-do-agro-e-no-desenvolvimento-regional\/#article\",\"isPartOf\":{\"@id\":\"https:\/\/uvbbrasil.com.br\/thiago-colpani-destaca-papel-do-vereador-no-fortalecimento-do-agro-e-no-desenvolvimento-regional\/\"},\"author\":{\"name\":\"adminuvb\",\"@id\":\"https:\/\/uvbbrasil.com.br\/#\/schema\/person\/17990098446c098f52effddff4f1b272\"},\"headline\":\"Thiago Colpani destaca papel do vereador no fortalecimento do agro e no desenvolvimento regional\",\"datePublished\":\"2026-04-28T23:04:43+00:00\",\"mainEntityOfPage\":{\"@id\":\"https:\/\/uvbbrasil.com.br\/thiago-colpani-destaca-papel-do-vereador-no-fortalecimento-do-agro-e-no-desenvolvimento-regional\/\"},\"wordCount\":242,\"commentCount\":0,\"publisher\":{\"@id\":\"https:\/\/uvbbrasil.com.br\/#organization\"},\"image\":{\"@id\":\"https:\/\/uvbbrasil.com.br\/thiago-colpani-destaca-papel-do-vereador-no-fortalecimento-do-agro-e-no-desenvolvimento-regional\/#primaryimage\"},\"thumbnailUrl\":\"https:\/\/uvbbrasil.com.br\/wp-content\/uploads\/2026\/04\/DSC06254.jpg\",\"articleSection\":[\"MARCHA DOS VEREADORES\",\"NOT\u00cdCIAS\"],\"inLanguage\":\"pt-BR\",\"potentialAction\":[{\"@type\":\"CommentAction\",\"name\":\"Comment\",\"target\":[\"https:\/\/uvbbrasil.com.br\/thiago-colpani-destaca-papel-do-vereador-no-fortalecimento-do-agro-e-no-desenvolvimento-regional\/#respond\"]}]},{\"@type\":\"WebPage\",\"@id\":\"https:\/\/uvbbrasil.com.br\/thiago-colpani-destaca-papel-do-vereador-no-fortalecimento-do-agro-e-no-desenvolvimento-regional\/\",\"url\":\"https:\/\/uvbbrasil.com.br\/thiago-colpani-destaca-papel-do-vereador-no-fortalecimento-do-agro-e-no-desenvolvimento-regional\/\",\"name\":\"Thiago Colpani destaca papel do vereador no fortalecimento do agro e no desenvolvimento regional - UVB Brasil\",\"isPartOf\":{\"@id\":\"https:\/\/uvbbrasil.com.br\/#website\"},\"primaryImageOfPage\":{\"@id\":\"https:\/\/uvbbrasil.com.br\/thiago-colpani-destaca-papel-do-vereador-no-fortalecimento-do-agro-e-no-desenvolvimento-regional\/#primaryimage\"},\"image\":{\"@id\":\"https:\/\/uvbbrasil.com.br\/thiago-colpani-destaca-papel-do-vereador-no-fortalecimento-do-agro-e-no-desenvolvimento-regional\/#primaryimage\"},\"thumbnailUrl\":\"https:\/\/uvbbrasil.com.br\/wp-content\/uploads\/2026\/04\/DSC06254.jpg\",\"datePublished\":\"2026-04-28T23:04:43+00:00\",\"breadcrumb\":{\"@id\":\"https:\/\/uvbbrasil.com.br\/thiago-colpani-destaca-papel-do-vereador-no-fortalecimento-do-agro-e-no-desenvolvimento-regional\/#breadcrumb\"},\"inLanguage\":\"pt-BR\",\"potentialAction\":[{\"@type\":\"ReadAction\",\"target\":[\"https:\/\/uvbbrasil.com.br\/thiago-colpani-destaca-papel-do-vereador-no-fortalecimento-do-agro-e-no-desenvolvimento-regional\/\"]}]},{\"@type\":\"ImageObject\",\"inLanguage\":\"pt-BR\",\"@id\":\"https:\/\/uvbbrasil.com.br\/thiago-colpani-destaca-papel-do-vereador-no-fortalecimento-do-agro-e-no-desenvolvimento-regional\/#primaryimage\",\"url\":\"https:\/\/uvbbrasil.com.br\/wp-content\/uploads\/2026\/04\/DSC06254.jpg\",\"contentUrl\":\"https:\/\/uvbbrasil.com.br\/wp-content\/uploads\/2026\/04\/DSC06254.jpg\",\"width\":2048,\"height\":1365},{\"@type\":\"BreadcrumbList\",\"@id\":\"https:\/\/uvbbrasil.com.br\/thiago-colpani-destaca-papel-do-vereador-no-fortalecimento-do-agro-e-no-desenvolvimento-regional\/#breadcrumb\",\"itemListElement\":[{\"@type\":\"ListItem\",\"position\":1,\"name\":\"In\u00edcio\",\"item\":\"https:\/\/uvbbrasil.com.br\/\"},{\"@type\":\"ListItem\",\"position\":2,\"name\":\"Thiago Colpani destaca papel do vereador no fortalecimento do agro e no desenvolvimento regional\"}]},{\"@type\":\"WebSite\",\"@id\":\"https:\/\/uvbbrasil.com.br\/#website\",\"url\":\"https:\/\/uvbbrasil.com.br\/\",\"name\":\"UVB Brasil\",\"description\":\"Uni\u00e3o dos Vereadores do Brasil\",\"publisher\":{\"@id\":\"https:\/\/uvbbrasil.com.br\/#organization\"},\"potentialAction\":[{\"@type\":\"SearchAction\",\"target\":{\"@type\":\"EntryPoint\",\"urlTemplate\":\"https:\/\/uvbbrasil.com.br\/?s={search_term_string}\"},\"query-input\":{\"@type\":\"PropertyValueSpecification\",\"valueRequired\":true,\"valueName\":\"search_term_string\"}}],\"inLanguage\":\"pt-BR\"},{\"@type\":\"Organization\",\"@id\":\"https:\/\/uvbbrasil.com.br\/#organization\",\"name\":\"UVB Brasil\",\"url\":\"https:\/\/uvbbrasil.com.br\/\",\"logo\":{\"@type\":\"ImageObject\",\"inLanguage\":\"pt-BR\",\"@id\":\"https:\/\/uvbbrasil.com.br\/#\/schema\/logo\/image\/\",\"url\":\"https:\/\/uvbbrasil.com.br\/wp-content\/uploads\/2025\/01\/LOGO-UVB-2024-azul-1.jpg\",\"contentUrl\":\"https:\/\/uvbbrasil.com.br\/wp-content\/uploads\/2025\/01\/LOGO-UVB-2024-azul-1.jpg\",\"width\":600,\"height\":211,\"caption\":\"UVB Brasil\"},\"image\":{\"@id\":\"https:\/\/uvbbrasil.com.br\/#\/schema\/logo\/image\/\"},\"sameAs\":[\"https:\/\/www.facebook.com\/uvb.vereadoresbrasil\",\"https:\/\/www.instagram.com\/uvbbrasil\/\",\"https:\/\/www.youtube.com\/channel\/UCIlPQ8Xzw5GHNzosQIg9S5A\"]},{\"@type\":\"Person\",\"@id\":\"https:\/\/uvbbrasil.com.br\/#\/schema\/person\/17990098446c098f52effddff4f1b272\",\"name\":\"adminuvb\",\"image\":{\"@type\":\"ImageObject\",\"inLanguage\":\"pt-BR\",\"@id\":\"https:\/\/uvbbrasil.com.br\/#\/schema\/person\/image\/\",\"url\":\"https:\/\/secure.gravatar.com\/avatar\/1a494ea6f8e2dd1ae526e55b0e9497efdba542491e0620d704cccf63c6f77c45?s=96&d=mm&r=g\",\"contentUrl\":\"https:\/\/secure.gravatar.com\/avatar\/1a494ea6f8e2dd1ae526e55b0e9497efdba542491e0620d704cccf63c6f77c45?s=96&d=mm&r=g\",\"caption\":\"adminuvb\"},\"sameAs\":[\"https:\/\/uvbbrasil.com.br\"],\"url\":\"https:\/\/uvbbrasil.com.br\/author\/adminuvb\/\"}]}<\/script>\n<!-- \/ Yoast SEO plugin. -->","yoast_head_json":{"title":"Thiago Colpani destaca papel do vereador no fortalecimento do agro e no desenvolvimento regional - UVB Brasil","robots":{"index":"index","follow":"follow","max-snippet":"max-snippet:-1","max-image-preview":"max-image-preview:large","max-video-preview":"max-video-preview:-1"},"canonical":"https:\/\/uvbbrasil.com.br\/thiago-colpani-destaca-papel-do-vereador-no-fortalecimento-do-agro-e-no-desenvolvimento-regional\/","og_locale":"pt_BR","og_type":"article","og_title":"Thiago Colpani destaca papel do vereador no fortalecimento do agro e no desenvolvimento regional - UVB Brasil","og_description":"Dando continuidade \u00e0 programa\u00e7\u00e3o do segundo dia da 25\u00aa Marcha dos Gestores e Legislativos Municipais, \u00e0s 14h foi realizada a...","og_url":"https:\/\/uvbbrasil.com.br\/thiago-colpani-destaca-papel-do-vereador-no-fortalecimento-do-agro-e-no-desenvolvimento-regional\/","og_site_name":"UVB Brasil","article_publisher":"https:\/\/www.facebook.com\/uvb.vereadoresbrasil","article_published_time":"2026-04-28T23:04:43+00:00","og_image":[{"width":2048,"height":1365,"url":"https:\/\/uvbbrasil.com.br\/wp-content\/uploads\/2026\/04\/DSC06254.jpg","type":"image\/jpeg"}],"author":"adminuvb","twitter_card":"summary_large_image","twitter_misc":{"Escrito por":"adminuvb","Est. tempo de leitura":"2 minutos"},"schema":{"@context":"https:\/\/schema.org","@graph":[{"@type":"Article","@id":"https:\/\/uvbbrasil.com.br\/thiago-colpani-destaca-papel-do-vereador-no-fortalecimento-do-agro-e-no-desenvolvimento-regional\/#article","isPartOf":{"@id":"https:\/\/uvbbrasil.com.br\/thiago-colpani-destaca-papel-do-vereador-no-fortalecimento-do-agro-e-no-desenvolvimento-regional\/"},"author":{"name":"adminuvb","@id":"https:\/\/uvbbrasil.com.br\/#\/schema\/person\/17990098446c098f52effddff4f1b272"},"headline":"Thiago Colpani destaca papel do vereador no fortalecimento do agro e no desenvolvimento regional","datePublished":"2026-04-28T23:04:43+00:00","mainEntityOfPage":{"@id":"https:\/\/uvbbrasil.com.br\/thiago-colpani-destaca-papel-do-vereador-no-fortalecimento-do-agro-e-no-desenvolvimento-regional\/"},"wordCount":242,"commentCount":0,"publisher":{"@id":"https:\/\/uvbbrasil.com.br\/#organization"},"image":{"@id":"https:\/\/uvbbrasil.com.br\/thiago-colpani-destaca-papel-do-vereador-no-fortalecimento-do-agro-e-no-desenvolvimento-regional\/#primaryimage"},"thumbnailUrl":"https:\/\/uvbbrasil.com.br\/wp-content\/uploads\/2026\/04\/DSC06254.jpg","articleSection":["MARCHA DOS VEREADORES","NOT\u00cdCIAS"],"inLanguage":"pt-BR","potentialAction":[{"@type":"CommentAction","name":"Comment","target":["https:\/\/uvbbrasil.com.br\/thiago-colpani-destaca-papel-do-vereador-no-fortalecimento-do-agro-e-no-desenvolvimento-regional\/#respond"]}]},{"@type":"WebPage","@id":"https:\/\/uvbbrasil.com.br\/thiago-colpani-destaca-papel-do-vereador-no-fortalecimento-do-agro-e-no-desenvolvimento-regional\/","url":"https:\/\/uvbbrasil.com.br\/thiago-colpani-destaca-papel-do-vereador-no-fortalecimento-do-agro-e-no-desenvolvimento-regional\/","name":"Thiago Colpani destaca papel do vereador no fortalecimento do agro e no desenvolvimento regional - UVB Brasil","isPartOf":{"@id":"https:\/\/uvbbrasil.com.br\/#website"},"primaryImageOfPage":{"@id":"https:\/\/uvbbrasil.com.br\/thiago-colpani-destaca-papel-do-vereador-no-fortalecimento-do-agro-e-no-desenvolvimento-regional\/#primaryimage"},"image":{"@id":"https:\/\/uvbbrasil.com.br\/thiago-colpani-destaca-papel-do-vereador-no-fortalecimento-do-agro-e-no-desenvolvimento-regional\/#primaryimage"},"thumbnailUrl":"https:\/\/uvbbrasil.com.br\/wp-content\/uploads\/2026\/04\/DSC06254.jpg","datePublished":"2026-04-28T23:04:43+00:00","breadcrumb":{"@id":"https:\/\/uvbbrasil.com.br\/thiago-colpani-destaca-papel-do-vereador-no-fortalecimento-do-agro-e-no-desenvolvimento-regional\/#breadcrumb"},"inLanguage":"pt-BR","potentialAction":[{"@type":"ReadAction","target":["https:\/\/uvbbrasil.com.br\/thiago-colpani-destaca-papel-do-vereador-no-fortalecimento-do-agro-e-no-desenvolvimento-regional\/"]}]},{"@type":"ImageObject","inLanguage":"pt-BR","@id":"https:\/\/uvbbrasil.com.br\/thiago-colpani-destaca-papel-do-vereador-no-fortalecimento-do-agro-e-no-desenvolvimento-regional\/#primaryimage","url":"https:\/\/uvbbrasil.com.br\/wp-content\/uploads\/2026\/04\/DSC06254.jpg","contentUrl":"https:\/\/uvbbrasil.com.br\/wp-content\/uploads\/2026\/04\/DSC06254.jpg","width":2048,"height":1365},{"@type":"BreadcrumbList","@id":"https:\/\/uvbbrasil.com.br\/thiago-colpani-destaca-papel-do-vereador-no-fortalecimento-do-agro-e-no-desenvolvimento-regional\/#breadcrumb","itemListElement":[{"@type":"ListItem","position":1,"name":"In\u00edcio","item":"https:\/\/uvbbrasil.com.br\/"},{"@type":"ListItem","position":2,"name":"Thiago Colpani destaca papel do vereador no fortalecimento do agro e no desenvolvimento regional"}]},{"@type":"WebSite","@id":"https:\/\/uvbbrasil.com.br\/#website","url":"https:\/\/uvbbrasil.com.br\/","name":"UVB Brasil","description":"Uni\u00e3o dos Vereadores do Brasil","publisher":{"@id":"https:\/\/uvbbrasil.com.br\/#organization"},"potentialAction":[{"@type":"SearchAction","target":{"@type":"EntryPoint","urlTemplate":"https:\/\/uvbbrasil.com.br\/?s={search_term_string}"},"query-input":{"@type":"PropertyValueSpecification","valueRequired":true,"valueName":"search_term_string"}}],"inLanguage":"pt-BR"},{"@type":"Organization","@id":"https:\/\/uvbbrasil.com.br\/#organization","name":"UVB Brasil","url":"https:\/\/uvbbrasil.com.br\/","logo":{"@type":"ImageObject","inLanguage":"pt-BR","@id":"https:\/\/uvbbrasil.com.br\/#\/schema\/logo\/image\/","url":"https:\/\/uvbbrasil.com.br\/wp-content\/uploads\/2025\/01\/LOGO-UVB-2024-azul-1.jpg","contentUrl":"https:\/\/uvbbrasil.com.br\/wp-content\/uploads\/2025\/01\/LOGO-UVB-2024-azul-1.jpg","width":600,"height":211,"caption":"UVB Brasil"},"image":{"@id":"https:\/\/uvbbrasil.com.br\/#\/schema\/logo\/image\/"},"sameAs":["https:\/\/www.facebook.com\/uvb.vereadoresbrasil","https:\/\/www.instagram.com\/uvbbrasil\/","https:\/\/www.youtube.com\/channel\/UCIlPQ8Xzw5GHNzosQIg9S5A"]},{"@type":"Person","@id":"https:\/\/uvbbrasil.com.br\/#\/schema\/person\/17990098446c098f52effddff4f1b272","name":"adminuvb","image":{"@type":"ImageObject","inLanguage":"pt-BR","@id":"https:\/\/uvbbrasil.com.br\/#\/schema\/person\/image\/","url":"https:\/\/secure.gravatar.com\/avatar\/1a494ea6f8e2dd1ae526e55b0e9497efdba542491e0620d704cccf63c6f77c45?s=96&d=mm&r=g","contentUrl":"https:\/\/secure.gravatar.com\/avatar\/1a494ea6f8e2dd1ae526e55b0e9497efdba542491e0620d704cccf63c6f77c45?s=96&d=mm&r=g","caption":"adminuvb"},"sameAs":["https:\/\/uvbbrasil.com.br"],"url":"https:\/\/uvbbrasil.com.br\/author\/adminuvb\/"}]}},"_links":{"self":[{"href":"https:\/\/uvbbrasil.com.br\/uvb-json\/wp\/v2\/posts\/39981","targetHints":{"allow":["GET"]}}],"collection":[{"href":"https:\/\/uvbbrasil.com.br\/uvb-json\/wp\/v2\/posts"}],"about":[{"href":"https:\/\/uvbbrasil.com.br\/uvb-json\/wp\/v2\/types\/post"}],"author":[{"embeddable":true,"href":"https:\/\/uvbbrasil.com.br\/uvb-json\/wp\/v2\/users\/1"}],"replies":[{"embeddable":true,"href":"https:\/\/uvbbrasil.com.br\/uvb-json\/wp\/v2\/comments?post=39981"}],"version-history":[{"count":1,"href":"https:\/\/uvbbrasil.com.br\/uvb-json\/wp\/v2\/posts\/39981\/revisions"}],"predecessor-version":[{"id":39983,"href":"https:\/\/uvbbrasil.com.br\/uvb-json\/wp\/v2\/posts\/39981\/revisions\/39983"}],"wp:featuredmedia":[{"embeddable":true,"href":"https:\/\/uvbbrasil.com.br\/uvb-json\/wp\/v2\/media\/39982"}],"wp:attachment":[{"href":"https:\/\/uvbbrasil.com.br\/uvb-json\/wp\/v2\/media?parent=39981"}],"wp:term":[{"taxonomy":"category","embeddable":true,"href":"https:\/\/uvbbrasil.com.br\/uvb-json\/wp\/v2\/categories?post=39981"},{"taxonomy":"post_tag","embeddable":true,"href":"https:\/\/uvbbrasil.com.br\/uvb-json\/wp\/v2\/tags?post=39981"}],"curies":[{"name":"wp","href":"https:\/\/api.w.org\/{rel}","templated":true}]}}