{"id":39978,"date":"2026-04-28T19:58:40","date_gmt":"2026-04-28T22:58:40","guid":{"rendered":"https:\/\/uvbbrasil.com.br\/?p=39978"},"modified":"2026-04-28T19:58:40","modified_gmt":"2026-04-28T22:58:40","slug":"joao-morales-abordou-nova-mentalidade-de-lideranca-no-legislativo-durante-a-25a-marcha","status":"publish","type":"post","link":"https:\/\/uvbbrasil.com.br\/joao-morales-abordou-nova-mentalidade-de-lideranca-no-legislativo-durante-a-25a-marcha\/","title":{"rendered":"Jo\u00e3o Morales abordou nova mentalidade de lideran\u00e7a no Legislativo durante a 25\u00aa Marcha"},"content":{"rendered":"<p data-start=\"87\" data-end=\"498\">Dando continuidade \u00e0 programa\u00e7\u00e3o do segundo dia da 25\u00aa Marcha dos Gestores e Legislativos Municipais, \u00e0s 13h30 foi realizada a palestra \u201cMapas do Poder: A Nova Mentalidade da Lideran\u00e7a no Legislativo\u201d, ministrada por <span class=\"hover:entity-accent entity-underline inline cursor-pointer align-baseline\"><span class=\"whitespace-normal\">Jo\u00e3o Morales<\/span><\/span>. A atividade trouxe uma abordagem voltada ao desenvolvimento de lideran\u00e7as mais conscientes, estrat\u00e9gicas e preparadas para os desafios do ambiente p\u00fablico.<\/p>\n<p data-start=\"500\" data-end=\"876\">Durante sua exposi\u00e7\u00e3o, <span class=\"hover:entity-accent entity-underline inline cursor-pointer align-baseline\"><span class=\"whitespace-normal\">Jo\u00e3o Morales<\/span><\/span> apresentou conceitos do m\u00e9todo \u201cMapas do Poder\u201d, destacando a import\u00e2ncia da intelig\u00eancia emocional e da tomada de decis\u00e3o consciente no exerc\u00edcio do mandato. A palestra enfatizou como o autoconhecimento e a clareza de prop\u00f3sito impactam diretamente na qualidade da lideran\u00e7a e nos resultados entregues \u00e0 sociedade.<\/p>\n<p data-start=\"878\" data-end=\"1223\">Ao longo da apresenta\u00e7\u00e3o, <span class=\"hover:entity-accent entity-underline inline cursor-pointer align-baseline\"><span class=\"whitespace-normal\">Jo\u00e3o Morales<\/span><\/span> abordou a conex\u00e3o entre comportamento, estrat\u00e9gia e pr\u00e1tica, demonstrando como l\u00edderes p\u00fablicos podem aprimorar sua atua\u00e7\u00e3o a partir de uma vis\u00e3o mais integrada. A proposta trouxe reflex\u00f5es aplic\u00e1veis ao cotidiano legislativo, incentivando uma atua\u00e7\u00e3o mais equilibrada e assertiva.<\/p>\n<p data-start=\"1225\" data-end=\"1462\" data-is-last-node=\"\" data-is-only-node=\"\">A participa\u00e7\u00e3o de <span class=\"hover:entity-accent entity-underline inline cursor-pointer align-baseline\"><span class=\"whitespace-normal\">Jo\u00e3o Morales<\/span><\/span> refor\u00e7a o car\u00e1ter formativo da 25\u00aa Marcha, contribuindo para o desenvolvimento de lideran\u00e7as mais preparadas, conscientes e alinhadas \u00e0s demandas atuais da gest\u00e3o p\u00fablica municipal.<\/p>\n","protected":false},"excerpt":{"rendered":"<p>Dando continuidade \u00e0 programa\u00e7\u00e3o do segundo dia da 25\u00aa Marcha dos Gestores e Legislativos Municipais, \u00e0s 13h30 foi realizada a&#8230;<\/p>\n","protected":false},"author":1,"featured_media":39979,"comment_status":"open","ping_status":"open","sticky":false,"template":"","format":"standard","meta":{"footnotes":""},"categories":[7,3],"tags":[],"class_list":["post-39978","post","type-post","status-publish","format-standard","has-post-thumbnail","hentry","category-marcha-vereadores","category-noticias"],"yoast_head":"<!-- This site is optimized with the Yoast SEO plugin v26.7 - https:\/\/yoast.com\/wordpress\/plugins\/seo\/ -->\n<title>Jo\u00e3o Morales abordou nova mentalidade de lideran\u00e7a no Legislativo durante a 25\u00aa Marcha - UVB Brasil<\/title>\n<meta name=\"robots\" content=\"index, follow, max-snippet:-1, max-image-preview:large, max-video-preview:-1\" \/>\n<link rel=\"canonical\" href=\"https:\/\/uvbbrasil.com.br\/joao-morales-abordou-nova-mentalidade-de-lideranca-no-legislativo-durante-a-25a-marcha\/\" \/>\n<meta property=\"og:locale\" content=\"pt_BR\" \/>\n<meta property=\"og:type\" content=\"article\" \/>\n<meta property=\"og:title\" content=\"Jo\u00e3o Morales abordou nova mentalidade de lideran\u00e7a no Legislativo durante a 25\u00aa Marcha - UVB Brasil\" \/>\n<meta property=\"og:description\" content=\"Dando continuidade \u00e0 programa\u00e7\u00e3o do segundo dia da 25\u00aa Marcha dos Gestores e Legislativos Municipais, \u00e0s 13h30 foi realizada a...\" \/>\n<meta property=\"og:url\" content=\"https:\/\/uvbbrasil.com.br\/joao-morales-abordou-nova-mentalidade-de-lideranca-no-legislativo-durante-a-25a-marcha\/\" \/>\n<meta property=\"og:site_name\" content=\"UVB Brasil\" \/>\n<meta property=\"article:publisher\" content=\"https:\/\/www.facebook.com\/uvb.vereadoresbrasil\" \/>\n<meta property=\"article:published_time\" content=\"2026-04-28T22:58:40+00:00\" \/>\n<meta property=\"og:image\" content=\"https:\/\/uvbbrasil.com.br\/wp-content\/uploads\/2026\/04\/DSC06194.jpg\" \/>\n\t<meta property=\"og:image:width\" content=\"2048\" \/>\n\t<meta property=\"og:image:height\" content=\"1365\" \/>\n\t<meta property=\"og:image:type\" content=\"image\/jpeg\" \/>\n<meta name=\"author\" content=\"adminuvb\" \/>\n<meta name=\"twitter:card\" content=\"summary_large_image\" \/>\n<meta name=\"twitter:label1\" content=\"Escrito por\" \/>\n\t<meta name=\"twitter:data1\" content=\"adminuvb\" \/>\n\t<meta name=\"twitter:label2\" content=\"Est. tempo de leitura\" \/>\n\t<meta name=\"twitter:data2\" content=\"2 minutos\" \/>\n<script type=\"application\/ld+json\" class=\"yoast-schema-graph\">{\"@context\":\"https:\/\/schema.org\",\"@graph\":[{\"@type\":\"Article\",\"@id\":\"https:\/\/uvbbrasil.com.br\/joao-morales-abordou-nova-mentalidade-de-lideranca-no-legislativo-durante-a-25a-marcha\/#article\",\"isPartOf\":{\"@id\":\"https:\/\/uvbbrasil.com.br\/joao-morales-abordou-nova-mentalidade-de-lideranca-no-legislativo-durante-a-25a-marcha\/\"},\"author\":{\"name\":\"adminuvb\",\"@id\":\"https:\/\/uvbbrasil.com.br\/#\/schema\/person\/17990098446c098f52effddff4f1b272\"},\"headline\":\"Jo\u00e3o Morales abordou nova mentalidade de lideran\u00e7a no Legislativo durante a 25\u00aa Marcha\",\"datePublished\":\"2026-04-28T22:58:40+00:00\",\"mainEntityOfPage\":{\"@id\":\"https:\/\/uvbbrasil.com.br\/joao-morales-abordou-nova-mentalidade-de-lideranca-no-legislativo-durante-a-25a-marcha\/\"},\"wordCount\":225,\"commentCount\":0,\"publisher\":{\"@id\":\"https:\/\/uvbbrasil.com.br\/#organization\"},\"image\":{\"@id\":\"https:\/\/uvbbrasil.com.br\/joao-morales-abordou-nova-mentalidade-de-lideranca-no-legislativo-durante-a-25a-marcha\/#primaryimage\"},\"thumbnailUrl\":\"https:\/\/uvbbrasil.com.br\/wp-content\/uploads\/2026\/04\/DSC06194.jpg\",\"articleSection\":[\"MARCHA DOS VEREADORES\",\"NOT\u00cdCIAS\"],\"inLanguage\":\"pt-BR\",\"potentialAction\":[{\"@type\":\"CommentAction\",\"name\":\"Comment\",\"target\":[\"https:\/\/uvbbrasil.com.br\/joao-morales-abordou-nova-mentalidade-de-lideranca-no-legislativo-durante-a-25a-marcha\/#respond\"]}]},{\"@type\":\"WebPage\",\"@id\":\"https:\/\/uvbbrasil.com.br\/joao-morales-abordou-nova-mentalidade-de-lideranca-no-legislativo-durante-a-25a-marcha\/\",\"url\":\"https:\/\/uvbbrasil.com.br\/joao-morales-abordou-nova-mentalidade-de-lideranca-no-legislativo-durante-a-25a-marcha\/\",\"name\":\"Jo\u00e3o Morales abordou nova mentalidade de lideran\u00e7a no Legislativo durante a 25\u00aa Marcha - UVB Brasil\",\"isPartOf\":{\"@id\":\"https:\/\/uvbbrasil.com.br\/#website\"},\"primaryImageOfPage\":{\"@id\":\"https:\/\/uvbbrasil.com.br\/joao-morales-abordou-nova-mentalidade-de-lideranca-no-legislativo-durante-a-25a-marcha\/#primaryimage\"},\"image\":{\"@id\":\"https:\/\/uvbbrasil.com.br\/joao-morales-abordou-nova-mentalidade-de-lideranca-no-legislativo-durante-a-25a-marcha\/#primaryimage\"},\"thumbnailUrl\":\"https:\/\/uvbbrasil.com.br\/wp-content\/uploads\/2026\/04\/DSC06194.jpg\",\"datePublished\":\"2026-04-28T22:58:40+00:00\",\"breadcrumb\":{\"@id\":\"https:\/\/uvbbrasil.com.br\/joao-morales-abordou-nova-mentalidade-de-lideranca-no-legislativo-durante-a-25a-marcha\/#breadcrumb\"},\"inLanguage\":\"pt-BR\",\"potentialAction\":[{\"@type\":\"ReadAction\",\"target\":[\"https:\/\/uvbbrasil.com.br\/joao-morales-abordou-nova-mentalidade-de-lideranca-no-legislativo-durante-a-25a-marcha\/\"]}]},{\"@type\":\"ImageObject\",\"inLanguage\":\"pt-BR\",\"@id\":\"https:\/\/uvbbrasil.com.br\/joao-morales-abordou-nova-mentalidade-de-lideranca-no-legislativo-durante-a-25a-marcha\/#primaryimage\",\"url\":\"https:\/\/uvbbrasil.com.br\/wp-content\/uploads\/2026\/04\/DSC06194.jpg\",\"contentUrl\":\"https:\/\/uvbbrasil.com.br\/wp-content\/uploads\/2026\/04\/DSC06194.jpg\",\"width\":2048,\"height\":1365},{\"@type\":\"BreadcrumbList\",\"@id\":\"https:\/\/uvbbrasil.com.br\/joao-morales-abordou-nova-mentalidade-de-lideranca-no-legislativo-durante-a-25a-marcha\/#breadcrumb\",\"itemListElement\":[{\"@type\":\"ListItem\",\"position\":1,\"name\":\"In\u00edcio\",\"item\":\"https:\/\/uvbbrasil.com.br\/\"},{\"@type\":\"ListItem\",\"position\":2,\"name\":\"Jo\u00e3o Morales abordou nova mentalidade de lideran\u00e7a no Legislativo durante a 25\u00aa Marcha\"}]},{\"@type\":\"WebSite\",\"@id\":\"https:\/\/uvbbrasil.com.br\/#website\",\"url\":\"https:\/\/uvbbrasil.com.br\/\",\"name\":\"UVB Brasil\",\"description\":\"Uni\u00e3o dos Vereadores do Brasil\",\"publisher\":{\"@id\":\"https:\/\/uvbbrasil.com.br\/#organization\"},\"potentialAction\":[{\"@type\":\"SearchAction\",\"target\":{\"@type\":\"EntryPoint\",\"urlTemplate\":\"https:\/\/uvbbrasil.com.br\/?s={search_term_string}\"},\"query-input\":{\"@type\":\"PropertyValueSpecification\",\"valueRequired\":true,\"valueName\":\"search_term_string\"}}],\"inLanguage\":\"pt-BR\"},{\"@type\":\"Organization\",\"@id\":\"https:\/\/uvbbrasil.com.br\/#organization\",\"name\":\"UVB Brasil\",\"url\":\"https:\/\/uvbbrasil.com.br\/\",\"logo\":{\"@type\":\"ImageObject\",\"inLanguage\":\"pt-BR\",\"@id\":\"https:\/\/uvbbrasil.com.br\/#\/schema\/logo\/image\/\",\"url\":\"https:\/\/uvbbrasil.com.br\/wp-content\/uploads\/2025\/01\/LOGO-UVB-2024-azul-1.jpg\",\"contentUrl\":\"https:\/\/uvbbrasil.com.br\/wp-content\/uploads\/2025\/01\/LOGO-UVB-2024-azul-1.jpg\",\"width\":600,\"height\":211,\"caption\":\"UVB Brasil\"},\"image\":{\"@id\":\"https:\/\/uvbbrasil.com.br\/#\/schema\/logo\/image\/\"},\"sameAs\":[\"https:\/\/www.facebook.com\/uvb.vereadoresbrasil\",\"https:\/\/www.instagram.com\/uvbbrasil\/\",\"https:\/\/www.youtube.com\/channel\/UCIlPQ8Xzw5GHNzosQIg9S5A\"]},{\"@type\":\"Person\",\"@id\":\"https:\/\/uvbbrasil.com.br\/#\/schema\/person\/17990098446c098f52effddff4f1b272\",\"name\":\"adminuvb\",\"image\":{\"@type\":\"ImageObject\",\"inLanguage\":\"pt-BR\",\"@id\":\"https:\/\/uvbbrasil.com.br\/#\/schema\/person\/image\/\",\"url\":\"https:\/\/secure.gravatar.com\/avatar\/1a494ea6f8e2dd1ae526e55b0e9497efdba542491e0620d704cccf63c6f77c45?s=96&d=mm&r=g\",\"contentUrl\":\"https:\/\/secure.gravatar.com\/avatar\/1a494ea6f8e2dd1ae526e55b0e9497efdba542491e0620d704cccf63c6f77c45?s=96&d=mm&r=g\",\"caption\":\"adminuvb\"},\"sameAs\":[\"https:\/\/uvbbrasil.com.br\"],\"url\":\"https:\/\/uvbbrasil.com.br\/author\/adminuvb\/\"}]}<\/script>\n<!-- \/ Yoast SEO plugin. -->","yoast_head_json":{"title":"Jo\u00e3o Morales abordou nova mentalidade de lideran\u00e7a no Legislativo durante a 25\u00aa Marcha - UVB Brasil","robots":{"index":"index","follow":"follow","max-snippet":"max-snippet:-1","max-image-preview":"max-image-preview:large","max-video-preview":"max-video-preview:-1"},"canonical":"https:\/\/uvbbrasil.com.br\/joao-morales-abordou-nova-mentalidade-de-lideranca-no-legislativo-durante-a-25a-marcha\/","og_locale":"pt_BR","og_type":"article","og_title":"Jo\u00e3o Morales abordou nova mentalidade de lideran\u00e7a no Legislativo durante a 25\u00aa Marcha - UVB Brasil","og_description":"Dando continuidade \u00e0 programa\u00e7\u00e3o do segundo dia da 25\u00aa Marcha dos Gestores e Legislativos Municipais, \u00e0s 13h30 foi realizada a...","og_url":"https:\/\/uvbbrasil.com.br\/joao-morales-abordou-nova-mentalidade-de-lideranca-no-legislativo-durante-a-25a-marcha\/","og_site_name":"UVB Brasil","article_publisher":"https:\/\/www.facebook.com\/uvb.vereadoresbrasil","article_published_time":"2026-04-28T22:58:40+00:00","og_image":[{"width":2048,"height":1365,"url":"https:\/\/uvbbrasil.com.br\/wp-content\/uploads\/2026\/04\/DSC06194.jpg","type":"image\/jpeg"}],"author":"adminuvb","twitter_card":"summary_large_image","twitter_misc":{"Escrito por":"adminuvb","Est. tempo de leitura":"2 minutos"},"schema":{"@context":"https:\/\/schema.org","@graph":[{"@type":"Article","@id":"https:\/\/uvbbrasil.com.br\/joao-morales-abordou-nova-mentalidade-de-lideranca-no-legislativo-durante-a-25a-marcha\/#article","isPartOf":{"@id":"https:\/\/uvbbrasil.com.br\/joao-morales-abordou-nova-mentalidade-de-lideranca-no-legislativo-durante-a-25a-marcha\/"},"author":{"name":"adminuvb","@id":"https:\/\/uvbbrasil.com.br\/#\/schema\/person\/17990098446c098f52effddff4f1b272"},"headline":"Jo\u00e3o Morales abordou nova mentalidade de lideran\u00e7a no Legislativo durante a 25\u00aa Marcha","datePublished":"2026-04-28T22:58:40+00:00","mainEntityOfPage":{"@id":"https:\/\/uvbbrasil.com.br\/joao-morales-abordou-nova-mentalidade-de-lideranca-no-legislativo-durante-a-25a-marcha\/"},"wordCount":225,"commentCount":0,"publisher":{"@id":"https:\/\/uvbbrasil.com.br\/#organization"},"image":{"@id":"https:\/\/uvbbrasil.com.br\/joao-morales-abordou-nova-mentalidade-de-lideranca-no-legislativo-durante-a-25a-marcha\/#primaryimage"},"thumbnailUrl":"https:\/\/uvbbrasil.com.br\/wp-content\/uploads\/2026\/04\/DSC06194.jpg","articleSection":["MARCHA DOS VEREADORES","NOT\u00cdCIAS"],"inLanguage":"pt-BR","potentialAction":[{"@type":"CommentAction","name":"Comment","target":["https:\/\/uvbbrasil.com.br\/joao-morales-abordou-nova-mentalidade-de-lideranca-no-legislativo-durante-a-25a-marcha\/#respond"]}]},{"@type":"WebPage","@id":"https:\/\/uvbbrasil.com.br\/joao-morales-abordou-nova-mentalidade-de-lideranca-no-legislativo-durante-a-25a-marcha\/","url":"https:\/\/uvbbrasil.com.br\/joao-morales-abordou-nova-mentalidade-de-lideranca-no-legislativo-durante-a-25a-marcha\/","name":"Jo\u00e3o Morales abordou nova mentalidade de lideran\u00e7a no Legislativo durante a 25\u00aa Marcha - UVB Brasil","isPartOf":{"@id":"https:\/\/uvbbrasil.com.br\/#website"},"primaryImageOfPage":{"@id":"https:\/\/uvbbrasil.com.br\/joao-morales-abordou-nova-mentalidade-de-lideranca-no-legislativo-durante-a-25a-marcha\/#primaryimage"},"image":{"@id":"https:\/\/uvbbrasil.com.br\/joao-morales-abordou-nova-mentalidade-de-lideranca-no-legislativo-durante-a-25a-marcha\/#primaryimage"},"thumbnailUrl":"https:\/\/uvbbrasil.com.br\/wp-content\/uploads\/2026\/04\/DSC06194.jpg","datePublished":"2026-04-28T22:58:40+00:00","breadcrumb":{"@id":"https:\/\/uvbbrasil.com.br\/joao-morales-abordou-nova-mentalidade-de-lideranca-no-legislativo-durante-a-25a-marcha\/#breadcrumb"},"inLanguage":"pt-BR","potentialAction":[{"@type":"ReadAction","target":["https:\/\/uvbbrasil.com.br\/joao-morales-abordou-nova-mentalidade-de-lideranca-no-legislativo-durante-a-25a-marcha\/"]}]},{"@type":"ImageObject","inLanguage":"pt-BR","@id":"https:\/\/uvbbrasil.com.br\/joao-morales-abordou-nova-mentalidade-de-lideranca-no-legislativo-durante-a-25a-marcha\/#primaryimage","url":"https:\/\/uvbbrasil.com.br\/wp-content\/uploads\/2026\/04\/DSC06194.jpg","contentUrl":"https:\/\/uvbbrasil.com.br\/wp-content\/uploads\/2026\/04\/DSC06194.jpg","width":2048,"height":1365},{"@type":"BreadcrumbList","@id":"https:\/\/uvbbrasil.com.br\/joao-morales-abordou-nova-mentalidade-de-lideranca-no-legislativo-durante-a-25a-marcha\/#breadcrumb","itemListElement":[{"@type":"ListItem","position":1,"name":"In\u00edcio","item":"https:\/\/uvbbrasil.com.br\/"},{"@type":"ListItem","position":2,"name":"Jo\u00e3o Morales abordou nova mentalidade de lideran\u00e7a no Legislativo durante a 25\u00aa Marcha"}]},{"@type":"WebSite","@id":"https:\/\/uvbbrasil.com.br\/#website","url":"https:\/\/uvbbrasil.com.br\/","name":"UVB Brasil","description":"Uni\u00e3o dos Vereadores do Brasil","publisher":{"@id":"https:\/\/uvbbrasil.com.br\/#organization"},"potentialAction":[{"@type":"SearchAction","target":{"@type":"EntryPoint","urlTemplate":"https:\/\/uvbbrasil.com.br\/?s={search_term_string}"},"query-input":{"@type":"PropertyValueSpecification","valueRequired":true,"valueName":"search_term_string"}}],"inLanguage":"pt-BR"},{"@type":"Organization","@id":"https:\/\/uvbbrasil.com.br\/#organization","name":"UVB Brasil","url":"https:\/\/uvbbrasil.com.br\/","logo":{"@type":"ImageObject","inLanguage":"pt-BR","@id":"https:\/\/uvbbrasil.com.br\/#\/schema\/logo\/image\/","url":"https:\/\/uvbbrasil.com.br\/wp-content\/uploads\/2025\/01\/LOGO-UVB-2024-azul-1.jpg","contentUrl":"https:\/\/uvbbrasil.com.br\/wp-content\/uploads\/2025\/01\/LOGO-UVB-2024-azul-1.jpg","width":600,"height":211,"caption":"UVB Brasil"},"image":{"@id":"https:\/\/uvbbrasil.com.br\/#\/schema\/logo\/image\/"},"sameAs":["https:\/\/www.facebook.com\/uvb.vereadoresbrasil","https:\/\/www.instagram.com\/uvbbrasil\/","https:\/\/www.youtube.com\/channel\/UCIlPQ8Xzw5GHNzosQIg9S5A"]},{"@type":"Person","@id":"https:\/\/uvbbrasil.com.br\/#\/schema\/person\/17990098446c098f52effddff4f1b272","name":"adminuvb","image":{"@type":"ImageObject","inLanguage":"pt-BR","@id":"https:\/\/uvbbrasil.com.br\/#\/schema\/person\/image\/","url":"https:\/\/secure.gravatar.com\/avatar\/1a494ea6f8e2dd1ae526e55b0e9497efdba542491e0620d704cccf63c6f77c45?s=96&d=mm&r=g","contentUrl":"https:\/\/secure.gravatar.com\/avatar\/1a494ea6f8e2dd1ae526e55b0e9497efdba542491e0620d704cccf63c6f77c45?s=96&d=mm&r=g","caption":"adminuvb"},"sameAs":["https:\/\/uvbbrasil.com.br"],"url":"https:\/\/uvbbrasil.com.br\/author\/adminuvb\/"}]}},"_links":{"self":[{"href":"https:\/\/uvbbrasil.com.br\/uvb-json\/wp\/v2\/posts\/39978","targetHints":{"allow":["GET"]}}],"collection":[{"href":"https:\/\/uvbbrasil.com.br\/uvb-json\/wp\/v2\/posts"}],"about":[{"href":"https:\/\/uvbbrasil.com.br\/uvb-json\/wp\/v2\/types\/post"}],"author":[{"embeddable":true,"href":"https:\/\/uvbbrasil.com.br\/uvb-json\/wp\/v2\/users\/1"}],"replies":[{"embeddable":true,"href":"https:\/\/uvbbrasil.com.br\/uvb-json\/wp\/v2\/comments?post=39978"}],"version-history":[{"count":1,"href":"https:\/\/uvbbrasil.com.br\/uvb-json\/wp\/v2\/posts\/39978\/revisions"}],"predecessor-version":[{"id":39980,"href":"https:\/\/uvbbrasil.com.br\/uvb-json\/wp\/v2\/posts\/39978\/revisions\/39980"}],"wp:featuredmedia":[{"embeddable":true,"href":"https:\/\/uvbbrasil.com.br\/uvb-json\/wp\/v2\/media\/39979"}],"wp:attachment":[{"href":"https:\/\/uvbbrasil.com.br\/uvb-json\/wp\/v2\/media?parent=39978"}],"wp:term":[{"taxonomy":"category","embeddable":true,"href":"https:\/\/uvbbrasil.com.br\/uvb-json\/wp\/v2\/categories?post=39978"},{"taxonomy":"post_tag","embeddable":true,"href":"https:\/\/uvbbrasil.com.br\/uvb-json\/wp\/v2\/tags?post=39978"}],"curies":[{"name":"wp","href":"https:\/\/api.w.org\/{rel}","templated":true}]}}