{"id":39975,"date":"2026-04-28T19:48:14","date_gmt":"2026-04-28T22:48:14","guid":{"rendered":"https:\/\/uvbbrasil.com.br\/?p=39975"},"modified":"2026-04-28T19:48:14","modified_gmt":"2026-04-28T22:48:14","slug":"lancamento-da-plataforma-capax-marca-programacao-da-25a-marcha","status":"publish","type":"post","link":"https:\/\/uvbbrasil.com.br\/lancamento-da-plataforma-capax-marca-programacao-da-25a-marcha\/","title":{"rendered":"Lan\u00e7amento da plataforma CAPAX marca programa\u00e7\u00e3o da 25\u00aa Marcha"},"content":{"rendered":"<p data-start=\"68\" data-end=\"416\">Dando continuidade \u00e0 programa\u00e7\u00e3o do segundo dia da 25\u00aa Marcha dos Gestores e Legislativos Municipais, \u00e0s 11h30 foi realizado o lan\u00e7amento da plataforma virtual CAPAX, apresentado por <span class=\"hover:entity-accent entity-underline inline cursor-pointer align-baseline\"><span class=\"whitespace-normal\">Raniere Barbosa<\/span><\/span>. A iniciativa surge como uma proposta inovadora voltada \u00e0 qualifica\u00e7\u00e3o e ao desenvolvimento de agentes p\u00fablicos em todo o pa\u00eds.<\/p>\n<p data-start=\"418\" data-end=\"812\">Durante a apresenta\u00e7\u00e3o, <span class=\"hover:entity-accent entity-underline inline cursor-pointer align-baseline\"><span class=\"whitespace-normal\">Raniere Barbosa<\/span><\/span> destacou que a CAPAX foi concebida como uma plataforma estrat\u00e9gica de forma\u00e7\u00e3o e capacita\u00e7\u00e3o, com foco direto em vereadores, assessores, gestores p\u00fablicos e pr\u00e9-candidatos. A proposta \u00e9 oferecer conte\u00fados pr\u00e1ticos e direcionados \u00e0 realidade pol\u00edtica brasileira, contribuindo para a profissionaliza\u00e7\u00e3o da atua\u00e7\u00e3o no ambiente p\u00fablico.<\/p>\n<p data-start=\"814\" data-end=\"1134\">Ao longo da explana\u00e7\u00e3o, <span class=\"hover:entity-accent entity-underline inline cursor-pointer align-baseline\"><span class=\"whitespace-normal\">Raniere Barbosa<\/span><\/span> enfatizou que a plataforma pretende funcionar como uma verdadeira \u201cuniversidade pr\u00e1tica da pol\u00edtica\u201d, preparando lideran\u00e7as para enfrentar os desafios eleitorais, governar com efici\u00eancia e se posicionar de forma estrat\u00e9gica e consistente diante da sociedade.<\/p>\n<p data-start=\"1136\" data-end=\"1431\" data-is-last-node=\"\" data-is-only-node=\"\">A apresenta\u00e7\u00e3o da CAPAX, conduzida por <span class=\"hover:entity-accent entity-underline inline cursor-pointer align-baseline\"><span class=\"whitespace-normal\">Raniere Barbosa<\/span><\/span>, refor\u00e7a o compromisso da 25\u00aa Marcha com a inova\u00e7\u00e3o e a qualifica\u00e7\u00e3o t\u00e9cnica dos agentes p\u00fablicos, ampliando as ferramentas dispon\u00edveis para o fortalecimento dos mandatos e da gest\u00e3o p\u00fablica nos munic\u00edpios brasileiros.<\/p>\n","protected":false},"excerpt":{"rendered":"<p>Dando continuidade \u00e0 programa\u00e7\u00e3o do segundo dia da 25\u00aa Marcha dos Gestores e Legislativos Municipais, \u00e0s 11h30 foi realizado o&#8230;<\/p>\n","protected":false},"author":1,"featured_media":39976,"comment_status":"open","ping_status":"open","sticky":false,"template":"","format":"standard","meta":{"footnotes":""},"categories":[7,3],"tags":[],"class_list":["post-39975","post","type-post","status-publish","format-standard","has-post-thumbnail","hentry","category-marcha-vereadores","category-noticias"],"yoast_head":"<!-- This site is optimized with the Yoast SEO plugin v26.7 - https:\/\/yoast.com\/wordpress\/plugins\/seo\/ -->\n<title>Lan\u00e7amento da plataforma CAPAX marca programa\u00e7\u00e3o da 25\u00aa Marcha - UVB Brasil<\/title>\n<meta name=\"robots\" content=\"index, follow, max-snippet:-1, max-image-preview:large, max-video-preview:-1\" \/>\n<link rel=\"canonical\" href=\"https:\/\/uvbbrasil.com.br\/lancamento-da-plataforma-capax-marca-programacao-da-25a-marcha\/\" \/>\n<meta property=\"og:locale\" content=\"pt_BR\" \/>\n<meta property=\"og:type\" content=\"article\" \/>\n<meta property=\"og:title\" content=\"Lan\u00e7amento da plataforma CAPAX marca programa\u00e7\u00e3o da 25\u00aa Marcha - UVB Brasil\" \/>\n<meta property=\"og:description\" content=\"Dando continuidade \u00e0 programa\u00e7\u00e3o do segundo dia da 25\u00aa Marcha dos Gestores e Legislativos Municipais, \u00e0s 11h30 foi realizado o...\" \/>\n<meta property=\"og:url\" content=\"https:\/\/uvbbrasil.com.br\/lancamento-da-plataforma-capax-marca-programacao-da-25a-marcha\/\" \/>\n<meta property=\"og:site_name\" content=\"UVB Brasil\" \/>\n<meta property=\"article:publisher\" content=\"https:\/\/www.facebook.com\/uvb.vereadoresbrasil\" \/>\n<meta property=\"article:published_time\" content=\"2026-04-28T22:48:14+00:00\" \/>\n<meta property=\"og:image\" content=\"https:\/\/uvbbrasil.com.br\/wp-content\/uploads\/2026\/04\/DSC06112.jpg\" \/>\n\t<meta property=\"og:image:width\" content=\"2048\" \/>\n\t<meta property=\"og:image:height\" content=\"1365\" \/>\n\t<meta property=\"og:image:type\" content=\"image\/jpeg\" \/>\n<meta name=\"author\" content=\"adminuvb\" \/>\n<meta name=\"twitter:card\" content=\"summary_large_image\" \/>\n<meta name=\"twitter:label1\" content=\"Escrito por\" \/>\n\t<meta name=\"twitter:data1\" content=\"adminuvb\" \/>\n\t<meta name=\"twitter:label2\" content=\"Est. tempo de leitura\" \/>\n\t<meta name=\"twitter:data2\" content=\"2 minutos\" \/>\n<script type=\"application\/ld+json\" class=\"yoast-schema-graph\">{\"@context\":\"https:\/\/schema.org\",\"@graph\":[{\"@type\":\"Article\",\"@id\":\"https:\/\/uvbbrasil.com.br\/lancamento-da-plataforma-capax-marca-programacao-da-25a-marcha\/#article\",\"isPartOf\":{\"@id\":\"https:\/\/uvbbrasil.com.br\/lancamento-da-plataforma-capax-marca-programacao-da-25a-marcha\/\"},\"author\":{\"name\":\"adminuvb\",\"@id\":\"https:\/\/uvbbrasil.com.br\/#\/schema\/person\/17990098446c098f52effddff4f1b272\"},\"headline\":\"Lan\u00e7amento da plataforma CAPAX marca programa\u00e7\u00e3o da 25\u00aa Marcha\",\"datePublished\":\"2026-04-28T22:48:14+00:00\",\"mainEntityOfPage\":{\"@id\":\"https:\/\/uvbbrasil.com.br\/lancamento-da-plataforma-capax-marca-programacao-da-25a-marcha\/\"},\"wordCount\":216,\"commentCount\":0,\"publisher\":{\"@id\":\"https:\/\/uvbbrasil.com.br\/#organization\"},\"image\":{\"@id\":\"https:\/\/uvbbrasil.com.br\/lancamento-da-plataforma-capax-marca-programacao-da-25a-marcha\/#primaryimage\"},\"thumbnailUrl\":\"https:\/\/uvbbrasil.com.br\/wp-content\/uploads\/2026\/04\/DSC06112.jpg\",\"articleSection\":[\"MARCHA DOS VEREADORES\",\"NOT\u00cdCIAS\"],\"inLanguage\":\"pt-BR\",\"potentialAction\":[{\"@type\":\"CommentAction\",\"name\":\"Comment\",\"target\":[\"https:\/\/uvbbrasil.com.br\/lancamento-da-plataforma-capax-marca-programacao-da-25a-marcha\/#respond\"]}]},{\"@type\":\"WebPage\",\"@id\":\"https:\/\/uvbbrasil.com.br\/lancamento-da-plataforma-capax-marca-programacao-da-25a-marcha\/\",\"url\":\"https:\/\/uvbbrasil.com.br\/lancamento-da-plataforma-capax-marca-programacao-da-25a-marcha\/\",\"name\":\"Lan\u00e7amento da plataforma CAPAX marca programa\u00e7\u00e3o da 25\u00aa Marcha - UVB Brasil\",\"isPartOf\":{\"@id\":\"https:\/\/uvbbrasil.com.br\/#website\"},\"primaryImageOfPage\":{\"@id\":\"https:\/\/uvbbrasil.com.br\/lancamento-da-plataforma-capax-marca-programacao-da-25a-marcha\/#primaryimage\"},\"image\":{\"@id\":\"https:\/\/uvbbrasil.com.br\/lancamento-da-plataforma-capax-marca-programacao-da-25a-marcha\/#primaryimage\"},\"thumbnailUrl\":\"https:\/\/uvbbrasil.com.br\/wp-content\/uploads\/2026\/04\/DSC06112.jpg\",\"datePublished\":\"2026-04-28T22:48:14+00:00\",\"breadcrumb\":{\"@id\":\"https:\/\/uvbbrasil.com.br\/lancamento-da-plataforma-capax-marca-programacao-da-25a-marcha\/#breadcrumb\"},\"inLanguage\":\"pt-BR\",\"potentialAction\":[{\"@type\":\"ReadAction\",\"target\":[\"https:\/\/uvbbrasil.com.br\/lancamento-da-plataforma-capax-marca-programacao-da-25a-marcha\/\"]}]},{\"@type\":\"ImageObject\",\"inLanguage\":\"pt-BR\",\"@id\":\"https:\/\/uvbbrasil.com.br\/lancamento-da-plataforma-capax-marca-programacao-da-25a-marcha\/#primaryimage\",\"url\":\"https:\/\/uvbbrasil.com.br\/wp-content\/uploads\/2026\/04\/DSC06112.jpg\",\"contentUrl\":\"https:\/\/uvbbrasil.com.br\/wp-content\/uploads\/2026\/04\/DSC06112.jpg\",\"width\":2048,\"height\":1365},{\"@type\":\"BreadcrumbList\",\"@id\":\"https:\/\/uvbbrasil.com.br\/lancamento-da-plataforma-capax-marca-programacao-da-25a-marcha\/#breadcrumb\",\"itemListElement\":[{\"@type\":\"ListItem\",\"position\":1,\"name\":\"In\u00edcio\",\"item\":\"https:\/\/uvbbrasil.com.br\/\"},{\"@type\":\"ListItem\",\"position\":2,\"name\":\"Lan\u00e7amento da plataforma CAPAX marca programa\u00e7\u00e3o da 25\u00aa Marcha\"}]},{\"@type\":\"WebSite\",\"@id\":\"https:\/\/uvbbrasil.com.br\/#website\",\"url\":\"https:\/\/uvbbrasil.com.br\/\",\"name\":\"UVB Brasil\",\"description\":\"Uni\u00e3o dos Vereadores do Brasil\",\"publisher\":{\"@id\":\"https:\/\/uvbbrasil.com.br\/#organization\"},\"potentialAction\":[{\"@type\":\"SearchAction\",\"target\":{\"@type\":\"EntryPoint\",\"urlTemplate\":\"https:\/\/uvbbrasil.com.br\/?s={search_term_string}\"},\"query-input\":{\"@type\":\"PropertyValueSpecification\",\"valueRequired\":true,\"valueName\":\"search_term_string\"}}],\"inLanguage\":\"pt-BR\"},{\"@type\":\"Organization\",\"@id\":\"https:\/\/uvbbrasil.com.br\/#organization\",\"name\":\"UVB Brasil\",\"url\":\"https:\/\/uvbbrasil.com.br\/\",\"logo\":{\"@type\":\"ImageObject\",\"inLanguage\":\"pt-BR\",\"@id\":\"https:\/\/uvbbrasil.com.br\/#\/schema\/logo\/image\/\",\"url\":\"https:\/\/uvbbrasil.com.br\/wp-content\/uploads\/2025\/01\/LOGO-UVB-2024-azul-1.jpg\",\"contentUrl\":\"https:\/\/uvbbrasil.com.br\/wp-content\/uploads\/2025\/01\/LOGO-UVB-2024-azul-1.jpg\",\"width\":600,\"height\":211,\"caption\":\"UVB Brasil\"},\"image\":{\"@id\":\"https:\/\/uvbbrasil.com.br\/#\/schema\/logo\/image\/\"},\"sameAs\":[\"https:\/\/www.facebook.com\/uvb.vereadoresbrasil\",\"https:\/\/www.instagram.com\/uvbbrasil\/\",\"https:\/\/www.youtube.com\/channel\/UCIlPQ8Xzw5GHNzosQIg9S5A\"]},{\"@type\":\"Person\",\"@id\":\"https:\/\/uvbbrasil.com.br\/#\/schema\/person\/17990098446c098f52effddff4f1b272\",\"name\":\"adminuvb\",\"image\":{\"@type\":\"ImageObject\",\"inLanguage\":\"pt-BR\",\"@id\":\"https:\/\/uvbbrasil.com.br\/#\/schema\/person\/image\/\",\"url\":\"https:\/\/secure.gravatar.com\/avatar\/1a494ea6f8e2dd1ae526e55b0e9497efdba542491e0620d704cccf63c6f77c45?s=96&d=mm&r=g\",\"contentUrl\":\"https:\/\/secure.gravatar.com\/avatar\/1a494ea6f8e2dd1ae526e55b0e9497efdba542491e0620d704cccf63c6f77c45?s=96&d=mm&r=g\",\"caption\":\"adminuvb\"},\"sameAs\":[\"https:\/\/uvbbrasil.com.br\"],\"url\":\"https:\/\/uvbbrasil.com.br\/author\/adminuvb\/\"}]}<\/script>\n<!-- \/ Yoast SEO plugin. -->","yoast_head_json":{"title":"Lan\u00e7amento da plataforma CAPAX marca programa\u00e7\u00e3o da 25\u00aa Marcha - UVB Brasil","robots":{"index":"index","follow":"follow","max-snippet":"max-snippet:-1","max-image-preview":"max-image-preview:large","max-video-preview":"max-video-preview:-1"},"canonical":"https:\/\/uvbbrasil.com.br\/lancamento-da-plataforma-capax-marca-programacao-da-25a-marcha\/","og_locale":"pt_BR","og_type":"article","og_title":"Lan\u00e7amento da plataforma CAPAX marca programa\u00e7\u00e3o da 25\u00aa Marcha - UVB Brasil","og_description":"Dando continuidade \u00e0 programa\u00e7\u00e3o do segundo dia da 25\u00aa Marcha dos Gestores e Legislativos Municipais, \u00e0s 11h30 foi realizado o...","og_url":"https:\/\/uvbbrasil.com.br\/lancamento-da-plataforma-capax-marca-programacao-da-25a-marcha\/","og_site_name":"UVB Brasil","article_publisher":"https:\/\/www.facebook.com\/uvb.vereadoresbrasil","article_published_time":"2026-04-28T22:48:14+00:00","og_image":[{"width":2048,"height":1365,"url":"https:\/\/uvbbrasil.com.br\/wp-content\/uploads\/2026\/04\/DSC06112.jpg","type":"image\/jpeg"}],"author":"adminuvb","twitter_card":"summary_large_image","twitter_misc":{"Escrito por":"adminuvb","Est. tempo de leitura":"2 minutos"},"schema":{"@context":"https:\/\/schema.org","@graph":[{"@type":"Article","@id":"https:\/\/uvbbrasil.com.br\/lancamento-da-plataforma-capax-marca-programacao-da-25a-marcha\/#article","isPartOf":{"@id":"https:\/\/uvbbrasil.com.br\/lancamento-da-plataforma-capax-marca-programacao-da-25a-marcha\/"},"author":{"name":"adminuvb","@id":"https:\/\/uvbbrasil.com.br\/#\/schema\/person\/17990098446c098f52effddff4f1b272"},"headline":"Lan\u00e7amento da plataforma CAPAX marca programa\u00e7\u00e3o da 25\u00aa Marcha","datePublished":"2026-04-28T22:48:14+00:00","mainEntityOfPage":{"@id":"https:\/\/uvbbrasil.com.br\/lancamento-da-plataforma-capax-marca-programacao-da-25a-marcha\/"},"wordCount":216,"commentCount":0,"publisher":{"@id":"https:\/\/uvbbrasil.com.br\/#organization"},"image":{"@id":"https:\/\/uvbbrasil.com.br\/lancamento-da-plataforma-capax-marca-programacao-da-25a-marcha\/#primaryimage"},"thumbnailUrl":"https:\/\/uvbbrasil.com.br\/wp-content\/uploads\/2026\/04\/DSC06112.jpg","articleSection":["MARCHA DOS VEREADORES","NOT\u00cdCIAS"],"inLanguage":"pt-BR","potentialAction":[{"@type":"CommentAction","name":"Comment","target":["https:\/\/uvbbrasil.com.br\/lancamento-da-plataforma-capax-marca-programacao-da-25a-marcha\/#respond"]}]},{"@type":"WebPage","@id":"https:\/\/uvbbrasil.com.br\/lancamento-da-plataforma-capax-marca-programacao-da-25a-marcha\/","url":"https:\/\/uvbbrasil.com.br\/lancamento-da-plataforma-capax-marca-programacao-da-25a-marcha\/","name":"Lan\u00e7amento da plataforma CAPAX marca programa\u00e7\u00e3o da 25\u00aa Marcha - UVB Brasil","isPartOf":{"@id":"https:\/\/uvbbrasil.com.br\/#website"},"primaryImageOfPage":{"@id":"https:\/\/uvbbrasil.com.br\/lancamento-da-plataforma-capax-marca-programacao-da-25a-marcha\/#primaryimage"},"image":{"@id":"https:\/\/uvbbrasil.com.br\/lancamento-da-plataforma-capax-marca-programacao-da-25a-marcha\/#primaryimage"},"thumbnailUrl":"https:\/\/uvbbrasil.com.br\/wp-content\/uploads\/2026\/04\/DSC06112.jpg","datePublished":"2026-04-28T22:48:14+00:00","breadcrumb":{"@id":"https:\/\/uvbbrasil.com.br\/lancamento-da-plataforma-capax-marca-programacao-da-25a-marcha\/#breadcrumb"},"inLanguage":"pt-BR","potentialAction":[{"@type":"ReadAction","target":["https:\/\/uvbbrasil.com.br\/lancamento-da-plataforma-capax-marca-programacao-da-25a-marcha\/"]}]},{"@type":"ImageObject","inLanguage":"pt-BR","@id":"https:\/\/uvbbrasil.com.br\/lancamento-da-plataforma-capax-marca-programacao-da-25a-marcha\/#primaryimage","url":"https:\/\/uvbbrasil.com.br\/wp-content\/uploads\/2026\/04\/DSC06112.jpg","contentUrl":"https:\/\/uvbbrasil.com.br\/wp-content\/uploads\/2026\/04\/DSC06112.jpg","width":2048,"height":1365},{"@type":"BreadcrumbList","@id":"https:\/\/uvbbrasil.com.br\/lancamento-da-plataforma-capax-marca-programacao-da-25a-marcha\/#breadcrumb","itemListElement":[{"@type":"ListItem","position":1,"name":"In\u00edcio","item":"https:\/\/uvbbrasil.com.br\/"},{"@type":"ListItem","position":2,"name":"Lan\u00e7amento da plataforma CAPAX marca programa\u00e7\u00e3o da 25\u00aa Marcha"}]},{"@type":"WebSite","@id":"https:\/\/uvbbrasil.com.br\/#website","url":"https:\/\/uvbbrasil.com.br\/","name":"UVB Brasil","description":"Uni\u00e3o dos Vereadores do Brasil","publisher":{"@id":"https:\/\/uvbbrasil.com.br\/#organization"},"potentialAction":[{"@type":"SearchAction","target":{"@type":"EntryPoint","urlTemplate":"https:\/\/uvbbrasil.com.br\/?s={search_term_string}"},"query-input":{"@type":"PropertyValueSpecification","valueRequired":true,"valueName":"search_term_string"}}],"inLanguage":"pt-BR"},{"@type":"Organization","@id":"https:\/\/uvbbrasil.com.br\/#organization","name":"UVB Brasil","url":"https:\/\/uvbbrasil.com.br\/","logo":{"@type":"ImageObject","inLanguage":"pt-BR","@id":"https:\/\/uvbbrasil.com.br\/#\/schema\/logo\/image\/","url":"https:\/\/uvbbrasil.com.br\/wp-content\/uploads\/2025\/01\/LOGO-UVB-2024-azul-1.jpg","contentUrl":"https:\/\/uvbbrasil.com.br\/wp-content\/uploads\/2025\/01\/LOGO-UVB-2024-azul-1.jpg","width":600,"height":211,"caption":"UVB Brasil"},"image":{"@id":"https:\/\/uvbbrasil.com.br\/#\/schema\/logo\/image\/"},"sameAs":["https:\/\/www.facebook.com\/uvb.vereadoresbrasil","https:\/\/www.instagram.com\/uvbbrasil\/","https:\/\/www.youtube.com\/channel\/UCIlPQ8Xzw5GHNzosQIg9S5A"]},{"@type":"Person","@id":"https:\/\/uvbbrasil.com.br\/#\/schema\/person\/17990098446c098f52effddff4f1b272","name":"adminuvb","image":{"@type":"ImageObject","inLanguage":"pt-BR","@id":"https:\/\/uvbbrasil.com.br\/#\/schema\/person\/image\/","url":"https:\/\/secure.gravatar.com\/avatar\/1a494ea6f8e2dd1ae526e55b0e9497efdba542491e0620d704cccf63c6f77c45?s=96&d=mm&r=g","contentUrl":"https:\/\/secure.gravatar.com\/avatar\/1a494ea6f8e2dd1ae526e55b0e9497efdba542491e0620d704cccf63c6f77c45?s=96&d=mm&r=g","caption":"adminuvb"},"sameAs":["https:\/\/uvbbrasil.com.br"],"url":"https:\/\/uvbbrasil.com.br\/author\/adminuvb\/"}]}},"_links":{"self":[{"href":"https:\/\/uvbbrasil.com.br\/uvb-json\/wp\/v2\/posts\/39975","targetHints":{"allow":["GET"]}}],"collection":[{"href":"https:\/\/uvbbrasil.com.br\/uvb-json\/wp\/v2\/posts"}],"about":[{"href":"https:\/\/uvbbrasil.com.br\/uvb-json\/wp\/v2\/types\/post"}],"author":[{"embeddable":true,"href":"https:\/\/uvbbrasil.com.br\/uvb-json\/wp\/v2\/users\/1"}],"replies":[{"embeddable":true,"href":"https:\/\/uvbbrasil.com.br\/uvb-json\/wp\/v2\/comments?post=39975"}],"version-history":[{"count":1,"href":"https:\/\/uvbbrasil.com.br\/uvb-json\/wp\/v2\/posts\/39975\/revisions"}],"predecessor-version":[{"id":39977,"href":"https:\/\/uvbbrasil.com.br\/uvb-json\/wp\/v2\/posts\/39975\/revisions\/39977"}],"wp:featuredmedia":[{"embeddable":true,"href":"https:\/\/uvbbrasil.com.br\/uvb-json\/wp\/v2\/media\/39976"}],"wp:attachment":[{"href":"https:\/\/uvbbrasil.com.br\/uvb-json\/wp\/v2\/media?parent=39975"}],"wp:term":[{"taxonomy":"category","embeddable":true,"href":"https:\/\/uvbbrasil.com.br\/uvb-json\/wp\/v2\/categories?post=39975"},{"taxonomy":"post_tag","embeddable":true,"href":"https:\/\/uvbbrasil.com.br\/uvb-json\/wp\/v2\/tags?post=39975"}],"curies":[{"name":"wp","href":"https:\/\/api.w.org\/{rel}","templated":true}]}}