{"id":39969,"date":"2026-04-28T12:01:40","date_gmt":"2026-04-28T15:01:40","guid":{"rendered":"https:\/\/uvbbrasil.com.br\/?p=39969"},"modified":"2026-04-28T12:01:40","modified_gmt":"2026-04-28T15:01:40","slug":"no-palco-2-randerson-cirqueira-destaca-foco-em-resultados-na-atuacao-legislativa","status":"publish","type":"post","link":"https:\/\/uvbbrasil.com.br\/no-palco-2-randerson-cirqueira-destaca-foco-em-resultados-na-atuacao-legislativa\/","title":{"rendered":"No palco 2, Randerson Cirqueira destaca foco em resultados na atua\u00e7\u00e3o legislativa"},"content":{"rendered":"<p data-start=\"75\" data-end=\"452\">Dando continuidade \u00e0 programa\u00e7\u00e3o do segundo dia da 25\u00aa Marcha dos Gestores e Legislativos Municipais, foi realizada, no Palco 2, a palestra \u201cLegislativo 360\u00b0 \u2013 Quem n\u00e3o gera resultados, some\u201d, ministrada por <span class=\"hover:entity-accent entity-underline inline cursor-pointer align-baseline\"><span class=\"whitespace-normal\">Randerson Cirqueira<\/span><\/span>. A atividade trouxe uma abordagem direta sobre desempenho, posicionamento e efetividade no exerc\u00edcio do mandato parlamentar.<\/p>\n<p data-start=\"454\" data-end=\"820\">Durante sua exposi\u00e7\u00e3o, <span class=\"hover:entity-accent entity-underline inline cursor-pointer align-baseline\"><span class=\"whitespace-normal\">Randerson Cirqueira<\/span><\/span> enfatizou a import\u00e2ncia de uma atua\u00e7\u00e3o orientada a resultados, destacando que o vereador precisa ir al\u00e9m da presen\u00e7a institucional, entregando a\u00e7\u00f5es concretas e percebidas pela popula\u00e7\u00e3o. A palestra abordou estrat\u00e9gias para fortalecer o mandato, com foco em planejamento, execu\u00e7\u00e3o e comunica\u00e7\u00e3o eficiente.<\/p>\n<p data-start=\"822\" data-end=\"1211\">Ao longo da apresenta\u00e7\u00e3o, <span class=\"hover:entity-accent entity-underline inline cursor-pointer align-baseline\"><span class=\"whitespace-normal\">Randerson Cirqueira<\/span><\/span> compartilhou metodologias aplicadas \u00e0 gest\u00e3o de mandatos, evidenciando como a organiza\u00e7\u00e3o, o acompanhamento de indicadores e a clareza de prop\u00f3sito s\u00e3o determinantes para o sucesso na vida p\u00fablica. A abordagem refor\u00e7ou a necessidade de adapta\u00e7\u00e3o \u00e0s novas exig\u00eancias da sociedade e ao ambiente pol\u00edtico cada vez mais din\u00e2mico.<\/p>\n<p data-start=\"1213\" data-end=\"1489\" data-is-last-node=\"\" data-is-only-node=\"\">A participa\u00e7\u00e3o de <span class=\"hover:entity-accent entity-underline inline cursor-pointer align-baseline\"><span class=\"whitespace-normal\">Randerson Cirqueira<\/span><\/span> no Palco 2 contribuiu para enriquecer a programa\u00e7\u00e3o t\u00e9cnica da 25\u00aa Marcha, oferecendo aos participantes uma vis\u00e3o pr\u00e1tica e estrat\u00e9gica sobre como potencializar resultados e fortalecer a atua\u00e7\u00e3o no Legislativo municipal.<\/p>\n","protected":false},"excerpt":{"rendered":"<p>Dando continuidade \u00e0 programa\u00e7\u00e3o do segundo dia da 25\u00aa Marcha dos Gestores e Legislativos Municipais, foi realizada, no Palco 2,&#8230;<\/p>\n","protected":false},"author":1,"featured_media":39970,"comment_status":"open","ping_status":"open","sticky":false,"template":"","format":"standard","meta":{"footnotes":""},"categories":[7,3],"tags":[],"class_list":["post-39969","post","type-post","status-publish","format-standard","has-post-thumbnail","hentry","category-marcha-vereadores","category-noticias"],"yoast_head":"<!-- This site is optimized with the Yoast SEO plugin v26.7 - https:\/\/yoast.com\/wordpress\/plugins\/seo\/ -->\n<title>No palco 2, Randerson Cirqueira destaca foco em resultados na atua\u00e7\u00e3o legislativa - UVB Brasil<\/title>\n<meta name=\"robots\" content=\"index, follow, max-snippet:-1, max-image-preview:large, max-video-preview:-1\" \/>\n<link rel=\"canonical\" href=\"https:\/\/uvbbrasil.com.br\/no-palco-2-randerson-cirqueira-destaca-foco-em-resultados-na-atuacao-legislativa\/\" \/>\n<meta property=\"og:locale\" content=\"pt_BR\" \/>\n<meta property=\"og:type\" content=\"article\" \/>\n<meta property=\"og:title\" content=\"No palco 2, Randerson Cirqueira destaca foco em resultados na atua\u00e7\u00e3o legislativa - UVB Brasil\" \/>\n<meta property=\"og:description\" content=\"Dando continuidade \u00e0 programa\u00e7\u00e3o do segundo dia da 25\u00aa Marcha dos Gestores e Legislativos Municipais, foi realizada, no Palco 2,...\" \/>\n<meta property=\"og:url\" content=\"https:\/\/uvbbrasil.com.br\/no-palco-2-randerson-cirqueira-destaca-foco-em-resultados-na-atuacao-legislativa\/\" \/>\n<meta property=\"og:site_name\" content=\"UVB Brasil\" \/>\n<meta property=\"article:publisher\" content=\"https:\/\/www.facebook.com\/uvb.vereadoresbrasil\" \/>\n<meta property=\"article:published_time\" content=\"2026-04-28T15:01:40+00:00\" \/>\n<meta property=\"og:image\" content=\"https:\/\/uvbbrasil.com.br\/wp-content\/uploads\/2026\/04\/IMG_5276.jpg\" \/>\n\t<meta property=\"og:image:width\" content=\"2047\" \/>\n\t<meta property=\"og:image:height\" content=\"1365\" \/>\n\t<meta property=\"og:image:type\" content=\"image\/jpeg\" \/>\n<meta name=\"author\" content=\"adminuvb\" \/>\n<meta name=\"twitter:card\" content=\"summary_large_image\" \/>\n<meta name=\"twitter:label1\" content=\"Escrito por\" \/>\n\t<meta name=\"twitter:data1\" content=\"adminuvb\" \/>\n\t<meta name=\"twitter:label2\" content=\"Est. tempo de leitura\" \/>\n\t<meta name=\"twitter:data2\" content=\"2 minutos\" \/>\n<script type=\"application\/ld+json\" class=\"yoast-schema-graph\">{\"@context\":\"https:\/\/schema.org\",\"@graph\":[{\"@type\":\"Article\",\"@id\":\"https:\/\/uvbbrasil.com.br\/no-palco-2-randerson-cirqueira-destaca-foco-em-resultados-na-atuacao-legislativa\/#article\",\"isPartOf\":{\"@id\":\"https:\/\/uvbbrasil.com.br\/no-palco-2-randerson-cirqueira-destaca-foco-em-resultados-na-atuacao-legislativa\/\"},\"author\":{\"name\":\"adminuvb\",\"@id\":\"https:\/\/uvbbrasil.com.br\/#\/schema\/person\/17990098446c098f52effddff4f1b272\"},\"headline\":\"No palco 2, Randerson Cirqueira destaca foco em resultados na atua\u00e7\u00e3o legislativa\",\"datePublished\":\"2026-04-28T15:01:40+00:00\",\"mainEntityOfPage\":{\"@id\":\"https:\/\/uvbbrasil.com.br\/no-palco-2-randerson-cirqueira-destaca-foco-em-resultados-na-atuacao-legislativa\/\"},\"wordCount\":222,\"commentCount\":0,\"publisher\":{\"@id\":\"https:\/\/uvbbrasil.com.br\/#organization\"},\"image\":{\"@id\":\"https:\/\/uvbbrasil.com.br\/no-palco-2-randerson-cirqueira-destaca-foco-em-resultados-na-atuacao-legislativa\/#primaryimage\"},\"thumbnailUrl\":\"https:\/\/uvbbrasil.com.br\/wp-content\/uploads\/2026\/04\/IMG_5276.jpg\",\"articleSection\":[\"MARCHA DOS VEREADORES\",\"NOT\u00cdCIAS\"],\"inLanguage\":\"pt-BR\",\"potentialAction\":[{\"@type\":\"CommentAction\",\"name\":\"Comment\",\"target\":[\"https:\/\/uvbbrasil.com.br\/no-palco-2-randerson-cirqueira-destaca-foco-em-resultados-na-atuacao-legislativa\/#respond\"]}]},{\"@type\":\"WebPage\",\"@id\":\"https:\/\/uvbbrasil.com.br\/no-palco-2-randerson-cirqueira-destaca-foco-em-resultados-na-atuacao-legislativa\/\",\"url\":\"https:\/\/uvbbrasil.com.br\/no-palco-2-randerson-cirqueira-destaca-foco-em-resultados-na-atuacao-legislativa\/\",\"name\":\"No palco 2, Randerson Cirqueira destaca foco em resultados na atua\u00e7\u00e3o legislativa - UVB Brasil\",\"isPartOf\":{\"@id\":\"https:\/\/uvbbrasil.com.br\/#website\"},\"primaryImageOfPage\":{\"@id\":\"https:\/\/uvbbrasil.com.br\/no-palco-2-randerson-cirqueira-destaca-foco-em-resultados-na-atuacao-legislativa\/#primaryimage\"},\"image\":{\"@id\":\"https:\/\/uvbbrasil.com.br\/no-palco-2-randerson-cirqueira-destaca-foco-em-resultados-na-atuacao-legislativa\/#primaryimage\"},\"thumbnailUrl\":\"https:\/\/uvbbrasil.com.br\/wp-content\/uploads\/2026\/04\/IMG_5276.jpg\",\"datePublished\":\"2026-04-28T15:01:40+00:00\",\"breadcrumb\":{\"@id\":\"https:\/\/uvbbrasil.com.br\/no-palco-2-randerson-cirqueira-destaca-foco-em-resultados-na-atuacao-legislativa\/#breadcrumb\"},\"inLanguage\":\"pt-BR\",\"potentialAction\":[{\"@type\":\"ReadAction\",\"target\":[\"https:\/\/uvbbrasil.com.br\/no-palco-2-randerson-cirqueira-destaca-foco-em-resultados-na-atuacao-legislativa\/\"]}]},{\"@type\":\"ImageObject\",\"inLanguage\":\"pt-BR\",\"@id\":\"https:\/\/uvbbrasil.com.br\/no-palco-2-randerson-cirqueira-destaca-foco-em-resultados-na-atuacao-legislativa\/#primaryimage\",\"url\":\"https:\/\/uvbbrasil.com.br\/wp-content\/uploads\/2026\/04\/IMG_5276.jpg\",\"contentUrl\":\"https:\/\/uvbbrasil.com.br\/wp-content\/uploads\/2026\/04\/IMG_5276.jpg\",\"width\":2047,\"height\":1365},{\"@type\":\"BreadcrumbList\",\"@id\":\"https:\/\/uvbbrasil.com.br\/no-palco-2-randerson-cirqueira-destaca-foco-em-resultados-na-atuacao-legislativa\/#breadcrumb\",\"itemListElement\":[{\"@type\":\"ListItem\",\"position\":1,\"name\":\"In\u00edcio\",\"item\":\"https:\/\/uvbbrasil.com.br\/\"},{\"@type\":\"ListItem\",\"position\":2,\"name\":\"No palco 2, Randerson Cirqueira destaca foco em resultados na atua\u00e7\u00e3o legislativa\"}]},{\"@type\":\"WebSite\",\"@id\":\"https:\/\/uvbbrasil.com.br\/#website\",\"url\":\"https:\/\/uvbbrasil.com.br\/\",\"name\":\"UVB Brasil\",\"description\":\"Uni\u00e3o dos Vereadores do Brasil\",\"publisher\":{\"@id\":\"https:\/\/uvbbrasil.com.br\/#organization\"},\"potentialAction\":[{\"@type\":\"SearchAction\",\"target\":{\"@type\":\"EntryPoint\",\"urlTemplate\":\"https:\/\/uvbbrasil.com.br\/?s={search_term_string}\"},\"query-input\":{\"@type\":\"PropertyValueSpecification\",\"valueRequired\":true,\"valueName\":\"search_term_string\"}}],\"inLanguage\":\"pt-BR\"},{\"@type\":\"Organization\",\"@id\":\"https:\/\/uvbbrasil.com.br\/#organization\",\"name\":\"UVB Brasil\",\"url\":\"https:\/\/uvbbrasil.com.br\/\",\"logo\":{\"@type\":\"ImageObject\",\"inLanguage\":\"pt-BR\",\"@id\":\"https:\/\/uvbbrasil.com.br\/#\/schema\/logo\/image\/\",\"url\":\"https:\/\/uvbbrasil.com.br\/wp-content\/uploads\/2025\/01\/LOGO-UVB-2024-azul-1.jpg\",\"contentUrl\":\"https:\/\/uvbbrasil.com.br\/wp-content\/uploads\/2025\/01\/LOGO-UVB-2024-azul-1.jpg\",\"width\":600,\"height\":211,\"caption\":\"UVB Brasil\"},\"image\":{\"@id\":\"https:\/\/uvbbrasil.com.br\/#\/schema\/logo\/image\/\"},\"sameAs\":[\"https:\/\/www.facebook.com\/uvb.vereadoresbrasil\",\"https:\/\/www.instagram.com\/uvbbrasil\/\",\"https:\/\/www.youtube.com\/channel\/UCIlPQ8Xzw5GHNzosQIg9S5A\"]},{\"@type\":\"Person\",\"@id\":\"https:\/\/uvbbrasil.com.br\/#\/schema\/person\/17990098446c098f52effddff4f1b272\",\"name\":\"adminuvb\",\"image\":{\"@type\":\"ImageObject\",\"inLanguage\":\"pt-BR\",\"@id\":\"https:\/\/uvbbrasil.com.br\/#\/schema\/person\/image\/\",\"url\":\"https:\/\/secure.gravatar.com\/avatar\/1a494ea6f8e2dd1ae526e55b0e9497efdba542491e0620d704cccf63c6f77c45?s=96&d=mm&r=g\",\"contentUrl\":\"https:\/\/secure.gravatar.com\/avatar\/1a494ea6f8e2dd1ae526e55b0e9497efdba542491e0620d704cccf63c6f77c45?s=96&d=mm&r=g\",\"caption\":\"adminuvb\"},\"sameAs\":[\"https:\/\/uvbbrasil.com.br\"],\"url\":\"https:\/\/uvbbrasil.com.br\/author\/adminuvb\/\"}]}<\/script>\n<!-- \/ Yoast SEO plugin. -->","yoast_head_json":{"title":"No palco 2, Randerson Cirqueira destaca foco em resultados na atua\u00e7\u00e3o legislativa - UVB Brasil","robots":{"index":"index","follow":"follow","max-snippet":"max-snippet:-1","max-image-preview":"max-image-preview:large","max-video-preview":"max-video-preview:-1"},"canonical":"https:\/\/uvbbrasil.com.br\/no-palco-2-randerson-cirqueira-destaca-foco-em-resultados-na-atuacao-legislativa\/","og_locale":"pt_BR","og_type":"article","og_title":"No palco 2, Randerson Cirqueira destaca foco em resultados na atua\u00e7\u00e3o legislativa - UVB Brasil","og_description":"Dando continuidade \u00e0 programa\u00e7\u00e3o do segundo dia da 25\u00aa Marcha dos Gestores e Legislativos Municipais, foi realizada, no Palco 2,...","og_url":"https:\/\/uvbbrasil.com.br\/no-palco-2-randerson-cirqueira-destaca-foco-em-resultados-na-atuacao-legislativa\/","og_site_name":"UVB Brasil","article_publisher":"https:\/\/www.facebook.com\/uvb.vereadoresbrasil","article_published_time":"2026-04-28T15:01:40+00:00","og_image":[{"width":2047,"height":1365,"url":"https:\/\/uvbbrasil.com.br\/wp-content\/uploads\/2026\/04\/IMG_5276.jpg","type":"image\/jpeg"}],"author":"adminuvb","twitter_card":"summary_large_image","twitter_misc":{"Escrito por":"adminuvb","Est. tempo de leitura":"2 minutos"},"schema":{"@context":"https:\/\/schema.org","@graph":[{"@type":"Article","@id":"https:\/\/uvbbrasil.com.br\/no-palco-2-randerson-cirqueira-destaca-foco-em-resultados-na-atuacao-legislativa\/#article","isPartOf":{"@id":"https:\/\/uvbbrasil.com.br\/no-palco-2-randerson-cirqueira-destaca-foco-em-resultados-na-atuacao-legislativa\/"},"author":{"name":"adminuvb","@id":"https:\/\/uvbbrasil.com.br\/#\/schema\/person\/17990098446c098f52effddff4f1b272"},"headline":"No palco 2, Randerson Cirqueira destaca foco em resultados na atua\u00e7\u00e3o legislativa","datePublished":"2026-04-28T15:01:40+00:00","mainEntityOfPage":{"@id":"https:\/\/uvbbrasil.com.br\/no-palco-2-randerson-cirqueira-destaca-foco-em-resultados-na-atuacao-legislativa\/"},"wordCount":222,"commentCount":0,"publisher":{"@id":"https:\/\/uvbbrasil.com.br\/#organization"},"image":{"@id":"https:\/\/uvbbrasil.com.br\/no-palco-2-randerson-cirqueira-destaca-foco-em-resultados-na-atuacao-legislativa\/#primaryimage"},"thumbnailUrl":"https:\/\/uvbbrasil.com.br\/wp-content\/uploads\/2026\/04\/IMG_5276.jpg","articleSection":["MARCHA DOS VEREADORES","NOT\u00cdCIAS"],"inLanguage":"pt-BR","potentialAction":[{"@type":"CommentAction","name":"Comment","target":["https:\/\/uvbbrasil.com.br\/no-palco-2-randerson-cirqueira-destaca-foco-em-resultados-na-atuacao-legislativa\/#respond"]}]},{"@type":"WebPage","@id":"https:\/\/uvbbrasil.com.br\/no-palco-2-randerson-cirqueira-destaca-foco-em-resultados-na-atuacao-legislativa\/","url":"https:\/\/uvbbrasil.com.br\/no-palco-2-randerson-cirqueira-destaca-foco-em-resultados-na-atuacao-legislativa\/","name":"No palco 2, Randerson Cirqueira destaca foco em resultados na atua\u00e7\u00e3o legislativa - UVB Brasil","isPartOf":{"@id":"https:\/\/uvbbrasil.com.br\/#website"},"primaryImageOfPage":{"@id":"https:\/\/uvbbrasil.com.br\/no-palco-2-randerson-cirqueira-destaca-foco-em-resultados-na-atuacao-legislativa\/#primaryimage"},"image":{"@id":"https:\/\/uvbbrasil.com.br\/no-palco-2-randerson-cirqueira-destaca-foco-em-resultados-na-atuacao-legislativa\/#primaryimage"},"thumbnailUrl":"https:\/\/uvbbrasil.com.br\/wp-content\/uploads\/2026\/04\/IMG_5276.jpg","datePublished":"2026-04-28T15:01:40+00:00","breadcrumb":{"@id":"https:\/\/uvbbrasil.com.br\/no-palco-2-randerson-cirqueira-destaca-foco-em-resultados-na-atuacao-legislativa\/#breadcrumb"},"inLanguage":"pt-BR","potentialAction":[{"@type":"ReadAction","target":["https:\/\/uvbbrasil.com.br\/no-palco-2-randerson-cirqueira-destaca-foco-em-resultados-na-atuacao-legislativa\/"]}]},{"@type":"ImageObject","inLanguage":"pt-BR","@id":"https:\/\/uvbbrasil.com.br\/no-palco-2-randerson-cirqueira-destaca-foco-em-resultados-na-atuacao-legislativa\/#primaryimage","url":"https:\/\/uvbbrasil.com.br\/wp-content\/uploads\/2026\/04\/IMG_5276.jpg","contentUrl":"https:\/\/uvbbrasil.com.br\/wp-content\/uploads\/2026\/04\/IMG_5276.jpg","width":2047,"height":1365},{"@type":"BreadcrumbList","@id":"https:\/\/uvbbrasil.com.br\/no-palco-2-randerson-cirqueira-destaca-foco-em-resultados-na-atuacao-legislativa\/#breadcrumb","itemListElement":[{"@type":"ListItem","position":1,"name":"In\u00edcio","item":"https:\/\/uvbbrasil.com.br\/"},{"@type":"ListItem","position":2,"name":"No palco 2, Randerson Cirqueira destaca foco em resultados na atua\u00e7\u00e3o legislativa"}]},{"@type":"WebSite","@id":"https:\/\/uvbbrasil.com.br\/#website","url":"https:\/\/uvbbrasil.com.br\/","name":"UVB Brasil","description":"Uni\u00e3o dos Vereadores do Brasil","publisher":{"@id":"https:\/\/uvbbrasil.com.br\/#organization"},"potentialAction":[{"@type":"SearchAction","target":{"@type":"EntryPoint","urlTemplate":"https:\/\/uvbbrasil.com.br\/?s={search_term_string}"},"query-input":{"@type":"PropertyValueSpecification","valueRequired":true,"valueName":"search_term_string"}}],"inLanguage":"pt-BR"},{"@type":"Organization","@id":"https:\/\/uvbbrasil.com.br\/#organization","name":"UVB Brasil","url":"https:\/\/uvbbrasil.com.br\/","logo":{"@type":"ImageObject","inLanguage":"pt-BR","@id":"https:\/\/uvbbrasil.com.br\/#\/schema\/logo\/image\/","url":"https:\/\/uvbbrasil.com.br\/wp-content\/uploads\/2025\/01\/LOGO-UVB-2024-azul-1.jpg","contentUrl":"https:\/\/uvbbrasil.com.br\/wp-content\/uploads\/2025\/01\/LOGO-UVB-2024-azul-1.jpg","width":600,"height":211,"caption":"UVB Brasil"},"image":{"@id":"https:\/\/uvbbrasil.com.br\/#\/schema\/logo\/image\/"},"sameAs":["https:\/\/www.facebook.com\/uvb.vereadoresbrasil","https:\/\/www.instagram.com\/uvbbrasil\/","https:\/\/www.youtube.com\/channel\/UCIlPQ8Xzw5GHNzosQIg9S5A"]},{"@type":"Person","@id":"https:\/\/uvbbrasil.com.br\/#\/schema\/person\/17990098446c098f52effddff4f1b272","name":"adminuvb","image":{"@type":"ImageObject","inLanguage":"pt-BR","@id":"https:\/\/uvbbrasil.com.br\/#\/schema\/person\/image\/","url":"https:\/\/secure.gravatar.com\/avatar\/1a494ea6f8e2dd1ae526e55b0e9497efdba542491e0620d704cccf63c6f77c45?s=96&d=mm&r=g","contentUrl":"https:\/\/secure.gravatar.com\/avatar\/1a494ea6f8e2dd1ae526e55b0e9497efdba542491e0620d704cccf63c6f77c45?s=96&d=mm&r=g","caption":"adminuvb"},"sameAs":["https:\/\/uvbbrasil.com.br"],"url":"https:\/\/uvbbrasil.com.br\/author\/adminuvb\/"}]}},"_links":{"self":[{"href":"https:\/\/uvbbrasil.com.br\/uvb-json\/wp\/v2\/posts\/39969","targetHints":{"allow":["GET"]}}],"collection":[{"href":"https:\/\/uvbbrasil.com.br\/uvb-json\/wp\/v2\/posts"}],"about":[{"href":"https:\/\/uvbbrasil.com.br\/uvb-json\/wp\/v2\/types\/post"}],"author":[{"embeddable":true,"href":"https:\/\/uvbbrasil.com.br\/uvb-json\/wp\/v2\/users\/1"}],"replies":[{"embeddable":true,"href":"https:\/\/uvbbrasil.com.br\/uvb-json\/wp\/v2\/comments?post=39969"}],"version-history":[{"count":1,"href":"https:\/\/uvbbrasil.com.br\/uvb-json\/wp\/v2\/posts\/39969\/revisions"}],"predecessor-version":[{"id":39971,"href":"https:\/\/uvbbrasil.com.br\/uvb-json\/wp\/v2\/posts\/39969\/revisions\/39971"}],"wp:featuredmedia":[{"embeddable":true,"href":"https:\/\/uvbbrasil.com.br\/uvb-json\/wp\/v2\/media\/39970"}],"wp:attachment":[{"href":"https:\/\/uvbbrasil.com.br\/uvb-json\/wp\/v2\/media?parent=39969"}],"wp:term":[{"taxonomy":"category","embeddable":true,"href":"https:\/\/uvbbrasil.com.br\/uvb-json\/wp\/v2\/categories?post=39969"},{"taxonomy":"post_tag","embeddable":true,"href":"https:\/\/uvbbrasil.com.br\/uvb-json\/wp\/v2\/tags?post=39969"}],"curies":[{"name":"wp","href":"https:\/\/api.w.org\/{rel}","templated":true}]}}