{"id":39963,"date":"2026-04-28T10:37:14","date_gmt":"2026-04-28T13:37:14","guid":{"rendered":"https:\/\/uvbbrasil.com.br\/?p=39963"},"modified":"2026-04-28T11:55:48","modified_gmt":"2026-04-28T14:55:48","slug":"renata-cunha-apresenta-orientacoes-praticas-para-atuacao-no-legislativo-municipal","status":"publish","type":"post","link":"https:\/\/uvbbrasil.com.br\/renata-cunha-apresenta-orientacoes-praticas-para-atuacao-no-legislativo-municipal\/","title":{"rendered":"Renata Cunha apresenta orienta\u00e7\u00f5es pr\u00e1ticas para atua\u00e7\u00e3o no Legislativo Municipal"},"content":{"rendered":"<p data-start=\"83\" data-end=\"479\">Dando continuidade \u00e0 programa\u00e7\u00e3o do segundo dia da 25\u00aa Marcha dos Gestores e Legislativos Municipais, \u00e0s 9h foi realizada a palestra \u201cOrienta\u00e7\u00f5es indispens\u00e1veis para Vereadores e Servidores do Legislativo Municipal\u201d, ministrada por <span class=\"hover:entity-accent entity-underline inline cursor-pointer align-baseline\"><span class=\"whitespace-normal\">Renata Cunha<\/span><\/span>. A atividade reuniu participantes em torno de conte\u00fados pr\u00e1ticos voltados \u00e0 qualifica\u00e7\u00e3o do trabalho legislativo no dia a dia.<\/p>\n<p data-start=\"481\" data-end=\"851\">Durante sua exposi\u00e7\u00e3o, <span class=\"hover:entity-accent entity-underline inline cursor-pointer align-baseline\"><span class=\"whitespace-normal\">Renata Cunha<\/span><\/span> destacou procedimentos essenciais para o bom funcionamento das c\u00e2maras municipais, abordando rotinas, organiza\u00e7\u00e3o interna e boas pr\u00e1ticas no processo legislativo. A palestra enfatizou a import\u00e2ncia da t\u00e9cnica e da prepara\u00e7\u00e3o dos profissionais para garantir efici\u00eancia e seguran\u00e7a nas atividades parlamentares.<\/p>\n<p data-start=\"853\" data-end=\"1208\">Ao longo da apresenta\u00e7\u00e3o, <span class=\"hover:entity-accent entity-underline inline cursor-pointer align-baseline\"><span class=\"whitespace-normal\">Renata Cunha<\/span><\/span> tamb\u00e9m tratou da atua\u00e7\u00e3o integrada entre vereadores e servidores, ressaltando o papel estrat\u00e9gico das equipes na constru\u00e7\u00e3o de mandatos mais organizados e produtivos. Foram compartilhadas orienta\u00e7\u00f5es aplic\u00e1veis \u00e0 realidade dos munic\u00edpios, com foco na melhoria cont\u00ednua da gest\u00e3o legislativa.<\/p>\n<p data-start=\"1210\" data-end=\"1443\" data-is-last-node=\"\" data-is-only-node=\"\">A participa\u00e7\u00e3o de <span class=\"hover:entity-accent entity-underline inline cursor-pointer align-baseline\"><span class=\"whitespace-normal\">Renata Cunha<\/span><\/span> refor\u00e7a o compromisso da 25\u00aa Marcha com a capacita\u00e7\u00e3o t\u00e9cnica de vereadores e servidores, contribuindo para o fortalecimento institucional das c\u00e2maras municipais em todo o pa\u00eds.<\/p>\n","protected":false},"excerpt":{"rendered":"<p>Dando continuidade \u00e0 programa\u00e7\u00e3o do segundo dia da 25\u00aa Marcha dos Gestores e Legislativos Municipais, \u00e0s 9h foi realizada a&#8230;<\/p>\n","protected":false},"author":1,"featured_media":39964,"comment_status":"open","ping_status":"open","sticky":false,"template":"","format":"standard","meta":{"footnotes":""},"categories":[7,3],"tags":[],"class_list":["post-39963","post","type-post","status-publish","format-standard","has-post-thumbnail","hentry","category-marcha-vereadores","category-noticias"],"yoast_head":"<!-- This site is optimized with the Yoast SEO plugin v26.7 - https:\/\/yoast.com\/wordpress\/plugins\/seo\/ -->\n<title>Renata Cunha apresenta orienta\u00e7\u00f5es pr\u00e1ticas para atua\u00e7\u00e3o no Legislativo Municipal - UVB Brasil<\/title>\n<meta name=\"robots\" content=\"index, follow, max-snippet:-1, max-image-preview:large, max-video-preview:-1\" \/>\n<link rel=\"canonical\" href=\"https:\/\/uvbbrasil.com.br\/renata-cunha-apresenta-orientacoes-praticas-para-atuacao-no-legislativo-municipal\/\" \/>\n<meta property=\"og:locale\" content=\"pt_BR\" \/>\n<meta property=\"og:type\" content=\"article\" \/>\n<meta property=\"og:title\" content=\"Renata Cunha apresenta orienta\u00e7\u00f5es pr\u00e1ticas para atua\u00e7\u00e3o no Legislativo Municipal - UVB Brasil\" \/>\n<meta property=\"og:description\" content=\"Dando continuidade \u00e0 programa\u00e7\u00e3o do segundo dia da 25\u00aa Marcha dos Gestores e Legislativos Municipais, \u00e0s 9h foi realizada a...\" \/>\n<meta property=\"og:url\" content=\"https:\/\/uvbbrasil.com.br\/renata-cunha-apresenta-orientacoes-praticas-para-atuacao-no-legislativo-municipal\/\" \/>\n<meta property=\"og:site_name\" content=\"UVB Brasil\" \/>\n<meta property=\"article:publisher\" content=\"https:\/\/www.facebook.com\/uvb.vereadoresbrasil\" \/>\n<meta property=\"article:published_time\" content=\"2026-04-28T13:37:14+00:00\" \/>\n<meta property=\"article:modified_time\" content=\"2026-04-28T14:55:48+00:00\" \/>\n<meta property=\"og:image\" content=\"https:\/\/uvbbrasil.com.br\/wp-content\/uploads\/2026\/04\/DSC05563.jpg\" \/>\n\t<meta property=\"og:image:width\" content=\"2047\" \/>\n\t<meta property=\"og:image:height\" content=\"1365\" \/>\n\t<meta property=\"og:image:type\" content=\"image\/jpeg\" \/>\n<meta name=\"author\" content=\"adminuvb\" \/>\n<meta name=\"twitter:card\" content=\"summary_large_image\" \/>\n<meta name=\"twitter:label1\" content=\"Escrito por\" \/>\n\t<meta name=\"twitter:data1\" content=\"adminuvb\" \/>\n\t<meta name=\"twitter:label2\" content=\"Est. tempo de leitura\" \/>\n\t<meta name=\"twitter:data2\" content=\"1 minuto\" \/>\n<script type=\"application\/ld+json\" class=\"yoast-schema-graph\">{\"@context\":\"https:\/\/schema.org\",\"@graph\":[{\"@type\":\"Article\",\"@id\":\"https:\/\/uvbbrasil.com.br\/renata-cunha-apresenta-orientacoes-praticas-para-atuacao-no-legislativo-municipal\/#article\",\"isPartOf\":{\"@id\":\"https:\/\/uvbbrasil.com.br\/renata-cunha-apresenta-orientacoes-praticas-para-atuacao-no-legislativo-municipal\/\"},\"author\":{\"name\":\"adminuvb\",\"@id\":\"https:\/\/uvbbrasil.com.br\/#\/schema\/person\/17990098446c098f52effddff4f1b272\"},\"headline\":\"Renata Cunha apresenta orienta\u00e7\u00f5es pr\u00e1ticas para atua\u00e7\u00e3o no Legislativo Municipal\",\"datePublished\":\"2026-04-28T13:37:14+00:00\",\"dateModified\":\"2026-04-28T14:55:48+00:00\",\"mainEntityOfPage\":{\"@id\":\"https:\/\/uvbbrasil.com.br\/renata-cunha-apresenta-orientacoes-praticas-para-atuacao-no-legislativo-municipal\/\"},\"wordCount\":213,\"commentCount\":0,\"publisher\":{\"@id\":\"https:\/\/uvbbrasil.com.br\/#organization\"},\"image\":{\"@id\":\"https:\/\/uvbbrasil.com.br\/renata-cunha-apresenta-orientacoes-praticas-para-atuacao-no-legislativo-municipal\/#primaryimage\"},\"thumbnailUrl\":\"https:\/\/uvbbrasil.com.br\/wp-content\/uploads\/2026\/04\/DSC05563.jpg\",\"articleSection\":[\"MARCHA DOS VEREADORES\",\"NOT\u00cdCIAS\"],\"inLanguage\":\"pt-BR\",\"potentialAction\":[{\"@type\":\"CommentAction\",\"name\":\"Comment\",\"target\":[\"https:\/\/uvbbrasil.com.br\/renata-cunha-apresenta-orientacoes-praticas-para-atuacao-no-legislativo-municipal\/#respond\"]}]},{\"@type\":\"WebPage\",\"@id\":\"https:\/\/uvbbrasil.com.br\/renata-cunha-apresenta-orientacoes-praticas-para-atuacao-no-legislativo-municipal\/\",\"url\":\"https:\/\/uvbbrasil.com.br\/renata-cunha-apresenta-orientacoes-praticas-para-atuacao-no-legislativo-municipal\/\",\"name\":\"Renata Cunha apresenta orienta\u00e7\u00f5es pr\u00e1ticas para atua\u00e7\u00e3o no Legislativo Municipal - UVB Brasil\",\"isPartOf\":{\"@id\":\"https:\/\/uvbbrasil.com.br\/#website\"},\"primaryImageOfPage\":{\"@id\":\"https:\/\/uvbbrasil.com.br\/renata-cunha-apresenta-orientacoes-praticas-para-atuacao-no-legislativo-municipal\/#primaryimage\"},\"image\":{\"@id\":\"https:\/\/uvbbrasil.com.br\/renata-cunha-apresenta-orientacoes-praticas-para-atuacao-no-legislativo-municipal\/#primaryimage\"},\"thumbnailUrl\":\"https:\/\/uvbbrasil.com.br\/wp-content\/uploads\/2026\/04\/DSC05563.jpg\",\"datePublished\":\"2026-04-28T13:37:14+00:00\",\"dateModified\":\"2026-04-28T14:55:48+00:00\",\"breadcrumb\":{\"@id\":\"https:\/\/uvbbrasil.com.br\/renata-cunha-apresenta-orientacoes-praticas-para-atuacao-no-legislativo-municipal\/#breadcrumb\"},\"inLanguage\":\"pt-BR\",\"potentialAction\":[{\"@type\":\"ReadAction\",\"target\":[\"https:\/\/uvbbrasil.com.br\/renata-cunha-apresenta-orientacoes-praticas-para-atuacao-no-legislativo-municipal\/\"]}]},{\"@type\":\"ImageObject\",\"inLanguage\":\"pt-BR\",\"@id\":\"https:\/\/uvbbrasil.com.br\/renata-cunha-apresenta-orientacoes-praticas-para-atuacao-no-legislativo-municipal\/#primaryimage\",\"url\":\"https:\/\/uvbbrasil.com.br\/wp-content\/uploads\/2026\/04\/DSC05563.jpg\",\"contentUrl\":\"https:\/\/uvbbrasil.com.br\/wp-content\/uploads\/2026\/04\/DSC05563.jpg\",\"width\":2047,\"height\":1365},{\"@type\":\"BreadcrumbList\",\"@id\":\"https:\/\/uvbbrasil.com.br\/renata-cunha-apresenta-orientacoes-praticas-para-atuacao-no-legislativo-municipal\/#breadcrumb\",\"itemListElement\":[{\"@type\":\"ListItem\",\"position\":1,\"name\":\"In\u00edcio\",\"item\":\"https:\/\/uvbbrasil.com.br\/\"},{\"@type\":\"ListItem\",\"position\":2,\"name\":\"Renata Cunha apresenta orienta\u00e7\u00f5es pr\u00e1ticas para atua\u00e7\u00e3o no Legislativo Municipal\"}]},{\"@type\":\"WebSite\",\"@id\":\"https:\/\/uvbbrasil.com.br\/#website\",\"url\":\"https:\/\/uvbbrasil.com.br\/\",\"name\":\"UVB Brasil\",\"description\":\"Uni\u00e3o dos Vereadores do Brasil\",\"publisher\":{\"@id\":\"https:\/\/uvbbrasil.com.br\/#organization\"},\"potentialAction\":[{\"@type\":\"SearchAction\",\"target\":{\"@type\":\"EntryPoint\",\"urlTemplate\":\"https:\/\/uvbbrasil.com.br\/?s={search_term_string}\"},\"query-input\":{\"@type\":\"PropertyValueSpecification\",\"valueRequired\":true,\"valueName\":\"search_term_string\"}}],\"inLanguage\":\"pt-BR\"},{\"@type\":\"Organization\",\"@id\":\"https:\/\/uvbbrasil.com.br\/#organization\",\"name\":\"UVB Brasil\",\"url\":\"https:\/\/uvbbrasil.com.br\/\",\"logo\":{\"@type\":\"ImageObject\",\"inLanguage\":\"pt-BR\",\"@id\":\"https:\/\/uvbbrasil.com.br\/#\/schema\/logo\/image\/\",\"url\":\"https:\/\/uvbbrasil.com.br\/wp-content\/uploads\/2025\/01\/LOGO-UVB-2024-azul-1.jpg\",\"contentUrl\":\"https:\/\/uvbbrasil.com.br\/wp-content\/uploads\/2025\/01\/LOGO-UVB-2024-azul-1.jpg\",\"width\":600,\"height\":211,\"caption\":\"UVB Brasil\"},\"image\":{\"@id\":\"https:\/\/uvbbrasil.com.br\/#\/schema\/logo\/image\/\"},\"sameAs\":[\"https:\/\/www.facebook.com\/uvb.vereadoresbrasil\",\"https:\/\/www.instagram.com\/uvbbrasil\/\",\"https:\/\/www.youtube.com\/channel\/UCIlPQ8Xzw5GHNzosQIg9S5A\"]},{\"@type\":\"Person\",\"@id\":\"https:\/\/uvbbrasil.com.br\/#\/schema\/person\/17990098446c098f52effddff4f1b272\",\"name\":\"adminuvb\",\"image\":{\"@type\":\"ImageObject\",\"inLanguage\":\"pt-BR\",\"@id\":\"https:\/\/uvbbrasil.com.br\/#\/schema\/person\/image\/\",\"url\":\"https:\/\/secure.gravatar.com\/avatar\/1a494ea6f8e2dd1ae526e55b0e9497efdba542491e0620d704cccf63c6f77c45?s=96&d=mm&r=g\",\"contentUrl\":\"https:\/\/secure.gravatar.com\/avatar\/1a494ea6f8e2dd1ae526e55b0e9497efdba542491e0620d704cccf63c6f77c45?s=96&d=mm&r=g\",\"caption\":\"adminuvb\"},\"sameAs\":[\"https:\/\/uvbbrasil.com.br\"],\"url\":\"https:\/\/uvbbrasil.com.br\/author\/adminuvb\/\"}]}<\/script>\n<!-- \/ Yoast SEO plugin. -->","yoast_head_json":{"title":"Renata Cunha apresenta orienta\u00e7\u00f5es pr\u00e1ticas para atua\u00e7\u00e3o no Legislativo Municipal - UVB Brasil","robots":{"index":"index","follow":"follow","max-snippet":"max-snippet:-1","max-image-preview":"max-image-preview:large","max-video-preview":"max-video-preview:-1"},"canonical":"https:\/\/uvbbrasil.com.br\/renata-cunha-apresenta-orientacoes-praticas-para-atuacao-no-legislativo-municipal\/","og_locale":"pt_BR","og_type":"article","og_title":"Renata Cunha apresenta orienta\u00e7\u00f5es pr\u00e1ticas para atua\u00e7\u00e3o no Legislativo Municipal - UVB Brasil","og_description":"Dando continuidade \u00e0 programa\u00e7\u00e3o do segundo dia da 25\u00aa Marcha dos Gestores e Legislativos Municipais, \u00e0s 9h foi realizada a...","og_url":"https:\/\/uvbbrasil.com.br\/renata-cunha-apresenta-orientacoes-praticas-para-atuacao-no-legislativo-municipal\/","og_site_name":"UVB Brasil","article_publisher":"https:\/\/www.facebook.com\/uvb.vereadoresbrasil","article_published_time":"2026-04-28T13:37:14+00:00","article_modified_time":"2026-04-28T14:55:48+00:00","og_image":[{"width":2047,"height":1365,"url":"https:\/\/uvbbrasil.com.br\/wp-content\/uploads\/2026\/04\/DSC05563.jpg","type":"image\/jpeg"}],"author":"adminuvb","twitter_card":"summary_large_image","twitter_misc":{"Escrito por":"adminuvb","Est. tempo de leitura":"1 minuto"},"schema":{"@context":"https:\/\/schema.org","@graph":[{"@type":"Article","@id":"https:\/\/uvbbrasil.com.br\/renata-cunha-apresenta-orientacoes-praticas-para-atuacao-no-legislativo-municipal\/#article","isPartOf":{"@id":"https:\/\/uvbbrasil.com.br\/renata-cunha-apresenta-orientacoes-praticas-para-atuacao-no-legislativo-municipal\/"},"author":{"name":"adminuvb","@id":"https:\/\/uvbbrasil.com.br\/#\/schema\/person\/17990098446c098f52effddff4f1b272"},"headline":"Renata Cunha apresenta orienta\u00e7\u00f5es pr\u00e1ticas para atua\u00e7\u00e3o no Legislativo Municipal","datePublished":"2026-04-28T13:37:14+00:00","dateModified":"2026-04-28T14:55:48+00:00","mainEntityOfPage":{"@id":"https:\/\/uvbbrasil.com.br\/renata-cunha-apresenta-orientacoes-praticas-para-atuacao-no-legislativo-municipal\/"},"wordCount":213,"commentCount":0,"publisher":{"@id":"https:\/\/uvbbrasil.com.br\/#organization"},"image":{"@id":"https:\/\/uvbbrasil.com.br\/renata-cunha-apresenta-orientacoes-praticas-para-atuacao-no-legislativo-municipal\/#primaryimage"},"thumbnailUrl":"https:\/\/uvbbrasil.com.br\/wp-content\/uploads\/2026\/04\/DSC05563.jpg","articleSection":["MARCHA DOS VEREADORES","NOT\u00cdCIAS"],"inLanguage":"pt-BR","potentialAction":[{"@type":"CommentAction","name":"Comment","target":["https:\/\/uvbbrasil.com.br\/renata-cunha-apresenta-orientacoes-praticas-para-atuacao-no-legislativo-municipal\/#respond"]}]},{"@type":"WebPage","@id":"https:\/\/uvbbrasil.com.br\/renata-cunha-apresenta-orientacoes-praticas-para-atuacao-no-legislativo-municipal\/","url":"https:\/\/uvbbrasil.com.br\/renata-cunha-apresenta-orientacoes-praticas-para-atuacao-no-legislativo-municipal\/","name":"Renata Cunha apresenta orienta\u00e7\u00f5es pr\u00e1ticas para atua\u00e7\u00e3o no Legislativo Municipal - UVB Brasil","isPartOf":{"@id":"https:\/\/uvbbrasil.com.br\/#website"},"primaryImageOfPage":{"@id":"https:\/\/uvbbrasil.com.br\/renata-cunha-apresenta-orientacoes-praticas-para-atuacao-no-legislativo-municipal\/#primaryimage"},"image":{"@id":"https:\/\/uvbbrasil.com.br\/renata-cunha-apresenta-orientacoes-praticas-para-atuacao-no-legislativo-municipal\/#primaryimage"},"thumbnailUrl":"https:\/\/uvbbrasil.com.br\/wp-content\/uploads\/2026\/04\/DSC05563.jpg","datePublished":"2026-04-28T13:37:14+00:00","dateModified":"2026-04-28T14:55:48+00:00","breadcrumb":{"@id":"https:\/\/uvbbrasil.com.br\/renata-cunha-apresenta-orientacoes-praticas-para-atuacao-no-legislativo-municipal\/#breadcrumb"},"inLanguage":"pt-BR","potentialAction":[{"@type":"ReadAction","target":["https:\/\/uvbbrasil.com.br\/renata-cunha-apresenta-orientacoes-praticas-para-atuacao-no-legislativo-municipal\/"]}]},{"@type":"ImageObject","inLanguage":"pt-BR","@id":"https:\/\/uvbbrasil.com.br\/renata-cunha-apresenta-orientacoes-praticas-para-atuacao-no-legislativo-municipal\/#primaryimage","url":"https:\/\/uvbbrasil.com.br\/wp-content\/uploads\/2026\/04\/DSC05563.jpg","contentUrl":"https:\/\/uvbbrasil.com.br\/wp-content\/uploads\/2026\/04\/DSC05563.jpg","width":2047,"height":1365},{"@type":"BreadcrumbList","@id":"https:\/\/uvbbrasil.com.br\/renata-cunha-apresenta-orientacoes-praticas-para-atuacao-no-legislativo-municipal\/#breadcrumb","itemListElement":[{"@type":"ListItem","position":1,"name":"In\u00edcio","item":"https:\/\/uvbbrasil.com.br\/"},{"@type":"ListItem","position":2,"name":"Renata Cunha apresenta orienta\u00e7\u00f5es pr\u00e1ticas para atua\u00e7\u00e3o no Legislativo Municipal"}]},{"@type":"WebSite","@id":"https:\/\/uvbbrasil.com.br\/#website","url":"https:\/\/uvbbrasil.com.br\/","name":"UVB Brasil","description":"Uni\u00e3o dos Vereadores do Brasil","publisher":{"@id":"https:\/\/uvbbrasil.com.br\/#organization"},"potentialAction":[{"@type":"SearchAction","target":{"@type":"EntryPoint","urlTemplate":"https:\/\/uvbbrasil.com.br\/?s={search_term_string}"},"query-input":{"@type":"PropertyValueSpecification","valueRequired":true,"valueName":"search_term_string"}}],"inLanguage":"pt-BR"},{"@type":"Organization","@id":"https:\/\/uvbbrasil.com.br\/#organization","name":"UVB Brasil","url":"https:\/\/uvbbrasil.com.br\/","logo":{"@type":"ImageObject","inLanguage":"pt-BR","@id":"https:\/\/uvbbrasil.com.br\/#\/schema\/logo\/image\/","url":"https:\/\/uvbbrasil.com.br\/wp-content\/uploads\/2025\/01\/LOGO-UVB-2024-azul-1.jpg","contentUrl":"https:\/\/uvbbrasil.com.br\/wp-content\/uploads\/2025\/01\/LOGO-UVB-2024-azul-1.jpg","width":600,"height":211,"caption":"UVB Brasil"},"image":{"@id":"https:\/\/uvbbrasil.com.br\/#\/schema\/logo\/image\/"},"sameAs":["https:\/\/www.facebook.com\/uvb.vereadoresbrasil","https:\/\/www.instagram.com\/uvbbrasil\/","https:\/\/www.youtube.com\/channel\/UCIlPQ8Xzw5GHNzosQIg9S5A"]},{"@type":"Person","@id":"https:\/\/uvbbrasil.com.br\/#\/schema\/person\/17990098446c098f52effddff4f1b272","name":"adminuvb","image":{"@type":"ImageObject","inLanguage":"pt-BR","@id":"https:\/\/uvbbrasil.com.br\/#\/schema\/person\/image\/","url":"https:\/\/secure.gravatar.com\/avatar\/1a494ea6f8e2dd1ae526e55b0e9497efdba542491e0620d704cccf63c6f77c45?s=96&d=mm&r=g","contentUrl":"https:\/\/secure.gravatar.com\/avatar\/1a494ea6f8e2dd1ae526e55b0e9497efdba542491e0620d704cccf63c6f77c45?s=96&d=mm&r=g","caption":"adminuvb"},"sameAs":["https:\/\/uvbbrasil.com.br"],"url":"https:\/\/uvbbrasil.com.br\/author\/adminuvb\/"}]}},"_links":{"self":[{"href":"https:\/\/uvbbrasil.com.br\/uvb-json\/wp\/v2\/posts\/39963","targetHints":{"allow":["GET"]}}],"collection":[{"href":"https:\/\/uvbbrasil.com.br\/uvb-json\/wp\/v2\/posts"}],"about":[{"href":"https:\/\/uvbbrasil.com.br\/uvb-json\/wp\/v2\/types\/post"}],"author":[{"embeddable":true,"href":"https:\/\/uvbbrasil.com.br\/uvb-json\/wp\/v2\/users\/1"}],"replies":[{"embeddable":true,"href":"https:\/\/uvbbrasil.com.br\/uvb-json\/wp\/v2\/comments?post=39963"}],"version-history":[{"count":1,"href":"https:\/\/uvbbrasil.com.br\/uvb-json\/wp\/v2\/posts\/39963\/revisions"}],"predecessor-version":[{"id":39965,"href":"https:\/\/uvbbrasil.com.br\/uvb-json\/wp\/v2\/posts\/39963\/revisions\/39965"}],"wp:featuredmedia":[{"embeddable":true,"href":"https:\/\/uvbbrasil.com.br\/uvb-json\/wp\/v2\/media\/39964"}],"wp:attachment":[{"href":"https:\/\/uvbbrasil.com.br\/uvb-json\/wp\/v2\/media?parent=39963"}],"wp:term":[{"taxonomy":"category","embeddable":true,"href":"https:\/\/uvbbrasil.com.br\/uvb-json\/wp\/v2\/categories?post=39963"},{"taxonomy":"post_tag","embeddable":true,"href":"https:\/\/uvbbrasil.com.br\/uvb-json\/wp\/v2\/tags?post=39963"}],"curies":[{"name":"wp","href":"https:\/\/api.w.org\/{rel}","templated":true}]}}