{"id":39950,"date":"2026-04-27T16:58:53","date_gmt":"2026-04-27T19:58:53","guid":{"rendered":"https:\/\/uvbbrasil.com.br\/?p=39950"},"modified":"2026-04-27T16:58:53","modified_gmt":"2026-04-27T19:58:53","slug":"a-importancia-da-advocacia-publica-na-relacao-com-o-legislativo-municipal","status":"publish","type":"post","link":"https:\/\/uvbbrasil.com.br\/a-importancia-da-advocacia-publica-na-relacao-com-o-legislativo-municipal\/","title":{"rendered":"A import\u00e2ncia da advocacia p\u00fablica na rela\u00e7\u00e3o com o Legislativo Municipal"},"content":{"rendered":"<p data-start=\"96\" data-end=\"520\">Dando sequ\u00eancia \u00e0 programa\u00e7\u00e3o da 25\u00aa Marcha dos Gestores e Legislativos Municipais, \u00e0s 16h foi realizada a palestra \u201cA advocacia p\u00fablica do Munic\u00edpio e o Legislativo Municipal\u201d, ministrada por <span class=\"hover:entity-accent entity-underline inline cursor-pointer align-baseline\"><span class=\"whitespace-normal\">Armando Jos\u00e9 da Costa Domingues<\/span><\/span>, representando a Associa\u00e7\u00e3o Nacional dos Procuradores Municipais (ANPM). A atividade trouxe uma abordagem t\u00e9cnica sobre a atua\u00e7\u00e3o jur\u00eddica nos munic\u00edpios e sua interface com o parlamento local.<\/p>\n<p data-start=\"522\" data-end=\"889\">Durante sua exposi\u00e7\u00e3o, <span class=\"hover:entity-accent entity-underline inline cursor-pointer align-baseline\"><span class=\"whitespace-normal\">Armando Jos\u00e9 da Costa Domingues<\/span><\/span> destacou o papel estrat\u00e9gico da advocacia p\u00fablica na garantia da legalidade, seguran\u00e7a jur\u00eddica e efici\u00eancia administrativa. A palestra evidenciou como a atua\u00e7\u00e3o integrada entre procuradorias municipais e o Legislativo contribui para a elabora\u00e7\u00e3o de leis mais consistentes e alinhadas ao interesse p\u00fablico.<\/p>\n<p data-start=\"891\" data-end=\"1286\">Ao longo da apresenta\u00e7\u00e3o, <span class=\"hover:entity-accent entity-underline inline cursor-pointer align-baseline\"><span class=\"whitespace-normal\">Armando Jos\u00e9 da Costa Domingues<\/span><\/span> abordou aspectos pr\u00e1ticos da atua\u00e7\u00e3o institucional, ressaltando a import\u00e2ncia do di\u00e1logo entre os poderes e da valoriza\u00e7\u00e3o das estruturas jur\u00eddicas municipais. Foram discutidos ainda os desafios enfrentados pelas procuradorias e a necessidade de fortalecimento da advocacia p\u00fablica como instrumento essencial para a boa governan\u00e7a.<\/p>\n<p data-start=\"1288\" data-end=\"1590\" data-is-last-node=\"\" data-is-only-node=\"\">A participa\u00e7\u00e3o de <span class=\"hover:entity-accent entity-underline inline cursor-pointer align-baseline\"><span class=\"whitespace-normal\">Armando Jos\u00e9 da Costa Domingues<\/span><\/span> refor\u00e7a a relev\u00e2ncia da tem\u00e1tica dentro da programa\u00e7\u00e3o da 25\u00aa Marcha, contribuindo para ampliar a compreens\u00e3o sobre o papel da advocacia p\u00fablica e seu impacto direto na qualidade da atua\u00e7\u00e3o legislativa e administrativa nos munic\u00edpios brasileiros.<\/p>\n","protected":false},"excerpt":{"rendered":"<p>Dando sequ\u00eancia \u00e0 programa\u00e7\u00e3o da 25\u00aa Marcha dos Gestores e Legislativos Municipais, \u00e0s 16h foi realizada a palestra \u201cA advocacia&#8230;<\/p>\n","protected":false},"author":1,"featured_media":39951,"comment_status":"open","ping_status":"open","sticky":false,"template":"","format":"standard","meta":{"footnotes":""},"categories":[7,3],"tags":[],"class_list":["post-39950","post","type-post","status-publish","format-standard","has-post-thumbnail","hentry","category-marcha-vereadores","category-noticias"],"yoast_head":"<!-- This site is optimized with the Yoast SEO plugin v26.7 - https:\/\/yoast.com\/wordpress\/plugins\/seo\/ -->\n<title>A import\u00e2ncia da advocacia p\u00fablica na rela\u00e7\u00e3o com o Legislativo Municipal - UVB Brasil<\/title>\n<meta name=\"robots\" content=\"index, follow, max-snippet:-1, max-image-preview:large, max-video-preview:-1\" \/>\n<link rel=\"canonical\" href=\"https:\/\/uvbbrasil.com.br\/a-importancia-da-advocacia-publica-na-relacao-com-o-legislativo-municipal\/\" \/>\n<meta property=\"og:locale\" content=\"pt_BR\" \/>\n<meta property=\"og:type\" content=\"article\" \/>\n<meta property=\"og:title\" content=\"A import\u00e2ncia da advocacia p\u00fablica na rela\u00e7\u00e3o com o Legislativo Municipal - UVB Brasil\" \/>\n<meta property=\"og:description\" content=\"Dando sequ\u00eancia \u00e0 programa\u00e7\u00e3o da 25\u00aa Marcha dos Gestores e Legislativos Municipais, \u00e0s 16h foi realizada a palestra \u201cA advocacia...\" \/>\n<meta property=\"og:url\" content=\"https:\/\/uvbbrasil.com.br\/a-importancia-da-advocacia-publica-na-relacao-com-o-legislativo-municipal\/\" \/>\n<meta property=\"og:site_name\" content=\"UVB Brasil\" \/>\n<meta property=\"article:publisher\" content=\"https:\/\/www.facebook.com\/uvb.vereadoresbrasil\" \/>\n<meta property=\"article:published_time\" content=\"2026-04-27T19:58:53+00:00\" \/>\n<meta property=\"og:image\" content=\"https:\/\/uvbbrasil.com.br\/wp-content\/uploads\/2026\/04\/DSC04949.jpg\" \/>\n\t<meta property=\"og:image:width\" content=\"2046\" \/>\n\t<meta property=\"og:image:height\" content=\"1365\" \/>\n\t<meta property=\"og:image:type\" content=\"image\/jpeg\" \/>\n<meta name=\"author\" content=\"adminuvb\" \/>\n<meta name=\"twitter:card\" content=\"summary_large_image\" \/>\n<meta name=\"twitter:label1\" content=\"Escrito por\" \/>\n\t<meta name=\"twitter:data1\" content=\"adminuvb\" \/>\n\t<meta name=\"twitter:label2\" content=\"Est. tempo de leitura\" \/>\n\t<meta name=\"twitter:data2\" content=\"2 minutos\" \/>\n<script type=\"application\/ld+json\" class=\"yoast-schema-graph\">{\"@context\":\"https:\/\/schema.org\",\"@graph\":[{\"@type\":\"Article\",\"@id\":\"https:\/\/uvbbrasil.com.br\/a-importancia-da-advocacia-publica-na-relacao-com-o-legislativo-municipal\/#article\",\"isPartOf\":{\"@id\":\"https:\/\/uvbbrasil.com.br\/a-importancia-da-advocacia-publica-na-relacao-com-o-legislativo-municipal\/\"},\"author\":{\"name\":\"adminuvb\",\"@id\":\"https:\/\/uvbbrasil.com.br\/#\/schema\/person\/17990098446c098f52effddff4f1b272\"},\"headline\":\"A import\u00e2ncia da advocacia p\u00fablica na rela\u00e7\u00e3o com o Legislativo Municipal\",\"datePublished\":\"2026-04-27T19:58:53+00:00\",\"mainEntityOfPage\":{\"@id\":\"https:\/\/uvbbrasil.com.br\/a-importancia-da-advocacia-publica-na-relacao-com-o-legislativo-municipal\/\"},\"wordCount\":255,\"commentCount\":0,\"publisher\":{\"@id\":\"https:\/\/uvbbrasil.com.br\/#organization\"},\"image\":{\"@id\":\"https:\/\/uvbbrasil.com.br\/a-importancia-da-advocacia-publica-na-relacao-com-o-legislativo-municipal\/#primaryimage\"},\"thumbnailUrl\":\"https:\/\/uvbbrasil.com.br\/wp-content\/uploads\/2026\/04\/DSC04949.jpg\",\"articleSection\":[\"MARCHA DOS VEREADORES\",\"NOT\u00cdCIAS\"],\"inLanguage\":\"pt-BR\",\"potentialAction\":[{\"@type\":\"CommentAction\",\"name\":\"Comment\",\"target\":[\"https:\/\/uvbbrasil.com.br\/a-importancia-da-advocacia-publica-na-relacao-com-o-legislativo-municipal\/#respond\"]}]},{\"@type\":\"WebPage\",\"@id\":\"https:\/\/uvbbrasil.com.br\/a-importancia-da-advocacia-publica-na-relacao-com-o-legislativo-municipal\/\",\"url\":\"https:\/\/uvbbrasil.com.br\/a-importancia-da-advocacia-publica-na-relacao-com-o-legislativo-municipal\/\",\"name\":\"A import\u00e2ncia da advocacia p\u00fablica na rela\u00e7\u00e3o com o Legislativo Municipal - UVB Brasil\",\"isPartOf\":{\"@id\":\"https:\/\/uvbbrasil.com.br\/#website\"},\"primaryImageOfPage\":{\"@id\":\"https:\/\/uvbbrasil.com.br\/a-importancia-da-advocacia-publica-na-relacao-com-o-legislativo-municipal\/#primaryimage\"},\"image\":{\"@id\":\"https:\/\/uvbbrasil.com.br\/a-importancia-da-advocacia-publica-na-relacao-com-o-legislativo-municipal\/#primaryimage\"},\"thumbnailUrl\":\"https:\/\/uvbbrasil.com.br\/wp-content\/uploads\/2026\/04\/DSC04949.jpg\",\"datePublished\":\"2026-04-27T19:58:53+00:00\",\"breadcrumb\":{\"@id\":\"https:\/\/uvbbrasil.com.br\/a-importancia-da-advocacia-publica-na-relacao-com-o-legislativo-municipal\/#breadcrumb\"},\"inLanguage\":\"pt-BR\",\"potentialAction\":[{\"@type\":\"ReadAction\",\"target\":[\"https:\/\/uvbbrasil.com.br\/a-importancia-da-advocacia-publica-na-relacao-com-o-legislativo-municipal\/\"]}]},{\"@type\":\"ImageObject\",\"inLanguage\":\"pt-BR\",\"@id\":\"https:\/\/uvbbrasil.com.br\/a-importancia-da-advocacia-publica-na-relacao-com-o-legislativo-municipal\/#primaryimage\",\"url\":\"https:\/\/uvbbrasil.com.br\/wp-content\/uploads\/2026\/04\/DSC04949.jpg\",\"contentUrl\":\"https:\/\/uvbbrasil.com.br\/wp-content\/uploads\/2026\/04\/DSC04949.jpg\",\"width\":2046,\"height\":1365},{\"@type\":\"BreadcrumbList\",\"@id\":\"https:\/\/uvbbrasil.com.br\/a-importancia-da-advocacia-publica-na-relacao-com-o-legislativo-municipal\/#breadcrumb\",\"itemListElement\":[{\"@type\":\"ListItem\",\"position\":1,\"name\":\"In\u00edcio\",\"item\":\"https:\/\/uvbbrasil.com.br\/\"},{\"@type\":\"ListItem\",\"position\":2,\"name\":\"A import\u00e2ncia da advocacia p\u00fablica na rela\u00e7\u00e3o com o Legislativo Municipal\"}]},{\"@type\":\"WebSite\",\"@id\":\"https:\/\/uvbbrasil.com.br\/#website\",\"url\":\"https:\/\/uvbbrasil.com.br\/\",\"name\":\"UVB Brasil\",\"description\":\"Uni\u00e3o dos Vereadores do Brasil\",\"publisher\":{\"@id\":\"https:\/\/uvbbrasil.com.br\/#organization\"},\"potentialAction\":[{\"@type\":\"SearchAction\",\"target\":{\"@type\":\"EntryPoint\",\"urlTemplate\":\"https:\/\/uvbbrasil.com.br\/?s={search_term_string}\"},\"query-input\":{\"@type\":\"PropertyValueSpecification\",\"valueRequired\":true,\"valueName\":\"search_term_string\"}}],\"inLanguage\":\"pt-BR\"},{\"@type\":\"Organization\",\"@id\":\"https:\/\/uvbbrasil.com.br\/#organization\",\"name\":\"UVB Brasil\",\"url\":\"https:\/\/uvbbrasil.com.br\/\",\"logo\":{\"@type\":\"ImageObject\",\"inLanguage\":\"pt-BR\",\"@id\":\"https:\/\/uvbbrasil.com.br\/#\/schema\/logo\/image\/\",\"url\":\"https:\/\/uvbbrasil.com.br\/wp-content\/uploads\/2025\/01\/LOGO-UVB-2024-azul-1.jpg\",\"contentUrl\":\"https:\/\/uvbbrasil.com.br\/wp-content\/uploads\/2025\/01\/LOGO-UVB-2024-azul-1.jpg\",\"width\":600,\"height\":211,\"caption\":\"UVB Brasil\"},\"image\":{\"@id\":\"https:\/\/uvbbrasil.com.br\/#\/schema\/logo\/image\/\"},\"sameAs\":[\"https:\/\/www.facebook.com\/uvb.vereadoresbrasil\",\"https:\/\/www.instagram.com\/uvbbrasil\/\",\"https:\/\/www.youtube.com\/channel\/UCIlPQ8Xzw5GHNzosQIg9S5A\"]},{\"@type\":\"Person\",\"@id\":\"https:\/\/uvbbrasil.com.br\/#\/schema\/person\/17990098446c098f52effddff4f1b272\",\"name\":\"adminuvb\",\"image\":{\"@type\":\"ImageObject\",\"inLanguage\":\"pt-BR\",\"@id\":\"https:\/\/uvbbrasil.com.br\/#\/schema\/person\/image\/\",\"url\":\"https:\/\/secure.gravatar.com\/avatar\/1a494ea6f8e2dd1ae526e55b0e9497efdba542491e0620d704cccf63c6f77c45?s=96&d=mm&r=g\",\"contentUrl\":\"https:\/\/secure.gravatar.com\/avatar\/1a494ea6f8e2dd1ae526e55b0e9497efdba542491e0620d704cccf63c6f77c45?s=96&d=mm&r=g\",\"caption\":\"adminuvb\"},\"sameAs\":[\"https:\/\/uvbbrasil.com.br\"],\"url\":\"https:\/\/uvbbrasil.com.br\/author\/adminuvb\/\"}]}<\/script>\n<!-- \/ Yoast SEO plugin. -->","yoast_head_json":{"title":"A import\u00e2ncia da advocacia p\u00fablica na rela\u00e7\u00e3o com o Legislativo Municipal - UVB Brasil","robots":{"index":"index","follow":"follow","max-snippet":"max-snippet:-1","max-image-preview":"max-image-preview:large","max-video-preview":"max-video-preview:-1"},"canonical":"https:\/\/uvbbrasil.com.br\/a-importancia-da-advocacia-publica-na-relacao-com-o-legislativo-municipal\/","og_locale":"pt_BR","og_type":"article","og_title":"A import\u00e2ncia da advocacia p\u00fablica na rela\u00e7\u00e3o com o Legislativo Municipal - UVB Brasil","og_description":"Dando sequ\u00eancia \u00e0 programa\u00e7\u00e3o da 25\u00aa Marcha dos Gestores e Legislativos Municipais, \u00e0s 16h foi realizada a palestra \u201cA advocacia...","og_url":"https:\/\/uvbbrasil.com.br\/a-importancia-da-advocacia-publica-na-relacao-com-o-legislativo-municipal\/","og_site_name":"UVB Brasil","article_publisher":"https:\/\/www.facebook.com\/uvb.vereadoresbrasil","article_published_time":"2026-04-27T19:58:53+00:00","og_image":[{"width":2046,"height":1365,"url":"https:\/\/uvbbrasil.com.br\/wp-content\/uploads\/2026\/04\/DSC04949.jpg","type":"image\/jpeg"}],"author":"adminuvb","twitter_card":"summary_large_image","twitter_misc":{"Escrito por":"adminuvb","Est. tempo de leitura":"2 minutos"},"schema":{"@context":"https:\/\/schema.org","@graph":[{"@type":"Article","@id":"https:\/\/uvbbrasil.com.br\/a-importancia-da-advocacia-publica-na-relacao-com-o-legislativo-municipal\/#article","isPartOf":{"@id":"https:\/\/uvbbrasil.com.br\/a-importancia-da-advocacia-publica-na-relacao-com-o-legislativo-municipal\/"},"author":{"name":"adminuvb","@id":"https:\/\/uvbbrasil.com.br\/#\/schema\/person\/17990098446c098f52effddff4f1b272"},"headline":"A import\u00e2ncia da advocacia p\u00fablica na rela\u00e7\u00e3o com o Legislativo Municipal","datePublished":"2026-04-27T19:58:53+00:00","mainEntityOfPage":{"@id":"https:\/\/uvbbrasil.com.br\/a-importancia-da-advocacia-publica-na-relacao-com-o-legislativo-municipal\/"},"wordCount":255,"commentCount":0,"publisher":{"@id":"https:\/\/uvbbrasil.com.br\/#organization"},"image":{"@id":"https:\/\/uvbbrasil.com.br\/a-importancia-da-advocacia-publica-na-relacao-com-o-legislativo-municipal\/#primaryimage"},"thumbnailUrl":"https:\/\/uvbbrasil.com.br\/wp-content\/uploads\/2026\/04\/DSC04949.jpg","articleSection":["MARCHA DOS VEREADORES","NOT\u00cdCIAS"],"inLanguage":"pt-BR","potentialAction":[{"@type":"CommentAction","name":"Comment","target":["https:\/\/uvbbrasil.com.br\/a-importancia-da-advocacia-publica-na-relacao-com-o-legislativo-municipal\/#respond"]}]},{"@type":"WebPage","@id":"https:\/\/uvbbrasil.com.br\/a-importancia-da-advocacia-publica-na-relacao-com-o-legislativo-municipal\/","url":"https:\/\/uvbbrasil.com.br\/a-importancia-da-advocacia-publica-na-relacao-com-o-legislativo-municipal\/","name":"A import\u00e2ncia da advocacia p\u00fablica na rela\u00e7\u00e3o com o Legislativo Municipal - UVB Brasil","isPartOf":{"@id":"https:\/\/uvbbrasil.com.br\/#website"},"primaryImageOfPage":{"@id":"https:\/\/uvbbrasil.com.br\/a-importancia-da-advocacia-publica-na-relacao-com-o-legislativo-municipal\/#primaryimage"},"image":{"@id":"https:\/\/uvbbrasil.com.br\/a-importancia-da-advocacia-publica-na-relacao-com-o-legislativo-municipal\/#primaryimage"},"thumbnailUrl":"https:\/\/uvbbrasil.com.br\/wp-content\/uploads\/2026\/04\/DSC04949.jpg","datePublished":"2026-04-27T19:58:53+00:00","breadcrumb":{"@id":"https:\/\/uvbbrasil.com.br\/a-importancia-da-advocacia-publica-na-relacao-com-o-legislativo-municipal\/#breadcrumb"},"inLanguage":"pt-BR","potentialAction":[{"@type":"ReadAction","target":["https:\/\/uvbbrasil.com.br\/a-importancia-da-advocacia-publica-na-relacao-com-o-legislativo-municipal\/"]}]},{"@type":"ImageObject","inLanguage":"pt-BR","@id":"https:\/\/uvbbrasil.com.br\/a-importancia-da-advocacia-publica-na-relacao-com-o-legislativo-municipal\/#primaryimage","url":"https:\/\/uvbbrasil.com.br\/wp-content\/uploads\/2026\/04\/DSC04949.jpg","contentUrl":"https:\/\/uvbbrasil.com.br\/wp-content\/uploads\/2026\/04\/DSC04949.jpg","width":2046,"height":1365},{"@type":"BreadcrumbList","@id":"https:\/\/uvbbrasil.com.br\/a-importancia-da-advocacia-publica-na-relacao-com-o-legislativo-municipal\/#breadcrumb","itemListElement":[{"@type":"ListItem","position":1,"name":"In\u00edcio","item":"https:\/\/uvbbrasil.com.br\/"},{"@type":"ListItem","position":2,"name":"A import\u00e2ncia da advocacia p\u00fablica na rela\u00e7\u00e3o com o Legislativo Municipal"}]},{"@type":"WebSite","@id":"https:\/\/uvbbrasil.com.br\/#website","url":"https:\/\/uvbbrasil.com.br\/","name":"UVB Brasil","description":"Uni\u00e3o dos Vereadores do Brasil","publisher":{"@id":"https:\/\/uvbbrasil.com.br\/#organization"},"potentialAction":[{"@type":"SearchAction","target":{"@type":"EntryPoint","urlTemplate":"https:\/\/uvbbrasil.com.br\/?s={search_term_string}"},"query-input":{"@type":"PropertyValueSpecification","valueRequired":true,"valueName":"search_term_string"}}],"inLanguage":"pt-BR"},{"@type":"Organization","@id":"https:\/\/uvbbrasil.com.br\/#organization","name":"UVB Brasil","url":"https:\/\/uvbbrasil.com.br\/","logo":{"@type":"ImageObject","inLanguage":"pt-BR","@id":"https:\/\/uvbbrasil.com.br\/#\/schema\/logo\/image\/","url":"https:\/\/uvbbrasil.com.br\/wp-content\/uploads\/2025\/01\/LOGO-UVB-2024-azul-1.jpg","contentUrl":"https:\/\/uvbbrasil.com.br\/wp-content\/uploads\/2025\/01\/LOGO-UVB-2024-azul-1.jpg","width":600,"height":211,"caption":"UVB Brasil"},"image":{"@id":"https:\/\/uvbbrasil.com.br\/#\/schema\/logo\/image\/"},"sameAs":["https:\/\/www.facebook.com\/uvb.vereadoresbrasil","https:\/\/www.instagram.com\/uvbbrasil\/","https:\/\/www.youtube.com\/channel\/UCIlPQ8Xzw5GHNzosQIg9S5A"]},{"@type":"Person","@id":"https:\/\/uvbbrasil.com.br\/#\/schema\/person\/17990098446c098f52effddff4f1b272","name":"adminuvb","image":{"@type":"ImageObject","inLanguage":"pt-BR","@id":"https:\/\/uvbbrasil.com.br\/#\/schema\/person\/image\/","url":"https:\/\/secure.gravatar.com\/avatar\/1a494ea6f8e2dd1ae526e55b0e9497efdba542491e0620d704cccf63c6f77c45?s=96&d=mm&r=g","contentUrl":"https:\/\/secure.gravatar.com\/avatar\/1a494ea6f8e2dd1ae526e55b0e9497efdba542491e0620d704cccf63c6f77c45?s=96&d=mm&r=g","caption":"adminuvb"},"sameAs":["https:\/\/uvbbrasil.com.br"],"url":"https:\/\/uvbbrasil.com.br\/author\/adminuvb\/"}]}},"_links":{"self":[{"href":"https:\/\/uvbbrasil.com.br\/uvb-json\/wp\/v2\/posts\/39950","targetHints":{"allow":["GET"]}}],"collection":[{"href":"https:\/\/uvbbrasil.com.br\/uvb-json\/wp\/v2\/posts"}],"about":[{"href":"https:\/\/uvbbrasil.com.br\/uvb-json\/wp\/v2\/types\/post"}],"author":[{"embeddable":true,"href":"https:\/\/uvbbrasil.com.br\/uvb-json\/wp\/v2\/users\/1"}],"replies":[{"embeddable":true,"href":"https:\/\/uvbbrasil.com.br\/uvb-json\/wp\/v2\/comments?post=39950"}],"version-history":[{"count":1,"href":"https:\/\/uvbbrasil.com.br\/uvb-json\/wp\/v2\/posts\/39950\/revisions"}],"predecessor-version":[{"id":39952,"href":"https:\/\/uvbbrasil.com.br\/uvb-json\/wp\/v2\/posts\/39950\/revisions\/39952"}],"wp:featuredmedia":[{"embeddable":true,"href":"https:\/\/uvbbrasil.com.br\/uvb-json\/wp\/v2\/media\/39951"}],"wp:attachment":[{"href":"https:\/\/uvbbrasil.com.br\/uvb-json\/wp\/v2\/media?parent=39950"}],"wp:term":[{"taxonomy":"category","embeddable":true,"href":"https:\/\/uvbbrasil.com.br\/uvb-json\/wp\/v2\/categories?post=39950"},{"taxonomy":"post_tag","embeddable":true,"href":"https:\/\/uvbbrasil.com.br\/uvb-json\/wp\/v2\/tags?post=39950"}],"curies":[{"name":"wp","href":"https:\/\/api.w.org\/{rel}","templated":true}]}}