{"id":39946,"date":"2026-04-27T16:21:07","date_gmt":"2026-04-27T19:21:07","guid":{"rendered":"https:\/\/uvbbrasil.com.br\/?p=39946"},"modified":"2026-04-27T16:21:07","modified_gmt":"2026-04-27T19:21:07","slug":"ministro-augusto-nardes-aborda-os-desafios-da-governanca-publica-no-brasil-durante-a-25a-marcha","status":"publish","type":"post","link":"https:\/\/uvbbrasil.com.br\/ministro-augusto-nardes-aborda-os-desafios-da-governanca-publica-no-brasil-durante-a-25a-marcha\/","title":{"rendered":"Ministro Augusto Nardes aborda os desafios da governan\u00e7a p\u00fablica no Brasil durante a 25\u00aa Marcha"},"content":{"rendered":"<p data-start=\"86\" data-end=\"516\">Dando continuidade \u00e0 programa\u00e7\u00e3o da 25\u00aa Marcha dos Gestores e Legislativos Municipais, \u00e0s 15h30 foi realizada a palestra \u201cGovernan\u00e7a P\u00fablica \u2013 O Desafio do Brasil\u201d, ministrada pelo ministro <span class=\"hover:entity-accent entity-underline inline cursor-pointer align-baseline\"><span class=\"whitespace-normal\">Augusto Nardes<\/span><\/span>. A apresenta\u00e7\u00e3o trouxe uma an\u00e1lise consistente sobre os caminhos necess\u00e1rios para o aprimoramento da gest\u00e3o p\u00fablica no pa\u00eds, com foco em efici\u00eancia, responsabilidade e entrega de resultados \u00e0 sociedade.<\/p>\n<p data-start=\"518\" data-end=\"930\">Durante sua exposi\u00e7\u00e3o, <span class=\"hover:entity-accent entity-underline inline cursor-pointer align-baseline\"><span class=\"whitespace-normal\">Augusto Nardes<\/span><\/span> destacou a import\u00e2ncia da governan\u00e7a como eixo estruturante para a administra\u00e7\u00e3o p\u00fablica, enfatizando a necessidade de planejamento, coordena\u00e7\u00e3o institucional e tomada de decis\u00f5es orientadas por dados. A palestra evidenciou como pr\u00e1ticas bem definidas de governan\u00e7a contribuem para maior transpar\u00eancia e efetividade na aplica\u00e7\u00e3o dos recursos p\u00fablicos.<\/p>\n<p data-start=\"932\" data-end=\"1328\">Ao longo da apresenta\u00e7\u00e3o, <span class=\"hover:entity-accent entity-underline inline cursor-pointer align-baseline\"><span class=\"whitespace-normal\">Augusto Nardes<\/span><\/span> abordou aspectos relacionados \u00e0 fiscaliza\u00e7\u00e3o, controle e moderniza\u00e7\u00e3o das estruturas administrativas, ressaltando o papel dos \u00f3rg\u00e3os de controle na orienta\u00e7\u00e3o dos gestores p\u00fablicos. Tamb\u00e9m foram discutidos desafios hist\u00f3ricos enfrentados pelo pa\u00eds e a necessidade de uma atua\u00e7\u00e3o integrada entre os entes federativos para super\u00e1-los.<\/p>\n<p data-start=\"1330\" data-end=\"1616\" data-is-last-node=\"\" data-is-only-node=\"\">A participa\u00e7\u00e3o de <span class=\"hover:entity-accent entity-underline inline cursor-pointer align-baseline\"><span class=\"whitespace-normal\">Augusto Nardes<\/span><\/span> refor\u00e7a o car\u00e1ter t\u00e9cnico e estrat\u00e9gico da programa\u00e7\u00e3o da 25\u00aa Marcha, contribuindo para o fortalecimento institucional e para a dissemina\u00e7\u00e3o de boas pr\u00e1ticas de governan\u00e7a p\u00fablica entre os legislativos municipais de todo o Brasil.<\/p>\n","protected":false},"excerpt":{"rendered":"<p>Dando continuidade \u00e0 programa\u00e7\u00e3o da 25\u00aa Marcha dos Gestores e Legislativos Municipais, \u00e0s 15h30 foi realizada a palestra \u201cGovernan\u00e7a P\u00fablica&#8230;<\/p>\n","protected":false},"author":1,"featured_media":39947,"comment_status":"open","ping_status":"open","sticky":false,"template":"","format":"standard","meta":{"footnotes":""},"categories":[7,3],"tags":[],"class_list":["post-39946","post","type-post","status-publish","format-standard","has-post-thumbnail","hentry","category-marcha-vereadores","category-noticias"],"yoast_head":"<!-- This site is optimized with the Yoast SEO plugin v26.7 - https:\/\/yoast.com\/wordpress\/plugins\/seo\/ -->\n<title>Ministro Augusto Nardes aborda os desafios da governan\u00e7a p\u00fablica no Brasil durante a 25\u00aa Marcha - UVB Brasil<\/title>\n<meta name=\"robots\" content=\"index, follow, max-snippet:-1, max-image-preview:large, max-video-preview:-1\" \/>\n<link rel=\"canonical\" href=\"https:\/\/uvbbrasil.com.br\/ministro-augusto-nardes-aborda-os-desafios-da-governanca-publica-no-brasil-durante-a-25a-marcha\/\" \/>\n<meta property=\"og:locale\" content=\"pt_BR\" \/>\n<meta property=\"og:type\" content=\"article\" \/>\n<meta property=\"og:title\" content=\"Ministro Augusto Nardes aborda os desafios da governan\u00e7a p\u00fablica no Brasil durante a 25\u00aa Marcha - UVB Brasil\" \/>\n<meta property=\"og:description\" content=\"Dando continuidade \u00e0 programa\u00e7\u00e3o da 25\u00aa Marcha dos Gestores e Legislativos Municipais, \u00e0s 15h30 foi realizada a palestra \u201cGovernan\u00e7a P\u00fablica...\" \/>\n<meta property=\"og:url\" content=\"https:\/\/uvbbrasil.com.br\/ministro-augusto-nardes-aborda-os-desafios-da-governanca-publica-no-brasil-durante-a-25a-marcha\/\" \/>\n<meta property=\"og:site_name\" content=\"UVB Brasil\" \/>\n<meta property=\"article:publisher\" content=\"https:\/\/www.facebook.com\/uvb.vereadoresbrasil\" \/>\n<meta property=\"article:published_time\" content=\"2026-04-27T19:21:07+00:00\" \/>\n<meta property=\"og:image\" content=\"https:\/\/uvbbrasil.com.br\/wp-content\/uploads\/2026\/04\/DSC04905.jpg\" \/>\n\t<meta property=\"og:image:width\" content=\"2046\" \/>\n\t<meta property=\"og:image:height\" content=\"1365\" \/>\n\t<meta property=\"og:image:type\" content=\"image\/jpeg\" \/>\n<meta name=\"author\" content=\"adminuvb\" \/>\n<meta name=\"twitter:card\" content=\"summary_large_image\" \/>\n<meta name=\"twitter:label1\" content=\"Escrito por\" \/>\n\t<meta name=\"twitter:data1\" content=\"adminuvb\" \/>\n\t<meta name=\"twitter:label2\" content=\"Est. tempo de leitura\" \/>\n\t<meta name=\"twitter:data2\" content=\"2 minutos\" \/>\n<script type=\"application\/ld+json\" class=\"yoast-schema-graph\">{\"@context\":\"https:\/\/schema.org\",\"@graph\":[{\"@type\":\"Article\",\"@id\":\"https:\/\/uvbbrasil.com.br\/ministro-augusto-nardes-aborda-os-desafios-da-governanca-publica-no-brasil-durante-a-25a-marcha\/#article\",\"isPartOf\":{\"@id\":\"https:\/\/uvbbrasil.com.br\/ministro-augusto-nardes-aborda-os-desafios-da-governanca-publica-no-brasil-durante-a-25a-marcha\/\"},\"author\":{\"name\":\"adminuvb\",\"@id\":\"https:\/\/uvbbrasil.com.br\/#\/schema\/person\/17990098446c098f52effddff4f1b272\"},\"headline\":\"Ministro Augusto Nardes aborda os desafios da governan\u00e7a p\u00fablica no Brasil durante a 25\u00aa Marcha\",\"datePublished\":\"2026-04-27T19:21:07+00:00\",\"mainEntityOfPage\":{\"@id\":\"https:\/\/uvbbrasil.com.br\/ministro-augusto-nardes-aborda-os-desafios-da-governanca-publica-no-brasil-durante-a-25a-marcha\/\"},\"wordCount\":252,\"commentCount\":0,\"publisher\":{\"@id\":\"https:\/\/uvbbrasil.com.br\/#organization\"},\"image\":{\"@id\":\"https:\/\/uvbbrasil.com.br\/ministro-augusto-nardes-aborda-os-desafios-da-governanca-publica-no-brasil-durante-a-25a-marcha\/#primaryimage\"},\"thumbnailUrl\":\"https:\/\/uvbbrasil.com.br\/wp-content\/uploads\/2026\/04\/DSC04905.jpg\",\"articleSection\":[\"MARCHA DOS VEREADORES\",\"NOT\u00cdCIAS\"],\"inLanguage\":\"pt-BR\",\"potentialAction\":[{\"@type\":\"CommentAction\",\"name\":\"Comment\",\"target\":[\"https:\/\/uvbbrasil.com.br\/ministro-augusto-nardes-aborda-os-desafios-da-governanca-publica-no-brasil-durante-a-25a-marcha\/#respond\"]}]},{\"@type\":\"WebPage\",\"@id\":\"https:\/\/uvbbrasil.com.br\/ministro-augusto-nardes-aborda-os-desafios-da-governanca-publica-no-brasil-durante-a-25a-marcha\/\",\"url\":\"https:\/\/uvbbrasil.com.br\/ministro-augusto-nardes-aborda-os-desafios-da-governanca-publica-no-brasil-durante-a-25a-marcha\/\",\"name\":\"Ministro Augusto Nardes aborda os desafios da governan\u00e7a p\u00fablica no Brasil durante a 25\u00aa Marcha - UVB Brasil\",\"isPartOf\":{\"@id\":\"https:\/\/uvbbrasil.com.br\/#website\"},\"primaryImageOfPage\":{\"@id\":\"https:\/\/uvbbrasil.com.br\/ministro-augusto-nardes-aborda-os-desafios-da-governanca-publica-no-brasil-durante-a-25a-marcha\/#primaryimage\"},\"image\":{\"@id\":\"https:\/\/uvbbrasil.com.br\/ministro-augusto-nardes-aborda-os-desafios-da-governanca-publica-no-brasil-durante-a-25a-marcha\/#primaryimage\"},\"thumbnailUrl\":\"https:\/\/uvbbrasil.com.br\/wp-content\/uploads\/2026\/04\/DSC04905.jpg\",\"datePublished\":\"2026-04-27T19:21:07+00:00\",\"breadcrumb\":{\"@id\":\"https:\/\/uvbbrasil.com.br\/ministro-augusto-nardes-aborda-os-desafios-da-governanca-publica-no-brasil-durante-a-25a-marcha\/#breadcrumb\"},\"inLanguage\":\"pt-BR\",\"potentialAction\":[{\"@type\":\"ReadAction\",\"target\":[\"https:\/\/uvbbrasil.com.br\/ministro-augusto-nardes-aborda-os-desafios-da-governanca-publica-no-brasil-durante-a-25a-marcha\/\"]}]},{\"@type\":\"ImageObject\",\"inLanguage\":\"pt-BR\",\"@id\":\"https:\/\/uvbbrasil.com.br\/ministro-augusto-nardes-aborda-os-desafios-da-governanca-publica-no-brasil-durante-a-25a-marcha\/#primaryimage\",\"url\":\"https:\/\/uvbbrasil.com.br\/wp-content\/uploads\/2026\/04\/DSC04905.jpg\",\"contentUrl\":\"https:\/\/uvbbrasil.com.br\/wp-content\/uploads\/2026\/04\/DSC04905.jpg\",\"width\":2046,\"height\":1365},{\"@type\":\"BreadcrumbList\",\"@id\":\"https:\/\/uvbbrasil.com.br\/ministro-augusto-nardes-aborda-os-desafios-da-governanca-publica-no-brasil-durante-a-25a-marcha\/#breadcrumb\",\"itemListElement\":[{\"@type\":\"ListItem\",\"position\":1,\"name\":\"In\u00edcio\",\"item\":\"https:\/\/uvbbrasil.com.br\/\"},{\"@type\":\"ListItem\",\"position\":2,\"name\":\"Ministro Augusto Nardes aborda os desafios da governan\u00e7a p\u00fablica no Brasil durante a 25\u00aa Marcha\"}]},{\"@type\":\"WebSite\",\"@id\":\"https:\/\/uvbbrasil.com.br\/#website\",\"url\":\"https:\/\/uvbbrasil.com.br\/\",\"name\":\"UVB Brasil\",\"description\":\"Uni\u00e3o dos Vereadores do Brasil\",\"publisher\":{\"@id\":\"https:\/\/uvbbrasil.com.br\/#organization\"},\"potentialAction\":[{\"@type\":\"SearchAction\",\"target\":{\"@type\":\"EntryPoint\",\"urlTemplate\":\"https:\/\/uvbbrasil.com.br\/?s={search_term_string}\"},\"query-input\":{\"@type\":\"PropertyValueSpecification\",\"valueRequired\":true,\"valueName\":\"search_term_string\"}}],\"inLanguage\":\"pt-BR\"},{\"@type\":\"Organization\",\"@id\":\"https:\/\/uvbbrasil.com.br\/#organization\",\"name\":\"UVB Brasil\",\"url\":\"https:\/\/uvbbrasil.com.br\/\",\"logo\":{\"@type\":\"ImageObject\",\"inLanguage\":\"pt-BR\",\"@id\":\"https:\/\/uvbbrasil.com.br\/#\/schema\/logo\/image\/\",\"url\":\"https:\/\/uvbbrasil.com.br\/wp-content\/uploads\/2025\/01\/LOGO-UVB-2024-azul-1.jpg\",\"contentUrl\":\"https:\/\/uvbbrasil.com.br\/wp-content\/uploads\/2025\/01\/LOGO-UVB-2024-azul-1.jpg\",\"width\":600,\"height\":211,\"caption\":\"UVB Brasil\"},\"image\":{\"@id\":\"https:\/\/uvbbrasil.com.br\/#\/schema\/logo\/image\/\"},\"sameAs\":[\"https:\/\/www.facebook.com\/uvb.vereadoresbrasil\",\"https:\/\/www.instagram.com\/uvbbrasil\/\",\"https:\/\/www.youtube.com\/channel\/UCIlPQ8Xzw5GHNzosQIg9S5A\"]},{\"@type\":\"Person\",\"@id\":\"https:\/\/uvbbrasil.com.br\/#\/schema\/person\/17990098446c098f52effddff4f1b272\",\"name\":\"adminuvb\",\"image\":{\"@type\":\"ImageObject\",\"inLanguage\":\"pt-BR\",\"@id\":\"https:\/\/uvbbrasil.com.br\/#\/schema\/person\/image\/\",\"url\":\"https:\/\/secure.gravatar.com\/avatar\/1a494ea6f8e2dd1ae526e55b0e9497efdba542491e0620d704cccf63c6f77c45?s=96&d=mm&r=g\",\"contentUrl\":\"https:\/\/secure.gravatar.com\/avatar\/1a494ea6f8e2dd1ae526e55b0e9497efdba542491e0620d704cccf63c6f77c45?s=96&d=mm&r=g\",\"caption\":\"adminuvb\"},\"sameAs\":[\"https:\/\/uvbbrasil.com.br\"],\"url\":\"https:\/\/uvbbrasil.com.br\/author\/adminuvb\/\"}]}<\/script>\n<!-- \/ Yoast SEO plugin. -->","yoast_head_json":{"title":"Ministro Augusto Nardes aborda os desafios da governan\u00e7a p\u00fablica no Brasil durante a 25\u00aa Marcha - UVB Brasil","robots":{"index":"index","follow":"follow","max-snippet":"max-snippet:-1","max-image-preview":"max-image-preview:large","max-video-preview":"max-video-preview:-1"},"canonical":"https:\/\/uvbbrasil.com.br\/ministro-augusto-nardes-aborda-os-desafios-da-governanca-publica-no-brasil-durante-a-25a-marcha\/","og_locale":"pt_BR","og_type":"article","og_title":"Ministro Augusto Nardes aborda os desafios da governan\u00e7a p\u00fablica no Brasil durante a 25\u00aa Marcha - UVB Brasil","og_description":"Dando continuidade \u00e0 programa\u00e7\u00e3o da 25\u00aa Marcha dos Gestores e Legislativos Municipais, \u00e0s 15h30 foi realizada a palestra \u201cGovernan\u00e7a P\u00fablica...","og_url":"https:\/\/uvbbrasil.com.br\/ministro-augusto-nardes-aborda-os-desafios-da-governanca-publica-no-brasil-durante-a-25a-marcha\/","og_site_name":"UVB Brasil","article_publisher":"https:\/\/www.facebook.com\/uvb.vereadoresbrasil","article_published_time":"2026-04-27T19:21:07+00:00","og_image":[{"width":2046,"height":1365,"url":"https:\/\/uvbbrasil.com.br\/wp-content\/uploads\/2026\/04\/DSC04905.jpg","type":"image\/jpeg"}],"author":"adminuvb","twitter_card":"summary_large_image","twitter_misc":{"Escrito por":"adminuvb","Est. tempo de leitura":"2 minutos"},"schema":{"@context":"https:\/\/schema.org","@graph":[{"@type":"Article","@id":"https:\/\/uvbbrasil.com.br\/ministro-augusto-nardes-aborda-os-desafios-da-governanca-publica-no-brasil-durante-a-25a-marcha\/#article","isPartOf":{"@id":"https:\/\/uvbbrasil.com.br\/ministro-augusto-nardes-aborda-os-desafios-da-governanca-publica-no-brasil-durante-a-25a-marcha\/"},"author":{"name":"adminuvb","@id":"https:\/\/uvbbrasil.com.br\/#\/schema\/person\/17990098446c098f52effddff4f1b272"},"headline":"Ministro Augusto Nardes aborda os desafios da governan\u00e7a p\u00fablica no Brasil durante a 25\u00aa Marcha","datePublished":"2026-04-27T19:21:07+00:00","mainEntityOfPage":{"@id":"https:\/\/uvbbrasil.com.br\/ministro-augusto-nardes-aborda-os-desafios-da-governanca-publica-no-brasil-durante-a-25a-marcha\/"},"wordCount":252,"commentCount":0,"publisher":{"@id":"https:\/\/uvbbrasil.com.br\/#organization"},"image":{"@id":"https:\/\/uvbbrasil.com.br\/ministro-augusto-nardes-aborda-os-desafios-da-governanca-publica-no-brasil-durante-a-25a-marcha\/#primaryimage"},"thumbnailUrl":"https:\/\/uvbbrasil.com.br\/wp-content\/uploads\/2026\/04\/DSC04905.jpg","articleSection":["MARCHA DOS VEREADORES","NOT\u00cdCIAS"],"inLanguage":"pt-BR","potentialAction":[{"@type":"CommentAction","name":"Comment","target":["https:\/\/uvbbrasil.com.br\/ministro-augusto-nardes-aborda-os-desafios-da-governanca-publica-no-brasil-durante-a-25a-marcha\/#respond"]}]},{"@type":"WebPage","@id":"https:\/\/uvbbrasil.com.br\/ministro-augusto-nardes-aborda-os-desafios-da-governanca-publica-no-brasil-durante-a-25a-marcha\/","url":"https:\/\/uvbbrasil.com.br\/ministro-augusto-nardes-aborda-os-desafios-da-governanca-publica-no-brasil-durante-a-25a-marcha\/","name":"Ministro Augusto Nardes aborda os desafios da governan\u00e7a p\u00fablica no Brasil durante a 25\u00aa Marcha - UVB Brasil","isPartOf":{"@id":"https:\/\/uvbbrasil.com.br\/#website"},"primaryImageOfPage":{"@id":"https:\/\/uvbbrasil.com.br\/ministro-augusto-nardes-aborda-os-desafios-da-governanca-publica-no-brasil-durante-a-25a-marcha\/#primaryimage"},"image":{"@id":"https:\/\/uvbbrasil.com.br\/ministro-augusto-nardes-aborda-os-desafios-da-governanca-publica-no-brasil-durante-a-25a-marcha\/#primaryimage"},"thumbnailUrl":"https:\/\/uvbbrasil.com.br\/wp-content\/uploads\/2026\/04\/DSC04905.jpg","datePublished":"2026-04-27T19:21:07+00:00","breadcrumb":{"@id":"https:\/\/uvbbrasil.com.br\/ministro-augusto-nardes-aborda-os-desafios-da-governanca-publica-no-brasil-durante-a-25a-marcha\/#breadcrumb"},"inLanguage":"pt-BR","potentialAction":[{"@type":"ReadAction","target":["https:\/\/uvbbrasil.com.br\/ministro-augusto-nardes-aborda-os-desafios-da-governanca-publica-no-brasil-durante-a-25a-marcha\/"]}]},{"@type":"ImageObject","inLanguage":"pt-BR","@id":"https:\/\/uvbbrasil.com.br\/ministro-augusto-nardes-aborda-os-desafios-da-governanca-publica-no-brasil-durante-a-25a-marcha\/#primaryimage","url":"https:\/\/uvbbrasil.com.br\/wp-content\/uploads\/2026\/04\/DSC04905.jpg","contentUrl":"https:\/\/uvbbrasil.com.br\/wp-content\/uploads\/2026\/04\/DSC04905.jpg","width":2046,"height":1365},{"@type":"BreadcrumbList","@id":"https:\/\/uvbbrasil.com.br\/ministro-augusto-nardes-aborda-os-desafios-da-governanca-publica-no-brasil-durante-a-25a-marcha\/#breadcrumb","itemListElement":[{"@type":"ListItem","position":1,"name":"In\u00edcio","item":"https:\/\/uvbbrasil.com.br\/"},{"@type":"ListItem","position":2,"name":"Ministro Augusto Nardes aborda os desafios da governan\u00e7a p\u00fablica no Brasil durante a 25\u00aa Marcha"}]},{"@type":"WebSite","@id":"https:\/\/uvbbrasil.com.br\/#website","url":"https:\/\/uvbbrasil.com.br\/","name":"UVB Brasil","description":"Uni\u00e3o dos Vereadores do Brasil","publisher":{"@id":"https:\/\/uvbbrasil.com.br\/#organization"},"potentialAction":[{"@type":"SearchAction","target":{"@type":"EntryPoint","urlTemplate":"https:\/\/uvbbrasil.com.br\/?s={search_term_string}"},"query-input":{"@type":"PropertyValueSpecification","valueRequired":true,"valueName":"search_term_string"}}],"inLanguage":"pt-BR"},{"@type":"Organization","@id":"https:\/\/uvbbrasil.com.br\/#organization","name":"UVB Brasil","url":"https:\/\/uvbbrasil.com.br\/","logo":{"@type":"ImageObject","inLanguage":"pt-BR","@id":"https:\/\/uvbbrasil.com.br\/#\/schema\/logo\/image\/","url":"https:\/\/uvbbrasil.com.br\/wp-content\/uploads\/2025\/01\/LOGO-UVB-2024-azul-1.jpg","contentUrl":"https:\/\/uvbbrasil.com.br\/wp-content\/uploads\/2025\/01\/LOGO-UVB-2024-azul-1.jpg","width":600,"height":211,"caption":"UVB Brasil"},"image":{"@id":"https:\/\/uvbbrasil.com.br\/#\/schema\/logo\/image\/"},"sameAs":["https:\/\/www.facebook.com\/uvb.vereadoresbrasil","https:\/\/www.instagram.com\/uvbbrasil\/","https:\/\/www.youtube.com\/channel\/UCIlPQ8Xzw5GHNzosQIg9S5A"]},{"@type":"Person","@id":"https:\/\/uvbbrasil.com.br\/#\/schema\/person\/17990098446c098f52effddff4f1b272","name":"adminuvb","image":{"@type":"ImageObject","inLanguage":"pt-BR","@id":"https:\/\/uvbbrasil.com.br\/#\/schema\/person\/image\/","url":"https:\/\/secure.gravatar.com\/avatar\/1a494ea6f8e2dd1ae526e55b0e9497efdba542491e0620d704cccf63c6f77c45?s=96&d=mm&r=g","contentUrl":"https:\/\/secure.gravatar.com\/avatar\/1a494ea6f8e2dd1ae526e55b0e9497efdba542491e0620d704cccf63c6f77c45?s=96&d=mm&r=g","caption":"adminuvb"},"sameAs":["https:\/\/uvbbrasil.com.br"],"url":"https:\/\/uvbbrasil.com.br\/author\/adminuvb\/"}]}},"_links":{"self":[{"href":"https:\/\/uvbbrasil.com.br\/uvb-json\/wp\/v2\/posts\/39946","targetHints":{"allow":["GET"]}}],"collection":[{"href":"https:\/\/uvbbrasil.com.br\/uvb-json\/wp\/v2\/posts"}],"about":[{"href":"https:\/\/uvbbrasil.com.br\/uvb-json\/wp\/v2\/types\/post"}],"author":[{"embeddable":true,"href":"https:\/\/uvbbrasil.com.br\/uvb-json\/wp\/v2\/users\/1"}],"replies":[{"embeddable":true,"href":"https:\/\/uvbbrasil.com.br\/uvb-json\/wp\/v2\/comments?post=39946"}],"version-history":[{"count":1,"href":"https:\/\/uvbbrasil.com.br\/uvb-json\/wp\/v2\/posts\/39946\/revisions"}],"predecessor-version":[{"id":39948,"href":"https:\/\/uvbbrasil.com.br\/uvb-json\/wp\/v2\/posts\/39946\/revisions\/39948"}],"wp:featuredmedia":[{"embeddable":true,"href":"https:\/\/uvbbrasil.com.br\/uvb-json\/wp\/v2\/media\/39947"}],"wp:attachment":[{"href":"https:\/\/uvbbrasil.com.br\/uvb-json\/wp\/v2\/media?parent=39946"}],"wp:term":[{"taxonomy":"category","embeddable":true,"href":"https:\/\/uvbbrasil.com.br\/uvb-json\/wp\/v2\/categories?post=39946"},{"taxonomy":"post_tag","embeddable":true,"href":"https:\/\/uvbbrasil.com.br\/uvb-json\/wp\/v2\/tags?post=39946"}],"curies":[{"name":"wp","href":"https:\/\/api.w.org\/{rel}","templated":true}]}}