{"id":39936,"date":"2026-04-27T14:46:39","date_gmt":"2026-04-27T17:46:39","guid":{"rendered":"https:\/\/uvbbrasil.com.br\/?p=39936"},"modified":"2026-04-27T14:46:39","modified_gmt":"2026-04-27T17:46:39","slug":"primeira-palestra-da-25a-marcha-aborda-fortalecimento-do-parlamento-municipal-e-enfrentamento-ao-racismo-institucional","status":"publish","type":"post","link":"https:\/\/uvbbrasil.com.br\/primeira-palestra-da-25a-marcha-aborda-fortalecimento-do-parlamento-municipal-e-enfrentamento-ao-racismo-institucional\/","title":{"rendered":"Primeira palestra da 25\u00aa Marcha aborda fortalecimento do parlamento municipal e enfrentamento ao racismo institucional"},"content":{"rendered":"<section class=\"text-token-text-primary w-full focus:outline-none [--shadow-height:45px] has-data-writing-block:pointer-events-none has-data-writing-block:-mt-(--shadow-height) has-data-writing-block:pt-(--shadow-height) [&amp;:has([data-writing-block])&gt;*]:pointer-events-auto [content-visibility:auto] supports-[content-visibility:auto]:[contain-intrinsic-size:auto_100lvh] R6Vx5W_threadScrollVars scroll-mb-[calc(var(--scroll-root-safe-area-inset-bottom,0px)+var(--thread-response-height))] scroll-mt-[calc(var(--header-height)+min(200px,max(70px,20svh)))]\" dir=\"auto\" data-turn-id=\"request-WEB:76661524-8c34-4e2d-98a6-4de24482c763-4\" data-testid=\"conversation-turn-10\" data-scroll-anchor=\"false\" data-turn=\"assistant\">\n<div class=\"text-base my-auto mx-auto pb-10 [--thread-content-margin:var(--thread-content-margin-xs,calc(var(--spacing)*4))] @w-sm\/main:[--thread-content-margin:var(--thread-content-margin-sm,calc(var(--spacing)*6))] @w-lg\/main:[--thread-content-margin:var(--thread-content-margin-lg,calc(var(--spacing)*16))] px-(--thread-content-margin)\">\n<div class=\"[--thread-content-max-width:40rem] @w-lg\/main:[--thread-content-max-width:48rem] mx-auto max-w-(--thread-content-max-width) flex-1 group\/turn-messages focus-visible:outline-hidden relative flex w-full min-w-0 flex-col agent-turn\">\n<div class=\"flex max-w-full flex-col gap-4 grow\">\n<div class=\"min-h-8 text-message relative flex w-full flex-col items-end gap-2 text-start break-words whitespace-normal outline-none keyboard-focused:focus-ring [.text-message+&amp;]:mt-1\" dir=\"auto\" tabindex=\"0\" data-message-author-role=\"assistant\" data-message-id=\"2696046f-fc93-4236-90a2-e989ebd723e3\" data-message-model-slug=\"gpt-5-3\" data-turn-start-message=\"true\">\n<div class=\"flex w-full flex-col gap-1 empty:hidden\">\n<div class=\"markdown prose dark:prose-invert w-full wrap-break-word dark markdown-new-styling\">\n<p data-start=\"124\" data-end=\"588\">A programa\u00e7\u00e3o do palco principal da 25\u00aa Marcha dos Gestores e Legislativos Municipais teve in\u00edcio, nesta segunda-feira (27), \u00e0s 14h, com a realiza\u00e7\u00e3o da primeira palestra do evento: \u201cParlamento municipal forte: efici\u00eancia, participa\u00e7\u00e3o e enfrentamento ao racismo institucional\u201d, ministrada pelo vereador <span class=\"hover:entity-accent entity-underline inline cursor-pointer align-baseline\"><span class=\"whitespace-normal\">Lucas Caregnato<\/span><\/span>. A atividade reuniu participantes de diversas regi\u00f5es do pa\u00eds em um debate atual e necess\u00e1rio para o fortalecimento do Legislativo municipal.<\/p>\n<p data-start=\"590\" data-end=\"1016\">Durante sua exposi\u00e7\u00e3o, <span class=\"hover:entity-accent entity-underline inline cursor-pointer align-baseline\"><span class=\"whitespace-normal\">Lucas Caregnato<\/span><\/span> destacou a import\u00e2ncia de pr\u00e1ticas que ampliem a efici\u00eancia parlamentar, aliadas \u00e0 promo\u00e7\u00e3o da participa\u00e7\u00e3o popular e ao fortalecimento da transpar\u00eancia institucional. O enfrentamento ao racismo institucional foi apresentado como um compromisso indispens\u00e1vel dentro das estruturas p\u00fablicas, exigindo posicionamento e a\u00e7\u00f5es concretas por parte dos agentes pol\u00edticos.<\/p>\n<p data-start=\"1018\" data-end=\"1401\">Ao longo da palestra, <span class=\"hover:entity-accent entity-underline inline cursor-pointer align-baseline\"><span class=\"whitespace-normal\">Lucas Caregnato<\/span><\/span> tamb\u00e9m enfatizou a necessidade de uma atua\u00e7\u00e3o legislativa conectada com as demandas reais da popula\u00e7\u00e3o, pautada pela escuta ativa e pelo di\u00e1logo com diferentes segmentos da sociedade. A abordagem contribuiu para reflex\u00f5es pr\u00e1ticas sobre o papel do Parlamento na promo\u00e7\u00e3o de pol\u00edticas p\u00fablicas mais inclusivas e equitativas.<\/p>\n<p data-start=\"1403\" data-end=\"1717\" data-is-last-node=\"\" data-is-only-node=\"\">A realiza\u00e7\u00e3o da primeira palestra com <span class=\"hover:entity-accent entity-underline inline cursor-pointer align-baseline\"><span class=\"whitespace-normal\">Lucas Caregnato<\/span><\/span> marca o in\u00edcio da programa\u00e7\u00e3o t\u00e9cnica da 25\u00aa Marcha, que segue ao longo dos pr\u00f3ximos dias com pain\u00e9is, debates e atividades voltadas \u00e0 qualifica\u00e7\u00e3o dos mandatos e ao fortalecimento institucional dos legislativos municipais em todo o pa\u00eds.<\/p>\n<\/div>\n<\/div>\n<\/div>\n<\/div>\n<div class=\"z-0 flex min-h-[46px] justify-start\"><\/div>\n<div class=\"mt-3 w-full empty:hidden\">\n<div class=\"text-center\"><\/div>\n<\/div>\n<\/div>\n<\/div>\n<\/section>\n<div class=\"pointer-events-none -mt-px h-px translate-y-[calc(var(--scroll-root-safe-area-inset-bottom)-14*var(--spacing))]\" aria-hidden=\"true\"><\/div>\n","protected":false},"excerpt":{"rendered":"<p>A programa\u00e7\u00e3o do palco principal da 25\u00aa Marcha dos Gestores e Legislativos Municipais teve in\u00edcio, nesta segunda-feira (27), \u00e0s 14h,&#8230;<\/p>\n","protected":false},"author":1,"featured_media":39938,"comment_status":"open","ping_status":"open","sticky":false,"template":"","format":"standard","meta":{"footnotes":""},"categories":[7,3],"tags":[],"class_list":["post-39936","post","type-post","status-publish","format-standard","has-post-thumbnail","hentry","category-marcha-vereadores","category-noticias"],"yoast_head":"<!-- This site is optimized with the Yoast SEO plugin v26.7 - https:\/\/yoast.com\/wordpress\/plugins\/seo\/ -->\n<title>Primeira palestra da 25\u00aa Marcha aborda fortalecimento do parlamento municipal e enfrentamento ao racismo institucional - UVB Brasil<\/title>\n<meta name=\"robots\" content=\"index, follow, max-snippet:-1, max-image-preview:large, max-video-preview:-1\" \/>\n<link rel=\"canonical\" href=\"https:\/\/uvbbrasil.com.br\/primeira-palestra-da-25a-marcha-aborda-fortalecimento-do-parlamento-municipal-e-enfrentamento-ao-racismo-institucional\/\" \/>\n<meta property=\"og:locale\" content=\"pt_BR\" \/>\n<meta property=\"og:type\" content=\"article\" \/>\n<meta property=\"og:title\" content=\"Primeira palestra da 25\u00aa Marcha aborda fortalecimento do parlamento municipal e enfrentamento ao racismo institucional - UVB Brasil\" \/>\n<meta property=\"og:description\" content=\"A programa\u00e7\u00e3o do palco principal da 25\u00aa Marcha dos Gestores e Legislativos Municipais teve in\u00edcio, nesta segunda-feira (27), \u00e0s 14h,...\" \/>\n<meta property=\"og:url\" content=\"https:\/\/uvbbrasil.com.br\/primeira-palestra-da-25a-marcha-aborda-fortalecimento-do-parlamento-municipal-e-enfrentamento-ao-racismo-institucional\/\" \/>\n<meta property=\"og:site_name\" content=\"UVB Brasil\" \/>\n<meta property=\"article:publisher\" content=\"https:\/\/www.facebook.com\/uvb.vereadoresbrasil\" \/>\n<meta property=\"article:published_time\" content=\"2026-04-27T17:46:39+00:00\" \/>\n<meta property=\"og:image\" content=\"https:\/\/uvbbrasil.com.br\/wp-content\/uploads\/2026\/04\/DSC04660.jpg\" \/>\n\t<meta property=\"og:image:width\" content=\"2048\" \/>\n\t<meta property=\"og:image:height\" content=\"1365\" \/>\n\t<meta property=\"og:image:type\" content=\"image\/jpeg\" \/>\n<meta name=\"author\" content=\"adminuvb\" \/>\n<meta name=\"twitter:card\" content=\"summary_large_image\" \/>\n<meta name=\"twitter:label1\" content=\"Escrito por\" \/>\n\t<meta name=\"twitter:data1\" content=\"adminuvb\" \/>\n\t<meta name=\"twitter:label2\" content=\"Est. tempo de leitura\" \/>\n\t<meta name=\"twitter:data2\" content=\"2 minutos\" \/>\n<script type=\"application\/ld+json\" class=\"yoast-schema-graph\">{\"@context\":\"https:\/\/schema.org\",\"@graph\":[{\"@type\":\"Article\",\"@id\":\"https:\/\/uvbbrasil.com.br\/primeira-palestra-da-25a-marcha-aborda-fortalecimento-do-parlamento-municipal-e-enfrentamento-ao-racismo-institucional\/#article\",\"isPartOf\":{\"@id\":\"https:\/\/uvbbrasil.com.br\/primeira-palestra-da-25a-marcha-aborda-fortalecimento-do-parlamento-municipal-e-enfrentamento-ao-racismo-institucional\/\"},\"author\":{\"name\":\"adminuvb\",\"@id\":\"https:\/\/uvbbrasil.com.br\/#\/schema\/person\/17990098446c098f52effddff4f1b272\"},\"headline\":\"Primeira palestra da 25\u00aa Marcha aborda fortalecimento do parlamento municipal e enfrentamento ao racismo institucional\",\"datePublished\":\"2026-04-27T17:46:39+00:00\",\"mainEntityOfPage\":{\"@id\":\"https:\/\/uvbbrasil.com.br\/primeira-palestra-da-25a-marcha-aborda-fortalecimento-do-parlamento-municipal-e-enfrentamento-ao-racismo-institucional\/\"},\"wordCount\":259,\"commentCount\":0,\"publisher\":{\"@id\":\"https:\/\/uvbbrasil.com.br\/#organization\"},\"image\":{\"@id\":\"https:\/\/uvbbrasil.com.br\/primeira-palestra-da-25a-marcha-aborda-fortalecimento-do-parlamento-municipal-e-enfrentamento-ao-racismo-institucional\/#primaryimage\"},\"thumbnailUrl\":\"https:\/\/uvbbrasil.com.br\/wp-content\/uploads\/2026\/04\/DSC04660.jpg\",\"articleSection\":[\"MARCHA DOS VEREADORES\",\"NOT\u00cdCIAS\"],\"inLanguage\":\"pt-BR\",\"potentialAction\":[{\"@type\":\"CommentAction\",\"name\":\"Comment\",\"target\":[\"https:\/\/uvbbrasil.com.br\/primeira-palestra-da-25a-marcha-aborda-fortalecimento-do-parlamento-municipal-e-enfrentamento-ao-racismo-institucional\/#respond\"]}]},{\"@type\":\"WebPage\",\"@id\":\"https:\/\/uvbbrasil.com.br\/primeira-palestra-da-25a-marcha-aborda-fortalecimento-do-parlamento-municipal-e-enfrentamento-ao-racismo-institucional\/\",\"url\":\"https:\/\/uvbbrasil.com.br\/primeira-palestra-da-25a-marcha-aborda-fortalecimento-do-parlamento-municipal-e-enfrentamento-ao-racismo-institucional\/\",\"name\":\"Primeira palestra da 25\u00aa Marcha aborda fortalecimento do parlamento municipal e enfrentamento ao racismo institucional - UVB Brasil\",\"isPartOf\":{\"@id\":\"https:\/\/uvbbrasil.com.br\/#website\"},\"primaryImageOfPage\":{\"@id\":\"https:\/\/uvbbrasil.com.br\/primeira-palestra-da-25a-marcha-aborda-fortalecimento-do-parlamento-municipal-e-enfrentamento-ao-racismo-institucional\/#primaryimage\"},\"image\":{\"@id\":\"https:\/\/uvbbrasil.com.br\/primeira-palestra-da-25a-marcha-aborda-fortalecimento-do-parlamento-municipal-e-enfrentamento-ao-racismo-institucional\/#primaryimage\"},\"thumbnailUrl\":\"https:\/\/uvbbrasil.com.br\/wp-content\/uploads\/2026\/04\/DSC04660.jpg\",\"datePublished\":\"2026-04-27T17:46:39+00:00\",\"breadcrumb\":{\"@id\":\"https:\/\/uvbbrasil.com.br\/primeira-palestra-da-25a-marcha-aborda-fortalecimento-do-parlamento-municipal-e-enfrentamento-ao-racismo-institucional\/#breadcrumb\"},\"inLanguage\":\"pt-BR\",\"potentialAction\":[{\"@type\":\"ReadAction\",\"target\":[\"https:\/\/uvbbrasil.com.br\/primeira-palestra-da-25a-marcha-aborda-fortalecimento-do-parlamento-municipal-e-enfrentamento-ao-racismo-institucional\/\"]}]},{\"@type\":\"ImageObject\",\"inLanguage\":\"pt-BR\",\"@id\":\"https:\/\/uvbbrasil.com.br\/primeira-palestra-da-25a-marcha-aborda-fortalecimento-do-parlamento-municipal-e-enfrentamento-ao-racismo-institucional\/#primaryimage\",\"url\":\"https:\/\/uvbbrasil.com.br\/wp-content\/uploads\/2026\/04\/DSC04660.jpg\",\"contentUrl\":\"https:\/\/uvbbrasil.com.br\/wp-content\/uploads\/2026\/04\/DSC04660.jpg\",\"width\":2048,\"height\":1365},{\"@type\":\"BreadcrumbList\",\"@id\":\"https:\/\/uvbbrasil.com.br\/primeira-palestra-da-25a-marcha-aborda-fortalecimento-do-parlamento-municipal-e-enfrentamento-ao-racismo-institucional\/#breadcrumb\",\"itemListElement\":[{\"@type\":\"ListItem\",\"position\":1,\"name\":\"In\u00edcio\",\"item\":\"https:\/\/uvbbrasil.com.br\/\"},{\"@type\":\"ListItem\",\"position\":2,\"name\":\"Primeira palestra da 25\u00aa Marcha aborda fortalecimento do parlamento municipal e enfrentamento ao racismo institucional\"}]},{\"@type\":\"WebSite\",\"@id\":\"https:\/\/uvbbrasil.com.br\/#website\",\"url\":\"https:\/\/uvbbrasil.com.br\/\",\"name\":\"UVB Brasil\",\"description\":\"Uni\u00e3o dos Vereadores do Brasil\",\"publisher\":{\"@id\":\"https:\/\/uvbbrasil.com.br\/#organization\"},\"potentialAction\":[{\"@type\":\"SearchAction\",\"target\":{\"@type\":\"EntryPoint\",\"urlTemplate\":\"https:\/\/uvbbrasil.com.br\/?s={search_term_string}\"},\"query-input\":{\"@type\":\"PropertyValueSpecification\",\"valueRequired\":true,\"valueName\":\"search_term_string\"}}],\"inLanguage\":\"pt-BR\"},{\"@type\":\"Organization\",\"@id\":\"https:\/\/uvbbrasil.com.br\/#organization\",\"name\":\"UVB Brasil\",\"url\":\"https:\/\/uvbbrasil.com.br\/\",\"logo\":{\"@type\":\"ImageObject\",\"inLanguage\":\"pt-BR\",\"@id\":\"https:\/\/uvbbrasil.com.br\/#\/schema\/logo\/image\/\",\"url\":\"https:\/\/uvbbrasil.com.br\/wp-content\/uploads\/2025\/01\/LOGO-UVB-2024-azul-1.jpg\",\"contentUrl\":\"https:\/\/uvbbrasil.com.br\/wp-content\/uploads\/2025\/01\/LOGO-UVB-2024-azul-1.jpg\",\"width\":600,\"height\":211,\"caption\":\"UVB Brasil\"},\"image\":{\"@id\":\"https:\/\/uvbbrasil.com.br\/#\/schema\/logo\/image\/\"},\"sameAs\":[\"https:\/\/www.facebook.com\/uvb.vereadoresbrasil\",\"https:\/\/www.instagram.com\/uvbbrasil\/\",\"https:\/\/www.youtube.com\/channel\/UCIlPQ8Xzw5GHNzosQIg9S5A\"]},{\"@type\":\"Person\",\"@id\":\"https:\/\/uvbbrasil.com.br\/#\/schema\/person\/17990098446c098f52effddff4f1b272\",\"name\":\"adminuvb\",\"image\":{\"@type\":\"ImageObject\",\"inLanguage\":\"pt-BR\",\"@id\":\"https:\/\/uvbbrasil.com.br\/#\/schema\/person\/image\/\",\"url\":\"https:\/\/secure.gravatar.com\/avatar\/1a494ea6f8e2dd1ae526e55b0e9497efdba542491e0620d704cccf63c6f77c45?s=96&d=mm&r=g\",\"contentUrl\":\"https:\/\/secure.gravatar.com\/avatar\/1a494ea6f8e2dd1ae526e55b0e9497efdba542491e0620d704cccf63c6f77c45?s=96&d=mm&r=g\",\"caption\":\"adminuvb\"},\"sameAs\":[\"https:\/\/uvbbrasil.com.br\"],\"url\":\"https:\/\/uvbbrasil.com.br\/author\/adminuvb\/\"}]}<\/script>\n<!-- \/ Yoast SEO plugin. -->","yoast_head_json":{"title":"Primeira palestra da 25\u00aa Marcha aborda fortalecimento do parlamento municipal e enfrentamento ao racismo institucional - UVB Brasil","robots":{"index":"index","follow":"follow","max-snippet":"max-snippet:-1","max-image-preview":"max-image-preview:large","max-video-preview":"max-video-preview:-1"},"canonical":"https:\/\/uvbbrasil.com.br\/primeira-palestra-da-25a-marcha-aborda-fortalecimento-do-parlamento-municipal-e-enfrentamento-ao-racismo-institucional\/","og_locale":"pt_BR","og_type":"article","og_title":"Primeira palestra da 25\u00aa Marcha aborda fortalecimento do parlamento municipal e enfrentamento ao racismo institucional - UVB Brasil","og_description":"A programa\u00e7\u00e3o do palco principal da 25\u00aa Marcha dos Gestores e Legislativos Municipais teve in\u00edcio, nesta segunda-feira (27), \u00e0s 14h,...","og_url":"https:\/\/uvbbrasil.com.br\/primeira-palestra-da-25a-marcha-aborda-fortalecimento-do-parlamento-municipal-e-enfrentamento-ao-racismo-institucional\/","og_site_name":"UVB Brasil","article_publisher":"https:\/\/www.facebook.com\/uvb.vereadoresbrasil","article_published_time":"2026-04-27T17:46:39+00:00","og_image":[{"width":2048,"height":1365,"url":"https:\/\/uvbbrasil.com.br\/wp-content\/uploads\/2026\/04\/DSC04660.jpg","type":"image\/jpeg"}],"author":"adminuvb","twitter_card":"summary_large_image","twitter_misc":{"Escrito por":"adminuvb","Est. tempo de leitura":"2 minutos"},"schema":{"@context":"https:\/\/schema.org","@graph":[{"@type":"Article","@id":"https:\/\/uvbbrasil.com.br\/primeira-palestra-da-25a-marcha-aborda-fortalecimento-do-parlamento-municipal-e-enfrentamento-ao-racismo-institucional\/#article","isPartOf":{"@id":"https:\/\/uvbbrasil.com.br\/primeira-palestra-da-25a-marcha-aborda-fortalecimento-do-parlamento-municipal-e-enfrentamento-ao-racismo-institucional\/"},"author":{"name":"adminuvb","@id":"https:\/\/uvbbrasil.com.br\/#\/schema\/person\/17990098446c098f52effddff4f1b272"},"headline":"Primeira palestra da 25\u00aa Marcha aborda fortalecimento do parlamento municipal e enfrentamento ao racismo institucional","datePublished":"2026-04-27T17:46:39+00:00","mainEntityOfPage":{"@id":"https:\/\/uvbbrasil.com.br\/primeira-palestra-da-25a-marcha-aborda-fortalecimento-do-parlamento-municipal-e-enfrentamento-ao-racismo-institucional\/"},"wordCount":259,"commentCount":0,"publisher":{"@id":"https:\/\/uvbbrasil.com.br\/#organization"},"image":{"@id":"https:\/\/uvbbrasil.com.br\/primeira-palestra-da-25a-marcha-aborda-fortalecimento-do-parlamento-municipal-e-enfrentamento-ao-racismo-institucional\/#primaryimage"},"thumbnailUrl":"https:\/\/uvbbrasil.com.br\/wp-content\/uploads\/2026\/04\/DSC04660.jpg","articleSection":["MARCHA DOS VEREADORES","NOT\u00cdCIAS"],"inLanguage":"pt-BR","potentialAction":[{"@type":"CommentAction","name":"Comment","target":["https:\/\/uvbbrasil.com.br\/primeira-palestra-da-25a-marcha-aborda-fortalecimento-do-parlamento-municipal-e-enfrentamento-ao-racismo-institucional\/#respond"]}]},{"@type":"WebPage","@id":"https:\/\/uvbbrasil.com.br\/primeira-palestra-da-25a-marcha-aborda-fortalecimento-do-parlamento-municipal-e-enfrentamento-ao-racismo-institucional\/","url":"https:\/\/uvbbrasil.com.br\/primeira-palestra-da-25a-marcha-aborda-fortalecimento-do-parlamento-municipal-e-enfrentamento-ao-racismo-institucional\/","name":"Primeira palestra da 25\u00aa Marcha aborda fortalecimento do parlamento municipal e enfrentamento ao racismo institucional - UVB Brasil","isPartOf":{"@id":"https:\/\/uvbbrasil.com.br\/#website"},"primaryImageOfPage":{"@id":"https:\/\/uvbbrasil.com.br\/primeira-palestra-da-25a-marcha-aborda-fortalecimento-do-parlamento-municipal-e-enfrentamento-ao-racismo-institucional\/#primaryimage"},"image":{"@id":"https:\/\/uvbbrasil.com.br\/primeira-palestra-da-25a-marcha-aborda-fortalecimento-do-parlamento-municipal-e-enfrentamento-ao-racismo-institucional\/#primaryimage"},"thumbnailUrl":"https:\/\/uvbbrasil.com.br\/wp-content\/uploads\/2026\/04\/DSC04660.jpg","datePublished":"2026-04-27T17:46:39+00:00","breadcrumb":{"@id":"https:\/\/uvbbrasil.com.br\/primeira-palestra-da-25a-marcha-aborda-fortalecimento-do-parlamento-municipal-e-enfrentamento-ao-racismo-institucional\/#breadcrumb"},"inLanguage":"pt-BR","potentialAction":[{"@type":"ReadAction","target":["https:\/\/uvbbrasil.com.br\/primeira-palestra-da-25a-marcha-aborda-fortalecimento-do-parlamento-municipal-e-enfrentamento-ao-racismo-institucional\/"]}]},{"@type":"ImageObject","inLanguage":"pt-BR","@id":"https:\/\/uvbbrasil.com.br\/primeira-palestra-da-25a-marcha-aborda-fortalecimento-do-parlamento-municipal-e-enfrentamento-ao-racismo-institucional\/#primaryimage","url":"https:\/\/uvbbrasil.com.br\/wp-content\/uploads\/2026\/04\/DSC04660.jpg","contentUrl":"https:\/\/uvbbrasil.com.br\/wp-content\/uploads\/2026\/04\/DSC04660.jpg","width":2048,"height":1365},{"@type":"BreadcrumbList","@id":"https:\/\/uvbbrasil.com.br\/primeira-palestra-da-25a-marcha-aborda-fortalecimento-do-parlamento-municipal-e-enfrentamento-ao-racismo-institucional\/#breadcrumb","itemListElement":[{"@type":"ListItem","position":1,"name":"In\u00edcio","item":"https:\/\/uvbbrasil.com.br\/"},{"@type":"ListItem","position":2,"name":"Primeira palestra da 25\u00aa Marcha aborda fortalecimento do parlamento municipal e enfrentamento ao racismo institucional"}]},{"@type":"WebSite","@id":"https:\/\/uvbbrasil.com.br\/#website","url":"https:\/\/uvbbrasil.com.br\/","name":"UVB Brasil","description":"Uni\u00e3o dos Vereadores do Brasil","publisher":{"@id":"https:\/\/uvbbrasil.com.br\/#organization"},"potentialAction":[{"@type":"SearchAction","target":{"@type":"EntryPoint","urlTemplate":"https:\/\/uvbbrasil.com.br\/?s={search_term_string}"},"query-input":{"@type":"PropertyValueSpecification","valueRequired":true,"valueName":"search_term_string"}}],"inLanguage":"pt-BR"},{"@type":"Organization","@id":"https:\/\/uvbbrasil.com.br\/#organization","name":"UVB Brasil","url":"https:\/\/uvbbrasil.com.br\/","logo":{"@type":"ImageObject","inLanguage":"pt-BR","@id":"https:\/\/uvbbrasil.com.br\/#\/schema\/logo\/image\/","url":"https:\/\/uvbbrasil.com.br\/wp-content\/uploads\/2025\/01\/LOGO-UVB-2024-azul-1.jpg","contentUrl":"https:\/\/uvbbrasil.com.br\/wp-content\/uploads\/2025\/01\/LOGO-UVB-2024-azul-1.jpg","width":600,"height":211,"caption":"UVB Brasil"},"image":{"@id":"https:\/\/uvbbrasil.com.br\/#\/schema\/logo\/image\/"},"sameAs":["https:\/\/www.facebook.com\/uvb.vereadoresbrasil","https:\/\/www.instagram.com\/uvbbrasil\/","https:\/\/www.youtube.com\/channel\/UCIlPQ8Xzw5GHNzosQIg9S5A"]},{"@type":"Person","@id":"https:\/\/uvbbrasil.com.br\/#\/schema\/person\/17990098446c098f52effddff4f1b272","name":"adminuvb","image":{"@type":"ImageObject","inLanguage":"pt-BR","@id":"https:\/\/uvbbrasil.com.br\/#\/schema\/person\/image\/","url":"https:\/\/secure.gravatar.com\/avatar\/1a494ea6f8e2dd1ae526e55b0e9497efdba542491e0620d704cccf63c6f77c45?s=96&d=mm&r=g","contentUrl":"https:\/\/secure.gravatar.com\/avatar\/1a494ea6f8e2dd1ae526e55b0e9497efdba542491e0620d704cccf63c6f77c45?s=96&d=mm&r=g","caption":"adminuvb"},"sameAs":["https:\/\/uvbbrasil.com.br"],"url":"https:\/\/uvbbrasil.com.br\/author\/adminuvb\/"}]}},"_links":{"self":[{"href":"https:\/\/uvbbrasil.com.br\/uvb-json\/wp\/v2\/posts\/39936","targetHints":{"allow":["GET"]}}],"collection":[{"href":"https:\/\/uvbbrasil.com.br\/uvb-json\/wp\/v2\/posts"}],"about":[{"href":"https:\/\/uvbbrasil.com.br\/uvb-json\/wp\/v2\/types\/post"}],"author":[{"embeddable":true,"href":"https:\/\/uvbbrasil.com.br\/uvb-json\/wp\/v2\/users\/1"}],"replies":[{"embeddable":true,"href":"https:\/\/uvbbrasil.com.br\/uvb-json\/wp\/v2\/comments?post=39936"}],"version-history":[{"count":1,"href":"https:\/\/uvbbrasil.com.br\/uvb-json\/wp\/v2\/posts\/39936\/revisions"}],"predecessor-version":[{"id":39939,"href":"https:\/\/uvbbrasil.com.br\/uvb-json\/wp\/v2\/posts\/39936\/revisions\/39939"}],"wp:featuredmedia":[{"embeddable":true,"href":"https:\/\/uvbbrasil.com.br\/uvb-json\/wp\/v2\/media\/39938"}],"wp:attachment":[{"href":"https:\/\/uvbbrasil.com.br\/uvb-json\/wp\/v2\/media?parent=39936"}],"wp:term":[{"taxonomy":"category","embeddable":true,"href":"https:\/\/uvbbrasil.com.br\/uvb-json\/wp\/v2\/categories?post=39936"},{"taxonomy":"post_tag","embeddable":true,"href":"https:\/\/uvbbrasil.com.br\/uvb-json\/wp\/v2\/tags?post=39936"}],"curies":[{"name":"wp","href":"https:\/\/api.w.org\/{rel}","templated":true}]}}