{"id":39916,"date":"2026-04-27T07:19:59","date_gmt":"2026-04-27T10:19:59","guid":{"rendered":"https:\/\/uvbbrasil.com.br\/?p=39916"},"modified":"2026-04-25T12:07:11","modified_gmt":"2026-04-25T15:07:11","slug":"maior-mobilizacao-do-legislativo-municipal-do-pais-comeca-nesta-segunda-feira-em-brasilia","status":"publish","type":"post","link":"https:\/\/uvbbrasil.com.br\/maior-mobilizacao-do-legislativo-municipal-do-pais-comeca-nesta-segunda-feira-em-brasilia\/","title":{"rendered":"Maior mobiliza\u00e7\u00e3o do Legislativo Municipal do pa\u00eds come\u00e7a nesta segunda-feira em Bras\u00edlia"},"content":{"rendered":"<div class=\"relative basis-auto flex-col -mb-(--composer-overlap-px) pb-(--composer-overlap-px) [--composer-overlap-px:28px] grow flex\">\n<div class=\"flex flex-col text-sm\">\n<section class=\"text-token-text-primary w-full focus:outline-none [--shadow-height:45px] has-data-writing-block:pointer-events-none has-data-writing-block:-mt-(--shadow-height) has-data-writing-block:pt-(--shadow-height) [&amp;:has([data-writing-block])&gt;*]:pointer-events-auto [content-visibility:auto] supports-[content-visibility:auto]:[contain-intrinsic-size:auto_100lvh] R6Vx5W_threadScrollVars scroll-mb-[calc(var(--scroll-root-safe-area-inset-bottom,0px)+var(--thread-response-height))] scroll-mt-[calc(var(--header-height)+min(200px,max(70px,20svh)))]\" dir=\"auto\" data-turn-id=\"request-WEB:1d3e8fda-0f0d-4655-b48f-0c645cbe26a5-0\" data-testid=\"conversation-turn-2\" data-scroll-anchor=\"false\" data-turn=\"assistant\">\n<div class=\"text-base my-auto mx-auto pb-10 [--thread-content-margin:var(--thread-content-margin-xs,calc(var(--spacing)*4))] @w-sm\/main:[--thread-content-margin:var(--thread-content-margin-sm,calc(var(--spacing)*6))] @w-lg\/main:[--thread-content-margin:var(--thread-content-margin-lg,calc(var(--spacing)*16))] px-(--thread-content-margin)\">\n<div class=\"[--thread-content-max-width:40rem] @w-lg\/main:[--thread-content-max-width:48rem] mx-auto max-w-(--thread-content-max-width) flex-1 group\/turn-messages focus-visible:outline-hidden relative flex w-full min-w-0 flex-col agent-turn\">\n<div class=\"flex max-w-full flex-col gap-4 grow\">\n<div class=\"min-h-8 text-message relative flex w-full flex-col items-end gap-2 text-start break-words whitespace-normal outline-none keyboard-focused:focus-ring [.text-message+&amp;]:mt-1\" dir=\"auto\" tabindex=\"0\" data-message-author-role=\"assistant\" data-message-id=\"6cfe47f2-e0d6-4bcc-b5c0-6a728d922755\" data-message-model-slug=\"gpt-5-3\" data-turn-start-message=\"true\">\n<div class=\"flex w-full flex-col gap-1 empty:hidden\">\n<div class=\"markdown prose dark:prose-invert w-full wrap-break-word light markdown-new-styling\">\n<p data-start=\"95\" data-end=\"455\">A capital federal ser\u00e1, a partir desta segunda-feira, palco da maior edi\u00e7\u00e3o da hist\u00f3ria da Marcha dos Gestores e Legislativos Municipais. Promovida pela Uni\u00e3o dos Vereadores do Brasil (UVB), a 25\u00aa edi\u00e7\u00e3o do evento reafirma o protagonismo do Poder Legislativo Municipal e re\u00fane vereadores, vereadoras, gestores p\u00fablicos e lideran\u00e7as de todas as regi\u00f5es do pa\u00eds.<\/p>\n<p data-start=\"457\" data-end=\"763\">Com o tema <strong data-start=\"468\" data-end=\"533\">\u201cO Brasil come\u00e7a aqui \u2013 Munic\u00edpio forte, C\u00e2mara protagonista\u201d<\/strong>, a Marcha inicia oficialmente sua programa\u00e7\u00e3o logo nas primeiras horas do dia. O credenciamento dos participantes come\u00e7a \u00e0s <strong data-start=\"658\" data-end=\"666\">8h30<\/strong>, marcando o in\u00edcio de uma intensa agenda de debates, capacita\u00e7\u00f5es e articula\u00e7\u00f5es institucionais.<\/p>\n<p data-start=\"765\" data-end=\"995\">J\u00e1 no per\u00edodo da tarde, \u00e0s <strong data-start=\"792\" data-end=\"799\">14h<\/strong>, ocorrem as primeiras palestras, trazendo especialistas, autoridades e refer\u00eancias nacionais para discutir temas centrais ao fortalecimento dos munic\u00edpios e \u00e0 qualifica\u00e7\u00e3o da atua\u00e7\u00e3o parlamentar.<\/p>\n<p data-start=\"997\" data-end=\"1190\">A solenidade oficial de abertura est\u00e1 marcada para as <strong data-start=\"1051\" data-end=\"1058\">17h<\/strong>, momento que deve reunir um grande p\u00fablico no evento e consolidar o in\u00edcio de uma semana hist\u00f3rica para o municipalismo brasileiro. A abertura dever\u00e1 contar com a presen\u00e7a do Vice-Presidente da Rep\u00fablica, Geraldo Alckimin e da Governadora do DF, Celina Le\u00e3o entre outras autoridades.<\/p>\n<p data-start=\"1192\" data-end=\"1547\">A expectativa da organiza\u00e7\u00e3o \u00e9 de que esta seja a maior Marcha j\u00e1 realizada, tanto em n\u00famero de participantes quanto em relev\u00e2ncia dos temas debatidos. A programa\u00e7\u00e3o contempla pain\u00e9is t\u00e9cnicos, espa\u00e7os de inova\u00e7\u00e3o, atividades culturais, lan\u00e7amentos de obras liter\u00e1rias e o tradicional ambiente de troca de experi\u00eancias entre legisladores de todo o Brasil.<\/p>\n<p data-start=\"1549\" data-end=\"1793\">Mais do que um evento, a Marcha se consolida como um verdadeiro movimento de valoriza\u00e7\u00e3o do vereador e da vereadora, refor\u00e7ando o papel estrat\u00e9gico das C\u00e2maras Municipais na constru\u00e7\u00e3o de pol\u00edticas p\u00fablicas e no desenvolvimento das comunidades.<\/p>\n<p data-start=\"1795\" data-end=\"1982\">Ao longo da semana, Bras\u00edlia ser\u00e1 o ponto de encontro do municipalismo, com debates que impactam diretamente a vida dos cidad\u00e3os e fortalecem a base da democracia brasileira: o munic\u00edpio.<\/p>\n<p data-start=\"1984\" data-end=\"2046\" data-is-last-node=\"\" data-is-only-node=\"\"><strong data-start=\"1984\" data-end=\"2046\" data-is-last-node=\"\">Acompanhe a cobertura completa nos canais oficiais da UVB.<\/strong><\/p>\n<\/div>\n<\/div>\n<\/div>\n<\/div>\n<div class=\"z-0 flex min-h-[46px] justify-start\"><\/div>\n<div class=\"mt-3 w-full empty:hidden\">\n<div class=\"text-center\"><\/div>\n<\/div>\n<\/div>\n<\/div>\n<\/section>\n<div class=\"pointer-events-none -mt-px h-px translate-y-[calc(var(--scroll-root-safe-area-inset-bottom)-14*var(--spacing))]\" aria-hidden=\"true\"><\/div>\n<div class=\"pointer-events-none translate-y-(--scroll-root-safe-area-inset-bottom) R6Vx5W_threadScrollVars min-h-(--gutter-remaining-height,0px) group-data-stream-active\/scroll-root:h-[calc(var(--thread-response-height)-16*var(--spacing))]\"><\/div>\n<\/div>\n<\/div>\n<div id=\"thread-bottom-container\" class=\"sticky bottom-0 z-10 group\/thread-bottom-container relative isolate w-full basis-auto has-data-has-thread-error:pt-2 has-data-has-thread-error:[box-shadow:var(--sharp-edge-bottom-shadow)] md:border-transparent md:pt-0 dark:border-white\/20 md:dark:border-transparent print:hidden content-fade single-line flex flex-col\">\n<div class=\"relative mx-auto h-0\">\n<div class=\"flex h-0 items-end justify-center motion-safe:transition-all motion-safe:delay-300 motion-safe:duration-300 group-[:not([data-scroll-from-end])]\/scroll-root:scale-50 group-[:not([data-scroll-from-end])]\/scroll-root:translate-y-2 group-[:not([data-scroll-from-end])]\/scroll-root:opacity-0 group-[:not([data-scroll-from-end])]\/scroll-root:pointer-events-none group-[:not([data-scroll-from-end])]\/scroll-root:duration-100 group-[:not([data-scroll-from-end])]\/scroll-root:delay-0 absolute start-1\/2 z-10 -translate-x-1\/2 bottom-[calc(100%+6*var(--spacing)+var(--thread-scroll-to-bottom-banner-offset,0px))]\"><\/div>\n<\/div>\n<div id=\"thread-bottom\">\n<div>\n<div class=\"text-base mx-auto [--thread-content-margin:var(--thread-content-margin-xs,calc(var(--spacing)*4))] @w-sm\/main:[--thread-content-margin:var(--thread-content-margin-sm,calc(var(--spacing)*6))] @w-lg\/main:[--thread-content-margin:var(--thread-content-margin-lg,calc(var(--spacing)*16))] px-(--thread-content-margin)\">\n<div>\n<div class=\"[--thread-content-max-width:40rem] @w-lg\/main:[--thread-content-max-width:48rem] mx-auto max-w-(--thread-content-max-width) flex-1 mb-[var(--thread-component-gap,1rem)]\">\n<div class=\"flex justify-center empty:hidden\"><\/div>\n<div class=\"pointer-events-auto relative z-1 flex h-(--composer-container-height,100%) max-w-full flex-(--composer-container-flex,1) flex-col\">\n<div class=\"absolute start-0 end-0 bottom-full z-20\"><\/div>\n<form class=\"group\/composer w-full\" data-type=\"unified-composer\">\n<div class=\"hidden\"><input id=\"upload-files\" tabindex=\"-1\" multiple=\"multiple\" type=\"file\" \/><\/div>\n<div class=\"\">\n<div class=\"bg-token-bg-primary dark:bg-token-bg-elevated-primary dark-oled:bg-token-bg-primary corner-superellipse\/1.1 cursor-text overflow-clip bg-clip-padding p-2.5 contain-inline-size motion-safe:transition-colors motion-safe:duration-200 motion-safe:ease-in-out grid grid-cols-[auto_1fr_auto] [grid-template-areas:'header_header_header'_'leading_primary_trailing'_'._footer_.'] group-data-expanded\/composer:[grid-template-areas:'header_header_header'_'primary_primary_primary'_'leading_footer_trailing'] shadow-short-composer\" data-composer-surface=\"true\">\n<div class=\"[grid-area:leading]\"><\/div>\n<div class=\"-my-2.5 flex min-h-14 items-center overflow-x-hidden px-1.5 [grid-area:primary] group-data-expanded\/composer:mb-0 group-data-expanded\/composer:px-2.5\">\n<div class=\"wcDTda_prosemirror-parent text-token-text-primary max-h-[max(30svh,5rem)] max-h-52 min-h-[var(--deep-research-composer-extra-height,unset)] flex-1 overflow-auto [scrollbar-width:thin] default-browser vertical-scroll-fade-mask\">\n<p><textarea class=\"wcDTda_fallbackTextarea\" name=\"prompt-textarea\" placeholder=\"Pergunte alguma coisa\" aria-label=\"Converse com o ChatGPT\" data-virtualkeyboard=\"true\"><\/textarea><\/p>\n<div id=\"prompt-textarea\" class=\"ProseMirror\" role=\"textbox\" contenteditable=\"true\" translate=\"no\" data-virtualkeyboard=\"true\" aria-multiline=\"true\" aria-label=\"Converse com o ChatGPT\"><\/div>\n<\/div>\n<\/div>\n<div class=\"flex items-center gap-2 [grid-area:trailing]\">\n<div class=\"ms-auto flex items-center gap-1.5\">\n<div id=\"_r_3r_\" class=\"overflow-visible bg-transparent inset-s-[anchor(center)] inset-e-auto top-[calc(anchor(bottom)+var(--spacing))] bottom-auto h-fit -translate-x-1\/2 [position-try-fallbacks:flip-block] z-50\" role=\"tooltip\" hidden=\"\"><\/div>\n<p>&nbsp;<\/p>\n<div>\n<div class=\"inline-flex\">\n<div><\/div>\n<\/div>\n<\/div>\n<\/div>\n<\/div>\n<\/div>\n<\/div>\n<\/form>\n<\/div>\n<\/div>\n<\/div>\n<\/div>\n<\/div>\n<\/div>\n<\/div>\n","protected":false},"excerpt":{"rendered":"<p>A capital federal ser\u00e1, a partir desta segunda-feira, palco da maior edi\u00e7\u00e3o da hist\u00f3ria da Marcha dos Gestores e Legislativos&#8230;<\/p>\n","protected":false},"author":1,"featured_media":37520,"comment_status":"open","ping_status":"open","sticky":false,"template":"","format":"standard","meta":{"footnotes":""},"categories":[7,3],"tags":[],"class_list":["post-39916","post","type-post","status-publish","format-standard","has-post-thumbnail","hentry","category-marcha-vereadores","category-noticias"],"yoast_head":"<!-- This site is optimized with the Yoast SEO plugin v26.7 - https:\/\/yoast.com\/wordpress\/plugins\/seo\/ -->\n<title>Maior mobiliza\u00e7\u00e3o do Legislativo Municipal do pa\u00eds come\u00e7a nesta segunda-feira em Bras\u00edlia - UVB Brasil<\/title>\n<meta name=\"robots\" content=\"index, follow, max-snippet:-1, max-image-preview:large, max-video-preview:-1\" \/>\n<link rel=\"canonical\" href=\"https:\/\/uvbbrasil.com.br\/maior-mobilizacao-do-legislativo-municipal-do-pais-comeca-nesta-segunda-feira-em-brasilia\/\" \/>\n<meta property=\"og:locale\" content=\"pt_BR\" \/>\n<meta property=\"og:type\" content=\"article\" \/>\n<meta property=\"og:title\" content=\"Maior mobiliza\u00e7\u00e3o do Legislativo Municipal do pa\u00eds come\u00e7a nesta segunda-feira em Bras\u00edlia - UVB Brasil\" \/>\n<meta property=\"og:description\" content=\"A capital federal ser\u00e1, a partir desta segunda-feira, palco da maior edi\u00e7\u00e3o da hist\u00f3ria da Marcha dos Gestores e Legislativos...\" \/>\n<meta property=\"og:url\" content=\"https:\/\/uvbbrasil.com.br\/maior-mobilizacao-do-legislativo-municipal-do-pais-comeca-nesta-segunda-feira-em-brasilia\/\" \/>\n<meta property=\"og:site_name\" content=\"UVB Brasil\" \/>\n<meta property=\"article:publisher\" content=\"https:\/\/www.facebook.com\/uvb.vereadoresbrasil\" \/>\n<meta property=\"article:published_time\" content=\"2026-04-27T10:19:59+00:00\" \/>\n<meta property=\"og:image\" content=\"https:\/\/uvbbrasil.com.br\/wp-content\/uploads\/2025\/04\/WhatsApp-Image-2025-04-25-at-22.05.51.jpeg\" \/>\n\t<meta property=\"og:image:width\" content=\"1600\" \/>\n\t<meta property=\"og:image:height\" content=\"1200\" \/>\n\t<meta property=\"og:image:type\" content=\"image\/jpeg\" \/>\n<meta name=\"author\" content=\"adminuvb\" \/>\n<meta name=\"twitter:card\" content=\"summary_large_image\" \/>\n<meta name=\"twitter:label1\" content=\"Escrito por\" \/>\n\t<meta name=\"twitter:data1\" content=\"adminuvb\" \/>\n\t<meta name=\"twitter:label2\" content=\"Est. tempo de leitura\" \/>\n\t<meta name=\"twitter:data2\" content=\"2 minutos\" \/>\n<script type=\"application\/ld+json\" class=\"yoast-schema-graph\">{\"@context\":\"https:\/\/schema.org\",\"@graph\":[{\"@type\":\"Article\",\"@id\":\"https:\/\/uvbbrasil.com.br\/maior-mobilizacao-do-legislativo-municipal-do-pais-comeca-nesta-segunda-feira-em-brasilia\/#article\",\"isPartOf\":{\"@id\":\"https:\/\/uvbbrasil.com.br\/maior-mobilizacao-do-legislativo-municipal-do-pais-comeca-nesta-segunda-feira-em-brasilia\/\"},\"author\":{\"name\":\"adminuvb\",\"@id\":\"https:\/\/uvbbrasil.com.br\/#\/schema\/person\/17990098446c098f52effddff4f1b272\"},\"headline\":\"Maior mobiliza\u00e7\u00e3o do Legislativo Municipal do pa\u00eds come\u00e7a nesta segunda-feira em Bras\u00edlia\",\"datePublished\":\"2026-04-27T10:19:59+00:00\",\"mainEntityOfPage\":{\"@id\":\"https:\/\/uvbbrasil.com.br\/maior-mobilizacao-do-legislativo-municipal-do-pais-comeca-nesta-segunda-feira-em-brasilia\/\"},\"wordCount\":375,\"commentCount\":0,\"publisher\":{\"@id\":\"https:\/\/uvbbrasil.com.br\/#organization\"},\"image\":{\"@id\":\"https:\/\/uvbbrasil.com.br\/maior-mobilizacao-do-legislativo-municipal-do-pais-comeca-nesta-segunda-feira-em-brasilia\/#primaryimage\"},\"thumbnailUrl\":\"https:\/\/uvbbrasil.com.br\/wp-content\/uploads\/2025\/04\/WhatsApp-Image-2025-04-25-at-22.05.51.jpeg\",\"articleSection\":[\"MARCHA DOS VEREADORES\",\"NOT\u00cdCIAS\"],\"inLanguage\":\"pt-BR\",\"potentialAction\":[{\"@type\":\"CommentAction\",\"name\":\"Comment\",\"target\":[\"https:\/\/uvbbrasil.com.br\/maior-mobilizacao-do-legislativo-municipal-do-pais-comeca-nesta-segunda-feira-em-brasilia\/#respond\"]}]},{\"@type\":\"WebPage\",\"@id\":\"https:\/\/uvbbrasil.com.br\/maior-mobilizacao-do-legislativo-municipal-do-pais-comeca-nesta-segunda-feira-em-brasilia\/\",\"url\":\"https:\/\/uvbbrasil.com.br\/maior-mobilizacao-do-legislativo-municipal-do-pais-comeca-nesta-segunda-feira-em-brasilia\/\",\"name\":\"Maior mobiliza\u00e7\u00e3o do Legislativo Municipal do pa\u00eds come\u00e7a nesta segunda-feira em Bras\u00edlia - UVB Brasil\",\"isPartOf\":{\"@id\":\"https:\/\/uvbbrasil.com.br\/#website\"},\"primaryImageOfPage\":{\"@id\":\"https:\/\/uvbbrasil.com.br\/maior-mobilizacao-do-legislativo-municipal-do-pais-comeca-nesta-segunda-feira-em-brasilia\/#primaryimage\"},\"image\":{\"@id\":\"https:\/\/uvbbrasil.com.br\/maior-mobilizacao-do-legislativo-municipal-do-pais-comeca-nesta-segunda-feira-em-brasilia\/#primaryimage\"},\"thumbnailUrl\":\"https:\/\/uvbbrasil.com.br\/wp-content\/uploads\/2025\/04\/WhatsApp-Image-2025-04-25-at-22.05.51.jpeg\",\"datePublished\":\"2026-04-27T10:19:59+00:00\",\"breadcrumb\":{\"@id\":\"https:\/\/uvbbrasil.com.br\/maior-mobilizacao-do-legislativo-municipal-do-pais-comeca-nesta-segunda-feira-em-brasilia\/#breadcrumb\"},\"inLanguage\":\"pt-BR\",\"potentialAction\":[{\"@type\":\"ReadAction\",\"target\":[\"https:\/\/uvbbrasil.com.br\/maior-mobilizacao-do-legislativo-municipal-do-pais-comeca-nesta-segunda-feira-em-brasilia\/\"]}]},{\"@type\":\"ImageObject\",\"inLanguage\":\"pt-BR\",\"@id\":\"https:\/\/uvbbrasil.com.br\/maior-mobilizacao-do-legislativo-municipal-do-pais-comeca-nesta-segunda-feira-em-brasilia\/#primaryimage\",\"url\":\"https:\/\/uvbbrasil.com.br\/wp-content\/uploads\/2025\/04\/WhatsApp-Image-2025-04-25-at-22.05.51.jpeg\",\"contentUrl\":\"https:\/\/uvbbrasil.com.br\/wp-content\/uploads\/2025\/04\/WhatsApp-Image-2025-04-25-at-22.05.51.jpeg\",\"width\":1600,\"height\":1200},{\"@type\":\"BreadcrumbList\",\"@id\":\"https:\/\/uvbbrasil.com.br\/maior-mobilizacao-do-legislativo-municipal-do-pais-comeca-nesta-segunda-feira-em-brasilia\/#breadcrumb\",\"itemListElement\":[{\"@type\":\"ListItem\",\"position\":1,\"name\":\"In\u00edcio\",\"item\":\"https:\/\/uvbbrasil.com.br\/\"},{\"@type\":\"ListItem\",\"position\":2,\"name\":\"Maior mobiliza\u00e7\u00e3o do Legislativo Municipal do pa\u00eds come\u00e7a nesta segunda-feira em Bras\u00edlia\"}]},{\"@type\":\"WebSite\",\"@id\":\"https:\/\/uvbbrasil.com.br\/#website\",\"url\":\"https:\/\/uvbbrasil.com.br\/\",\"name\":\"UVB Brasil\",\"description\":\"Uni\u00e3o dos Vereadores do Brasil\",\"publisher\":{\"@id\":\"https:\/\/uvbbrasil.com.br\/#organization\"},\"potentialAction\":[{\"@type\":\"SearchAction\",\"target\":{\"@type\":\"EntryPoint\",\"urlTemplate\":\"https:\/\/uvbbrasil.com.br\/?s={search_term_string}\"},\"query-input\":{\"@type\":\"PropertyValueSpecification\",\"valueRequired\":true,\"valueName\":\"search_term_string\"}}],\"inLanguage\":\"pt-BR\"},{\"@type\":\"Organization\",\"@id\":\"https:\/\/uvbbrasil.com.br\/#organization\",\"name\":\"UVB Brasil\",\"url\":\"https:\/\/uvbbrasil.com.br\/\",\"logo\":{\"@type\":\"ImageObject\",\"inLanguage\":\"pt-BR\",\"@id\":\"https:\/\/uvbbrasil.com.br\/#\/schema\/logo\/image\/\",\"url\":\"https:\/\/uvbbrasil.com.br\/wp-content\/uploads\/2025\/01\/LOGO-UVB-2024-azul-1.jpg\",\"contentUrl\":\"https:\/\/uvbbrasil.com.br\/wp-content\/uploads\/2025\/01\/LOGO-UVB-2024-azul-1.jpg\",\"width\":600,\"height\":211,\"caption\":\"UVB Brasil\"},\"image\":{\"@id\":\"https:\/\/uvbbrasil.com.br\/#\/schema\/logo\/image\/\"},\"sameAs\":[\"https:\/\/www.facebook.com\/uvb.vereadoresbrasil\",\"https:\/\/www.instagram.com\/uvbbrasil\/\",\"https:\/\/www.youtube.com\/channel\/UCIlPQ8Xzw5GHNzosQIg9S5A\"]},{\"@type\":\"Person\",\"@id\":\"https:\/\/uvbbrasil.com.br\/#\/schema\/person\/17990098446c098f52effddff4f1b272\",\"name\":\"adminuvb\",\"image\":{\"@type\":\"ImageObject\",\"inLanguage\":\"pt-BR\",\"@id\":\"https:\/\/uvbbrasil.com.br\/#\/schema\/person\/image\/\",\"url\":\"https:\/\/secure.gravatar.com\/avatar\/1a494ea6f8e2dd1ae526e55b0e9497efdba542491e0620d704cccf63c6f77c45?s=96&d=mm&r=g\",\"contentUrl\":\"https:\/\/secure.gravatar.com\/avatar\/1a494ea6f8e2dd1ae526e55b0e9497efdba542491e0620d704cccf63c6f77c45?s=96&d=mm&r=g\",\"caption\":\"adminuvb\"},\"sameAs\":[\"https:\/\/uvbbrasil.com.br\"],\"url\":\"https:\/\/uvbbrasil.com.br\/author\/adminuvb\/\"}]}<\/script>\n<!-- \/ Yoast SEO plugin. -->","yoast_head_json":{"title":"Maior mobiliza\u00e7\u00e3o do Legislativo Municipal do pa\u00eds come\u00e7a nesta segunda-feira em Bras\u00edlia - UVB Brasil","robots":{"index":"index","follow":"follow","max-snippet":"max-snippet:-1","max-image-preview":"max-image-preview:large","max-video-preview":"max-video-preview:-1"},"canonical":"https:\/\/uvbbrasil.com.br\/maior-mobilizacao-do-legislativo-municipal-do-pais-comeca-nesta-segunda-feira-em-brasilia\/","og_locale":"pt_BR","og_type":"article","og_title":"Maior mobiliza\u00e7\u00e3o do Legislativo Municipal do pa\u00eds come\u00e7a nesta segunda-feira em Bras\u00edlia - UVB Brasil","og_description":"A capital federal ser\u00e1, a partir desta segunda-feira, palco da maior edi\u00e7\u00e3o da hist\u00f3ria da Marcha dos Gestores e Legislativos...","og_url":"https:\/\/uvbbrasil.com.br\/maior-mobilizacao-do-legislativo-municipal-do-pais-comeca-nesta-segunda-feira-em-brasilia\/","og_site_name":"UVB Brasil","article_publisher":"https:\/\/www.facebook.com\/uvb.vereadoresbrasil","article_published_time":"2026-04-27T10:19:59+00:00","og_image":[{"width":1600,"height":1200,"url":"https:\/\/uvbbrasil.com.br\/wp-content\/uploads\/2025\/04\/WhatsApp-Image-2025-04-25-at-22.05.51.jpeg","type":"image\/jpeg"}],"author":"adminuvb","twitter_card":"summary_large_image","twitter_misc":{"Escrito por":"adminuvb","Est. tempo de leitura":"2 minutos"},"schema":{"@context":"https:\/\/schema.org","@graph":[{"@type":"Article","@id":"https:\/\/uvbbrasil.com.br\/maior-mobilizacao-do-legislativo-municipal-do-pais-comeca-nesta-segunda-feira-em-brasilia\/#article","isPartOf":{"@id":"https:\/\/uvbbrasil.com.br\/maior-mobilizacao-do-legislativo-municipal-do-pais-comeca-nesta-segunda-feira-em-brasilia\/"},"author":{"name":"adminuvb","@id":"https:\/\/uvbbrasil.com.br\/#\/schema\/person\/17990098446c098f52effddff4f1b272"},"headline":"Maior mobiliza\u00e7\u00e3o do Legislativo Municipal do pa\u00eds come\u00e7a nesta segunda-feira em Bras\u00edlia","datePublished":"2026-04-27T10:19:59+00:00","mainEntityOfPage":{"@id":"https:\/\/uvbbrasil.com.br\/maior-mobilizacao-do-legislativo-municipal-do-pais-comeca-nesta-segunda-feira-em-brasilia\/"},"wordCount":375,"commentCount":0,"publisher":{"@id":"https:\/\/uvbbrasil.com.br\/#organization"},"image":{"@id":"https:\/\/uvbbrasil.com.br\/maior-mobilizacao-do-legislativo-municipal-do-pais-comeca-nesta-segunda-feira-em-brasilia\/#primaryimage"},"thumbnailUrl":"https:\/\/uvbbrasil.com.br\/wp-content\/uploads\/2025\/04\/WhatsApp-Image-2025-04-25-at-22.05.51.jpeg","articleSection":["MARCHA DOS VEREADORES","NOT\u00cdCIAS"],"inLanguage":"pt-BR","potentialAction":[{"@type":"CommentAction","name":"Comment","target":["https:\/\/uvbbrasil.com.br\/maior-mobilizacao-do-legislativo-municipal-do-pais-comeca-nesta-segunda-feira-em-brasilia\/#respond"]}]},{"@type":"WebPage","@id":"https:\/\/uvbbrasil.com.br\/maior-mobilizacao-do-legislativo-municipal-do-pais-comeca-nesta-segunda-feira-em-brasilia\/","url":"https:\/\/uvbbrasil.com.br\/maior-mobilizacao-do-legislativo-municipal-do-pais-comeca-nesta-segunda-feira-em-brasilia\/","name":"Maior mobiliza\u00e7\u00e3o do Legislativo Municipal do pa\u00eds come\u00e7a nesta segunda-feira em Bras\u00edlia - UVB Brasil","isPartOf":{"@id":"https:\/\/uvbbrasil.com.br\/#website"},"primaryImageOfPage":{"@id":"https:\/\/uvbbrasil.com.br\/maior-mobilizacao-do-legislativo-municipal-do-pais-comeca-nesta-segunda-feira-em-brasilia\/#primaryimage"},"image":{"@id":"https:\/\/uvbbrasil.com.br\/maior-mobilizacao-do-legislativo-municipal-do-pais-comeca-nesta-segunda-feira-em-brasilia\/#primaryimage"},"thumbnailUrl":"https:\/\/uvbbrasil.com.br\/wp-content\/uploads\/2025\/04\/WhatsApp-Image-2025-04-25-at-22.05.51.jpeg","datePublished":"2026-04-27T10:19:59+00:00","breadcrumb":{"@id":"https:\/\/uvbbrasil.com.br\/maior-mobilizacao-do-legislativo-municipal-do-pais-comeca-nesta-segunda-feira-em-brasilia\/#breadcrumb"},"inLanguage":"pt-BR","potentialAction":[{"@type":"ReadAction","target":["https:\/\/uvbbrasil.com.br\/maior-mobilizacao-do-legislativo-municipal-do-pais-comeca-nesta-segunda-feira-em-brasilia\/"]}]},{"@type":"ImageObject","inLanguage":"pt-BR","@id":"https:\/\/uvbbrasil.com.br\/maior-mobilizacao-do-legislativo-municipal-do-pais-comeca-nesta-segunda-feira-em-brasilia\/#primaryimage","url":"https:\/\/uvbbrasil.com.br\/wp-content\/uploads\/2025\/04\/WhatsApp-Image-2025-04-25-at-22.05.51.jpeg","contentUrl":"https:\/\/uvbbrasil.com.br\/wp-content\/uploads\/2025\/04\/WhatsApp-Image-2025-04-25-at-22.05.51.jpeg","width":1600,"height":1200},{"@type":"BreadcrumbList","@id":"https:\/\/uvbbrasil.com.br\/maior-mobilizacao-do-legislativo-municipal-do-pais-comeca-nesta-segunda-feira-em-brasilia\/#breadcrumb","itemListElement":[{"@type":"ListItem","position":1,"name":"In\u00edcio","item":"https:\/\/uvbbrasil.com.br\/"},{"@type":"ListItem","position":2,"name":"Maior mobiliza\u00e7\u00e3o do Legislativo Municipal do pa\u00eds come\u00e7a nesta segunda-feira em Bras\u00edlia"}]},{"@type":"WebSite","@id":"https:\/\/uvbbrasil.com.br\/#website","url":"https:\/\/uvbbrasil.com.br\/","name":"UVB Brasil","description":"Uni\u00e3o dos Vereadores do Brasil","publisher":{"@id":"https:\/\/uvbbrasil.com.br\/#organization"},"potentialAction":[{"@type":"SearchAction","target":{"@type":"EntryPoint","urlTemplate":"https:\/\/uvbbrasil.com.br\/?s={search_term_string}"},"query-input":{"@type":"PropertyValueSpecification","valueRequired":true,"valueName":"search_term_string"}}],"inLanguage":"pt-BR"},{"@type":"Organization","@id":"https:\/\/uvbbrasil.com.br\/#organization","name":"UVB Brasil","url":"https:\/\/uvbbrasil.com.br\/","logo":{"@type":"ImageObject","inLanguage":"pt-BR","@id":"https:\/\/uvbbrasil.com.br\/#\/schema\/logo\/image\/","url":"https:\/\/uvbbrasil.com.br\/wp-content\/uploads\/2025\/01\/LOGO-UVB-2024-azul-1.jpg","contentUrl":"https:\/\/uvbbrasil.com.br\/wp-content\/uploads\/2025\/01\/LOGO-UVB-2024-azul-1.jpg","width":600,"height":211,"caption":"UVB Brasil"},"image":{"@id":"https:\/\/uvbbrasil.com.br\/#\/schema\/logo\/image\/"},"sameAs":["https:\/\/www.facebook.com\/uvb.vereadoresbrasil","https:\/\/www.instagram.com\/uvbbrasil\/","https:\/\/www.youtube.com\/channel\/UCIlPQ8Xzw5GHNzosQIg9S5A"]},{"@type":"Person","@id":"https:\/\/uvbbrasil.com.br\/#\/schema\/person\/17990098446c098f52effddff4f1b272","name":"adminuvb","image":{"@type":"ImageObject","inLanguage":"pt-BR","@id":"https:\/\/uvbbrasil.com.br\/#\/schema\/person\/image\/","url":"https:\/\/secure.gravatar.com\/avatar\/1a494ea6f8e2dd1ae526e55b0e9497efdba542491e0620d704cccf63c6f77c45?s=96&d=mm&r=g","contentUrl":"https:\/\/secure.gravatar.com\/avatar\/1a494ea6f8e2dd1ae526e55b0e9497efdba542491e0620d704cccf63c6f77c45?s=96&d=mm&r=g","caption":"adminuvb"},"sameAs":["https:\/\/uvbbrasil.com.br"],"url":"https:\/\/uvbbrasil.com.br\/author\/adminuvb\/"}]}},"_links":{"self":[{"href":"https:\/\/uvbbrasil.com.br\/uvb-json\/wp\/v2\/posts\/39916","targetHints":{"allow":["GET"]}}],"collection":[{"href":"https:\/\/uvbbrasil.com.br\/uvb-json\/wp\/v2\/posts"}],"about":[{"href":"https:\/\/uvbbrasil.com.br\/uvb-json\/wp\/v2\/types\/post"}],"author":[{"embeddable":true,"href":"https:\/\/uvbbrasil.com.br\/uvb-json\/wp\/v2\/users\/1"}],"replies":[{"embeddable":true,"href":"https:\/\/uvbbrasil.com.br\/uvb-json\/wp\/v2\/comments?post=39916"}],"version-history":[{"count":4,"href":"https:\/\/uvbbrasil.com.br\/uvb-json\/wp\/v2\/posts\/39916\/revisions"}],"predecessor-version":[{"id":39925,"href":"https:\/\/uvbbrasil.com.br\/uvb-json\/wp\/v2\/posts\/39916\/revisions\/39925"}],"wp:featuredmedia":[{"embeddable":true,"href":"https:\/\/uvbbrasil.com.br\/uvb-json\/wp\/v2\/media\/37520"}],"wp:attachment":[{"href":"https:\/\/uvbbrasil.com.br\/uvb-json\/wp\/v2\/media?parent=39916"}],"wp:term":[{"taxonomy":"category","embeddable":true,"href":"https:\/\/uvbbrasil.com.br\/uvb-json\/wp\/v2\/categories?post=39916"},{"taxonomy":"post_tag","embeddable":true,"href":"https:\/\/uvbbrasil.com.br\/uvb-json\/wp\/v2\/tags?post=39916"}],"curies":[{"name":"wp","href":"https:\/\/api.w.org\/{rel}","templated":true}]}}