{"id":39689,"date":"2026-03-17T16:42:17","date_gmt":"2026-03-17T19:42:17","guid":{"rendered":"https:\/\/uvbbrasil.com.br\/?p=39689"},"modified":"2026-03-17T16:53:34","modified_gmt":"2026-03-17T19:53:34","slug":"natal-sedia-encontro-nacional-de-gestores-legislativos-municipais-a-partir-desta-terca-17","status":"publish","type":"post","link":"https:\/\/uvbbrasil.com.br\/natal-sedia-encontro-nacional-de-gestores-legislativos-municipais-a-partir-desta-terca-17\/","title":{"rendered":"Natal sedia Encontro Nacional de Gestores Legislativos Municipais a partir desta ter\u00e7a (17)"},"content":{"rendered":"<div class=\"Y3BBE\" data-sfc-cp=\"\" data-sfc-cb=\"\" data-hveid=\"CAEIAxAA\" data-complete=\"true\" data-processed=\"true\"><strong class=\"Yjhzub\" data-sfc-cb=\"\" data-complete=\"true\" data-processed=\"true\">Evento realizado pela UVB e Plen\u00e1ria Assessoria re\u00fane vereadores e servidores de todo o pa\u00eds para quatro dias de capacita\u00e7\u00e3o e troca de experi\u00eancias na capital potiguar.<\/strong><\/div>\n<div class=\"Y3BBE\" data-sfc-cp=\"\" data-sfc-cb=\"\" data-hveid=\"CAEIBBAA\" data-complete=\"true\" data-processed=\"true\"><strong class=\"Yjhzub\" data-sfc-cb=\"\" data-complete=\"true\" data-processed=\"true\">NATAL (RN)<\/strong>\u00a0\u2013 Come\u00e7a hoje, 17 de mar\u00e7o, em Natal, o\u00a0<strong class=\"Yjhzub\" data-sfc-cb=\"\" data-complete=\"true\" data-processed=\"true\">Encontro Nacional de Gestores Legislativos Municipais<\/strong>. O evento, que segue at\u00e9 a pr\u00f3xima sexta-feira (20), \u00e9 uma realiza\u00e7\u00e3o da Uni\u00e3o dos Vereadores do Brasil (UVB) em parceria com a Plen\u00e1ria Assessoria e Gest\u00e3o de Eventos, consolidando-se como o terceiro grande marco do ano para o fortalecimento do Poder Legislativo no pa\u00eds.<\/div>\n<div class=\"Y3BBE\" data-sfc-cp=\"\" data-sfc-cb=\"\" data-hveid=\"CAEIBRAA\" data-complete=\"true\" data-processed=\"true\">Ap\u00f3s o sucesso de edi\u00e7\u00f5es anteriores em outras regi\u00f5es, o encontro desembarca na capital potiguar com o objetivo de promover a\u00a0<strong class=\"Yjhzub\" data-sfc-cb=\"\" data-complete=\"true\" data-processed=\"true\">moderniza\u00e7\u00e3o da gest\u00e3o p\u00fablica<\/strong>\u00a0e a valoriza\u00e7\u00e3o t\u00e9cnica dos profissionais que atuam nas C\u00e2maras Municipais. Em um cen\u00e1rio de r\u00e1pidas mudan\u00e7as administrativas, o foco central \u00e9 garantir que os mandatos sejam cada vez mais eficientes, transparentes e alinhados \u00e0s demandas da sociedade.<\/div>\n<div class=\"Fsg96\" data-sfc-cp=\"\" data-sfc-cb=\"\" data-complete=\"true\" data-processed=\"true\"><\/div>\n<div class=\"otQkpb\" role=\"heading\" aria-level=\"3\" data-animation-nesting=\"\" data-sfc-cp=\"\" data-sfc-cb=\"\" data-complete=\"true\" data-processed=\"true\" data-sae=\"\">Integra\u00e7\u00e3o e Conhecimento<\/div>\n<div class=\"Y3BBE\" data-sfc-cp=\"\" data-sfc-cb=\"\" data-hveid=\"CAEIBhAA\" data-complete=\"true\" data-processed=\"true\">A escolha de Natal como sede refor\u00e7a a import\u00e2ncia estrat\u00e9gica da cidade para o di\u00e1logo institucional. Durante os quatro dias de programa\u00e7\u00e3o, gestores, assessores e lideran\u00e7as de diversas regi\u00f5es do Brasil participar\u00e3o de debates e atividades voltadas ao aprendizado pr\u00e1tico e \u00e0 inova\u00e7\u00e3o legislativa.<\/div>\n<div class=\"Y3BBE\" data-sfc-cp=\"\" data-sfc-cb=\"\" data-hveid=\"CAEIBxAA\" data-complete=\"true\" data-processed=\"true\">O p\u00fablico-alvo \u00e9 amplo e abrange:<\/div>\n<ul class=\"KsbFXc U6u95\" data-sfc-cb=\"\" data-complete=\"true\" data-processed=\"true\">\n<li class=\"dF3vjf\" data-sfc-cb=\"\" data-hveid=\"CAEICBAA\" data-complete=\"true\" data-sae=\"\"><span class=\"T286Pc\" data-sfc-cp=\"\" data-sfc-cb=\"\" data-complete=\"true\">Vereadores e presidentes de C\u00e2maras;<\/span><\/li>\n<li class=\"dF3vjf\" data-sfc-cb=\"\" data-hveid=\"CAEICBAB\" data-complete=\"true\" data-sae=\"\"><span class=\"T286Pc\" data-sfc-cp=\"\" data-sfc-cb=\"\" data-complete=\"true\">Prefeitos e vice-prefeitos;<\/span><\/li>\n<li class=\"dF3vjf\" data-sfc-cb=\"\" data-hveid=\"CAEICBAC\" data-complete=\"true\" data-sae=\"\"><span class=\"T286Pc\" data-sfc-cp=\"\" data-sfc-cb=\"\" data-complete=\"true\">Procuradores, contadores e assessores parlamentares;<\/span><\/li>\n<li class=\"dF3vjf\" data-sfc-cb=\"\" data-hveid=\"CAEICBAD\" data-complete=\"true\" data-sae=\"\"><span class=\"T286Pc\" data-sfc-cp=\"\" data-sfc-cb=\"\" data-complete=\"true\">T\u00e9cnicos e servidores p\u00fablicos municipais.<\/span><\/li>\n<\/ul>\n<div class=\"Y3BBE\" data-sfc-cp=\"\" data-sfc-cb=\"\" data-hveid=\"CAEICRAA\" data-complete=\"true\" data-processed=\"true\" aria-owns=\"action-menu-parent-container\">Para a UVB, o evento \u00e9 uma oportunidade indispens\u00e1vel para a\u00a0<strong class=\"Yjhzub\" data-sfc-cb=\"\" data-complete=\"true\" data-processed=\"true\">troca de experi\u00eancias<\/strong>\u00a0e a atualiza\u00e7\u00e3o t\u00e9cnica de quem desempenha papel fundamental na constru\u00e7\u00e3o das pol\u00edticas p\u00fablicas locais.<\/div>\n<div data-sfc-cp=\"\" data-sfc-cb=\"\" data-hveid=\"CAEICRAA\" data-complete=\"true\" data-processed=\"true\" aria-owns=\"action-menu-parent-container\"><img fetchpriority=\"high\" decoding=\"async\" class=\"alignnone size-medium wp-image-39690\" src=\"https:\/\/uvbbrasil.com.br\/wp-content\/uploads\/2026\/03\/WhatsApp-Image-2026-03-17-at-16.29.43-225x300.jpeg\" alt=\"\" width=\"225\" height=\"300\" srcset=\"https:\/\/uvbbrasil.com.br\/wp-content\/uploads\/2026\/03\/WhatsApp-Image-2026-03-17-at-16.29.43-225x300.jpeg 225w, https:\/\/uvbbrasil.com.br\/wp-content\/uploads\/2026\/03\/WhatsApp-Image-2026-03-17-at-16.29.43-768x1024.jpeg 768w, https:\/\/uvbbrasil.com.br\/wp-content\/uploads\/2026\/03\/WhatsApp-Image-2026-03-17-at-16.29.43.jpeg 960w\" sizes=\"(max-width: 225px) 100vw, 225px\" \/><\/div>\n","protected":false},"excerpt":{"rendered":"<p>Evento realizado pela UVB e Plen\u00e1ria Assessoria re\u00fane vereadores e servidores de todo o pa\u00eds para quatro dias de capacita\u00e7\u00e3o&#8230;<\/p>\n","protected":false},"author":1,"featured_media":39690,"comment_status":"open","ping_status":"open","sticky":false,"template":"","format":"standard","meta":{"footnotes":""},"categories":[3],"tags":[],"class_list":["post-39689","post","type-post","status-publish","format-standard","has-post-thumbnail","hentry","category-noticias"],"yoast_head":"<!-- This site is optimized with the Yoast SEO plugin v26.7 - https:\/\/yoast.com\/wordpress\/plugins\/seo\/ -->\n<title>Natal sedia Encontro Nacional de Gestores Legislativos Municipais a partir desta ter\u00e7a (17) - UVB Brasil<\/title>\n<meta name=\"robots\" content=\"index, follow, max-snippet:-1, max-image-preview:large, max-video-preview:-1\" \/>\n<link rel=\"canonical\" href=\"https:\/\/uvbbrasil.com.br\/natal-sedia-encontro-nacional-de-gestores-legislativos-municipais-a-partir-desta-terca-17\/\" \/>\n<meta property=\"og:locale\" content=\"pt_BR\" \/>\n<meta property=\"og:type\" content=\"article\" \/>\n<meta property=\"og:title\" content=\"Natal sedia Encontro Nacional de Gestores Legislativos Municipais a partir desta ter\u00e7a (17) - UVB Brasil\" \/>\n<meta property=\"og:description\" content=\"Evento realizado pela UVB e Plen\u00e1ria Assessoria re\u00fane vereadores e servidores de todo o pa\u00eds para quatro dias de capacita\u00e7\u00e3o...\" \/>\n<meta property=\"og:url\" content=\"https:\/\/uvbbrasil.com.br\/natal-sedia-encontro-nacional-de-gestores-legislativos-municipais-a-partir-desta-terca-17\/\" \/>\n<meta property=\"og:site_name\" content=\"UVB Brasil\" \/>\n<meta property=\"article:publisher\" content=\"https:\/\/www.facebook.com\/uvb.vereadoresbrasil\" \/>\n<meta property=\"article:published_time\" content=\"2026-03-17T19:42:17+00:00\" \/>\n<meta property=\"article:modified_time\" content=\"2026-03-17T19:53:34+00:00\" \/>\n<meta property=\"og:image\" content=\"https:\/\/uvbbrasil.com.br\/wp-content\/uploads\/2026\/03\/WhatsApp-Image-2026-03-17-at-16.29.43.jpeg\" \/>\n\t<meta property=\"og:image:width\" content=\"960\" \/>\n\t<meta property=\"og:image:height\" content=\"1280\" \/>\n\t<meta property=\"og:image:type\" content=\"image\/jpeg\" \/>\n<meta name=\"author\" content=\"adminuvb\" \/>\n<meta name=\"twitter:card\" content=\"summary_large_image\" \/>\n<meta name=\"twitter:label1\" content=\"Escrito por\" \/>\n\t<meta name=\"twitter:data1\" content=\"adminuvb\" \/>\n\t<meta name=\"twitter:label2\" content=\"Est. tempo de leitura\" \/>\n\t<meta name=\"twitter:data2\" content=\"2 minutos\" \/>\n<script type=\"application\/ld+json\" class=\"yoast-schema-graph\">{\"@context\":\"https:\/\/schema.org\",\"@graph\":[{\"@type\":\"Article\",\"@id\":\"https:\/\/uvbbrasil.com.br\/natal-sedia-encontro-nacional-de-gestores-legislativos-municipais-a-partir-desta-terca-17\/#article\",\"isPartOf\":{\"@id\":\"https:\/\/uvbbrasil.com.br\/natal-sedia-encontro-nacional-de-gestores-legislativos-municipais-a-partir-desta-terca-17\/\"},\"author\":{\"name\":\"adminuvb\",\"@id\":\"https:\/\/uvbbrasil.com.br\/#\/schema\/person\/17990098446c098f52effddff4f1b272\"},\"headline\":\"Natal sedia Encontro Nacional de Gestores Legislativos Municipais a partir desta ter\u00e7a (17)\",\"datePublished\":\"2026-03-17T19:42:17+00:00\",\"dateModified\":\"2026-03-17T19:53:34+00:00\",\"mainEntityOfPage\":{\"@id\":\"https:\/\/uvbbrasil.com.br\/natal-sedia-encontro-nacional-de-gestores-legislativos-municipais-a-partir-desta-terca-17\/\"},\"wordCount\":304,\"commentCount\":0,\"publisher\":{\"@id\":\"https:\/\/uvbbrasil.com.br\/#organization\"},\"image\":{\"@id\":\"https:\/\/uvbbrasil.com.br\/natal-sedia-encontro-nacional-de-gestores-legislativos-municipais-a-partir-desta-terca-17\/#primaryimage\"},\"thumbnailUrl\":\"https:\/\/uvbbrasil.com.br\/wp-content\/uploads\/2026\/03\/WhatsApp-Image-2026-03-17-at-16.29.43.jpeg\",\"articleSection\":[\"NOT\u00cdCIAS\"],\"inLanguage\":\"pt-BR\",\"potentialAction\":[{\"@type\":\"CommentAction\",\"name\":\"Comment\",\"target\":[\"https:\/\/uvbbrasil.com.br\/natal-sedia-encontro-nacional-de-gestores-legislativos-municipais-a-partir-desta-terca-17\/#respond\"]}]},{\"@type\":\"WebPage\",\"@id\":\"https:\/\/uvbbrasil.com.br\/natal-sedia-encontro-nacional-de-gestores-legislativos-municipais-a-partir-desta-terca-17\/\",\"url\":\"https:\/\/uvbbrasil.com.br\/natal-sedia-encontro-nacional-de-gestores-legislativos-municipais-a-partir-desta-terca-17\/\",\"name\":\"Natal sedia Encontro Nacional de Gestores Legislativos Municipais a partir desta ter\u00e7a (17) - UVB Brasil\",\"isPartOf\":{\"@id\":\"https:\/\/uvbbrasil.com.br\/#website\"},\"primaryImageOfPage\":{\"@id\":\"https:\/\/uvbbrasil.com.br\/natal-sedia-encontro-nacional-de-gestores-legislativos-municipais-a-partir-desta-terca-17\/#primaryimage\"},\"image\":{\"@id\":\"https:\/\/uvbbrasil.com.br\/natal-sedia-encontro-nacional-de-gestores-legislativos-municipais-a-partir-desta-terca-17\/#primaryimage\"},\"thumbnailUrl\":\"https:\/\/uvbbrasil.com.br\/wp-content\/uploads\/2026\/03\/WhatsApp-Image-2026-03-17-at-16.29.43.jpeg\",\"datePublished\":\"2026-03-17T19:42:17+00:00\",\"dateModified\":\"2026-03-17T19:53:34+00:00\",\"breadcrumb\":{\"@id\":\"https:\/\/uvbbrasil.com.br\/natal-sedia-encontro-nacional-de-gestores-legislativos-municipais-a-partir-desta-terca-17\/#breadcrumb\"},\"inLanguage\":\"pt-BR\",\"potentialAction\":[{\"@type\":\"ReadAction\",\"target\":[\"https:\/\/uvbbrasil.com.br\/natal-sedia-encontro-nacional-de-gestores-legislativos-municipais-a-partir-desta-terca-17\/\"]}]},{\"@type\":\"ImageObject\",\"inLanguage\":\"pt-BR\",\"@id\":\"https:\/\/uvbbrasil.com.br\/natal-sedia-encontro-nacional-de-gestores-legislativos-municipais-a-partir-desta-terca-17\/#primaryimage\",\"url\":\"https:\/\/uvbbrasil.com.br\/wp-content\/uploads\/2026\/03\/WhatsApp-Image-2026-03-17-at-16.29.43.jpeg\",\"contentUrl\":\"https:\/\/uvbbrasil.com.br\/wp-content\/uploads\/2026\/03\/WhatsApp-Image-2026-03-17-at-16.29.43.jpeg\",\"width\":960,\"height\":1280},{\"@type\":\"BreadcrumbList\",\"@id\":\"https:\/\/uvbbrasil.com.br\/natal-sedia-encontro-nacional-de-gestores-legislativos-municipais-a-partir-desta-terca-17\/#breadcrumb\",\"itemListElement\":[{\"@type\":\"ListItem\",\"position\":1,\"name\":\"In\u00edcio\",\"item\":\"https:\/\/uvbbrasil.com.br\/\"},{\"@type\":\"ListItem\",\"position\":2,\"name\":\"Natal sedia Encontro Nacional de Gestores Legislativos Municipais a partir desta ter\u00e7a (17)\"}]},{\"@type\":\"WebSite\",\"@id\":\"https:\/\/uvbbrasil.com.br\/#website\",\"url\":\"https:\/\/uvbbrasil.com.br\/\",\"name\":\"UVB Brasil\",\"description\":\"Uni\u00e3o dos Vereadores do Brasil\",\"publisher\":{\"@id\":\"https:\/\/uvbbrasil.com.br\/#organization\"},\"potentialAction\":[{\"@type\":\"SearchAction\",\"target\":{\"@type\":\"EntryPoint\",\"urlTemplate\":\"https:\/\/uvbbrasil.com.br\/?s={search_term_string}\"},\"query-input\":{\"@type\":\"PropertyValueSpecification\",\"valueRequired\":true,\"valueName\":\"search_term_string\"}}],\"inLanguage\":\"pt-BR\"},{\"@type\":\"Organization\",\"@id\":\"https:\/\/uvbbrasil.com.br\/#organization\",\"name\":\"UVB Brasil\",\"url\":\"https:\/\/uvbbrasil.com.br\/\",\"logo\":{\"@type\":\"ImageObject\",\"inLanguage\":\"pt-BR\",\"@id\":\"https:\/\/uvbbrasil.com.br\/#\/schema\/logo\/image\/\",\"url\":\"https:\/\/uvbbrasil.com.br\/wp-content\/uploads\/2025\/01\/LOGO-UVB-2024-azul-1.jpg\",\"contentUrl\":\"https:\/\/uvbbrasil.com.br\/wp-content\/uploads\/2025\/01\/LOGO-UVB-2024-azul-1.jpg\",\"width\":600,\"height\":211,\"caption\":\"UVB Brasil\"},\"image\":{\"@id\":\"https:\/\/uvbbrasil.com.br\/#\/schema\/logo\/image\/\"},\"sameAs\":[\"https:\/\/www.facebook.com\/uvb.vereadoresbrasil\",\"https:\/\/www.instagram.com\/uvbbrasil\/\",\"https:\/\/www.youtube.com\/channel\/UCIlPQ8Xzw5GHNzosQIg9S5A\"]},{\"@type\":\"Person\",\"@id\":\"https:\/\/uvbbrasil.com.br\/#\/schema\/person\/17990098446c098f52effddff4f1b272\",\"name\":\"adminuvb\",\"image\":{\"@type\":\"ImageObject\",\"inLanguage\":\"pt-BR\",\"@id\":\"https:\/\/uvbbrasil.com.br\/#\/schema\/person\/image\/\",\"url\":\"https:\/\/secure.gravatar.com\/avatar\/1a494ea6f8e2dd1ae526e55b0e9497efdba542491e0620d704cccf63c6f77c45?s=96&d=mm&r=g\",\"contentUrl\":\"https:\/\/secure.gravatar.com\/avatar\/1a494ea6f8e2dd1ae526e55b0e9497efdba542491e0620d704cccf63c6f77c45?s=96&d=mm&r=g\",\"caption\":\"adminuvb\"},\"sameAs\":[\"https:\/\/uvbbrasil.com.br\"],\"url\":\"https:\/\/uvbbrasil.com.br\/author\/adminuvb\/\"}]}<\/script>\n<!-- \/ Yoast SEO plugin. -->","yoast_head_json":{"title":"Natal sedia Encontro Nacional de Gestores Legislativos Municipais a partir desta ter\u00e7a (17) - UVB Brasil","robots":{"index":"index","follow":"follow","max-snippet":"max-snippet:-1","max-image-preview":"max-image-preview:large","max-video-preview":"max-video-preview:-1"},"canonical":"https:\/\/uvbbrasil.com.br\/natal-sedia-encontro-nacional-de-gestores-legislativos-municipais-a-partir-desta-terca-17\/","og_locale":"pt_BR","og_type":"article","og_title":"Natal sedia Encontro Nacional de Gestores Legislativos Municipais a partir desta ter\u00e7a (17) - UVB Brasil","og_description":"Evento realizado pela UVB e Plen\u00e1ria Assessoria re\u00fane vereadores e servidores de todo o pa\u00eds para quatro dias de capacita\u00e7\u00e3o...","og_url":"https:\/\/uvbbrasil.com.br\/natal-sedia-encontro-nacional-de-gestores-legislativos-municipais-a-partir-desta-terca-17\/","og_site_name":"UVB Brasil","article_publisher":"https:\/\/www.facebook.com\/uvb.vereadoresbrasil","article_published_time":"2026-03-17T19:42:17+00:00","article_modified_time":"2026-03-17T19:53:34+00:00","og_image":[{"width":960,"height":1280,"url":"https:\/\/uvbbrasil.com.br\/wp-content\/uploads\/2026\/03\/WhatsApp-Image-2026-03-17-at-16.29.43.jpeg","type":"image\/jpeg"}],"author":"adminuvb","twitter_card":"summary_large_image","twitter_misc":{"Escrito por":"adminuvb","Est. tempo de leitura":"2 minutos"},"schema":{"@context":"https:\/\/schema.org","@graph":[{"@type":"Article","@id":"https:\/\/uvbbrasil.com.br\/natal-sedia-encontro-nacional-de-gestores-legislativos-municipais-a-partir-desta-terca-17\/#article","isPartOf":{"@id":"https:\/\/uvbbrasil.com.br\/natal-sedia-encontro-nacional-de-gestores-legislativos-municipais-a-partir-desta-terca-17\/"},"author":{"name":"adminuvb","@id":"https:\/\/uvbbrasil.com.br\/#\/schema\/person\/17990098446c098f52effddff4f1b272"},"headline":"Natal sedia Encontro Nacional de Gestores Legislativos Municipais a partir desta ter\u00e7a (17)","datePublished":"2026-03-17T19:42:17+00:00","dateModified":"2026-03-17T19:53:34+00:00","mainEntityOfPage":{"@id":"https:\/\/uvbbrasil.com.br\/natal-sedia-encontro-nacional-de-gestores-legislativos-municipais-a-partir-desta-terca-17\/"},"wordCount":304,"commentCount":0,"publisher":{"@id":"https:\/\/uvbbrasil.com.br\/#organization"},"image":{"@id":"https:\/\/uvbbrasil.com.br\/natal-sedia-encontro-nacional-de-gestores-legislativos-municipais-a-partir-desta-terca-17\/#primaryimage"},"thumbnailUrl":"https:\/\/uvbbrasil.com.br\/wp-content\/uploads\/2026\/03\/WhatsApp-Image-2026-03-17-at-16.29.43.jpeg","articleSection":["NOT\u00cdCIAS"],"inLanguage":"pt-BR","potentialAction":[{"@type":"CommentAction","name":"Comment","target":["https:\/\/uvbbrasil.com.br\/natal-sedia-encontro-nacional-de-gestores-legislativos-municipais-a-partir-desta-terca-17\/#respond"]}]},{"@type":"WebPage","@id":"https:\/\/uvbbrasil.com.br\/natal-sedia-encontro-nacional-de-gestores-legislativos-municipais-a-partir-desta-terca-17\/","url":"https:\/\/uvbbrasil.com.br\/natal-sedia-encontro-nacional-de-gestores-legislativos-municipais-a-partir-desta-terca-17\/","name":"Natal sedia Encontro Nacional de Gestores Legislativos Municipais a partir desta ter\u00e7a (17) - UVB Brasil","isPartOf":{"@id":"https:\/\/uvbbrasil.com.br\/#website"},"primaryImageOfPage":{"@id":"https:\/\/uvbbrasil.com.br\/natal-sedia-encontro-nacional-de-gestores-legislativos-municipais-a-partir-desta-terca-17\/#primaryimage"},"image":{"@id":"https:\/\/uvbbrasil.com.br\/natal-sedia-encontro-nacional-de-gestores-legislativos-municipais-a-partir-desta-terca-17\/#primaryimage"},"thumbnailUrl":"https:\/\/uvbbrasil.com.br\/wp-content\/uploads\/2026\/03\/WhatsApp-Image-2026-03-17-at-16.29.43.jpeg","datePublished":"2026-03-17T19:42:17+00:00","dateModified":"2026-03-17T19:53:34+00:00","breadcrumb":{"@id":"https:\/\/uvbbrasil.com.br\/natal-sedia-encontro-nacional-de-gestores-legislativos-municipais-a-partir-desta-terca-17\/#breadcrumb"},"inLanguage":"pt-BR","potentialAction":[{"@type":"ReadAction","target":["https:\/\/uvbbrasil.com.br\/natal-sedia-encontro-nacional-de-gestores-legislativos-municipais-a-partir-desta-terca-17\/"]}]},{"@type":"ImageObject","inLanguage":"pt-BR","@id":"https:\/\/uvbbrasil.com.br\/natal-sedia-encontro-nacional-de-gestores-legislativos-municipais-a-partir-desta-terca-17\/#primaryimage","url":"https:\/\/uvbbrasil.com.br\/wp-content\/uploads\/2026\/03\/WhatsApp-Image-2026-03-17-at-16.29.43.jpeg","contentUrl":"https:\/\/uvbbrasil.com.br\/wp-content\/uploads\/2026\/03\/WhatsApp-Image-2026-03-17-at-16.29.43.jpeg","width":960,"height":1280},{"@type":"BreadcrumbList","@id":"https:\/\/uvbbrasil.com.br\/natal-sedia-encontro-nacional-de-gestores-legislativos-municipais-a-partir-desta-terca-17\/#breadcrumb","itemListElement":[{"@type":"ListItem","position":1,"name":"In\u00edcio","item":"https:\/\/uvbbrasil.com.br\/"},{"@type":"ListItem","position":2,"name":"Natal sedia Encontro Nacional de Gestores Legislativos Municipais a partir desta ter\u00e7a (17)"}]},{"@type":"WebSite","@id":"https:\/\/uvbbrasil.com.br\/#website","url":"https:\/\/uvbbrasil.com.br\/","name":"UVB Brasil","description":"Uni\u00e3o dos Vereadores do Brasil","publisher":{"@id":"https:\/\/uvbbrasil.com.br\/#organization"},"potentialAction":[{"@type":"SearchAction","target":{"@type":"EntryPoint","urlTemplate":"https:\/\/uvbbrasil.com.br\/?s={search_term_string}"},"query-input":{"@type":"PropertyValueSpecification","valueRequired":true,"valueName":"search_term_string"}}],"inLanguage":"pt-BR"},{"@type":"Organization","@id":"https:\/\/uvbbrasil.com.br\/#organization","name":"UVB Brasil","url":"https:\/\/uvbbrasil.com.br\/","logo":{"@type":"ImageObject","inLanguage":"pt-BR","@id":"https:\/\/uvbbrasil.com.br\/#\/schema\/logo\/image\/","url":"https:\/\/uvbbrasil.com.br\/wp-content\/uploads\/2025\/01\/LOGO-UVB-2024-azul-1.jpg","contentUrl":"https:\/\/uvbbrasil.com.br\/wp-content\/uploads\/2025\/01\/LOGO-UVB-2024-azul-1.jpg","width":600,"height":211,"caption":"UVB Brasil"},"image":{"@id":"https:\/\/uvbbrasil.com.br\/#\/schema\/logo\/image\/"},"sameAs":["https:\/\/www.facebook.com\/uvb.vereadoresbrasil","https:\/\/www.instagram.com\/uvbbrasil\/","https:\/\/www.youtube.com\/channel\/UCIlPQ8Xzw5GHNzosQIg9S5A"]},{"@type":"Person","@id":"https:\/\/uvbbrasil.com.br\/#\/schema\/person\/17990098446c098f52effddff4f1b272","name":"adminuvb","image":{"@type":"ImageObject","inLanguage":"pt-BR","@id":"https:\/\/uvbbrasil.com.br\/#\/schema\/person\/image\/","url":"https:\/\/secure.gravatar.com\/avatar\/1a494ea6f8e2dd1ae526e55b0e9497efdba542491e0620d704cccf63c6f77c45?s=96&d=mm&r=g","contentUrl":"https:\/\/secure.gravatar.com\/avatar\/1a494ea6f8e2dd1ae526e55b0e9497efdba542491e0620d704cccf63c6f77c45?s=96&d=mm&r=g","caption":"adminuvb"},"sameAs":["https:\/\/uvbbrasil.com.br"],"url":"https:\/\/uvbbrasil.com.br\/author\/adminuvb\/"}]}},"_links":{"self":[{"href":"https:\/\/uvbbrasil.com.br\/uvb-json\/wp\/v2\/posts\/39689","targetHints":{"allow":["GET"]}}],"collection":[{"href":"https:\/\/uvbbrasil.com.br\/uvb-json\/wp\/v2\/posts"}],"about":[{"href":"https:\/\/uvbbrasil.com.br\/uvb-json\/wp\/v2\/types\/post"}],"author":[{"embeddable":true,"href":"https:\/\/uvbbrasil.com.br\/uvb-json\/wp\/v2\/users\/1"}],"replies":[{"embeddable":true,"href":"https:\/\/uvbbrasil.com.br\/uvb-json\/wp\/v2\/comments?post=39689"}],"version-history":[{"count":1,"href":"https:\/\/uvbbrasil.com.br\/uvb-json\/wp\/v2\/posts\/39689\/revisions"}],"predecessor-version":[{"id":39691,"href":"https:\/\/uvbbrasil.com.br\/uvb-json\/wp\/v2\/posts\/39689\/revisions\/39691"}],"wp:featuredmedia":[{"embeddable":true,"href":"https:\/\/uvbbrasil.com.br\/uvb-json\/wp\/v2\/media\/39690"}],"wp:attachment":[{"href":"https:\/\/uvbbrasil.com.br\/uvb-json\/wp\/v2\/media?parent=39689"}],"wp:term":[{"taxonomy":"category","embeddable":true,"href":"https:\/\/uvbbrasil.com.br\/uvb-json\/wp\/v2\/categories?post=39689"},{"taxonomy":"post_tag","embeddable":true,"href":"https:\/\/uvbbrasil.com.br\/uvb-json\/wp\/v2\/tags?post=39689"}],"curies":[{"name":"wp","href":"https:\/\/api.w.org\/{rel}","templated":true}]}}