{"id":37582,"date":"2025-05-28T12:00:31","date_gmt":"2025-05-28T15:00:31","guid":{"rendered":"https:\/\/uvbbrasil.com.br\/?p=37582"},"modified":"2025-05-29T14:19:52","modified_gmt":"2025-05-29T17:19:52","slug":"opcoes-de-hospedagem-em-encantado-rs-cidades-colaborativas-de-10-a-14-de-junho","status":"publish","type":"post","link":"https:\/\/uvbbrasil.com.br\/opcoes-de-hospedagem-em-encantado-rs-cidades-colaborativas-de-10-a-14-de-junho\/","title":{"rendered":"Op\u00e7\u00f5es de Hospedagem em Encantado\/RS- Cidades Colaborativas de 10 a 14 de junho"},"content":{"rendered":"<p>&nbsp;<\/p>\n<p>Confira a baixo algumas op\u00e7\u00f5es de hospedagem na cidade do Cristo Protetor no per\u00edodo do III Cidades Colaborativas- Semin\u00e1rio Nacional Municipalista Brasileiro de 10 a 14 de junho. O evento ser\u00e1 realizado no Centro Administrativo Adroaldo Conzatti.<\/p>\n<p>&nbsp;<\/p>\n<p><strong>Hotel Turratti ( Centro)<\/strong><\/p>\n<p>Apartamento Individual R$145,00<br \/>\nApartamento Duplo R$220,00<\/p>\n<p>Contatos(51) 3751-3100<br \/>\nWhastsApp(51) 99715-2863<\/p>\n<p>&nbsp;<\/p>\n<p><strong>Di Marco Hotel( Centro)<\/strong><\/p>\n<p>Apartamento Individual R$198,00<br \/>\nApartamento Duplo R$ 310,00<br \/>\nApartamento Triplo R$420,00<br \/>\nApartamento Qu\u00e1druplo R$ 520,00<\/p>\n<p>Contato para reserva(51) 9 8991-7047<\/p>\n<p>&nbsp;<\/p>\n<p><strong>Hotel Rizzi (2km do evento) com vista para o Cristo Protetor<\/strong><\/p>\n<p>Apartamento Individual R$ 175,00<br \/>\nApartamento Duplo R$ 295,00<br \/>\nApartamento Triplo R$ 375,00<\/p>\n<p>*. Informa\u00e7oes extras:<br \/>\n&#8211; Caf\u00e9 da manh\u00e3 com vista para o Cristo<br \/>\n&#8211; 200 MTS da Suinofest<br \/>\n&#8211; 1,5 km do evento<\/p>\n<p>Contato(51) 3751-2402<\/p>\n<p><strong>Hotel Hengu<\/strong><\/p>\n<p>Apartamento Executivo (ar-condicionado, mesa de trabalho, frigobar e TV com parab\u00f3lica)<br \/>\n\u2022 Individual (solteiro) \u2013 R$ 145,00<br \/>\n\u2022 Duplo (2 solteiros) \u2013 R$ 260,00<br \/>\n\u2022 Individual (casal) \u2013 R$ 165,00<br \/>\n\u2022 Duplo (casal) \u2013 R$ 275,00<br \/>\n\u2022 Triplo (3 solteiros ou 1 casal + cama extra) \u2013 R$ 390,00<\/p>\n<p>\u2714 Apartamento Luxo (ar-condicionado, mesa de trabalho, frigobar, TV a cabo e secador de cabelo)<br \/>\n\u2022 Individual (casal) \u2013 R$ 185,00<br \/>\n\u2022 Duplo (casal) \u2013 R$ 295,00<\/p>\n<p>\u2714 Apartamento Master (ar-condicionado, mesa de trabalho, smart TV e frigobar)<br \/>\n\u2022 Individual (solteiro) \u2013 R$ 165,00<br \/>\n\u2022 Individual (casal) \u2013 R$ 185,00<br \/>\n\u2022 Duplo (casal) \u2013 R$ 295,00<\/p>\n<p>\u2615 Incluso na di\u00e1ria: Caf\u00e9 da manh\u00e3, Wi-Fi e estacionamento.<\/p>\n<p>Contato(51) 3751-6848<\/p>\n<p>&nbsp;<\/p>\n<p><strong>Hotel Marchetti Mu\u00e7um- cidade de Mu\u00e7um 11 km de Encantado\/RS<\/strong><\/p>\n<p>Apartamento Indidual R$ 120,00<br \/>\nApartamento Duplo R$ 200,00<br \/>\nApartamento Triplo 270,00<br \/>\nApartamento Quadruplo R$ 340,00<\/p>\n<p>Contato para reserva ( 51) 9 9566-8544<\/p>\n<p><img fetchpriority=\"high\" decoding=\"async\" class=\"alignnone size-full wp-image-37309\" src=\"https:\/\/uvbbrasil.com.br\/wp-content\/uploads\/2025\/04\/cristo-1.jpg\" alt=\"\" width=\"259\" height=\"194\" \/><\/p>\n<p>&nbsp;<\/p>\n","protected":false},"excerpt":{"rendered":"<p>&nbsp; Confira a baixo algumas op\u00e7\u00f5es de hospedagem na cidade do Cristo Protetor no per\u00edodo do III Cidades Colaborativas- Semin\u00e1rio&#8230;<\/p>\n","protected":false},"author":1,"featured_media":37309,"comment_status":"open","ping_status":"open","sticky":false,"template":"","format":"standard","meta":{"footnotes":""},"categories":[3],"tags":[],"class_list":["post-37582","post","type-post","status-publish","format-standard","has-post-thumbnail","hentry","category-noticias"],"yoast_head":"<!-- This site is optimized with the Yoast SEO plugin v26.7 - https:\/\/yoast.com\/wordpress\/plugins\/seo\/ -->\n<title>Op\u00e7\u00f5es de Hospedagem em Encantado\/RS- Cidades Colaborativas de 10 a 14 de junho - UVB Brasil<\/title>\n<meta name=\"robots\" content=\"index, follow, max-snippet:-1, max-image-preview:large, max-video-preview:-1\" \/>\n<link rel=\"canonical\" href=\"https:\/\/uvbbrasil.com.br\/opcoes-de-hospedagem-em-encantado-rs-cidades-colaborativas-de-10-a-14-de-junho\/\" \/>\n<meta property=\"og:locale\" content=\"pt_BR\" \/>\n<meta property=\"og:type\" content=\"article\" \/>\n<meta property=\"og:title\" content=\"Op\u00e7\u00f5es de Hospedagem em Encantado\/RS- Cidades Colaborativas de 10 a 14 de junho - UVB Brasil\" \/>\n<meta property=\"og:description\" content=\"&nbsp; Confira a baixo algumas op\u00e7\u00f5es de hospedagem na cidade do Cristo Protetor no per\u00edodo do III Cidades Colaborativas- Semin\u00e1rio...\" \/>\n<meta property=\"og:url\" content=\"https:\/\/uvbbrasil.com.br\/opcoes-de-hospedagem-em-encantado-rs-cidades-colaborativas-de-10-a-14-de-junho\/\" \/>\n<meta property=\"og:site_name\" content=\"UVB Brasil\" \/>\n<meta property=\"article:publisher\" content=\"https:\/\/www.facebook.com\/uvb.vereadoresbrasil\" \/>\n<meta property=\"article:published_time\" content=\"2025-05-28T15:00:31+00:00\" \/>\n<meta property=\"article:modified_time\" content=\"2025-05-29T17:19:52+00:00\" \/>\n<meta property=\"og:image\" content=\"https:\/\/uvbbrasil.com.br\/wp-content\/uploads\/2025\/04\/cristo-1.jpg\" \/>\n\t<meta property=\"og:image:width\" content=\"259\" \/>\n\t<meta property=\"og:image:height\" content=\"194\" \/>\n\t<meta property=\"og:image:type\" content=\"image\/jpeg\" \/>\n<meta name=\"author\" content=\"adminuvb\" \/>\n<meta name=\"twitter:card\" content=\"summary_large_image\" \/>\n<meta name=\"twitter:label1\" content=\"Escrito por\" \/>\n\t<meta name=\"twitter:data1\" content=\"adminuvb\" \/>\n\t<meta name=\"twitter:label2\" content=\"Est. tempo de leitura\" \/>\n\t<meta name=\"twitter:data2\" content=\"2 minutos\" \/>\n<script type=\"application\/ld+json\" class=\"yoast-schema-graph\">{\"@context\":\"https:\/\/schema.org\",\"@graph\":[{\"@type\":\"Article\",\"@id\":\"https:\/\/uvbbrasil.com.br\/opcoes-de-hospedagem-em-encantado-rs-cidades-colaborativas-de-10-a-14-de-junho\/#article\",\"isPartOf\":{\"@id\":\"https:\/\/uvbbrasil.com.br\/opcoes-de-hospedagem-em-encantado-rs-cidades-colaborativas-de-10-a-14-de-junho\/\"},\"author\":{\"name\":\"adminuvb\",\"@id\":\"https:\/\/uvbbrasil.com.br\/#\/schema\/person\/17990098446c098f52effddff4f1b272\"},\"headline\":\"Op\u00e7\u00f5es de Hospedagem em Encantado\/RS- Cidades Colaborativas de 10 a 14 de junho\",\"datePublished\":\"2025-05-28T15:00:31+00:00\",\"dateModified\":\"2025-05-29T17:19:52+00:00\",\"mainEntityOfPage\":{\"@id\":\"https:\/\/uvbbrasil.com.br\/opcoes-de-hospedagem-em-encantado-rs-cidades-colaborativas-de-10-a-14-de-junho\/\"},\"wordCount\":244,\"commentCount\":0,\"publisher\":{\"@id\":\"https:\/\/uvbbrasil.com.br\/#organization\"},\"image\":{\"@id\":\"https:\/\/uvbbrasil.com.br\/opcoes-de-hospedagem-em-encantado-rs-cidades-colaborativas-de-10-a-14-de-junho\/#primaryimage\"},\"thumbnailUrl\":\"https:\/\/uvbbrasil.com.br\/wp-content\/uploads\/2025\/04\/cristo-1.jpg\",\"articleSection\":[\"NOT\u00cdCIAS\"],\"inLanguage\":\"pt-BR\",\"potentialAction\":[{\"@type\":\"CommentAction\",\"name\":\"Comment\",\"target\":[\"https:\/\/uvbbrasil.com.br\/opcoes-de-hospedagem-em-encantado-rs-cidades-colaborativas-de-10-a-14-de-junho\/#respond\"]}]},{\"@type\":\"WebPage\",\"@id\":\"https:\/\/uvbbrasil.com.br\/opcoes-de-hospedagem-em-encantado-rs-cidades-colaborativas-de-10-a-14-de-junho\/\",\"url\":\"https:\/\/uvbbrasil.com.br\/opcoes-de-hospedagem-em-encantado-rs-cidades-colaborativas-de-10-a-14-de-junho\/\",\"name\":\"Op\u00e7\u00f5es de Hospedagem em Encantado\/RS- Cidades Colaborativas de 10 a 14 de junho - UVB Brasil\",\"isPartOf\":{\"@id\":\"https:\/\/uvbbrasil.com.br\/#website\"},\"primaryImageOfPage\":{\"@id\":\"https:\/\/uvbbrasil.com.br\/opcoes-de-hospedagem-em-encantado-rs-cidades-colaborativas-de-10-a-14-de-junho\/#primaryimage\"},\"image\":{\"@id\":\"https:\/\/uvbbrasil.com.br\/opcoes-de-hospedagem-em-encantado-rs-cidades-colaborativas-de-10-a-14-de-junho\/#primaryimage\"},\"thumbnailUrl\":\"https:\/\/uvbbrasil.com.br\/wp-content\/uploads\/2025\/04\/cristo-1.jpg\",\"datePublished\":\"2025-05-28T15:00:31+00:00\",\"dateModified\":\"2025-05-29T17:19:52+00:00\",\"breadcrumb\":{\"@id\":\"https:\/\/uvbbrasil.com.br\/opcoes-de-hospedagem-em-encantado-rs-cidades-colaborativas-de-10-a-14-de-junho\/#breadcrumb\"},\"inLanguage\":\"pt-BR\",\"potentialAction\":[{\"@type\":\"ReadAction\",\"target\":[\"https:\/\/uvbbrasil.com.br\/opcoes-de-hospedagem-em-encantado-rs-cidades-colaborativas-de-10-a-14-de-junho\/\"]}]},{\"@type\":\"ImageObject\",\"inLanguage\":\"pt-BR\",\"@id\":\"https:\/\/uvbbrasil.com.br\/opcoes-de-hospedagem-em-encantado-rs-cidades-colaborativas-de-10-a-14-de-junho\/#primaryimage\",\"url\":\"https:\/\/uvbbrasil.com.br\/wp-content\/uploads\/2025\/04\/cristo-1.jpg\",\"contentUrl\":\"https:\/\/uvbbrasil.com.br\/wp-content\/uploads\/2025\/04\/cristo-1.jpg\",\"width\":259,\"height\":194},{\"@type\":\"BreadcrumbList\",\"@id\":\"https:\/\/uvbbrasil.com.br\/opcoes-de-hospedagem-em-encantado-rs-cidades-colaborativas-de-10-a-14-de-junho\/#breadcrumb\",\"itemListElement\":[{\"@type\":\"ListItem\",\"position\":1,\"name\":\"In\u00edcio\",\"item\":\"https:\/\/uvbbrasil.com.br\/\"},{\"@type\":\"ListItem\",\"position\":2,\"name\":\"Op\u00e7\u00f5es de Hospedagem em Encantado\/RS- Cidades Colaborativas de 10 a 14 de junho\"}]},{\"@type\":\"WebSite\",\"@id\":\"https:\/\/uvbbrasil.com.br\/#website\",\"url\":\"https:\/\/uvbbrasil.com.br\/\",\"name\":\"UVB Brasil\",\"description\":\"Uni\u00e3o dos Vereadores do Brasil\",\"publisher\":{\"@id\":\"https:\/\/uvbbrasil.com.br\/#organization\"},\"potentialAction\":[{\"@type\":\"SearchAction\",\"target\":{\"@type\":\"EntryPoint\",\"urlTemplate\":\"https:\/\/uvbbrasil.com.br\/?s={search_term_string}\"},\"query-input\":{\"@type\":\"PropertyValueSpecification\",\"valueRequired\":true,\"valueName\":\"search_term_string\"}}],\"inLanguage\":\"pt-BR\"},{\"@type\":\"Organization\",\"@id\":\"https:\/\/uvbbrasil.com.br\/#organization\",\"name\":\"UVB Brasil\",\"url\":\"https:\/\/uvbbrasil.com.br\/\",\"logo\":{\"@type\":\"ImageObject\",\"inLanguage\":\"pt-BR\",\"@id\":\"https:\/\/uvbbrasil.com.br\/#\/schema\/logo\/image\/\",\"url\":\"https:\/\/uvbbrasil.com.br\/wp-content\/uploads\/2025\/01\/LOGO-UVB-2024-azul-1.jpg\",\"contentUrl\":\"https:\/\/uvbbrasil.com.br\/wp-content\/uploads\/2025\/01\/LOGO-UVB-2024-azul-1.jpg\",\"width\":600,\"height\":211,\"caption\":\"UVB Brasil\"},\"image\":{\"@id\":\"https:\/\/uvbbrasil.com.br\/#\/schema\/logo\/image\/\"},\"sameAs\":[\"https:\/\/www.facebook.com\/uvb.vereadoresbrasil\",\"https:\/\/www.instagram.com\/uvbbrasil\/\",\"https:\/\/www.youtube.com\/channel\/UCIlPQ8Xzw5GHNzosQIg9S5A\"]},{\"@type\":\"Person\",\"@id\":\"https:\/\/uvbbrasil.com.br\/#\/schema\/person\/17990098446c098f52effddff4f1b272\",\"name\":\"adminuvb\",\"image\":{\"@type\":\"ImageObject\",\"inLanguage\":\"pt-BR\",\"@id\":\"https:\/\/uvbbrasil.com.br\/#\/schema\/person\/image\/\",\"url\":\"https:\/\/secure.gravatar.com\/avatar\/1a494ea6f8e2dd1ae526e55b0e9497efdba542491e0620d704cccf63c6f77c45?s=96&d=mm&r=g\",\"contentUrl\":\"https:\/\/secure.gravatar.com\/avatar\/1a494ea6f8e2dd1ae526e55b0e9497efdba542491e0620d704cccf63c6f77c45?s=96&d=mm&r=g\",\"caption\":\"adminuvb\"},\"sameAs\":[\"https:\/\/uvbbrasil.com.br\"],\"url\":\"https:\/\/uvbbrasil.com.br\/author\/adminuvb\/\"}]}<\/script>\n<!-- \/ Yoast SEO plugin. -->","yoast_head_json":{"title":"Op\u00e7\u00f5es de Hospedagem em Encantado\/RS- Cidades Colaborativas de 10 a 14 de junho - UVB Brasil","robots":{"index":"index","follow":"follow","max-snippet":"max-snippet:-1","max-image-preview":"max-image-preview:large","max-video-preview":"max-video-preview:-1"},"canonical":"https:\/\/uvbbrasil.com.br\/opcoes-de-hospedagem-em-encantado-rs-cidades-colaborativas-de-10-a-14-de-junho\/","og_locale":"pt_BR","og_type":"article","og_title":"Op\u00e7\u00f5es de Hospedagem em Encantado\/RS- Cidades Colaborativas de 10 a 14 de junho - UVB Brasil","og_description":"&nbsp; Confira a baixo algumas op\u00e7\u00f5es de hospedagem na cidade do Cristo Protetor no per\u00edodo do III Cidades Colaborativas- Semin\u00e1rio...","og_url":"https:\/\/uvbbrasil.com.br\/opcoes-de-hospedagem-em-encantado-rs-cidades-colaborativas-de-10-a-14-de-junho\/","og_site_name":"UVB Brasil","article_publisher":"https:\/\/www.facebook.com\/uvb.vereadoresbrasil","article_published_time":"2025-05-28T15:00:31+00:00","article_modified_time":"2025-05-29T17:19:52+00:00","og_image":[{"width":259,"height":194,"url":"https:\/\/uvbbrasil.com.br\/wp-content\/uploads\/2025\/04\/cristo-1.jpg","type":"image\/jpeg"}],"author":"adminuvb","twitter_card":"summary_large_image","twitter_misc":{"Escrito por":"adminuvb","Est. tempo de leitura":"2 minutos"},"schema":{"@context":"https:\/\/schema.org","@graph":[{"@type":"Article","@id":"https:\/\/uvbbrasil.com.br\/opcoes-de-hospedagem-em-encantado-rs-cidades-colaborativas-de-10-a-14-de-junho\/#article","isPartOf":{"@id":"https:\/\/uvbbrasil.com.br\/opcoes-de-hospedagem-em-encantado-rs-cidades-colaborativas-de-10-a-14-de-junho\/"},"author":{"name":"adminuvb","@id":"https:\/\/uvbbrasil.com.br\/#\/schema\/person\/17990098446c098f52effddff4f1b272"},"headline":"Op\u00e7\u00f5es de Hospedagem em Encantado\/RS- Cidades Colaborativas de 10 a 14 de junho","datePublished":"2025-05-28T15:00:31+00:00","dateModified":"2025-05-29T17:19:52+00:00","mainEntityOfPage":{"@id":"https:\/\/uvbbrasil.com.br\/opcoes-de-hospedagem-em-encantado-rs-cidades-colaborativas-de-10-a-14-de-junho\/"},"wordCount":244,"commentCount":0,"publisher":{"@id":"https:\/\/uvbbrasil.com.br\/#organization"},"image":{"@id":"https:\/\/uvbbrasil.com.br\/opcoes-de-hospedagem-em-encantado-rs-cidades-colaborativas-de-10-a-14-de-junho\/#primaryimage"},"thumbnailUrl":"https:\/\/uvbbrasil.com.br\/wp-content\/uploads\/2025\/04\/cristo-1.jpg","articleSection":["NOT\u00cdCIAS"],"inLanguage":"pt-BR","potentialAction":[{"@type":"CommentAction","name":"Comment","target":["https:\/\/uvbbrasil.com.br\/opcoes-de-hospedagem-em-encantado-rs-cidades-colaborativas-de-10-a-14-de-junho\/#respond"]}]},{"@type":"WebPage","@id":"https:\/\/uvbbrasil.com.br\/opcoes-de-hospedagem-em-encantado-rs-cidades-colaborativas-de-10-a-14-de-junho\/","url":"https:\/\/uvbbrasil.com.br\/opcoes-de-hospedagem-em-encantado-rs-cidades-colaborativas-de-10-a-14-de-junho\/","name":"Op\u00e7\u00f5es de Hospedagem em Encantado\/RS- Cidades Colaborativas de 10 a 14 de junho - UVB Brasil","isPartOf":{"@id":"https:\/\/uvbbrasil.com.br\/#website"},"primaryImageOfPage":{"@id":"https:\/\/uvbbrasil.com.br\/opcoes-de-hospedagem-em-encantado-rs-cidades-colaborativas-de-10-a-14-de-junho\/#primaryimage"},"image":{"@id":"https:\/\/uvbbrasil.com.br\/opcoes-de-hospedagem-em-encantado-rs-cidades-colaborativas-de-10-a-14-de-junho\/#primaryimage"},"thumbnailUrl":"https:\/\/uvbbrasil.com.br\/wp-content\/uploads\/2025\/04\/cristo-1.jpg","datePublished":"2025-05-28T15:00:31+00:00","dateModified":"2025-05-29T17:19:52+00:00","breadcrumb":{"@id":"https:\/\/uvbbrasil.com.br\/opcoes-de-hospedagem-em-encantado-rs-cidades-colaborativas-de-10-a-14-de-junho\/#breadcrumb"},"inLanguage":"pt-BR","potentialAction":[{"@type":"ReadAction","target":["https:\/\/uvbbrasil.com.br\/opcoes-de-hospedagem-em-encantado-rs-cidades-colaborativas-de-10-a-14-de-junho\/"]}]},{"@type":"ImageObject","inLanguage":"pt-BR","@id":"https:\/\/uvbbrasil.com.br\/opcoes-de-hospedagem-em-encantado-rs-cidades-colaborativas-de-10-a-14-de-junho\/#primaryimage","url":"https:\/\/uvbbrasil.com.br\/wp-content\/uploads\/2025\/04\/cristo-1.jpg","contentUrl":"https:\/\/uvbbrasil.com.br\/wp-content\/uploads\/2025\/04\/cristo-1.jpg","width":259,"height":194},{"@type":"BreadcrumbList","@id":"https:\/\/uvbbrasil.com.br\/opcoes-de-hospedagem-em-encantado-rs-cidades-colaborativas-de-10-a-14-de-junho\/#breadcrumb","itemListElement":[{"@type":"ListItem","position":1,"name":"In\u00edcio","item":"https:\/\/uvbbrasil.com.br\/"},{"@type":"ListItem","position":2,"name":"Op\u00e7\u00f5es de Hospedagem em Encantado\/RS- Cidades Colaborativas de 10 a 14 de junho"}]},{"@type":"WebSite","@id":"https:\/\/uvbbrasil.com.br\/#website","url":"https:\/\/uvbbrasil.com.br\/","name":"UVB Brasil","description":"Uni\u00e3o dos Vereadores do Brasil","publisher":{"@id":"https:\/\/uvbbrasil.com.br\/#organization"},"potentialAction":[{"@type":"SearchAction","target":{"@type":"EntryPoint","urlTemplate":"https:\/\/uvbbrasil.com.br\/?s={search_term_string}"},"query-input":{"@type":"PropertyValueSpecification","valueRequired":true,"valueName":"search_term_string"}}],"inLanguage":"pt-BR"},{"@type":"Organization","@id":"https:\/\/uvbbrasil.com.br\/#organization","name":"UVB Brasil","url":"https:\/\/uvbbrasil.com.br\/","logo":{"@type":"ImageObject","inLanguage":"pt-BR","@id":"https:\/\/uvbbrasil.com.br\/#\/schema\/logo\/image\/","url":"https:\/\/uvbbrasil.com.br\/wp-content\/uploads\/2025\/01\/LOGO-UVB-2024-azul-1.jpg","contentUrl":"https:\/\/uvbbrasil.com.br\/wp-content\/uploads\/2025\/01\/LOGO-UVB-2024-azul-1.jpg","width":600,"height":211,"caption":"UVB Brasil"},"image":{"@id":"https:\/\/uvbbrasil.com.br\/#\/schema\/logo\/image\/"},"sameAs":["https:\/\/www.facebook.com\/uvb.vereadoresbrasil","https:\/\/www.instagram.com\/uvbbrasil\/","https:\/\/www.youtube.com\/channel\/UCIlPQ8Xzw5GHNzosQIg9S5A"]},{"@type":"Person","@id":"https:\/\/uvbbrasil.com.br\/#\/schema\/person\/17990098446c098f52effddff4f1b272","name":"adminuvb","image":{"@type":"ImageObject","inLanguage":"pt-BR","@id":"https:\/\/uvbbrasil.com.br\/#\/schema\/person\/image\/","url":"https:\/\/secure.gravatar.com\/avatar\/1a494ea6f8e2dd1ae526e55b0e9497efdba542491e0620d704cccf63c6f77c45?s=96&d=mm&r=g","contentUrl":"https:\/\/secure.gravatar.com\/avatar\/1a494ea6f8e2dd1ae526e55b0e9497efdba542491e0620d704cccf63c6f77c45?s=96&d=mm&r=g","caption":"adminuvb"},"sameAs":["https:\/\/uvbbrasil.com.br"],"url":"https:\/\/uvbbrasil.com.br\/author\/adminuvb\/"}]}},"_links":{"self":[{"href":"https:\/\/uvbbrasil.com.br\/uvb-json\/wp\/v2\/posts\/37582","targetHints":{"allow":["GET"]}}],"collection":[{"href":"https:\/\/uvbbrasil.com.br\/uvb-json\/wp\/v2\/posts"}],"about":[{"href":"https:\/\/uvbbrasil.com.br\/uvb-json\/wp\/v2\/types\/post"}],"author":[{"embeddable":true,"href":"https:\/\/uvbbrasil.com.br\/uvb-json\/wp\/v2\/users\/1"}],"replies":[{"embeddable":true,"href":"https:\/\/uvbbrasil.com.br\/uvb-json\/wp\/v2\/comments?post=37582"}],"version-history":[{"count":5,"href":"https:\/\/uvbbrasil.com.br\/uvb-json\/wp\/v2\/posts\/37582\/revisions"}],"predecessor-version":[{"id":37660,"href":"https:\/\/uvbbrasil.com.br\/uvb-json\/wp\/v2\/posts\/37582\/revisions\/37660"}],"wp:featuredmedia":[{"embeddable":true,"href":"https:\/\/uvbbrasil.com.br\/uvb-json\/wp\/v2\/media\/37309"}],"wp:attachment":[{"href":"https:\/\/uvbbrasil.com.br\/uvb-json\/wp\/v2\/media?parent=37582"}],"wp:term":[{"taxonomy":"category","embeddable":true,"href":"https:\/\/uvbbrasil.com.br\/uvb-json\/wp\/v2\/categories?post=37582"},{"taxonomy":"post_tag","embeddable":true,"href":"https:\/\/uvbbrasil.com.br\/uvb-json\/wp\/v2\/tags?post=37582"}],"curies":[{"name":"wp","href":"https:\/\/api.w.org\/{rel}","templated":true}]}}