{"id":3560,"date":"2016-03-07T21:09:18","date_gmt":"2016-03-08T00:09:18","guid":{"rendered":"https:\/\/wpsandbox4.pante.com.br\/?p=3560"},"modified":"2016-03-07T21:09:18","modified_gmt":"2016-03-08T00:09:18","slug":"pedro-simon-falara-para-vereadores-em-porto-alegre","status":"publish","type":"post","link":"https:\/\/uvbbrasil.com.br\/pedro-simon-falara-para-vereadores-em-porto-alegre\/","title":{"rendered":"Pedro Simon confirmado no encontro da UVB em Porto Alegre"},"content":{"rendered":"<p>Conhecido nacionalmente por sua cruzada contra a corrup\u00e7\u00e3o e pela defesa da moralidade p\u00fablica. A ret\u00f3rica inflamada do ex-senador ga\u00facho, Pedro Simon brindar\u00e1 os participantes do XVII Encontro Nacional de Legislativos Municipais que acontece de 15 a 18 de mar\u00e7o no audit\u00f3rio da AIAMU no centro da capital gaucha.<\/p>\n<p>O encontro \u00e9 mais uma atividade da UVB e\u00a0debater\u00e1 os grandes temas da atualidade com o prop\u00f3sito de capacitar, qualificar e proporcionar aos presentes uma participa\u00e7\u00e3o efetiva em suas comunidades, bem como, propor uma vis\u00e3o municipalista de temas importantes para serem aplicados em projetos para a popula\u00e7\u00e3o.<\/p>\n<p>O p\u00fablico-alvo do evento \u00e9 formado por Vereadores, Vereadoras, Diretores, Procuradores, Assessores e Servidores de C\u00e2maras Municipais, Prefeitos, Vice-Prefeitos, Secret\u00e1rios, Diretores, Procuradores, Assessores e Servidores de Prefeituras Municipais e demais interessados nas mat\u00e9rias apresentadas.<\/p>\n<p>Veja a programa\u00e7\u00e3o:<\/p>\n<h2>PROGRAMA\u00c7\u00c3O<\/h2>\n<h4><strong>15\/03 -TER\u00c7A-FEIRA<\/strong><\/h4>\n<p><strong>19hs \u2013 Palestra de Boas Vindas<\/strong><\/p>\n<p><strong>19h30m. Jantar \u00a0de Integra\u00e7\u00e3o (por ades\u00e3o)<\/strong><\/p>\n<p>Local: Galeteria Crist\u00f3foli<\/p>\n<p>R.Sete de Abril, 344 \u2013 Floresta \u2013 Porto Alegre<\/p>\n<h4><strong>16\/03 \u2013 QUARTA-FEIRA<\/strong><\/h4>\n<p><strong>08h30m \u2013 Recep\u00e7\u00e3o<\/strong><\/p>\n<p><strong>09h \u2013 Abertura Oficial<\/strong><\/p>\n<p>Autoridades convidadas<\/p>\n<p><strong>10h30m. \u2013 Subs\u00eddios, Di\u00e1rias\u00a0e aspectos relevantes ao \u00faltimo ano da atual legislatura\u00a0<\/strong><\/p>\n<p>Edison Imar Oliveira Mello- Economista, Professor, Auditor externo aposentado do TCE\/RS,\u00a0Consultor da UVERGS e UVB.<\/p>\n<p><strong>14h \u2013\u00a0Desenvolvimento Econ\u00f4mico e Social atrav\u00e9s do Cooperativismo<\/strong><\/p>\n<p>Irno Pretto \u2013 Presidente da Federa\u00e7\u00e3o das Uniodontos do RS e Diretor da OCERGS\/SESCOOP<\/p>\n<p><strong>15h. \u2013 O Incremento da Arrecada\u00e7\u00e3o atrav\u00e9s da Gest\u00e3o Tribut\u00e1ria Municipal<\/strong><\/p>\n<p>Jeanine Benkentein, advogada, diretora da Tributarium Assessoria<\/p>\n<p><strong>16h \u2013\u00a0Frente Parlamentar dos Homens contra a Viol\u00eancia \u00e0s Mulheres<\/strong><\/p>\n<p>Gabinete do Deputado Estadual Edegar Pretto<\/p>\n<p><strong>16h30m \u2013\u00a0Frente Nacional de Combate ao Zika\u00a0<\/strong><\/p>\n<p>Dr. Jo\u00e3o Gabardo dos reis \u2013 Secret\u00e1rio Estadual da Sa\u00fade<\/p>\n<h4>17\/03 \u2013\u00a0QUINTA-FEIRA<\/h4>\n<p><strong>08h30m \u2013 Recep\u00e7\u00e3o<\/strong><\/p>\n<p><strong>09hs \u2013\u00a0<\/strong><strong>O Municipalismo e o Novo Pacto Federativo<\/strong><\/p>\n<p>Glademir Aroldi \u2013 Vice Presidente da CNM<\/p>\n<p><strong>11hs \u2013\u00a0<\/strong><strong>O\u00a0Cen\u00e1rio Pol\u00edtico na Atualidade\u00a0<\/strong><\/p>\n<p>Pedro Simon, foi Governador do RS e Senador da Rep\u00fablica<\/p>\n<p><strong>14hs \u2013 Vencendo\u00a0Barreiras<\/strong><\/p>\n<p>Silvana Covatti \u2013 Presidente da Assembl\u00e9ia Legislativa do RS<\/p>\n<p><strong>15hs \u2013 Erros e Acertos \u2013\u00a0Comunica\u00e7\u00e3o no Exerc\u00edcio do Mandato<\/strong><\/p>\n<p>Adriano Mazzarino \u2013 Jornalista especialista em Marketing Pol\u00edtico direito<\/p>\n<h4><strong>18\/03 \u2013 SEXTA-FEIRA<\/strong><\/h4>\n<p><strong>08h30m \u2013 Recep\u00e7\u00e3o<\/strong><\/p>\n<p><strong>09hs \u2013 Direito Eleitoral e Elei\u00e7\u00f5es 2016<\/strong><\/p>\n<p>Dr. Rodrigo L\u00f3pes Z\u00edlio \u2013 Promotor de Justi\u00e7a do Estado do Rio Grande do Sul<\/p>\n<p><strong>10hs \u2013 Reforma Eleitoral e os seus Efeitos\u00a0<\/strong><\/p>\n<p>F\u00e1bio Gisch \u2013 Advogado especialista em Direito Administrativo e Eleitoral<\/p>\n<p><strong>11h45 \u2013 Sorteio de uma Moto Zero Km \u00a0(participa\u00e7\u00e3o por ades\u00e3o)<\/strong><\/p>\n<p><strong>12hs \u2013 Encerramento<\/strong><\/p>\n<p>Inscri\u00e7\u00f5es Abertas:\u00a0<a href=\"http:\/\/www.valesolucoesemgestao.com.br\/eventos\/\"><strong>CLIQUE AQUI E FA\u00c7A SUA INSCRI\u00c7\u00c3O<\/strong><\/a><\/p>\n<p>&nbsp;<\/p>\n","protected":false},"excerpt":{"rendered":"<p>Conhecido nacionalmente por sua cruzada contra a corrup\u00e7\u00e3o e pela defesa da moralidade p\u00fablica. A ret\u00f3rica inflamada do ex-senador ga\u00facho,&#8230;<\/p>\n","protected":false},"author":1,"featured_media":3561,"comment_status":"open","ping_status":"open","sticky":false,"template":"","format":"standard","meta":{"footnotes":""},"categories":[4],"tags":[],"class_list":["post-3560","post","type-post","status-publish","format-standard","has-post-thumbnail","hentry","category-home"],"yoast_head":"<!-- This site is optimized with the Yoast SEO plugin v27.5 - https:\/\/yoast.com\/product\/yoast-seo-wordpress\/ -->\n<title>Pedro Simon confirmado no encontro da UVB em Porto Alegre - UVB Brasil<\/title>\n<meta name=\"robots\" content=\"index, follow, max-snippet:-1, max-image-preview:large, max-video-preview:-1\" \/>\n<link rel=\"canonical\" href=\"https:\/\/uvbbrasil.com.br\/pedro-simon-falara-para-vereadores-em-porto-alegre\/\" \/>\n<meta property=\"og:locale\" content=\"pt_BR\" \/>\n<meta property=\"og:type\" content=\"article\" \/>\n<meta property=\"og:title\" content=\"Pedro Simon confirmado no encontro da UVB em Porto Alegre - UVB Brasil\" \/>\n<meta property=\"og:description\" content=\"Conhecido nacionalmente por sua cruzada contra a corrup\u00e7\u00e3o e pela defesa da moralidade p\u00fablica. A ret\u00f3rica inflamada do ex-senador ga\u00facho,...\" \/>\n<meta property=\"og:url\" content=\"https:\/\/uvbbrasil.com.br\/pedro-simon-falara-para-vereadores-em-porto-alegre\/\" \/>\n<meta property=\"og:site_name\" content=\"UVB Brasil\" \/>\n<meta property=\"article:publisher\" content=\"https:\/\/www.facebook.com\/uvb.vereadoresbrasil\" \/>\n<meta property=\"article:published_time\" content=\"2016-03-08T00:09:18+00:00\" \/>\n<meta property=\"og:image\" content=\"https:\/\/uvbbrasil.com.br\/wp-content\/uploads\/2016\/03\/simon-2016.jpg\" \/>\n\t<meta property=\"og:image:width\" content=\"480\" \/>\n\t<meta property=\"og:image:height\" content=\"320\" \/>\n\t<meta property=\"og:image:type\" content=\"image\/jpeg\" \/>\n<meta name=\"author\" content=\"adminuvb\" \/>\n<meta name=\"twitter:card\" content=\"summary_large_image\" \/>\n<meta name=\"twitter:label1\" content=\"Escrito por\" \/>\n\t<meta name=\"twitter:data1\" content=\"adminuvb\" \/>\n\t<meta name=\"twitter:label2\" content=\"Est. tempo de leitura\" \/>\n\t<meta name=\"twitter:data2\" content=\"2 minutos\" \/>\n<script type=\"application\/ld+json\" class=\"yoast-schema-graph\">{\"@context\":\"https:\\\/\\\/schema.org\",\"@graph\":[{\"@type\":\"Article\",\"@id\":\"https:\\\/\\\/uvbbrasil.com.br\\\/pedro-simon-falara-para-vereadores-em-porto-alegre\\\/#article\",\"isPartOf\":{\"@id\":\"https:\\\/\\\/uvbbrasil.com.br\\\/pedro-simon-falara-para-vereadores-em-porto-alegre\\\/\"},\"author\":{\"name\":\"adminuvb\",\"@id\":\"https:\\\/\\\/uvbbrasil.com.br\\\/#\\\/schema\\\/person\\\/17990098446c098f52effddff4f1b272\"},\"headline\":\"Pedro Simon confirmado no encontro da UVB em Porto Alegre\",\"datePublished\":\"2016-03-08T00:09:18+00:00\",\"mainEntityOfPage\":{\"@id\":\"https:\\\/\\\/uvbbrasil.com.br\\\/pedro-simon-falara-para-vereadores-em-porto-alegre\\\/\"},\"wordCount\":450,\"commentCount\":0,\"publisher\":{\"@id\":\"https:\\\/\\\/uvbbrasil.com.br\\\/#organization\"},\"image\":{\"@id\":\"https:\\\/\\\/uvbbrasil.com.br\\\/pedro-simon-falara-para-vereadores-em-porto-alegre\\\/#primaryimage\"},\"thumbnailUrl\":\"https:\\\/\\\/uvbbrasil.com.br\\\/wp-content\\\/uploads\\\/2016\\\/03\\\/simon-2016.jpg\",\"articleSection\":[\"UVB\"],\"inLanguage\":\"pt-BR\",\"potentialAction\":[{\"@type\":\"CommentAction\",\"name\":\"Comment\",\"target\":[\"https:\\\/\\\/uvbbrasil.com.br\\\/pedro-simon-falara-para-vereadores-em-porto-alegre\\\/#respond\"]}]},{\"@type\":\"WebPage\",\"@id\":\"https:\\\/\\\/uvbbrasil.com.br\\\/pedro-simon-falara-para-vereadores-em-porto-alegre\\\/\",\"url\":\"https:\\\/\\\/uvbbrasil.com.br\\\/pedro-simon-falara-para-vereadores-em-porto-alegre\\\/\",\"name\":\"Pedro Simon confirmado no encontro da UVB em Porto Alegre - UVB Brasil\",\"isPartOf\":{\"@id\":\"https:\\\/\\\/uvbbrasil.com.br\\\/#website\"},\"primaryImageOfPage\":{\"@id\":\"https:\\\/\\\/uvbbrasil.com.br\\\/pedro-simon-falara-para-vereadores-em-porto-alegre\\\/#primaryimage\"},\"image\":{\"@id\":\"https:\\\/\\\/uvbbrasil.com.br\\\/pedro-simon-falara-para-vereadores-em-porto-alegre\\\/#primaryimage\"},\"thumbnailUrl\":\"https:\\\/\\\/uvbbrasil.com.br\\\/wp-content\\\/uploads\\\/2016\\\/03\\\/simon-2016.jpg\",\"datePublished\":\"2016-03-08T00:09:18+00:00\",\"breadcrumb\":{\"@id\":\"https:\\\/\\\/uvbbrasil.com.br\\\/pedro-simon-falara-para-vereadores-em-porto-alegre\\\/#breadcrumb\"},\"inLanguage\":\"pt-BR\",\"potentialAction\":[{\"@type\":\"ReadAction\",\"target\":[\"https:\\\/\\\/uvbbrasil.com.br\\\/pedro-simon-falara-para-vereadores-em-porto-alegre\\\/\"]}]},{\"@type\":\"ImageObject\",\"inLanguage\":\"pt-BR\",\"@id\":\"https:\\\/\\\/uvbbrasil.com.br\\\/pedro-simon-falara-para-vereadores-em-porto-alegre\\\/#primaryimage\",\"url\":\"https:\\\/\\\/uvbbrasil.com.br\\\/wp-content\\\/uploads\\\/2016\\\/03\\\/simon-2016.jpg\",\"contentUrl\":\"https:\\\/\\\/uvbbrasil.com.br\\\/wp-content\\\/uploads\\\/2016\\\/03\\\/simon-2016.jpg\",\"width\":480,\"height\":320},{\"@type\":\"BreadcrumbList\",\"@id\":\"https:\\\/\\\/uvbbrasil.com.br\\\/pedro-simon-falara-para-vereadores-em-porto-alegre\\\/#breadcrumb\",\"itemListElement\":[{\"@type\":\"ListItem\",\"position\":1,\"name\":\"In\u00edcio\",\"item\":\"https:\\\/\\\/uvbbrasil.com.br\\\/\"},{\"@type\":\"ListItem\",\"position\":2,\"name\":\"Pedro Simon confirmado no encontro da UVB em Porto Alegre\"}]},{\"@type\":\"WebSite\",\"@id\":\"https:\\\/\\\/uvbbrasil.com.br\\\/#website\",\"url\":\"https:\\\/\\\/uvbbrasil.com.br\\\/\",\"name\":\"UVB Brasil\",\"description\":\"Uni\u00e3o dos Vereadores do Brasil\",\"publisher\":{\"@id\":\"https:\\\/\\\/uvbbrasil.com.br\\\/#organization\"},\"potentialAction\":[{\"@type\":\"SearchAction\",\"target\":{\"@type\":\"EntryPoint\",\"urlTemplate\":\"https:\\\/\\\/uvbbrasil.com.br\\\/?s={search_term_string}\"},\"query-input\":{\"@type\":\"PropertyValueSpecification\",\"valueRequired\":true,\"valueName\":\"search_term_string\"}}],\"inLanguage\":\"pt-BR\"},{\"@type\":\"Organization\",\"@id\":\"https:\\\/\\\/uvbbrasil.com.br\\\/#organization\",\"name\":\"UVB Brasil\",\"url\":\"https:\\\/\\\/uvbbrasil.com.br\\\/\",\"logo\":{\"@type\":\"ImageObject\",\"inLanguage\":\"pt-BR\",\"@id\":\"https:\\\/\\\/uvbbrasil.com.br\\\/#\\\/schema\\\/logo\\\/image\\\/\",\"url\":\"https:\\\/\\\/uvbbrasil.com.br\\\/wp-content\\\/uploads\\\/2025\\\/01\\\/LOGO-UVB-2024-azul-1.jpg\",\"contentUrl\":\"https:\\\/\\\/uvbbrasil.com.br\\\/wp-content\\\/uploads\\\/2025\\\/01\\\/LOGO-UVB-2024-azul-1.jpg\",\"width\":600,\"height\":211,\"caption\":\"UVB Brasil\"},\"image\":{\"@id\":\"https:\\\/\\\/uvbbrasil.com.br\\\/#\\\/schema\\\/logo\\\/image\\\/\"},\"sameAs\":[\"https:\\\/\\\/www.facebook.com\\\/uvb.vereadoresbrasil\",\"https:\\\/\\\/www.instagram.com\\\/uvbbrasil\\\/\",\"https:\\\/\\\/www.youtube.com\\\/channel\\\/UCIlPQ8Xzw5GHNzosQIg9S5A\"]},{\"@type\":\"Person\",\"@id\":\"https:\\\/\\\/uvbbrasil.com.br\\\/#\\\/schema\\\/person\\\/17990098446c098f52effddff4f1b272\",\"name\":\"adminuvb\",\"image\":{\"@type\":\"ImageObject\",\"inLanguage\":\"pt-BR\",\"@id\":\"https:\\\/\\\/secure.gravatar.com\\\/avatar\\\/1a494ea6f8e2dd1ae526e55b0e9497efdba542491e0620d704cccf63c6f77c45?s=96&d=mm&r=g\",\"url\":\"https:\\\/\\\/secure.gravatar.com\\\/avatar\\\/1a494ea6f8e2dd1ae526e55b0e9497efdba542491e0620d704cccf63c6f77c45?s=96&d=mm&r=g\",\"contentUrl\":\"https:\\\/\\\/secure.gravatar.com\\\/avatar\\\/1a494ea6f8e2dd1ae526e55b0e9497efdba542491e0620d704cccf63c6f77c45?s=96&d=mm&r=g\",\"caption\":\"adminuvb\"},\"sameAs\":[\"https:\\\/\\\/uvbbrasil.com.br\"],\"url\":\"https:\\\/\\\/uvbbrasil.com.br\\\/author\\\/adminuvb\\\/\"}]}<\/script>\n<!-- \/ Yoast SEO plugin. -->","yoast_head_json":{"title":"Pedro Simon confirmado no encontro da UVB em Porto Alegre - UVB Brasil","robots":{"index":"index","follow":"follow","max-snippet":"max-snippet:-1","max-image-preview":"max-image-preview:large","max-video-preview":"max-video-preview:-1"},"canonical":"https:\/\/uvbbrasil.com.br\/pedro-simon-falara-para-vereadores-em-porto-alegre\/","og_locale":"pt_BR","og_type":"article","og_title":"Pedro Simon confirmado no encontro da UVB em Porto Alegre - UVB Brasil","og_description":"Conhecido nacionalmente por sua cruzada contra a corrup\u00e7\u00e3o e pela defesa da moralidade p\u00fablica. A ret\u00f3rica inflamada do ex-senador ga\u00facho,...","og_url":"https:\/\/uvbbrasil.com.br\/pedro-simon-falara-para-vereadores-em-porto-alegre\/","og_site_name":"UVB Brasil","article_publisher":"https:\/\/www.facebook.com\/uvb.vereadoresbrasil","article_published_time":"2016-03-08T00:09:18+00:00","og_image":[{"width":480,"height":320,"url":"https:\/\/uvbbrasil.com.br\/wp-content\/uploads\/2016\/03\/simon-2016.jpg","type":"image\/jpeg"}],"author":"adminuvb","twitter_card":"summary_large_image","twitter_misc":{"Escrito por":"adminuvb","Est. tempo de leitura":"2 minutos"},"schema":{"@context":"https:\/\/schema.org","@graph":[{"@type":"Article","@id":"https:\/\/uvbbrasil.com.br\/pedro-simon-falara-para-vereadores-em-porto-alegre\/#article","isPartOf":{"@id":"https:\/\/uvbbrasil.com.br\/pedro-simon-falara-para-vereadores-em-porto-alegre\/"},"author":{"name":"adminuvb","@id":"https:\/\/uvbbrasil.com.br\/#\/schema\/person\/17990098446c098f52effddff4f1b272"},"headline":"Pedro Simon confirmado no encontro da UVB em Porto Alegre","datePublished":"2016-03-08T00:09:18+00:00","mainEntityOfPage":{"@id":"https:\/\/uvbbrasil.com.br\/pedro-simon-falara-para-vereadores-em-porto-alegre\/"},"wordCount":450,"commentCount":0,"publisher":{"@id":"https:\/\/uvbbrasil.com.br\/#organization"},"image":{"@id":"https:\/\/uvbbrasil.com.br\/pedro-simon-falara-para-vereadores-em-porto-alegre\/#primaryimage"},"thumbnailUrl":"https:\/\/uvbbrasil.com.br\/wp-content\/uploads\/2016\/03\/simon-2016.jpg","articleSection":["UVB"],"inLanguage":"pt-BR","potentialAction":[{"@type":"CommentAction","name":"Comment","target":["https:\/\/uvbbrasil.com.br\/pedro-simon-falara-para-vereadores-em-porto-alegre\/#respond"]}]},{"@type":"WebPage","@id":"https:\/\/uvbbrasil.com.br\/pedro-simon-falara-para-vereadores-em-porto-alegre\/","url":"https:\/\/uvbbrasil.com.br\/pedro-simon-falara-para-vereadores-em-porto-alegre\/","name":"Pedro Simon confirmado no encontro da UVB em Porto Alegre - UVB Brasil","isPartOf":{"@id":"https:\/\/uvbbrasil.com.br\/#website"},"primaryImageOfPage":{"@id":"https:\/\/uvbbrasil.com.br\/pedro-simon-falara-para-vereadores-em-porto-alegre\/#primaryimage"},"image":{"@id":"https:\/\/uvbbrasil.com.br\/pedro-simon-falara-para-vereadores-em-porto-alegre\/#primaryimage"},"thumbnailUrl":"https:\/\/uvbbrasil.com.br\/wp-content\/uploads\/2016\/03\/simon-2016.jpg","datePublished":"2016-03-08T00:09:18+00:00","breadcrumb":{"@id":"https:\/\/uvbbrasil.com.br\/pedro-simon-falara-para-vereadores-em-porto-alegre\/#breadcrumb"},"inLanguage":"pt-BR","potentialAction":[{"@type":"ReadAction","target":["https:\/\/uvbbrasil.com.br\/pedro-simon-falara-para-vereadores-em-porto-alegre\/"]}]},{"@type":"ImageObject","inLanguage":"pt-BR","@id":"https:\/\/uvbbrasil.com.br\/pedro-simon-falara-para-vereadores-em-porto-alegre\/#primaryimage","url":"https:\/\/uvbbrasil.com.br\/wp-content\/uploads\/2016\/03\/simon-2016.jpg","contentUrl":"https:\/\/uvbbrasil.com.br\/wp-content\/uploads\/2016\/03\/simon-2016.jpg","width":480,"height":320},{"@type":"BreadcrumbList","@id":"https:\/\/uvbbrasil.com.br\/pedro-simon-falara-para-vereadores-em-porto-alegre\/#breadcrumb","itemListElement":[{"@type":"ListItem","position":1,"name":"In\u00edcio","item":"https:\/\/uvbbrasil.com.br\/"},{"@type":"ListItem","position":2,"name":"Pedro Simon confirmado no encontro da UVB em Porto Alegre"}]},{"@type":"WebSite","@id":"https:\/\/uvbbrasil.com.br\/#website","url":"https:\/\/uvbbrasil.com.br\/","name":"UVB Brasil","description":"Uni\u00e3o dos Vereadores do Brasil","publisher":{"@id":"https:\/\/uvbbrasil.com.br\/#organization"},"potentialAction":[{"@type":"SearchAction","target":{"@type":"EntryPoint","urlTemplate":"https:\/\/uvbbrasil.com.br\/?s={search_term_string}"},"query-input":{"@type":"PropertyValueSpecification","valueRequired":true,"valueName":"search_term_string"}}],"inLanguage":"pt-BR"},{"@type":"Organization","@id":"https:\/\/uvbbrasil.com.br\/#organization","name":"UVB Brasil","url":"https:\/\/uvbbrasil.com.br\/","logo":{"@type":"ImageObject","inLanguage":"pt-BR","@id":"https:\/\/uvbbrasil.com.br\/#\/schema\/logo\/image\/","url":"https:\/\/uvbbrasil.com.br\/wp-content\/uploads\/2025\/01\/LOGO-UVB-2024-azul-1.jpg","contentUrl":"https:\/\/uvbbrasil.com.br\/wp-content\/uploads\/2025\/01\/LOGO-UVB-2024-azul-1.jpg","width":600,"height":211,"caption":"UVB Brasil"},"image":{"@id":"https:\/\/uvbbrasil.com.br\/#\/schema\/logo\/image\/"},"sameAs":["https:\/\/www.facebook.com\/uvb.vereadoresbrasil","https:\/\/www.instagram.com\/uvbbrasil\/","https:\/\/www.youtube.com\/channel\/UCIlPQ8Xzw5GHNzosQIg9S5A"]},{"@type":"Person","@id":"https:\/\/uvbbrasil.com.br\/#\/schema\/person\/17990098446c098f52effddff4f1b272","name":"adminuvb","image":{"@type":"ImageObject","inLanguage":"pt-BR","@id":"https:\/\/secure.gravatar.com\/avatar\/1a494ea6f8e2dd1ae526e55b0e9497efdba542491e0620d704cccf63c6f77c45?s=96&d=mm&r=g","url":"https:\/\/secure.gravatar.com\/avatar\/1a494ea6f8e2dd1ae526e55b0e9497efdba542491e0620d704cccf63c6f77c45?s=96&d=mm&r=g","contentUrl":"https:\/\/secure.gravatar.com\/avatar\/1a494ea6f8e2dd1ae526e55b0e9497efdba542491e0620d704cccf63c6f77c45?s=96&d=mm&r=g","caption":"adminuvb"},"sameAs":["https:\/\/uvbbrasil.com.br"],"url":"https:\/\/uvbbrasil.com.br\/author\/adminuvb\/"}]}},"_links":{"self":[{"href":"https:\/\/uvbbrasil.com.br\/uvb-json\/wp\/v2\/posts\/3560","targetHints":{"allow":["GET"]}}],"collection":[{"href":"https:\/\/uvbbrasil.com.br\/uvb-json\/wp\/v2\/posts"}],"about":[{"href":"https:\/\/uvbbrasil.com.br\/uvb-json\/wp\/v2\/types\/post"}],"author":[{"embeddable":true,"href":"https:\/\/uvbbrasil.com.br\/uvb-json\/wp\/v2\/users\/1"}],"replies":[{"embeddable":true,"href":"https:\/\/uvbbrasil.com.br\/uvb-json\/wp\/v2\/comments?post=3560"}],"version-history":[{"count":0,"href":"https:\/\/uvbbrasil.com.br\/uvb-json\/wp\/v2\/posts\/3560\/revisions"}],"wp:featuredmedia":[{"embeddable":true,"href":"https:\/\/uvbbrasil.com.br\/uvb-json\/wp\/v2\/media\/3561"}],"wp:attachment":[{"href":"https:\/\/uvbbrasil.com.br\/uvb-json\/wp\/v2\/media?parent=3560"}],"wp:term":[{"taxonomy":"category","embeddable":true,"href":"https:\/\/uvbbrasil.com.br\/uvb-json\/wp\/v2\/categories?post=3560"},{"taxonomy":"post_tag","embeddable":true,"href":"https:\/\/uvbbrasil.com.br\/uvb-json\/wp\/v2\/tags?post=3560"}],"curies":[{"name":"wp","href":"https:\/\/api.w.org\/{rel}","templated":true}]}}