{"id":35067,"date":"2024-07-16T13:10:15","date_gmt":"2024-07-16T16:10:15","guid":{"rendered":"https:\/\/wpsandbox4.pante.com.br\/?p=35067"},"modified":"2024-07-16T13:10:15","modified_gmt":"2024-07-16T16:10:15","slug":"concentracao-de-mulheres-nas-camaras-municipais-e-proporcionalmente-maior-em-cidades-pequenas","status":"publish","type":"post","link":"https:\/\/uvbbrasil.com.br\/concentracao-de-mulheres-nas-camaras-municipais-e-proporcionalmente-maior-em-cidades-pequenas\/","title":{"rendered":"Concentra\u00e7\u00e3o de mulheres nas c\u00e2maras municipais \u00e9 proporcionalmente maior em cidades pequenas"},"content":{"rendered":"<p class=\"noticia-titulo\">\n<p class=\"noticia-subtitulo\">Sete em cada dez munic\u00edpios com maioria feminina eleita para a c\u00e2mara municipal t\u00eam menos de 15 mil habitantes<\/p>\n<p>De acordo com o levantamento feito a partir de dados estat\u00edsticos divulgados pelo Tribunal Superior Eleitoral (TSE), somente\u00a0<a href=\"https:\/\/www.tse.jus.br\/comunicacao\/noticias\/2024\/Marco\/apenas-45-cidades-brasileiras-tem-maioria-de-vereadoras-nas-camaras-municipais\">45 cidades entre as 5.568 que realizaram elei\u00e7\u00f5es municipais em 2020 tinham maioria de mulheres na composi\u00e7\u00e3o das c\u00e2maras de vereadores.<\/a><\/p>\n<p>O\u00a0n\u00famero n\u00e3o chega a 1% do total dos munic\u00edpios que participaram daquele pleito.\u00a0<b>Sete em cada dez munic\u00edpios onde ocorre essa maioria feminina t\u00eam popula\u00e7\u00e3o menor do que 15 mil pessoas,<\/b>\u00a0segundo o Censo Demogr\u00e1fico 2022, realizado pelo Instituto Brasileiro de Geografia e Estat\u00edstica (IBGE).<\/p>\n<p><b>Somente um desse universo de 45 munic\u00edpios tem mais de 100 mil habitantes.<\/b>\u00a0Em Araras (SP), seis das onze cadeiras da C\u00e2mara de Vereadores s\u00e3o ocupadas por mulheres. \u00c9 um ponto fora da curva, j\u00e1 que o\u00a0grupo de cidades tem\u00a0uma mediana de popula\u00e7\u00e3o residente de 7.445 pessoas. Popula\u00e7\u00e3o mediana \u00e9 aquela que separa a metade mais populosa da metade menos populosa do conjunto de cidades observadas.<\/p>\n<p>J\u00e1 os munic\u00edpios com menor participa\u00e7\u00e3o feminina nas casas legislativas locais &#8211; entre 20% e 30% &#8211; est\u00e3o em maior n\u00famero. S\u00e3o 1.384 cidades com mediana populacional de 9.513 habitantes.<\/p>\n<p><img decoding=\"async\" class=\"image-richtext image-inline\" title=\"N\u00famero de mulheres nas c\u00e2maras municipais \u00e9 maior em cidades pequenas - 15.07.2024\" src=\"https:\/\/www.tse.jus.br\/imagens\/fotos\/numero-de-mulheres-nas-camaras-municipais-e-maior-em-cidades-pequenas-15-07-1.2024\/@@images\/b07bfe65-787e-4324-b3a1-893d31de1656.jpeg\" alt=\"N\u00famero de mulheres nas c\u00e2maras municipais \u00e9 maior em cidades pequenas - 15.07.2024\" \/><\/p>\n<p>Foram utilizadas medianas,\u00a0valor central de um conjunto de dados ordenados \u2014 ao inv\u00e9s de m\u00e9dias simples \u2014, para descrever a diferen\u00e7a de propor\u00e7\u00f5es entre as candidaturas femininas por munic\u00edpio devido \u00e0 grande varia\u00e7\u00e3o no n\u00famero de habitantes entre as cidades, o que poderia resultar na presen\u00e7a de valores at\u00edpicos.<\/p>\n<p>Os pontos fora da curva, que s\u00e3o munic\u00edpios com popula\u00e7\u00f5es excepcionalmente grandes ou pequenas, como Araras (SP) e Pedra do Indai\u00e1 (MG), por exemplo, poderiam distorcer os resultados ao inflar o valor da m\u00e9dia, tornando-a menos representativa na distribui\u00e7\u00e3o geral dos dados.<\/p>\n<h3 id=\"titulo-0\">Cen\u00e1rios diferentes<\/h3>\n<p>As campanhas femininas na cidade grande e na pequena s\u00e3o marcadas por uma discrep\u00e2ncia significativa de representatividade e de recursos dispon\u00edveis, conforme destaca a doutora em Ci\u00eancia Pol\u00edtica pela Universidade de S\u00e3o Paulo (USP) Hannah Maruci.<\/p>\n<p>Ela aponta que, em munic\u00edpios menores, a mediana de representatividade feminina \u00e9 mais alta devido \u00e0s menores barreiras financeiras que as candidatas enfrentam. \u201cOs munic\u00edpios pequenos s\u00e3o onde elas t\u00eam a possibilidade de fazer campanha com menos dinheiro. Em munic\u00edpios maiores, a desigualdade de recursos \u00e9 uma barreira significativa para as mulheres\u201d, informa Hannah.<\/p>\n<p>Essa disparidade \u00e9 agravada pelo descumprimento das cotas de g\u00eanero de financiamento de campanha por parte de partidos, o que coloca as candidatas em desvantagem, especialmente em cidades maiores, onde o custo das campanhas \u00e9 substancialmente mais elevado.<\/p>\n<p>\u201cQuando olhamos esses dados, vemos que as mulheres conseguem fazer maior sucesso em munic\u00edpios pequenos. Isso [\u00e9 constatado], apesar de existir uma literatura que pensa: tem mais cadeiras, isso aumenta a chance das mulheres. Na verdade, n\u00e3o. Na verdade, isso faz muito mais sentido com rela\u00e7\u00e3o ao sistema eleitoral brasileiro. Demonstra essa situa\u00e7\u00e3o que a gente tem de campanhas muito caras\u201d, explica.<\/p>\n<p><img decoding=\"async\" class=\"image-richtext image-inline\" title=\"N\u00famero de mulheres nas c\u00e2maras municipais \u00e9 maior em cidades pequenas - 15.07.2024\" src=\"https:\/\/www.tse.jus.br\/imagens\/fotos\/numero-de-mulheres-nas-camaras-municipais-e-maior-em-cidades-pequenas-15-07.2024\/@@images\/bd8aa54a-118c-4fa7-ac17-31190dcb2a6e.jpeg\" alt=\"N\u00famero de mulheres nas c\u00e2maras municipais \u00e9 maior em cidades pequenas - 15.07.2024\" \/><\/p>\n<p>Mas por que ter mais mulheres atuando na pol\u00edtica municipal \u00e9 ben\u00e9fico? A doutora em Ci\u00eancia Pol\u00edtica pela Universidade de Essex, no Reino Unido, e p\u00f3s-doutora pela Universidade de S\u00e3o Paulo (USP) Teresa Sacchet argumenta que a experi\u00eancia de vida da mulher \u00e9 \u00fanica em muitos aspectos e pode enriquecer o processo de elabora\u00e7\u00e3o de propostas e de tomada de decis\u00e3o pol\u00edtica.<\/p>\n<p>\u201c[Se] o espa\u00e7o legislativo \u00e9 formado majoritariamente por homens de uma determinada classe social e ra\u00e7a, n\u00f3s teremos pol\u00edticas p\u00fablicas que v\u00e3o refletir mais esse grupo espec\u00edfico. Normalmente, os que ocupam a pol\u00edtica s\u00e3o homens brancos, com mais recursos financeiros. \u00c9 por isso que precisamos trazer para o ambiente pol\u00edtico pessoas que ocupam diferentes espa\u00e7os da sociedade\u201d, defende Sacchet.<\/p>\n<p>&#8220;As mulheres t\u00eam agendas, t\u00eam interesses, muitas vezes diferentes dos interesses masculinos. \u00c9 importante que essas perspectivas sejam representadas na esfera p\u00fablica, no processo decis\u00f3rio. Ent\u00e3o, eu acredito que, quanto mais o processo decis\u00f3rio for inclusivo nas formas de diferen\u00e7as sociais, melhor. Teremos mais capacidade de ter uma melhor representa\u00e7\u00e3o pol\u00edtica. Por isso, acho que \u00e9 fundamental para a democracia e \u00e9 fundamental para o processo de tomada de decis\u00e3o pol\u00edtica que a gente pluralize esse espa\u00e7o\u201d, conclui a pesquisadora.<\/p>\n<h3 id=\"titulo-1\">Exerc\u00edcio de cidadania<\/h3>\n<p>Em 2024, a conquista feminina do direito ao voto completou 92 anos. As mulheres correspondem a 53% do eleitorado nacional. S\u00e3o as eleitoras que mais comparecem \u00e0s urnas. Nas Elei\u00e7\u00f5es Gerais de 2022, a taxa de participa\u00e7\u00e3o do eleitorado feminino chegou a 80%, enquanto a dos homens ficou em 78%.<\/p>\n<p>A diferen\u00e7a \u00e9 ainda maior quando se observa a quantidade de mes\u00e1rias e de mes\u00e1rios que trabalharam nas \u00faltimas elei\u00e7\u00f5es: 68% eram mulheres. Elas s\u00e3o tamb\u00e9m maioria em dois contingentes de eleitoras e de eleitores que podem votar de maneira facultativa: entre os jovens de 16 e 17 anos e entre o eleitorado com mais de 70 anos.<\/p>\n<p>CA\/EM<\/p>\n<p><img decoding=\"async\" class=\"alignnone size-medium wp-image-35068\" src=\"https:\/\/uvbbrasil.com.br\/wp-content\/uploads\/2024\/07\/3594f8b1-32b6-43bc-bc5b-0aa1f8326deb-300x145.jpeg\" alt=\"\" width=\"300\" height=\"145\" srcset=\"https:\/\/uvbbrasil.com.br\/wp-content\/uploads\/2024\/07\/3594f8b1-32b6-43bc-bc5b-0aa1f8326deb-300x145.jpeg 300w, https:\/\/uvbbrasil.com.br\/wp-content\/uploads\/2024\/07\/3594f8b1-32b6-43bc-bc5b-0aa1f8326deb.jpeg 620w\" sizes=\"(max-width: 300px) 100vw, 300px\" \/><\/p>\n","protected":false},"excerpt":{"rendered":"<p>Sete em cada dez munic\u00edpios com maioria feminina eleita para a c\u00e2mara municipal t\u00eam menos de 15 mil habitantes De&#8230;<\/p>\n","protected":false},"author":1,"featured_media":35068,"comment_status":"open","ping_status":"open","sticky":false,"template":"","format":"standard","meta":{"footnotes":""},"categories":[3],"tags":[],"class_list":["post-35067","post","type-post","status-publish","format-standard","has-post-thumbnail","hentry","category-noticias"],"yoast_head":"<!-- This site is optimized with the Yoast SEO plugin v26.7 - https:\/\/yoast.com\/wordpress\/plugins\/seo\/ -->\n<title>Concentra\u00e7\u00e3o de mulheres nas c\u00e2maras municipais \u00e9 proporcionalmente maior em cidades pequenas - UVB Brasil<\/title>\n<meta name=\"robots\" content=\"index, follow, max-snippet:-1, max-image-preview:large, max-video-preview:-1\" \/>\n<link rel=\"canonical\" href=\"https:\/\/uvbbrasil.com.br\/concentracao-de-mulheres-nas-camaras-municipais-e-proporcionalmente-maior-em-cidades-pequenas\/\" \/>\n<meta property=\"og:locale\" content=\"pt_BR\" \/>\n<meta property=\"og:type\" content=\"article\" \/>\n<meta property=\"og:title\" content=\"Concentra\u00e7\u00e3o de mulheres nas c\u00e2maras municipais \u00e9 proporcionalmente maior em cidades pequenas - UVB Brasil\" \/>\n<meta property=\"og:description\" content=\"Sete em cada dez munic\u00edpios com maioria feminina eleita para a c\u00e2mara municipal t\u00eam menos de 15 mil habitantes De...\" \/>\n<meta property=\"og:url\" content=\"https:\/\/uvbbrasil.com.br\/concentracao-de-mulheres-nas-camaras-municipais-e-proporcionalmente-maior-em-cidades-pequenas\/\" \/>\n<meta property=\"og:site_name\" content=\"UVB Brasil\" \/>\n<meta property=\"article:publisher\" content=\"https:\/\/www.facebook.com\/uvb.vereadoresbrasil\" \/>\n<meta property=\"article:published_time\" content=\"2024-07-16T16:10:15+00:00\" \/>\n<meta property=\"og:image\" content=\"https:\/\/uvbbrasil.com.br\/wp-content\/uploads\/2024\/07\/3594f8b1-32b6-43bc-bc5b-0aa1f8326deb.jpeg\" \/>\n\t<meta property=\"og:image:width\" content=\"620\" \/>\n\t<meta property=\"og:image:height\" content=\"300\" \/>\n\t<meta property=\"og:image:type\" content=\"image\/jpeg\" \/>\n<meta name=\"author\" content=\"adminuvb\" \/>\n<meta name=\"twitter:card\" content=\"summary_large_image\" \/>\n<meta name=\"twitter:label1\" content=\"Escrito por\" \/>\n\t<meta name=\"twitter:data1\" content=\"adminuvb\" \/>\n\t<meta name=\"twitter:label2\" content=\"Est. tempo de leitura\" \/>\n\t<meta name=\"twitter:data2\" content=\"5 minutos\" \/>\n<script type=\"application\/ld+json\" class=\"yoast-schema-graph\">{\"@context\":\"https:\/\/schema.org\",\"@graph\":[{\"@type\":\"Article\",\"@id\":\"https:\/\/uvbbrasil.com.br\/concentracao-de-mulheres-nas-camaras-municipais-e-proporcionalmente-maior-em-cidades-pequenas\/#article\",\"isPartOf\":{\"@id\":\"https:\/\/uvbbrasil.com.br\/concentracao-de-mulheres-nas-camaras-municipais-e-proporcionalmente-maior-em-cidades-pequenas\/\"},\"author\":{\"name\":\"adminuvb\",\"@id\":\"https:\/\/uvbbrasil.com.br\/#\/schema\/person\/17990098446c098f52effddff4f1b272\"},\"headline\":\"Concentra\u00e7\u00e3o de mulheres nas c\u00e2maras municipais \u00e9 proporcionalmente maior em cidades pequenas\",\"datePublished\":\"2024-07-16T16:10:15+00:00\",\"mainEntityOfPage\":{\"@id\":\"https:\/\/uvbbrasil.com.br\/concentracao-de-mulheres-nas-camaras-municipais-e-proporcionalmente-maior-em-cidades-pequenas\/\"},\"wordCount\":870,\"commentCount\":0,\"publisher\":{\"@id\":\"https:\/\/uvbbrasil.com.br\/#organization\"},\"image\":{\"@id\":\"https:\/\/uvbbrasil.com.br\/concentracao-de-mulheres-nas-camaras-municipais-e-proporcionalmente-maior-em-cidades-pequenas\/#primaryimage\"},\"thumbnailUrl\":\"https:\/\/uvbbrasil.com.br\/wp-content\/uploads\/2024\/07\/3594f8b1-32b6-43bc-bc5b-0aa1f8326deb.jpeg\",\"articleSection\":[\"NOT\u00cdCIAS\"],\"inLanguage\":\"pt-BR\",\"potentialAction\":[{\"@type\":\"CommentAction\",\"name\":\"Comment\",\"target\":[\"https:\/\/uvbbrasil.com.br\/concentracao-de-mulheres-nas-camaras-municipais-e-proporcionalmente-maior-em-cidades-pequenas\/#respond\"]}]},{\"@type\":\"WebPage\",\"@id\":\"https:\/\/uvbbrasil.com.br\/concentracao-de-mulheres-nas-camaras-municipais-e-proporcionalmente-maior-em-cidades-pequenas\/\",\"url\":\"https:\/\/uvbbrasil.com.br\/concentracao-de-mulheres-nas-camaras-municipais-e-proporcionalmente-maior-em-cidades-pequenas\/\",\"name\":\"Concentra\u00e7\u00e3o de mulheres nas c\u00e2maras municipais \u00e9 proporcionalmente maior em cidades pequenas - UVB Brasil\",\"isPartOf\":{\"@id\":\"https:\/\/uvbbrasil.com.br\/#website\"},\"primaryImageOfPage\":{\"@id\":\"https:\/\/uvbbrasil.com.br\/concentracao-de-mulheres-nas-camaras-municipais-e-proporcionalmente-maior-em-cidades-pequenas\/#primaryimage\"},\"image\":{\"@id\":\"https:\/\/uvbbrasil.com.br\/concentracao-de-mulheres-nas-camaras-municipais-e-proporcionalmente-maior-em-cidades-pequenas\/#primaryimage\"},\"thumbnailUrl\":\"https:\/\/uvbbrasil.com.br\/wp-content\/uploads\/2024\/07\/3594f8b1-32b6-43bc-bc5b-0aa1f8326deb.jpeg\",\"datePublished\":\"2024-07-16T16:10:15+00:00\",\"breadcrumb\":{\"@id\":\"https:\/\/uvbbrasil.com.br\/concentracao-de-mulheres-nas-camaras-municipais-e-proporcionalmente-maior-em-cidades-pequenas\/#breadcrumb\"},\"inLanguage\":\"pt-BR\",\"potentialAction\":[{\"@type\":\"ReadAction\",\"target\":[\"https:\/\/uvbbrasil.com.br\/concentracao-de-mulheres-nas-camaras-municipais-e-proporcionalmente-maior-em-cidades-pequenas\/\"]}]},{\"@type\":\"ImageObject\",\"inLanguage\":\"pt-BR\",\"@id\":\"https:\/\/uvbbrasil.com.br\/concentracao-de-mulheres-nas-camaras-municipais-e-proporcionalmente-maior-em-cidades-pequenas\/#primaryimage\",\"url\":\"https:\/\/uvbbrasil.com.br\/wp-content\/uploads\/2024\/07\/3594f8b1-32b6-43bc-bc5b-0aa1f8326deb.jpeg\",\"contentUrl\":\"https:\/\/uvbbrasil.com.br\/wp-content\/uploads\/2024\/07\/3594f8b1-32b6-43bc-bc5b-0aa1f8326deb.jpeg\",\"width\":620,\"height\":300},{\"@type\":\"BreadcrumbList\",\"@id\":\"https:\/\/uvbbrasil.com.br\/concentracao-de-mulheres-nas-camaras-municipais-e-proporcionalmente-maior-em-cidades-pequenas\/#breadcrumb\",\"itemListElement\":[{\"@type\":\"ListItem\",\"position\":1,\"name\":\"In\u00edcio\",\"item\":\"https:\/\/uvbbrasil.com.br\/\"},{\"@type\":\"ListItem\",\"position\":2,\"name\":\"Concentra\u00e7\u00e3o de mulheres nas c\u00e2maras municipais \u00e9 proporcionalmente maior em cidades pequenas\"}]},{\"@type\":\"WebSite\",\"@id\":\"https:\/\/uvbbrasil.com.br\/#website\",\"url\":\"https:\/\/uvbbrasil.com.br\/\",\"name\":\"UVB Brasil\",\"description\":\"Uni\u00e3o dos Vereadores do Brasil\",\"publisher\":{\"@id\":\"https:\/\/uvbbrasil.com.br\/#organization\"},\"potentialAction\":[{\"@type\":\"SearchAction\",\"target\":{\"@type\":\"EntryPoint\",\"urlTemplate\":\"https:\/\/uvbbrasil.com.br\/?s={search_term_string}\"},\"query-input\":{\"@type\":\"PropertyValueSpecification\",\"valueRequired\":true,\"valueName\":\"search_term_string\"}}],\"inLanguage\":\"pt-BR\"},{\"@type\":\"Organization\",\"@id\":\"https:\/\/uvbbrasil.com.br\/#organization\",\"name\":\"UVB Brasil\",\"url\":\"https:\/\/uvbbrasil.com.br\/\",\"logo\":{\"@type\":\"ImageObject\",\"inLanguage\":\"pt-BR\",\"@id\":\"https:\/\/uvbbrasil.com.br\/#\/schema\/logo\/image\/\",\"url\":\"https:\/\/uvbbrasil.com.br\/wp-content\/uploads\/2025\/01\/LOGO-UVB-2024-azul-1.jpg\",\"contentUrl\":\"https:\/\/uvbbrasil.com.br\/wp-content\/uploads\/2025\/01\/LOGO-UVB-2024-azul-1.jpg\",\"width\":600,\"height\":211,\"caption\":\"UVB Brasil\"},\"image\":{\"@id\":\"https:\/\/uvbbrasil.com.br\/#\/schema\/logo\/image\/\"},\"sameAs\":[\"https:\/\/www.facebook.com\/uvb.vereadoresbrasil\",\"https:\/\/www.instagram.com\/uvbbrasil\/\",\"https:\/\/www.youtube.com\/channel\/UCIlPQ8Xzw5GHNzosQIg9S5A\"]},{\"@type\":\"Person\",\"@id\":\"https:\/\/uvbbrasil.com.br\/#\/schema\/person\/17990098446c098f52effddff4f1b272\",\"name\":\"adminuvb\",\"image\":{\"@type\":\"ImageObject\",\"inLanguage\":\"pt-BR\",\"@id\":\"https:\/\/uvbbrasil.com.br\/#\/schema\/person\/image\/\",\"url\":\"https:\/\/secure.gravatar.com\/avatar\/1a494ea6f8e2dd1ae526e55b0e9497efdba542491e0620d704cccf63c6f77c45?s=96&d=mm&r=g\",\"contentUrl\":\"https:\/\/secure.gravatar.com\/avatar\/1a494ea6f8e2dd1ae526e55b0e9497efdba542491e0620d704cccf63c6f77c45?s=96&d=mm&r=g\",\"caption\":\"adminuvb\"},\"sameAs\":[\"https:\/\/uvbbrasil.com.br\"],\"url\":\"https:\/\/uvbbrasil.com.br\/author\/adminuvb\/\"}]}<\/script>\n<!-- \/ Yoast SEO plugin. -->","yoast_head_json":{"title":"Concentra\u00e7\u00e3o de mulheres nas c\u00e2maras municipais \u00e9 proporcionalmente maior em cidades pequenas - UVB Brasil","robots":{"index":"index","follow":"follow","max-snippet":"max-snippet:-1","max-image-preview":"max-image-preview:large","max-video-preview":"max-video-preview:-1"},"canonical":"https:\/\/uvbbrasil.com.br\/concentracao-de-mulheres-nas-camaras-municipais-e-proporcionalmente-maior-em-cidades-pequenas\/","og_locale":"pt_BR","og_type":"article","og_title":"Concentra\u00e7\u00e3o de mulheres nas c\u00e2maras municipais \u00e9 proporcionalmente maior em cidades pequenas - UVB Brasil","og_description":"Sete em cada dez munic\u00edpios com maioria feminina eleita para a c\u00e2mara municipal t\u00eam menos de 15 mil habitantes De...","og_url":"https:\/\/uvbbrasil.com.br\/concentracao-de-mulheres-nas-camaras-municipais-e-proporcionalmente-maior-em-cidades-pequenas\/","og_site_name":"UVB Brasil","article_publisher":"https:\/\/www.facebook.com\/uvb.vereadoresbrasil","article_published_time":"2024-07-16T16:10:15+00:00","og_image":[{"width":620,"height":300,"url":"https:\/\/uvbbrasil.com.br\/wp-content\/uploads\/2024\/07\/3594f8b1-32b6-43bc-bc5b-0aa1f8326deb.jpeg","type":"image\/jpeg"}],"author":"adminuvb","twitter_card":"summary_large_image","twitter_misc":{"Escrito por":"adminuvb","Est. tempo de leitura":"5 minutos"},"schema":{"@context":"https:\/\/schema.org","@graph":[{"@type":"Article","@id":"https:\/\/uvbbrasil.com.br\/concentracao-de-mulheres-nas-camaras-municipais-e-proporcionalmente-maior-em-cidades-pequenas\/#article","isPartOf":{"@id":"https:\/\/uvbbrasil.com.br\/concentracao-de-mulheres-nas-camaras-municipais-e-proporcionalmente-maior-em-cidades-pequenas\/"},"author":{"name":"adminuvb","@id":"https:\/\/uvbbrasil.com.br\/#\/schema\/person\/17990098446c098f52effddff4f1b272"},"headline":"Concentra\u00e7\u00e3o de mulheres nas c\u00e2maras municipais \u00e9 proporcionalmente maior em cidades pequenas","datePublished":"2024-07-16T16:10:15+00:00","mainEntityOfPage":{"@id":"https:\/\/uvbbrasil.com.br\/concentracao-de-mulheres-nas-camaras-municipais-e-proporcionalmente-maior-em-cidades-pequenas\/"},"wordCount":870,"commentCount":0,"publisher":{"@id":"https:\/\/uvbbrasil.com.br\/#organization"},"image":{"@id":"https:\/\/uvbbrasil.com.br\/concentracao-de-mulheres-nas-camaras-municipais-e-proporcionalmente-maior-em-cidades-pequenas\/#primaryimage"},"thumbnailUrl":"https:\/\/uvbbrasil.com.br\/wp-content\/uploads\/2024\/07\/3594f8b1-32b6-43bc-bc5b-0aa1f8326deb.jpeg","articleSection":["NOT\u00cdCIAS"],"inLanguage":"pt-BR","potentialAction":[{"@type":"CommentAction","name":"Comment","target":["https:\/\/uvbbrasil.com.br\/concentracao-de-mulheres-nas-camaras-municipais-e-proporcionalmente-maior-em-cidades-pequenas\/#respond"]}]},{"@type":"WebPage","@id":"https:\/\/uvbbrasil.com.br\/concentracao-de-mulheres-nas-camaras-municipais-e-proporcionalmente-maior-em-cidades-pequenas\/","url":"https:\/\/uvbbrasil.com.br\/concentracao-de-mulheres-nas-camaras-municipais-e-proporcionalmente-maior-em-cidades-pequenas\/","name":"Concentra\u00e7\u00e3o de mulheres nas c\u00e2maras municipais \u00e9 proporcionalmente maior em cidades pequenas - UVB Brasil","isPartOf":{"@id":"https:\/\/uvbbrasil.com.br\/#website"},"primaryImageOfPage":{"@id":"https:\/\/uvbbrasil.com.br\/concentracao-de-mulheres-nas-camaras-municipais-e-proporcionalmente-maior-em-cidades-pequenas\/#primaryimage"},"image":{"@id":"https:\/\/uvbbrasil.com.br\/concentracao-de-mulheres-nas-camaras-municipais-e-proporcionalmente-maior-em-cidades-pequenas\/#primaryimage"},"thumbnailUrl":"https:\/\/uvbbrasil.com.br\/wp-content\/uploads\/2024\/07\/3594f8b1-32b6-43bc-bc5b-0aa1f8326deb.jpeg","datePublished":"2024-07-16T16:10:15+00:00","breadcrumb":{"@id":"https:\/\/uvbbrasil.com.br\/concentracao-de-mulheres-nas-camaras-municipais-e-proporcionalmente-maior-em-cidades-pequenas\/#breadcrumb"},"inLanguage":"pt-BR","potentialAction":[{"@type":"ReadAction","target":["https:\/\/uvbbrasil.com.br\/concentracao-de-mulheres-nas-camaras-municipais-e-proporcionalmente-maior-em-cidades-pequenas\/"]}]},{"@type":"ImageObject","inLanguage":"pt-BR","@id":"https:\/\/uvbbrasil.com.br\/concentracao-de-mulheres-nas-camaras-municipais-e-proporcionalmente-maior-em-cidades-pequenas\/#primaryimage","url":"https:\/\/uvbbrasil.com.br\/wp-content\/uploads\/2024\/07\/3594f8b1-32b6-43bc-bc5b-0aa1f8326deb.jpeg","contentUrl":"https:\/\/uvbbrasil.com.br\/wp-content\/uploads\/2024\/07\/3594f8b1-32b6-43bc-bc5b-0aa1f8326deb.jpeg","width":620,"height":300},{"@type":"BreadcrumbList","@id":"https:\/\/uvbbrasil.com.br\/concentracao-de-mulheres-nas-camaras-municipais-e-proporcionalmente-maior-em-cidades-pequenas\/#breadcrumb","itemListElement":[{"@type":"ListItem","position":1,"name":"In\u00edcio","item":"https:\/\/uvbbrasil.com.br\/"},{"@type":"ListItem","position":2,"name":"Concentra\u00e7\u00e3o de mulheres nas c\u00e2maras municipais \u00e9 proporcionalmente maior em cidades pequenas"}]},{"@type":"WebSite","@id":"https:\/\/uvbbrasil.com.br\/#website","url":"https:\/\/uvbbrasil.com.br\/","name":"UVB Brasil","description":"Uni\u00e3o dos Vereadores do Brasil","publisher":{"@id":"https:\/\/uvbbrasil.com.br\/#organization"},"potentialAction":[{"@type":"SearchAction","target":{"@type":"EntryPoint","urlTemplate":"https:\/\/uvbbrasil.com.br\/?s={search_term_string}"},"query-input":{"@type":"PropertyValueSpecification","valueRequired":true,"valueName":"search_term_string"}}],"inLanguage":"pt-BR"},{"@type":"Organization","@id":"https:\/\/uvbbrasil.com.br\/#organization","name":"UVB Brasil","url":"https:\/\/uvbbrasil.com.br\/","logo":{"@type":"ImageObject","inLanguage":"pt-BR","@id":"https:\/\/uvbbrasil.com.br\/#\/schema\/logo\/image\/","url":"https:\/\/uvbbrasil.com.br\/wp-content\/uploads\/2025\/01\/LOGO-UVB-2024-azul-1.jpg","contentUrl":"https:\/\/uvbbrasil.com.br\/wp-content\/uploads\/2025\/01\/LOGO-UVB-2024-azul-1.jpg","width":600,"height":211,"caption":"UVB Brasil"},"image":{"@id":"https:\/\/uvbbrasil.com.br\/#\/schema\/logo\/image\/"},"sameAs":["https:\/\/www.facebook.com\/uvb.vereadoresbrasil","https:\/\/www.instagram.com\/uvbbrasil\/","https:\/\/www.youtube.com\/channel\/UCIlPQ8Xzw5GHNzosQIg9S5A"]},{"@type":"Person","@id":"https:\/\/uvbbrasil.com.br\/#\/schema\/person\/17990098446c098f52effddff4f1b272","name":"adminuvb","image":{"@type":"ImageObject","inLanguage":"pt-BR","@id":"https:\/\/uvbbrasil.com.br\/#\/schema\/person\/image\/","url":"https:\/\/secure.gravatar.com\/avatar\/1a494ea6f8e2dd1ae526e55b0e9497efdba542491e0620d704cccf63c6f77c45?s=96&d=mm&r=g","contentUrl":"https:\/\/secure.gravatar.com\/avatar\/1a494ea6f8e2dd1ae526e55b0e9497efdba542491e0620d704cccf63c6f77c45?s=96&d=mm&r=g","caption":"adminuvb"},"sameAs":["https:\/\/uvbbrasil.com.br"],"url":"https:\/\/uvbbrasil.com.br\/author\/adminuvb\/"}]}},"_links":{"self":[{"href":"https:\/\/uvbbrasil.com.br\/uvb-json\/wp\/v2\/posts\/35067","targetHints":{"allow":["GET"]}}],"collection":[{"href":"https:\/\/uvbbrasil.com.br\/uvb-json\/wp\/v2\/posts"}],"about":[{"href":"https:\/\/uvbbrasil.com.br\/uvb-json\/wp\/v2\/types\/post"}],"author":[{"embeddable":true,"href":"https:\/\/uvbbrasil.com.br\/uvb-json\/wp\/v2\/users\/1"}],"replies":[{"embeddable":true,"href":"https:\/\/uvbbrasil.com.br\/uvb-json\/wp\/v2\/comments?post=35067"}],"version-history":[{"count":0,"href":"https:\/\/uvbbrasil.com.br\/uvb-json\/wp\/v2\/posts\/35067\/revisions"}],"wp:featuredmedia":[{"embeddable":true,"href":"https:\/\/uvbbrasil.com.br\/uvb-json\/wp\/v2\/media\/35068"}],"wp:attachment":[{"href":"https:\/\/uvbbrasil.com.br\/uvb-json\/wp\/v2\/media?parent=35067"}],"wp:term":[{"taxonomy":"category","embeddable":true,"href":"https:\/\/uvbbrasil.com.br\/uvb-json\/wp\/v2\/categories?post=35067"},{"taxonomy":"post_tag","embeddable":true,"href":"https:\/\/uvbbrasil.com.br\/uvb-json\/wp\/v2\/tags?post=35067"}],"curies":[{"name":"wp","href":"https:\/\/api.w.org\/{rel}","templated":true}]}}