{"id":35057,"date":"2024-07-12T12:33:47","date_gmt":"2024-07-12T15:33:47","guid":{"rendered":"https:\/\/wpsandbox4.pante.com.br\/?p=35057"},"modified":"2024-07-12T12:33:47","modified_gmt":"2024-07-12T15:33:47","slug":"em-santa-cruz-do-sul-rs-legislativo-aprova-cinco-projetos-e-abre-processo-de-cassacao","status":"publish","type":"post","link":"https:\/\/uvbbrasil.com.br\/em-santa-cruz-do-sul-rs-legislativo-aprova-cinco-projetos-e-abre-processo-de-cassacao\/","title":{"rendered":"Em Santa Cruz do Sul\/RS Legislativo aprova cinco projetos e abre processo de cassa\u00e7\u00e3o"},"content":{"rendered":"<p class=\"new-title\">\n<p>Cinco projetos foram aprovados na sess\u00e3o ordin\u00e1ria desta segunda-feira, dia 8, realizada no Plen\u00e1rio Vereador Nilton Garibaldi. Al\u00e9m disso, foi acolhido o requerimento apresentado pelos vereadores Leonel Garibaldi (Novo) e Nicole Weber (Podemos), com a den\u00fancia contra o vereador afastado Henrique Hermany.<\/p>\n<p>Ap\u00f3s a leitura das mais de 40 p\u00e1ginas do requerimento, ele foi aprovado por 13 votos a dois, e uma absten\u00e7\u00e3o. Em seguida houve a escolha da Comiss\u00e3o Parlamentar Processante, que vai conduzir o processo pelo per\u00edodo de 90 dias. O presidente \u00e9 Bruno Faller; vice-presidente, Luizinho Ruas e, relator, Serginho Moraes.<\/p>\n<p>Entre os projetos, foi aprovado projeto que altera os mapas IV e V da lei que institui o Plano Diretor de Santa Cruz do Sul. Ainda foi autorizada a concess\u00e3o de ITBI incidente sobre as transfer\u00eancias de unidades imobili\u00e1rias com recursos do Fundo de Arrendamento Residencial (FAR), integrante do Programa Minha Casa Minha Vida.<\/p>\n<p>Foi autorizada a abertura de cr\u00e9dito especial no montante de R$ 849.521,00 para custear despesas da Secretaria Municipal de Meio Ambiente, Saneamento e Sustentabilidade. Foi autorizada ainda a altera\u00e7\u00e3o da lei que cria o programa de recupera\u00e7\u00e3o de renda, neg\u00f3cios e empreendimentos aos atingidos pelo recente desastre natural e autoriza subsidiar juros e encargos. Por fim, foi aprovada a autoriza\u00e7\u00e3o para firmar parceria, mediante Termo de Colabora\u00e7\u00e3o, com a Associa\u00e7\u00e3o de Preven\u00e7\u00e3o do C\u00e2ncer de Colo de \u00datero (APCOLU).<\/p>\n<p>Informa\u00e7\u00f5es<\/p>\n<p>Serginho Moraes requer informa\u00e7\u00f5es sobre o cumprimento da Lei n\u00ba 6.745\/2013, que disp\u00f5e sobre veda\u00e7\u00f5es para nomea\u00e7\u00f5es de cargos em comiss\u00e3o no \u00e2mbito do Poder Executivo. Francisco Carlos Smidt requer informa\u00e7\u00f5es sobre o cal\u00e7amento da rua Marechal Em\u00edlio Mallet.<\/p>\n<p>Dianefer Bert\u00e9 Schwendler requer informa\u00e7\u00f5es a respeito do desenvolvimento de trabalho da sa\u00fade mental das pessoas atingidas pela enchente e a inser\u00e7\u00e3o de fam\u00edlias atingidas pela enchente e\/ou \u00e1reas de risco de deslizamento no Programa Aluguel Social.<\/p>\n<p>Leonel Garibaldi requer informa\u00e7\u00f5es sobre a obra de fechamento da quadra esportiva da EMEF Dr. Guilherme Hildebrand. Rodrigo Rabuske requer informa\u00e7\u00f5es sobre a revitaliza\u00e7\u00e3o da EMEI Linha Santa Cruz.<\/p>\n<p>Bruno Faller requer a realiza\u00e7\u00e3o de melhorias na rua Roca Salles. Nicole Weber indica a realiza\u00e7\u00e3o de melhorias na canaliza\u00e7\u00e3o pluvial da Travessa Um do Bairro Belvedere; a elimina\u00e7\u00e3o de cratera na Rua Boa Esperan\u00e7a; a instala\u00e7\u00e3o de uma parada de \u00f4nibus coberta com assento na Av. Deputado Euclydes N. Kliemann; a instala\u00e7\u00e3o de uma cobertura no ponto de distribui\u00e7\u00e3o de alimentos no Loteamento Ber\u00e7\u00e1rio M\u00e3e de Deus; a realiza\u00e7\u00e3o de melhorias e posterior pavimenta\u00e7\u00e3o da Rua Irm\u00e3 Germana Rech; a instala\u00e7\u00e3o de um redutor de velocidade na Rua Itaqui; o conserto da cal\u00e7ada na Rua Deputado J\u00falio de Oliveira Viana.<\/p>\n<p>Serginho Moraes indica a solu\u00e7\u00e3o ao problema da constante de falta de \u00e1gua no Bairro Dona Carlota; a execu\u00e7\u00e3o de melhorias na Estrada Gaspar, na Estrada Velha Santa Cruz do Sul a Rio Pardo e na Rua Portela.<\/p>\n<p>Dianefer Bert\u00e9 Schwendler requer a cerifica\u00e7\u00e3o de casos de rachaduras em resid\u00eancias. Lic\u00e9rio Agnes indica a realiza\u00e7\u00e3o de melhorias e recapeamento asf\u00e1ltico na rua Passo Fundo; a realiza\u00e7\u00e3o de melhorias na rua Cachoeira.<\/p>\n<p>Rodrigo Rabuske indica a reconstru\u00e7\u00e3o da travessia elevada existente em frente \u00e0 EMEI Raio de Sol; a instala\u00e7\u00e3o de redutor de velocidade em frente \u00e0 EMEF Christiano J. Smidt; a instala\u00e7\u00e3o de ilumina\u00e7\u00e3o p\u00fablica na parada de \u00f4nibus em frente ao Hospital Veterin\u00e1rio da Unisc; a instala\u00e7\u00e3o de abrigo na parada de \u00f4nibus existente em frente \u00e0 Sede Social do Codepin; a execu\u00e7\u00e3o de melhorias na ilumina\u00e7\u00e3o p\u00fablica na pra\u00e7a do Loteamento Nova Santa Cruz; a instala\u00e7\u00e3o de ilumina\u00e7\u00e3o p\u00fablica no entorno do Cemit\u00e9rio dos Lopes; a execu\u00e7\u00e3o de melhorias no Berc\u00e1rio Industrial e realoca\u00e7\u00e3o dos empres\u00e1rios; a aferi\u00e7\u00e3o da capacidade da rede el\u00e9trica, assim como, melhorias no abastecimento de energia el\u00e9trica na Avenida dos Cristais; a recupera\u00e7\u00e3o de solo da mata ciliar e do Rio Pardinho; a limpeza e melhorias em caixas bocas de lobo na Avenida dos Cristais<\/p>\n<p>Francisco Carlos Smidt requer o conserto de canaliza\u00e7\u00e3o pluvial da rua Dr. Arthur Germano Fett; a realiza\u00e7\u00e3o de melhorias na Rua Piau\u00ed. Vereador Leonel Garibaldi requer melhorias na ilumina\u00e7\u00e3o p\u00fablica da Pra\u00e7a do Loteamento Nova Santa Cruz. Jair Eich inica a realiza\u00e7\u00e3o de melhorias na Entrada Riplinger em Alto Pared\u00e3o.<\/p>\n<p><img fetchpriority=\"high\" decoding=\"async\" class=\"alignnone size-medium wp-image-35058\" src=\"https:\/\/uvbbrasil.com.br\/wp-content\/uploads\/2024\/07\/img-9303-668c96fe32fc8-300x225.png\" alt=\"\" width=\"300\" height=\"225\" srcset=\"https:\/\/uvbbrasil.com.br\/wp-content\/uploads\/2024\/07\/img-9303-668c96fe32fc8-300x225.png 300w, https:\/\/uvbbrasil.com.br\/wp-content\/uploads\/2024\/07\/img-9303-668c96fe32fc8-768x576.png 768w, https:\/\/uvbbrasil.com.br\/wp-content\/uploads\/2024\/07\/img-9303-668c96fe32fc8.png 888w\" sizes=\"(max-width: 300px) 100vw, 300px\" \/><\/p>\n","protected":false},"excerpt":{"rendered":"<p>Cinco projetos foram aprovados na sess\u00e3o ordin\u00e1ria desta segunda-feira, dia 8, realizada no Plen\u00e1rio Vereador Nilton Garibaldi. Al\u00e9m disso, foi&#8230;<\/p>\n","protected":false},"author":1,"featured_media":35058,"comment_status":"open","ping_status":"open","sticky":false,"template":"","format":"standard","meta":{"footnotes":""},"categories":[3],"tags":[],"class_list":["post-35057","post","type-post","status-publish","format-standard","has-post-thumbnail","hentry","category-noticias"],"yoast_head":"<!-- This site is optimized with the Yoast SEO plugin v26.7 - https:\/\/yoast.com\/wordpress\/plugins\/seo\/ -->\n<title>Em Santa Cruz do Sul\/RS Legislativo aprova cinco projetos e abre processo de cassa\u00e7\u00e3o - UVB Brasil<\/title>\n<meta name=\"robots\" content=\"index, follow, max-snippet:-1, max-image-preview:large, max-video-preview:-1\" \/>\n<link rel=\"canonical\" href=\"https:\/\/uvbbrasil.com.br\/em-santa-cruz-do-sul-rs-legislativo-aprova-cinco-projetos-e-abre-processo-de-cassacao\/\" \/>\n<meta property=\"og:locale\" content=\"pt_BR\" \/>\n<meta property=\"og:type\" content=\"article\" \/>\n<meta property=\"og:title\" content=\"Em Santa Cruz do Sul\/RS Legislativo aprova cinco projetos e abre processo de cassa\u00e7\u00e3o - UVB Brasil\" \/>\n<meta property=\"og:description\" content=\"Cinco projetos foram aprovados na sess\u00e3o ordin\u00e1ria desta segunda-feira, dia 8, realizada no Plen\u00e1rio Vereador Nilton Garibaldi. Al\u00e9m disso, foi...\" \/>\n<meta property=\"og:url\" content=\"https:\/\/uvbbrasil.com.br\/em-santa-cruz-do-sul-rs-legislativo-aprova-cinco-projetos-e-abre-processo-de-cassacao\/\" \/>\n<meta property=\"og:site_name\" content=\"UVB Brasil\" \/>\n<meta property=\"article:publisher\" content=\"https:\/\/www.facebook.com\/uvb.vereadoresbrasil\" \/>\n<meta property=\"article:published_time\" content=\"2024-07-12T15:33:47+00:00\" \/>\n<meta property=\"og:image\" content=\"https:\/\/uvbbrasil.com.br\/wp-content\/uploads\/2024\/07\/img-9303-668c96fe32fc8.png\" \/>\n\t<meta property=\"og:image:width\" content=\"888\" \/>\n\t<meta property=\"og:image:height\" content=\"666\" \/>\n\t<meta property=\"og:image:type\" content=\"image\/png\" \/>\n<meta name=\"author\" content=\"adminuvb\" \/>\n<meta name=\"twitter:card\" content=\"summary_large_image\" \/>\n<meta name=\"twitter:label1\" content=\"Escrito por\" \/>\n\t<meta name=\"twitter:data1\" content=\"adminuvb\" \/>\n\t<meta name=\"twitter:label2\" content=\"Est. tempo de leitura\" \/>\n\t<meta name=\"twitter:data2\" content=\"4 minutos\" \/>\n<script type=\"application\/ld+json\" class=\"yoast-schema-graph\">{\"@context\":\"https:\/\/schema.org\",\"@graph\":[{\"@type\":\"Article\",\"@id\":\"https:\/\/uvbbrasil.com.br\/em-santa-cruz-do-sul-rs-legislativo-aprova-cinco-projetos-e-abre-processo-de-cassacao\/#article\",\"isPartOf\":{\"@id\":\"https:\/\/uvbbrasil.com.br\/em-santa-cruz-do-sul-rs-legislativo-aprova-cinco-projetos-e-abre-processo-de-cassacao\/\"},\"author\":{\"name\":\"adminuvb\",\"@id\":\"https:\/\/uvbbrasil.com.br\/#\/schema\/person\/17990098446c098f52effddff4f1b272\"},\"headline\":\"Em Santa Cruz do Sul\/RS Legislativo aprova cinco projetos e abre processo de cassa\u00e7\u00e3o\",\"datePublished\":\"2024-07-12T15:33:47+00:00\",\"mainEntityOfPage\":{\"@id\":\"https:\/\/uvbbrasil.com.br\/em-santa-cruz-do-sul-rs-legislativo-aprova-cinco-projetos-e-abre-processo-de-cassacao\/\"},\"wordCount\":793,\"commentCount\":0,\"publisher\":{\"@id\":\"https:\/\/uvbbrasil.com.br\/#organization\"},\"image\":{\"@id\":\"https:\/\/uvbbrasil.com.br\/em-santa-cruz-do-sul-rs-legislativo-aprova-cinco-projetos-e-abre-processo-de-cassacao\/#primaryimage\"},\"thumbnailUrl\":\"https:\/\/uvbbrasil.com.br\/wp-content\/uploads\/2024\/07\/img-9303-668c96fe32fc8.png\",\"articleSection\":[\"NOT\u00cdCIAS\"],\"inLanguage\":\"pt-BR\",\"potentialAction\":[{\"@type\":\"CommentAction\",\"name\":\"Comment\",\"target\":[\"https:\/\/uvbbrasil.com.br\/em-santa-cruz-do-sul-rs-legislativo-aprova-cinco-projetos-e-abre-processo-de-cassacao\/#respond\"]}]},{\"@type\":\"WebPage\",\"@id\":\"https:\/\/uvbbrasil.com.br\/em-santa-cruz-do-sul-rs-legislativo-aprova-cinco-projetos-e-abre-processo-de-cassacao\/\",\"url\":\"https:\/\/uvbbrasil.com.br\/em-santa-cruz-do-sul-rs-legislativo-aprova-cinco-projetos-e-abre-processo-de-cassacao\/\",\"name\":\"Em Santa Cruz do Sul\/RS Legislativo aprova cinco projetos e abre processo de cassa\u00e7\u00e3o - UVB Brasil\",\"isPartOf\":{\"@id\":\"https:\/\/uvbbrasil.com.br\/#website\"},\"primaryImageOfPage\":{\"@id\":\"https:\/\/uvbbrasil.com.br\/em-santa-cruz-do-sul-rs-legislativo-aprova-cinco-projetos-e-abre-processo-de-cassacao\/#primaryimage\"},\"image\":{\"@id\":\"https:\/\/uvbbrasil.com.br\/em-santa-cruz-do-sul-rs-legislativo-aprova-cinco-projetos-e-abre-processo-de-cassacao\/#primaryimage\"},\"thumbnailUrl\":\"https:\/\/uvbbrasil.com.br\/wp-content\/uploads\/2024\/07\/img-9303-668c96fe32fc8.png\",\"datePublished\":\"2024-07-12T15:33:47+00:00\",\"breadcrumb\":{\"@id\":\"https:\/\/uvbbrasil.com.br\/em-santa-cruz-do-sul-rs-legislativo-aprova-cinco-projetos-e-abre-processo-de-cassacao\/#breadcrumb\"},\"inLanguage\":\"pt-BR\",\"potentialAction\":[{\"@type\":\"ReadAction\",\"target\":[\"https:\/\/uvbbrasil.com.br\/em-santa-cruz-do-sul-rs-legislativo-aprova-cinco-projetos-e-abre-processo-de-cassacao\/\"]}]},{\"@type\":\"ImageObject\",\"inLanguage\":\"pt-BR\",\"@id\":\"https:\/\/uvbbrasil.com.br\/em-santa-cruz-do-sul-rs-legislativo-aprova-cinco-projetos-e-abre-processo-de-cassacao\/#primaryimage\",\"url\":\"https:\/\/uvbbrasil.com.br\/wp-content\/uploads\/2024\/07\/img-9303-668c96fe32fc8.png\",\"contentUrl\":\"https:\/\/uvbbrasil.com.br\/wp-content\/uploads\/2024\/07\/img-9303-668c96fe32fc8.png\",\"width\":888,\"height\":666},{\"@type\":\"BreadcrumbList\",\"@id\":\"https:\/\/uvbbrasil.com.br\/em-santa-cruz-do-sul-rs-legislativo-aprova-cinco-projetos-e-abre-processo-de-cassacao\/#breadcrumb\",\"itemListElement\":[{\"@type\":\"ListItem\",\"position\":1,\"name\":\"In\u00edcio\",\"item\":\"https:\/\/uvbbrasil.com.br\/\"},{\"@type\":\"ListItem\",\"position\":2,\"name\":\"Em Santa Cruz do Sul\/RS Legislativo aprova cinco projetos e abre processo de cassa\u00e7\u00e3o\"}]},{\"@type\":\"WebSite\",\"@id\":\"https:\/\/uvbbrasil.com.br\/#website\",\"url\":\"https:\/\/uvbbrasil.com.br\/\",\"name\":\"UVB Brasil\",\"description\":\"Uni\u00e3o dos Vereadores do Brasil\",\"publisher\":{\"@id\":\"https:\/\/uvbbrasil.com.br\/#organization\"},\"potentialAction\":[{\"@type\":\"SearchAction\",\"target\":{\"@type\":\"EntryPoint\",\"urlTemplate\":\"https:\/\/uvbbrasil.com.br\/?s={search_term_string}\"},\"query-input\":{\"@type\":\"PropertyValueSpecification\",\"valueRequired\":true,\"valueName\":\"search_term_string\"}}],\"inLanguage\":\"pt-BR\"},{\"@type\":\"Organization\",\"@id\":\"https:\/\/uvbbrasil.com.br\/#organization\",\"name\":\"UVB Brasil\",\"url\":\"https:\/\/uvbbrasil.com.br\/\",\"logo\":{\"@type\":\"ImageObject\",\"inLanguage\":\"pt-BR\",\"@id\":\"https:\/\/uvbbrasil.com.br\/#\/schema\/logo\/image\/\",\"url\":\"https:\/\/uvbbrasil.com.br\/wp-content\/uploads\/2025\/01\/LOGO-UVB-2024-azul-1.jpg\",\"contentUrl\":\"https:\/\/uvbbrasil.com.br\/wp-content\/uploads\/2025\/01\/LOGO-UVB-2024-azul-1.jpg\",\"width\":600,\"height\":211,\"caption\":\"UVB Brasil\"},\"image\":{\"@id\":\"https:\/\/uvbbrasil.com.br\/#\/schema\/logo\/image\/\"},\"sameAs\":[\"https:\/\/www.facebook.com\/uvb.vereadoresbrasil\",\"https:\/\/www.instagram.com\/uvbbrasil\/\",\"https:\/\/www.youtube.com\/channel\/UCIlPQ8Xzw5GHNzosQIg9S5A\"]},{\"@type\":\"Person\",\"@id\":\"https:\/\/uvbbrasil.com.br\/#\/schema\/person\/17990098446c098f52effddff4f1b272\",\"name\":\"adminuvb\",\"image\":{\"@type\":\"ImageObject\",\"inLanguage\":\"pt-BR\",\"@id\":\"https:\/\/uvbbrasil.com.br\/#\/schema\/person\/image\/\",\"url\":\"https:\/\/secure.gravatar.com\/avatar\/1a494ea6f8e2dd1ae526e55b0e9497efdba542491e0620d704cccf63c6f77c45?s=96&d=mm&r=g\",\"contentUrl\":\"https:\/\/secure.gravatar.com\/avatar\/1a494ea6f8e2dd1ae526e55b0e9497efdba542491e0620d704cccf63c6f77c45?s=96&d=mm&r=g\",\"caption\":\"adminuvb\"},\"sameAs\":[\"https:\/\/uvbbrasil.com.br\"],\"url\":\"https:\/\/uvbbrasil.com.br\/author\/adminuvb\/\"}]}<\/script>\n<!-- \/ Yoast SEO plugin. -->","yoast_head_json":{"title":"Em Santa Cruz do Sul\/RS Legislativo aprova cinco projetos e abre processo de cassa\u00e7\u00e3o - UVB Brasil","robots":{"index":"index","follow":"follow","max-snippet":"max-snippet:-1","max-image-preview":"max-image-preview:large","max-video-preview":"max-video-preview:-1"},"canonical":"https:\/\/uvbbrasil.com.br\/em-santa-cruz-do-sul-rs-legislativo-aprova-cinco-projetos-e-abre-processo-de-cassacao\/","og_locale":"pt_BR","og_type":"article","og_title":"Em Santa Cruz do Sul\/RS Legislativo aprova cinco projetos e abre processo de cassa\u00e7\u00e3o - UVB Brasil","og_description":"Cinco projetos foram aprovados na sess\u00e3o ordin\u00e1ria desta segunda-feira, dia 8, realizada no Plen\u00e1rio Vereador Nilton Garibaldi. Al\u00e9m disso, foi...","og_url":"https:\/\/uvbbrasil.com.br\/em-santa-cruz-do-sul-rs-legislativo-aprova-cinco-projetos-e-abre-processo-de-cassacao\/","og_site_name":"UVB Brasil","article_publisher":"https:\/\/www.facebook.com\/uvb.vereadoresbrasil","article_published_time":"2024-07-12T15:33:47+00:00","og_image":[{"width":888,"height":666,"url":"https:\/\/uvbbrasil.com.br\/wp-content\/uploads\/2024\/07\/img-9303-668c96fe32fc8.png","type":"image\/png"}],"author":"adminuvb","twitter_card":"summary_large_image","twitter_misc":{"Escrito por":"adminuvb","Est. tempo de leitura":"4 minutos"},"schema":{"@context":"https:\/\/schema.org","@graph":[{"@type":"Article","@id":"https:\/\/uvbbrasil.com.br\/em-santa-cruz-do-sul-rs-legislativo-aprova-cinco-projetos-e-abre-processo-de-cassacao\/#article","isPartOf":{"@id":"https:\/\/uvbbrasil.com.br\/em-santa-cruz-do-sul-rs-legislativo-aprova-cinco-projetos-e-abre-processo-de-cassacao\/"},"author":{"name":"adminuvb","@id":"https:\/\/uvbbrasil.com.br\/#\/schema\/person\/17990098446c098f52effddff4f1b272"},"headline":"Em Santa Cruz do Sul\/RS Legislativo aprova cinco projetos e abre processo de cassa\u00e7\u00e3o","datePublished":"2024-07-12T15:33:47+00:00","mainEntityOfPage":{"@id":"https:\/\/uvbbrasil.com.br\/em-santa-cruz-do-sul-rs-legislativo-aprova-cinco-projetos-e-abre-processo-de-cassacao\/"},"wordCount":793,"commentCount":0,"publisher":{"@id":"https:\/\/uvbbrasil.com.br\/#organization"},"image":{"@id":"https:\/\/uvbbrasil.com.br\/em-santa-cruz-do-sul-rs-legislativo-aprova-cinco-projetos-e-abre-processo-de-cassacao\/#primaryimage"},"thumbnailUrl":"https:\/\/uvbbrasil.com.br\/wp-content\/uploads\/2024\/07\/img-9303-668c96fe32fc8.png","articleSection":["NOT\u00cdCIAS"],"inLanguage":"pt-BR","potentialAction":[{"@type":"CommentAction","name":"Comment","target":["https:\/\/uvbbrasil.com.br\/em-santa-cruz-do-sul-rs-legislativo-aprova-cinco-projetos-e-abre-processo-de-cassacao\/#respond"]}]},{"@type":"WebPage","@id":"https:\/\/uvbbrasil.com.br\/em-santa-cruz-do-sul-rs-legislativo-aprova-cinco-projetos-e-abre-processo-de-cassacao\/","url":"https:\/\/uvbbrasil.com.br\/em-santa-cruz-do-sul-rs-legislativo-aprova-cinco-projetos-e-abre-processo-de-cassacao\/","name":"Em Santa Cruz do Sul\/RS Legislativo aprova cinco projetos e abre processo de cassa\u00e7\u00e3o - UVB Brasil","isPartOf":{"@id":"https:\/\/uvbbrasil.com.br\/#website"},"primaryImageOfPage":{"@id":"https:\/\/uvbbrasil.com.br\/em-santa-cruz-do-sul-rs-legislativo-aprova-cinco-projetos-e-abre-processo-de-cassacao\/#primaryimage"},"image":{"@id":"https:\/\/uvbbrasil.com.br\/em-santa-cruz-do-sul-rs-legislativo-aprova-cinco-projetos-e-abre-processo-de-cassacao\/#primaryimage"},"thumbnailUrl":"https:\/\/uvbbrasil.com.br\/wp-content\/uploads\/2024\/07\/img-9303-668c96fe32fc8.png","datePublished":"2024-07-12T15:33:47+00:00","breadcrumb":{"@id":"https:\/\/uvbbrasil.com.br\/em-santa-cruz-do-sul-rs-legislativo-aprova-cinco-projetos-e-abre-processo-de-cassacao\/#breadcrumb"},"inLanguage":"pt-BR","potentialAction":[{"@type":"ReadAction","target":["https:\/\/uvbbrasil.com.br\/em-santa-cruz-do-sul-rs-legislativo-aprova-cinco-projetos-e-abre-processo-de-cassacao\/"]}]},{"@type":"ImageObject","inLanguage":"pt-BR","@id":"https:\/\/uvbbrasil.com.br\/em-santa-cruz-do-sul-rs-legislativo-aprova-cinco-projetos-e-abre-processo-de-cassacao\/#primaryimage","url":"https:\/\/uvbbrasil.com.br\/wp-content\/uploads\/2024\/07\/img-9303-668c96fe32fc8.png","contentUrl":"https:\/\/uvbbrasil.com.br\/wp-content\/uploads\/2024\/07\/img-9303-668c96fe32fc8.png","width":888,"height":666},{"@type":"BreadcrumbList","@id":"https:\/\/uvbbrasil.com.br\/em-santa-cruz-do-sul-rs-legislativo-aprova-cinco-projetos-e-abre-processo-de-cassacao\/#breadcrumb","itemListElement":[{"@type":"ListItem","position":1,"name":"In\u00edcio","item":"https:\/\/uvbbrasil.com.br\/"},{"@type":"ListItem","position":2,"name":"Em Santa Cruz do Sul\/RS Legislativo aprova cinco projetos e abre processo de cassa\u00e7\u00e3o"}]},{"@type":"WebSite","@id":"https:\/\/uvbbrasil.com.br\/#website","url":"https:\/\/uvbbrasil.com.br\/","name":"UVB Brasil","description":"Uni\u00e3o dos Vereadores do Brasil","publisher":{"@id":"https:\/\/uvbbrasil.com.br\/#organization"},"potentialAction":[{"@type":"SearchAction","target":{"@type":"EntryPoint","urlTemplate":"https:\/\/uvbbrasil.com.br\/?s={search_term_string}"},"query-input":{"@type":"PropertyValueSpecification","valueRequired":true,"valueName":"search_term_string"}}],"inLanguage":"pt-BR"},{"@type":"Organization","@id":"https:\/\/uvbbrasil.com.br\/#organization","name":"UVB Brasil","url":"https:\/\/uvbbrasil.com.br\/","logo":{"@type":"ImageObject","inLanguage":"pt-BR","@id":"https:\/\/uvbbrasil.com.br\/#\/schema\/logo\/image\/","url":"https:\/\/uvbbrasil.com.br\/wp-content\/uploads\/2025\/01\/LOGO-UVB-2024-azul-1.jpg","contentUrl":"https:\/\/uvbbrasil.com.br\/wp-content\/uploads\/2025\/01\/LOGO-UVB-2024-azul-1.jpg","width":600,"height":211,"caption":"UVB Brasil"},"image":{"@id":"https:\/\/uvbbrasil.com.br\/#\/schema\/logo\/image\/"},"sameAs":["https:\/\/www.facebook.com\/uvb.vereadoresbrasil","https:\/\/www.instagram.com\/uvbbrasil\/","https:\/\/www.youtube.com\/channel\/UCIlPQ8Xzw5GHNzosQIg9S5A"]},{"@type":"Person","@id":"https:\/\/uvbbrasil.com.br\/#\/schema\/person\/17990098446c098f52effddff4f1b272","name":"adminuvb","image":{"@type":"ImageObject","inLanguage":"pt-BR","@id":"https:\/\/uvbbrasil.com.br\/#\/schema\/person\/image\/","url":"https:\/\/secure.gravatar.com\/avatar\/1a494ea6f8e2dd1ae526e55b0e9497efdba542491e0620d704cccf63c6f77c45?s=96&d=mm&r=g","contentUrl":"https:\/\/secure.gravatar.com\/avatar\/1a494ea6f8e2dd1ae526e55b0e9497efdba542491e0620d704cccf63c6f77c45?s=96&d=mm&r=g","caption":"adminuvb"},"sameAs":["https:\/\/uvbbrasil.com.br"],"url":"https:\/\/uvbbrasil.com.br\/author\/adminuvb\/"}]}},"_links":{"self":[{"href":"https:\/\/uvbbrasil.com.br\/uvb-json\/wp\/v2\/posts\/35057","targetHints":{"allow":["GET"]}}],"collection":[{"href":"https:\/\/uvbbrasil.com.br\/uvb-json\/wp\/v2\/posts"}],"about":[{"href":"https:\/\/uvbbrasil.com.br\/uvb-json\/wp\/v2\/types\/post"}],"author":[{"embeddable":true,"href":"https:\/\/uvbbrasil.com.br\/uvb-json\/wp\/v2\/users\/1"}],"replies":[{"embeddable":true,"href":"https:\/\/uvbbrasil.com.br\/uvb-json\/wp\/v2\/comments?post=35057"}],"version-history":[{"count":0,"href":"https:\/\/uvbbrasil.com.br\/uvb-json\/wp\/v2\/posts\/35057\/revisions"}],"wp:featuredmedia":[{"embeddable":true,"href":"https:\/\/uvbbrasil.com.br\/uvb-json\/wp\/v2\/media\/35058"}],"wp:attachment":[{"href":"https:\/\/uvbbrasil.com.br\/uvb-json\/wp\/v2\/media?parent=35057"}],"wp:term":[{"taxonomy":"category","embeddable":true,"href":"https:\/\/uvbbrasil.com.br\/uvb-json\/wp\/v2\/categories?post=35057"},{"taxonomy":"post_tag","embeddable":true,"href":"https:\/\/uvbbrasil.com.br\/uvb-json\/wp\/v2\/tags?post=35057"}],"curies":[{"name":"wp","href":"https:\/\/api.w.org\/{rel}","templated":true}]}}