{"id":35021,"date":"2024-07-06T07:35:14","date_gmt":"2024-07-06T10:35:14","guid":{"rendered":"https:\/\/wpsandbox4.pante.com.br\/?p=35021"},"modified":"2024-07-06T07:35:14","modified_gmt":"2024-07-06T10:35:14","slug":"herval-sampaio-2-quais-sao-os-atos-considerados-licitos-na-pre-campanha-e-agora-pode-se-falar-de-pre-candidatura-em-quais-situacoes-esse-texto-foi-copiado-do-blog-do-gustavo-negreiros-para-ter-a","status":"publish","type":"post","link":"https:\/\/uvbbrasil.com.br\/herval-sampaio-2-quais-sao-os-atos-considerados-licitos-na-pre-campanha-e-agora-pode-se-falar-de-pre-candidatura-em-quais-situacoes-esse-texto-foi-copiado-do-blog-do-gustavo-negreiros-para-ter-a\/","title":{"rendered":"Herval Sampaio: 2. Quais s\u00e3o os atos considerados l\u00edcitos na pr\u00e9-campanha? E agora pode se falar de pr\u00e9-candidatura em quais situa\u00e7\u00f5es?"},"content":{"rendered":"<p>&nbsp;<\/p>\n<p>Esse texto foi copiado do Blog do Gustavo Negreiros. Para ter acesso completo a mat\u00e9ria acesse gustavonegreiros.com.br<\/p>\n<p>O juiz Herval Sampaio vai publicar uma s\u00e9rie de artigos no blog a respeito dos riscos da pr\u00e9-campanha para a campanha eleitoral.<\/p>\n<p>Confira o segundo deles:<\/p>\n<p>2. Quais s\u00e3o os atos considerados l\u00edcitos na pr\u00e9-campanha? E agora pode se falar de pr\u00e9-candidatura em quais situa\u00e7\u00f5es?<\/p>\n<p>Herval Sampaio<br \/>\nJuiz de Direito<\/p>\n<p>Como mencionamos no primeiro texto sobre a tem\u00e1tica dentro dessa s\u00e9rie, o marco existe por uma raz\u00e3o muito simples: n\u00e3o podemos ter nenhuma esp\u00e9cie de propaganda antes de tal termo e se houver, fora do que n\u00e3o se considera como l\u00edcito nesse per\u00edodo, \u00e9 propaganda irregular, pass\u00edvel de multa e dependendo de sua intensidade e gravidade, no m\u00ednimo, a abertura de uma investiga\u00e7\u00e3o judicial eleitoral para aferir se houve algum tipo de abuso de poder, da\u00ed o patente risco de se agir fora dos par\u00e2metros legais nessa intitulada pr\u00e9-campanha.<\/p>\n<p>E se n\u00e3o pensarmos desse modo, estaremos claramente permitindo sob \u201cas barbas da lei\u201d o uso desenfreado do poder econ\u00f4mico, pol\u00edtico e midi\u00e1tico, sem nenhum controle da Justi\u00e7a Eleitoral, desigualando ainda mais o processo eleitoral e ao final continuando a triste realidade de que os mandatos pol\u00edticos em sua maioria s\u00e3o conquistados na base da for\u00e7a do dinheiro e do poder, quando deveriam ser conquistados pelas ideias e programas, iniciados um pouco antes, contudo com limites ao exerc\u00edcio de tal pr\u00e1tica porque n\u00e3o se tem candidatura ainda, logo a abertura, indiscutivelmente, foi para o cidad\u00e3o\/eleitor e os partidos pol\u00edticos e n\u00e3o para quem deseja exercer o mandato de modo desenfreado e sem qualquer tipo de controle.<\/p>\n<p>Algu\u00e9m realmente acredita que da noite para o dia os pol\u00edticos deixar\u00e3o de abusar do poder para chegar ao poder e nele permanecer o m\u00e1ximo que puderem?<\/p>\n<p>Como n\u00e3o acredito que isso ocorra em um passe de m\u00e1gica, tendo a continuar pensando que por algum tempo, teremos, nessa abertura da reforma de 2015, espa\u00e7o para que pol\u00edticos desvirtuados do bem comum &#8211; que deveria ser a ess\u00eancia de sua atividade \u2013 promovam v\u00e1rias ilicitudes, que passar\u00e3o ao largo da Justi\u00e7a Eleitoral, da\u00ed a interpreta\u00e7\u00e3o de que mesmo sendo patente a amplia\u00e7\u00e3o, esta n\u00e3o pode ser desassociada de seus fins, pelo contr\u00e1rio, deve ser acomodada dentro da nova estrutura que se desenha.<\/p>\n<p>Referimo-nos \u00e0 necessidade de que tenhamos uma campanha de propostas e para tanto os ideais partid\u00e1rios, projetos e plataformas de um eventual governo possam ser tratadas de forma antecedente, justamente para que no per\u00edodo certo, o eleitor esteja em melhores condi\u00e7\u00f5es de decidir por esses aspectos e nunca por algo que venha a receber para dar o seu voto a quem n\u00e3o tem compromisso e, por conseguinte nenhum projeto de melhoria para o povo que o elege.<\/p>\n<p>Esta, infelizmente, \u00e9 a t\u00f4nica de nossa pol\u00edtica, que n\u00e3o me canso de repetir, politicagem, na qual os pol\u00edticos, em sua grande maioria, n\u00e3o t\u00eam propostas porque \u00e9 mais f\u00e1cil conquistar o eleitor com abuso de poder e sequer ter qualquer preocupa\u00e7\u00e3o futura com ele.<\/p>\n<p>E para mudar essa realidade, a lei antecipa algumas discuss\u00f5es, contudo n\u00e3o estabelece o in\u00edcio da propaganda e nem permite a quem n\u00e3o \u00e9 ainda oficialmente candidato atos de campanha e isso precisa ser bem compreendido, sob pena de termos atos em momento anterior ao da propaganda com uma carga mais incisiva que o momento pr\u00f3prio.<\/p>\n<p>O caput ao estabelecer o norte \u00e9 enf\u00e1tico em proibir o pedido expl\u00edcito de votos e o faz porque n\u00e3o h\u00e1 candidato, logo n\u00e3o h\u00e1 ainda sequer eleitor oficial e sim a pr\u00f3pria sociedade, que precisa ter ideia de como pensam os partidos e poss\u00edveis pr\u00e9-candidatos, mas este pensar \u00e9 devidamente limitado pela peculiaridade do momento.<\/p>\n<p>Sei que serei mais uma vez criticado por essa posi\u00e7\u00e3o restritiva, pelo menos nesses dois textos iniciais, mas deixo claro que mesmo que n\u00e3o concordasse com a abertura trazida pela lei, o que n\u00e3o \u00e9 o caso, como juiz que sou, atualmente exercendo a jurisdi\u00e7\u00e3o eleitoral, cumprirei claramente o princ\u00edpio democr\u00e1tico e n\u00e3o uma eventual posi\u00e7\u00e3o pessoal diferente.<\/p>\n<p>E o princ\u00edpio democr\u00e1tico sinalizou para uma nova fase do processo eleitoral, de articula\u00e7\u00f5es, ajustes partid\u00e1rios, contato com o povo de forma diferente e tudo isso vamos comentar nos textos seguintes, inciso por inciso, de molde que ao final os leitores tirem suas pr\u00f3prias conclus\u00f5es.<\/p>\n<p>Esse texto foi copiado do Blog do Gustavo Negreiros. Para ter acesso completo a mat\u00e9ria acesse gustavonegreiros.com.br<\/p>\n<p><img fetchpriority=\"high\" decoding=\"async\" class=\"alignnone size-full wp-image-35022\" src=\"https:\/\/uvbbrasil.com.br\/wp-content\/uploads\/2024\/07\/hervalzinho.jpeg\" alt=\"\" width=\"300\" height=\"199\" \/><\/p>\n","protected":false},"excerpt":{"rendered":"<p>&nbsp; Esse texto foi copiado do Blog do Gustavo Negreiros. Para ter acesso completo a mat\u00e9ria acesse gustavonegreiros.com.br O juiz&#8230;<\/p>\n","protected":false},"author":1,"featured_media":35022,"comment_status":"open","ping_status":"open","sticky":false,"template":"","format":"standard","meta":{"footnotes":""},"categories":[3],"tags":[],"class_list":["post-35021","post","type-post","status-publish","format-standard","has-post-thumbnail","hentry","category-noticias"],"yoast_head":"<!-- This site is optimized with the Yoast SEO plugin v26.7 - https:\/\/yoast.com\/wordpress\/plugins\/seo\/ -->\n<title>Herval Sampaio: 2. Quais s\u00e3o os atos considerados l\u00edcitos na pr\u00e9-campanha? E agora pode se falar de pr\u00e9-candidatura em quais situa\u00e7\u00f5es? - UVB Brasil<\/title>\n<meta name=\"robots\" content=\"index, follow, max-snippet:-1, max-image-preview:large, max-video-preview:-1\" \/>\n<link rel=\"canonical\" href=\"https:\/\/uvbbrasil.com.br\/herval-sampaio-2-quais-sao-os-atos-considerados-licitos-na-pre-campanha-e-agora-pode-se-falar-de-pre-candidatura-em-quais-situacoes-esse-texto-foi-copiado-do-blog-do-gustavo-negreiros-para-ter-a\/\" \/>\n<meta property=\"og:locale\" content=\"pt_BR\" \/>\n<meta property=\"og:type\" content=\"article\" \/>\n<meta property=\"og:title\" content=\"Herval Sampaio: 2. Quais s\u00e3o os atos considerados l\u00edcitos na pr\u00e9-campanha? E agora pode se falar de pr\u00e9-candidatura em quais situa\u00e7\u00f5es? - UVB Brasil\" \/>\n<meta property=\"og:description\" content=\"&nbsp; Esse texto foi copiado do Blog do Gustavo Negreiros. Para ter acesso completo a mat\u00e9ria acesse gustavonegreiros.com.br O juiz...\" \/>\n<meta property=\"og:url\" content=\"https:\/\/uvbbrasil.com.br\/herval-sampaio-2-quais-sao-os-atos-considerados-licitos-na-pre-campanha-e-agora-pode-se-falar-de-pre-candidatura-em-quais-situacoes-esse-texto-foi-copiado-do-blog-do-gustavo-negreiros-para-ter-a\/\" \/>\n<meta property=\"og:site_name\" content=\"UVB Brasil\" \/>\n<meta property=\"article:publisher\" content=\"https:\/\/www.facebook.com\/uvb.vereadoresbrasil\" \/>\n<meta property=\"article:published_time\" content=\"2024-07-06T10:35:14+00:00\" \/>\n<meta property=\"og:image\" content=\"https:\/\/uvbbrasil.com.br\/wp-content\/uploads\/2024\/07\/hervalzinho.jpeg\" \/>\n\t<meta property=\"og:image:width\" content=\"300\" \/>\n\t<meta property=\"og:image:height\" content=\"199\" \/>\n\t<meta property=\"og:image:type\" content=\"image\/jpeg\" \/>\n<meta name=\"author\" content=\"adminuvb\" \/>\n<meta name=\"twitter:card\" content=\"summary_large_image\" \/>\n<meta name=\"twitter:label1\" content=\"Escrito por\" \/>\n\t<meta name=\"twitter:data1\" content=\"adminuvb\" \/>\n\t<meta name=\"twitter:label2\" content=\"Est. tempo de leitura\" \/>\n\t<meta name=\"twitter:data2\" content=\"4 minutos\" \/>\n<script type=\"application\/ld+json\" class=\"yoast-schema-graph\">{\"@context\":\"https:\/\/schema.org\",\"@graph\":[{\"@type\":\"Article\",\"@id\":\"https:\/\/uvbbrasil.com.br\/herval-sampaio-2-quais-sao-os-atos-considerados-licitos-na-pre-campanha-e-agora-pode-se-falar-de-pre-candidatura-em-quais-situacoes-esse-texto-foi-copiado-do-blog-do-gustavo-negreiros-para-ter-a\/#article\",\"isPartOf\":{\"@id\":\"https:\/\/uvbbrasil.com.br\/herval-sampaio-2-quais-sao-os-atos-considerados-licitos-na-pre-campanha-e-agora-pode-se-falar-de-pre-candidatura-em-quais-situacoes-esse-texto-foi-copiado-do-blog-do-gustavo-negreiros-para-ter-a\/\"},\"author\":{\"name\":\"adminuvb\",\"@id\":\"https:\/\/uvbbrasil.com.br\/#\/schema\/person\/17990098446c098f52effddff4f1b272\"},\"headline\":\"Herval Sampaio: 2. Quais s\u00e3o os atos considerados l\u00edcitos na pr\u00e9-campanha? E agora pode se falar de pr\u00e9-candidatura em quais situa\u00e7\u00f5es?\",\"datePublished\":\"2024-07-06T10:35:14+00:00\",\"mainEntityOfPage\":{\"@id\":\"https:\/\/uvbbrasil.com.br\/herval-sampaio-2-quais-sao-os-atos-considerados-licitos-na-pre-campanha-e-agora-pode-se-falar-de-pre-candidatura-em-quais-situacoes-esse-texto-foi-copiado-do-blog-do-gustavo-negreiros-para-ter-a\/\"},\"wordCount\":847,\"commentCount\":0,\"publisher\":{\"@id\":\"https:\/\/uvbbrasil.com.br\/#organization\"},\"image\":{\"@id\":\"https:\/\/uvbbrasil.com.br\/herval-sampaio-2-quais-sao-os-atos-considerados-licitos-na-pre-campanha-e-agora-pode-se-falar-de-pre-candidatura-em-quais-situacoes-esse-texto-foi-copiado-do-blog-do-gustavo-negreiros-para-ter-a\/#primaryimage\"},\"thumbnailUrl\":\"https:\/\/uvbbrasil.com.br\/wp-content\/uploads\/2024\/07\/hervalzinho.jpeg\",\"articleSection\":[\"NOT\u00cdCIAS\"],\"inLanguage\":\"pt-BR\",\"potentialAction\":[{\"@type\":\"CommentAction\",\"name\":\"Comment\",\"target\":[\"https:\/\/uvbbrasil.com.br\/herval-sampaio-2-quais-sao-os-atos-considerados-licitos-na-pre-campanha-e-agora-pode-se-falar-de-pre-candidatura-em-quais-situacoes-esse-texto-foi-copiado-do-blog-do-gustavo-negreiros-para-ter-a\/#respond\"]}]},{\"@type\":\"WebPage\",\"@id\":\"https:\/\/uvbbrasil.com.br\/herval-sampaio-2-quais-sao-os-atos-considerados-licitos-na-pre-campanha-e-agora-pode-se-falar-de-pre-candidatura-em-quais-situacoes-esse-texto-foi-copiado-do-blog-do-gustavo-negreiros-para-ter-a\/\",\"url\":\"https:\/\/uvbbrasil.com.br\/herval-sampaio-2-quais-sao-os-atos-considerados-licitos-na-pre-campanha-e-agora-pode-se-falar-de-pre-candidatura-em-quais-situacoes-esse-texto-foi-copiado-do-blog-do-gustavo-negreiros-para-ter-a\/\",\"name\":\"Herval Sampaio: 2. Quais s\u00e3o os atos considerados l\u00edcitos na pr\u00e9-campanha? E agora pode se falar de pr\u00e9-candidatura em quais situa\u00e7\u00f5es? - UVB Brasil\",\"isPartOf\":{\"@id\":\"https:\/\/uvbbrasil.com.br\/#website\"},\"primaryImageOfPage\":{\"@id\":\"https:\/\/uvbbrasil.com.br\/herval-sampaio-2-quais-sao-os-atos-considerados-licitos-na-pre-campanha-e-agora-pode-se-falar-de-pre-candidatura-em-quais-situacoes-esse-texto-foi-copiado-do-blog-do-gustavo-negreiros-para-ter-a\/#primaryimage\"},\"image\":{\"@id\":\"https:\/\/uvbbrasil.com.br\/herval-sampaio-2-quais-sao-os-atos-considerados-licitos-na-pre-campanha-e-agora-pode-se-falar-de-pre-candidatura-em-quais-situacoes-esse-texto-foi-copiado-do-blog-do-gustavo-negreiros-para-ter-a\/#primaryimage\"},\"thumbnailUrl\":\"https:\/\/uvbbrasil.com.br\/wp-content\/uploads\/2024\/07\/hervalzinho.jpeg\",\"datePublished\":\"2024-07-06T10:35:14+00:00\",\"breadcrumb\":{\"@id\":\"https:\/\/uvbbrasil.com.br\/herval-sampaio-2-quais-sao-os-atos-considerados-licitos-na-pre-campanha-e-agora-pode-se-falar-de-pre-candidatura-em-quais-situacoes-esse-texto-foi-copiado-do-blog-do-gustavo-negreiros-para-ter-a\/#breadcrumb\"},\"inLanguage\":\"pt-BR\",\"potentialAction\":[{\"@type\":\"ReadAction\",\"target\":[\"https:\/\/uvbbrasil.com.br\/herval-sampaio-2-quais-sao-os-atos-considerados-licitos-na-pre-campanha-e-agora-pode-se-falar-de-pre-candidatura-em-quais-situacoes-esse-texto-foi-copiado-do-blog-do-gustavo-negreiros-para-ter-a\/\"]}]},{\"@type\":\"ImageObject\",\"inLanguage\":\"pt-BR\",\"@id\":\"https:\/\/uvbbrasil.com.br\/herval-sampaio-2-quais-sao-os-atos-considerados-licitos-na-pre-campanha-e-agora-pode-se-falar-de-pre-candidatura-em-quais-situacoes-esse-texto-foi-copiado-do-blog-do-gustavo-negreiros-para-ter-a\/#primaryimage\",\"url\":\"https:\/\/uvbbrasil.com.br\/wp-content\/uploads\/2024\/07\/hervalzinho.jpeg\",\"contentUrl\":\"https:\/\/uvbbrasil.com.br\/wp-content\/uploads\/2024\/07\/hervalzinho.jpeg\",\"width\":300,\"height\":199},{\"@type\":\"BreadcrumbList\",\"@id\":\"https:\/\/uvbbrasil.com.br\/herval-sampaio-2-quais-sao-os-atos-considerados-licitos-na-pre-campanha-e-agora-pode-se-falar-de-pre-candidatura-em-quais-situacoes-esse-texto-foi-copiado-do-blog-do-gustavo-negreiros-para-ter-a\/#breadcrumb\",\"itemListElement\":[{\"@type\":\"ListItem\",\"position\":1,\"name\":\"In\u00edcio\",\"item\":\"https:\/\/uvbbrasil.com.br\/\"},{\"@type\":\"ListItem\",\"position\":2,\"name\":\"Herval Sampaio: 2. Quais s\u00e3o os atos considerados l\u00edcitos na pr\u00e9-campanha? E agora pode se falar de pr\u00e9-candidatura em quais situa\u00e7\u00f5es?\"}]},{\"@type\":\"WebSite\",\"@id\":\"https:\/\/uvbbrasil.com.br\/#website\",\"url\":\"https:\/\/uvbbrasil.com.br\/\",\"name\":\"UVB Brasil\",\"description\":\"Uni\u00e3o dos Vereadores do Brasil\",\"publisher\":{\"@id\":\"https:\/\/uvbbrasil.com.br\/#organization\"},\"potentialAction\":[{\"@type\":\"SearchAction\",\"target\":{\"@type\":\"EntryPoint\",\"urlTemplate\":\"https:\/\/uvbbrasil.com.br\/?s={search_term_string}\"},\"query-input\":{\"@type\":\"PropertyValueSpecification\",\"valueRequired\":true,\"valueName\":\"search_term_string\"}}],\"inLanguage\":\"pt-BR\"},{\"@type\":\"Organization\",\"@id\":\"https:\/\/uvbbrasil.com.br\/#organization\",\"name\":\"UVB Brasil\",\"url\":\"https:\/\/uvbbrasil.com.br\/\",\"logo\":{\"@type\":\"ImageObject\",\"inLanguage\":\"pt-BR\",\"@id\":\"https:\/\/uvbbrasil.com.br\/#\/schema\/logo\/image\/\",\"url\":\"https:\/\/uvbbrasil.com.br\/wp-content\/uploads\/2025\/01\/LOGO-UVB-2024-azul-1.jpg\",\"contentUrl\":\"https:\/\/uvbbrasil.com.br\/wp-content\/uploads\/2025\/01\/LOGO-UVB-2024-azul-1.jpg\",\"width\":600,\"height\":211,\"caption\":\"UVB Brasil\"},\"image\":{\"@id\":\"https:\/\/uvbbrasil.com.br\/#\/schema\/logo\/image\/\"},\"sameAs\":[\"https:\/\/www.facebook.com\/uvb.vereadoresbrasil\",\"https:\/\/www.instagram.com\/uvbbrasil\/\",\"https:\/\/www.youtube.com\/channel\/UCIlPQ8Xzw5GHNzosQIg9S5A\"]},{\"@type\":\"Person\",\"@id\":\"https:\/\/uvbbrasil.com.br\/#\/schema\/person\/17990098446c098f52effddff4f1b272\",\"name\":\"adminuvb\",\"image\":{\"@type\":\"ImageObject\",\"inLanguage\":\"pt-BR\",\"@id\":\"https:\/\/uvbbrasil.com.br\/#\/schema\/person\/image\/\",\"url\":\"https:\/\/secure.gravatar.com\/avatar\/1a494ea6f8e2dd1ae526e55b0e9497efdba542491e0620d704cccf63c6f77c45?s=96&d=mm&r=g\",\"contentUrl\":\"https:\/\/secure.gravatar.com\/avatar\/1a494ea6f8e2dd1ae526e55b0e9497efdba542491e0620d704cccf63c6f77c45?s=96&d=mm&r=g\",\"caption\":\"adminuvb\"},\"sameAs\":[\"https:\/\/uvbbrasil.com.br\"],\"url\":\"https:\/\/uvbbrasil.com.br\/author\/adminuvb\/\"}]}<\/script>\n<!-- \/ Yoast SEO plugin. -->","yoast_head_json":{"title":"Herval Sampaio: 2. Quais s\u00e3o os atos considerados l\u00edcitos na pr\u00e9-campanha? E agora pode se falar de pr\u00e9-candidatura em quais situa\u00e7\u00f5es? - UVB Brasil","robots":{"index":"index","follow":"follow","max-snippet":"max-snippet:-1","max-image-preview":"max-image-preview:large","max-video-preview":"max-video-preview:-1"},"canonical":"https:\/\/uvbbrasil.com.br\/herval-sampaio-2-quais-sao-os-atos-considerados-licitos-na-pre-campanha-e-agora-pode-se-falar-de-pre-candidatura-em-quais-situacoes-esse-texto-foi-copiado-do-blog-do-gustavo-negreiros-para-ter-a\/","og_locale":"pt_BR","og_type":"article","og_title":"Herval Sampaio: 2. Quais s\u00e3o os atos considerados l\u00edcitos na pr\u00e9-campanha? E agora pode se falar de pr\u00e9-candidatura em quais situa\u00e7\u00f5es? - UVB Brasil","og_description":"&nbsp; Esse texto foi copiado do Blog do Gustavo Negreiros. Para ter acesso completo a mat\u00e9ria acesse gustavonegreiros.com.br O juiz...","og_url":"https:\/\/uvbbrasil.com.br\/herval-sampaio-2-quais-sao-os-atos-considerados-licitos-na-pre-campanha-e-agora-pode-se-falar-de-pre-candidatura-em-quais-situacoes-esse-texto-foi-copiado-do-blog-do-gustavo-negreiros-para-ter-a\/","og_site_name":"UVB Brasil","article_publisher":"https:\/\/www.facebook.com\/uvb.vereadoresbrasil","article_published_time":"2024-07-06T10:35:14+00:00","og_image":[{"width":300,"height":199,"url":"https:\/\/uvbbrasil.com.br\/wp-content\/uploads\/2024\/07\/hervalzinho.jpeg","type":"image\/jpeg"}],"author":"adminuvb","twitter_card":"summary_large_image","twitter_misc":{"Escrito por":"adminuvb","Est. tempo de leitura":"4 minutos"},"schema":{"@context":"https:\/\/schema.org","@graph":[{"@type":"Article","@id":"https:\/\/uvbbrasil.com.br\/herval-sampaio-2-quais-sao-os-atos-considerados-licitos-na-pre-campanha-e-agora-pode-se-falar-de-pre-candidatura-em-quais-situacoes-esse-texto-foi-copiado-do-blog-do-gustavo-negreiros-para-ter-a\/#article","isPartOf":{"@id":"https:\/\/uvbbrasil.com.br\/herval-sampaio-2-quais-sao-os-atos-considerados-licitos-na-pre-campanha-e-agora-pode-se-falar-de-pre-candidatura-em-quais-situacoes-esse-texto-foi-copiado-do-blog-do-gustavo-negreiros-para-ter-a\/"},"author":{"name":"adminuvb","@id":"https:\/\/uvbbrasil.com.br\/#\/schema\/person\/17990098446c098f52effddff4f1b272"},"headline":"Herval Sampaio: 2. Quais s\u00e3o os atos considerados l\u00edcitos na pr\u00e9-campanha? E agora pode se falar de pr\u00e9-candidatura em quais situa\u00e7\u00f5es?","datePublished":"2024-07-06T10:35:14+00:00","mainEntityOfPage":{"@id":"https:\/\/uvbbrasil.com.br\/herval-sampaio-2-quais-sao-os-atos-considerados-licitos-na-pre-campanha-e-agora-pode-se-falar-de-pre-candidatura-em-quais-situacoes-esse-texto-foi-copiado-do-blog-do-gustavo-negreiros-para-ter-a\/"},"wordCount":847,"commentCount":0,"publisher":{"@id":"https:\/\/uvbbrasil.com.br\/#organization"},"image":{"@id":"https:\/\/uvbbrasil.com.br\/herval-sampaio-2-quais-sao-os-atos-considerados-licitos-na-pre-campanha-e-agora-pode-se-falar-de-pre-candidatura-em-quais-situacoes-esse-texto-foi-copiado-do-blog-do-gustavo-negreiros-para-ter-a\/#primaryimage"},"thumbnailUrl":"https:\/\/uvbbrasil.com.br\/wp-content\/uploads\/2024\/07\/hervalzinho.jpeg","articleSection":["NOT\u00cdCIAS"],"inLanguage":"pt-BR","potentialAction":[{"@type":"CommentAction","name":"Comment","target":["https:\/\/uvbbrasil.com.br\/herval-sampaio-2-quais-sao-os-atos-considerados-licitos-na-pre-campanha-e-agora-pode-se-falar-de-pre-candidatura-em-quais-situacoes-esse-texto-foi-copiado-do-blog-do-gustavo-negreiros-para-ter-a\/#respond"]}]},{"@type":"WebPage","@id":"https:\/\/uvbbrasil.com.br\/herval-sampaio-2-quais-sao-os-atos-considerados-licitos-na-pre-campanha-e-agora-pode-se-falar-de-pre-candidatura-em-quais-situacoes-esse-texto-foi-copiado-do-blog-do-gustavo-negreiros-para-ter-a\/","url":"https:\/\/uvbbrasil.com.br\/herval-sampaio-2-quais-sao-os-atos-considerados-licitos-na-pre-campanha-e-agora-pode-se-falar-de-pre-candidatura-em-quais-situacoes-esse-texto-foi-copiado-do-blog-do-gustavo-negreiros-para-ter-a\/","name":"Herval Sampaio: 2. Quais s\u00e3o os atos considerados l\u00edcitos na pr\u00e9-campanha? E agora pode se falar de pr\u00e9-candidatura em quais situa\u00e7\u00f5es? - UVB Brasil","isPartOf":{"@id":"https:\/\/uvbbrasil.com.br\/#website"},"primaryImageOfPage":{"@id":"https:\/\/uvbbrasil.com.br\/herval-sampaio-2-quais-sao-os-atos-considerados-licitos-na-pre-campanha-e-agora-pode-se-falar-de-pre-candidatura-em-quais-situacoes-esse-texto-foi-copiado-do-blog-do-gustavo-negreiros-para-ter-a\/#primaryimage"},"image":{"@id":"https:\/\/uvbbrasil.com.br\/herval-sampaio-2-quais-sao-os-atos-considerados-licitos-na-pre-campanha-e-agora-pode-se-falar-de-pre-candidatura-em-quais-situacoes-esse-texto-foi-copiado-do-blog-do-gustavo-negreiros-para-ter-a\/#primaryimage"},"thumbnailUrl":"https:\/\/uvbbrasil.com.br\/wp-content\/uploads\/2024\/07\/hervalzinho.jpeg","datePublished":"2024-07-06T10:35:14+00:00","breadcrumb":{"@id":"https:\/\/uvbbrasil.com.br\/herval-sampaio-2-quais-sao-os-atos-considerados-licitos-na-pre-campanha-e-agora-pode-se-falar-de-pre-candidatura-em-quais-situacoes-esse-texto-foi-copiado-do-blog-do-gustavo-negreiros-para-ter-a\/#breadcrumb"},"inLanguage":"pt-BR","potentialAction":[{"@type":"ReadAction","target":["https:\/\/uvbbrasil.com.br\/herval-sampaio-2-quais-sao-os-atos-considerados-licitos-na-pre-campanha-e-agora-pode-se-falar-de-pre-candidatura-em-quais-situacoes-esse-texto-foi-copiado-do-blog-do-gustavo-negreiros-para-ter-a\/"]}]},{"@type":"ImageObject","inLanguage":"pt-BR","@id":"https:\/\/uvbbrasil.com.br\/herval-sampaio-2-quais-sao-os-atos-considerados-licitos-na-pre-campanha-e-agora-pode-se-falar-de-pre-candidatura-em-quais-situacoes-esse-texto-foi-copiado-do-blog-do-gustavo-negreiros-para-ter-a\/#primaryimage","url":"https:\/\/uvbbrasil.com.br\/wp-content\/uploads\/2024\/07\/hervalzinho.jpeg","contentUrl":"https:\/\/uvbbrasil.com.br\/wp-content\/uploads\/2024\/07\/hervalzinho.jpeg","width":300,"height":199},{"@type":"BreadcrumbList","@id":"https:\/\/uvbbrasil.com.br\/herval-sampaio-2-quais-sao-os-atos-considerados-licitos-na-pre-campanha-e-agora-pode-se-falar-de-pre-candidatura-em-quais-situacoes-esse-texto-foi-copiado-do-blog-do-gustavo-negreiros-para-ter-a\/#breadcrumb","itemListElement":[{"@type":"ListItem","position":1,"name":"In\u00edcio","item":"https:\/\/uvbbrasil.com.br\/"},{"@type":"ListItem","position":2,"name":"Herval Sampaio: 2. Quais s\u00e3o os atos considerados l\u00edcitos na pr\u00e9-campanha? E agora pode se falar de pr\u00e9-candidatura em quais situa\u00e7\u00f5es?"}]},{"@type":"WebSite","@id":"https:\/\/uvbbrasil.com.br\/#website","url":"https:\/\/uvbbrasil.com.br\/","name":"UVB Brasil","description":"Uni\u00e3o dos Vereadores do Brasil","publisher":{"@id":"https:\/\/uvbbrasil.com.br\/#organization"},"potentialAction":[{"@type":"SearchAction","target":{"@type":"EntryPoint","urlTemplate":"https:\/\/uvbbrasil.com.br\/?s={search_term_string}"},"query-input":{"@type":"PropertyValueSpecification","valueRequired":true,"valueName":"search_term_string"}}],"inLanguage":"pt-BR"},{"@type":"Organization","@id":"https:\/\/uvbbrasil.com.br\/#organization","name":"UVB Brasil","url":"https:\/\/uvbbrasil.com.br\/","logo":{"@type":"ImageObject","inLanguage":"pt-BR","@id":"https:\/\/uvbbrasil.com.br\/#\/schema\/logo\/image\/","url":"https:\/\/uvbbrasil.com.br\/wp-content\/uploads\/2025\/01\/LOGO-UVB-2024-azul-1.jpg","contentUrl":"https:\/\/uvbbrasil.com.br\/wp-content\/uploads\/2025\/01\/LOGO-UVB-2024-azul-1.jpg","width":600,"height":211,"caption":"UVB Brasil"},"image":{"@id":"https:\/\/uvbbrasil.com.br\/#\/schema\/logo\/image\/"},"sameAs":["https:\/\/www.facebook.com\/uvb.vereadoresbrasil","https:\/\/www.instagram.com\/uvbbrasil\/","https:\/\/www.youtube.com\/channel\/UCIlPQ8Xzw5GHNzosQIg9S5A"]},{"@type":"Person","@id":"https:\/\/uvbbrasil.com.br\/#\/schema\/person\/17990098446c098f52effddff4f1b272","name":"adminuvb","image":{"@type":"ImageObject","inLanguage":"pt-BR","@id":"https:\/\/uvbbrasil.com.br\/#\/schema\/person\/image\/","url":"https:\/\/secure.gravatar.com\/avatar\/1a494ea6f8e2dd1ae526e55b0e9497efdba542491e0620d704cccf63c6f77c45?s=96&d=mm&r=g","contentUrl":"https:\/\/secure.gravatar.com\/avatar\/1a494ea6f8e2dd1ae526e55b0e9497efdba542491e0620d704cccf63c6f77c45?s=96&d=mm&r=g","caption":"adminuvb"},"sameAs":["https:\/\/uvbbrasil.com.br"],"url":"https:\/\/uvbbrasil.com.br\/author\/adminuvb\/"}]}},"_links":{"self":[{"href":"https:\/\/uvbbrasil.com.br\/uvb-json\/wp\/v2\/posts\/35021","targetHints":{"allow":["GET"]}}],"collection":[{"href":"https:\/\/uvbbrasil.com.br\/uvb-json\/wp\/v2\/posts"}],"about":[{"href":"https:\/\/uvbbrasil.com.br\/uvb-json\/wp\/v2\/types\/post"}],"author":[{"embeddable":true,"href":"https:\/\/uvbbrasil.com.br\/uvb-json\/wp\/v2\/users\/1"}],"replies":[{"embeddable":true,"href":"https:\/\/uvbbrasil.com.br\/uvb-json\/wp\/v2\/comments?post=35021"}],"version-history":[{"count":0,"href":"https:\/\/uvbbrasil.com.br\/uvb-json\/wp\/v2\/posts\/35021\/revisions"}],"wp:featuredmedia":[{"embeddable":true,"href":"https:\/\/uvbbrasil.com.br\/uvb-json\/wp\/v2\/media\/35022"}],"wp:attachment":[{"href":"https:\/\/uvbbrasil.com.br\/uvb-json\/wp\/v2\/media?parent=35021"}],"wp:term":[{"taxonomy":"category","embeddable":true,"href":"https:\/\/uvbbrasil.com.br\/uvb-json\/wp\/v2\/categories?post=35021"},{"taxonomy":"post_tag","embeddable":true,"href":"https:\/\/uvbbrasil.com.br\/uvb-json\/wp\/v2\/tags?post=35021"}],"curies":[{"name":"wp","href":"https:\/\/api.w.org\/{rel}","templated":true}]}}