{"id":34997,"date":"2024-07-03T12:18:07","date_gmt":"2024-07-03T15:18:07","guid":{"rendered":"https:\/\/wpsandbox4.pante.com.br\/?p=34997"},"modified":"2024-07-03T12:18:07","modified_gmt":"2024-07-03T15:18:07","slug":"menos-de-100-dias-para-as-eleicoes-hora-de-checar-a-sua-documentacao","status":"publish","type":"post","link":"https:\/\/uvbbrasil.com.br\/menos-de-100-dias-para-as-eleicoes-hora-de-checar-a-sua-documentacao\/","title":{"rendered":"Menos de 100 dias para as elei\u00e7\u00f5es: hora de checar a sua documenta\u00e7\u00e3o"},"content":{"rendered":"<p class=\"noticia-titulo\">\n<p class=\"noticia-subtitulo\">Eleitoras e eleitores de 5.569 cidades v\u00e3o escolher, no dia 6 de outubro, novos representantes. Para votar, leve um documento oficial com foto<\/p>\n<p>O calend\u00e1rio corre r\u00e1pido e, daqui a pouco, j\u00e1 \u00e9 hora de ir \u00e0s urnas escolher vereadoras, vereadores, prefeitas e prefeitos de 5.569 munic\u00edpios brasileiros. Agora faltam menos de 100 dias para o 1\u00ba turno das Elei\u00e7\u00f5es 2024, que acontece em 6 de outubro, e, por isso, \u00e9 importante checar com qual documenta\u00e7\u00e3o \u00e9 poss\u00edvel se identificar para votar. Fazendo isso, voc\u00ea n\u00e3o corre o risco de chegar \u00e0 se\u00e7\u00e3o eleitoral sem um documento que o habilite a exercer a sua cidadania na urna.<\/p>\n<p>A primeira informa\u00e7\u00e3o relevante \u00e9: mais importante que portar o t\u00edtulo de eleitor \u00e9 ter em m\u00e3o um documento oficial com foto, pois, sem ele, n\u00e3o h\u00e1 voto. N\u00e3o adianta levar o t\u00edtulo e esquecer o documento com fotografia. Tamb\u00e9m n\u00e3o vale apresentar a carteirinha de estudante ou o crach\u00e1 do seu trabalho, por exemplo.<\/p>\n<p>Os documentos v\u00e1lidos s\u00e3o estes:\u00a0<strong>identidade (RG), carteira de motorista (CNH), certificado de reservista, carteira de trabalho, passaporte e carteira de categoria profissional reconhecida por lei.<\/strong><\/p>\n<p>O documento deve estar em boas condi\u00e7\u00f5es de leitura e com foto preservada, al\u00e9m de estar no prazo vigente. H\u00e1 alguns que t\u00eam prazo de validade, como o passaporte e a CNH. Ent\u00e3o, \u00e9 importante dar uma olhada na data de vencimento, que pode ser checada no pr\u00f3prio documento.<\/p>\n<h3 id=\"titulo-0\">E-T\u00edtulo: com foto ou sem?<\/h3>\n<p>Se voc\u00ea n\u00e3o estiver com o t\u00edtulo de eleitor em papel, pode se dirigir \u00e0 sua se\u00e7\u00e3o de vota\u00e7\u00e3o com um dos documentos v\u00e1lidos indicados acima. Outra op\u00e7\u00e3o \u00e9 o e-T\u00edtulo, mas apenas para quem fez o cadastro biom\u00e9trico e, dessa forma, tem a foto de identifica\u00e7\u00e3o no app.<\/p>\n<p>Caso voc\u00ea n\u00e3o tenha feito esse cadastramento em anos anteriores ou at\u00e9 o dia 8 de maio deste ano, n\u00e3o \u00e9 mais poss\u00edvel inserir a fotografia no e-T\u00edtulo para as Elei\u00e7\u00f5es 2024, pois os servi\u00e7os do cadastro eleitoral est\u00e3o suspensos para a organiza\u00e7\u00e3o da log\u00edstica de vota\u00e7\u00e3o. Nessa hip\u00f3tese, \u00e9 obrigat\u00f3rio apresentar, al\u00e9m do e-T\u00edtulo, um documento com foto.<\/p>\n<h3 id=\"titulo-1\">O t\u00edtulo n\u00e3o \u00e9 obrigat\u00f3rio, mas n\u00e3o deixe de lev\u00e1-lo<\/h3>\n<p>\u00c9 sempre importante lembrar que o t\u00edtulo de eleitor facilita a identifica\u00e7\u00e3o e refor\u00e7a a sua identidade na se\u00e7\u00e3o, afinal \u00e9 o documento oficial emitido pela Justi\u00e7a Eleitoral. Assim, se voc\u00ea tem o t\u00edtulo, n\u00e3o deixe de lev\u00e1-lo no dia da vota\u00e7\u00e3o.<\/p>\n<h3 id=\"titulo-2\">Certid\u00f5es de nascimento ou casamento<\/h3>\n<p>Por mais importantes que sejam as certid\u00f5es de nascimento e de casamento, elas n\u00e3o v\u00e3o garantir o seu voto, uma vez que n\u00e3o s\u00e3o aceitas pela Justi\u00e7a Eleitoral como documentos de identifica\u00e7\u00e3o na se\u00e7\u00e3o, justamente porque n\u00e3o t\u00eam foto.<\/p>\n<p>A dica, ent\u00e3o, \u00e9: fa\u00e7a a checagem acima, garanta pelo menos um dos documentos aceitos pela legisla\u00e7\u00e3o e exer\u00e7a seu voto de forma consciente.<\/p>\n<p>GB\/LC, DB<\/p>\n<p><img decoding=\"async\" class=\"alignnone size-medium wp-image-34998\" src=\"https:\/\/uvbbrasil.com.br\/wp-content\/uploads\/2024\/07\/6e684639-bd29-40aa-b0d1-b2b1c57c65b6-300x145.jpeg\" alt=\"\" width=\"300\" height=\"145\" srcset=\"https:\/\/uvbbrasil.com.br\/wp-content\/uploads\/2024\/07\/6e684639-bd29-40aa-b0d1-b2b1c57c65b6-300x145.jpeg 300w, https:\/\/uvbbrasil.com.br\/wp-content\/uploads\/2024\/07\/6e684639-bd29-40aa-b0d1-b2b1c57c65b6.jpeg 620w\" sizes=\"(max-width: 300px) 100vw, 300px\" \/><\/p>\n","protected":false},"excerpt":{"rendered":"<p>Eleitoras e eleitores de 5.569 cidades v\u00e3o escolher, no dia 6 de outubro, novos representantes. Para votar, leve um documento&#8230;<\/p>\n","protected":false},"author":1,"featured_media":34998,"comment_status":"open","ping_status":"open","sticky":false,"template":"","format":"standard","meta":{"footnotes":""},"categories":[3],"tags":[],"class_list":["post-34997","post","type-post","status-publish","format-standard","has-post-thumbnail","hentry","category-noticias"],"yoast_head":"<!-- This site is optimized with the Yoast SEO plugin v26.7 - https:\/\/yoast.com\/wordpress\/plugins\/seo\/ -->\n<title>Menos de 100 dias para as elei\u00e7\u00f5es: hora de checar a sua documenta\u00e7\u00e3o - UVB Brasil<\/title>\n<meta name=\"robots\" content=\"index, follow, max-snippet:-1, max-image-preview:large, max-video-preview:-1\" \/>\n<link rel=\"canonical\" href=\"https:\/\/uvbbrasil.com.br\/menos-de-100-dias-para-as-eleicoes-hora-de-checar-a-sua-documentacao\/\" \/>\n<meta property=\"og:locale\" content=\"pt_BR\" \/>\n<meta property=\"og:type\" content=\"article\" \/>\n<meta property=\"og:title\" content=\"Menos de 100 dias para as elei\u00e7\u00f5es: hora de checar a sua documenta\u00e7\u00e3o - UVB Brasil\" \/>\n<meta property=\"og:description\" content=\"Eleitoras e eleitores de 5.569 cidades v\u00e3o escolher, no dia 6 de outubro, novos representantes. Para votar, leve um documento...\" \/>\n<meta property=\"og:url\" content=\"https:\/\/uvbbrasil.com.br\/menos-de-100-dias-para-as-eleicoes-hora-de-checar-a-sua-documentacao\/\" \/>\n<meta property=\"og:site_name\" content=\"UVB Brasil\" \/>\n<meta property=\"article:publisher\" content=\"https:\/\/www.facebook.com\/uvb.vereadoresbrasil\" \/>\n<meta property=\"article:published_time\" content=\"2024-07-03T15:18:07+00:00\" \/>\n<meta property=\"og:image\" content=\"https:\/\/uvbbrasil.com.br\/wp-content\/uploads\/2024\/07\/6e684639-bd29-40aa-b0d1-b2b1c57c65b6.jpeg\" \/>\n\t<meta property=\"og:image:width\" content=\"620\" \/>\n\t<meta property=\"og:image:height\" content=\"300\" \/>\n\t<meta property=\"og:image:type\" content=\"image\/jpeg\" \/>\n<meta name=\"author\" content=\"adminuvb\" \/>\n<meta name=\"twitter:card\" content=\"summary_large_image\" \/>\n<meta name=\"twitter:label1\" content=\"Escrito por\" \/>\n\t<meta name=\"twitter:data1\" content=\"adminuvb\" \/>\n\t<meta name=\"twitter:label2\" content=\"Est. tempo de leitura\" \/>\n\t<meta name=\"twitter:data2\" content=\"3 minutos\" \/>\n<script type=\"application\/ld+json\" class=\"yoast-schema-graph\">{\"@context\":\"https:\/\/schema.org\",\"@graph\":[{\"@type\":\"Article\",\"@id\":\"https:\/\/uvbbrasil.com.br\/menos-de-100-dias-para-as-eleicoes-hora-de-checar-a-sua-documentacao\/#article\",\"isPartOf\":{\"@id\":\"https:\/\/uvbbrasil.com.br\/menos-de-100-dias-para-as-eleicoes-hora-de-checar-a-sua-documentacao\/\"},\"author\":{\"name\":\"adminuvb\",\"@id\":\"https:\/\/uvbbrasil.com.br\/#\/schema\/person\/17990098446c098f52effddff4f1b272\"},\"headline\":\"Menos de 100 dias para as elei\u00e7\u00f5es: hora de checar a sua documenta\u00e7\u00e3o\",\"datePublished\":\"2024-07-03T15:18:07+00:00\",\"mainEntityOfPage\":{\"@id\":\"https:\/\/uvbbrasil.com.br\/menos-de-100-dias-para-as-eleicoes-hora-de-checar-a-sua-documentacao\/\"},\"wordCount\":540,\"commentCount\":0,\"publisher\":{\"@id\":\"https:\/\/uvbbrasil.com.br\/#organization\"},\"image\":{\"@id\":\"https:\/\/uvbbrasil.com.br\/menos-de-100-dias-para-as-eleicoes-hora-de-checar-a-sua-documentacao\/#primaryimage\"},\"thumbnailUrl\":\"https:\/\/uvbbrasil.com.br\/wp-content\/uploads\/2024\/07\/6e684639-bd29-40aa-b0d1-b2b1c57c65b6.jpeg\",\"articleSection\":[\"NOT\u00cdCIAS\"],\"inLanguage\":\"pt-BR\",\"potentialAction\":[{\"@type\":\"CommentAction\",\"name\":\"Comment\",\"target\":[\"https:\/\/uvbbrasil.com.br\/menos-de-100-dias-para-as-eleicoes-hora-de-checar-a-sua-documentacao\/#respond\"]}]},{\"@type\":\"WebPage\",\"@id\":\"https:\/\/uvbbrasil.com.br\/menos-de-100-dias-para-as-eleicoes-hora-de-checar-a-sua-documentacao\/\",\"url\":\"https:\/\/uvbbrasil.com.br\/menos-de-100-dias-para-as-eleicoes-hora-de-checar-a-sua-documentacao\/\",\"name\":\"Menos de 100 dias para as elei\u00e7\u00f5es: hora de checar a sua documenta\u00e7\u00e3o - UVB Brasil\",\"isPartOf\":{\"@id\":\"https:\/\/uvbbrasil.com.br\/#website\"},\"primaryImageOfPage\":{\"@id\":\"https:\/\/uvbbrasil.com.br\/menos-de-100-dias-para-as-eleicoes-hora-de-checar-a-sua-documentacao\/#primaryimage\"},\"image\":{\"@id\":\"https:\/\/uvbbrasil.com.br\/menos-de-100-dias-para-as-eleicoes-hora-de-checar-a-sua-documentacao\/#primaryimage\"},\"thumbnailUrl\":\"https:\/\/uvbbrasil.com.br\/wp-content\/uploads\/2024\/07\/6e684639-bd29-40aa-b0d1-b2b1c57c65b6.jpeg\",\"datePublished\":\"2024-07-03T15:18:07+00:00\",\"breadcrumb\":{\"@id\":\"https:\/\/uvbbrasil.com.br\/menos-de-100-dias-para-as-eleicoes-hora-de-checar-a-sua-documentacao\/#breadcrumb\"},\"inLanguage\":\"pt-BR\",\"potentialAction\":[{\"@type\":\"ReadAction\",\"target\":[\"https:\/\/uvbbrasil.com.br\/menos-de-100-dias-para-as-eleicoes-hora-de-checar-a-sua-documentacao\/\"]}]},{\"@type\":\"ImageObject\",\"inLanguage\":\"pt-BR\",\"@id\":\"https:\/\/uvbbrasil.com.br\/menos-de-100-dias-para-as-eleicoes-hora-de-checar-a-sua-documentacao\/#primaryimage\",\"url\":\"https:\/\/uvbbrasil.com.br\/wp-content\/uploads\/2024\/07\/6e684639-bd29-40aa-b0d1-b2b1c57c65b6.jpeg\",\"contentUrl\":\"https:\/\/uvbbrasil.com.br\/wp-content\/uploads\/2024\/07\/6e684639-bd29-40aa-b0d1-b2b1c57c65b6.jpeg\",\"width\":620,\"height\":300},{\"@type\":\"BreadcrumbList\",\"@id\":\"https:\/\/uvbbrasil.com.br\/menos-de-100-dias-para-as-eleicoes-hora-de-checar-a-sua-documentacao\/#breadcrumb\",\"itemListElement\":[{\"@type\":\"ListItem\",\"position\":1,\"name\":\"In\u00edcio\",\"item\":\"https:\/\/uvbbrasil.com.br\/\"},{\"@type\":\"ListItem\",\"position\":2,\"name\":\"Menos de 100 dias para as elei\u00e7\u00f5es: hora de checar a sua documenta\u00e7\u00e3o\"}]},{\"@type\":\"WebSite\",\"@id\":\"https:\/\/uvbbrasil.com.br\/#website\",\"url\":\"https:\/\/uvbbrasil.com.br\/\",\"name\":\"UVB Brasil\",\"description\":\"Uni\u00e3o dos Vereadores do Brasil\",\"publisher\":{\"@id\":\"https:\/\/uvbbrasil.com.br\/#organization\"},\"potentialAction\":[{\"@type\":\"SearchAction\",\"target\":{\"@type\":\"EntryPoint\",\"urlTemplate\":\"https:\/\/uvbbrasil.com.br\/?s={search_term_string}\"},\"query-input\":{\"@type\":\"PropertyValueSpecification\",\"valueRequired\":true,\"valueName\":\"search_term_string\"}}],\"inLanguage\":\"pt-BR\"},{\"@type\":\"Organization\",\"@id\":\"https:\/\/uvbbrasil.com.br\/#organization\",\"name\":\"UVB Brasil\",\"url\":\"https:\/\/uvbbrasil.com.br\/\",\"logo\":{\"@type\":\"ImageObject\",\"inLanguage\":\"pt-BR\",\"@id\":\"https:\/\/uvbbrasil.com.br\/#\/schema\/logo\/image\/\",\"url\":\"https:\/\/uvbbrasil.com.br\/wp-content\/uploads\/2025\/01\/LOGO-UVB-2024-azul-1.jpg\",\"contentUrl\":\"https:\/\/uvbbrasil.com.br\/wp-content\/uploads\/2025\/01\/LOGO-UVB-2024-azul-1.jpg\",\"width\":600,\"height\":211,\"caption\":\"UVB Brasil\"},\"image\":{\"@id\":\"https:\/\/uvbbrasil.com.br\/#\/schema\/logo\/image\/\"},\"sameAs\":[\"https:\/\/www.facebook.com\/uvb.vereadoresbrasil\",\"https:\/\/www.instagram.com\/uvbbrasil\/\",\"https:\/\/www.youtube.com\/channel\/UCIlPQ8Xzw5GHNzosQIg9S5A\"]},{\"@type\":\"Person\",\"@id\":\"https:\/\/uvbbrasil.com.br\/#\/schema\/person\/17990098446c098f52effddff4f1b272\",\"name\":\"adminuvb\",\"image\":{\"@type\":\"ImageObject\",\"inLanguage\":\"pt-BR\",\"@id\":\"https:\/\/uvbbrasil.com.br\/#\/schema\/person\/image\/\",\"url\":\"https:\/\/secure.gravatar.com\/avatar\/1a494ea6f8e2dd1ae526e55b0e9497efdba542491e0620d704cccf63c6f77c45?s=96&d=mm&r=g\",\"contentUrl\":\"https:\/\/secure.gravatar.com\/avatar\/1a494ea6f8e2dd1ae526e55b0e9497efdba542491e0620d704cccf63c6f77c45?s=96&d=mm&r=g\",\"caption\":\"adminuvb\"},\"sameAs\":[\"https:\/\/uvbbrasil.com.br\"],\"url\":\"https:\/\/uvbbrasil.com.br\/author\/adminuvb\/\"}]}<\/script>\n<!-- \/ Yoast SEO plugin. -->","yoast_head_json":{"title":"Menos de 100 dias para as elei\u00e7\u00f5es: hora de checar a sua documenta\u00e7\u00e3o - UVB Brasil","robots":{"index":"index","follow":"follow","max-snippet":"max-snippet:-1","max-image-preview":"max-image-preview:large","max-video-preview":"max-video-preview:-1"},"canonical":"https:\/\/uvbbrasil.com.br\/menos-de-100-dias-para-as-eleicoes-hora-de-checar-a-sua-documentacao\/","og_locale":"pt_BR","og_type":"article","og_title":"Menos de 100 dias para as elei\u00e7\u00f5es: hora de checar a sua documenta\u00e7\u00e3o - UVB Brasil","og_description":"Eleitoras e eleitores de 5.569 cidades v\u00e3o escolher, no dia 6 de outubro, novos representantes. Para votar, leve um documento...","og_url":"https:\/\/uvbbrasil.com.br\/menos-de-100-dias-para-as-eleicoes-hora-de-checar-a-sua-documentacao\/","og_site_name":"UVB Brasil","article_publisher":"https:\/\/www.facebook.com\/uvb.vereadoresbrasil","article_published_time":"2024-07-03T15:18:07+00:00","og_image":[{"width":620,"height":300,"url":"https:\/\/uvbbrasil.com.br\/wp-content\/uploads\/2024\/07\/6e684639-bd29-40aa-b0d1-b2b1c57c65b6.jpeg","type":"image\/jpeg"}],"author":"adminuvb","twitter_card":"summary_large_image","twitter_misc":{"Escrito por":"adminuvb","Est. tempo de leitura":"3 minutos"},"schema":{"@context":"https:\/\/schema.org","@graph":[{"@type":"Article","@id":"https:\/\/uvbbrasil.com.br\/menos-de-100-dias-para-as-eleicoes-hora-de-checar-a-sua-documentacao\/#article","isPartOf":{"@id":"https:\/\/uvbbrasil.com.br\/menos-de-100-dias-para-as-eleicoes-hora-de-checar-a-sua-documentacao\/"},"author":{"name":"adminuvb","@id":"https:\/\/uvbbrasil.com.br\/#\/schema\/person\/17990098446c098f52effddff4f1b272"},"headline":"Menos de 100 dias para as elei\u00e7\u00f5es: hora de checar a sua documenta\u00e7\u00e3o","datePublished":"2024-07-03T15:18:07+00:00","mainEntityOfPage":{"@id":"https:\/\/uvbbrasil.com.br\/menos-de-100-dias-para-as-eleicoes-hora-de-checar-a-sua-documentacao\/"},"wordCount":540,"commentCount":0,"publisher":{"@id":"https:\/\/uvbbrasil.com.br\/#organization"},"image":{"@id":"https:\/\/uvbbrasil.com.br\/menos-de-100-dias-para-as-eleicoes-hora-de-checar-a-sua-documentacao\/#primaryimage"},"thumbnailUrl":"https:\/\/uvbbrasil.com.br\/wp-content\/uploads\/2024\/07\/6e684639-bd29-40aa-b0d1-b2b1c57c65b6.jpeg","articleSection":["NOT\u00cdCIAS"],"inLanguage":"pt-BR","potentialAction":[{"@type":"CommentAction","name":"Comment","target":["https:\/\/uvbbrasil.com.br\/menos-de-100-dias-para-as-eleicoes-hora-de-checar-a-sua-documentacao\/#respond"]}]},{"@type":"WebPage","@id":"https:\/\/uvbbrasil.com.br\/menos-de-100-dias-para-as-eleicoes-hora-de-checar-a-sua-documentacao\/","url":"https:\/\/uvbbrasil.com.br\/menos-de-100-dias-para-as-eleicoes-hora-de-checar-a-sua-documentacao\/","name":"Menos de 100 dias para as elei\u00e7\u00f5es: hora de checar a sua documenta\u00e7\u00e3o - UVB Brasil","isPartOf":{"@id":"https:\/\/uvbbrasil.com.br\/#website"},"primaryImageOfPage":{"@id":"https:\/\/uvbbrasil.com.br\/menos-de-100-dias-para-as-eleicoes-hora-de-checar-a-sua-documentacao\/#primaryimage"},"image":{"@id":"https:\/\/uvbbrasil.com.br\/menos-de-100-dias-para-as-eleicoes-hora-de-checar-a-sua-documentacao\/#primaryimage"},"thumbnailUrl":"https:\/\/uvbbrasil.com.br\/wp-content\/uploads\/2024\/07\/6e684639-bd29-40aa-b0d1-b2b1c57c65b6.jpeg","datePublished":"2024-07-03T15:18:07+00:00","breadcrumb":{"@id":"https:\/\/uvbbrasil.com.br\/menos-de-100-dias-para-as-eleicoes-hora-de-checar-a-sua-documentacao\/#breadcrumb"},"inLanguage":"pt-BR","potentialAction":[{"@type":"ReadAction","target":["https:\/\/uvbbrasil.com.br\/menos-de-100-dias-para-as-eleicoes-hora-de-checar-a-sua-documentacao\/"]}]},{"@type":"ImageObject","inLanguage":"pt-BR","@id":"https:\/\/uvbbrasil.com.br\/menos-de-100-dias-para-as-eleicoes-hora-de-checar-a-sua-documentacao\/#primaryimage","url":"https:\/\/uvbbrasil.com.br\/wp-content\/uploads\/2024\/07\/6e684639-bd29-40aa-b0d1-b2b1c57c65b6.jpeg","contentUrl":"https:\/\/uvbbrasil.com.br\/wp-content\/uploads\/2024\/07\/6e684639-bd29-40aa-b0d1-b2b1c57c65b6.jpeg","width":620,"height":300},{"@type":"BreadcrumbList","@id":"https:\/\/uvbbrasil.com.br\/menos-de-100-dias-para-as-eleicoes-hora-de-checar-a-sua-documentacao\/#breadcrumb","itemListElement":[{"@type":"ListItem","position":1,"name":"In\u00edcio","item":"https:\/\/uvbbrasil.com.br\/"},{"@type":"ListItem","position":2,"name":"Menos de 100 dias para as elei\u00e7\u00f5es: hora de checar a sua documenta\u00e7\u00e3o"}]},{"@type":"WebSite","@id":"https:\/\/uvbbrasil.com.br\/#website","url":"https:\/\/uvbbrasil.com.br\/","name":"UVB Brasil","description":"Uni\u00e3o dos Vereadores do Brasil","publisher":{"@id":"https:\/\/uvbbrasil.com.br\/#organization"},"potentialAction":[{"@type":"SearchAction","target":{"@type":"EntryPoint","urlTemplate":"https:\/\/uvbbrasil.com.br\/?s={search_term_string}"},"query-input":{"@type":"PropertyValueSpecification","valueRequired":true,"valueName":"search_term_string"}}],"inLanguage":"pt-BR"},{"@type":"Organization","@id":"https:\/\/uvbbrasil.com.br\/#organization","name":"UVB Brasil","url":"https:\/\/uvbbrasil.com.br\/","logo":{"@type":"ImageObject","inLanguage":"pt-BR","@id":"https:\/\/uvbbrasil.com.br\/#\/schema\/logo\/image\/","url":"https:\/\/uvbbrasil.com.br\/wp-content\/uploads\/2025\/01\/LOGO-UVB-2024-azul-1.jpg","contentUrl":"https:\/\/uvbbrasil.com.br\/wp-content\/uploads\/2025\/01\/LOGO-UVB-2024-azul-1.jpg","width":600,"height":211,"caption":"UVB Brasil"},"image":{"@id":"https:\/\/uvbbrasil.com.br\/#\/schema\/logo\/image\/"},"sameAs":["https:\/\/www.facebook.com\/uvb.vereadoresbrasil","https:\/\/www.instagram.com\/uvbbrasil\/","https:\/\/www.youtube.com\/channel\/UCIlPQ8Xzw5GHNzosQIg9S5A"]},{"@type":"Person","@id":"https:\/\/uvbbrasil.com.br\/#\/schema\/person\/17990098446c098f52effddff4f1b272","name":"adminuvb","image":{"@type":"ImageObject","inLanguage":"pt-BR","@id":"https:\/\/uvbbrasil.com.br\/#\/schema\/person\/image\/","url":"https:\/\/secure.gravatar.com\/avatar\/1a494ea6f8e2dd1ae526e55b0e9497efdba542491e0620d704cccf63c6f77c45?s=96&d=mm&r=g","contentUrl":"https:\/\/secure.gravatar.com\/avatar\/1a494ea6f8e2dd1ae526e55b0e9497efdba542491e0620d704cccf63c6f77c45?s=96&d=mm&r=g","caption":"adminuvb"},"sameAs":["https:\/\/uvbbrasil.com.br"],"url":"https:\/\/uvbbrasil.com.br\/author\/adminuvb\/"}]}},"_links":{"self":[{"href":"https:\/\/uvbbrasil.com.br\/uvb-json\/wp\/v2\/posts\/34997","targetHints":{"allow":["GET"]}}],"collection":[{"href":"https:\/\/uvbbrasil.com.br\/uvb-json\/wp\/v2\/posts"}],"about":[{"href":"https:\/\/uvbbrasil.com.br\/uvb-json\/wp\/v2\/types\/post"}],"author":[{"embeddable":true,"href":"https:\/\/uvbbrasil.com.br\/uvb-json\/wp\/v2\/users\/1"}],"replies":[{"embeddable":true,"href":"https:\/\/uvbbrasil.com.br\/uvb-json\/wp\/v2\/comments?post=34997"}],"version-history":[{"count":0,"href":"https:\/\/uvbbrasil.com.br\/uvb-json\/wp\/v2\/posts\/34997\/revisions"}],"wp:featuredmedia":[{"embeddable":true,"href":"https:\/\/uvbbrasil.com.br\/uvb-json\/wp\/v2\/media\/34998"}],"wp:attachment":[{"href":"https:\/\/uvbbrasil.com.br\/uvb-json\/wp\/v2\/media?parent=34997"}],"wp:term":[{"taxonomy":"category","embeddable":true,"href":"https:\/\/uvbbrasil.com.br\/uvb-json\/wp\/v2\/categories?post=34997"},{"taxonomy":"post_tag","embeddable":true,"href":"https:\/\/uvbbrasil.com.br\/uvb-json\/wp\/v2\/tags?post=34997"}],"curies":[{"name":"wp","href":"https:\/\/api.w.org\/{rel}","templated":true}]}}