{"id":34895,"date":"2024-06-21T11:12:48","date_gmt":"2024-06-21T14:12:48","guid":{"rendered":"https:\/\/wpsandbox4.pante.com.br\/?p=34895"},"modified":"2024-06-21T11:12:48","modified_gmt":"2024-06-21T14:12:48","slug":"mp-amplia-numero-de-familias-gauchas-que-receberao-auxilio-reconstrucao","status":"publish","type":"post","link":"https:\/\/uvbbrasil.com.br\/mp-amplia-numero-de-familias-gauchas-que-receberao-auxilio-reconstrucao\/","title":{"rendered":"MP amplia n\u00famero de fam\u00edlias ga\u00fachas que receber\u00e3o aux\u00edlio-reconstru\u00e7\u00e3o"},"content":{"rendered":"<p>&nbsp;<\/p>\n<p>O governo federal editou uma nova medida provis\u00f3ria (MP) para apoiar,\u00a0por meio do Aux\u00edlio-Reconstru\u00e7\u00e3o, as fam\u00edlias desalojadas ou desabrigadas devido \u00e0s enchentes no Rio Grande do Sul. Publicada em edi\u00e7\u00e3o extra do Di\u00e1rio Oficial da Uni\u00e3o de quarta-feira (19), a <a href=\"http:\/\/www.planalto.gov.br\/ccivil_03\/_ato2023-2026\/2024\/Mpv\/mpv1235.htm\" target=\"_blank\" rel=\"noopener\">MP 1.235\/2024<\/a> prev\u00ea cr\u00e9dito extraordin\u00e1rio no valor de\u00a0R$ 689 milh\u00f5es\u00a0em favor do Minist\u00e9rio da Integra\u00e7\u00e3o e do Desenvolvimento Regional.<\/p>\n<p>Embora j\u00e1 esteja valendo (as medidas provis\u00f3rias entram em vigor no momento em que s\u00e3o editadas), o texto ainda precisar\u00e1 ser analisado pelo Congresso Nacional para ser definitivamente transformado em lei.<\/p>\n<p>Com a nova medida, dever\u00e3o ser inclu\u00eddas mais 135 mil fam\u00edlias no cadastro de benefici\u00e1rios do Aux\u00edlio Reconstru\u00e7\u00e3o (que tem valor de R$ 5.100, a ser pago em parcela \u00fanica), chegando-se a um total de 375 mil fam\u00edlias beneficiadas.<\/p>\n<p>Segundo o governo, o montante total dessa destina\u00e7\u00e3o de recursos para 375 mil fam\u00edlias deve alcan\u00e7ar R$ 1,9 bilh\u00e3o.\u00a0De acordo com o Minist\u00e9rio da Integra\u00e7\u00e3o e do Desenvolvimento Regional, a situa\u00e7\u00e3o no Rio Grande do Sul\u00a0permanece cr\u00edtica.<\/p>\n<h3><strong>Cria\u00e7\u00e3o e refor\u00e7o<\/strong><\/h3>\n<p>O <a href=\"\/noticias\/materias\/2024\/05\/16\/congresso-analisa-mp-do-auxilio-reconstrucao-para-flagelados-no-rs\" target=\"_blank\" rel=\"noopener\">Aux\u00edlio Reconstru\u00e7\u00e3o foi institu\u00eddo pelo governo federal em 15 de maio<\/a>, por meio da Medida Provis\u00f3ria 1.219\/2024. O acesso ao benef\u00edcio depende de informa\u00e7\u00f5es enviadas pelas prefeituras de munic\u00edpios ga\u00fachos em situa\u00e7\u00e3o de calamidade p\u00fablica e de dados autodeclarados pelo respons\u00e1vel familiar, que atesta a veracidade, sob as penas da lei (ou seja, responder\u00e1 perante a Justi\u00e7a,\u00a0nas esferas c\u00edvel e penal, sobre qualquer irregularidade no cadastro, sendo nesse caso obrigado a devolver o valor aos cofres federais).<\/p>\n<p><a href=\"\/noticias\/materias\/2024\/05\/24\/nova-medida-provisoria-libera-r-1-2-bi-de-auxilio-reconstrucao-para-os-gauchos\" target=\"_blank\" rel=\"noopener\">Em 23 de maio<\/a>, a MP\u00a01.223\/2024 abriu novo cr\u00e9dito extraordin\u00e1rio no valor de R$ 1,2 bilh\u00e3o para refor\u00e7ar o Aux\u00edlio Reconstru\u00e7\u00e3o e,\u00a0<a href=\"\/noticias\/materias\/2024\/06\/07\/novas-medidas-provisorias-estendem-auxilio-a-familias-e-municipios-gauchos\" target=\"_blank\" rel=\"noopener\">em 7 de junho<\/a>, o programa foi novamente ampliado por meio da\u00a0MP 1.228\/2024, para contemplar novas fam\u00edlias.<\/p>\n<p>O benef\u00edcio \u00e9 pago independentemente de a fam\u00edlia receber dinheiro de outros programas sociais e n\u00e3o \u00e9 considerado fonte de renda. A operacionaliza\u00e7\u00e3o do apoio financeiro \u00e9 de responsabilidade do Minist\u00e9rio da Integra\u00e7\u00e3o e do Desenvolvimento Regional, sendo pago pela Caixa Econ\u00f4mica Federal por meio de conta poupan\u00e7a social digital.<\/p>\n<h3><b>Cat\u00e1strofe<\/b><\/h3>\n<p>As enchentes atingiram diretamente mais de 2,3 milh\u00f5es de pessoas no Rio Grande do Sul, obrigando mais de 600 mil a abandonarem suas casas. Ao mesmo tempo, a infraestrutura do estado foi severamente danificada, com destrui\u00e7\u00e3o de estradas, pontes e alagamento at\u00e9 do aeroporto internacional de Porto Alegre. Dados da Federa\u00e7\u00e3o das Ind\u00fastrias do Estado do Rio Grande do Sul apontam que 90% da ind\u00fastria do estado foi atingida pelas cheias, de propor\u00e7\u00f5es in\u00e9ditas. Ao mesmo tempo, houve perda de grande parte da safra e extensas \u00e1reas agricult\u00e1veis permanecem alagadas ou impr\u00f3prias para o plantio.<\/p>\n<p>De acordo com a Associa\u00e7\u00e3o Riograndense de Empreendimentos de Assist\u00eancia T\u00e9cnica e Extens\u00e3o Rural (Emater\/RS-Ascar), entre 30 de abril a 24 de maio, mais de 206 mil propriedades rurais foram afetadas pelas enchentes, com preju\u00edzos em produ\u00e7\u00e3o e infraestrutura. Ser\u00e1 preciso recuperar mais de 3,2 milh\u00f5es hectares de terras para cultivo afetadas pelas enchentes.<\/p>\n<p>Os \u00faltimos dados da Defesa Civil do Rio Grande do Sul apontam 478 munic\u00edpios afetados, 177 \u00f3bitos confirmados, 38 pessoas desaparecidas e 806 pessoas feridas.<\/p>\n<p><img fetchpriority=\"high\" decoding=\"async\" class=\"alignnone size-medium wp-image-34896\" src=\"https:\/\/uvbbrasil.com.br\/wp-content\/uploads\/2024\/06\/imagem_materia-5-300x199.png\" alt=\"\" width=\"300\" height=\"199\" srcset=\"https:\/\/uvbbrasil.com.br\/wp-content\/uploads\/2024\/06\/imagem_materia-5-300x199.png 300w, https:\/\/uvbbrasil.com.br\/wp-content\/uploads\/2024\/06\/imagem_materia-5-768x509.png 768w, https:\/\/uvbbrasil.com.br\/wp-content\/uploads\/2024\/06\/imagem_materia-5.png 860w\" sizes=\"(max-width: 300px) 100vw, 300px\" \/><\/p>\n<p>Fonte: Ag\u00eancia Senado<\/p>\n","protected":false},"excerpt":{"rendered":"<p>&nbsp; O governo federal editou uma nova medida provis\u00f3ria (MP) para apoiar,\u00a0por meio do Aux\u00edlio-Reconstru\u00e7\u00e3o, as fam\u00edlias desalojadas ou desabrigadas&#8230;<\/p>\n","protected":false},"author":1,"featured_media":34896,"comment_status":"open","ping_status":"open","sticky":false,"template":"","format":"standard","meta":{"footnotes":""},"categories":[3],"tags":[],"class_list":["post-34895","post","type-post","status-publish","format-standard","has-post-thumbnail","hentry","category-noticias"],"yoast_head":"<!-- This site is optimized with the Yoast SEO plugin v26.7 - https:\/\/yoast.com\/wordpress\/plugins\/seo\/ -->\n<title>MP amplia n\u00famero de fam\u00edlias ga\u00fachas que receber\u00e3o aux\u00edlio-reconstru\u00e7\u00e3o - UVB Brasil<\/title>\n<meta name=\"robots\" content=\"index, follow, max-snippet:-1, max-image-preview:large, max-video-preview:-1\" \/>\n<link rel=\"canonical\" href=\"https:\/\/uvbbrasil.com.br\/mp-amplia-numero-de-familias-gauchas-que-receberao-auxilio-reconstrucao\/\" \/>\n<meta property=\"og:locale\" content=\"pt_BR\" \/>\n<meta property=\"og:type\" content=\"article\" \/>\n<meta property=\"og:title\" content=\"MP amplia n\u00famero de fam\u00edlias ga\u00fachas que receber\u00e3o aux\u00edlio-reconstru\u00e7\u00e3o - UVB Brasil\" \/>\n<meta property=\"og:description\" content=\"&nbsp; O governo federal editou uma nova medida provis\u00f3ria (MP) para apoiar,\u00a0por meio do Aux\u00edlio-Reconstru\u00e7\u00e3o, as fam\u00edlias desalojadas ou desabrigadas...\" \/>\n<meta property=\"og:url\" content=\"https:\/\/uvbbrasil.com.br\/mp-amplia-numero-de-familias-gauchas-que-receberao-auxilio-reconstrucao\/\" \/>\n<meta property=\"og:site_name\" content=\"UVB Brasil\" \/>\n<meta property=\"article:publisher\" content=\"https:\/\/www.facebook.com\/uvb.vereadoresbrasil\" \/>\n<meta property=\"article:published_time\" content=\"2024-06-21T14:12:48+00:00\" \/>\n<meta property=\"og:image\" content=\"https:\/\/uvbbrasil.com.br\/wp-content\/uploads\/2024\/06\/imagem_materia-5.png\" \/>\n\t<meta property=\"og:image:width\" content=\"860\" \/>\n\t<meta property=\"og:image:height\" content=\"570\" \/>\n\t<meta property=\"og:image:type\" content=\"image\/png\" \/>\n<meta name=\"author\" content=\"adminuvb\" \/>\n<meta name=\"twitter:card\" content=\"summary_large_image\" \/>\n<meta name=\"twitter:label1\" content=\"Escrito por\" \/>\n\t<meta name=\"twitter:data1\" content=\"adminuvb\" \/>\n\t<meta name=\"twitter:label2\" content=\"Est. tempo de leitura\" \/>\n\t<meta name=\"twitter:data2\" content=\"3 minutos\" \/>\n<script type=\"application\/ld+json\" class=\"yoast-schema-graph\">{\"@context\":\"https:\/\/schema.org\",\"@graph\":[{\"@type\":\"Article\",\"@id\":\"https:\/\/uvbbrasil.com.br\/mp-amplia-numero-de-familias-gauchas-que-receberao-auxilio-reconstrucao\/#article\",\"isPartOf\":{\"@id\":\"https:\/\/uvbbrasil.com.br\/mp-amplia-numero-de-familias-gauchas-que-receberao-auxilio-reconstrucao\/\"},\"author\":{\"name\":\"adminuvb\",\"@id\":\"https:\/\/uvbbrasil.com.br\/#\/schema\/person\/17990098446c098f52effddff4f1b272\"},\"headline\":\"MP amplia n\u00famero de fam\u00edlias ga\u00fachas que receber\u00e3o aux\u00edlio-reconstru\u00e7\u00e3o\",\"datePublished\":\"2024-06-21T14:12:48+00:00\",\"mainEntityOfPage\":{\"@id\":\"https:\/\/uvbbrasil.com.br\/mp-amplia-numero-de-familias-gauchas-que-receberao-auxilio-reconstrucao\/\"},\"wordCount\":588,\"commentCount\":0,\"publisher\":{\"@id\":\"https:\/\/uvbbrasil.com.br\/#organization\"},\"image\":{\"@id\":\"https:\/\/uvbbrasil.com.br\/mp-amplia-numero-de-familias-gauchas-que-receberao-auxilio-reconstrucao\/#primaryimage\"},\"thumbnailUrl\":\"https:\/\/uvbbrasil.com.br\/wp-content\/uploads\/2024\/06\/imagem_materia-5.png\",\"articleSection\":[\"NOT\u00cdCIAS\"],\"inLanguage\":\"pt-BR\",\"potentialAction\":[{\"@type\":\"CommentAction\",\"name\":\"Comment\",\"target\":[\"https:\/\/uvbbrasil.com.br\/mp-amplia-numero-de-familias-gauchas-que-receberao-auxilio-reconstrucao\/#respond\"]}]},{\"@type\":\"WebPage\",\"@id\":\"https:\/\/uvbbrasil.com.br\/mp-amplia-numero-de-familias-gauchas-que-receberao-auxilio-reconstrucao\/\",\"url\":\"https:\/\/uvbbrasil.com.br\/mp-amplia-numero-de-familias-gauchas-que-receberao-auxilio-reconstrucao\/\",\"name\":\"MP amplia n\u00famero de fam\u00edlias ga\u00fachas que receber\u00e3o aux\u00edlio-reconstru\u00e7\u00e3o - UVB Brasil\",\"isPartOf\":{\"@id\":\"https:\/\/uvbbrasil.com.br\/#website\"},\"primaryImageOfPage\":{\"@id\":\"https:\/\/uvbbrasil.com.br\/mp-amplia-numero-de-familias-gauchas-que-receberao-auxilio-reconstrucao\/#primaryimage\"},\"image\":{\"@id\":\"https:\/\/uvbbrasil.com.br\/mp-amplia-numero-de-familias-gauchas-que-receberao-auxilio-reconstrucao\/#primaryimage\"},\"thumbnailUrl\":\"https:\/\/uvbbrasil.com.br\/wp-content\/uploads\/2024\/06\/imagem_materia-5.png\",\"datePublished\":\"2024-06-21T14:12:48+00:00\",\"breadcrumb\":{\"@id\":\"https:\/\/uvbbrasil.com.br\/mp-amplia-numero-de-familias-gauchas-que-receberao-auxilio-reconstrucao\/#breadcrumb\"},\"inLanguage\":\"pt-BR\",\"potentialAction\":[{\"@type\":\"ReadAction\",\"target\":[\"https:\/\/uvbbrasil.com.br\/mp-amplia-numero-de-familias-gauchas-que-receberao-auxilio-reconstrucao\/\"]}]},{\"@type\":\"ImageObject\",\"inLanguage\":\"pt-BR\",\"@id\":\"https:\/\/uvbbrasil.com.br\/mp-amplia-numero-de-familias-gauchas-que-receberao-auxilio-reconstrucao\/#primaryimage\",\"url\":\"https:\/\/uvbbrasil.com.br\/wp-content\/uploads\/2024\/06\/imagem_materia-5.png\",\"contentUrl\":\"https:\/\/uvbbrasil.com.br\/wp-content\/uploads\/2024\/06\/imagem_materia-5.png\",\"width\":860,\"height\":570},{\"@type\":\"BreadcrumbList\",\"@id\":\"https:\/\/uvbbrasil.com.br\/mp-amplia-numero-de-familias-gauchas-que-receberao-auxilio-reconstrucao\/#breadcrumb\",\"itemListElement\":[{\"@type\":\"ListItem\",\"position\":1,\"name\":\"In\u00edcio\",\"item\":\"https:\/\/uvbbrasil.com.br\/\"},{\"@type\":\"ListItem\",\"position\":2,\"name\":\"MP amplia n\u00famero de fam\u00edlias ga\u00fachas que receber\u00e3o aux\u00edlio-reconstru\u00e7\u00e3o\"}]},{\"@type\":\"WebSite\",\"@id\":\"https:\/\/uvbbrasil.com.br\/#website\",\"url\":\"https:\/\/uvbbrasil.com.br\/\",\"name\":\"UVB Brasil\",\"description\":\"Uni\u00e3o dos Vereadores do Brasil\",\"publisher\":{\"@id\":\"https:\/\/uvbbrasil.com.br\/#organization\"},\"potentialAction\":[{\"@type\":\"SearchAction\",\"target\":{\"@type\":\"EntryPoint\",\"urlTemplate\":\"https:\/\/uvbbrasil.com.br\/?s={search_term_string}\"},\"query-input\":{\"@type\":\"PropertyValueSpecification\",\"valueRequired\":true,\"valueName\":\"search_term_string\"}}],\"inLanguage\":\"pt-BR\"},{\"@type\":\"Organization\",\"@id\":\"https:\/\/uvbbrasil.com.br\/#organization\",\"name\":\"UVB Brasil\",\"url\":\"https:\/\/uvbbrasil.com.br\/\",\"logo\":{\"@type\":\"ImageObject\",\"inLanguage\":\"pt-BR\",\"@id\":\"https:\/\/uvbbrasil.com.br\/#\/schema\/logo\/image\/\",\"url\":\"https:\/\/uvbbrasil.com.br\/wp-content\/uploads\/2025\/01\/LOGO-UVB-2024-azul-1.jpg\",\"contentUrl\":\"https:\/\/uvbbrasil.com.br\/wp-content\/uploads\/2025\/01\/LOGO-UVB-2024-azul-1.jpg\",\"width\":600,\"height\":211,\"caption\":\"UVB Brasil\"},\"image\":{\"@id\":\"https:\/\/uvbbrasil.com.br\/#\/schema\/logo\/image\/\"},\"sameAs\":[\"https:\/\/www.facebook.com\/uvb.vereadoresbrasil\",\"https:\/\/www.instagram.com\/uvbbrasil\/\",\"https:\/\/www.youtube.com\/channel\/UCIlPQ8Xzw5GHNzosQIg9S5A\"]},{\"@type\":\"Person\",\"@id\":\"https:\/\/uvbbrasil.com.br\/#\/schema\/person\/17990098446c098f52effddff4f1b272\",\"name\":\"adminuvb\",\"image\":{\"@type\":\"ImageObject\",\"inLanguage\":\"pt-BR\",\"@id\":\"https:\/\/uvbbrasil.com.br\/#\/schema\/person\/image\/\",\"url\":\"https:\/\/secure.gravatar.com\/avatar\/1a494ea6f8e2dd1ae526e55b0e9497efdba542491e0620d704cccf63c6f77c45?s=96&d=mm&r=g\",\"contentUrl\":\"https:\/\/secure.gravatar.com\/avatar\/1a494ea6f8e2dd1ae526e55b0e9497efdba542491e0620d704cccf63c6f77c45?s=96&d=mm&r=g\",\"caption\":\"adminuvb\"},\"sameAs\":[\"https:\/\/uvbbrasil.com.br\"],\"url\":\"https:\/\/uvbbrasil.com.br\/author\/adminuvb\/\"}]}<\/script>\n<!-- \/ Yoast SEO plugin. -->","yoast_head_json":{"title":"MP amplia n\u00famero de fam\u00edlias ga\u00fachas que receber\u00e3o aux\u00edlio-reconstru\u00e7\u00e3o - UVB Brasil","robots":{"index":"index","follow":"follow","max-snippet":"max-snippet:-1","max-image-preview":"max-image-preview:large","max-video-preview":"max-video-preview:-1"},"canonical":"https:\/\/uvbbrasil.com.br\/mp-amplia-numero-de-familias-gauchas-que-receberao-auxilio-reconstrucao\/","og_locale":"pt_BR","og_type":"article","og_title":"MP amplia n\u00famero de fam\u00edlias ga\u00fachas que receber\u00e3o aux\u00edlio-reconstru\u00e7\u00e3o - UVB Brasil","og_description":"&nbsp; O governo federal editou uma nova medida provis\u00f3ria (MP) para apoiar,\u00a0por meio do Aux\u00edlio-Reconstru\u00e7\u00e3o, as fam\u00edlias desalojadas ou desabrigadas...","og_url":"https:\/\/uvbbrasil.com.br\/mp-amplia-numero-de-familias-gauchas-que-receberao-auxilio-reconstrucao\/","og_site_name":"UVB Brasil","article_publisher":"https:\/\/www.facebook.com\/uvb.vereadoresbrasil","article_published_time":"2024-06-21T14:12:48+00:00","og_image":[{"width":860,"height":570,"url":"https:\/\/uvbbrasil.com.br\/wp-content\/uploads\/2024\/06\/imagem_materia-5.png","type":"image\/png"}],"author":"adminuvb","twitter_card":"summary_large_image","twitter_misc":{"Escrito por":"adminuvb","Est. tempo de leitura":"3 minutos"},"schema":{"@context":"https:\/\/schema.org","@graph":[{"@type":"Article","@id":"https:\/\/uvbbrasil.com.br\/mp-amplia-numero-de-familias-gauchas-que-receberao-auxilio-reconstrucao\/#article","isPartOf":{"@id":"https:\/\/uvbbrasil.com.br\/mp-amplia-numero-de-familias-gauchas-que-receberao-auxilio-reconstrucao\/"},"author":{"name":"adminuvb","@id":"https:\/\/uvbbrasil.com.br\/#\/schema\/person\/17990098446c098f52effddff4f1b272"},"headline":"MP amplia n\u00famero de fam\u00edlias ga\u00fachas que receber\u00e3o aux\u00edlio-reconstru\u00e7\u00e3o","datePublished":"2024-06-21T14:12:48+00:00","mainEntityOfPage":{"@id":"https:\/\/uvbbrasil.com.br\/mp-amplia-numero-de-familias-gauchas-que-receberao-auxilio-reconstrucao\/"},"wordCount":588,"commentCount":0,"publisher":{"@id":"https:\/\/uvbbrasil.com.br\/#organization"},"image":{"@id":"https:\/\/uvbbrasil.com.br\/mp-amplia-numero-de-familias-gauchas-que-receberao-auxilio-reconstrucao\/#primaryimage"},"thumbnailUrl":"https:\/\/uvbbrasil.com.br\/wp-content\/uploads\/2024\/06\/imagem_materia-5.png","articleSection":["NOT\u00cdCIAS"],"inLanguage":"pt-BR","potentialAction":[{"@type":"CommentAction","name":"Comment","target":["https:\/\/uvbbrasil.com.br\/mp-amplia-numero-de-familias-gauchas-que-receberao-auxilio-reconstrucao\/#respond"]}]},{"@type":"WebPage","@id":"https:\/\/uvbbrasil.com.br\/mp-amplia-numero-de-familias-gauchas-que-receberao-auxilio-reconstrucao\/","url":"https:\/\/uvbbrasil.com.br\/mp-amplia-numero-de-familias-gauchas-que-receberao-auxilio-reconstrucao\/","name":"MP amplia n\u00famero de fam\u00edlias ga\u00fachas que receber\u00e3o aux\u00edlio-reconstru\u00e7\u00e3o - UVB Brasil","isPartOf":{"@id":"https:\/\/uvbbrasil.com.br\/#website"},"primaryImageOfPage":{"@id":"https:\/\/uvbbrasil.com.br\/mp-amplia-numero-de-familias-gauchas-que-receberao-auxilio-reconstrucao\/#primaryimage"},"image":{"@id":"https:\/\/uvbbrasil.com.br\/mp-amplia-numero-de-familias-gauchas-que-receberao-auxilio-reconstrucao\/#primaryimage"},"thumbnailUrl":"https:\/\/uvbbrasil.com.br\/wp-content\/uploads\/2024\/06\/imagem_materia-5.png","datePublished":"2024-06-21T14:12:48+00:00","breadcrumb":{"@id":"https:\/\/uvbbrasil.com.br\/mp-amplia-numero-de-familias-gauchas-que-receberao-auxilio-reconstrucao\/#breadcrumb"},"inLanguage":"pt-BR","potentialAction":[{"@type":"ReadAction","target":["https:\/\/uvbbrasil.com.br\/mp-amplia-numero-de-familias-gauchas-que-receberao-auxilio-reconstrucao\/"]}]},{"@type":"ImageObject","inLanguage":"pt-BR","@id":"https:\/\/uvbbrasil.com.br\/mp-amplia-numero-de-familias-gauchas-que-receberao-auxilio-reconstrucao\/#primaryimage","url":"https:\/\/uvbbrasil.com.br\/wp-content\/uploads\/2024\/06\/imagem_materia-5.png","contentUrl":"https:\/\/uvbbrasil.com.br\/wp-content\/uploads\/2024\/06\/imagem_materia-5.png","width":860,"height":570},{"@type":"BreadcrumbList","@id":"https:\/\/uvbbrasil.com.br\/mp-amplia-numero-de-familias-gauchas-que-receberao-auxilio-reconstrucao\/#breadcrumb","itemListElement":[{"@type":"ListItem","position":1,"name":"In\u00edcio","item":"https:\/\/uvbbrasil.com.br\/"},{"@type":"ListItem","position":2,"name":"MP amplia n\u00famero de fam\u00edlias ga\u00fachas que receber\u00e3o aux\u00edlio-reconstru\u00e7\u00e3o"}]},{"@type":"WebSite","@id":"https:\/\/uvbbrasil.com.br\/#website","url":"https:\/\/uvbbrasil.com.br\/","name":"UVB Brasil","description":"Uni\u00e3o dos Vereadores do Brasil","publisher":{"@id":"https:\/\/uvbbrasil.com.br\/#organization"},"potentialAction":[{"@type":"SearchAction","target":{"@type":"EntryPoint","urlTemplate":"https:\/\/uvbbrasil.com.br\/?s={search_term_string}"},"query-input":{"@type":"PropertyValueSpecification","valueRequired":true,"valueName":"search_term_string"}}],"inLanguage":"pt-BR"},{"@type":"Organization","@id":"https:\/\/uvbbrasil.com.br\/#organization","name":"UVB Brasil","url":"https:\/\/uvbbrasil.com.br\/","logo":{"@type":"ImageObject","inLanguage":"pt-BR","@id":"https:\/\/uvbbrasil.com.br\/#\/schema\/logo\/image\/","url":"https:\/\/uvbbrasil.com.br\/wp-content\/uploads\/2025\/01\/LOGO-UVB-2024-azul-1.jpg","contentUrl":"https:\/\/uvbbrasil.com.br\/wp-content\/uploads\/2025\/01\/LOGO-UVB-2024-azul-1.jpg","width":600,"height":211,"caption":"UVB Brasil"},"image":{"@id":"https:\/\/uvbbrasil.com.br\/#\/schema\/logo\/image\/"},"sameAs":["https:\/\/www.facebook.com\/uvb.vereadoresbrasil","https:\/\/www.instagram.com\/uvbbrasil\/","https:\/\/www.youtube.com\/channel\/UCIlPQ8Xzw5GHNzosQIg9S5A"]},{"@type":"Person","@id":"https:\/\/uvbbrasil.com.br\/#\/schema\/person\/17990098446c098f52effddff4f1b272","name":"adminuvb","image":{"@type":"ImageObject","inLanguage":"pt-BR","@id":"https:\/\/uvbbrasil.com.br\/#\/schema\/person\/image\/","url":"https:\/\/secure.gravatar.com\/avatar\/1a494ea6f8e2dd1ae526e55b0e9497efdba542491e0620d704cccf63c6f77c45?s=96&d=mm&r=g","contentUrl":"https:\/\/secure.gravatar.com\/avatar\/1a494ea6f8e2dd1ae526e55b0e9497efdba542491e0620d704cccf63c6f77c45?s=96&d=mm&r=g","caption":"adminuvb"},"sameAs":["https:\/\/uvbbrasil.com.br"],"url":"https:\/\/uvbbrasil.com.br\/author\/adminuvb\/"}]}},"_links":{"self":[{"href":"https:\/\/uvbbrasil.com.br\/uvb-json\/wp\/v2\/posts\/34895","targetHints":{"allow":["GET"]}}],"collection":[{"href":"https:\/\/uvbbrasil.com.br\/uvb-json\/wp\/v2\/posts"}],"about":[{"href":"https:\/\/uvbbrasil.com.br\/uvb-json\/wp\/v2\/types\/post"}],"author":[{"embeddable":true,"href":"https:\/\/uvbbrasil.com.br\/uvb-json\/wp\/v2\/users\/1"}],"replies":[{"embeddable":true,"href":"https:\/\/uvbbrasil.com.br\/uvb-json\/wp\/v2\/comments?post=34895"}],"version-history":[{"count":0,"href":"https:\/\/uvbbrasil.com.br\/uvb-json\/wp\/v2\/posts\/34895\/revisions"}],"wp:featuredmedia":[{"embeddable":true,"href":"https:\/\/uvbbrasil.com.br\/uvb-json\/wp\/v2\/media\/34896"}],"wp:attachment":[{"href":"https:\/\/uvbbrasil.com.br\/uvb-json\/wp\/v2\/media?parent=34895"}],"wp:term":[{"taxonomy":"category","embeddable":true,"href":"https:\/\/uvbbrasil.com.br\/uvb-json\/wp\/v2\/categories?post=34895"},{"taxonomy":"post_tag","embeddable":true,"href":"https:\/\/uvbbrasil.com.br\/uvb-json\/wp\/v2\/tags?post=34895"}],"curies":[{"name":"wp","href":"https:\/\/api.w.org\/{rel}","templated":true}]}}