{"id":34858,"date":"2024-06-17T11:05:27","date_gmt":"2024-06-17T14:05:27","guid":{"rendered":"https:\/\/wpsandbox4.pante.com.br\/?p=34858"},"modified":"2024-06-17T11:05:27","modified_gmt":"2024-06-17T14:05:27","slug":"ministra-carmen-lucia-enfatiza-a-importancia-da-justica-eleitoral-para-garantir-a-democracia","status":"publish","type":"post","link":"https:\/\/uvbbrasil.com.br\/ministra-carmen-lucia-enfatiza-a-importancia-da-justica-eleitoral-para-garantir-a-democracia\/","title":{"rendered":"Ministra C\u00e1rmen L\u00facia enfatiza a import\u00e2ncia da Justi\u00e7a Eleitoral para garantir a democracia"},"content":{"rendered":"<p class=\"noticia-titulo\">\n<p class=\"noticia-subtitulo\">Presidente do TSE participou da posse de ju\u00edzas e ju\u00edzes no TRE-RJ<\/p>\n<p>A presidente do Tribunal Superior Eleitoral (TSE), ministra C\u00e1rmen L\u00facia, participou, na manh\u00e3 desta sexta-feira (14,) da posse de ju\u00edzas e ju\u00edzes eleitorais no Rio de Janeiro. Na ocasi\u00e3o, a presidente destacou a import\u00e2ncia da Justi\u00e7a Eleitoral para assegurar a democracia. \u201cA democracia \u00e9 um direito fundamental, e \u00e9 a Justi\u00e7a Eleitoral que garante o direito de o eleitor votar, esse momento democr\u00e1tico e soberano. Por isso, hoje, voc\u00eas assumem com o Brasil um compromisso ainda maior do que aquele que assumiram quando tomaram posse como ju\u00edzes&#8221;, afirmou a ministra.<\/p>\n<p>O evento ocorreu no plen\u00e1rio do Tribunal Regional Eleitoral do Rio de Janeiro (TRE-RJ). A cerim\u00f4nia, comandada pelo presidente da corte fluminense, desembargador Henrique Carlos Figueira, empossou 38 ju\u00edzas e ju\u00edzes. A presidente do TSE declarou a confian\u00e7a nas trabalhadoras e nos trabalhadores da Justi\u00e7a Eleitoral. \u201cTemos um quadro de servidoras e servidores qualificado, indispens\u00e1veis para o sucesso das elei\u00e7\u00f5es\u201d, enalteceu C\u00e1rmen L\u00facia.<\/p>\n<p>Compareceram \u00e0 cerim\u00f4nia o vice-presidente e corregedor regional eleitoral, desembargador Peterson Barroso Sim\u00e3o; a secret\u00e1ria-geral da Presid\u00eancia do TSE, desembargadora Andr\u00e9a Pach\u00e1; o juiz auxiliar da Presid\u00eancia do TRE-RJ, Bruno Monteiro Ruli\u00e8re; o primeiro vice-presidente do Instituto dos Magistrados do Brasil (IMB), desembargador Roberto Guimar\u00e3es; e os desembargadores eleitorais Bruno Bodart, Daniela Bandeira de Freitas,\u00a0Fernando Marques Cabral Filho\u00a0e K\u00e1tia Valverde Junqueira.<\/p>\n<h3>CCJE<\/h3>\n<p>Antes da solenidade de posse, a ministra C\u00e1rmen L\u00facia visitou o Centro Cultural da Justi\u00e7a Eleitoral (CCJE), acompanhada pelo desembargador Henrique Figueira. Tamb\u00e9m estiveram presentes a desembargadora Andr\u00e9a Pach\u00e1, o diretor-geral do Supremo Tribunal Federal (STF), Eduardo Toledo, a historiadora e professora da Universidade Federal de Minas Gerais (UFMG) Heloisa Starling e outros acad\u00eamicos do departamento de Hist\u00f3ria da institui\u00e7\u00e3o, assim como o comandante-geral do Corpo de Bombeiros Militar do Estado do Rio de Janeiro, coronel Leandro Monteiro.<\/p>\n<p><img decoding=\"async\" class=\"image-richtext image-inline\" title=\"Presidente do TSE visita Centro Cultural da Justi\u00e7a Eleitoral (CCJE), no Rio de Janeiro \/ RJ 14.06.2024 - Foto TRE RJ\" src=\"https:\/\/www.tse.jus.br\/imagens\/fotos\/presidente-do-tse-visita-centro-cultural-da-justica-eleitoral-ccje-no-rio-de-janeiro-rj-14-06-2024-foto-tre-rj-1\/@@images\/f32cf44b-aaa7-4cda-b8a2-36527f029448.jpeg\" alt=\"Presidente do TSE visita Centro Cultural da Justi\u00e7a Eleitoral (CCJE), no Rio de Janeiro \/ RJ 14....\" \/><\/p>\n<p>O CCJE funciona na antiga sede do TSE no Rio de Janeiro, no n\u00famero 42 da rua 1\u00ba de Mar\u00e7o, em um edif\u00edcio que integra o conjunto arquitet\u00f4nico e urban\u00edstico da Pra\u00e7a XV de Novembro. Tombado pelo governo federal em 1990, o pr\u00e9dio foi inaugurado em 1896 para sediar o Banco do Brasil. O banco jamais chegou a ocup\u00e1-lo, e o pr\u00e9dio, desde ent\u00e3o, j\u00e1 foi sede do STF, do pr\u00f3prio TSE e do TRE-RJ.<\/p>\n<p><img decoding=\"async\" class=\"alignnone size-medium wp-image-34859\" src=\"https:\/\/uvbbrasil.com.br\/wp-content\/uploads\/2024\/06\/187797bd-2cc3-4c43-8c37-1ee97ce41dda-300x145.jpeg\" alt=\"\" width=\"300\" height=\"145\" srcset=\"https:\/\/uvbbrasil.com.br\/wp-content\/uploads\/2024\/06\/187797bd-2cc3-4c43-8c37-1ee97ce41dda-300x145.jpeg 300w, https:\/\/uvbbrasil.com.br\/wp-content\/uploads\/2024\/06\/187797bd-2cc3-4c43-8c37-1ee97ce41dda.jpeg 620w\" sizes=\"(max-width: 300px) 100vw, 300px\" \/><\/p>\n","protected":false},"excerpt":{"rendered":"<p>Presidente do TSE participou da posse de ju\u00edzas e ju\u00edzes no TRE-RJ A presidente do Tribunal Superior Eleitoral (TSE), ministra&#8230;<\/p>\n","protected":false},"author":1,"featured_media":34859,"comment_status":"open","ping_status":"open","sticky":false,"template":"","format":"standard","meta":{"footnotes":""},"categories":[3],"tags":[],"class_list":["post-34858","post","type-post","status-publish","format-standard","has-post-thumbnail","hentry","category-noticias"],"yoast_head":"<!-- This site is optimized with the Yoast SEO plugin v26.7 - https:\/\/yoast.com\/wordpress\/plugins\/seo\/ -->\n<title>Ministra C\u00e1rmen L\u00facia enfatiza a import\u00e2ncia da Justi\u00e7a Eleitoral para garantir a democracia - UVB Brasil<\/title>\n<meta name=\"robots\" content=\"index, follow, max-snippet:-1, max-image-preview:large, max-video-preview:-1\" \/>\n<link rel=\"canonical\" href=\"https:\/\/uvbbrasil.com.br\/ministra-carmen-lucia-enfatiza-a-importancia-da-justica-eleitoral-para-garantir-a-democracia\/\" \/>\n<meta property=\"og:locale\" content=\"pt_BR\" \/>\n<meta property=\"og:type\" content=\"article\" \/>\n<meta property=\"og:title\" content=\"Ministra C\u00e1rmen L\u00facia enfatiza a import\u00e2ncia da Justi\u00e7a Eleitoral para garantir a democracia - UVB Brasil\" \/>\n<meta property=\"og:description\" content=\"Presidente do TSE participou da posse de ju\u00edzas e ju\u00edzes no TRE-RJ A presidente do Tribunal Superior Eleitoral (TSE), ministra...\" \/>\n<meta property=\"og:url\" content=\"https:\/\/uvbbrasil.com.br\/ministra-carmen-lucia-enfatiza-a-importancia-da-justica-eleitoral-para-garantir-a-democracia\/\" \/>\n<meta property=\"og:site_name\" content=\"UVB Brasil\" \/>\n<meta property=\"article:publisher\" content=\"https:\/\/www.facebook.com\/uvb.vereadoresbrasil\" \/>\n<meta property=\"article:published_time\" content=\"2024-06-17T14:05:27+00:00\" \/>\n<meta property=\"og:image\" content=\"https:\/\/uvbbrasil.com.br\/wp-content\/uploads\/2024\/06\/187797bd-2cc3-4c43-8c37-1ee97ce41dda.jpeg\" \/>\n\t<meta property=\"og:image:width\" content=\"620\" \/>\n\t<meta property=\"og:image:height\" content=\"300\" \/>\n\t<meta property=\"og:image:type\" content=\"image\/jpeg\" \/>\n<meta name=\"author\" content=\"adminuvb\" \/>\n<meta name=\"twitter:card\" content=\"summary_large_image\" \/>\n<meta name=\"twitter:label1\" content=\"Escrito por\" \/>\n\t<meta name=\"twitter:data1\" content=\"adminuvb\" \/>\n\t<meta name=\"twitter:label2\" content=\"Est. tempo de leitura\" \/>\n\t<meta name=\"twitter:data2\" content=\"3 minutos\" \/>\n<script type=\"application\/ld+json\" class=\"yoast-schema-graph\">{\"@context\":\"https:\/\/schema.org\",\"@graph\":[{\"@type\":\"Article\",\"@id\":\"https:\/\/uvbbrasil.com.br\/ministra-carmen-lucia-enfatiza-a-importancia-da-justica-eleitoral-para-garantir-a-democracia\/#article\",\"isPartOf\":{\"@id\":\"https:\/\/uvbbrasil.com.br\/ministra-carmen-lucia-enfatiza-a-importancia-da-justica-eleitoral-para-garantir-a-democracia\/\"},\"author\":{\"name\":\"adminuvb\",\"@id\":\"https:\/\/uvbbrasil.com.br\/#\/schema\/person\/17990098446c098f52effddff4f1b272\"},\"headline\":\"Ministra C\u00e1rmen L\u00facia enfatiza a import\u00e2ncia da Justi\u00e7a Eleitoral para garantir a democracia\",\"datePublished\":\"2024-06-17T14:05:27+00:00\",\"mainEntityOfPage\":{\"@id\":\"https:\/\/uvbbrasil.com.br\/ministra-carmen-lucia-enfatiza-a-importancia-da-justica-eleitoral-para-garantir-a-democracia\/\"},\"wordCount\":441,\"commentCount\":0,\"publisher\":{\"@id\":\"https:\/\/uvbbrasil.com.br\/#organization\"},\"image\":{\"@id\":\"https:\/\/uvbbrasil.com.br\/ministra-carmen-lucia-enfatiza-a-importancia-da-justica-eleitoral-para-garantir-a-democracia\/#primaryimage\"},\"thumbnailUrl\":\"https:\/\/uvbbrasil.com.br\/wp-content\/uploads\/2024\/06\/187797bd-2cc3-4c43-8c37-1ee97ce41dda.jpeg\",\"articleSection\":[\"NOT\u00cdCIAS\"],\"inLanguage\":\"pt-BR\",\"potentialAction\":[{\"@type\":\"CommentAction\",\"name\":\"Comment\",\"target\":[\"https:\/\/uvbbrasil.com.br\/ministra-carmen-lucia-enfatiza-a-importancia-da-justica-eleitoral-para-garantir-a-democracia\/#respond\"]}]},{\"@type\":\"WebPage\",\"@id\":\"https:\/\/uvbbrasil.com.br\/ministra-carmen-lucia-enfatiza-a-importancia-da-justica-eleitoral-para-garantir-a-democracia\/\",\"url\":\"https:\/\/uvbbrasil.com.br\/ministra-carmen-lucia-enfatiza-a-importancia-da-justica-eleitoral-para-garantir-a-democracia\/\",\"name\":\"Ministra C\u00e1rmen L\u00facia enfatiza a import\u00e2ncia da Justi\u00e7a Eleitoral para garantir a democracia - UVB Brasil\",\"isPartOf\":{\"@id\":\"https:\/\/uvbbrasil.com.br\/#website\"},\"primaryImageOfPage\":{\"@id\":\"https:\/\/uvbbrasil.com.br\/ministra-carmen-lucia-enfatiza-a-importancia-da-justica-eleitoral-para-garantir-a-democracia\/#primaryimage\"},\"image\":{\"@id\":\"https:\/\/uvbbrasil.com.br\/ministra-carmen-lucia-enfatiza-a-importancia-da-justica-eleitoral-para-garantir-a-democracia\/#primaryimage\"},\"thumbnailUrl\":\"https:\/\/uvbbrasil.com.br\/wp-content\/uploads\/2024\/06\/187797bd-2cc3-4c43-8c37-1ee97ce41dda.jpeg\",\"datePublished\":\"2024-06-17T14:05:27+00:00\",\"breadcrumb\":{\"@id\":\"https:\/\/uvbbrasil.com.br\/ministra-carmen-lucia-enfatiza-a-importancia-da-justica-eleitoral-para-garantir-a-democracia\/#breadcrumb\"},\"inLanguage\":\"pt-BR\",\"potentialAction\":[{\"@type\":\"ReadAction\",\"target\":[\"https:\/\/uvbbrasil.com.br\/ministra-carmen-lucia-enfatiza-a-importancia-da-justica-eleitoral-para-garantir-a-democracia\/\"]}]},{\"@type\":\"ImageObject\",\"inLanguage\":\"pt-BR\",\"@id\":\"https:\/\/uvbbrasil.com.br\/ministra-carmen-lucia-enfatiza-a-importancia-da-justica-eleitoral-para-garantir-a-democracia\/#primaryimage\",\"url\":\"https:\/\/uvbbrasil.com.br\/wp-content\/uploads\/2024\/06\/187797bd-2cc3-4c43-8c37-1ee97ce41dda.jpeg\",\"contentUrl\":\"https:\/\/uvbbrasil.com.br\/wp-content\/uploads\/2024\/06\/187797bd-2cc3-4c43-8c37-1ee97ce41dda.jpeg\",\"width\":620,\"height\":300},{\"@type\":\"BreadcrumbList\",\"@id\":\"https:\/\/uvbbrasil.com.br\/ministra-carmen-lucia-enfatiza-a-importancia-da-justica-eleitoral-para-garantir-a-democracia\/#breadcrumb\",\"itemListElement\":[{\"@type\":\"ListItem\",\"position\":1,\"name\":\"In\u00edcio\",\"item\":\"https:\/\/uvbbrasil.com.br\/\"},{\"@type\":\"ListItem\",\"position\":2,\"name\":\"Ministra C\u00e1rmen L\u00facia enfatiza a import\u00e2ncia da Justi\u00e7a Eleitoral para garantir a democracia\"}]},{\"@type\":\"WebSite\",\"@id\":\"https:\/\/uvbbrasil.com.br\/#website\",\"url\":\"https:\/\/uvbbrasil.com.br\/\",\"name\":\"UVB Brasil\",\"description\":\"Uni\u00e3o dos Vereadores do Brasil\",\"publisher\":{\"@id\":\"https:\/\/uvbbrasil.com.br\/#organization\"},\"potentialAction\":[{\"@type\":\"SearchAction\",\"target\":{\"@type\":\"EntryPoint\",\"urlTemplate\":\"https:\/\/uvbbrasil.com.br\/?s={search_term_string}\"},\"query-input\":{\"@type\":\"PropertyValueSpecification\",\"valueRequired\":true,\"valueName\":\"search_term_string\"}}],\"inLanguage\":\"pt-BR\"},{\"@type\":\"Organization\",\"@id\":\"https:\/\/uvbbrasil.com.br\/#organization\",\"name\":\"UVB Brasil\",\"url\":\"https:\/\/uvbbrasil.com.br\/\",\"logo\":{\"@type\":\"ImageObject\",\"inLanguage\":\"pt-BR\",\"@id\":\"https:\/\/uvbbrasil.com.br\/#\/schema\/logo\/image\/\",\"url\":\"https:\/\/uvbbrasil.com.br\/wp-content\/uploads\/2025\/01\/LOGO-UVB-2024-azul-1.jpg\",\"contentUrl\":\"https:\/\/uvbbrasil.com.br\/wp-content\/uploads\/2025\/01\/LOGO-UVB-2024-azul-1.jpg\",\"width\":600,\"height\":211,\"caption\":\"UVB Brasil\"},\"image\":{\"@id\":\"https:\/\/uvbbrasil.com.br\/#\/schema\/logo\/image\/\"},\"sameAs\":[\"https:\/\/www.facebook.com\/uvb.vereadoresbrasil\",\"https:\/\/www.instagram.com\/uvbbrasil\/\",\"https:\/\/www.youtube.com\/channel\/UCIlPQ8Xzw5GHNzosQIg9S5A\"]},{\"@type\":\"Person\",\"@id\":\"https:\/\/uvbbrasil.com.br\/#\/schema\/person\/17990098446c098f52effddff4f1b272\",\"name\":\"adminuvb\",\"image\":{\"@type\":\"ImageObject\",\"inLanguage\":\"pt-BR\",\"@id\":\"https:\/\/uvbbrasil.com.br\/#\/schema\/person\/image\/\",\"url\":\"https:\/\/secure.gravatar.com\/avatar\/1a494ea6f8e2dd1ae526e55b0e9497efdba542491e0620d704cccf63c6f77c45?s=96&d=mm&r=g\",\"contentUrl\":\"https:\/\/secure.gravatar.com\/avatar\/1a494ea6f8e2dd1ae526e55b0e9497efdba542491e0620d704cccf63c6f77c45?s=96&d=mm&r=g\",\"caption\":\"adminuvb\"},\"sameAs\":[\"https:\/\/uvbbrasil.com.br\"],\"url\":\"https:\/\/uvbbrasil.com.br\/author\/adminuvb\/\"}]}<\/script>\n<!-- \/ Yoast SEO plugin. -->","yoast_head_json":{"title":"Ministra C\u00e1rmen L\u00facia enfatiza a import\u00e2ncia da Justi\u00e7a Eleitoral para garantir a democracia - UVB Brasil","robots":{"index":"index","follow":"follow","max-snippet":"max-snippet:-1","max-image-preview":"max-image-preview:large","max-video-preview":"max-video-preview:-1"},"canonical":"https:\/\/uvbbrasil.com.br\/ministra-carmen-lucia-enfatiza-a-importancia-da-justica-eleitoral-para-garantir-a-democracia\/","og_locale":"pt_BR","og_type":"article","og_title":"Ministra C\u00e1rmen L\u00facia enfatiza a import\u00e2ncia da Justi\u00e7a Eleitoral para garantir a democracia - UVB Brasil","og_description":"Presidente do TSE participou da posse de ju\u00edzas e ju\u00edzes no TRE-RJ A presidente do Tribunal Superior Eleitoral (TSE), ministra...","og_url":"https:\/\/uvbbrasil.com.br\/ministra-carmen-lucia-enfatiza-a-importancia-da-justica-eleitoral-para-garantir-a-democracia\/","og_site_name":"UVB Brasil","article_publisher":"https:\/\/www.facebook.com\/uvb.vereadoresbrasil","article_published_time":"2024-06-17T14:05:27+00:00","og_image":[{"width":620,"height":300,"url":"https:\/\/uvbbrasil.com.br\/wp-content\/uploads\/2024\/06\/187797bd-2cc3-4c43-8c37-1ee97ce41dda.jpeg","type":"image\/jpeg"}],"author":"adminuvb","twitter_card":"summary_large_image","twitter_misc":{"Escrito por":"adminuvb","Est. tempo de leitura":"3 minutos"},"schema":{"@context":"https:\/\/schema.org","@graph":[{"@type":"Article","@id":"https:\/\/uvbbrasil.com.br\/ministra-carmen-lucia-enfatiza-a-importancia-da-justica-eleitoral-para-garantir-a-democracia\/#article","isPartOf":{"@id":"https:\/\/uvbbrasil.com.br\/ministra-carmen-lucia-enfatiza-a-importancia-da-justica-eleitoral-para-garantir-a-democracia\/"},"author":{"name":"adminuvb","@id":"https:\/\/uvbbrasil.com.br\/#\/schema\/person\/17990098446c098f52effddff4f1b272"},"headline":"Ministra C\u00e1rmen L\u00facia enfatiza a import\u00e2ncia da Justi\u00e7a Eleitoral para garantir a democracia","datePublished":"2024-06-17T14:05:27+00:00","mainEntityOfPage":{"@id":"https:\/\/uvbbrasil.com.br\/ministra-carmen-lucia-enfatiza-a-importancia-da-justica-eleitoral-para-garantir-a-democracia\/"},"wordCount":441,"commentCount":0,"publisher":{"@id":"https:\/\/uvbbrasil.com.br\/#organization"},"image":{"@id":"https:\/\/uvbbrasil.com.br\/ministra-carmen-lucia-enfatiza-a-importancia-da-justica-eleitoral-para-garantir-a-democracia\/#primaryimage"},"thumbnailUrl":"https:\/\/uvbbrasil.com.br\/wp-content\/uploads\/2024\/06\/187797bd-2cc3-4c43-8c37-1ee97ce41dda.jpeg","articleSection":["NOT\u00cdCIAS"],"inLanguage":"pt-BR","potentialAction":[{"@type":"CommentAction","name":"Comment","target":["https:\/\/uvbbrasil.com.br\/ministra-carmen-lucia-enfatiza-a-importancia-da-justica-eleitoral-para-garantir-a-democracia\/#respond"]}]},{"@type":"WebPage","@id":"https:\/\/uvbbrasil.com.br\/ministra-carmen-lucia-enfatiza-a-importancia-da-justica-eleitoral-para-garantir-a-democracia\/","url":"https:\/\/uvbbrasil.com.br\/ministra-carmen-lucia-enfatiza-a-importancia-da-justica-eleitoral-para-garantir-a-democracia\/","name":"Ministra C\u00e1rmen L\u00facia enfatiza a import\u00e2ncia da Justi\u00e7a Eleitoral para garantir a democracia - UVB Brasil","isPartOf":{"@id":"https:\/\/uvbbrasil.com.br\/#website"},"primaryImageOfPage":{"@id":"https:\/\/uvbbrasil.com.br\/ministra-carmen-lucia-enfatiza-a-importancia-da-justica-eleitoral-para-garantir-a-democracia\/#primaryimage"},"image":{"@id":"https:\/\/uvbbrasil.com.br\/ministra-carmen-lucia-enfatiza-a-importancia-da-justica-eleitoral-para-garantir-a-democracia\/#primaryimage"},"thumbnailUrl":"https:\/\/uvbbrasil.com.br\/wp-content\/uploads\/2024\/06\/187797bd-2cc3-4c43-8c37-1ee97ce41dda.jpeg","datePublished":"2024-06-17T14:05:27+00:00","breadcrumb":{"@id":"https:\/\/uvbbrasil.com.br\/ministra-carmen-lucia-enfatiza-a-importancia-da-justica-eleitoral-para-garantir-a-democracia\/#breadcrumb"},"inLanguage":"pt-BR","potentialAction":[{"@type":"ReadAction","target":["https:\/\/uvbbrasil.com.br\/ministra-carmen-lucia-enfatiza-a-importancia-da-justica-eleitoral-para-garantir-a-democracia\/"]}]},{"@type":"ImageObject","inLanguage":"pt-BR","@id":"https:\/\/uvbbrasil.com.br\/ministra-carmen-lucia-enfatiza-a-importancia-da-justica-eleitoral-para-garantir-a-democracia\/#primaryimage","url":"https:\/\/uvbbrasil.com.br\/wp-content\/uploads\/2024\/06\/187797bd-2cc3-4c43-8c37-1ee97ce41dda.jpeg","contentUrl":"https:\/\/uvbbrasil.com.br\/wp-content\/uploads\/2024\/06\/187797bd-2cc3-4c43-8c37-1ee97ce41dda.jpeg","width":620,"height":300},{"@type":"BreadcrumbList","@id":"https:\/\/uvbbrasil.com.br\/ministra-carmen-lucia-enfatiza-a-importancia-da-justica-eleitoral-para-garantir-a-democracia\/#breadcrumb","itemListElement":[{"@type":"ListItem","position":1,"name":"In\u00edcio","item":"https:\/\/uvbbrasil.com.br\/"},{"@type":"ListItem","position":2,"name":"Ministra C\u00e1rmen L\u00facia enfatiza a import\u00e2ncia da Justi\u00e7a Eleitoral para garantir a democracia"}]},{"@type":"WebSite","@id":"https:\/\/uvbbrasil.com.br\/#website","url":"https:\/\/uvbbrasil.com.br\/","name":"UVB Brasil","description":"Uni\u00e3o dos Vereadores do Brasil","publisher":{"@id":"https:\/\/uvbbrasil.com.br\/#organization"},"potentialAction":[{"@type":"SearchAction","target":{"@type":"EntryPoint","urlTemplate":"https:\/\/uvbbrasil.com.br\/?s={search_term_string}"},"query-input":{"@type":"PropertyValueSpecification","valueRequired":true,"valueName":"search_term_string"}}],"inLanguage":"pt-BR"},{"@type":"Organization","@id":"https:\/\/uvbbrasil.com.br\/#organization","name":"UVB Brasil","url":"https:\/\/uvbbrasil.com.br\/","logo":{"@type":"ImageObject","inLanguage":"pt-BR","@id":"https:\/\/uvbbrasil.com.br\/#\/schema\/logo\/image\/","url":"https:\/\/uvbbrasil.com.br\/wp-content\/uploads\/2025\/01\/LOGO-UVB-2024-azul-1.jpg","contentUrl":"https:\/\/uvbbrasil.com.br\/wp-content\/uploads\/2025\/01\/LOGO-UVB-2024-azul-1.jpg","width":600,"height":211,"caption":"UVB Brasil"},"image":{"@id":"https:\/\/uvbbrasil.com.br\/#\/schema\/logo\/image\/"},"sameAs":["https:\/\/www.facebook.com\/uvb.vereadoresbrasil","https:\/\/www.instagram.com\/uvbbrasil\/","https:\/\/www.youtube.com\/channel\/UCIlPQ8Xzw5GHNzosQIg9S5A"]},{"@type":"Person","@id":"https:\/\/uvbbrasil.com.br\/#\/schema\/person\/17990098446c098f52effddff4f1b272","name":"adminuvb","image":{"@type":"ImageObject","inLanguage":"pt-BR","@id":"https:\/\/uvbbrasil.com.br\/#\/schema\/person\/image\/","url":"https:\/\/secure.gravatar.com\/avatar\/1a494ea6f8e2dd1ae526e55b0e9497efdba542491e0620d704cccf63c6f77c45?s=96&d=mm&r=g","contentUrl":"https:\/\/secure.gravatar.com\/avatar\/1a494ea6f8e2dd1ae526e55b0e9497efdba542491e0620d704cccf63c6f77c45?s=96&d=mm&r=g","caption":"adminuvb"},"sameAs":["https:\/\/uvbbrasil.com.br"],"url":"https:\/\/uvbbrasil.com.br\/author\/adminuvb\/"}]}},"_links":{"self":[{"href":"https:\/\/uvbbrasil.com.br\/uvb-json\/wp\/v2\/posts\/34858","targetHints":{"allow":["GET"]}}],"collection":[{"href":"https:\/\/uvbbrasil.com.br\/uvb-json\/wp\/v2\/posts"}],"about":[{"href":"https:\/\/uvbbrasil.com.br\/uvb-json\/wp\/v2\/types\/post"}],"author":[{"embeddable":true,"href":"https:\/\/uvbbrasil.com.br\/uvb-json\/wp\/v2\/users\/1"}],"replies":[{"embeddable":true,"href":"https:\/\/uvbbrasil.com.br\/uvb-json\/wp\/v2\/comments?post=34858"}],"version-history":[{"count":0,"href":"https:\/\/uvbbrasil.com.br\/uvb-json\/wp\/v2\/posts\/34858\/revisions"}],"wp:featuredmedia":[{"embeddable":true,"href":"https:\/\/uvbbrasil.com.br\/uvb-json\/wp\/v2\/media\/34859"}],"wp:attachment":[{"href":"https:\/\/uvbbrasil.com.br\/uvb-json\/wp\/v2\/media?parent=34858"}],"wp:term":[{"taxonomy":"category","embeddable":true,"href":"https:\/\/uvbbrasil.com.br\/uvb-json\/wp\/v2\/categories?post=34858"},{"taxonomy":"post_tag","embeddable":true,"href":"https:\/\/uvbbrasil.com.br\/uvb-json\/wp\/v2\/tags?post=34858"}],"curies":[{"name":"wp","href":"https:\/\/api.w.org\/{rel}","templated":true}]}}