{"id":33880,"date":"2024-03-25T10:58:44","date_gmt":"2024-03-25T13:58:44","guid":{"rendered":"https:\/\/wpsandbox4.pante.com.br\/?p=33880"},"modified":"2024-03-25T10:58:44","modified_gmt":"2024-03-25T13:58:44","slug":"legislativo-na-escola-chega-no-municipio-condado-pb","status":"publish","type":"post","link":"https:\/\/uvbbrasil.com.br\/legislativo-na-escola-chega-no-municipio-condado-pb\/","title":{"rendered":"Legislativo na Escola chega no Munic\u00edpio Condado\/PB"},"content":{"rendered":"<p>A UVB atrav\u00e9s do colaborador, Francisco Joaquim J\u00fanior, esteve\u00a0 levando o projeto Legislativo na Escola para mais um Munic\u00edpio do Estado da Para\u00edba, desta vez ao Munic\u00edpio Condado.<\/p>\n<p>A apresenta\u00e7\u00e3o do projeto foi realizada para os alunos da Escola Municipal Sebasti\u00e3o Alves de Lima, com a presen\u00e7a da Presidente da C\u00e2mara Municipal, Vanderlucia Vieira.<\/p>\n<p>O projeto Legislativo na Escola \u00e9 desenvolvido pela Uni\u00e3o dos Vereadores do Brasil\/UVB, idealizado pelo Coordenador Nacional, vereador de Ira\u00ed\/RS, Gilson Conzatti, que visa levar educa\u00e7\u00e3o Legislativa e cidadania atrav\u00e9s da UVB (Uni\u00e3o dos Vereadores do Brasil) aos Estudantes do Brasil. Projeto este que foi lan\u00e7ado na Marcha dos Legislativos Municipais em Bras\u00edlia. Todos os munic\u00edpios que participaram da XXII Marcha dos Legislativos Municipais, ser\u00e3o contemplados com a visita do projeto no munic\u00edpio. Nas apresenta\u00e7\u00f5es os alunos al\u00e9m de conhecerem um pouco mais sobre o Poder Legislativo Municipal, todos recebem uma cartilha produzida pela UVB.<\/p>\n<p><img fetchpriority=\"high\" decoding=\"async\" class=\"alignnone size-medium wp-image-33881\" src=\"https:\/\/uvbbrasil.com.br\/wp-content\/uploads\/2024\/03\/WhatsApp-Image-2024-03-18-at-11.47.12-300x225.jpeg\" alt=\"\" width=\"300\" height=\"225\" srcset=\"https:\/\/uvbbrasil.com.br\/wp-content\/uploads\/2024\/03\/WhatsApp-Image-2024-03-18-at-11.47.12-300x225.jpeg 300w, https:\/\/uvbbrasil.com.br\/wp-content\/uploads\/2024\/03\/WhatsApp-Image-2024-03-18-at-11.47.12-1024x768.jpeg 1024w, https:\/\/uvbbrasil.com.br\/wp-content\/uploads\/2024\/03\/WhatsApp-Image-2024-03-18-at-11.47.12-768x576.jpeg 768w, https:\/\/uvbbrasil.com.br\/wp-content\/uploads\/2024\/03\/WhatsApp-Image-2024-03-18-at-11.47.12-1536x1152.jpeg 1536w, https:\/\/uvbbrasil.com.br\/wp-content\/uploads\/2024\/03\/WhatsApp-Image-2024-03-18-at-11.47.12.jpeg 1600w\" sizes=\"(max-width: 300px) 100vw, 300px\" \/><img decoding=\"async\" class=\"alignnone size-medium wp-image-33882\" src=\"https:\/\/uvbbrasil.com.br\/wp-content\/uploads\/2024\/03\/WhatsApp-Image-2024-03-18-at-11.47.14-225x300.jpeg\" alt=\"\" width=\"225\" height=\"300\" srcset=\"https:\/\/uvbbrasil.com.br\/wp-content\/uploads\/2024\/03\/WhatsApp-Image-2024-03-18-at-11.47.14-225x300.jpeg 225w, https:\/\/uvbbrasil.com.br\/wp-content\/uploads\/2024\/03\/WhatsApp-Image-2024-03-18-at-11.47.14-768x1024.jpeg 768w, https:\/\/uvbbrasil.com.br\/wp-content\/uploads\/2024\/03\/WhatsApp-Image-2024-03-18-at-11.47.14-1152x1536.jpeg 1152w, https:\/\/uvbbrasil.com.br\/wp-content\/uploads\/2024\/03\/WhatsApp-Image-2024-03-18-at-11.47.14.jpeg 1200w\" sizes=\"(max-width: 225px) 100vw, 225px\" \/><img decoding=\"async\" class=\"alignnone size-medium wp-image-33883\" src=\"https:\/\/uvbbrasil.com.br\/wp-content\/uploads\/2024\/03\/WhatsApp-Image-2024-03-18-at-11.47.15-300x225.jpeg\" alt=\"\" width=\"300\" height=\"225\" srcset=\"https:\/\/uvbbrasil.com.br\/wp-content\/uploads\/2024\/03\/WhatsApp-Image-2024-03-18-at-11.47.15-300x225.jpeg 300w, https:\/\/uvbbrasil.com.br\/wp-content\/uploads\/2024\/03\/WhatsApp-Image-2024-03-18-at-11.47.15-1024x768.jpeg 1024w, https:\/\/uvbbrasil.com.br\/wp-content\/uploads\/2024\/03\/WhatsApp-Image-2024-03-18-at-11.47.15-768x576.jpeg 768w, https:\/\/uvbbrasil.com.br\/wp-content\/uploads\/2024\/03\/WhatsApp-Image-2024-03-18-at-11.47.15-1536x1152.jpeg 1536w, https:\/\/uvbbrasil.com.br\/wp-content\/uploads\/2024\/03\/WhatsApp-Image-2024-03-18-at-11.47.15.jpeg 1600w\" sizes=\"(max-width: 300px) 100vw, 300px\" \/><\/p>\n","protected":false},"excerpt":{"rendered":"<p>A UVB atrav\u00e9s do colaborador, Francisco Joaquim J\u00fanior, esteve\u00a0 levando o projeto Legislativo na Escola para mais um Munic\u00edpio do&#8230;<\/p>\n","protected":false},"author":1,"featured_media":33883,"comment_status":"open","ping_status":"open","sticky":false,"template":"","format":"standard","meta":{"footnotes":""},"categories":[3,4],"tags":[],"class_list":["post-33880","post","type-post","status-publish","format-standard","has-post-thumbnail","hentry","category-noticias","category-home"],"yoast_head":"<!-- This site is optimized with the Yoast SEO plugin v26.7 - https:\/\/yoast.com\/wordpress\/plugins\/seo\/ -->\n<title>Legislativo na Escola chega no Munic\u00edpio Condado\/PB - UVB Brasil<\/title>\n<meta name=\"robots\" content=\"index, follow, max-snippet:-1, max-image-preview:large, max-video-preview:-1\" \/>\n<link rel=\"canonical\" href=\"https:\/\/uvbbrasil.com.br\/legislativo-na-escola-chega-no-municipio-condado-pb\/\" \/>\n<meta property=\"og:locale\" content=\"pt_BR\" \/>\n<meta property=\"og:type\" content=\"article\" \/>\n<meta property=\"og:title\" content=\"Legislativo na Escola chega no Munic\u00edpio Condado\/PB - UVB Brasil\" \/>\n<meta property=\"og:description\" content=\"A UVB atrav\u00e9s do colaborador, Francisco Joaquim J\u00fanior, esteve\u00a0 levando o projeto Legislativo na Escola para mais um Munic\u00edpio do...\" \/>\n<meta property=\"og:url\" content=\"https:\/\/uvbbrasil.com.br\/legislativo-na-escola-chega-no-municipio-condado-pb\/\" \/>\n<meta property=\"og:site_name\" content=\"UVB Brasil\" \/>\n<meta property=\"article:publisher\" content=\"https:\/\/www.facebook.com\/uvb.vereadoresbrasil\" \/>\n<meta property=\"article:published_time\" content=\"2024-03-25T13:58:44+00:00\" \/>\n<meta property=\"og:image\" content=\"https:\/\/uvbbrasil.com.br\/wp-content\/uploads\/2024\/03\/WhatsApp-Image-2024-03-18-at-11.47.15.jpeg\" \/>\n\t<meta property=\"og:image:width\" content=\"1600\" \/>\n\t<meta property=\"og:image:height\" content=\"1200\" \/>\n\t<meta property=\"og:image:type\" content=\"image\/jpeg\" \/>\n<meta name=\"author\" content=\"adminuvb\" \/>\n<meta name=\"twitter:card\" content=\"summary_large_image\" \/>\n<meta name=\"twitter:label1\" content=\"Escrito por\" \/>\n\t<meta name=\"twitter:data1\" content=\"adminuvb\" \/>\n\t<meta name=\"twitter:label2\" content=\"Est. tempo de leitura\" \/>\n\t<meta name=\"twitter:data2\" content=\"2 minutos\" \/>\n<script type=\"application\/ld+json\" class=\"yoast-schema-graph\">{\"@context\":\"https:\/\/schema.org\",\"@graph\":[{\"@type\":\"Article\",\"@id\":\"https:\/\/uvbbrasil.com.br\/legislativo-na-escola-chega-no-municipio-condado-pb\/#article\",\"isPartOf\":{\"@id\":\"https:\/\/uvbbrasil.com.br\/legislativo-na-escola-chega-no-municipio-condado-pb\/\"},\"author\":{\"name\":\"adminuvb\",\"@id\":\"https:\/\/uvbbrasil.com.br\/#\/schema\/person\/17990098446c098f52effddff4f1b272\"},\"headline\":\"Legislativo na Escola chega no Munic\u00edpio Condado\/PB\",\"datePublished\":\"2024-03-25T13:58:44+00:00\",\"mainEntityOfPage\":{\"@id\":\"https:\/\/uvbbrasil.com.br\/legislativo-na-escola-chega-no-municipio-condado-pb\/\"},\"wordCount\":179,\"commentCount\":0,\"publisher\":{\"@id\":\"https:\/\/uvbbrasil.com.br\/#organization\"},\"image\":{\"@id\":\"https:\/\/uvbbrasil.com.br\/legislativo-na-escola-chega-no-municipio-condado-pb\/#primaryimage\"},\"thumbnailUrl\":\"https:\/\/uvbbrasil.com.br\/wp-content\/uploads\/2024\/03\/WhatsApp-Image-2024-03-18-at-11.47.15.jpeg\",\"articleSection\":[\"NOT\u00cdCIAS\",\"UVB\"],\"inLanguage\":\"pt-BR\",\"potentialAction\":[{\"@type\":\"CommentAction\",\"name\":\"Comment\",\"target\":[\"https:\/\/uvbbrasil.com.br\/legislativo-na-escola-chega-no-municipio-condado-pb\/#respond\"]}]},{\"@type\":\"WebPage\",\"@id\":\"https:\/\/uvbbrasil.com.br\/legislativo-na-escola-chega-no-municipio-condado-pb\/\",\"url\":\"https:\/\/uvbbrasil.com.br\/legislativo-na-escola-chega-no-municipio-condado-pb\/\",\"name\":\"Legislativo na Escola chega no Munic\u00edpio Condado\/PB - UVB Brasil\",\"isPartOf\":{\"@id\":\"https:\/\/uvbbrasil.com.br\/#website\"},\"primaryImageOfPage\":{\"@id\":\"https:\/\/uvbbrasil.com.br\/legislativo-na-escola-chega-no-municipio-condado-pb\/#primaryimage\"},\"image\":{\"@id\":\"https:\/\/uvbbrasil.com.br\/legislativo-na-escola-chega-no-municipio-condado-pb\/#primaryimage\"},\"thumbnailUrl\":\"https:\/\/uvbbrasil.com.br\/wp-content\/uploads\/2024\/03\/WhatsApp-Image-2024-03-18-at-11.47.15.jpeg\",\"datePublished\":\"2024-03-25T13:58:44+00:00\",\"breadcrumb\":{\"@id\":\"https:\/\/uvbbrasil.com.br\/legislativo-na-escola-chega-no-municipio-condado-pb\/#breadcrumb\"},\"inLanguage\":\"pt-BR\",\"potentialAction\":[{\"@type\":\"ReadAction\",\"target\":[\"https:\/\/uvbbrasil.com.br\/legislativo-na-escola-chega-no-municipio-condado-pb\/\"]}]},{\"@type\":\"ImageObject\",\"inLanguage\":\"pt-BR\",\"@id\":\"https:\/\/uvbbrasil.com.br\/legislativo-na-escola-chega-no-municipio-condado-pb\/#primaryimage\",\"url\":\"https:\/\/uvbbrasil.com.br\/wp-content\/uploads\/2024\/03\/WhatsApp-Image-2024-03-18-at-11.47.15.jpeg\",\"contentUrl\":\"https:\/\/uvbbrasil.com.br\/wp-content\/uploads\/2024\/03\/WhatsApp-Image-2024-03-18-at-11.47.15.jpeg\",\"width\":1600,\"height\":1200},{\"@type\":\"BreadcrumbList\",\"@id\":\"https:\/\/uvbbrasil.com.br\/legislativo-na-escola-chega-no-municipio-condado-pb\/#breadcrumb\",\"itemListElement\":[{\"@type\":\"ListItem\",\"position\":1,\"name\":\"In\u00edcio\",\"item\":\"https:\/\/uvbbrasil.com.br\/\"},{\"@type\":\"ListItem\",\"position\":2,\"name\":\"Legislativo na Escola chega no Munic\u00edpio Condado\/PB\"}]},{\"@type\":\"WebSite\",\"@id\":\"https:\/\/uvbbrasil.com.br\/#website\",\"url\":\"https:\/\/uvbbrasil.com.br\/\",\"name\":\"UVB Brasil\",\"description\":\"Uni\u00e3o dos Vereadores do Brasil\",\"publisher\":{\"@id\":\"https:\/\/uvbbrasil.com.br\/#organization\"},\"potentialAction\":[{\"@type\":\"SearchAction\",\"target\":{\"@type\":\"EntryPoint\",\"urlTemplate\":\"https:\/\/uvbbrasil.com.br\/?s={search_term_string}\"},\"query-input\":{\"@type\":\"PropertyValueSpecification\",\"valueRequired\":true,\"valueName\":\"search_term_string\"}}],\"inLanguage\":\"pt-BR\"},{\"@type\":\"Organization\",\"@id\":\"https:\/\/uvbbrasil.com.br\/#organization\",\"name\":\"UVB Brasil\",\"url\":\"https:\/\/uvbbrasil.com.br\/\",\"logo\":{\"@type\":\"ImageObject\",\"inLanguage\":\"pt-BR\",\"@id\":\"https:\/\/uvbbrasil.com.br\/#\/schema\/logo\/image\/\",\"url\":\"https:\/\/uvbbrasil.com.br\/wp-content\/uploads\/2025\/01\/LOGO-UVB-2024-azul-1.jpg\",\"contentUrl\":\"https:\/\/uvbbrasil.com.br\/wp-content\/uploads\/2025\/01\/LOGO-UVB-2024-azul-1.jpg\",\"width\":600,\"height\":211,\"caption\":\"UVB Brasil\"},\"image\":{\"@id\":\"https:\/\/uvbbrasil.com.br\/#\/schema\/logo\/image\/\"},\"sameAs\":[\"https:\/\/www.facebook.com\/uvb.vereadoresbrasil\",\"https:\/\/www.instagram.com\/uvbbrasil\/\",\"https:\/\/www.youtube.com\/channel\/UCIlPQ8Xzw5GHNzosQIg9S5A\"]},{\"@type\":\"Person\",\"@id\":\"https:\/\/uvbbrasil.com.br\/#\/schema\/person\/17990098446c098f52effddff4f1b272\",\"name\":\"adminuvb\",\"image\":{\"@type\":\"ImageObject\",\"inLanguage\":\"pt-BR\",\"@id\":\"https:\/\/uvbbrasil.com.br\/#\/schema\/person\/image\/\",\"url\":\"https:\/\/secure.gravatar.com\/avatar\/1a494ea6f8e2dd1ae526e55b0e9497efdba542491e0620d704cccf63c6f77c45?s=96&d=mm&r=g\",\"contentUrl\":\"https:\/\/secure.gravatar.com\/avatar\/1a494ea6f8e2dd1ae526e55b0e9497efdba542491e0620d704cccf63c6f77c45?s=96&d=mm&r=g\",\"caption\":\"adminuvb\"},\"sameAs\":[\"https:\/\/uvbbrasil.com.br\"],\"url\":\"https:\/\/uvbbrasil.com.br\/author\/adminuvb\/\"}]}<\/script>\n<!-- \/ Yoast SEO plugin. -->","yoast_head_json":{"title":"Legislativo na Escola chega no Munic\u00edpio Condado\/PB - UVB Brasil","robots":{"index":"index","follow":"follow","max-snippet":"max-snippet:-1","max-image-preview":"max-image-preview:large","max-video-preview":"max-video-preview:-1"},"canonical":"https:\/\/uvbbrasil.com.br\/legislativo-na-escola-chega-no-municipio-condado-pb\/","og_locale":"pt_BR","og_type":"article","og_title":"Legislativo na Escola chega no Munic\u00edpio Condado\/PB - UVB Brasil","og_description":"A UVB atrav\u00e9s do colaborador, Francisco Joaquim J\u00fanior, esteve\u00a0 levando o projeto Legislativo na Escola para mais um Munic\u00edpio do...","og_url":"https:\/\/uvbbrasil.com.br\/legislativo-na-escola-chega-no-municipio-condado-pb\/","og_site_name":"UVB Brasil","article_publisher":"https:\/\/www.facebook.com\/uvb.vereadoresbrasil","article_published_time":"2024-03-25T13:58:44+00:00","og_image":[{"width":1600,"height":1200,"url":"https:\/\/uvbbrasil.com.br\/wp-content\/uploads\/2024\/03\/WhatsApp-Image-2024-03-18-at-11.47.15.jpeg","type":"image\/jpeg"}],"author":"adminuvb","twitter_card":"summary_large_image","twitter_misc":{"Escrito por":"adminuvb","Est. tempo de leitura":"2 minutos"},"schema":{"@context":"https:\/\/schema.org","@graph":[{"@type":"Article","@id":"https:\/\/uvbbrasil.com.br\/legislativo-na-escola-chega-no-municipio-condado-pb\/#article","isPartOf":{"@id":"https:\/\/uvbbrasil.com.br\/legislativo-na-escola-chega-no-municipio-condado-pb\/"},"author":{"name":"adminuvb","@id":"https:\/\/uvbbrasil.com.br\/#\/schema\/person\/17990098446c098f52effddff4f1b272"},"headline":"Legislativo na Escola chega no Munic\u00edpio Condado\/PB","datePublished":"2024-03-25T13:58:44+00:00","mainEntityOfPage":{"@id":"https:\/\/uvbbrasil.com.br\/legislativo-na-escola-chega-no-municipio-condado-pb\/"},"wordCount":179,"commentCount":0,"publisher":{"@id":"https:\/\/uvbbrasil.com.br\/#organization"},"image":{"@id":"https:\/\/uvbbrasil.com.br\/legislativo-na-escola-chega-no-municipio-condado-pb\/#primaryimage"},"thumbnailUrl":"https:\/\/uvbbrasil.com.br\/wp-content\/uploads\/2024\/03\/WhatsApp-Image-2024-03-18-at-11.47.15.jpeg","articleSection":["NOT\u00cdCIAS","UVB"],"inLanguage":"pt-BR","potentialAction":[{"@type":"CommentAction","name":"Comment","target":["https:\/\/uvbbrasil.com.br\/legislativo-na-escola-chega-no-municipio-condado-pb\/#respond"]}]},{"@type":"WebPage","@id":"https:\/\/uvbbrasil.com.br\/legislativo-na-escola-chega-no-municipio-condado-pb\/","url":"https:\/\/uvbbrasil.com.br\/legislativo-na-escola-chega-no-municipio-condado-pb\/","name":"Legislativo na Escola chega no Munic\u00edpio Condado\/PB - UVB Brasil","isPartOf":{"@id":"https:\/\/uvbbrasil.com.br\/#website"},"primaryImageOfPage":{"@id":"https:\/\/uvbbrasil.com.br\/legislativo-na-escola-chega-no-municipio-condado-pb\/#primaryimage"},"image":{"@id":"https:\/\/uvbbrasil.com.br\/legislativo-na-escola-chega-no-municipio-condado-pb\/#primaryimage"},"thumbnailUrl":"https:\/\/uvbbrasil.com.br\/wp-content\/uploads\/2024\/03\/WhatsApp-Image-2024-03-18-at-11.47.15.jpeg","datePublished":"2024-03-25T13:58:44+00:00","breadcrumb":{"@id":"https:\/\/uvbbrasil.com.br\/legislativo-na-escola-chega-no-municipio-condado-pb\/#breadcrumb"},"inLanguage":"pt-BR","potentialAction":[{"@type":"ReadAction","target":["https:\/\/uvbbrasil.com.br\/legislativo-na-escola-chega-no-municipio-condado-pb\/"]}]},{"@type":"ImageObject","inLanguage":"pt-BR","@id":"https:\/\/uvbbrasil.com.br\/legislativo-na-escola-chega-no-municipio-condado-pb\/#primaryimage","url":"https:\/\/uvbbrasil.com.br\/wp-content\/uploads\/2024\/03\/WhatsApp-Image-2024-03-18-at-11.47.15.jpeg","contentUrl":"https:\/\/uvbbrasil.com.br\/wp-content\/uploads\/2024\/03\/WhatsApp-Image-2024-03-18-at-11.47.15.jpeg","width":1600,"height":1200},{"@type":"BreadcrumbList","@id":"https:\/\/uvbbrasil.com.br\/legislativo-na-escola-chega-no-municipio-condado-pb\/#breadcrumb","itemListElement":[{"@type":"ListItem","position":1,"name":"In\u00edcio","item":"https:\/\/uvbbrasil.com.br\/"},{"@type":"ListItem","position":2,"name":"Legislativo na Escola chega no Munic\u00edpio Condado\/PB"}]},{"@type":"WebSite","@id":"https:\/\/uvbbrasil.com.br\/#website","url":"https:\/\/uvbbrasil.com.br\/","name":"UVB Brasil","description":"Uni\u00e3o dos Vereadores do Brasil","publisher":{"@id":"https:\/\/uvbbrasil.com.br\/#organization"},"potentialAction":[{"@type":"SearchAction","target":{"@type":"EntryPoint","urlTemplate":"https:\/\/uvbbrasil.com.br\/?s={search_term_string}"},"query-input":{"@type":"PropertyValueSpecification","valueRequired":true,"valueName":"search_term_string"}}],"inLanguage":"pt-BR"},{"@type":"Organization","@id":"https:\/\/uvbbrasil.com.br\/#organization","name":"UVB Brasil","url":"https:\/\/uvbbrasil.com.br\/","logo":{"@type":"ImageObject","inLanguage":"pt-BR","@id":"https:\/\/uvbbrasil.com.br\/#\/schema\/logo\/image\/","url":"https:\/\/uvbbrasil.com.br\/wp-content\/uploads\/2025\/01\/LOGO-UVB-2024-azul-1.jpg","contentUrl":"https:\/\/uvbbrasil.com.br\/wp-content\/uploads\/2025\/01\/LOGO-UVB-2024-azul-1.jpg","width":600,"height":211,"caption":"UVB Brasil"},"image":{"@id":"https:\/\/uvbbrasil.com.br\/#\/schema\/logo\/image\/"},"sameAs":["https:\/\/www.facebook.com\/uvb.vereadoresbrasil","https:\/\/www.instagram.com\/uvbbrasil\/","https:\/\/www.youtube.com\/channel\/UCIlPQ8Xzw5GHNzosQIg9S5A"]},{"@type":"Person","@id":"https:\/\/uvbbrasil.com.br\/#\/schema\/person\/17990098446c098f52effddff4f1b272","name":"adminuvb","image":{"@type":"ImageObject","inLanguage":"pt-BR","@id":"https:\/\/uvbbrasil.com.br\/#\/schema\/person\/image\/","url":"https:\/\/secure.gravatar.com\/avatar\/1a494ea6f8e2dd1ae526e55b0e9497efdba542491e0620d704cccf63c6f77c45?s=96&d=mm&r=g","contentUrl":"https:\/\/secure.gravatar.com\/avatar\/1a494ea6f8e2dd1ae526e55b0e9497efdba542491e0620d704cccf63c6f77c45?s=96&d=mm&r=g","caption":"adminuvb"},"sameAs":["https:\/\/uvbbrasil.com.br"],"url":"https:\/\/uvbbrasil.com.br\/author\/adminuvb\/"}]}},"_links":{"self":[{"href":"https:\/\/uvbbrasil.com.br\/uvb-json\/wp\/v2\/posts\/33880","targetHints":{"allow":["GET"]}}],"collection":[{"href":"https:\/\/uvbbrasil.com.br\/uvb-json\/wp\/v2\/posts"}],"about":[{"href":"https:\/\/uvbbrasil.com.br\/uvb-json\/wp\/v2\/types\/post"}],"author":[{"embeddable":true,"href":"https:\/\/uvbbrasil.com.br\/uvb-json\/wp\/v2\/users\/1"}],"replies":[{"embeddable":true,"href":"https:\/\/uvbbrasil.com.br\/uvb-json\/wp\/v2\/comments?post=33880"}],"version-history":[{"count":0,"href":"https:\/\/uvbbrasil.com.br\/uvb-json\/wp\/v2\/posts\/33880\/revisions"}],"wp:featuredmedia":[{"embeddable":true,"href":"https:\/\/uvbbrasil.com.br\/uvb-json\/wp\/v2\/media\/33883"}],"wp:attachment":[{"href":"https:\/\/uvbbrasil.com.br\/uvb-json\/wp\/v2\/media?parent=33880"}],"wp:term":[{"taxonomy":"category","embeddable":true,"href":"https:\/\/uvbbrasil.com.br\/uvb-json\/wp\/v2\/categories?post=33880"},{"taxonomy":"post_tag","embeddable":true,"href":"https:\/\/uvbbrasil.com.br\/uvb-json\/wp\/v2\/tags?post=33880"}],"curies":[{"name":"wp","href":"https:\/\/api.w.org\/{rel}","templated":true}]}}