{"id":33754,"date":"2024-03-12T12:06:29","date_gmt":"2024-03-12T15:06:29","guid":{"rendered":"https:\/\/wpsandbox4.pante.com.br\/?p=33754"},"modified":"2024-03-12T12:06:29","modified_gmt":"2024-03-12T15:06:29","slug":"boa-esperanca-do-norte-mt-tera-eleicao-para-prefeito-vice-e-nove-vereadores","status":"publish","type":"post","link":"https:\/\/uvbbrasil.com.br\/boa-esperanca-do-norte-mt-tera-eleicao-para-prefeito-vice-e-nove-vereadores\/","title":{"rendered":"Boa Esperan\u00e7a do Norte (MT) ter\u00e1 elei\u00e7\u00e3o para prefeito, vice e nove vereadores"},"content":{"rendered":"<header class=\"header-conteudo\">\n<div class=\"order-elementos-header titulo-mobile-imagem\">\n<header class=\"noticia-cabecalho\">\n<p class=\"noticia-titulo\">\n<p class=\"noticia-subtitulo\">Resolu\u00e7\u00e3o do TRE publicada nesta segunda (11) disp\u00f5e sobre a 1\u00aa elei\u00e7\u00e3o no munic\u00edpio rec\u00e9m-criado<\/p>\n<\/header>\n<div class=\"noticia__conteudo\">\n<div class=\"noticia__linha\">\n<div class=\"noticia-dados\">\n<div class=\"autor\"><\/div>\n<\/div>\n<\/div>\n<\/div>\n<\/div>\n<\/header>\n<div id=\"conteudo\" class=\"conteudo \">\n<div class=\"noticia__conteudo\">\n<div class=\"noticia__linha\">\n<section id=\"texto-conteudo\" class=\"texto-noticias-internas\">\n<div class=\"tab-content sem-galeria\">\n<div id=\"ancora-1\" class=\"tab-pane active\" role=\"tabpanel\">\n<p>Nesta segunda-feira (11), o Tribunal Regional Eleitoral de Mato Grosso (TRE-MT) regulamentou a primeira elei\u00e7\u00e3o no munic\u00edpio de Boa Esperan\u00e7a do Norte, cuja cria\u00e7\u00e3o foi confirmada por decis\u00e3o do Supremo Tribunal Federal (STF). De acordo com a\u00a0<a href=\"https:\/\/www.tre-mt.jus.br\/comunicacao\/noticias\/arquivos\/tre-mt-resolucao-ndeg-2844-2024\">Resolu\u00e7\u00e3o n\u00ba 2.844 do TRE-MT<\/a>, o pleito inaugural na nova cidade ser\u00e1 para os cargos de prefeito e vice-prefeito, bem como para eleger nove vereadores. O primeiro turno das Elei\u00e7\u00f5es 2024 acontece no dia 6 de outubro.<\/p>\n<p>Boa Esperan\u00e7a do Norte pertence \u00e0 circunscri\u00e7\u00e3o da 43\u00aa Zona Eleitoral de Mato Grosso, com sede em Sorriso, a qual ficar\u00e1 respons\u00e1vel pelos respectivos atos eleitorais. O col\u00e9gio eleitoral ser\u00e1 constitu\u00eddo pelos eleitores e eleitoras regularmente inscritos no munic\u00edpio at\u00e9 8 de maio de 2024 (v\u00e9spera do fechamento do cadastro eleitoral). Vale destacar que a altera\u00e7\u00e3o dos registros no cadastro eleitoral para o novo domic\u00edlio eleitoral ser\u00e1 feita de forma autom\u00e1tica.<\/p>\n<p>Os locais de vota\u00e7\u00e3o do munic\u00edpio de Boa Esperan\u00e7a do Norte ser\u00e3o:<\/p>\n<ul>\n<li>Escola Municipal Boa Esperan\u00e7a, atualmente pertencente ao distrito de Boa Esperan\u00e7a do Norte, munic\u00edpio de\u00a0<strong>Sorriso<\/strong>;<\/li>\n<li>Escola Municipal \u00c1gua Limpa, atualmente pertencente ao distrito de \u00c1gua Limpa, munic\u00edpio de\u00a0<strong>Nova Ubirat\u00e3<\/strong>; e<\/li>\n<li>Escola Municipal Professora Vera L\u00facia Schmidt, atualmente pertencente ao distrito de Piratininga, munic\u00edpio de\u00a0<strong>Nova Ubirat\u00e3<\/strong>.<\/li>\n<\/ul>\n<p><strong>Prazos para candidatura<\/strong><\/p>\n<p>As pessoas interessadas em se candidatar para prefeito, vice-prefeito e vereador devem seguir os crit\u00e9rios exigidos por lei, que variam de acordo com o cargo, al\u00e9m de condi\u00e7\u00f5es constitucionais e legais de elegibilidade e as causas de inelegibilidade.<\/p>\n<ul>\n<li><strong><a href=\"https:\/\/www.tse.jus.br\/comunicacao\/noticias\/2024\/Marco\/eleicoes-2024-confira-quem-pode-ser-candidato-a-prefeito-ou-a-vereador\">Elei\u00e7\u00f5es 2024: confira quem pode ser candidato a prefeito ou a vereador<\/a><\/strong><\/li>\n<\/ul>\n<p>Vale ressaltar que, para concorrer a um cargo eletivo em Boa Esperan\u00e7a do Norte, a pessoa dever\u00e1 possuir domic\u00edlio eleitoral no munic\u00edpio pelo prazo de seis meses antes do pleito e estar com a filia\u00e7\u00e3o deferida pelo partido pol\u00edtico no mesmo prazo, conforme prev\u00ea a\u00a0<a href=\"https:\/\/www.tse.jus.br\/legislacao\/codigo-eleitoral\/lei-das-eleicoes\/lei-das-eleicoes-lei-nb0-9.504-de-30-de-setembro-de-1997\">Lei n\u00ba 9.504\/1997 (Lei das Elei\u00e7\u00f5es)<\/a>.<\/p>\n<p><strong>Partidos<\/strong><\/p>\n<p>Poder\u00e1 participar das elei\u00e7\u00f5es do munic\u00edpio de Boa Esperan\u00e7a do Norte o partido pol\u00edtico que, at\u00e9 seis meses antes da data do pleito, tenha registrado seu estatuto no Tribunal Superior Eleitoral (TSE) e tenha, at\u00e9 a data da conven\u00e7\u00e3o, \u00f3rg\u00e3o de dire\u00e7\u00e3o definitivo ou provis\u00f3rio constitu\u00eddo na circunscri\u00e7\u00e3o, devendo seu registro estar devidamente anotado no TRE-MT. O mesmo vale para as federa\u00e7\u00f5es que desejarem participar da elei\u00e7\u00e3o.<\/p>\n<p>A previs\u00e3o estatut\u00e1ria de prazo de filia\u00e7\u00e3o superior a seis meses, excepcionalmente, n\u00e3o ser\u00e1 observada por ocasi\u00e3o do registro de candidaturas nas elei\u00e7\u00f5es do novo munic\u00edpio.<\/p>\n<p><strong>Boa Esperan\u00e7a do Norte<\/strong><\/p>\n<p>Inicialmente, Boa Esperan\u00e7a do Norte era um distrito do munic\u00edpio de Sorriso. Ele foi criado em 2000, mas n\u00e3o foi instalado. A lei de cria\u00e7\u00e3o da nova cidade foi questionada, chegando ao STF. Em outubro do ano passado, o\u00a0<a href=\"https:\/\/portal.stf.jus.br\/noticias\/verNoticiaDetalhe.asp?idConteudo=515551&amp;ori=1\">Supremo confirmou a cria\u00e7\u00e3o da nova localidade<\/a>.<\/p>\n<p>A primeira legislatura do munic\u00edpio dever\u00e1 definir o n\u00famero de vereadores e vereadoras da C\u00e2mara Municipal a partir da legislatura 2025\/2028.<\/p>\n<p><a href=\"https:\/\/www.tre-mt.jus.br\/comunicacao\/noticias\/arquivos\/tre-mt-resolucao-ndeg-2844-2024\">Confira aqui a \u00edntegra da Resolu\u00e7\u00e3o n\u00ba 2844\/2024.<\/a><\/p>\n<p><img decoding=\"async\" class=\"alignnone size-medium wp-image-33755\" src=\"https:\/\/uvbbrasil.com.br\/wp-content\/uploads\/2024\/03\/b71fa4c3-61c3-4a51-a9d2-f67e54aac70b-300x145.jpeg\" alt=\"\" width=\"300\" height=\"145\" srcset=\"https:\/\/uvbbrasil.com.br\/wp-content\/uploads\/2024\/03\/b71fa4c3-61c3-4a51-a9d2-f67e54aac70b-300x145.jpeg 300w, https:\/\/uvbbrasil.com.br\/wp-content\/uploads\/2024\/03\/b71fa4c3-61c3-4a51-a9d2-f67e54aac70b.jpeg 620w\" sizes=\"(max-width: 300px) 100vw, 300px\" \/><\/p>\n<\/div>\n<\/div>\n<\/section>\n<\/div>\n<\/div>\n<\/div>\n","protected":false},"excerpt":{"rendered":"<p>Resolu\u00e7\u00e3o do TRE publicada nesta segunda (11) disp\u00f5e sobre a 1\u00aa elei\u00e7\u00e3o no munic\u00edpio rec\u00e9m-criado Nesta segunda-feira (11), o Tribunal&#8230;<\/p>\n","protected":false},"author":1,"featured_media":33755,"comment_status":"open","ping_status":"open","sticky":false,"template":"","format":"standard","meta":{"footnotes":""},"categories":[3],"tags":[],"class_list":["post-33754","post","type-post","status-publish","format-standard","has-post-thumbnail","hentry","category-noticias"],"yoast_head":"<!-- This site is optimized with the Yoast SEO plugin v26.7 - https:\/\/yoast.com\/wordpress\/plugins\/seo\/ -->\n<title>Boa Esperan\u00e7a do Norte (MT) ter\u00e1 elei\u00e7\u00e3o para prefeito, vice e nove vereadores - UVB Brasil<\/title>\n<meta name=\"robots\" content=\"index, follow, max-snippet:-1, max-image-preview:large, max-video-preview:-1\" \/>\n<link rel=\"canonical\" href=\"https:\/\/uvbbrasil.com.br\/boa-esperanca-do-norte-mt-tera-eleicao-para-prefeito-vice-e-nove-vereadores\/\" \/>\n<meta property=\"og:locale\" content=\"pt_BR\" \/>\n<meta property=\"og:type\" content=\"article\" \/>\n<meta property=\"og:title\" content=\"Boa Esperan\u00e7a do Norte (MT) ter\u00e1 elei\u00e7\u00e3o para prefeito, vice e nove vereadores - UVB Brasil\" \/>\n<meta property=\"og:description\" content=\"Resolu\u00e7\u00e3o do TRE publicada nesta segunda (11) disp\u00f5e sobre a 1\u00aa elei\u00e7\u00e3o no munic\u00edpio rec\u00e9m-criado Nesta segunda-feira (11), o Tribunal...\" \/>\n<meta property=\"og:url\" content=\"https:\/\/uvbbrasil.com.br\/boa-esperanca-do-norte-mt-tera-eleicao-para-prefeito-vice-e-nove-vereadores\/\" \/>\n<meta property=\"og:site_name\" content=\"UVB Brasil\" \/>\n<meta property=\"article:publisher\" content=\"https:\/\/www.facebook.com\/uvb.vereadoresbrasil\" \/>\n<meta property=\"article:published_time\" content=\"2024-03-12T15:06:29+00:00\" \/>\n<meta property=\"og:image\" content=\"https:\/\/uvbbrasil.com.br\/wp-content\/uploads\/2024\/03\/b71fa4c3-61c3-4a51-a9d2-f67e54aac70b.jpeg\" \/>\n\t<meta property=\"og:image:width\" content=\"620\" \/>\n\t<meta property=\"og:image:height\" content=\"300\" \/>\n\t<meta property=\"og:image:type\" content=\"image\/jpeg\" \/>\n<meta name=\"author\" content=\"adminuvb\" \/>\n<meta name=\"twitter:card\" content=\"summary_large_image\" \/>\n<meta name=\"twitter:label1\" content=\"Escrito por\" \/>\n\t<meta name=\"twitter:data1\" content=\"adminuvb\" \/>\n\t<meta name=\"twitter:label2\" content=\"Est. tempo de leitura\" \/>\n\t<meta name=\"twitter:data2\" content=\"3 minutos\" \/>\n<script type=\"application\/ld+json\" class=\"yoast-schema-graph\">{\"@context\":\"https:\/\/schema.org\",\"@graph\":[{\"@type\":\"Article\",\"@id\":\"https:\/\/uvbbrasil.com.br\/boa-esperanca-do-norte-mt-tera-eleicao-para-prefeito-vice-e-nove-vereadores\/#article\",\"isPartOf\":{\"@id\":\"https:\/\/uvbbrasil.com.br\/boa-esperanca-do-norte-mt-tera-eleicao-para-prefeito-vice-e-nove-vereadores\/\"},\"author\":{\"name\":\"adminuvb\",\"@id\":\"https:\/\/uvbbrasil.com.br\/#\/schema\/person\/17990098446c098f52effddff4f1b272\"},\"headline\":\"Boa Esperan\u00e7a do Norte (MT) ter\u00e1 elei\u00e7\u00e3o para prefeito, vice e nove vereadores\",\"datePublished\":\"2024-03-12T15:06:29+00:00\",\"mainEntityOfPage\":{\"@id\":\"https:\/\/uvbbrasil.com.br\/boa-esperanca-do-norte-mt-tera-eleicao-para-prefeito-vice-e-nove-vereadores\/\"},\"wordCount\":568,\"commentCount\":0,\"publisher\":{\"@id\":\"https:\/\/uvbbrasil.com.br\/#organization\"},\"image\":{\"@id\":\"https:\/\/uvbbrasil.com.br\/boa-esperanca-do-norte-mt-tera-eleicao-para-prefeito-vice-e-nove-vereadores\/#primaryimage\"},\"thumbnailUrl\":\"https:\/\/uvbbrasil.com.br\/wp-content\/uploads\/2024\/03\/b71fa4c3-61c3-4a51-a9d2-f67e54aac70b.jpeg\",\"articleSection\":[\"NOT\u00cdCIAS\"],\"inLanguage\":\"pt-BR\",\"potentialAction\":[{\"@type\":\"CommentAction\",\"name\":\"Comment\",\"target\":[\"https:\/\/uvbbrasil.com.br\/boa-esperanca-do-norte-mt-tera-eleicao-para-prefeito-vice-e-nove-vereadores\/#respond\"]}]},{\"@type\":\"WebPage\",\"@id\":\"https:\/\/uvbbrasil.com.br\/boa-esperanca-do-norte-mt-tera-eleicao-para-prefeito-vice-e-nove-vereadores\/\",\"url\":\"https:\/\/uvbbrasil.com.br\/boa-esperanca-do-norte-mt-tera-eleicao-para-prefeito-vice-e-nove-vereadores\/\",\"name\":\"Boa Esperan\u00e7a do Norte (MT) ter\u00e1 elei\u00e7\u00e3o para prefeito, vice e nove vereadores - UVB Brasil\",\"isPartOf\":{\"@id\":\"https:\/\/uvbbrasil.com.br\/#website\"},\"primaryImageOfPage\":{\"@id\":\"https:\/\/uvbbrasil.com.br\/boa-esperanca-do-norte-mt-tera-eleicao-para-prefeito-vice-e-nove-vereadores\/#primaryimage\"},\"image\":{\"@id\":\"https:\/\/uvbbrasil.com.br\/boa-esperanca-do-norte-mt-tera-eleicao-para-prefeito-vice-e-nove-vereadores\/#primaryimage\"},\"thumbnailUrl\":\"https:\/\/uvbbrasil.com.br\/wp-content\/uploads\/2024\/03\/b71fa4c3-61c3-4a51-a9d2-f67e54aac70b.jpeg\",\"datePublished\":\"2024-03-12T15:06:29+00:00\",\"breadcrumb\":{\"@id\":\"https:\/\/uvbbrasil.com.br\/boa-esperanca-do-norte-mt-tera-eleicao-para-prefeito-vice-e-nove-vereadores\/#breadcrumb\"},\"inLanguage\":\"pt-BR\",\"potentialAction\":[{\"@type\":\"ReadAction\",\"target\":[\"https:\/\/uvbbrasil.com.br\/boa-esperanca-do-norte-mt-tera-eleicao-para-prefeito-vice-e-nove-vereadores\/\"]}]},{\"@type\":\"ImageObject\",\"inLanguage\":\"pt-BR\",\"@id\":\"https:\/\/uvbbrasil.com.br\/boa-esperanca-do-norte-mt-tera-eleicao-para-prefeito-vice-e-nove-vereadores\/#primaryimage\",\"url\":\"https:\/\/uvbbrasil.com.br\/wp-content\/uploads\/2024\/03\/b71fa4c3-61c3-4a51-a9d2-f67e54aac70b.jpeg\",\"contentUrl\":\"https:\/\/uvbbrasil.com.br\/wp-content\/uploads\/2024\/03\/b71fa4c3-61c3-4a51-a9d2-f67e54aac70b.jpeg\",\"width\":620,\"height\":300},{\"@type\":\"BreadcrumbList\",\"@id\":\"https:\/\/uvbbrasil.com.br\/boa-esperanca-do-norte-mt-tera-eleicao-para-prefeito-vice-e-nove-vereadores\/#breadcrumb\",\"itemListElement\":[{\"@type\":\"ListItem\",\"position\":1,\"name\":\"In\u00edcio\",\"item\":\"https:\/\/uvbbrasil.com.br\/\"},{\"@type\":\"ListItem\",\"position\":2,\"name\":\"Boa Esperan\u00e7a do Norte (MT) ter\u00e1 elei\u00e7\u00e3o para prefeito, vice e nove vereadores\"}]},{\"@type\":\"WebSite\",\"@id\":\"https:\/\/uvbbrasil.com.br\/#website\",\"url\":\"https:\/\/uvbbrasil.com.br\/\",\"name\":\"UVB Brasil\",\"description\":\"Uni\u00e3o dos Vereadores do Brasil\",\"publisher\":{\"@id\":\"https:\/\/uvbbrasil.com.br\/#organization\"},\"potentialAction\":[{\"@type\":\"SearchAction\",\"target\":{\"@type\":\"EntryPoint\",\"urlTemplate\":\"https:\/\/uvbbrasil.com.br\/?s={search_term_string}\"},\"query-input\":{\"@type\":\"PropertyValueSpecification\",\"valueRequired\":true,\"valueName\":\"search_term_string\"}}],\"inLanguage\":\"pt-BR\"},{\"@type\":\"Organization\",\"@id\":\"https:\/\/uvbbrasil.com.br\/#organization\",\"name\":\"UVB Brasil\",\"url\":\"https:\/\/uvbbrasil.com.br\/\",\"logo\":{\"@type\":\"ImageObject\",\"inLanguage\":\"pt-BR\",\"@id\":\"https:\/\/uvbbrasil.com.br\/#\/schema\/logo\/image\/\",\"url\":\"https:\/\/uvbbrasil.com.br\/wp-content\/uploads\/2025\/01\/LOGO-UVB-2024-azul-1.jpg\",\"contentUrl\":\"https:\/\/uvbbrasil.com.br\/wp-content\/uploads\/2025\/01\/LOGO-UVB-2024-azul-1.jpg\",\"width\":600,\"height\":211,\"caption\":\"UVB Brasil\"},\"image\":{\"@id\":\"https:\/\/uvbbrasil.com.br\/#\/schema\/logo\/image\/\"},\"sameAs\":[\"https:\/\/www.facebook.com\/uvb.vereadoresbrasil\",\"https:\/\/www.instagram.com\/uvbbrasil\/\",\"https:\/\/www.youtube.com\/channel\/UCIlPQ8Xzw5GHNzosQIg9S5A\"]},{\"@type\":\"Person\",\"@id\":\"https:\/\/uvbbrasil.com.br\/#\/schema\/person\/17990098446c098f52effddff4f1b272\",\"name\":\"adminuvb\",\"image\":{\"@type\":\"ImageObject\",\"inLanguage\":\"pt-BR\",\"@id\":\"https:\/\/uvbbrasil.com.br\/#\/schema\/person\/image\/\",\"url\":\"https:\/\/secure.gravatar.com\/avatar\/1a494ea6f8e2dd1ae526e55b0e9497efdba542491e0620d704cccf63c6f77c45?s=96&d=mm&r=g\",\"contentUrl\":\"https:\/\/secure.gravatar.com\/avatar\/1a494ea6f8e2dd1ae526e55b0e9497efdba542491e0620d704cccf63c6f77c45?s=96&d=mm&r=g\",\"caption\":\"adminuvb\"},\"sameAs\":[\"https:\/\/uvbbrasil.com.br\"],\"url\":\"https:\/\/uvbbrasil.com.br\/author\/adminuvb\/\"}]}<\/script>\n<!-- \/ Yoast SEO plugin. -->","yoast_head_json":{"title":"Boa Esperan\u00e7a do Norte (MT) ter\u00e1 elei\u00e7\u00e3o para prefeito, vice e nove vereadores - UVB Brasil","robots":{"index":"index","follow":"follow","max-snippet":"max-snippet:-1","max-image-preview":"max-image-preview:large","max-video-preview":"max-video-preview:-1"},"canonical":"https:\/\/uvbbrasil.com.br\/boa-esperanca-do-norte-mt-tera-eleicao-para-prefeito-vice-e-nove-vereadores\/","og_locale":"pt_BR","og_type":"article","og_title":"Boa Esperan\u00e7a do Norte (MT) ter\u00e1 elei\u00e7\u00e3o para prefeito, vice e nove vereadores - UVB Brasil","og_description":"Resolu\u00e7\u00e3o do TRE publicada nesta segunda (11) disp\u00f5e sobre a 1\u00aa elei\u00e7\u00e3o no munic\u00edpio rec\u00e9m-criado Nesta segunda-feira (11), o Tribunal...","og_url":"https:\/\/uvbbrasil.com.br\/boa-esperanca-do-norte-mt-tera-eleicao-para-prefeito-vice-e-nove-vereadores\/","og_site_name":"UVB Brasil","article_publisher":"https:\/\/www.facebook.com\/uvb.vereadoresbrasil","article_published_time":"2024-03-12T15:06:29+00:00","og_image":[{"width":620,"height":300,"url":"https:\/\/uvbbrasil.com.br\/wp-content\/uploads\/2024\/03\/b71fa4c3-61c3-4a51-a9d2-f67e54aac70b.jpeg","type":"image\/jpeg"}],"author":"adminuvb","twitter_card":"summary_large_image","twitter_misc":{"Escrito por":"adminuvb","Est. tempo de leitura":"3 minutos"},"schema":{"@context":"https:\/\/schema.org","@graph":[{"@type":"Article","@id":"https:\/\/uvbbrasil.com.br\/boa-esperanca-do-norte-mt-tera-eleicao-para-prefeito-vice-e-nove-vereadores\/#article","isPartOf":{"@id":"https:\/\/uvbbrasil.com.br\/boa-esperanca-do-norte-mt-tera-eleicao-para-prefeito-vice-e-nove-vereadores\/"},"author":{"name":"adminuvb","@id":"https:\/\/uvbbrasil.com.br\/#\/schema\/person\/17990098446c098f52effddff4f1b272"},"headline":"Boa Esperan\u00e7a do Norte (MT) ter\u00e1 elei\u00e7\u00e3o para prefeito, vice e nove vereadores","datePublished":"2024-03-12T15:06:29+00:00","mainEntityOfPage":{"@id":"https:\/\/uvbbrasil.com.br\/boa-esperanca-do-norte-mt-tera-eleicao-para-prefeito-vice-e-nove-vereadores\/"},"wordCount":568,"commentCount":0,"publisher":{"@id":"https:\/\/uvbbrasil.com.br\/#organization"},"image":{"@id":"https:\/\/uvbbrasil.com.br\/boa-esperanca-do-norte-mt-tera-eleicao-para-prefeito-vice-e-nove-vereadores\/#primaryimage"},"thumbnailUrl":"https:\/\/uvbbrasil.com.br\/wp-content\/uploads\/2024\/03\/b71fa4c3-61c3-4a51-a9d2-f67e54aac70b.jpeg","articleSection":["NOT\u00cdCIAS"],"inLanguage":"pt-BR","potentialAction":[{"@type":"CommentAction","name":"Comment","target":["https:\/\/uvbbrasil.com.br\/boa-esperanca-do-norte-mt-tera-eleicao-para-prefeito-vice-e-nove-vereadores\/#respond"]}]},{"@type":"WebPage","@id":"https:\/\/uvbbrasil.com.br\/boa-esperanca-do-norte-mt-tera-eleicao-para-prefeito-vice-e-nove-vereadores\/","url":"https:\/\/uvbbrasil.com.br\/boa-esperanca-do-norte-mt-tera-eleicao-para-prefeito-vice-e-nove-vereadores\/","name":"Boa Esperan\u00e7a do Norte (MT) ter\u00e1 elei\u00e7\u00e3o para prefeito, vice e nove vereadores - UVB Brasil","isPartOf":{"@id":"https:\/\/uvbbrasil.com.br\/#website"},"primaryImageOfPage":{"@id":"https:\/\/uvbbrasil.com.br\/boa-esperanca-do-norte-mt-tera-eleicao-para-prefeito-vice-e-nove-vereadores\/#primaryimage"},"image":{"@id":"https:\/\/uvbbrasil.com.br\/boa-esperanca-do-norte-mt-tera-eleicao-para-prefeito-vice-e-nove-vereadores\/#primaryimage"},"thumbnailUrl":"https:\/\/uvbbrasil.com.br\/wp-content\/uploads\/2024\/03\/b71fa4c3-61c3-4a51-a9d2-f67e54aac70b.jpeg","datePublished":"2024-03-12T15:06:29+00:00","breadcrumb":{"@id":"https:\/\/uvbbrasil.com.br\/boa-esperanca-do-norte-mt-tera-eleicao-para-prefeito-vice-e-nove-vereadores\/#breadcrumb"},"inLanguage":"pt-BR","potentialAction":[{"@type":"ReadAction","target":["https:\/\/uvbbrasil.com.br\/boa-esperanca-do-norte-mt-tera-eleicao-para-prefeito-vice-e-nove-vereadores\/"]}]},{"@type":"ImageObject","inLanguage":"pt-BR","@id":"https:\/\/uvbbrasil.com.br\/boa-esperanca-do-norte-mt-tera-eleicao-para-prefeito-vice-e-nove-vereadores\/#primaryimage","url":"https:\/\/uvbbrasil.com.br\/wp-content\/uploads\/2024\/03\/b71fa4c3-61c3-4a51-a9d2-f67e54aac70b.jpeg","contentUrl":"https:\/\/uvbbrasil.com.br\/wp-content\/uploads\/2024\/03\/b71fa4c3-61c3-4a51-a9d2-f67e54aac70b.jpeg","width":620,"height":300},{"@type":"BreadcrumbList","@id":"https:\/\/uvbbrasil.com.br\/boa-esperanca-do-norte-mt-tera-eleicao-para-prefeito-vice-e-nove-vereadores\/#breadcrumb","itemListElement":[{"@type":"ListItem","position":1,"name":"In\u00edcio","item":"https:\/\/uvbbrasil.com.br\/"},{"@type":"ListItem","position":2,"name":"Boa Esperan\u00e7a do Norte (MT) ter\u00e1 elei\u00e7\u00e3o para prefeito, vice e nove vereadores"}]},{"@type":"WebSite","@id":"https:\/\/uvbbrasil.com.br\/#website","url":"https:\/\/uvbbrasil.com.br\/","name":"UVB Brasil","description":"Uni\u00e3o dos Vereadores do Brasil","publisher":{"@id":"https:\/\/uvbbrasil.com.br\/#organization"},"potentialAction":[{"@type":"SearchAction","target":{"@type":"EntryPoint","urlTemplate":"https:\/\/uvbbrasil.com.br\/?s={search_term_string}"},"query-input":{"@type":"PropertyValueSpecification","valueRequired":true,"valueName":"search_term_string"}}],"inLanguage":"pt-BR"},{"@type":"Organization","@id":"https:\/\/uvbbrasil.com.br\/#organization","name":"UVB Brasil","url":"https:\/\/uvbbrasil.com.br\/","logo":{"@type":"ImageObject","inLanguage":"pt-BR","@id":"https:\/\/uvbbrasil.com.br\/#\/schema\/logo\/image\/","url":"https:\/\/uvbbrasil.com.br\/wp-content\/uploads\/2025\/01\/LOGO-UVB-2024-azul-1.jpg","contentUrl":"https:\/\/uvbbrasil.com.br\/wp-content\/uploads\/2025\/01\/LOGO-UVB-2024-azul-1.jpg","width":600,"height":211,"caption":"UVB Brasil"},"image":{"@id":"https:\/\/uvbbrasil.com.br\/#\/schema\/logo\/image\/"},"sameAs":["https:\/\/www.facebook.com\/uvb.vereadoresbrasil","https:\/\/www.instagram.com\/uvbbrasil\/","https:\/\/www.youtube.com\/channel\/UCIlPQ8Xzw5GHNzosQIg9S5A"]},{"@type":"Person","@id":"https:\/\/uvbbrasil.com.br\/#\/schema\/person\/17990098446c098f52effddff4f1b272","name":"adminuvb","image":{"@type":"ImageObject","inLanguage":"pt-BR","@id":"https:\/\/uvbbrasil.com.br\/#\/schema\/person\/image\/","url":"https:\/\/secure.gravatar.com\/avatar\/1a494ea6f8e2dd1ae526e55b0e9497efdba542491e0620d704cccf63c6f77c45?s=96&d=mm&r=g","contentUrl":"https:\/\/secure.gravatar.com\/avatar\/1a494ea6f8e2dd1ae526e55b0e9497efdba542491e0620d704cccf63c6f77c45?s=96&d=mm&r=g","caption":"adminuvb"},"sameAs":["https:\/\/uvbbrasil.com.br"],"url":"https:\/\/uvbbrasil.com.br\/author\/adminuvb\/"}]}},"_links":{"self":[{"href":"https:\/\/uvbbrasil.com.br\/uvb-json\/wp\/v2\/posts\/33754","targetHints":{"allow":["GET"]}}],"collection":[{"href":"https:\/\/uvbbrasil.com.br\/uvb-json\/wp\/v2\/posts"}],"about":[{"href":"https:\/\/uvbbrasil.com.br\/uvb-json\/wp\/v2\/types\/post"}],"author":[{"embeddable":true,"href":"https:\/\/uvbbrasil.com.br\/uvb-json\/wp\/v2\/users\/1"}],"replies":[{"embeddable":true,"href":"https:\/\/uvbbrasil.com.br\/uvb-json\/wp\/v2\/comments?post=33754"}],"version-history":[{"count":0,"href":"https:\/\/uvbbrasil.com.br\/uvb-json\/wp\/v2\/posts\/33754\/revisions"}],"wp:featuredmedia":[{"embeddable":true,"href":"https:\/\/uvbbrasil.com.br\/uvb-json\/wp\/v2\/media\/33755"}],"wp:attachment":[{"href":"https:\/\/uvbbrasil.com.br\/uvb-json\/wp\/v2\/media?parent=33754"}],"wp:term":[{"taxonomy":"category","embeddable":true,"href":"https:\/\/uvbbrasil.com.br\/uvb-json\/wp\/v2\/categories?post=33754"},{"taxonomy":"post_tag","embeddable":true,"href":"https:\/\/uvbbrasil.com.br\/uvb-json\/wp\/v2\/tags?post=33754"}],"curies":[{"name":"wp","href":"https:\/\/api.w.org\/{rel}","templated":true}]}}