{"id":33740,"date":"2024-03-16T06:30:52","date_gmt":"2024-03-16T09:30:52","guid":{"rendered":"https:\/\/wpsandbox4.pante.com.br\/?p=33740"},"modified":"2024-03-16T06:30:52","modified_gmt":"2024-03-16T09:30:52","slug":"encontro-nacional-de-gestores-e-legislativos-municipais-em-natal-rn-de-19-a-22-de-marco-de-2024-2","status":"publish","type":"post","link":"https:\/\/uvbbrasil.com.br\/encontro-nacional-de-gestores-e-legislativos-municipais-em-natal-rn-de-19-a-22-de-marco-de-2024-2\/","title":{"rendered":"Natal\/RN  sediar\u00e1 etapa do Encontro Nacional de Gestores e Legislativos Municipais"},"content":{"rendered":"<header>\n<p class=\"entry-title\">A tradi\u00e7\u00e3o continua, no m\u00eas de mar\u00e7o o Poder Legislativo Municipal tem encontro marcado na cidade de Natal\/RN.<\/p>\n<\/header>\n<div class=\"elements-box\">\n<p>A capital Potiguar vai sediar mais uma etapa do Encontro Nacional de Legislativos Municipais que visa unir os estados do norte e nordeste com as regi\u00f5es sul, sudeste e centro oeste. O encontro que acontece nos dias <strong>19, 20, 21 e 22 de mar\u00e7o de 2024<\/strong>, \u00e9 promovido pela Plen\u00e1ria Assessoria em parceria e apoio da UVB e FECAMRN.<\/p>\n<p><strong>Local: Hotel <\/strong><strong>HOLIDAY INN NATAL<\/strong><\/p>\n<p style=\"text-align: center;\"><strong>PROGRAMA\u00c7\u00c3O*<\/strong><\/p>\n<p style=\"text-align: center;\"><strong>Dia 19\/03 \u2013 Ter\u00e7a-Feira<\/strong><\/p>\n<p>15h \u2013 Credenciamento e Distribui\u00e7\u00e3o de Material<\/p>\n<p style=\"text-align: center;\"><strong>Dia 20\/03 \u2013 Quarta-Feira<\/strong><\/p>\n<p><strong>08h<\/strong><strong>\u00a0\u2013 Abertura Oficial<\/strong><\/p>\n<p>Presen\u00e7a do Vice-Presidente da UVB, Valdecir Gonzatti (Encantado\/RS) e do Diretor Financeiro da UVB, Paulo Cesar da Silva (Bonito\/PE),\u00a0 Wolney Freitas de Azevedo Fran\u00e7a, Presidente da FECAMRN, entre outras autoridades<\/p>\n<p><strong>8h30<\/strong>\u2013\u00a0<strong>Mesa Diretora, o Legislativo na Escola, C\u00e2mara nos Bairros<\/strong><\/p>\n<p>Domingos Paula de Souza, Presidente da C\u00e2mara Municipal de An\u00e1polis\/GO,<\/p>\n<p><strong>09h<\/strong>\u2013\u00a0<strong>A Import\u00e2ncia da LRF: Preservando a Sa\u00fade Financeira dos Munic\u00edpios.<\/strong><\/p>\n<p>Marise Magaly Queiroz Rocha- Auditora de Controle Externo do Tribunal de Contas do Estado do Rio Grande do Norte &#8211; TCE\/RN<\/p>\n<p><strong>10h \u2013 Comunica\u00e7\u00e3o\/Orat\u00f3ria<\/strong><\/p>\n<p>Renata Passos &#8211; jornalista, mestre em Estudo de M\u00eddia (UFRN), possu\u00ed mais de 20 anos de experi\u00eancia em telejornalismo. Natal\/RN<\/p>\n<p><strong>11h \u2013 A Escola\u00a0 Legislativa e os\u00a0 Parlamentos\u00a0 Municipais.<\/strong><\/p>\n<p>Professor Jos\u00e9 Marinho, Diretor da Escola da Assembleia Legislativa do Rio Grande do Norte.<\/p>\n<p style=\"text-align: left;\"><strong>12h \u2013 Intervalo para almo\u00e7o<\/strong><\/p>\n<p><strong>14h \u2013 As 4 dimens\u00f5es da Persuas\u00e3o Pol\u00edtica.<\/strong><\/p>\n<p>Junior Campos- Consultor Pol\u00edtico, Junior Campos, que \u00e9 especialista em Assessoria de Comunica\u00e7\u00e3o e Marketing Pol\u00edtico, \u00e9 Assessor de Comunica\u00e7\u00e3o em \u00d3rg\u00e3os P\u00fablicos,\u00a0 idealizador do M\u00e9todo Orat\u00f3ria Humanizada. Dona In\u00eas\/PB<\/p>\n<p><strong>15h \u2013 Elei\u00e7\u00f5es 2024<\/strong><\/p>\n<p>Felipe Cortez- \u00a0Advogado Eleitoralista e Presidente da Comiss\u00e3o Especial de Fiscaliza\u00e7\u00e3o e acompanhamento de Atos Institucionais da OAB\/RN. Natal\/RN<\/p>\n<p><strong>16h \u2013 Painel Mulheres Vereadoras<\/strong><\/p>\n<p><strong>17h \u2013 Encerramento das atividades do dia<\/strong><\/p>\n<p style=\"text-align: center;\"><strong>Dia 21\/03 \u2013 Quinta-Feira<\/strong><\/p>\n<p><strong>9h \u2013\u00a0<\/strong><strong>O Papel da Rede Social para o Mandato<\/strong><\/p>\n<p>Anna Ruth Dantas de Sales Ferreira Lima, \u00e9 graduada em Comunica\u00e7\u00e3o Social pela Universidade Federal do Rio Grande do Norte; em Marketing, Branding e Growth pela PUC-RS e Marketing e Redes Sociais pela Universidade Est\u00e1cio. Natal\/RN<\/p>\n<p><strong>10h \u2013 Contrata\u00e7\u00e3o direta na Nova Lei de Licita\u00e7\u00e3o<\/strong><\/p>\n<p>Fernando Le\u00e3o, Analista de Controle Externo do Tribunal de Contas\/RN. Natal\/RN<\/p>\n<p><strong>12h \u2013 Intervalo para almo\u00e7o<\/strong><\/p>\n<p><strong>14h \u2013 Comunica\u00e7\u00e3o Pol\u00edtica\/ Planejamento de Mandato<\/strong><\/p>\n<p>Elizabete Falc\u00e3o &#8211; Publicit\u00e1ria, Especialista em Marketing Pol\u00edtico e Eleitoral, Assessora de articula\u00e7\u00e3o, Gerente de Projetos, Ceo EMF Marketing &#8211; Macaparana\/PE<\/p>\n<p><strong>15h \u2013 O Perfil da Nova Lideran\u00e7a Pol\u00edtica em 2024<\/strong><\/p>\n<p>Lucas Fonseca, palestrante, Especialista em Mindset de Alta Performance, Autor do Livro: O C\u00e9u n\u00e3o \u00e9 o limite! \u00c9 o Alvo! Criador do M\u00e9todo MAP. Vit\u00f3ria\/ES<\/p>\n<p><strong>16h \u2013 Causa Animal\u00a0<\/strong><\/p>\n<p>Thais Gomes de Souza \u00e9 natural e atual vereadora de An\u00e1polis\/GO, advogada com p\u00f3s-gradua\u00e7\u00f5es em Direito Civil, Processo Civil e Direito P\u00fablico. Tamb\u00e9m \u00e9 a fundadora da Associa\u00e7\u00e3o Protetora e Amiga dos Animais de An\u00e1polis (ASPAAN) com mais de dez anos de atividades em defesa de animais abandonados e v\u00edtimas de maus tratos. An\u00e1polis\/GO<\/p>\n<p>17h \u2013 Encerramento<\/p>\n<p style=\"text-align: center;\"><strong>Dia 22 \u2013 Sexta-Feira<\/strong><\/p>\n<p><strong>9h<\/strong>\u00a0\u2013\u00a0<strong>Lei Eleitoral<\/strong><\/p>\n<p>Herval Sampaio- Mestre e Doutorando em Direito Constitucional pela UFPR, Especialista em Processo Civil e Penal, Professor da UERN, ESMARN, do Instituto NOVO ELEITORAL, Atualmente Vice-Presidente da Associa\u00e7\u00e3o dos Magistrados Brasileiros (AMB), Juiz de Direito da Comarca de Cear\u00e1 Mirim\/RN.<\/p>\n<p style=\"text-align: left;\"><strong>11h \u2013 Encerramento<\/strong><\/p>\n<p><strong>Investimento:\u00a0<\/strong><\/p>\n<ul>\n<li>R$ 620,00 por participante<\/li>\n<li>R$ 550,00 por participante (C\u00e2maras Filiadas a FECAM)<\/li>\n<\/ul>\n<p>&nbsp;<\/p>\n<p>link com desconto:<\/p>\n<p><a href=\"https:\/\/book.omnibees.com\/hotelresults?c=1630&amp;q=4529&amp;hotel_folder=&amp;NRooms=1&amp;CheckIn=20032024&amp;CheckOut=22032024&amp;ad=1&amp;ch=0&amp;ag=&amp;child_age_input=&amp;Code=legislativo\">https:\/\/book.omnibees.com\/hotelresults?c=1630&amp;q=4529&amp;hotel_folder=&amp;NRooms=1&amp;CheckIn=20032024&amp;CheckOut=22032024&amp;ad=1&amp;ch=0&amp;ag=&amp;child_age_input=&amp;Code=legislativo<\/a><\/p>\n<p>C\u00f3digo: Legislativo<\/p>\n<\/div>\n<p><img fetchpriority=\"high\" decoding=\"async\" class=\"alignnone size-medium wp-image-33814\" src=\"https:\/\/uvbbrasil.com.br\/wp-content\/uploads\/2024\/03\/WhatsApp-Image-2024-03-18-at-10.05.27-300x300.jpeg\" alt=\"\" width=\"300\" height=\"300\" srcset=\"https:\/\/uvbbrasil.com.br\/wp-content\/uploads\/2024\/03\/WhatsApp-Image-2024-03-18-at-10.05.27-300x300.jpeg 300w, https:\/\/uvbbrasil.com.br\/wp-content\/uploads\/2024\/03\/WhatsApp-Image-2024-03-18-at-10.05.27-150x150.jpeg 150w, https:\/\/uvbbrasil.com.br\/wp-content\/uploads\/2024\/03\/WhatsApp-Image-2024-03-18-at-10.05.27-768x768.jpeg 768w, https:\/\/uvbbrasil.com.br\/wp-content\/uploads\/2024\/03\/WhatsApp-Image-2024-03-18-at-10.05.27.jpeg 800w\" sizes=\"(max-width: 300px) 100vw, 300px\" \/><\/p>\n","protected":false},"excerpt":{"rendered":"<p>A tradi\u00e7\u00e3o continua, no m\u00eas de mar\u00e7o o Poder Legislativo Municipal tem encontro marcado na cidade de Natal\/RN. A capital&#8230;<\/p>\n","protected":false},"author":1,"featured_media":33814,"comment_status":"open","ping_status":"open","sticky":false,"template":"","format":"standard","meta":{"footnotes":""},"categories":[3],"tags":[],"class_list":["post-33740","post","type-post","status-publish","format-standard","has-post-thumbnail","hentry","category-noticias"],"yoast_head":"<!-- This site is optimized with the Yoast SEO plugin v26.7 - https:\/\/yoast.com\/wordpress\/plugins\/seo\/ -->\n<title>Natal\/RN sediar\u00e1 etapa do Encontro Nacional de Gestores e Legislativos Municipais - UVB Brasil<\/title>\n<meta name=\"robots\" content=\"index, follow, max-snippet:-1, max-image-preview:large, max-video-preview:-1\" \/>\n<link rel=\"canonical\" href=\"https:\/\/uvbbrasil.com.br\/encontro-nacional-de-gestores-e-legislativos-municipais-em-natal-rn-de-19-a-22-de-marco-de-2024-2\/\" \/>\n<meta property=\"og:locale\" content=\"pt_BR\" \/>\n<meta property=\"og:type\" content=\"article\" \/>\n<meta property=\"og:title\" content=\"Natal\/RN sediar\u00e1 etapa do Encontro Nacional de Gestores e Legislativos Municipais - UVB Brasil\" \/>\n<meta property=\"og:description\" content=\"A tradi\u00e7\u00e3o continua, no m\u00eas de mar\u00e7o o Poder Legislativo Municipal tem encontro marcado na cidade de Natal\/RN. A capital...\" \/>\n<meta property=\"og:url\" content=\"https:\/\/uvbbrasil.com.br\/encontro-nacional-de-gestores-e-legislativos-municipais-em-natal-rn-de-19-a-22-de-marco-de-2024-2\/\" \/>\n<meta property=\"og:site_name\" content=\"UVB Brasil\" \/>\n<meta property=\"article:publisher\" content=\"https:\/\/www.facebook.com\/uvb.vereadoresbrasil\" \/>\n<meta property=\"article:published_time\" content=\"2024-03-16T09:30:52+00:00\" \/>\n<meta property=\"og:image\" content=\"https:\/\/uvbbrasil.com.br\/wp-content\/uploads\/2024\/03\/WhatsApp-Image-2024-03-18-at-10.05.27.jpeg\" \/>\n\t<meta property=\"og:image:width\" content=\"800\" \/>\n\t<meta property=\"og:image:height\" content=\"800\" \/>\n\t<meta property=\"og:image:type\" content=\"image\/jpeg\" \/>\n<meta name=\"author\" content=\"adminuvb\" \/>\n<meta name=\"twitter:card\" content=\"summary_large_image\" \/>\n<meta name=\"twitter:label1\" content=\"Escrito por\" \/>\n\t<meta name=\"twitter:data1\" content=\"adminuvb\" \/>\n\t<meta name=\"twitter:label2\" content=\"Est. tempo de leitura\" \/>\n\t<meta name=\"twitter:data2\" content=\"3 minutos\" \/>\n<script type=\"application\/ld+json\" class=\"yoast-schema-graph\">{\"@context\":\"https:\/\/schema.org\",\"@graph\":[{\"@type\":\"Article\",\"@id\":\"https:\/\/uvbbrasil.com.br\/encontro-nacional-de-gestores-e-legislativos-municipais-em-natal-rn-de-19-a-22-de-marco-de-2024-2\/#article\",\"isPartOf\":{\"@id\":\"https:\/\/uvbbrasil.com.br\/encontro-nacional-de-gestores-e-legislativos-municipais-em-natal-rn-de-19-a-22-de-marco-de-2024-2\/\"},\"author\":{\"name\":\"adminuvb\",\"@id\":\"https:\/\/uvbbrasil.com.br\/#\/schema\/person\/17990098446c098f52effddff4f1b272\"},\"headline\":\"Natal\/RN sediar\u00e1 etapa do Encontro Nacional de Gestores e Legislativos Municipais\",\"datePublished\":\"2024-03-16T09:30:52+00:00\",\"mainEntityOfPage\":{\"@id\":\"https:\/\/uvbbrasil.com.br\/encontro-nacional-de-gestores-e-legislativos-municipais-em-natal-rn-de-19-a-22-de-marco-de-2024-2\/\"},\"wordCount\":660,\"commentCount\":0,\"publisher\":{\"@id\":\"https:\/\/uvbbrasil.com.br\/#organization\"},\"image\":{\"@id\":\"https:\/\/uvbbrasil.com.br\/encontro-nacional-de-gestores-e-legislativos-municipais-em-natal-rn-de-19-a-22-de-marco-de-2024-2\/#primaryimage\"},\"thumbnailUrl\":\"https:\/\/uvbbrasil.com.br\/wp-content\/uploads\/2024\/03\/WhatsApp-Image-2024-03-18-at-10.05.27.jpeg\",\"articleSection\":[\"NOT\u00cdCIAS\"],\"inLanguage\":\"pt-BR\",\"potentialAction\":[{\"@type\":\"CommentAction\",\"name\":\"Comment\",\"target\":[\"https:\/\/uvbbrasil.com.br\/encontro-nacional-de-gestores-e-legislativos-municipais-em-natal-rn-de-19-a-22-de-marco-de-2024-2\/#respond\"]}]},{\"@type\":\"WebPage\",\"@id\":\"https:\/\/uvbbrasil.com.br\/encontro-nacional-de-gestores-e-legislativos-municipais-em-natal-rn-de-19-a-22-de-marco-de-2024-2\/\",\"url\":\"https:\/\/uvbbrasil.com.br\/encontro-nacional-de-gestores-e-legislativos-municipais-em-natal-rn-de-19-a-22-de-marco-de-2024-2\/\",\"name\":\"Natal\/RN sediar\u00e1 etapa do Encontro Nacional de Gestores e Legislativos Municipais - UVB Brasil\",\"isPartOf\":{\"@id\":\"https:\/\/uvbbrasil.com.br\/#website\"},\"primaryImageOfPage\":{\"@id\":\"https:\/\/uvbbrasil.com.br\/encontro-nacional-de-gestores-e-legislativos-municipais-em-natal-rn-de-19-a-22-de-marco-de-2024-2\/#primaryimage\"},\"image\":{\"@id\":\"https:\/\/uvbbrasil.com.br\/encontro-nacional-de-gestores-e-legislativos-municipais-em-natal-rn-de-19-a-22-de-marco-de-2024-2\/#primaryimage\"},\"thumbnailUrl\":\"https:\/\/uvbbrasil.com.br\/wp-content\/uploads\/2024\/03\/WhatsApp-Image-2024-03-18-at-10.05.27.jpeg\",\"datePublished\":\"2024-03-16T09:30:52+00:00\",\"breadcrumb\":{\"@id\":\"https:\/\/uvbbrasil.com.br\/encontro-nacional-de-gestores-e-legislativos-municipais-em-natal-rn-de-19-a-22-de-marco-de-2024-2\/#breadcrumb\"},\"inLanguage\":\"pt-BR\",\"potentialAction\":[{\"@type\":\"ReadAction\",\"target\":[\"https:\/\/uvbbrasil.com.br\/encontro-nacional-de-gestores-e-legislativos-municipais-em-natal-rn-de-19-a-22-de-marco-de-2024-2\/\"]}]},{\"@type\":\"ImageObject\",\"inLanguage\":\"pt-BR\",\"@id\":\"https:\/\/uvbbrasil.com.br\/encontro-nacional-de-gestores-e-legislativos-municipais-em-natal-rn-de-19-a-22-de-marco-de-2024-2\/#primaryimage\",\"url\":\"https:\/\/uvbbrasil.com.br\/wp-content\/uploads\/2024\/03\/WhatsApp-Image-2024-03-18-at-10.05.27.jpeg\",\"contentUrl\":\"https:\/\/uvbbrasil.com.br\/wp-content\/uploads\/2024\/03\/WhatsApp-Image-2024-03-18-at-10.05.27.jpeg\",\"width\":800,\"height\":800},{\"@type\":\"BreadcrumbList\",\"@id\":\"https:\/\/uvbbrasil.com.br\/encontro-nacional-de-gestores-e-legislativos-municipais-em-natal-rn-de-19-a-22-de-marco-de-2024-2\/#breadcrumb\",\"itemListElement\":[{\"@type\":\"ListItem\",\"position\":1,\"name\":\"In\u00edcio\",\"item\":\"https:\/\/uvbbrasil.com.br\/\"},{\"@type\":\"ListItem\",\"position\":2,\"name\":\"Natal\/RN sediar\u00e1 etapa do Encontro Nacional de Gestores e Legislativos Municipais\"}]},{\"@type\":\"WebSite\",\"@id\":\"https:\/\/uvbbrasil.com.br\/#website\",\"url\":\"https:\/\/uvbbrasil.com.br\/\",\"name\":\"UVB Brasil\",\"description\":\"Uni\u00e3o dos Vereadores do Brasil\",\"publisher\":{\"@id\":\"https:\/\/uvbbrasil.com.br\/#organization\"},\"potentialAction\":[{\"@type\":\"SearchAction\",\"target\":{\"@type\":\"EntryPoint\",\"urlTemplate\":\"https:\/\/uvbbrasil.com.br\/?s={search_term_string}\"},\"query-input\":{\"@type\":\"PropertyValueSpecification\",\"valueRequired\":true,\"valueName\":\"search_term_string\"}}],\"inLanguage\":\"pt-BR\"},{\"@type\":\"Organization\",\"@id\":\"https:\/\/uvbbrasil.com.br\/#organization\",\"name\":\"UVB Brasil\",\"url\":\"https:\/\/uvbbrasil.com.br\/\",\"logo\":{\"@type\":\"ImageObject\",\"inLanguage\":\"pt-BR\",\"@id\":\"https:\/\/uvbbrasil.com.br\/#\/schema\/logo\/image\/\",\"url\":\"https:\/\/uvbbrasil.com.br\/wp-content\/uploads\/2025\/01\/LOGO-UVB-2024-azul-1.jpg\",\"contentUrl\":\"https:\/\/uvbbrasil.com.br\/wp-content\/uploads\/2025\/01\/LOGO-UVB-2024-azul-1.jpg\",\"width\":600,\"height\":211,\"caption\":\"UVB Brasil\"},\"image\":{\"@id\":\"https:\/\/uvbbrasil.com.br\/#\/schema\/logo\/image\/\"},\"sameAs\":[\"https:\/\/www.facebook.com\/uvb.vereadoresbrasil\",\"https:\/\/www.instagram.com\/uvbbrasil\/\",\"https:\/\/www.youtube.com\/channel\/UCIlPQ8Xzw5GHNzosQIg9S5A\"]},{\"@type\":\"Person\",\"@id\":\"https:\/\/uvbbrasil.com.br\/#\/schema\/person\/17990098446c098f52effddff4f1b272\",\"name\":\"adminuvb\",\"image\":{\"@type\":\"ImageObject\",\"inLanguage\":\"pt-BR\",\"@id\":\"https:\/\/uvbbrasil.com.br\/#\/schema\/person\/image\/\",\"url\":\"https:\/\/secure.gravatar.com\/avatar\/1a494ea6f8e2dd1ae526e55b0e9497efdba542491e0620d704cccf63c6f77c45?s=96&d=mm&r=g\",\"contentUrl\":\"https:\/\/secure.gravatar.com\/avatar\/1a494ea6f8e2dd1ae526e55b0e9497efdba542491e0620d704cccf63c6f77c45?s=96&d=mm&r=g\",\"caption\":\"adminuvb\"},\"sameAs\":[\"https:\/\/uvbbrasil.com.br\"],\"url\":\"https:\/\/uvbbrasil.com.br\/author\/adminuvb\/\"}]}<\/script>\n<!-- \/ Yoast SEO plugin. -->","yoast_head_json":{"title":"Natal\/RN sediar\u00e1 etapa do Encontro Nacional de Gestores e Legislativos Municipais - UVB Brasil","robots":{"index":"index","follow":"follow","max-snippet":"max-snippet:-1","max-image-preview":"max-image-preview:large","max-video-preview":"max-video-preview:-1"},"canonical":"https:\/\/uvbbrasil.com.br\/encontro-nacional-de-gestores-e-legislativos-municipais-em-natal-rn-de-19-a-22-de-marco-de-2024-2\/","og_locale":"pt_BR","og_type":"article","og_title":"Natal\/RN sediar\u00e1 etapa do Encontro Nacional de Gestores e Legislativos Municipais - UVB Brasil","og_description":"A tradi\u00e7\u00e3o continua, no m\u00eas de mar\u00e7o o Poder Legislativo Municipal tem encontro marcado na cidade de Natal\/RN. A capital...","og_url":"https:\/\/uvbbrasil.com.br\/encontro-nacional-de-gestores-e-legislativos-municipais-em-natal-rn-de-19-a-22-de-marco-de-2024-2\/","og_site_name":"UVB Brasil","article_publisher":"https:\/\/www.facebook.com\/uvb.vereadoresbrasil","article_published_time":"2024-03-16T09:30:52+00:00","og_image":[{"width":800,"height":800,"url":"https:\/\/uvbbrasil.com.br\/wp-content\/uploads\/2024\/03\/WhatsApp-Image-2024-03-18-at-10.05.27.jpeg","type":"image\/jpeg"}],"author":"adminuvb","twitter_card":"summary_large_image","twitter_misc":{"Escrito por":"adminuvb","Est. tempo de leitura":"3 minutos"},"schema":{"@context":"https:\/\/schema.org","@graph":[{"@type":"Article","@id":"https:\/\/uvbbrasil.com.br\/encontro-nacional-de-gestores-e-legislativos-municipais-em-natal-rn-de-19-a-22-de-marco-de-2024-2\/#article","isPartOf":{"@id":"https:\/\/uvbbrasil.com.br\/encontro-nacional-de-gestores-e-legislativos-municipais-em-natal-rn-de-19-a-22-de-marco-de-2024-2\/"},"author":{"name":"adminuvb","@id":"https:\/\/uvbbrasil.com.br\/#\/schema\/person\/17990098446c098f52effddff4f1b272"},"headline":"Natal\/RN sediar\u00e1 etapa do Encontro Nacional de Gestores e Legislativos Municipais","datePublished":"2024-03-16T09:30:52+00:00","mainEntityOfPage":{"@id":"https:\/\/uvbbrasil.com.br\/encontro-nacional-de-gestores-e-legislativos-municipais-em-natal-rn-de-19-a-22-de-marco-de-2024-2\/"},"wordCount":660,"commentCount":0,"publisher":{"@id":"https:\/\/uvbbrasil.com.br\/#organization"},"image":{"@id":"https:\/\/uvbbrasil.com.br\/encontro-nacional-de-gestores-e-legislativos-municipais-em-natal-rn-de-19-a-22-de-marco-de-2024-2\/#primaryimage"},"thumbnailUrl":"https:\/\/uvbbrasil.com.br\/wp-content\/uploads\/2024\/03\/WhatsApp-Image-2024-03-18-at-10.05.27.jpeg","articleSection":["NOT\u00cdCIAS"],"inLanguage":"pt-BR","potentialAction":[{"@type":"CommentAction","name":"Comment","target":["https:\/\/uvbbrasil.com.br\/encontro-nacional-de-gestores-e-legislativos-municipais-em-natal-rn-de-19-a-22-de-marco-de-2024-2\/#respond"]}]},{"@type":"WebPage","@id":"https:\/\/uvbbrasil.com.br\/encontro-nacional-de-gestores-e-legislativos-municipais-em-natal-rn-de-19-a-22-de-marco-de-2024-2\/","url":"https:\/\/uvbbrasil.com.br\/encontro-nacional-de-gestores-e-legislativos-municipais-em-natal-rn-de-19-a-22-de-marco-de-2024-2\/","name":"Natal\/RN sediar\u00e1 etapa do Encontro Nacional de Gestores e Legislativos Municipais - UVB Brasil","isPartOf":{"@id":"https:\/\/uvbbrasil.com.br\/#website"},"primaryImageOfPage":{"@id":"https:\/\/uvbbrasil.com.br\/encontro-nacional-de-gestores-e-legislativos-municipais-em-natal-rn-de-19-a-22-de-marco-de-2024-2\/#primaryimage"},"image":{"@id":"https:\/\/uvbbrasil.com.br\/encontro-nacional-de-gestores-e-legislativos-municipais-em-natal-rn-de-19-a-22-de-marco-de-2024-2\/#primaryimage"},"thumbnailUrl":"https:\/\/uvbbrasil.com.br\/wp-content\/uploads\/2024\/03\/WhatsApp-Image-2024-03-18-at-10.05.27.jpeg","datePublished":"2024-03-16T09:30:52+00:00","breadcrumb":{"@id":"https:\/\/uvbbrasil.com.br\/encontro-nacional-de-gestores-e-legislativos-municipais-em-natal-rn-de-19-a-22-de-marco-de-2024-2\/#breadcrumb"},"inLanguage":"pt-BR","potentialAction":[{"@type":"ReadAction","target":["https:\/\/uvbbrasil.com.br\/encontro-nacional-de-gestores-e-legislativos-municipais-em-natal-rn-de-19-a-22-de-marco-de-2024-2\/"]}]},{"@type":"ImageObject","inLanguage":"pt-BR","@id":"https:\/\/uvbbrasil.com.br\/encontro-nacional-de-gestores-e-legislativos-municipais-em-natal-rn-de-19-a-22-de-marco-de-2024-2\/#primaryimage","url":"https:\/\/uvbbrasil.com.br\/wp-content\/uploads\/2024\/03\/WhatsApp-Image-2024-03-18-at-10.05.27.jpeg","contentUrl":"https:\/\/uvbbrasil.com.br\/wp-content\/uploads\/2024\/03\/WhatsApp-Image-2024-03-18-at-10.05.27.jpeg","width":800,"height":800},{"@type":"BreadcrumbList","@id":"https:\/\/uvbbrasil.com.br\/encontro-nacional-de-gestores-e-legislativos-municipais-em-natal-rn-de-19-a-22-de-marco-de-2024-2\/#breadcrumb","itemListElement":[{"@type":"ListItem","position":1,"name":"In\u00edcio","item":"https:\/\/uvbbrasil.com.br\/"},{"@type":"ListItem","position":2,"name":"Natal\/RN sediar\u00e1 etapa do Encontro Nacional de Gestores e Legislativos Municipais"}]},{"@type":"WebSite","@id":"https:\/\/uvbbrasil.com.br\/#website","url":"https:\/\/uvbbrasil.com.br\/","name":"UVB Brasil","description":"Uni\u00e3o dos Vereadores do Brasil","publisher":{"@id":"https:\/\/uvbbrasil.com.br\/#organization"},"potentialAction":[{"@type":"SearchAction","target":{"@type":"EntryPoint","urlTemplate":"https:\/\/uvbbrasil.com.br\/?s={search_term_string}"},"query-input":{"@type":"PropertyValueSpecification","valueRequired":true,"valueName":"search_term_string"}}],"inLanguage":"pt-BR"},{"@type":"Organization","@id":"https:\/\/uvbbrasil.com.br\/#organization","name":"UVB Brasil","url":"https:\/\/uvbbrasil.com.br\/","logo":{"@type":"ImageObject","inLanguage":"pt-BR","@id":"https:\/\/uvbbrasil.com.br\/#\/schema\/logo\/image\/","url":"https:\/\/uvbbrasil.com.br\/wp-content\/uploads\/2025\/01\/LOGO-UVB-2024-azul-1.jpg","contentUrl":"https:\/\/uvbbrasil.com.br\/wp-content\/uploads\/2025\/01\/LOGO-UVB-2024-azul-1.jpg","width":600,"height":211,"caption":"UVB Brasil"},"image":{"@id":"https:\/\/uvbbrasil.com.br\/#\/schema\/logo\/image\/"},"sameAs":["https:\/\/www.facebook.com\/uvb.vereadoresbrasil","https:\/\/www.instagram.com\/uvbbrasil\/","https:\/\/www.youtube.com\/channel\/UCIlPQ8Xzw5GHNzosQIg9S5A"]},{"@type":"Person","@id":"https:\/\/uvbbrasil.com.br\/#\/schema\/person\/17990098446c098f52effddff4f1b272","name":"adminuvb","image":{"@type":"ImageObject","inLanguage":"pt-BR","@id":"https:\/\/uvbbrasil.com.br\/#\/schema\/person\/image\/","url":"https:\/\/secure.gravatar.com\/avatar\/1a494ea6f8e2dd1ae526e55b0e9497efdba542491e0620d704cccf63c6f77c45?s=96&d=mm&r=g","contentUrl":"https:\/\/secure.gravatar.com\/avatar\/1a494ea6f8e2dd1ae526e55b0e9497efdba542491e0620d704cccf63c6f77c45?s=96&d=mm&r=g","caption":"adminuvb"},"sameAs":["https:\/\/uvbbrasil.com.br"],"url":"https:\/\/uvbbrasil.com.br\/author\/adminuvb\/"}]}},"_links":{"self":[{"href":"https:\/\/uvbbrasil.com.br\/uvb-json\/wp\/v2\/posts\/33740","targetHints":{"allow":["GET"]}}],"collection":[{"href":"https:\/\/uvbbrasil.com.br\/uvb-json\/wp\/v2\/posts"}],"about":[{"href":"https:\/\/uvbbrasil.com.br\/uvb-json\/wp\/v2\/types\/post"}],"author":[{"embeddable":true,"href":"https:\/\/uvbbrasil.com.br\/uvb-json\/wp\/v2\/users\/1"}],"replies":[{"embeddable":true,"href":"https:\/\/uvbbrasil.com.br\/uvb-json\/wp\/v2\/comments?post=33740"}],"version-history":[{"count":0,"href":"https:\/\/uvbbrasil.com.br\/uvb-json\/wp\/v2\/posts\/33740\/revisions"}],"wp:featuredmedia":[{"embeddable":true,"href":"https:\/\/uvbbrasil.com.br\/uvb-json\/wp\/v2\/media\/33814"}],"wp:attachment":[{"href":"https:\/\/uvbbrasil.com.br\/uvb-json\/wp\/v2\/media?parent=33740"}],"wp:term":[{"taxonomy":"category","embeddable":true,"href":"https:\/\/uvbbrasil.com.br\/uvb-json\/wp\/v2\/categories?post=33740"},{"taxonomy":"post_tag","embeddable":true,"href":"https:\/\/uvbbrasil.com.br\/uvb-json\/wp\/v2\/tags?post=33740"}],"curies":[{"name":"wp","href":"https:\/\/api.w.org\/{rel}","templated":true}]}}