{"id":33727,"date":"2024-03-08T11:51:13","date_gmt":"2024-03-08T14:51:13","guid":{"rendered":"https:\/\/wpsandbox4.pante.com.br\/?p=33727"},"modified":"2024-03-08T11:51:13","modified_gmt":"2024-03-08T14:51:13","slug":"irai-rs-ana-strapasson-assume-a-assessoria-juridica-da-camara","status":"publish","type":"post","link":"https:\/\/uvbbrasil.com.br\/irai-rs-ana-strapasson-assume-a-assessoria-juridica-da-camara\/","title":{"rendered":"Ira\u00ed\/RS- Ana Strapasson assume a assessoria jur\u00eddica da C\u00e2mara"},"content":{"rendered":"<p>&nbsp;<\/p>\n<p>A advogada Ana Luiza Strapasson da Costa assumiu oficialmente no \u00faltimo dia 1\u00ba, o cargo de assessora jur\u00eddica da C\u00e2mara Municipal de Ira\u00ed. A portaria foi assinada pelo presidente da Casa, Gilson Conzatti, que apresentou a nova assessora aos vereadores e assessores.<\/p>\n<p>Formada em Direito pela Universidade Regional Integrada do Alto Uruguai e das Miss\u00f5es (URI) Campus de Frederico Westphalen, \u00e9 p\u00f3s-graduada em Direito de Execu\u00e7\u00e3o Penal, pelo Curso CEI, certificado pelo Complexo de Ensino Renato Saraiva \u2013 CERS; e p\u00f3s-graduada em Direito Penal e Processual Penal, pela Faculdade Dom Alberto. Possui experi\u00eancia profissional como residente jur\u00eddica e estagi\u00e1ria jur\u00eddica junto a Defensoria P\u00fablica de Estado do Rio Grande do Sul (2020-2023).<\/p>\n<p>Ana destacou que \u00e9 um grande desafio, diferente do que estava acostumada em sua profiss\u00e3o como advogada. \u201cAgrade\u00e7o o honroso convite feito pelo presidente Gilson, certamente irei desempenhar um excelente trabalho na Casa Legislativa, com aten\u00e7\u00e3o aos princ\u00edpios da administra\u00e7\u00e3o p\u00fablica, ao nosso Regimento Interno e \u00e0 Lei Org\u00e2nica municipal. Tamb\u00e9m conto com a colabora\u00e7\u00e3o de todos os colegas\u201d, destacou Strapasson.<\/p>\n<p>Para o presidente do Legislativo, Gilson Conzatti, a Ana vem para somar. \u201cTenho certeza que tudo acontecer\u00e1 conforme o esperado, pois ela \u00e9 uma excelente profissional que ir\u00e1 nos auxiliar em nossos trabalhos legislativos\u201d, frisou Conzatti.<\/p>\n<p>&nbsp;<\/p>\n<p><img fetchpriority=\"high\" decoding=\"async\" class=\"alignnone size-medium wp-image-33728\" src=\"https:\/\/uvbbrasil.com.br\/wp-content\/uploads\/2024\/03\/WhatsApp-Image-2024-03-07-at-18.23.29-300x200.jpeg\" alt=\"\" width=\"300\" height=\"200\" srcset=\"https:\/\/uvbbrasil.com.br\/wp-content\/uploads\/2024\/03\/WhatsApp-Image-2024-03-07-at-18.23.29-300x200.jpeg 300w, https:\/\/uvbbrasil.com.br\/wp-content\/uploads\/2024\/03\/WhatsApp-Image-2024-03-07-at-18.23.29-1024x683.jpeg 1024w, https:\/\/uvbbrasil.com.br\/wp-content\/uploads\/2024\/03\/WhatsApp-Image-2024-03-07-at-18.23.29-768x512.jpeg 768w, https:\/\/uvbbrasil.com.br\/wp-content\/uploads\/2024\/03\/WhatsApp-Image-2024-03-07-at-18.23.29.jpeg 1080w\" sizes=\"(max-width: 300px) 100vw, 300px\" \/><\/p>\n<p><em>f<\/em>onte: Fernando Sucolotti<br \/>\nAscom\/C\u00e2mara<\/p>\n","protected":false},"excerpt":{"rendered":"<p>&nbsp; A advogada Ana Luiza Strapasson da Costa assumiu oficialmente no \u00faltimo dia 1\u00ba, o cargo de assessora jur\u00eddica da&#8230;<\/p>\n","protected":false},"author":1,"featured_media":33728,"comment_status":"open","ping_status":"open","sticky":false,"template":"","format":"standard","meta":{"footnotes":""},"categories":[3],"tags":[],"class_list":["post-33727","post","type-post","status-publish","format-standard","has-post-thumbnail","hentry","category-noticias"],"yoast_head":"<!-- This site is optimized with the Yoast SEO plugin v26.7 - https:\/\/yoast.com\/wordpress\/plugins\/seo\/ -->\n<title>Ira\u00ed\/RS- Ana Strapasson assume a assessoria jur\u00eddica da C\u00e2mara - UVB Brasil<\/title>\n<meta name=\"robots\" content=\"index, follow, max-snippet:-1, max-image-preview:large, max-video-preview:-1\" \/>\n<link rel=\"canonical\" href=\"https:\/\/uvbbrasil.com.br\/irai-rs-ana-strapasson-assume-a-assessoria-juridica-da-camara\/\" \/>\n<meta property=\"og:locale\" content=\"pt_BR\" \/>\n<meta property=\"og:type\" content=\"article\" \/>\n<meta property=\"og:title\" content=\"Ira\u00ed\/RS- Ana Strapasson assume a assessoria jur\u00eddica da C\u00e2mara - UVB Brasil\" \/>\n<meta property=\"og:description\" content=\"&nbsp; A advogada Ana Luiza Strapasson da Costa assumiu oficialmente no \u00faltimo dia 1\u00ba, o cargo de assessora jur\u00eddica da...\" \/>\n<meta property=\"og:url\" content=\"https:\/\/uvbbrasil.com.br\/irai-rs-ana-strapasson-assume-a-assessoria-juridica-da-camara\/\" \/>\n<meta property=\"og:site_name\" content=\"UVB Brasil\" \/>\n<meta property=\"article:publisher\" content=\"https:\/\/www.facebook.com\/uvb.vereadoresbrasil\" \/>\n<meta property=\"article:published_time\" content=\"2024-03-08T14:51:13+00:00\" \/>\n<meta property=\"og:image\" content=\"https:\/\/uvbbrasil.com.br\/wp-content\/uploads\/2024\/03\/WhatsApp-Image-2024-03-07-at-18.23.29.jpeg\" \/>\n\t<meta property=\"og:image:width\" content=\"1080\" \/>\n\t<meta property=\"og:image:height\" content=\"720\" \/>\n\t<meta property=\"og:image:type\" content=\"image\/jpeg\" \/>\n<meta name=\"author\" content=\"adminuvb\" \/>\n<meta name=\"twitter:card\" content=\"summary_large_image\" \/>\n<meta name=\"twitter:label1\" content=\"Escrito por\" \/>\n\t<meta name=\"twitter:data1\" content=\"adminuvb\" \/>\n\t<meta name=\"twitter:label2\" content=\"Est. tempo de leitura\" \/>\n\t<meta name=\"twitter:data2\" content=\"2 minutos\" \/>\n<script type=\"application\/ld+json\" class=\"yoast-schema-graph\">{\"@context\":\"https:\/\/schema.org\",\"@graph\":[{\"@type\":\"Article\",\"@id\":\"https:\/\/uvbbrasil.com.br\/irai-rs-ana-strapasson-assume-a-assessoria-juridica-da-camara\/#article\",\"isPartOf\":{\"@id\":\"https:\/\/uvbbrasil.com.br\/irai-rs-ana-strapasson-assume-a-assessoria-juridica-da-camara\/\"},\"author\":{\"name\":\"adminuvb\",\"@id\":\"https:\/\/uvbbrasil.com.br\/#\/schema\/person\/17990098446c098f52effddff4f1b272\"},\"headline\":\"Ira\u00ed\/RS- Ana Strapasson assume a assessoria jur\u00eddica da C\u00e2mara\",\"datePublished\":\"2024-03-08T14:51:13+00:00\",\"mainEntityOfPage\":{\"@id\":\"https:\/\/uvbbrasil.com.br\/irai-rs-ana-strapasson-assume-a-assessoria-juridica-da-camara\/\"},\"wordCount\":243,\"commentCount\":0,\"publisher\":{\"@id\":\"https:\/\/uvbbrasil.com.br\/#organization\"},\"image\":{\"@id\":\"https:\/\/uvbbrasil.com.br\/irai-rs-ana-strapasson-assume-a-assessoria-juridica-da-camara\/#primaryimage\"},\"thumbnailUrl\":\"https:\/\/uvbbrasil.com.br\/wp-content\/uploads\/2024\/03\/WhatsApp-Image-2024-03-07-at-18.23.29.jpeg\",\"articleSection\":[\"NOT\u00cdCIAS\"],\"inLanguage\":\"pt-BR\",\"potentialAction\":[{\"@type\":\"CommentAction\",\"name\":\"Comment\",\"target\":[\"https:\/\/uvbbrasil.com.br\/irai-rs-ana-strapasson-assume-a-assessoria-juridica-da-camara\/#respond\"]}]},{\"@type\":\"WebPage\",\"@id\":\"https:\/\/uvbbrasil.com.br\/irai-rs-ana-strapasson-assume-a-assessoria-juridica-da-camara\/\",\"url\":\"https:\/\/uvbbrasil.com.br\/irai-rs-ana-strapasson-assume-a-assessoria-juridica-da-camara\/\",\"name\":\"Ira\u00ed\/RS- Ana Strapasson assume a assessoria jur\u00eddica da C\u00e2mara - UVB Brasil\",\"isPartOf\":{\"@id\":\"https:\/\/uvbbrasil.com.br\/#website\"},\"primaryImageOfPage\":{\"@id\":\"https:\/\/uvbbrasil.com.br\/irai-rs-ana-strapasson-assume-a-assessoria-juridica-da-camara\/#primaryimage\"},\"image\":{\"@id\":\"https:\/\/uvbbrasil.com.br\/irai-rs-ana-strapasson-assume-a-assessoria-juridica-da-camara\/#primaryimage\"},\"thumbnailUrl\":\"https:\/\/uvbbrasil.com.br\/wp-content\/uploads\/2024\/03\/WhatsApp-Image-2024-03-07-at-18.23.29.jpeg\",\"datePublished\":\"2024-03-08T14:51:13+00:00\",\"breadcrumb\":{\"@id\":\"https:\/\/uvbbrasil.com.br\/irai-rs-ana-strapasson-assume-a-assessoria-juridica-da-camara\/#breadcrumb\"},\"inLanguage\":\"pt-BR\",\"potentialAction\":[{\"@type\":\"ReadAction\",\"target\":[\"https:\/\/uvbbrasil.com.br\/irai-rs-ana-strapasson-assume-a-assessoria-juridica-da-camara\/\"]}]},{\"@type\":\"ImageObject\",\"inLanguage\":\"pt-BR\",\"@id\":\"https:\/\/uvbbrasil.com.br\/irai-rs-ana-strapasson-assume-a-assessoria-juridica-da-camara\/#primaryimage\",\"url\":\"https:\/\/uvbbrasil.com.br\/wp-content\/uploads\/2024\/03\/WhatsApp-Image-2024-03-07-at-18.23.29.jpeg\",\"contentUrl\":\"https:\/\/uvbbrasil.com.br\/wp-content\/uploads\/2024\/03\/WhatsApp-Image-2024-03-07-at-18.23.29.jpeg\",\"width\":1080,\"height\":720},{\"@type\":\"BreadcrumbList\",\"@id\":\"https:\/\/uvbbrasil.com.br\/irai-rs-ana-strapasson-assume-a-assessoria-juridica-da-camara\/#breadcrumb\",\"itemListElement\":[{\"@type\":\"ListItem\",\"position\":1,\"name\":\"In\u00edcio\",\"item\":\"https:\/\/uvbbrasil.com.br\/\"},{\"@type\":\"ListItem\",\"position\":2,\"name\":\"Ira\u00ed\/RS- Ana Strapasson assume a assessoria jur\u00eddica da C\u00e2mara\"}]},{\"@type\":\"WebSite\",\"@id\":\"https:\/\/uvbbrasil.com.br\/#website\",\"url\":\"https:\/\/uvbbrasil.com.br\/\",\"name\":\"UVB Brasil\",\"description\":\"Uni\u00e3o dos Vereadores do Brasil\",\"publisher\":{\"@id\":\"https:\/\/uvbbrasil.com.br\/#organization\"},\"potentialAction\":[{\"@type\":\"SearchAction\",\"target\":{\"@type\":\"EntryPoint\",\"urlTemplate\":\"https:\/\/uvbbrasil.com.br\/?s={search_term_string}\"},\"query-input\":{\"@type\":\"PropertyValueSpecification\",\"valueRequired\":true,\"valueName\":\"search_term_string\"}}],\"inLanguage\":\"pt-BR\"},{\"@type\":\"Organization\",\"@id\":\"https:\/\/uvbbrasil.com.br\/#organization\",\"name\":\"UVB Brasil\",\"url\":\"https:\/\/uvbbrasil.com.br\/\",\"logo\":{\"@type\":\"ImageObject\",\"inLanguage\":\"pt-BR\",\"@id\":\"https:\/\/uvbbrasil.com.br\/#\/schema\/logo\/image\/\",\"url\":\"https:\/\/uvbbrasil.com.br\/wp-content\/uploads\/2025\/01\/LOGO-UVB-2024-azul-1.jpg\",\"contentUrl\":\"https:\/\/uvbbrasil.com.br\/wp-content\/uploads\/2025\/01\/LOGO-UVB-2024-azul-1.jpg\",\"width\":600,\"height\":211,\"caption\":\"UVB Brasil\"},\"image\":{\"@id\":\"https:\/\/uvbbrasil.com.br\/#\/schema\/logo\/image\/\"},\"sameAs\":[\"https:\/\/www.facebook.com\/uvb.vereadoresbrasil\",\"https:\/\/www.instagram.com\/uvbbrasil\/\",\"https:\/\/www.youtube.com\/channel\/UCIlPQ8Xzw5GHNzosQIg9S5A\"]},{\"@type\":\"Person\",\"@id\":\"https:\/\/uvbbrasil.com.br\/#\/schema\/person\/17990098446c098f52effddff4f1b272\",\"name\":\"adminuvb\",\"image\":{\"@type\":\"ImageObject\",\"inLanguage\":\"pt-BR\",\"@id\":\"https:\/\/uvbbrasil.com.br\/#\/schema\/person\/image\/\",\"url\":\"https:\/\/secure.gravatar.com\/avatar\/1a494ea6f8e2dd1ae526e55b0e9497efdba542491e0620d704cccf63c6f77c45?s=96&d=mm&r=g\",\"contentUrl\":\"https:\/\/secure.gravatar.com\/avatar\/1a494ea6f8e2dd1ae526e55b0e9497efdba542491e0620d704cccf63c6f77c45?s=96&d=mm&r=g\",\"caption\":\"adminuvb\"},\"sameAs\":[\"https:\/\/uvbbrasil.com.br\"],\"url\":\"https:\/\/uvbbrasil.com.br\/author\/adminuvb\/\"}]}<\/script>\n<!-- \/ Yoast SEO plugin. -->","yoast_head_json":{"title":"Ira\u00ed\/RS- Ana Strapasson assume a assessoria jur\u00eddica da C\u00e2mara - UVB Brasil","robots":{"index":"index","follow":"follow","max-snippet":"max-snippet:-1","max-image-preview":"max-image-preview:large","max-video-preview":"max-video-preview:-1"},"canonical":"https:\/\/uvbbrasil.com.br\/irai-rs-ana-strapasson-assume-a-assessoria-juridica-da-camara\/","og_locale":"pt_BR","og_type":"article","og_title":"Ira\u00ed\/RS- Ana Strapasson assume a assessoria jur\u00eddica da C\u00e2mara - UVB Brasil","og_description":"&nbsp; A advogada Ana Luiza Strapasson da Costa assumiu oficialmente no \u00faltimo dia 1\u00ba, o cargo de assessora jur\u00eddica da...","og_url":"https:\/\/uvbbrasil.com.br\/irai-rs-ana-strapasson-assume-a-assessoria-juridica-da-camara\/","og_site_name":"UVB Brasil","article_publisher":"https:\/\/www.facebook.com\/uvb.vereadoresbrasil","article_published_time":"2024-03-08T14:51:13+00:00","og_image":[{"width":1080,"height":720,"url":"https:\/\/uvbbrasil.com.br\/wp-content\/uploads\/2024\/03\/WhatsApp-Image-2024-03-07-at-18.23.29.jpeg","type":"image\/jpeg"}],"author":"adminuvb","twitter_card":"summary_large_image","twitter_misc":{"Escrito por":"adminuvb","Est. tempo de leitura":"2 minutos"},"schema":{"@context":"https:\/\/schema.org","@graph":[{"@type":"Article","@id":"https:\/\/uvbbrasil.com.br\/irai-rs-ana-strapasson-assume-a-assessoria-juridica-da-camara\/#article","isPartOf":{"@id":"https:\/\/uvbbrasil.com.br\/irai-rs-ana-strapasson-assume-a-assessoria-juridica-da-camara\/"},"author":{"name":"adminuvb","@id":"https:\/\/uvbbrasil.com.br\/#\/schema\/person\/17990098446c098f52effddff4f1b272"},"headline":"Ira\u00ed\/RS- Ana Strapasson assume a assessoria jur\u00eddica da C\u00e2mara","datePublished":"2024-03-08T14:51:13+00:00","mainEntityOfPage":{"@id":"https:\/\/uvbbrasil.com.br\/irai-rs-ana-strapasson-assume-a-assessoria-juridica-da-camara\/"},"wordCount":243,"commentCount":0,"publisher":{"@id":"https:\/\/uvbbrasil.com.br\/#organization"},"image":{"@id":"https:\/\/uvbbrasil.com.br\/irai-rs-ana-strapasson-assume-a-assessoria-juridica-da-camara\/#primaryimage"},"thumbnailUrl":"https:\/\/uvbbrasil.com.br\/wp-content\/uploads\/2024\/03\/WhatsApp-Image-2024-03-07-at-18.23.29.jpeg","articleSection":["NOT\u00cdCIAS"],"inLanguage":"pt-BR","potentialAction":[{"@type":"CommentAction","name":"Comment","target":["https:\/\/uvbbrasil.com.br\/irai-rs-ana-strapasson-assume-a-assessoria-juridica-da-camara\/#respond"]}]},{"@type":"WebPage","@id":"https:\/\/uvbbrasil.com.br\/irai-rs-ana-strapasson-assume-a-assessoria-juridica-da-camara\/","url":"https:\/\/uvbbrasil.com.br\/irai-rs-ana-strapasson-assume-a-assessoria-juridica-da-camara\/","name":"Ira\u00ed\/RS- Ana Strapasson assume a assessoria jur\u00eddica da C\u00e2mara - UVB Brasil","isPartOf":{"@id":"https:\/\/uvbbrasil.com.br\/#website"},"primaryImageOfPage":{"@id":"https:\/\/uvbbrasil.com.br\/irai-rs-ana-strapasson-assume-a-assessoria-juridica-da-camara\/#primaryimage"},"image":{"@id":"https:\/\/uvbbrasil.com.br\/irai-rs-ana-strapasson-assume-a-assessoria-juridica-da-camara\/#primaryimage"},"thumbnailUrl":"https:\/\/uvbbrasil.com.br\/wp-content\/uploads\/2024\/03\/WhatsApp-Image-2024-03-07-at-18.23.29.jpeg","datePublished":"2024-03-08T14:51:13+00:00","breadcrumb":{"@id":"https:\/\/uvbbrasil.com.br\/irai-rs-ana-strapasson-assume-a-assessoria-juridica-da-camara\/#breadcrumb"},"inLanguage":"pt-BR","potentialAction":[{"@type":"ReadAction","target":["https:\/\/uvbbrasil.com.br\/irai-rs-ana-strapasson-assume-a-assessoria-juridica-da-camara\/"]}]},{"@type":"ImageObject","inLanguage":"pt-BR","@id":"https:\/\/uvbbrasil.com.br\/irai-rs-ana-strapasson-assume-a-assessoria-juridica-da-camara\/#primaryimage","url":"https:\/\/uvbbrasil.com.br\/wp-content\/uploads\/2024\/03\/WhatsApp-Image-2024-03-07-at-18.23.29.jpeg","contentUrl":"https:\/\/uvbbrasil.com.br\/wp-content\/uploads\/2024\/03\/WhatsApp-Image-2024-03-07-at-18.23.29.jpeg","width":1080,"height":720},{"@type":"BreadcrumbList","@id":"https:\/\/uvbbrasil.com.br\/irai-rs-ana-strapasson-assume-a-assessoria-juridica-da-camara\/#breadcrumb","itemListElement":[{"@type":"ListItem","position":1,"name":"In\u00edcio","item":"https:\/\/uvbbrasil.com.br\/"},{"@type":"ListItem","position":2,"name":"Ira\u00ed\/RS- Ana Strapasson assume a assessoria jur\u00eddica da C\u00e2mara"}]},{"@type":"WebSite","@id":"https:\/\/uvbbrasil.com.br\/#website","url":"https:\/\/uvbbrasil.com.br\/","name":"UVB Brasil","description":"Uni\u00e3o dos Vereadores do Brasil","publisher":{"@id":"https:\/\/uvbbrasil.com.br\/#organization"},"potentialAction":[{"@type":"SearchAction","target":{"@type":"EntryPoint","urlTemplate":"https:\/\/uvbbrasil.com.br\/?s={search_term_string}"},"query-input":{"@type":"PropertyValueSpecification","valueRequired":true,"valueName":"search_term_string"}}],"inLanguage":"pt-BR"},{"@type":"Organization","@id":"https:\/\/uvbbrasil.com.br\/#organization","name":"UVB Brasil","url":"https:\/\/uvbbrasil.com.br\/","logo":{"@type":"ImageObject","inLanguage":"pt-BR","@id":"https:\/\/uvbbrasil.com.br\/#\/schema\/logo\/image\/","url":"https:\/\/uvbbrasil.com.br\/wp-content\/uploads\/2025\/01\/LOGO-UVB-2024-azul-1.jpg","contentUrl":"https:\/\/uvbbrasil.com.br\/wp-content\/uploads\/2025\/01\/LOGO-UVB-2024-azul-1.jpg","width":600,"height":211,"caption":"UVB Brasil"},"image":{"@id":"https:\/\/uvbbrasil.com.br\/#\/schema\/logo\/image\/"},"sameAs":["https:\/\/www.facebook.com\/uvb.vereadoresbrasil","https:\/\/www.instagram.com\/uvbbrasil\/","https:\/\/www.youtube.com\/channel\/UCIlPQ8Xzw5GHNzosQIg9S5A"]},{"@type":"Person","@id":"https:\/\/uvbbrasil.com.br\/#\/schema\/person\/17990098446c098f52effddff4f1b272","name":"adminuvb","image":{"@type":"ImageObject","inLanguage":"pt-BR","@id":"https:\/\/uvbbrasil.com.br\/#\/schema\/person\/image\/","url":"https:\/\/secure.gravatar.com\/avatar\/1a494ea6f8e2dd1ae526e55b0e9497efdba542491e0620d704cccf63c6f77c45?s=96&d=mm&r=g","contentUrl":"https:\/\/secure.gravatar.com\/avatar\/1a494ea6f8e2dd1ae526e55b0e9497efdba542491e0620d704cccf63c6f77c45?s=96&d=mm&r=g","caption":"adminuvb"},"sameAs":["https:\/\/uvbbrasil.com.br"],"url":"https:\/\/uvbbrasil.com.br\/author\/adminuvb\/"}]}},"_links":{"self":[{"href":"https:\/\/uvbbrasil.com.br\/uvb-json\/wp\/v2\/posts\/33727","targetHints":{"allow":["GET"]}}],"collection":[{"href":"https:\/\/uvbbrasil.com.br\/uvb-json\/wp\/v2\/posts"}],"about":[{"href":"https:\/\/uvbbrasil.com.br\/uvb-json\/wp\/v2\/types\/post"}],"author":[{"embeddable":true,"href":"https:\/\/uvbbrasil.com.br\/uvb-json\/wp\/v2\/users\/1"}],"replies":[{"embeddable":true,"href":"https:\/\/uvbbrasil.com.br\/uvb-json\/wp\/v2\/comments?post=33727"}],"version-history":[{"count":0,"href":"https:\/\/uvbbrasil.com.br\/uvb-json\/wp\/v2\/posts\/33727\/revisions"}],"wp:featuredmedia":[{"embeddable":true,"href":"https:\/\/uvbbrasil.com.br\/uvb-json\/wp\/v2\/media\/33728"}],"wp:attachment":[{"href":"https:\/\/uvbbrasil.com.br\/uvb-json\/wp\/v2\/media?parent=33727"}],"wp:term":[{"taxonomy":"category","embeddable":true,"href":"https:\/\/uvbbrasil.com.br\/uvb-json\/wp\/v2\/categories?post=33727"},{"taxonomy":"post_tag","embeddable":true,"href":"https:\/\/uvbbrasil.com.br\/uvb-json\/wp\/v2\/tags?post=33727"}],"curies":[{"name":"wp","href":"https:\/\/api.w.org\/{rel}","templated":true}]}}