{"id":33716,"date":"2024-03-07T11:59:32","date_gmt":"2024-03-07T14:59:32","guid":{"rendered":"https:\/\/wpsandbox4.pante.com.br\/?p=33716"},"modified":"2024-03-07T11:59:32","modified_gmt":"2024-03-07T14:59:32","slug":"poder-legislativo-de-chapeco-sc-realiza-1o-seminario-da-procuradoria-especial-da-mulher","status":"publish","type":"post","link":"https:\/\/uvbbrasil.com.br\/poder-legislativo-de-chapeco-sc-realiza-1o-seminario-da-procuradoria-especial-da-mulher\/","title":{"rendered":"Poder Legislativo de Chapec\u00f3\/SC realiza 1\u00ba Semin\u00e1rio da Procuradoria Especial da Mulher"},"content":{"rendered":"<div id=\"page-title\" class=\"page-title-news\">\n<div class=\"container\">\n<div class=\"row\">\n<div class=\"col-12\">Evento discutiu combate a viol\u00eancia e discrimina\u00e7\u00e3o contra as mulheres<\/div>\n<\/div>\n<\/div>\n<\/div>\n<div class=\"page-title-lead\">\n<div class=\"container\">\n<div class=\"row\">\n<div>\n<p align=\"justify\"><span style=\"font-family: Arial, sans-serif;\">O m\u00eas de mar\u00e7o, per\u00edodo em que \u00e9 lembrado a luta e os desafios das mulheres, iniciou em Chapec\u00f3 de forma bastante positiva. A Procuradoria Especial da Mulher, implantada pela C\u00e2mara Municipal, realizou na tarde desta sexta-feira (01), o 1\u00ba Semin\u00e1rio destinado a discutir a viol\u00eancia e a discrimina\u00e7\u00e3o contra as mulheres. Diversas entidades participaram do evento e a\u00e7\u00f5es foram sugeridas para atividades que ser\u00e3o realizadas futuramente. A Procuradoria Especial \u00e9 formada pelas vereadoras Deise Schilke (Procuradora), Elisiani Sanches (1\u00aa Procuradora adjunta), Sueli Suttili (2\u00aa Procuradora adjunta) e Marcilei Vignatti (membro da Mesa Diretora).<\/span><\/p>\n<p align=\"justify\"><span style=\"font-family: Arial, sans-serif;\">Al\u00e9m dos vereadores, estiveram presentes no evento, representantes da Assembleia Legislativa de Santa Catarina, Poder Executivo Municipal, Defensoria P\u00fablica, Pol\u00edcia Militar, Pol\u00edcia Civil, Universidades, entidades de classe e clubes de servi\u00e7o. Cada representante teve a oportunidade de explanar sobre os servi\u00e7os realizados no combate a viol\u00eancia e discrimina\u00e7\u00e3o e apontar sugest\u00f5es.<\/span><\/p>\n<p align=\"justify\"><span style=\"font-family: Arial, sans-serif;\">De acordo com dados apresentados pela defensora p\u00fablica de Chapec\u00f3, Michele Andressa Alves, em Santa Catarina, s\u00e3o registrados 8.1 crimes contra as mulheres por hora. \u201cSomente em Chapec\u00f3, em 2023, foram contabilizados nove feminic\u00eddios\u201d, revelou. A deputada estadual Luciane Carminatti (PT), lembrou que em 2015, foi aprovado um projeto de lei que disponibiliza um banco de dados com todos os tipos de crimes contra as mulheres em Santa Catarina. \u201cTodas as secretarias do estado e todos os \u00f3rg\u00e3os de seguran\u00e7a t\u00eam acesso a essas informa\u00e7\u00f5es. Isso tem facilitado a\u00e7\u00f5es organizadas para proteger as mulheres\u201d. Ainda segundo ela, foram registradas ano passado, em Santa Catarina, 28.167 medidas protetivas.<\/span><\/p>\n<p align=\"justify\"><span style=\"font-family: Arial, sans-serif;\">Uma comiss\u00e3o ser\u00e1 formada com representantes de entidades, para discutir alternativas e a\u00e7\u00f5es para encaminhamentos necess\u00e1rios. \u201cNossa proposta \u00e9 receber as den\u00fancias para que os \u00f3rg\u00e3os competentes tomem as provid\u00eancias\u201d.<\/span><\/p>\n<p align=\"justify\"><span style=\"font-family: Arial, sans-serif;\">Para entrar em contato com a Procuradoria Especial da Mulher e denunciar a\u00e7\u00f5es de viol\u00eancia ou discrimina\u00e7\u00e3o, as pessoas interessadas podem ligar para o fone: (49) 9. 8418-9262 ou encaminhar mensagens neste n\u00famero via whatsapp. Tamb\u00e9m podem ser enviadas den\u00fancias no e-mail\u00a0<a href=\"mailto:procuradoriadamulher@cmc.sc.gov.br\">procuradoriadamulher@cmc.sc.gov.br<\/a>.<\/span><\/p>\n<p align=\"justify\"><img fetchpriority=\"high\" decoding=\"async\" class=\"alignnone size-medium wp-image-33717\" src=\"https:\/\/uvbbrasil.com.br\/wp-content\/uploads\/2024\/03\/KMumGuxeDQtxg27RZwTJt8NEe4uCy1RTzAOXSMU3-300x200.jpg\" alt=\"\" width=\"300\" height=\"200\" srcset=\"https:\/\/uvbbrasil.com.br\/wp-content\/uploads\/2024\/03\/KMumGuxeDQtxg27RZwTJt8NEe4uCy1RTzAOXSMU3-300x200.jpg 300w, https:\/\/uvbbrasil.com.br\/wp-content\/uploads\/2024\/03\/KMumGuxeDQtxg27RZwTJt8NEe4uCy1RTzAOXSMU3-1024x682.jpg 1024w, https:\/\/uvbbrasil.com.br\/wp-content\/uploads\/2024\/03\/KMumGuxeDQtxg27RZwTJt8NEe4uCy1RTzAOXSMU3-768x512.jpg 768w, https:\/\/uvbbrasil.com.br\/wp-content\/uploads\/2024\/03\/KMumGuxeDQtxg27RZwTJt8NEe4uCy1RTzAOXSMU3.jpg 1280w\" sizes=\"(max-width: 300px) 100vw, 300px\" \/><\/p>\n<\/div>\n<\/div>\n<\/div>\n<\/div>\n","protected":false},"excerpt":{"rendered":"<p>Evento discutiu combate a viol\u00eancia e discrimina\u00e7\u00e3o contra as mulheres O m\u00eas de mar\u00e7o, per\u00edodo em que \u00e9 lembrado a&#8230;<\/p>\n","protected":false},"author":1,"featured_media":33717,"comment_status":"open","ping_status":"open","sticky":false,"template":"","format":"standard","meta":{"footnotes":""},"categories":[3],"tags":[],"class_list":["post-33716","post","type-post","status-publish","format-standard","has-post-thumbnail","hentry","category-noticias"],"yoast_head":"<!-- This site is optimized with the Yoast SEO plugin v26.7 - https:\/\/yoast.com\/wordpress\/plugins\/seo\/ -->\n<title>Poder Legislativo de Chapec\u00f3\/SC realiza 1\u00ba Semin\u00e1rio da Procuradoria Especial da Mulher - UVB Brasil<\/title>\n<meta name=\"robots\" content=\"index, follow, max-snippet:-1, max-image-preview:large, max-video-preview:-1\" \/>\n<link rel=\"canonical\" href=\"https:\/\/uvbbrasil.com.br\/poder-legislativo-de-chapeco-sc-realiza-1o-seminario-da-procuradoria-especial-da-mulher\/\" \/>\n<meta property=\"og:locale\" content=\"pt_BR\" \/>\n<meta property=\"og:type\" content=\"article\" \/>\n<meta property=\"og:title\" content=\"Poder Legislativo de Chapec\u00f3\/SC realiza 1\u00ba Semin\u00e1rio da Procuradoria Especial da Mulher - UVB Brasil\" \/>\n<meta property=\"og:description\" content=\"Evento discutiu combate a viol\u00eancia e discrimina\u00e7\u00e3o contra as mulheres O m\u00eas de mar\u00e7o, per\u00edodo em que \u00e9 lembrado a...\" \/>\n<meta property=\"og:url\" content=\"https:\/\/uvbbrasil.com.br\/poder-legislativo-de-chapeco-sc-realiza-1o-seminario-da-procuradoria-especial-da-mulher\/\" \/>\n<meta property=\"og:site_name\" content=\"UVB Brasil\" \/>\n<meta property=\"article:publisher\" content=\"https:\/\/www.facebook.com\/uvb.vereadoresbrasil\" \/>\n<meta property=\"article:published_time\" content=\"2024-03-07T14:59:32+00:00\" \/>\n<meta property=\"og:image\" content=\"https:\/\/uvbbrasil.com.br\/wp-content\/uploads\/2024\/03\/KMumGuxeDQtxg27RZwTJt8NEe4uCy1RTzAOXSMU3.jpg\" \/>\n\t<meta property=\"og:image:width\" content=\"1280\" \/>\n\t<meta property=\"og:image:height\" content=\"853\" \/>\n\t<meta property=\"og:image:type\" content=\"image\/jpeg\" \/>\n<meta name=\"author\" content=\"adminuvb\" \/>\n<meta name=\"twitter:card\" content=\"summary_large_image\" \/>\n<meta name=\"twitter:label1\" content=\"Escrito por\" \/>\n\t<meta name=\"twitter:data1\" content=\"adminuvb\" \/>\n\t<meta name=\"twitter:label2\" content=\"Est. tempo de leitura\" \/>\n\t<meta name=\"twitter:data2\" content=\"2 minutos\" \/>\n<script type=\"application\/ld+json\" class=\"yoast-schema-graph\">{\"@context\":\"https:\/\/schema.org\",\"@graph\":[{\"@type\":\"Article\",\"@id\":\"https:\/\/uvbbrasil.com.br\/poder-legislativo-de-chapeco-sc-realiza-1o-seminario-da-procuradoria-especial-da-mulher\/#article\",\"isPartOf\":{\"@id\":\"https:\/\/uvbbrasil.com.br\/poder-legislativo-de-chapeco-sc-realiza-1o-seminario-da-procuradoria-especial-da-mulher\/\"},\"author\":{\"name\":\"adminuvb\",\"@id\":\"https:\/\/uvbbrasil.com.br\/#\/schema\/person\/17990098446c098f52effddff4f1b272\"},\"headline\":\"Poder Legislativo de Chapec\u00f3\/SC realiza 1\u00ba Semin\u00e1rio da Procuradoria Especial da Mulher\",\"datePublished\":\"2024-03-07T14:59:32+00:00\",\"mainEntityOfPage\":{\"@id\":\"https:\/\/uvbbrasil.com.br\/poder-legislativo-de-chapeco-sc-realiza-1o-seminario-da-procuradoria-especial-da-mulher\/\"},\"wordCount\":379,\"commentCount\":0,\"publisher\":{\"@id\":\"https:\/\/uvbbrasil.com.br\/#organization\"},\"image\":{\"@id\":\"https:\/\/uvbbrasil.com.br\/poder-legislativo-de-chapeco-sc-realiza-1o-seminario-da-procuradoria-especial-da-mulher\/#primaryimage\"},\"thumbnailUrl\":\"https:\/\/uvbbrasil.com.br\/wp-content\/uploads\/2024\/03\/KMumGuxeDQtxg27RZwTJt8NEe4uCy1RTzAOXSMU3.jpg\",\"articleSection\":[\"NOT\u00cdCIAS\"],\"inLanguage\":\"pt-BR\",\"potentialAction\":[{\"@type\":\"CommentAction\",\"name\":\"Comment\",\"target\":[\"https:\/\/uvbbrasil.com.br\/poder-legislativo-de-chapeco-sc-realiza-1o-seminario-da-procuradoria-especial-da-mulher\/#respond\"]}]},{\"@type\":\"WebPage\",\"@id\":\"https:\/\/uvbbrasil.com.br\/poder-legislativo-de-chapeco-sc-realiza-1o-seminario-da-procuradoria-especial-da-mulher\/\",\"url\":\"https:\/\/uvbbrasil.com.br\/poder-legislativo-de-chapeco-sc-realiza-1o-seminario-da-procuradoria-especial-da-mulher\/\",\"name\":\"Poder Legislativo de Chapec\u00f3\/SC realiza 1\u00ba Semin\u00e1rio da Procuradoria Especial da Mulher - UVB Brasil\",\"isPartOf\":{\"@id\":\"https:\/\/uvbbrasil.com.br\/#website\"},\"primaryImageOfPage\":{\"@id\":\"https:\/\/uvbbrasil.com.br\/poder-legislativo-de-chapeco-sc-realiza-1o-seminario-da-procuradoria-especial-da-mulher\/#primaryimage\"},\"image\":{\"@id\":\"https:\/\/uvbbrasil.com.br\/poder-legislativo-de-chapeco-sc-realiza-1o-seminario-da-procuradoria-especial-da-mulher\/#primaryimage\"},\"thumbnailUrl\":\"https:\/\/uvbbrasil.com.br\/wp-content\/uploads\/2024\/03\/KMumGuxeDQtxg27RZwTJt8NEe4uCy1RTzAOXSMU3.jpg\",\"datePublished\":\"2024-03-07T14:59:32+00:00\",\"breadcrumb\":{\"@id\":\"https:\/\/uvbbrasil.com.br\/poder-legislativo-de-chapeco-sc-realiza-1o-seminario-da-procuradoria-especial-da-mulher\/#breadcrumb\"},\"inLanguage\":\"pt-BR\",\"potentialAction\":[{\"@type\":\"ReadAction\",\"target\":[\"https:\/\/uvbbrasil.com.br\/poder-legislativo-de-chapeco-sc-realiza-1o-seminario-da-procuradoria-especial-da-mulher\/\"]}]},{\"@type\":\"ImageObject\",\"inLanguage\":\"pt-BR\",\"@id\":\"https:\/\/uvbbrasil.com.br\/poder-legislativo-de-chapeco-sc-realiza-1o-seminario-da-procuradoria-especial-da-mulher\/#primaryimage\",\"url\":\"https:\/\/uvbbrasil.com.br\/wp-content\/uploads\/2024\/03\/KMumGuxeDQtxg27RZwTJt8NEe4uCy1RTzAOXSMU3.jpg\",\"contentUrl\":\"https:\/\/uvbbrasil.com.br\/wp-content\/uploads\/2024\/03\/KMumGuxeDQtxg27RZwTJt8NEe4uCy1RTzAOXSMU3.jpg\",\"width\":1280,\"height\":853},{\"@type\":\"BreadcrumbList\",\"@id\":\"https:\/\/uvbbrasil.com.br\/poder-legislativo-de-chapeco-sc-realiza-1o-seminario-da-procuradoria-especial-da-mulher\/#breadcrumb\",\"itemListElement\":[{\"@type\":\"ListItem\",\"position\":1,\"name\":\"In\u00edcio\",\"item\":\"https:\/\/uvbbrasil.com.br\/\"},{\"@type\":\"ListItem\",\"position\":2,\"name\":\"Poder Legislativo de Chapec\u00f3\/SC realiza 1\u00ba Semin\u00e1rio da Procuradoria Especial da Mulher\"}]},{\"@type\":\"WebSite\",\"@id\":\"https:\/\/uvbbrasil.com.br\/#website\",\"url\":\"https:\/\/uvbbrasil.com.br\/\",\"name\":\"UVB Brasil\",\"description\":\"Uni\u00e3o dos Vereadores do Brasil\",\"publisher\":{\"@id\":\"https:\/\/uvbbrasil.com.br\/#organization\"},\"potentialAction\":[{\"@type\":\"SearchAction\",\"target\":{\"@type\":\"EntryPoint\",\"urlTemplate\":\"https:\/\/uvbbrasil.com.br\/?s={search_term_string}\"},\"query-input\":{\"@type\":\"PropertyValueSpecification\",\"valueRequired\":true,\"valueName\":\"search_term_string\"}}],\"inLanguage\":\"pt-BR\"},{\"@type\":\"Organization\",\"@id\":\"https:\/\/uvbbrasil.com.br\/#organization\",\"name\":\"UVB Brasil\",\"url\":\"https:\/\/uvbbrasil.com.br\/\",\"logo\":{\"@type\":\"ImageObject\",\"inLanguage\":\"pt-BR\",\"@id\":\"https:\/\/uvbbrasil.com.br\/#\/schema\/logo\/image\/\",\"url\":\"https:\/\/uvbbrasil.com.br\/wp-content\/uploads\/2025\/01\/LOGO-UVB-2024-azul-1.jpg\",\"contentUrl\":\"https:\/\/uvbbrasil.com.br\/wp-content\/uploads\/2025\/01\/LOGO-UVB-2024-azul-1.jpg\",\"width\":600,\"height\":211,\"caption\":\"UVB Brasil\"},\"image\":{\"@id\":\"https:\/\/uvbbrasil.com.br\/#\/schema\/logo\/image\/\"},\"sameAs\":[\"https:\/\/www.facebook.com\/uvb.vereadoresbrasil\",\"https:\/\/www.instagram.com\/uvbbrasil\/\",\"https:\/\/www.youtube.com\/channel\/UCIlPQ8Xzw5GHNzosQIg9S5A\"]},{\"@type\":\"Person\",\"@id\":\"https:\/\/uvbbrasil.com.br\/#\/schema\/person\/17990098446c098f52effddff4f1b272\",\"name\":\"adminuvb\",\"image\":{\"@type\":\"ImageObject\",\"inLanguage\":\"pt-BR\",\"@id\":\"https:\/\/uvbbrasil.com.br\/#\/schema\/person\/image\/\",\"url\":\"https:\/\/secure.gravatar.com\/avatar\/1a494ea6f8e2dd1ae526e55b0e9497efdba542491e0620d704cccf63c6f77c45?s=96&d=mm&r=g\",\"contentUrl\":\"https:\/\/secure.gravatar.com\/avatar\/1a494ea6f8e2dd1ae526e55b0e9497efdba542491e0620d704cccf63c6f77c45?s=96&d=mm&r=g\",\"caption\":\"adminuvb\"},\"sameAs\":[\"https:\/\/uvbbrasil.com.br\"],\"url\":\"https:\/\/uvbbrasil.com.br\/author\/adminuvb\/\"}]}<\/script>\n<!-- \/ Yoast SEO plugin. -->","yoast_head_json":{"title":"Poder Legislativo de Chapec\u00f3\/SC realiza 1\u00ba Semin\u00e1rio da Procuradoria Especial da Mulher - UVB Brasil","robots":{"index":"index","follow":"follow","max-snippet":"max-snippet:-1","max-image-preview":"max-image-preview:large","max-video-preview":"max-video-preview:-1"},"canonical":"https:\/\/uvbbrasil.com.br\/poder-legislativo-de-chapeco-sc-realiza-1o-seminario-da-procuradoria-especial-da-mulher\/","og_locale":"pt_BR","og_type":"article","og_title":"Poder Legislativo de Chapec\u00f3\/SC realiza 1\u00ba Semin\u00e1rio da Procuradoria Especial da Mulher - UVB Brasil","og_description":"Evento discutiu combate a viol\u00eancia e discrimina\u00e7\u00e3o contra as mulheres O m\u00eas de mar\u00e7o, per\u00edodo em que \u00e9 lembrado a...","og_url":"https:\/\/uvbbrasil.com.br\/poder-legislativo-de-chapeco-sc-realiza-1o-seminario-da-procuradoria-especial-da-mulher\/","og_site_name":"UVB Brasil","article_publisher":"https:\/\/www.facebook.com\/uvb.vereadoresbrasil","article_published_time":"2024-03-07T14:59:32+00:00","og_image":[{"width":1280,"height":853,"url":"https:\/\/uvbbrasil.com.br\/wp-content\/uploads\/2024\/03\/KMumGuxeDQtxg27RZwTJt8NEe4uCy1RTzAOXSMU3.jpg","type":"image\/jpeg"}],"author":"adminuvb","twitter_card":"summary_large_image","twitter_misc":{"Escrito por":"adminuvb","Est. tempo de leitura":"2 minutos"},"schema":{"@context":"https:\/\/schema.org","@graph":[{"@type":"Article","@id":"https:\/\/uvbbrasil.com.br\/poder-legislativo-de-chapeco-sc-realiza-1o-seminario-da-procuradoria-especial-da-mulher\/#article","isPartOf":{"@id":"https:\/\/uvbbrasil.com.br\/poder-legislativo-de-chapeco-sc-realiza-1o-seminario-da-procuradoria-especial-da-mulher\/"},"author":{"name":"adminuvb","@id":"https:\/\/uvbbrasil.com.br\/#\/schema\/person\/17990098446c098f52effddff4f1b272"},"headline":"Poder Legislativo de Chapec\u00f3\/SC realiza 1\u00ba Semin\u00e1rio da Procuradoria Especial da Mulher","datePublished":"2024-03-07T14:59:32+00:00","mainEntityOfPage":{"@id":"https:\/\/uvbbrasil.com.br\/poder-legislativo-de-chapeco-sc-realiza-1o-seminario-da-procuradoria-especial-da-mulher\/"},"wordCount":379,"commentCount":0,"publisher":{"@id":"https:\/\/uvbbrasil.com.br\/#organization"},"image":{"@id":"https:\/\/uvbbrasil.com.br\/poder-legislativo-de-chapeco-sc-realiza-1o-seminario-da-procuradoria-especial-da-mulher\/#primaryimage"},"thumbnailUrl":"https:\/\/uvbbrasil.com.br\/wp-content\/uploads\/2024\/03\/KMumGuxeDQtxg27RZwTJt8NEe4uCy1RTzAOXSMU3.jpg","articleSection":["NOT\u00cdCIAS"],"inLanguage":"pt-BR","potentialAction":[{"@type":"CommentAction","name":"Comment","target":["https:\/\/uvbbrasil.com.br\/poder-legislativo-de-chapeco-sc-realiza-1o-seminario-da-procuradoria-especial-da-mulher\/#respond"]}]},{"@type":"WebPage","@id":"https:\/\/uvbbrasil.com.br\/poder-legislativo-de-chapeco-sc-realiza-1o-seminario-da-procuradoria-especial-da-mulher\/","url":"https:\/\/uvbbrasil.com.br\/poder-legislativo-de-chapeco-sc-realiza-1o-seminario-da-procuradoria-especial-da-mulher\/","name":"Poder Legislativo de Chapec\u00f3\/SC realiza 1\u00ba Semin\u00e1rio da Procuradoria Especial da Mulher - UVB Brasil","isPartOf":{"@id":"https:\/\/uvbbrasil.com.br\/#website"},"primaryImageOfPage":{"@id":"https:\/\/uvbbrasil.com.br\/poder-legislativo-de-chapeco-sc-realiza-1o-seminario-da-procuradoria-especial-da-mulher\/#primaryimage"},"image":{"@id":"https:\/\/uvbbrasil.com.br\/poder-legislativo-de-chapeco-sc-realiza-1o-seminario-da-procuradoria-especial-da-mulher\/#primaryimage"},"thumbnailUrl":"https:\/\/uvbbrasil.com.br\/wp-content\/uploads\/2024\/03\/KMumGuxeDQtxg27RZwTJt8NEe4uCy1RTzAOXSMU3.jpg","datePublished":"2024-03-07T14:59:32+00:00","breadcrumb":{"@id":"https:\/\/uvbbrasil.com.br\/poder-legislativo-de-chapeco-sc-realiza-1o-seminario-da-procuradoria-especial-da-mulher\/#breadcrumb"},"inLanguage":"pt-BR","potentialAction":[{"@type":"ReadAction","target":["https:\/\/uvbbrasil.com.br\/poder-legislativo-de-chapeco-sc-realiza-1o-seminario-da-procuradoria-especial-da-mulher\/"]}]},{"@type":"ImageObject","inLanguage":"pt-BR","@id":"https:\/\/uvbbrasil.com.br\/poder-legislativo-de-chapeco-sc-realiza-1o-seminario-da-procuradoria-especial-da-mulher\/#primaryimage","url":"https:\/\/uvbbrasil.com.br\/wp-content\/uploads\/2024\/03\/KMumGuxeDQtxg27RZwTJt8NEe4uCy1RTzAOXSMU3.jpg","contentUrl":"https:\/\/uvbbrasil.com.br\/wp-content\/uploads\/2024\/03\/KMumGuxeDQtxg27RZwTJt8NEe4uCy1RTzAOXSMU3.jpg","width":1280,"height":853},{"@type":"BreadcrumbList","@id":"https:\/\/uvbbrasil.com.br\/poder-legislativo-de-chapeco-sc-realiza-1o-seminario-da-procuradoria-especial-da-mulher\/#breadcrumb","itemListElement":[{"@type":"ListItem","position":1,"name":"In\u00edcio","item":"https:\/\/uvbbrasil.com.br\/"},{"@type":"ListItem","position":2,"name":"Poder Legislativo de Chapec\u00f3\/SC realiza 1\u00ba Semin\u00e1rio da Procuradoria Especial da Mulher"}]},{"@type":"WebSite","@id":"https:\/\/uvbbrasil.com.br\/#website","url":"https:\/\/uvbbrasil.com.br\/","name":"UVB Brasil","description":"Uni\u00e3o dos Vereadores do Brasil","publisher":{"@id":"https:\/\/uvbbrasil.com.br\/#organization"},"potentialAction":[{"@type":"SearchAction","target":{"@type":"EntryPoint","urlTemplate":"https:\/\/uvbbrasil.com.br\/?s={search_term_string}"},"query-input":{"@type":"PropertyValueSpecification","valueRequired":true,"valueName":"search_term_string"}}],"inLanguage":"pt-BR"},{"@type":"Organization","@id":"https:\/\/uvbbrasil.com.br\/#organization","name":"UVB Brasil","url":"https:\/\/uvbbrasil.com.br\/","logo":{"@type":"ImageObject","inLanguage":"pt-BR","@id":"https:\/\/uvbbrasil.com.br\/#\/schema\/logo\/image\/","url":"https:\/\/uvbbrasil.com.br\/wp-content\/uploads\/2025\/01\/LOGO-UVB-2024-azul-1.jpg","contentUrl":"https:\/\/uvbbrasil.com.br\/wp-content\/uploads\/2025\/01\/LOGO-UVB-2024-azul-1.jpg","width":600,"height":211,"caption":"UVB Brasil"},"image":{"@id":"https:\/\/uvbbrasil.com.br\/#\/schema\/logo\/image\/"},"sameAs":["https:\/\/www.facebook.com\/uvb.vereadoresbrasil","https:\/\/www.instagram.com\/uvbbrasil\/","https:\/\/www.youtube.com\/channel\/UCIlPQ8Xzw5GHNzosQIg9S5A"]},{"@type":"Person","@id":"https:\/\/uvbbrasil.com.br\/#\/schema\/person\/17990098446c098f52effddff4f1b272","name":"adminuvb","image":{"@type":"ImageObject","inLanguage":"pt-BR","@id":"https:\/\/uvbbrasil.com.br\/#\/schema\/person\/image\/","url":"https:\/\/secure.gravatar.com\/avatar\/1a494ea6f8e2dd1ae526e55b0e9497efdba542491e0620d704cccf63c6f77c45?s=96&d=mm&r=g","contentUrl":"https:\/\/secure.gravatar.com\/avatar\/1a494ea6f8e2dd1ae526e55b0e9497efdba542491e0620d704cccf63c6f77c45?s=96&d=mm&r=g","caption":"adminuvb"},"sameAs":["https:\/\/uvbbrasil.com.br"],"url":"https:\/\/uvbbrasil.com.br\/author\/adminuvb\/"}]}},"_links":{"self":[{"href":"https:\/\/uvbbrasil.com.br\/uvb-json\/wp\/v2\/posts\/33716","targetHints":{"allow":["GET"]}}],"collection":[{"href":"https:\/\/uvbbrasil.com.br\/uvb-json\/wp\/v2\/posts"}],"about":[{"href":"https:\/\/uvbbrasil.com.br\/uvb-json\/wp\/v2\/types\/post"}],"author":[{"embeddable":true,"href":"https:\/\/uvbbrasil.com.br\/uvb-json\/wp\/v2\/users\/1"}],"replies":[{"embeddable":true,"href":"https:\/\/uvbbrasil.com.br\/uvb-json\/wp\/v2\/comments?post=33716"}],"version-history":[{"count":0,"href":"https:\/\/uvbbrasil.com.br\/uvb-json\/wp\/v2\/posts\/33716\/revisions"}],"wp:featuredmedia":[{"embeddable":true,"href":"https:\/\/uvbbrasil.com.br\/uvb-json\/wp\/v2\/media\/33717"}],"wp:attachment":[{"href":"https:\/\/uvbbrasil.com.br\/uvb-json\/wp\/v2\/media?parent=33716"}],"wp:term":[{"taxonomy":"category","embeddable":true,"href":"https:\/\/uvbbrasil.com.br\/uvb-json\/wp\/v2\/categories?post=33716"},{"taxonomy":"post_tag","embeddable":true,"href":"https:\/\/uvbbrasil.com.br\/uvb-json\/wp\/v2\/tags?post=33716"}],"curies":[{"name":"wp","href":"https:\/\/api.w.org\/{rel}","templated":true}]}}