{"id":33689,"date":"2024-03-03T06:47:27","date_gmt":"2024-03-03T09:47:27","guid":{"rendered":"https:\/\/wpsandbox4.pante.com.br\/?p=33689"},"modified":"2024-03-03T06:47:27","modified_gmt":"2024-03-03T09:47:27","slug":"presidente-da-uvc-enaltece-o-encontro-legislativos-e-entrega-da-nova-sede-da-entidade","status":"publish","type":"post","link":"https:\/\/uvbbrasil.com.br\/presidente-da-uvc-enaltece-o-encontro-legislativos-e-entrega-da-nova-sede-da-entidade\/","title":{"rendered":"Presidente da UVC enaltece o encontro Legislativos e entrega da nova sede da entidade"},"content":{"rendered":"<div class=\"wrap\">\n<div id=\"conteudo\">\n<div class=\"page-crumbs\">\n<div id=\"crumbs\"><\/div>\n<\/div>\n<div class=\"page-content\">\n<div class=\"wp-block-image\">\n<figure class=\"aligncenter size-large is-resized\">Toim Braga, Presidente da Uni\u00e3o dos Vereadores do Cear\u00e1 (UVC), elogiou a inaugura\u00e7\u00e3o da nova sede, cujos preparativos tiveram in\u00edcio durante o governo de Cid Gomes.<\/figure>\n<\/div>\n<p>Ele destacou a trajet\u00f3ria desde a doa\u00e7\u00e3o do terreno pelo ent\u00e3o governador, passando pelo suporte dos governos subsequentes, incluindo Camilo, a governadora Izolda, at\u00e9 a conclus\u00e3o e entrega final pelo governador Elmano, ocorrida em setembro passado.<\/p>\n<p>\u201cA UVC \u00e9 uma das poucas entidades no Brasil a possuir sede pr\u00f3pria. No evento de agora, estimamos acomodar 150 pessoas, agora nos vemos recebendo at\u00e9 400. Este \u00e9 um momento de realiza\u00e7\u00e3o de um sonho h\u00e1 muito acalentado\u201d, enfatizou.<\/p>\n<\/div>\n<\/div>\n<\/div>\n<p><img fetchpriority=\"high\" decoding=\"async\" class=\"alignnone size-medium wp-image-33690\" src=\"https:\/\/uvbbrasil.com.br\/wp-content\/uploads\/2024\/03\/uvc-toim-225x300.jpeg\" alt=\"\" width=\"225\" height=\"300\" srcset=\"https:\/\/uvbbrasil.com.br\/wp-content\/uploads\/2024\/03\/uvc-toim-225x300.jpeg 225w, https:\/\/uvbbrasil.com.br\/wp-content\/uploads\/2024\/03\/uvc-toim.jpeg 768w\" sizes=\"(max-width: 225px) 100vw, 225px\" \/><\/p>\n","protected":false},"excerpt":{"rendered":"<p>Toim Braga, Presidente da Uni\u00e3o dos Vereadores do Cear\u00e1 (UVC), elogiou a inaugura\u00e7\u00e3o da nova sede, cujos preparativos tiveram in\u00edcio&#8230;<\/p>\n","protected":false},"author":1,"featured_media":33690,"comment_status":"open","ping_status":"open","sticky":false,"template":"","format":"standard","meta":{"footnotes":""},"categories":[3],"tags":[],"class_list":["post-33689","post","type-post","status-publish","format-standard","has-post-thumbnail","hentry","category-noticias"],"yoast_head":"<!-- This site is optimized with the Yoast SEO plugin v26.7 - https:\/\/yoast.com\/wordpress\/plugins\/seo\/ -->\n<title>Presidente da UVC enaltece o encontro Legislativos e entrega da nova sede da entidade - UVB Brasil<\/title>\n<meta name=\"robots\" content=\"index, follow, max-snippet:-1, max-image-preview:large, max-video-preview:-1\" \/>\n<link rel=\"canonical\" href=\"https:\/\/uvbbrasil.com.br\/presidente-da-uvc-enaltece-o-encontro-legislativos-e-entrega-da-nova-sede-da-entidade\/\" \/>\n<meta property=\"og:locale\" content=\"pt_BR\" \/>\n<meta property=\"og:type\" content=\"article\" \/>\n<meta property=\"og:title\" content=\"Presidente da UVC enaltece o encontro Legislativos e entrega da nova sede da entidade - UVB Brasil\" \/>\n<meta property=\"og:description\" content=\"Toim Braga, Presidente da Uni\u00e3o dos Vereadores do Cear\u00e1 (UVC), elogiou a inaugura\u00e7\u00e3o da nova sede, cujos preparativos tiveram in\u00edcio...\" \/>\n<meta property=\"og:url\" content=\"https:\/\/uvbbrasil.com.br\/presidente-da-uvc-enaltece-o-encontro-legislativos-e-entrega-da-nova-sede-da-entidade\/\" \/>\n<meta property=\"og:site_name\" content=\"UVB Brasil\" \/>\n<meta property=\"article:publisher\" content=\"https:\/\/www.facebook.com\/uvb.vereadoresbrasil\" \/>\n<meta property=\"article:published_time\" content=\"2024-03-03T09:47:27+00:00\" \/>\n<meta property=\"og:image\" content=\"https:\/\/uvbbrasil.com.br\/wp-content\/uploads\/2024\/03\/uvc-toim.jpeg\" \/>\n\t<meta property=\"og:image:width\" content=\"768\" \/>\n\t<meta property=\"og:image:height\" content=\"1024\" \/>\n\t<meta property=\"og:image:type\" content=\"image\/jpeg\" \/>\n<meta name=\"author\" content=\"adminuvb\" \/>\n<meta name=\"twitter:card\" content=\"summary_large_image\" \/>\n<meta name=\"twitter:label1\" content=\"Escrito por\" \/>\n\t<meta name=\"twitter:data1\" content=\"adminuvb\" \/>\n\t<meta name=\"twitter:label2\" content=\"Est. tempo de leitura\" \/>\n\t<meta name=\"twitter:data2\" content=\"1 minuto\" \/>\n<script type=\"application\/ld+json\" class=\"yoast-schema-graph\">{\"@context\":\"https:\/\/schema.org\",\"@graph\":[{\"@type\":\"Article\",\"@id\":\"https:\/\/uvbbrasil.com.br\/presidente-da-uvc-enaltece-o-encontro-legislativos-e-entrega-da-nova-sede-da-entidade\/#article\",\"isPartOf\":{\"@id\":\"https:\/\/uvbbrasil.com.br\/presidente-da-uvc-enaltece-o-encontro-legislativos-e-entrega-da-nova-sede-da-entidade\/\"},\"author\":{\"name\":\"adminuvb\",\"@id\":\"https:\/\/uvbbrasil.com.br\/#\/schema\/person\/17990098446c098f52effddff4f1b272\"},\"headline\":\"Presidente da UVC enaltece o encontro Legislativos e entrega da nova sede da entidade\",\"datePublished\":\"2024-03-03T09:47:27+00:00\",\"mainEntityOfPage\":{\"@id\":\"https:\/\/uvbbrasil.com.br\/presidente-da-uvc-enaltece-o-encontro-legislativos-e-entrega-da-nova-sede-da-entidade\/\"},\"wordCount\":121,\"commentCount\":0,\"publisher\":{\"@id\":\"https:\/\/uvbbrasil.com.br\/#organization\"},\"image\":{\"@id\":\"https:\/\/uvbbrasil.com.br\/presidente-da-uvc-enaltece-o-encontro-legislativos-e-entrega-da-nova-sede-da-entidade\/#primaryimage\"},\"thumbnailUrl\":\"https:\/\/uvbbrasil.com.br\/wp-content\/uploads\/2024\/03\/uvc-toim.jpeg\",\"articleSection\":[\"NOT\u00cdCIAS\"],\"inLanguage\":\"pt-BR\",\"potentialAction\":[{\"@type\":\"CommentAction\",\"name\":\"Comment\",\"target\":[\"https:\/\/uvbbrasil.com.br\/presidente-da-uvc-enaltece-o-encontro-legislativos-e-entrega-da-nova-sede-da-entidade\/#respond\"]}]},{\"@type\":\"WebPage\",\"@id\":\"https:\/\/uvbbrasil.com.br\/presidente-da-uvc-enaltece-o-encontro-legislativos-e-entrega-da-nova-sede-da-entidade\/\",\"url\":\"https:\/\/uvbbrasil.com.br\/presidente-da-uvc-enaltece-o-encontro-legislativos-e-entrega-da-nova-sede-da-entidade\/\",\"name\":\"Presidente da UVC enaltece o encontro Legislativos e entrega da nova sede da entidade - UVB Brasil\",\"isPartOf\":{\"@id\":\"https:\/\/uvbbrasil.com.br\/#website\"},\"primaryImageOfPage\":{\"@id\":\"https:\/\/uvbbrasil.com.br\/presidente-da-uvc-enaltece-o-encontro-legislativos-e-entrega-da-nova-sede-da-entidade\/#primaryimage\"},\"image\":{\"@id\":\"https:\/\/uvbbrasil.com.br\/presidente-da-uvc-enaltece-o-encontro-legislativos-e-entrega-da-nova-sede-da-entidade\/#primaryimage\"},\"thumbnailUrl\":\"https:\/\/uvbbrasil.com.br\/wp-content\/uploads\/2024\/03\/uvc-toim.jpeg\",\"datePublished\":\"2024-03-03T09:47:27+00:00\",\"breadcrumb\":{\"@id\":\"https:\/\/uvbbrasil.com.br\/presidente-da-uvc-enaltece-o-encontro-legislativos-e-entrega-da-nova-sede-da-entidade\/#breadcrumb\"},\"inLanguage\":\"pt-BR\",\"potentialAction\":[{\"@type\":\"ReadAction\",\"target\":[\"https:\/\/uvbbrasil.com.br\/presidente-da-uvc-enaltece-o-encontro-legislativos-e-entrega-da-nova-sede-da-entidade\/\"]}]},{\"@type\":\"ImageObject\",\"inLanguage\":\"pt-BR\",\"@id\":\"https:\/\/uvbbrasil.com.br\/presidente-da-uvc-enaltece-o-encontro-legislativos-e-entrega-da-nova-sede-da-entidade\/#primaryimage\",\"url\":\"https:\/\/uvbbrasil.com.br\/wp-content\/uploads\/2024\/03\/uvc-toim.jpeg\",\"contentUrl\":\"https:\/\/uvbbrasil.com.br\/wp-content\/uploads\/2024\/03\/uvc-toim.jpeg\",\"width\":768,\"height\":1024},{\"@type\":\"BreadcrumbList\",\"@id\":\"https:\/\/uvbbrasil.com.br\/presidente-da-uvc-enaltece-o-encontro-legislativos-e-entrega-da-nova-sede-da-entidade\/#breadcrumb\",\"itemListElement\":[{\"@type\":\"ListItem\",\"position\":1,\"name\":\"In\u00edcio\",\"item\":\"https:\/\/uvbbrasil.com.br\/\"},{\"@type\":\"ListItem\",\"position\":2,\"name\":\"Presidente da UVC enaltece o encontro Legislativos e entrega da nova sede da entidade\"}]},{\"@type\":\"WebSite\",\"@id\":\"https:\/\/uvbbrasil.com.br\/#website\",\"url\":\"https:\/\/uvbbrasil.com.br\/\",\"name\":\"UVB Brasil\",\"description\":\"Uni\u00e3o dos Vereadores do Brasil\",\"publisher\":{\"@id\":\"https:\/\/uvbbrasil.com.br\/#organization\"},\"potentialAction\":[{\"@type\":\"SearchAction\",\"target\":{\"@type\":\"EntryPoint\",\"urlTemplate\":\"https:\/\/uvbbrasil.com.br\/?s={search_term_string}\"},\"query-input\":{\"@type\":\"PropertyValueSpecification\",\"valueRequired\":true,\"valueName\":\"search_term_string\"}}],\"inLanguage\":\"pt-BR\"},{\"@type\":\"Organization\",\"@id\":\"https:\/\/uvbbrasil.com.br\/#organization\",\"name\":\"UVB Brasil\",\"url\":\"https:\/\/uvbbrasil.com.br\/\",\"logo\":{\"@type\":\"ImageObject\",\"inLanguage\":\"pt-BR\",\"@id\":\"https:\/\/uvbbrasil.com.br\/#\/schema\/logo\/image\/\",\"url\":\"https:\/\/uvbbrasil.com.br\/wp-content\/uploads\/2025\/01\/LOGO-UVB-2024-azul-1.jpg\",\"contentUrl\":\"https:\/\/uvbbrasil.com.br\/wp-content\/uploads\/2025\/01\/LOGO-UVB-2024-azul-1.jpg\",\"width\":600,\"height\":211,\"caption\":\"UVB Brasil\"},\"image\":{\"@id\":\"https:\/\/uvbbrasil.com.br\/#\/schema\/logo\/image\/\"},\"sameAs\":[\"https:\/\/www.facebook.com\/uvb.vereadoresbrasil\",\"https:\/\/www.instagram.com\/uvbbrasil\/\",\"https:\/\/www.youtube.com\/channel\/UCIlPQ8Xzw5GHNzosQIg9S5A\"]},{\"@type\":\"Person\",\"@id\":\"https:\/\/uvbbrasil.com.br\/#\/schema\/person\/17990098446c098f52effddff4f1b272\",\"name\":\"adminuvb\",\"image\":{\"@type\":\"ImageObject\",\"inLanguage\":\"pt-BR\",\"@id\":\"https:\/\/uvbbrasil.com.br\/#\/schema\/person\/image\/\",\"url\":\"https:\/\/secure.gravatar.com\/avatar\/1a494ea6f8e2dd1ae526e55b0e9497efdba542491e0620d704cccf63c6f77c45?s=96&d=mm&r=g\",\"contentUrl\":\"https:\/\/secure.gravatar.com\/avatar\/1a494ea6f8e2dd1ae526e55b0e9497efdba542491e0620d704cccf63c6f77c45?s=96&d=mm&r=g\",\"caption\":\"adminuvb\"},\"sameAs\":[\"https:\/\/uvbbrasil.com.br\"],\"url\":\"https:\/\/uvbbrasil.com.br\/author\/adminuvb\/\"}]}<\/script>\n<!-- \/ Yoast SEO plugin. -->","yoast_head_json":{"title":"Presidente da UVC enaltece o encontro Legislativos e entrega da nova sede da entidade - UVB Brasil","robots":{"index":"index","follow":"follow","max-snippet":"max-snippet:-1","max-image-preview":"max-image-preview:large","max-video-preview":"max-video-preview:-1"},"canonical":"https:\/\/uvbbrasil.com.br\/presidente-da-uvc-enaltece-o-encontro-legislativos-e-entrega-da-nova-sede-da-entidade\/","og_locale":"pt_BR","og_type":"article","og_title":"Presidente da UVC enaltece o encontro Legislativos e entrega da nova sede da entidade - UVB Brasil","og_description":"Toim Braga, Presidente da Uni\u00e3o dos Vereadores do Cear\u00e1 (UVC), elogiou a inaugura\u00e7\u00e3o da nova sede, cujos preparativos tiveram in\u00edcio...","og_url":"https:\/\/uvbbrasil.com.br\/presidente-da-uvc-enaltece-o-encontro-legislativos-e-entrega-da-nova-sede-da-entidade\/","og_site_name":"UVB Brasil","article_publisher":"https:\/\/www.facebook.com\/uvb.vereadoresbrasil","article_published_time":"2024-03-03T09:47:27+00:00","og_image":[{"width":768,"height":1024,"url":"https:\/\/uvbbrasil.com.br\/wp-content\/uploads\/2024\/03\/uvc-toim.jpeg","type":"image\/jpeg"}],"author":"adminuvb","twitter_card":"summary_large_image","twitter_misc":{"Escrito por":"adminuvb","Est. tempo de leitura":"1 minuto"},"schema":{"@context":"https:\/\/schema.org","@graph":[{"@type":"Article","@id":"https:\/\/uvbbrasil.com.br\/presidente-da-uvc-enaltece-o-encontro-legislativos-e-entrega-da-nova-sede-da-entidade\/#article","isPartOf":{"@id":"https:\/\/uvbbrasil.com.br\/presidente-da-uvc-enaltece-o-encontro-legislativos-e-entrega-da-nova-sede-da-entidade\/"},"author":{"name":"adminuvb","@id":"https:\/\/uvbbrasil.com.br\/#\/schema\/person\/17990098446c098f52effddff4f1b272"},"headline":"Presidente da UVC enaltece o encontro Legislativos e entrega da nova sede da entidade","datePublished":"2024-03-03T09:47:27+00:00","mainEntityOfPage":{"@id":"https:\/\/uvbbrasil.com.br\/presidente-da-uvc-enaltece-o-encontro-legislativos-e-entrega-da-nova-sede-da-entidade\/"},"wordCount":121,"commentCount":0,"publisher":{"@id":"https:\/\/uvbbrasil.com.br\/#organization"},"image":{"@id":"https:\/\/uvbbrasil.com.br\/presidente-da-uvc-enaltece-o-encontro-legislativos-e-entrega-da-nova-sede-da-entidade\/#primaryimage"},"thumbnailUrl":"https:\/\/uvbbrasil.com.br\/wp-content\/uploads\/2024\/03\/uvc-toim.jpeg","articleSection":["NOT\u00cdCIAS"],"inLanguage":"pt-BR","potentialAction":[{"@type":"CommentAction","name":"Comment","target":["https:\/\/uvbbrasil.com.br\/presidente-da-uvc-enaltece-o-encontro-legislativos-e-entrega-da-nova-sede-da-entidade\/#respond"]}]},{"@type":"WebPage","@id":"https:\/\/uvbbrasil.com.br\/presidente-da-uvc-enaltece-o-encontro-legislativos-e-entrega-da-nova-sede-da-entidade\/","url":"https:\/\/uvbbrasil.com.br\/presidente-da-uvc-enaltece-o-encontro-legislativos-e-entrega-da-nova-sede-da-entidade\/","name":"Presidente da UVC enaltece o encontro Legislativos e entrega da nova sede da entidade - UVB Brasil","isPartOf":{"@id":"https:\/\/uvbbrasil.com.br\/#website"},"primaryImageOfPage":{"@id":"https:\/\/uvbbrasil.com.br\/presidente-da-uvc-enaltece-o-encontro-legislativos-e-entrega-da-nova-sede-da-entidade\/#primaryimage"},"image":{"@id":"https:\/\/uvbbrasil.com.br\/presidente-da-uvc-enaltece-o-encontro-legislativos-e-entrega-da-nova-sede-da-entidade\/#primaryimage"},"thumbnailUrl":"https:\/\/uvbbrasil.com.br\/wp-content\/uploads\/2024\/03\/uvc-toim.jpeg","datePublished":"2024-03-03T09:47:27+00:00","breadcrumb":{"@id":"https:\/\/uvbbrasil.com.br\/presidente-da-uvc-enaltece-o-encontro-legislativos-e-entrega-da-nova-sede-da-entidade\/#breadcrumb"},"inLanguage":"pt-BR","potentialAction":[{"@type":"ReadAction","target":["https:\/\/uvbbrasil.com.br\/presidente-da-uvc-enaltece-o-encontro-legislativos-e-entrega-da-nova-sede-da-entidade\/"]}]},{"@type":"ImageObject","inLanguage":"pt-BR","@id":"https:\/\/uvbbrasil.com.br\/presidente-da-uvc-enaltece-o-encontro-legislativos-e-entrega-da-nova-sede-da-entidade\/#primaryimage","url":"https:\/\/uvbbrasil.com.br\/wp-content\/uploads\/2024\/03\/uvc-toim.jpeg","contentUrl":"https:\/\/uvbbrasil.com.br\/wp-content\/uploads\/2024\/03\/uvc-toim.jpeg","width":768,"height":1024},{"@type":"BreadcrumbList","@id":"https:\/\/uvbbrasil.com.br\/presidente-da-uvc-enaltece-o-encontro-legislativos-e-entrega-da-nova-sede-da-entidade\/#breadcrumb","itemListElement":[{"@type":"ListItem","position":1,"name":"In\u00edcio","item":"https:\/\/uvbbrasil.com.br\/"},{"@type":"ListItem","position":2,"name":"Presidente da UVC enaltece o encontro Legislativos e entrega da nova sede da entidade"}]},{"@type":"WebSite","@id":"https:\/\/uvbbrasil.com.br\/#website","url":"https:\/\/uvbbrasil.com.br\/","name":"UVB Brasil","description":"Uni\u00e3o dos Vereadores do Brasil","publisher":{"@id":"https:\/\/uvbbrasil.com.br\/#organization"},"potentialAction":[{"@type":"SearchAction","target":{"@type":"EntryPoint","urlTemplate":"https:\/\/uvbbrasil.com.br\/?s={search_term_string}"},"query-input":{"@type":"PropertyValueSpecification","valueRequired":true,"valueName":"search_term_string"}}],"inLanguage":"pt-BR"},{"@type":"Organization","@id":"https:\/\/uvbbrasil.com.br\/#organization","name":"UVB Brasil","url":"https:\/\/uvbbrasil.com.br\/","logo":{"@type":"ImageObject","inLanguage":"pt-BR","@id":"https:\/\/uvbbrasil.com.br\/#\/schema\/logo\/image\/","url":"https:\/\/uvbbrasil.com.br\/wp-content\/uploads\/2025\/01\/LOGO-UVB-2024-azul-1.jpg","contentUrl":"https:\/\/uvbbrasil.com.br\/wp-content\/uploads\/2025\/01\/LOGO-UVB-2024-azul-1.jpg","width":600,"height":211,"caption":"UVB Brasil"},"image":{"@id":"https:\/\/uvbbrasil.com.br\/#\/schema\/logo\/image\/"},"sameAs":["https:\/\/www.facebook.com\/uvb.vereadoresbrasil","https:\/\/www.instagram.com\/uvbbrasil\/","https:\/\/www.youtube.com\/channel\/UCIlPQ8Xzw5GHNzosQIg9S5A"]},{"@type":"Person","@id":"https:\/\/uvbbrasil.com.br\/#\/schema\/person\/17990098446c098f52effddff4f1b272","name":"adminuvb","image":{"@type":"ImageObject","inLanguage":"pt-BR","@id":"https:\/\/uvbbrasil.com.br\/#\/schema\/person\/image\/","url":"https:\/\/secure.gravatar.com\/avatar\/1a494ea6f8e2dd1ae526e55b0e9497efdba542491e0620d704cccf63c6f77c45?s=96&d=mm&r=g","contentUrl":"https:\/\/secure.gravatar.com\/avatar\/1a494ea6f8e2dd1ae526e55b0e9497efdba542491e0620d704cccf63c6f77c45?s=96&d=mm&r=g","caption":"adminuvb"},"sameAs":["https:\/\/uvbbrasil.com.br"],"url":"https:\/\/uvbbrasil.com.br\/author\/adminuvb\/"}]}},"_links":{"self":[{"href":"https:\/\/uvbbrasil.com.br\/uvb-json\/wp\/v2\/posts\/33689","targetHints":{"allow":["GET"]}}],"collection":[{"href":"https:\/\/uvbbrasil.com.br\/uvb-json\/wp\/v2\/posts"}],"about":[{"href":"https:\/\/uvbbrasil.com.br\/uvb-json\/wp\/v2\/types\/post"}],"author":[{"embeddable":true,"href":"https:\/\/uvbbrasil.com.br\/uvb-json\/wp\/v2\/users\/1"}],"replies":[{"embeddable":true,"href":"https:\/\/uvbbrasil.com.br\/uvb-json\/wp\/v2\/comments?post=33689"}],"version-history":[{"count":0,"href":"https:\/\/uvbbrasil.com.br\/uvb-json\/wp\/v2\/posts\/33689\/revisions"}],"wp:featuredmedia":[{"embeddable":true,"href":"https:\/\/uvbbrasil.com.br\/uvb-json\/wp\/v2\/media\/33690"}],"wp:attachment":[{"href":"https:\/\/uvbbrasil.com.br\/uvb-json\/wp\/v2\/media?parent=33689"}],"wp:term":[{"taxonomy":"category","embeddable":true,"href":"https:\/\/uvbbrasil.com.br\/uvb-json\/wp\/v2\/categories?post=33689"},{"taxonomy":"post_tag","embeddable":true,"href":"https:\/\/uvbbrasil.com.br\/uvb-json\/wp\/v2\/tags?post=33689"}],"curies":[{"name":"wp","href":"https:\/\/api.w.org\/{rel}","templated":true}]}}