{"id":33656,"date":"2024-02-28T13:09:46","date_gmt":"2024-02-28T16:09:46","guid":{"rendered":"https:\/\/wpsandbox4.pante.com.br\/?p=33656"},"modified":"2024-02-28T13:09:46","modified_gmt":"2024-02-28T16:09:46","slug":"eleicoes-2024-tse-aprova-todas-as-resolucoes-que-regerao-o-pleito","status":"publish","type":"post","link":"https:\/\/uvbbrasil.com.br\/eleicoes-2024-tse-aprova-todas-as-resolucoes-que-regerao-o-pleito\/","title":{"rendered":"Elei\u00e7\u00f5es 2024: TSE aprova todas as resolu\u00e7\u00f5es que reger\u00e3o o pleito"},"content":{"rendered":"<p class=\"noticia-titulo\">\n<p class=\"noticia-subtitulo\">Normas ser\u00e3o publicadas no Di\u00e1rio de Justi\u00e7a Eletr\u00f4nico e poder\u00e3o ser consultadas em breve no Portal do TSE<\/p>\n<p>Os ministros do Tribunal Superior Eleitoral (TSE) aprovaram, na sess\u00e3o desta ter\u00e7a-feira (27), todas as 12 resolu\u00e7\u00f5es que reger\u00e3o as Elei\u00e7\u00f5es Municipais de 2024. As normas orientam candidatas, candidatos, partidos pol\u00edticos, eleitoras e eleitores sobre as regras e diretrizes do pleito deste ano, previsto para o dia 6 de outubro (1\u00ba turno), que definir\u00e1 os novos prefeitos, vice-prefeitos e vereadores do pa\u00eds para os pr\u00f3ximos quatro anos.<\/p>\n<p>O presidente do TSE, ministro Alexandre de Moraes, registrou que o Tribunal aprovou uma das normatiza\u00e7\u00f5es mais modernas do mundo com rela\u00e7\u00e3o ao combate \u00e0 desinforma\u00e7\u00e3o, \u00e0s\u00a0<em>fake news<\/em>\u00a0e ao uso il\u00edcito da intelig\u00eancia artificial (IA). O presidente destacou que a resolu\u00e7\u00e3o permitir\u00e1 que a Justi\u00e7a Eleitoral tenha \u201cinstrumentos eficazes para combater o desvirtuamento nas propagandas eleitorais, nos discursos de \u00f3dio, fascistas, antidemocr\u00e1ticos e na utiliza\u00e7\u00e3o de IA para colocar na fala de uma pessoal algo que ela n\u00e3o disse\u201d.<\/p>\n<p><img decoding=\"async\" class=\"image-richtext image-inline\" title=\"Foto: Luiz Roberto\/Secom\/TSE \u2013 Sess\u00e3o plen\u00e1ria do TSE - 27.02.2024\" src=\"https:\/\/www.tse.jus.br\/imagens\/fotos\/foto-luiz-roberto-secom-tse-2013-sessao-plenaria-do-tse-27-02.2024\/@@images\/a96ebbc8-c79d-4add-9c07-98f6cc446b08.jpeg\" alt=\"Foto: Luiz Roberto\/Secom\/TSE \u2013 Sess\u00e3o plen\u00e1ria do TSE - 27.02.2024\" \/><\/p>\n<p>Relatadas pela vice-presidente da Corte, ministra C\u00e1rmen L\u00facia, as resolu\u00e7\u00f5es foram elaboradas a partir das normas-base, publicadas em anos anteriores. As altera\u00e7\u00f5es, pontuais, decorreram da necessidade de atualiza\u00e7\u00e3o e foram feitas ap\u00f3s ouvir as sugest\u00f5es dos Tribunais Regionais Eleitorais (TREs), de partidos pol\u00edticos, de cidad\u00e3os, de universidades e de entidades da sociedade civil em\u00a0<a href=\"https:\/\/www.tse.jus.br\/comunicacao\/noticias\/2024\/Janeiro\/eleicoes-2024-audiencias-publicas-sobre-resolucoes-tiveram-quase-80-participacoes\">audi\u00eancias p\u00fablicas, realizadas em janeiro<\/a>. O total de propostas apresentadas para aperfei\u00e7oamento de tais diretrizes superou os n\u00fameros registrados nos processos eleitorais anteriores. Ao todo, o TSE recebeu 945 sugest\u00f5es.<\/p>\n<p>Conforme explicou a relatora, as resolu\u00e7\u00f5es das elei\u00e7\u00f5es buscam dar exequibilidade e efetividade aos fins postos no sistema constitucional e na legisla\u00e7\u00e3o de reg\u00eancia, \u201ccom absoluta defer\u00eancia e respeito aos comandos do Poder Legislativo. O papel da Justi\u00e7a Eleitoral com as resolu\u00e7\u00f5es \u00e9 apenas desdobrar o que est\u00e1 posto na Constitui\u00e7\u00e3o e nas leis\u201d, ressaltou a ministra C\u00e1rmen L\u00facia.<\/p>\n<p><iframe title=\"YouTube video player\" src=\"https:\/\/www.youtube.com\/embed\/hr05rWalyGk?si=pU8ekOJ3BGkk4cz-\" width=\"560\" height=\"315\" data-mce-fragment=\"1\"><\/iframe><\/p>\n<p>&nbsp;<\/p>\n<p>Al\u00e9m do calend\u00e1rio e dos atos gerais do pleito, as normas tratam os sistemas eleitorais; gest\u00e3o e distribui\u00e7\u00e3o dos recursos do Fundo Especial de Financiamento de Campanha (FEFC); pesquisas eleitorais; reclama\u00e7\u00f5es e pedidos de direito de resposta; procedimentos de fiscaliza\u00e7\u00e3o e auditoria do sistema eletr\u00f4nico de vota\u00e7\u00e3o; registro de candidatas e candidato; presta\u00e7\u00e3o de eleitorais; propaganda eleitoral; cadastro eleitoral; e il\u00edcitos eleitorais \u2013 esta in\u00e9dita, sendo um desdobramento da resolu\u00e7\u00e3o sobre propaganda eleitoral.<\/p>\n<p><img decoding=\"async\" class=\"image-richtext image-inline\" title=\"Foto: Luiz Roberto\/Secom\/TSE \u2013 Sess\u00e3o plen\u00e1ria do TSE - 27.02.2024\" src=\"https:\/\/www.tse.jus.br\/imagens\/fotos\/foto-luiz-roberto-secom-tse-2013-sessao-plenaria-do-tse-27-02-5.2024\/@@images\/be3fcabf-c16f-40ef-9f8d-15bca5645cf4.jpeg\" alt=\"Foto: Luiz Roberto\/Secom\/TSE \u2013 Sess\u00e3o plen\u00e1ria do TSE - 27.02.2024\" \/><\/p>\n<p>As resolu\u00e7\u00f5es ser\u00e3o, em breve, publicadas no\u00a0<em>Di\u00e1rio de Justi\u00e7a Eletr\u00f4nico<\/em>\u00a0e poder\u00e3o ser consultadas, na \u00edntegra, no Portal do TSE,\u00a0<a href=\"https:\/\/www.tse.jus.br\/eleicoes\/eleicoes-2024\/eleicoes-2024\">na p\u00e1gina das Elei\u00e7\u00f5es 2024<\/a>.<\/p>\n<p>Confira um resumo de cada resolu\u00e7\u00e3o aprovada:<\/p>\n<ul>\n<li><strong>Calend\u00e1rio eleitoral<\/strong>\u00a0<strong>(Instru\u00e7\u00e3o n\u00ba 0600044-24.2024.6.00.0000)<\/strong><\/li>\n<\/ul>\n<p>A resolu\u00e7\u00e3o \u00e9 espec\u00edfica para as Elei\u00e7\u00f5es 2024 e apresenta as principais datas do processo eleitoral a serem cumpridas por partidos pol\u00edticos, candidatas, candidatos, eleitoras, eleitores e pela pr\u00f3pria Justi\u00e7a Eleitoral. O documento prev\u00ea 299 eventos que dever\u00e3o ocorrer simultaneamente em 5.569 munic\u00edpios brasileiros at\u00e9 a finaliza\u00e7\u00e3o do calend\u00e1rio, que acontece em dezembro de 2025.<\/p>\n<ul>\n<li><strong>Cronograma operacional do cadastro eleitoral<\/strong>\u00a0<strong>(Instru\u00e7\u00e3o n\u00ba 0600045-09.2024.6.00.0000)<\/strong><\/li>\n<\/ul>\n<p>A norma aprovada prev\u00ea, no artigo 2\u00ba, que os Tribunais Regionais Eleitorais dever\u00e3o priorizar a amplia\u00e7\u00e3o da identifica\u00e7\u00e3o biom\u00e9trica do eleitorado. Al\u00e9m disso, eleitoras e eleitores biometrizados h\u00e1 mais de 10 anos somente necessitam de nova coleta de dados se estiverem por igual prazo sem utiliz\u00e1-la para se habilitarem a votar. Outro ponto que o texto traz \u00e9 a atualiza\u00e7\u00e3o da data para o fechamento do cadastro eleitoral para este ano, sendo no dia 9 de maio, ou seja, 150 dias antes das elei\u00e7\u00f5es, conforme determina o C\u00f3digo Eleitoral.<\/p>\n<ul>\n<li><strong>Atos gerais do processo eleitoral\u00a0<\/strong><strong>(Instru\u00e7\u00e3o n\u00ba 0600042-54.2024.6.00.0000)<\/strong><\/li>\n<\/ul>\n<p>O texto abrange procedimentos b\u00e1sicos do processo eleitoral para as Elei\u00e7\u00f5es 2024, como atos preparat\u00f3rios, fluxo de vota\u00e7\u00e3o e fases de apura\u00e7\u00e3o, totaliza\u00e7\u00e3o at\u00e9 a diploma\u00e7\u00e3o dos eleitos. Destaque para dois dispositivos: a proibi\u00e7\u00e3o do transporte de armas e muni\u00e7\u00f5es, em todo o territ\u00f3rio nacional, por parte de colecionadores, atiradores e ca\u00e7adores (CACs) no dia do pleito e nas 24 horas que o antecedem e o sucedem; e a regulamenta\u00e7\u00e3o da gratuidade do transporte coletivo urbano municipal e intermunicipal nos dias de vota\u00e7\u00e3o, sem qualquer distin\u00e7\u00e3o entre eleitoras e eleitores e sem veicula\u00e7\u00e3o de propaganda partid\u00e1ria ou eleitoral.<\/p>\n<ul>\n<li><strong>Pesquisas eleitorais\u00a0<\/strong><strong>(Instru\u00e7\u00e3o n\u00ba 0600742-06.2019.6.00.0000)<\/strong><\/li>\n<\/ul>\n<p>Entre diversos dispositivos, a norma aprovada \u2013 que altera a Resolu\u00e7\u00e3o n\u00ba TSE 23.600\/2019 \u2013 determina que a empresa ou o instituto deve enviar relat\u00f3rio completo com os resultados da pesquisa, contendo data da coleta dos dados; tamanho da amostra; margem de erro m\u00e1ximo estimado; n\u00edvel de confiabilidade; p\u00fablico-alvo; fonte de dados secund\u00e1ria para constru\u00e7\u00e3o da amostra; abordagem metodol\u00f3gica; e fonte de financiamento para aumentar a transpar\u00eancia da metodologia. Tamb\u00e9m regulamenta que o controle judicial sobre as pesquisas depende de provoca\u00e7\u00e3o do Minist\u00e9rio P\u00fablico Eleitoral, de partido pol\u00edtico, federa\u00e7\u00e3o, coliga\u00e7\u00e3o, candidata ou candidato, observados os limites da lei.<\/p>\n<ul>\n<li><strong>Distribui\u00e7\u00e3o do FEFC (Instru\u00e7\u00e3o n\u00ba 0600741-21.2019.6.00.0000)<\/strong><\/li>\n<\/ul>\n<p>De acordo com a norma aprovada \u2013 que altera a Resolu\u00e7\u00e3o TSE n\u00ba 23.605\/2019, que disp\u00f5e sobre a arrecada\u00e7\u00e3o e os gastos de recursos por partidos pol\u00edticos e candidatas ou candidatos e sobre a presta\u00e7\u00e3o de contas nas elei\u00e7\u00f5es \u2013, as legendas devem divulgar em sua p\u00e1gina na internet o valor total do Fundo Especial de Financiamento de Campanha (FEFC) e os crit\u00e9rios para distribui\u00e7\u00e3o a candidatas e candidatos.<\/p>\n<ul>\n<li><strong>Registro de candidatas e candidatos\u00a0<\/strong><strong>(Instru\u00e7\u00e3o n\u00ba 0600748-13.2019.6.00.0000)<\/strong><\/li>\n<\/ul>\n<p>A instru\u00e7\u00e3o, que disp\u00f5e sobre a escolha e o registro de candidatas e candidatos para as Elei\u00e7\u00f5es 2024, define medidas para controle efetivo da destina\u00e7\u00e3o de recursos a candidaturas negras. Al\u00e9m disso, frisa que, nas elei\u00e7\u00f5es proporcionais, as listas apresentadas pelas federa\u00e7\u00f5es e pelos partidos pol\u00edticos devem conter ao menos uma pessoa de cada g\u00eanero. Tamb\u00e9m ser\u00e3o coletados dados pessoais sobre etnia ind\u00edgena, pertencimento a comunidade quilombola e identidade de g\u00eanero, e ser\u00e1 facultada a divulga\u00e7\u00e3o da orienta\u00e7\u00e3o sexual. A resolu\u00e7\u00e3o ainda inclui dispositivos sobre a candidatura de militares, entre outros pontos. O texto aprovado hoje altera a Resolu\u00e7\u00e3o TSE n\u00ba 23.609\/2019.<\/p>\n<ul>\n<li><strong>Propaganda eleitoral\u00a0<\/strong><strong>(Instru\u00e7\u00e3o n\u00ba 0600751-65.2019.6.00.0000)<\/strong><\/li>\n<\/ul>\n<p>Ao alterar a Resolu\u00e7\u00e3o TSE n\u00ba 23.610\/2019 \u2013 que disp\u00f5e sobre a propaganda eleitoral \u2013, o texto aprovado traz importantes novidades, como a possibilidade de divulga\u00e7\u00e3o de posi\u00e7\u00e3o pol\u00edtica por artistas e influenciadores em shows, apresenta\u00e7\u00f5es, performances art\u00edsticas e perfis e canais de pessoas na internet, desde que as manifesta\u00e7\u00f5es sejam volunt\u00e1rias e gratuitas. Tamb\u00e9m traz provid\u00eancias para regula\u00e7\u00e3o do uso da intelig\u00eancia artificial nos contextos eleitorais, com destaque para a veda\u00e7\u00e3o absoluta ao uso de\u00a0<em>deepfakes<\/em>, a restri\u00e7\u00e3o ao uso de\u00a0<em>chatbots\u00a0<\/em>e avatares para intermediar a comunica\u00e7\u00e3o da campanha e a exig\u00eancia de r\u00f3tulos de identifica\u00e7\u00e3o de conte\u00fado sint\u00e9tico multim\u00eddia.<\/p>\n<p>Foram aprovadas tamb\u00e9m a ado\u00e7\u00e3o de medidas necess\u00e1rias para o controle da desinforma\u00e7\u00e3o contra o processo eleitoral e a previs\u00e3o de que a\u00a0<em>live<\/em>\u00a0eleitoral constitui ato de campanha eleitoral, sendo vedada, portanto, a transmiss\u00e3o ou a retransmiss\u00e3o por canais de empresas na internet ou por emissoras de r\u00e1dio e TV, sob pena de configurar tratamento privilegiado durante a programa\u00e7\u00e3o normal.<\/p>\n<p>Dois artigos importantes foram acrescidos ao texto da norma. O artigo 9\u00ba-C veda a utiliza\u00e7\u00e3o, na propaganda eleitoral, \u201cde conte\u00fado fabricado ou manipulado para difundir fatos notoriamente inver\u00eddicos ou descontextualizados com potencial para causar danos ao equil\u00edbrio do pleito ou \u00e0 integridade do processo eleitoral\u201d, sob pena de configura\u00e7\u00e3o de abuso de utiliza\u00e7\u00e3o dos meios de comunica\u00e7\u00e3o, acarretando a cassa\u00e7\u00e3o do registro ou do mandato, bem como a apura\u00e7\u00e3o das responsabilidades nos termos do artigo 323 do C\u00f3digo Eleitoral. J\u00e1 o 9\u00ba-E estabelece a responsabiliza\u00e7\u00e3o solid\u00e1ria dos provedores, civil e administrativamente, quando n\u00e3o promoverem a indisponibiliza\u00e7\u00e3o imediata de determinados conte\u00fados e contas, durante o per\u00edodo eleitoral.<\/p>\n<ul>\n<li><strong>Reclama\u00e7\u00f5es e direito de resposta<\/strong>\u00a0<strong>(Instru\u00e7\u00e3o n\u00ba 0600745-58.2019.6.00.0000)<\/strong><\/li>\n<\/ul>\n<p>A proposta de resolu\u00e7\u00e3o aprovada para as pr\u00f3ximas elei\u00e7\u00f5es admite reclama\u00e7\u00e3o administrativa eleitoral contra ato de poder de pol\u00edcia que contrarie ou desvie de decis\u00e3o do TSE sobre remo\u00e7\u00e3o de desinforma\u00e7\u00e3o que comprometa o processo eleitoral. Al\u00e9m disso, fixa a previs\u00e3o de 3 dias para a interposi\u00e7\u00e3o de recurso contra decis\u00e3o monocr\u00e1tica da relatora ou do relator e para a apresenta\u00e7\u00e3o de embargos de declara\u00e7\u00e3o em face de ac\u00f3rd\u00e3o do Plen\u00e1rio. O texto promove modifica\u00e7\u00f5es na Resolu\u00e7\u00e3o TSE n\u00ba 23.608\/2019.<\/p>\n<ul>\n<li><strong>Il\u00edcitos eleitorais\u00a0<\/strong><strong>(Instru\u00e7\u00e3o n\u00ba 0600043-39.2024.6.00.0000)<\/strong><\/li>\n<\/ul>\n<p>Uma das novidades para as Elei\u00e7\u00f5es 2024 \u00e9 uma resolu\u00e7\u00e3o espec\u00edfica sobre os il\u00edcitos eleitorais nas elei\u00e7\u00f5es. A norma consolida a jurisprud\u00eancia do Supremo Tribunal Federal e do TSE e orienta ju\u00edzas e ju\u00edzes eleitorais para a aplica\u00e7\u00e3o uniforme da lei. Os cap\u00edtulos dedicados a cada hip\u00f3tese de il\u00edcito eleitoral tratam da tipifica\u00e7\u00e3o e da aplica\u00e7\u00e3o das san\u00e7\u00f5es.<\/p>\n<p>Na sistematiza\u00e7\u00e3o das regras sobre compet\u00eancia, destaca-se que a instru\u00e7\u00e3o e o julgamento conjunto de a\u00e7\u00f5es somente ser\u00e3o determinados se contribu\u00edrem para a efetividade do processo. Entre os destaques tem\u00e1ticos, o texto aprovado aborda elementos caracterizadores de fraude \u00e0 lei e \u00e0 cota de g\u00eanero; uso abusivo de aplica\u00e7\u00f5es digitais de mensagens instant\u00e2neas; limites para o uso de c\u00f4modo de resid\u00eancia oficial para a realiza\u00e7\u00e3o de\u00a0<em>lives<\/em>; abuso da estrutura empresarial para constranger ou coagir funcion\u00e1rios com vistas \u00e0 obten\u00e7\u00e3o de vantagem eleitoral; e sistematiza\u00e7\u00e3o do tratamento da publicidade institucional vedada.<\/p>\n<ul>\n<li><strong>Fiscaliza\u00e7\u00e3o do sistema eletr\u00f4nico de vota\u00e7\u00e3o<\/strong><strong>\u00a0(Instru\u00e7\u00e3o n\u00ba 0600747-28.2019.6.00.0000)<\/strong><\/li>\n<\/ul>\n<p>O texto alterador da Resolu\u00e7\u00e3o TSE n\u00ba 23.673\/2021 amplia o n\u00famero de capitais em que ser\u00e1 realizado o Teste de Integridade com Biometria,\u00a0<a href=\"https:\/\/www.tse.jus.br\/comunicacao\/noticias\/2022\/Setembro\/tse-aprova-resolucao-sobre-projeto-piloto-com-biometria-no-teste-de-integridade-das-urnas-eletronicas-223374\">implementado nas Elei\u00e7\u00f5es de 2022<\/a>. At\u00e9 ent\u00e3o, a auditoria era realizada em cinco capitais e no Distrito Federal; agora, passa para todas as capitais e o Distrito Federal. O texto antecipa o prazo para designar a Comiss\u00e3o de Auditoria da Vota\u00e7\u00e3o Eletr\u00f4nica, de 30 para 60 dias antes da elei\u00e7\u00e3o. Outro ponto relevante trata de melhoria log\u00edstica e de representatividade regional para o Teste de Integridade. Munic\u00edpios poder\u00e3o ser organizados em grupos sobre os quais recair\u00e1 a escolha ou o sorteio de se\u00e7\u00f5es eleitorais para o Teste. Segundo o texto, o requerimento para auditoria n\u00e3o prevista exige ind\u00edcios substanciais de anomalia t\u00e9cnica atestados sob a responsabilidade de profissional habilitado, sendo cab\u00edvel multa em caso de atua\u00e7\u00e3o temer\u00e1ria ou litig\u00e2ncia de m\u00e1-f\u00e9.<\/p>\n<ul>\n<li><strong>Presta\u00e7\u00e3o de contas eleitorais<\/strong>\u00a0<strong>(Instru\u00e7\u00e3o n\u00ba 0600749-95.2019.6.00.0000)<\/strong><\/li>\n<\/ul>\n<p>Segundo o texto aprovado sobre o tema, o diret\u00f3rio nacional do partido dever\u00e1 abrir conta espec\u00edfica para o financiamento de candidaturas femininas e de pessoas negras, e tais recursos dever\u00e3o ser repassados pelos partidos pol\u00edticos at\u00e9 30 de agosto. A norma, alteradora da Resolu\u00e7\u00e3o TSE n\u00ba 23.607\/2019, tamb\u00e9m destaca que todas as chaves PIX poder\u00e3o ser utilizadas para realizar doa\u00e7\u00f5es. Al\u00e9m disso, para efetuar gastos com combust\u00edveis em carreata, a campanha dever\u00e1 informar \u00e0 Justi\u00e7a Eleitoral com anteced\u00eancia de 24 horas, e o candidato que expressamente renunciar \u00e0 candidatura ou tiver o registro indeferido pela Justi\u00e7a Eleitoral deve prestar contas sobre o per\u00edodo em que participou do processo eleitoral, mesmo que n\u00e3o tenha realizado campanha.<\/p>\n<ul>\n<li><strong>Sistemas eleitorais<\/strong><strong>\u00a0(Instru\u00e7\u00e3o n\u00ba 0600592-54.2021.6.00.0000)<\/strong><\/li>\n<\/ul>\n<p>A proposta aprovada hoje atualiza a Resolu\u00e7\u00e3o TSE n\u00ba 23.677\/2021. Entre as novidades, est\u00e1 a previs\u00e3o de que os Tribunais Regionais Eleitorais comuniquem imediatamente ao TSE qualquer reprocessamento que altere a composi\u00e7\u00e3o da C\u00e2mara dos Deputados, para que o tempo da propaganda partid\u00e1ria, as cotas do Fundo Partid\u00e1rio (FP) e o FEFC sejam recalculados. Outra mudan\u00e7a \u00e9 que o nome social, informado no registro de candidatura ou no cadastro eleitoral, ser\u00e1 utilizado no diploma, sem men\u00e7\u00e3o ao nome civil. Por fim, sobre a distribui\u00e7\u00e3o de sobras eleitorais aos partidos pol\u00edticos e federa\u00e7\u00f5es, ainda n\u00e3o h\u00e1 defini\u00e7\u00e3o para as Elei\u00e7\u00f5es 2024, uma vez que n\u00e3o foi conclu\u00eddo o julgamento da A\u00e7\u00e3o Direta de Inconstitucionalidade (ADI) 7.228\/DF pelo Supremo Tribunal Federal (STF), para os ajustes necess\u00e1rios na norma.<\/p>\n<p><a href=\"https:\/\/www.tse.jus.br\/comunicacao\/arquivos\/principais-pontos-das-resolucoes-das-eleicoes-2024-apresentacao-ministra-carmen-lucia\">Confira apresenta\u00e7\u00e3o da ministra C\u00e1rmen L\u00facia com os principais pontos das resolu\u00e7\u00f5es aprovadas<\/a>.<\/p>\n<p>JL, JV, MC, MS, RS\/LC, DM<\/p>\n<p><img decoding=\"async\" class=\"alignnone size-medium wp-image-33657\" src=\"https:\/\/uvbbrasil.com.br\/wp-content\/uploads\/2024\/02\/be3fcabf-c16f-40ef-9f8d-15bca5645cf4-300x145.jpeg\" alt=\"\" width=\"300\" height=\"145\" srcset=\"https:\/\/uvbbrasil.com.br\/wp-content\/uploads\/2024\/02\/be3fcabf-c16f-40ef-9f8d-15bca5645cf4-300x145.jpeg 300w, https:\/\/uvbbrasil.com.br\/wp-content\/uploads\/2024\/02\/be3fcabf-c16f-40ef-9f8d-15bca5645cf4.jpeg 400w\" sizes=\"(max-width: 300px) 100vw, 300px\" \/><\/p>\n","protected":false},"excerpt":{"rendered":"<p>Normas ser\u00e3o publicadas no Di\u00e1rio de Justi\u00e7a Eletr\u00f4nico e poder\u00e3o ser consultadas em breve no Portal do TSE Os ministros&#8230;<\/p>\n","protected":false},"author":1,"featured_media":33657,"comment_status":"open","ping_status":"open","sticky":false,"template":"","format":"standard","meta":{"footnotes":""},"categories":[3],"tags":[],"class_list":["post-33656","post","type-post","status-publish","format-standard","has-post-thumbnail","hentry","category-noticias"],"yoast_head":"<!-- This site is optimized with the Yoast SEO plugin v26.7 - https:\/\/yoast.com\/wordpress\/plugins\/seo\/ -->\n<title>Elei\u00e7\u00f5es 2024: TSE aprova todas as resolu\u00e7\u00f5es que reger\u00e3o o pleito - UVB Brasil<\/title>\n<meta name=\"robots\" content=\"index, follow, max-snippet:-1, max-image-preview:large, max-video-preview:-1\" \/>\n<link rel=\"canonical\" href=\"https:\/\/uvbbrasil.com.br\/eleicoes-2024-tse-aprova-todas-as-resolucoes-que-regerao-o-pleito\/\" \/>\n<meta property=\"og:locale\" content=\"pt_BR\" \/>\n<meta property=\"og:type\" content=\"article\" \/>\n<meta property=\"og:title\" content=\"Elei\u00e7\u00f5es 2024: TSE aprova todas as resolu\u00e7\u00f5es que reger\u00e3o o pleito - UVB Brasil\" \/>\n<meta property=\"og:description\" content=\"Normas ser\u00e3o publicadas no Di\u00e1rio de Justi\u00e7a Eletr\u00f4nico e poder\u00e3o ser consultadas em breve no Portal do TSE Os ministros...\" \/>\n<meta property=\"og:url\" content=\"https:\/\/uvbbrasil.com.br\/eleicoes-2024-tse-aprova-todas-as-resolucoes-que-regerao-o-pleito\/\" \/>\n<meta property=\"og:site_name\" content=\"UVB Brasil\" \/>\n<meta property=\"article:publisher\" content=\"https:\/\/www.facebook.com\/uvb.vereadoresbrasil\" \/>\n<meta property=\"article:published_time\" content=\"2024-02-28T16:09:46+00:00\" \/>\n<meta property=\"og:image\" content=\"https:\/\/uvbbrasil.com.br\/wp-content\/uploads\/2024\/02\/be3fcabf-c16f-40ef-9f8d-15bca5645cf4.jpeg\" \/>\n\t<meta property=\"og:image:width\" content=\"400\" \/>\n\t<meta property=\"og:image:height\" content=\"193\" \/>\n\t<meta property=\"og:image:type\" content=\"image\/jpeg\" \/>\n<meta name=\"author\" content=\"adminuvb\" \/>\n<meta name=\"twitter:card\" content=\"summary_large_image\" \/>\n<meta name=\"twitter:label1\" content=\"Escrito por\" \/>\n\t<meta name=\"twitter:data1\" content=\"adminuvb\" \/>\n\t<meta name=\"twitter:label2\" content=\"Est. tempo de leitura\" \/>\n\t<meta name=\"twitter:data2\" content=\"9 minutos\" \/>\n<script type=\"application\/ld+json\" class=\"yoast-schema-graph\">{\"@context\":\"https:\/\/schema.org\",\"@graph\":[{\"@type\":\"Article\",\"@id\":\"https:\/\/uvbbrasil.com.br\/eleicoes-2024-tse-aprova-todas-as-resolucoes-que-regerao-o-pleito\/#article\",\"isPartOf\":{\"@id\":\"https:\/\/uvbbrasil.com.br\/eleicoes-2024-tse-aprova-todas-as-resolucoes-que-regerao-o-pleito\/\"},\"author\":{\"name\":\"adminuvb\",\"@id\":\"https:\/\/uvbbrasil.com.br\/#\/schema\/person\/17990098446c098f52effddff4f1b272\"},\"headline\":\"Elei\u00e7\u00f5es 2024: TSE aprova todas as resolu\u00e7\u00f5es que reger\u00e3o o pleito\",\"datePublished\":\"2024-02-28T16:09:46+00:00\",\"mainEntityOfPage\":{\"@id\":\"https:\/\/uvbbrasil.com.br\/eleicoes-2024-tse-aprova-todas-as-resolucoes-que-regerao-o-pleito\/\"},\"wordCount\":2188,\"commentCount\":0,\"publisher\":{\"@id\":\"https:\/\/uvbbrasil.com.br\/#organization\"},\"image\":{\"@id\":\"https:\/\/uvbbrasil.com.br\/eleicoes-2024-tse-aprova-todas-as-resolucoes-que-regerao-o-pleito\/#primaryimage\"},\"thumbnailUrl\":\"https:\/\/uvbbrasil.com.br\/wp-content\/uploads\/2024\/02\/be3fcabf-c16f-40ef-9f8d-15bca5645cf4.jpeg\",\"articleSection\":[\"NOT\u00cdCIAS\"],\"inLanguage\":\"pt-BR\",\"potentialAction\":[{\"@type\":\"CommentAction\",\"name\":\"Comment\",\"target\":[\"https:\/\/uvbbrasil.com.br\/eleicoes-2024-tse-aprova-todas-as-resolucoes-que-regerao-o-pleito\/#respond\"]}]},{\"@type\":\"WebPage\",\"@id\":\"https:\/\/uvbbrasil.com.br\/eleicoes-2024-tse-aprova-todas-as-resolucoes-que-regerao-o-pleito\/\",\"url\":\"https:\/\/uvbbrasil.com.br\/eleicoes-2024-tse-aprova-todas-as-resolucoes-que-regerao-o-pleito\/\",\"name\":\"Elei\u00e7\u00f5es 2024: TSE aprova todas as resolu\u00e7\u00f5es que reger\u00e3o o pleito - UVB Brasil\",\"isPartOf\":{\"@id\":\"https:\/\/uvbbrasil.com.br\/#website\"},\"primaryImageOfPage\":{\"@id\":\"https:\/\/uvbbrasil.com.br\/eleicoes-2024-tse-aprova-todas-as-resolucoes-que-regerao-o-pleito\/#primaryimage\"},\"image\":{\"@id\":\"https:\/\/uvbbrasil.com.br\/eleicoes-2024-tse-aprova-todas-as-resolucoes-que-regerao-o-pleito\/#primaryimage\"},\"thumbnailUrl\":\"https:\/\/uvbbrasil.com.br\/wp-content\/uploads\/2024\/02\/be3fcabf-c16f-40ef-9f8d-15bca5645cf4.jpeg\",\"datePublished\":\"2024-02-28T16:09:46+00:00\",\"breadcrumb\":{\"@id\":\"https:\/\/uvbbrasil.com.br\/eleicoes-2024-tse-aprova-todas-as-resolucoes-que-regerao-o-pleito\/#breadcrumb\"},\"inLanguage\":\"pt-BR\",\"potentialAction\":[{\"@type\":\"ReadAction\",\"target\":[\"https:\/\/uvbbrasil.com.br\/eleicoes-2024-tse-aprova-todas-as-resolucoes-que-regerao-o-pleito\/\"]}]},{\"@type\":\"ImageObject\",\"inLanguage\":\"pt-BR\",\"@id\":\"https:\/\/uvbbrasil.com.br\/eleicoes-2024-tse-aprova-todas-as-resolucoes-que-regerao-o-pleito\/#primaryimage\",\"url\":\"https:\/\/uvbbrasil.com.br\/wp-content\/uploads\/2024\/02\/be3fcabf-c16f-40ef-9f8d-15bca5645cf4.jpeg\",\"contentUrl\":\"https:\/\/uvbbrasil.com.br\/wp-content\/uploads\/2024\/02\/be3fcabf-c16f-40ef-9f8d-15bca5645cf4.jpeg\",\"width\":400,\"height\":193},{\"@type\":\"BreadcrumbList\",\"@id\":\"https:\/\/uvbbrasil.com.br\/eleicoes-2024-tse-aprova-todas-as-resolucoes-que-regerao-o-pleito\/#breadcrumb\",\"itemListElement\":[{\"@type\":\"ListItem\",\"position\":1,\"name\":\"In\u00edcio\",\"item\":\"https:\/\/uvbbrasil.com.br\/\"},{\"@type\":\"ListItem\",\"position\":2,\"name\":\"Elei\u00e7\u00f5es 2024: TSE aprova todas as resolu\u00e7\u00f5es que reger\u00e3o o pleito\"}]},{\"@type\":\"WebSite\",\"@id\":\"https:\/\/uvbbrasil.com.br\/#website\",\"url\":\"https:\/\/uvbbrasil.com.br\/\",\"name\":\"UVB Brasil\",\"description\":\"Uni\u00e3o dos Vereadores do Brasil\",\"publisher\":{\"@id\":\"https:\/\/uvbbrasil.com.br\/#organization\"},\"potentialAction\":[{\"@type\":\"SearchAction\",\"target\":{\"@type\":\"EntryPoint\",\"urlTemplate\":\"https:\/\/uvbbrasil.com.br\/?s={search_term_string}\"},\"query-input\":{\"@type\":\"PropertyValueSpecification\",\"valueRequired\":true,\"valueName\":\"search_term_string\"}}],\"inLanguage\":\"pt-BR\"},{\"@type\":\"Organization\",\"@id\":\"https:\/\/uvbbrasil.com.br\/#organization\",\"name\":\"UVB Brasil\",\"url\":\"https:\/\/uvbbrasil.com.br\/\",\"logo\":{\"@type\":\"ImageObject\",\"inLanguage\":\"pt-BR\",\"@id\":\"https:\/\/uvbbrasil.com.br\/#\/schema\/logo\/image\/\",\"url\":\"https:\/\/uvbbrasil.com.br\/wp-content\/uploads\/2025\/01\/LOGO-UVB-2024-azul-1.jpg\",\"contentUrl\":\"https:\/\/uvbbrasil.com.br\/wp-content\/uploads\/2025\/01\/LOGO-UVB-2024-azul-1.jpg\",\"width\":600,\"height\":211,\"caption\":\"UVB Brasil\"},\"image\":{\"@id\":\"https:\/\/uvbbrasil.com.br\/#\/schema\/logo\/image\/\"},\"sameAs\":[\"https:\/\/www.facebook.com\/uvb.vereadoresbrasil\",\"https:\/\/www.instagram.com\/uvbbrasil\/\",\"https:\/\/www.youtube.com\/channel\/UCIlPQ8Xzw5GHNzosQIg9S5A\"]},{\"@type\":\"Person\",\"@id\":\"https:\/\/uvbbrasil.com.br\/#\/schema\/person\/17990098446c098f52effddff4f1b272\",\"name\":\"adminuvb\",\"image\":{\"@type\":\"ImageObject\",\"inLanguage\":\"pt-BR\",\"@id\":\"https:\/\/uvbbrasil.com.br\/#\/schema\/person\/image\/\",\"url\":\"https:\/\/secure.gravatar.com\/avatar\/1a494ea6f8e2dd1ae526e55b0e9497efdba542491e0620d704cccf63c6f77c45?s=96&d=mm&r=g\",\"contentUrl\":\"https:\/\/secure.gravatar.com\/avatar\/1a494ea6f8e2dd1ae526e55b0e9497efdba542491e0620d704cccf63c6f77c45?s=96&d=mm&r=g\",\"caption\":\"adminuvb\"},\"sameAs\":[\"https:\/\/uvbbrasil.com.br\"],\"url\":\"https:\/\/uvbbrasil.com.br\/author\/adminuvb\/\"}]}<\/script>\n<!-- \/ Yoast SEO plugin. -->","yoast_head_json":{"title":"Elei\u00e7\u00f5es 2024: TSE aprova todas as resolu\u00e7\u00f5es que reger\u00e3o o pleito - UVB Brasil","robots":{"index":"index","follow":"follow","max-snippet":"max-snippet:-1","max-image-preview":"max-image-preview:large","max-video-preview":"max-video-preview:-1"},"canonical":"https:\/\/uvbbrasil.com.br\/eleicoes-2024-tse-aprova-todas-as-resolucoes-que-regerao-o-pleito\/","og_locale":"pt_BR","og_type":"article","og_title":"Elei\u00e7\u00f5es 2024: TSE aprova todas as resolu\u00e7\u00f5es que reger\u00e3o o pleito - UVB Brasil","og_description":"Normas ser\u00e3o publicadas no Di\u00e1rio de Justi\u00e7a Eletr\u00f4nico e poder\u00e3o ser consultadas em breve no Portal do TSE Os ministros...","og_url":"https:\/\/uvbbrasil.com.br\/eleicoes-2024-tse-aprova-todas-as-resolucoes-que-regerao-o-pleito\/","og_site_name":"UVB Brasil","article_publisher":"https:\/\/www.facebook.com\/uvb.vereadoresbrasil","article_published_time":"2024-02-28T16:09:46+00:00","og_image":[{"width":400,"height":193,"url":"https:\/\/uvbbrasil.com.br\/wp-content\/uploads\/2024\/02\/be3fcabf-c16f-40ef-9f8d-15bca5645cf4.jpeg","type":"image\/jpeg"}],"author":"adminuvb","twitter_card":"summary_large_image","twitter_misc":{"Escrito por":"adminuvb","Est. tempo de leitura":"9 minutos"},"schema":{"@context":"https:\/\/schema.org","@graph":[{"@type":"Article","@id":"https:\/\/uvbbrasil.com.br\/eleicoes-2024-tse-aprova-todas-as-resolucoes-que-regerao-o-pleito\/#article","isPartOf":{"@id":"https:\/\/uvbbrasil.com.br\/eleicoes-2024-tse-aprova-todas-as-resolucoes-que-regerao-o-pleito\/"},"author":{"name":"adminuvb","@id":"https:\/\/uvbbrasil.com.br\/#\/schema\/person\/17990098446c098f52effddff4f1b272"},"headline":"Elei\u00e7\u00f5es 2024: TSE aprova todas as resolu\u00e7\u00f5es que reger\u00e3o o pleito","datePublished":"2024-02-28T16:09:46+00:00","mainEntityOfPage":{"@id":"https:\/\/uvbbrasil.com.br\/eleicoes-2024-tse-aprova-todas-as-resolucoes-que-regerao-o-pleito\/"},"wordCount":2188,"commentCount":0,"publisher":{"@id":"https:\/\/uvbbrasil.com.br\/#organization"},"image":{"@id":"https:\/\/uvbbrasil.com.br\/eleicoes-2024-tse-aprova-todas-as-resolucoes-que-regerao-o-pleito\/#primaryimage"},"thumbnailUrl":"https:\/\/uvbbrasil.com.br\/wp-content\/uploads\/2024\/02\/be3fcabf-c16f-40ef-9f8d-15bca5645cf4.jpeg","articleSection":["NOT\u00cdCIAS"],"inLanguage":"pt-BR","potentialAction":[{"@type":"CommentAction","name":"Comment","target":["https:\/\/uvbbrasil.com.br\/eleicoes-2024-tse-aprova-todas-as-resolucoes-que-regerao-o-pleito\/#respond"]}]},{"@type":"WebPage","@id":"https:\/\/uvbbrasil.com.br\/eleicoes-2024-tse-aprova-todas-as-resolucoes-que-regerao-o-pleito\/","url":"https:\/\/uvbbrasil.com.br\/eleicoes-2024-tse-aprova-todas-as-resolucoes-que-regerao-o-pleito\/","name":"Elei\u00e7\u00f5es 2024: TSE aprova todas as resolu\u00e7\u00f5es que reger\u00e3o o pleito - UVB Brasil","isPartOf":{"@id":"https:\/\/uvbbrasil.com.br\/#website"},"primaryImageOfPage":{"@id":"https:\/\/uvbbrasil.com.br\/eleicoes-2024-tse-aprova-todas-as-resolucoes-que-regerao-o-pleito\/#primaryimage"},"image":{"@id":"https:\/\/uvbbrasil.com.br\/eleicoes-2024-tse-aprova-todas-as-resolucoes-que-regerao-o-pleito\/#primaryimage"},"thumbnailUrl":"https:\/\/uvbbrasil.com.br\/wp-content\/uploads\/2024\/02\/be3fcabf-c16f-40ef-9f8d-15bca5645cf4.jpeg","datePublished":"2024-02-28T16:09:46+00:00","breadcrumb":{"@id":"https:\/\/uvbbrasil.com.br\/eleicoes-2024-tse-aprova-todas-as-resolucoes-que-regerao-o-pleito\/#breadcrumb"},"inLanguage":"pt-BR","potentialAction":[{"@type":"ReadAction","target":["https:\/\/uvbbrasil.com.br\/eleicoes-2024-tse-aprova-todas-as-resolucoes-que-regerao-o-pleito\/"]}]},{"@type":"ImageObject","inLanguage":"pt-BR","@id":"https:\/\/uvbbrasil.com.br\/eleicoes-2024-tse-aprova-todas-as-resolucoes-que-regerao-o-pleito\/#primaryimage","url":"https:\/\/uvbbrasil.com.br\/wp-content\/uploads\/2024\/02\/be3fcabf-c16f-40ef-9f8d-15bca5645cf4.jpeg","contentUrl":"https:\/\/uvbbrasil.com.br\/wp-content\/uploads\/2024\/02\/be3fcabf-c16f-40ef-9f8d-15bca5645cf4.jpeg","width":400,"height":193},{"@type":"BreadcrumbList","@id":"https:\/\/uvbbrasil.com.br\/eleicoes-2024-tse-aprova-todas-as-resolucoes-que-regerao-o-pleito\/#breadcrumb","itemListElement":[{"@type":"ListItem","position":1,"name":"In\u00edcio","item":"https:\/\/uvbbrasil.com.br\/"},{"@type":"ListItem","position":2,"name":"Elei\u00e7\u00f5es 2024: TSE aprova todas as resolu\u00e7\u00f5es que reger\u00e3o o pleito"}]},{"@type":"WebSite","@id":"https:\/\/uvbbrasil.com.br\/#website","url":"https:\/\/uvbbrasil.com.br\/","name":"UVB Brasil","description":"Uni\u00e3o dos Vereadores do Brasil","publisher":{"@id":"https:\/\/uvbbrasil.com.br\/#organization"},"potentialAction":[{"@type":"SearchAction","target":{"@type":"EntryPoint","urlTemplate":"https:\/\/uvbbrasil.com.br\/?s={search_term_string}"},"query-input":{"@type":"PropertyValueSpecification","valueRequired":true,"valueName":"search_term_string"}}],"inLanguage":"pt-BR"},{"@type":"Organization","@id":"https:\/\/uvbbrasil.com.br\/#organization","name":"UVB Brasil","url":"https:\/\/uvbbrasil.com.br\/","logo":{"@type":"ImageObject","inLanguage":"pt-BR","@id":"https:\/\/uvbbrasil.com.br\/#\/schema\/logo\/image\/","url":"https:\/\/uvbbrasil.com.br\/wp-content\/uploads\/2025\/01\/LOGO-UVB-2024-azul-1.jpg","contentUrl":"https:\/\/uvbbrasil.com.br\/wp-content\/uploads\/2025\/01\/LOGO-UVB-2024-azul-1.jpg","width":600,"height":211,"caption":"UVB Brasil"},"image":{"@id":"https:\/\/uvbbrasil.com.br\/#\/schema\/logo\/image\/"},"sameAs":["https:\/\/www.facebook.com\/uvb.vereadoresbrasil","https:\/\/www.instagram.com\/uvbbrasil\/","https:\/\/www.youtube.com\/channel\/UCIlPQ8Xzw5GHNzosQIg9S5A"]},{"@type":"Person","@id":"https:\/\/uvbbrasil.com.br\/#\/schema\/person\/17990098446c098f52effddff4f1b272","name":"adminuvb","image":{"@type":"ImageObject","inLanguage":"pt-BR","@id":"https:\/\/uvbbrasil.com.br\/#\/schema\/person\/image\/","url":"https:\/\/secure.gravatar.com\/avatar\/1a494ea6f8e2dd1ae526e55b0e9497efdba542491e0620d704cccf63c6f77c45?s=96&d=mm&r=g","contentUrl":"https:\/\/secure.gravatar.com\/avatar\/1a494ea6f8e2dd1ae526e55b0e9497efdba542491e0620d704cccf63c6f77c45?s=96&d=mm&r=g","caption":"adminuvb"},"sameAs":["https:\/\/uvbbrasil.com.br"],"url":"https:\/\/uvbbrasil.com.br\/author\/adminuvb\/"}]}},"_links":{"self":[{"href":"https:\/\/uvbbrasil.com.br\/uvb-json\/wp\/v2\/posts\/33656","targetHints":{"allow":["GET"]}}],"collection":[{"href":"https:\/\/uvbbrasil.com.br\/uvb-json\/wp\/v2\/posts"}],"about":[{"href":"https:\/\/uvbbrasil.com.br\/uvb-json\/wp\/v2\/types\/post"}],"author":[{"embeddable":true,"href":"https:\/\/uvbbrasil.com.br\/uvb-json\/wp\/v2\/users\/1"}],"replies":[{"embeddable":true,"href":"https:\/\/uvbbrasil.com.br\/uvb-json\/wp\/v2\/comments?post=33656"}],"version-history":[{"count":0,"href":"https:\/\/uvbbrasil.com.br\/uvb-json\/wp\/v2\/posts\/33656\/revisions"}],"wp:featuredmedia":[{"embeddable":true,"href":"https:\/\/uvbbrasil.com.br\/uvb-json\/wp\/v2\/media\/33657"}],"wp:attachment":[{"href":"https:\/\/uvbbrasil.com.br\/uvb-json\/wp\/v2\/media?parent=33656"}],"wp:term":[{"taxonomy":"category","embeddable":true,"href":"https:\/\/uvbbrasil.com.br\/uvb-json\/wp\/v2\/categories?post=33656"},{"taxonomy":"post_tag","embeddable":true,"href":"https:\/\/uvbbrasil.com.br\/uvb-json\/wp\/v2\/tags?post=33656"}],"curies":[{"name":"wp","href":"https:\/\/api.w.org\/{rel}","templated":true}]}}