{"id":33574,"date":"2024-02-20T12:05:04","date_gmt":"2024-02-20T15:05:04","guid":{"rendered":"https:\/\/wpsandbox4.pante.com.br\/?p=33574"},"modified":"2024-02-20T12:05:04","modified_gmt":"2024-02-20T15:05:04","slug":"camara-de-indaiatuba-sp-aprova-vaga-preferencial-para-pessoas-com-fibromialgia-em-estacionamentos","status":"publish","type":"post","link":"https:\/\/uvbbrasil.com.br\/camara-de-indaiatuba-sp-aprova-vaga-preferencial-para-pessoas-com-fibromialgia-em-estacionamentos\/","title":{"rendered":"C\u00e2mara de Indaiatuba\/SP- Aprova vaga preferencial para pessoas com fibromialgia em estacionamentos"},"content":{"rendered":"<p><span style=\"letter-spacing: 0px;\">C\u00e2mara aprovou nesta segunda-feira (19), durante a primeira sess\u00e3o ordin\u00e1ria do ano, projeto de lei do presidente Pepo Lepinsk que reconhece \u00e0s pessoas portadores de fibromialgia o direito de utilizarem as vagas reservadas aos deficientes f\u00edsicos ou com mobilidade comprometida nos estacionamentos p\u00fablicos e privados localizados no munic\u00edpio.<\/span><\/p>\n<div id=\"viewlet-below-content-title\">\n<div id=\"viewlet-social-like\" class=\"horizontal\">\n<div class=\"fb-like fb_iframe_widget\" data-send=\"false\" data-show-faces=\"false\" data-share=\"True\" data-layout=\"button_count\" data-action=\"like\" data-href=\"https:\/\/www.indaiatuba.sp.leg.br\/institucional\/noticias\/camara-aprova-vaga-preferencial-para-pessoas-com-fibromialgia-em-estacionamentos\">\n<div id=\"viewlet-below-content-title\">\n<div class=\"sociallike-network-twitter\">\n<div class=\"x11i5rnm xat24cr x1mh8g0r x1vvkbs xtlvy1s x126k92a\">\n<div dir=\"auto\">De acordo com o autor da proposta, a iniciativa\u00a0visa atender demanda das pessoas acometidas pela fibromialgia, uma s\u00edndrome reumatol\u00f3gica com causas e mecanismos ainda n\u00e3o completamente esclarecidos e que provoca dores por todo o corpo, altera\u00e7\u00e3o do sono e fadiga, quadro de depress\u00e3o, altera\u00e7\u00f5es do h\u00e1bito intestinal, falta de mem\u00f3ria e de concentra\u00e7\u00e3o e dificuldade de locomo\u00e7\u00e3o.<\/p>\n<\/div>\n<\/div>\n<div class=\"x11i5rnm xat24cr x1mh8g0r x1vvkbs xtlvy1s x126k92a\">\n<div dir=\"auto\">O projeto destaca que, em 2022, as pessoas com fibromialgia conquistaram o direito a atendimento preferencial nos \u00f3rg\u00e3os p\u00fablicos. &#8220;O que fizemos agora &#8212; afirma Pepo Lepinsk &#8212; foi assegurar a elas a utiliza\u00e7\u00e3o do Cart\u00e3o Preferencial tamb\u00e9m em todos os estacionamentos da cidade, direito que, a meu ver, a legisla\u00e7\u00e3o anterior n\u00e3o deixava explicitado&#8221;.<\/p>\n<\/div>\n<\/div>\n<div class=\"x11i5rnm xat24cr x1mh8g0r x1vvkbs xtlvy1s x126k92a\">\n<div dir=\"auto\">Pepo observa que, para obten\u00e7\u00e3o do cart\u00e3o, o benefici\u00e1rio dever\u00e1 apresentar anexado ao protocolo de requerimento \u00e0 Prefeitura o atestado m\u00e9dico emitido no m\u00e1ximo h\u00e1 60 dias, documento de identidade com foto e assinatura e comprovante de resid\u00eancia no munic\u00edpio emitido h\u00e1 n\u00e3o mais do que tr\u00eas meses da data da solicita\u00e7\u00e3o.<\/p>\n<\/div>\n<\/div>\n<div class=\"x11i5rnm xat24cr x1mh8g0r x1vvkbs xtlvy1s x126k92a\">\n<div dir=\"auto\">&#8220;Quero agradecer aos colegas da C\u00e2mara por compreenderam a import\u00e2ncia da minha proposta e a aprovarem de maneira un\u00e2nime&#8221;, afirmou.<\/p>\n<\/div>\n<\/div>\n<div class=\"x11i5rnm xat24cr x1mh8g0r x1vvkbs xtlvy1s x126k92a\">\n<div dir=\"auto\">Estudos indicam que a fibromialgia \u00e9 uma patologia de grande incid\u00eancia em todo o mundo, predominantemente entre as mulheres, sendo a segunda maior causa de doen\u00e7a reumatol\u00f3gica depois da osteoartrose. No Brasil, a preval\u00eancia da doen\u00e7a varia entre 2% a 4% da popula\u00e7\u00e3o, o que representa em Indaiatuba o poss\u00edvel acometimento de 5 mil a 10 mil mun\u00edcipes.<\/div>\n<\/div>\n<\/div>\n<\/div>\n<div class=\"sociallike-network-whatsapp\"><img fetchpriority=\"high\" decoding=\"async\" class=\"alignnone size-medium wp-image-33575\" src=\"https:\/\/uvbbrasil.com.br\/wp-content\/uploads\/2024\/02\/indaituba-sp-300x200.png\" alt=\"\" width=\"300\" height=\"200\" srcset=\"https:\/\/uvbbrasil.com.br\/wp-content\/uploads\/2024\/02\/indaituba-sp-300x200.png 300w, https:\/\/uvbbrasil.com.br\/wp-content\/uploads\/2024\/02\/indaituba-sp-1024x683.png 1024w, https:\/\/uvbbrasil.com.br\/wp-content\/uploads\/2024\/02\/indaituba-sp-768x512.png 768w, https:\/\/uvbbrasil.com.br\/wp-content\/uploads\/2024\/02\/indaituba-sp-1536x1024.png 1536w, https:\/\/uvbbrasil.com.br\/wp-content\/uploads\/2024\/02\/indaituba-sp-2048x1365.png 2048w\" sizes=\"(max-width: 300px) 100vw, 300px\" \/><\/div>\n<\/div>\n<\/div>\n<\/div>\n","protected":false},"excerpt":{"rendered":"<p>C\u00e2mara aprovou nesta segunda-feira (19), durante a primeira sess\u00e3o ordin\u00e1ria do ano, projeto de lei do presidente Pepo Lepinsk que&#8230;<\/p>\n","protected":false},"author":1,"featured_media":33575,"comment_status":"open","ping_status":"open","sticky":false,"template":"","format":"standard","meta":{"footnotes":""},"categories":[3],"tags":[],"class_list":["post-33574","post","type-post","status-publish","format-standard","has-post-thumbnail","hentry","category-noticias"],"yoast_head":"<!-- This site is optimized with the Yoast SEO plugin v26.7 - https:\/\/yoast.com\/wordpress\/plugins\/seo\/ -->\n<title>C\u00e2mara de Indaiatuba\/SP- Aprova vaga preferencial para pessoas com fibromialgia em estacionamentos - UVB Brasil<\/title>\n<meta name=\"robots\" content=\"index, follow, max-snippet:-1, max-image-preview:large, max-video-preview:-1\" \/>\n<link rel=\"canonical\" href=\"https:\/\/uvbbrasil.com.br\/camara-de-indaiatuba-sp-aprova-vaga-preferencial-para-pessoas-com-fibromialgia-em-estacionamentos\/\" \/>\n<meta property=\"og:locale\" content=\"pt_BR\" \/>\n<meta property=\"og:type\" content=\"article\" \/>\n<meta property=\"og:title\" content=\"C\u00e2mara de Indaiatuba\/SP- Aprova vaga preferencial para pessoas com fibromialgia em estacionamentos - UVB Brasil\" \/>\n<meta property=\"og:description\" content=\"C\u00e2mara aprovou nesta segunda-feira (19), durante a primeira sess\u00e3o ordin\u00e1ria do ano, projeto de lei do presidente Pepo Lepinsk que...\" \/>\n<meta property=\"og:url\" content=\"https:\/\/uvbbrasil.com.br\/camara-de-indaiatuba-sp-aprova-vaga-preferencial-para-pessoas-com-fibromialgia-em-estacionamentos\/\" \/>\n<meta property=\"og:site_name\" content=\"UVB Brasil\" \/>\n<meta property=\"article:publisher\" content=\"https:\/\/www.facebook.com\/uvb.vereadoresbrasil\" \/>\n<meta property=\"article:published_time\" content=\"2024-02-20T15:05:04+00:00\" \/>\n<meta property=\"og:image\" content=\"https:\/\/uvbbrasil.com.br\/wp-content\/uploads\/2024\/02\/indaituba-sp-1024x683.png\" \/>\n\t<meta property=\"og:image:width\" content=\"1024\" \/>\n\t<meta property=\"og:image:height\" content=\"683\" \/>\n\t<meta property=\"og:image:type\" content=\"image\/png\" \/>\n<meta name=\"author\" content=\"adminuvb\" \/>\n<meta name=\"twitter:card\" content=\"summary_large_image\" \/>\n<meta name=\"twitter:label1\" content=\"Escrito por\" \/>\n\t<meta name=\"twitter:data1\" content=\"adminuvb\" \/>\n\t<meta name=\"twitter:label2\" content=\"Est. tempo de leitura\" \/>\n\t<meta name=\"twitter:data2\" content=\"2 minutos\" \/>\n<script type=\"application\/ld+json\" class=\"yoast-schema-graph\">{\"@context\":\"https:\/\/schema.org\",\"@graph\":[{\"@type\":\"Article\",\"@id\":\"https:\/\/uvbbrasil.com.br\/camara-de-indaiatuba-sp-aprova-vaga-preferencial-para-pessoas-com-fibromialgia-em-estacionamentos\/#article\",\"isPartOf\":{\"@id\":\"https:\/\/uvbbrasil.com.br\/camara-de-indaiatuba-sp-aprova-vaga-preferencial-para-pessoas-com-fibromialgia-em-estacionamentos\/\"},\"author\":{\"name\":\"adminuvb\",\"@id\":\"https:\/\/uvbbrasil.com.br\/#\/schema\/person\/17990098446c098f52effddff4f1b272\"},\"headline\":\"C\u00e2mara de Indaiatuba\/SP- Aprova vaga preferencial para pessoas com fibromialgia em estacionamentos\",\"datePublished\":\"2024-02-20T15:05:04+00:00\",\"mainEntityOfPage\":{\"@id\":\"https:\/\/uvbbrasil.com.br\/camara-de-indaiatuba-sp-aprova-vaga-preferencial-para-pessoas-com-fibromialgia-em-estacionamentos\/\"},\"wordCount\":340,\"commentCount\":0,\"publisher\":{\"@id\":\"https:\/\/uvbbrasil.com.br\/#organization\"},\"image\":{\"@id\":\"https:\/\/uvbbrasil.com.br\/camara-de-indaiatuba-sp-aprova-vaga-preferencial-para-pessoas-com-fibromialgia-em-estacionamentos\/#primaryimage\"},\"thumbnailUrl\":\"https:\/\/uvbbrasil.com.br\/wp-content\/uploads\/2024\/02\/indaituba-sp.png\",\"articleSection\":[\"NOT\u00cdCIAS\"],\"inLanguage\":\"pt-BR\",\"potentialAction\":[{\"@type\":\"CommentAction\",\"name\":\"Comment\",\"target\":[\"https:\/\/uvbbrasil.com.br\/camara-de-indaiatuba-sp-aprova-vaga-preferencial-para-pessoas-com-fibromialgia-em-estacionamentos\/#respond\"]}]},{\"@type\":\"WebPage\",\"@id\":\"https:\/\/uvbbrasil.com.br\/camara-de-indaiatuba-sp-aprova-vaga-preferencial-para-pessoas-com-fibromialgia-em-estacionamentos\/\",\"url\":\"https:\/\/uvbbrasil.com.br\/camara-de-indaiatuba-sp-aprova-vaga-preferencial-para-pessoas-com-fibromialgia-em-estacionamentos\/\",\"name\":\"C\u00e2mara de Indaiatuba\/SP- Aprova vaga preferencial para pessoas com fibromialgia em estacionamentos - UVB Brasil\",\"isPartOf\":{\"@id\":\"https:\/\/uvbbrasil.com.br\/#website\"},\"primaryImageOfPage\":{\"@id\":\"https:\/\/uvbbrasil.com.br\/camara-de-indaiatuba-sp-aprova-vaga-preferencial-para-pessoas-com-fibromialgia-em-estacionamentos\/#primaryimage\"},\"image\":{\"@id\":\"https:\/\/uvbbrasil.com.br\/camara-de-indaiatuba-sp-aprova-vaga-preferencial-para-pessoas-com-fibromialgia-em-estacionamentos\/#primaryimage\"},\"thumbnailUrl\":\"https:\/\/uvbbrasil.com.br\/wp-content\/uploads\/2024\/02\/indaituba-sp.png\",\"datePublished\":\"2024-02-20T15:05:04+00:00\",\"breadcrumb\":{\"@id\":\"https:\/\/uvbbrasil.com.br\/camara-de-indaiatuba-sp-aprova-vaga-preferencial-para-pessoas-com-fibromialgia-em-estacionamentos\/#breadcrumb\"},\"inLanguage\":\"pt-BR\",\"potentialAction\":[{\"@type\":\"ReadAction\",\"target\":[\"https:\/\/uvbbrasil.com.br\/camara-de-indaiatuba-sp-aprova-vaga-preferencial-para-pessoas-com-fibromialgia-em-estacionamentos\/\"]}]},{\"@type\":\"ImageObject\",\"inLanguage\":\"pt-BR\",\"@id\":\"https:\/\/uvbbrasil.com.br\/camara-de-indaiatuba-sp-aprova-vaga-preferencial-para-pessoas-com-fibromialgia-em-estacionamentos\/#primaryimage\",\"url\":\"https:\/\/uvbbrasil.com.br\/wp-content\/uploads\/2024\/02\/indaituba-sp.png\",\"contentUrl\":\"https:\/\/uvbbrasil.com.br\/wp-content\/uploads\/2024\/02\/indaituba-sp.png\",\"width\":5568,\"height\":3712},{\"@type\":\"BreadcrumbList\",\"@id\":\"https:\/\/uvbbrasil.com.br\/camara-de-indaiatuba-sp-aprova-vaga-preferencial-para-pessoas-com-fibromialgia-em-estacionamentos\/#breadcrumb\",\"itemListElement\":[{\"@type\":\"ListItem\",\"position\":1,\"name\":\"In\u00edcio\",\"item\":\"https:\/\/uvbbrasil.com.br\/\"},{\"@type\":\"ListItem\",\"position\":2,\"name\":\"C\u00e2mara de Indaiatuba\/SP- Aprova vaga preferencial para pessoas com fibromialgia em estacionamentos\"}]},{\"@type\":\"WebSite\",\"@id\":\"https:\/\/uvbbrasil.com.br\/#website\",\"url\":\"https:\/\/uvbbrasil.com.br\/\",\"name\":\"UVB Brasil\",\"description\":\"Uni\u00e3o dos Vereadores do Brasil\",\"publisher\":{\"@id\":\"https:\/\/uvbbrasil.com.br\/#organization\"},\"potentialAction\":[{\"@type\":\"SearchAction\",\"target\":{\"@type\":\"EntryPoint\",\"urlTemplate\":\"https:\/\/uvbbrasil.com.br\/?s={search_term_string}\"},\"query-input\":{\"@type\":\"PropertyValueSpecification\",\"valueRequired\":true,\"valueName\":\"search_term_string\"}}],\"inLanguage\":\"pt-BR\"},{\"@type\":\"Organization\",\"@id\":\"https:\/\/uvbbrasil.com.br\/#organization\",\"name\":\"UVB Brasil\",\"url\":\"https:\/\/uvbbrasil.com.br\/\",\"logo\":{\"@type\":\"ImageObject\",\"inLanguage\":\"pt-BR\",\"@id\":\"https:\/\/uvbbrasil.com.br\/#\/schema\/logo\/image\/\",\"url\":\"https:\/\/uvbbrasil.com.br\/wp-content\/uploads\/2025\/01\/LOGO-UVB-2024-azul-1.jpg\",\"contentUrl\":\"https:\/\/uvbbrasil.com.br\/wp-content\/uploads\/2025\/01\/LOGO-UVB-2024-azul-1.jpg\",\"width\":600,\"height\":211,\"caption\":\"UVB Brasil\"},\"image\":{\"@id\":\"https:\/\/uvbbrasil.com.br\/#\/schema\/logo\/image\/\"},\"sameAs\":[\"https:\/\/www.facebook.com\/uvb.vereadoresbrasil\",\"https:\/\/www.instagram.com\/uvbbrasil\/\",\"https:\/\/www.youtube.com\/channel\/UCIlPQ8Xzw5GHNzosQIg9S5A\"]},{\"@type\":\"Person\",\"@id\":\"https:\/\/uvbbrasil.com.br\/#\/schema\/person\/17990098446c098f52effddff4f1b272\",\"name\":\"adminuvb\",\"image\":{\"@type\":\"ImageObject\",\"inLanguage\":\"pt-BR\",\"@id\":\"https:\/\/uvbbrasil.com.br\/#\/schema\/person\/image\/\",\"url\":\"https:\/\/secure.gravatar.com\/avatar\/1a494ea6f8e2dd1ae526e55b0e9497efdba542491e0620d704cccf63c6f77c45?s=96&d=mm&r=g\",\"contentUrl\":\"https:\/\/secure.gravatar.com\/avatar\/1a494ea6f8e2dd1ae526e55b0e9497efdba542491e0620d704cccf63c6f77c45?s=96&d=mm&r=g\",\"caption\":\"adminuvb\"},\"sameAs\":[\"https:\/\/uvbbrasil.com.br\"],\"url\":\"https:\/\/uvbbrasil.com.br\/author\/adminuvb\/\"}]}<\/script>\n<!-- \/ Yoast SEO plugin. -->","yoast_head_json":{"title":"C\u00e2mara de Indaiatuba\/SP- Aprova vaga preferencial para pessoas com fibromialgia em estacionamentos - UVB Brasil","robots":{"index":"index","follow":"follow","max-snippet":"max-snippet:-1","max-image-preview":"max-image-preview:large","max-video-preview":"max-video-preview:-1"},"canonical":"https:\/\/uvbbrasil.com.br\/camara-de-indaiatuba-sp-aprova-vaga-preferencial-para-pessoas-com-fibromialgia-em-estacionamentos\/","og_locale":"pt_BR","og_type":"article","og_title":"C\u00e2mara de Indaiatuba\/SP- Aprova vaga preferencial para pessoas com fibromialgia em estacionamentos - UVB Brasil","og_description":"C\u00e2mara aprovou nesta segunda-feira (19), durante a primeira sess\u00e3o ordin\u00e1ria do ano, projeto de lei do presidente Pepo Lepinsk que...","og_url":"https:\/\/uvbbrasil.com.br\/camara-de-indaiatuba-sp-aprova-vaga-preferencial-para-pessoas-com-fibromialgia-em-estacionamentos\/","og_site_name":"UVB Brasil","article_publisher":"https:\/\/www.facebook.com\/uvb.vereadoresbrasil","article_published_time":"2024-02-20T15:05:04+00:00","og_image":[{"width":1024,"height":683,"url":"https:\/\/uvbbrasil.com.br\/wp-content\/uploads\/2024\/02\/indaituba-sp-1024x683.png","type":"image\/png"}],"author":"adminuvb","twitter_card":"summary_large_image","twitter_misc":{"Escrito por":"adminuvb","Est. tempo de leitura":"2 minutos"},"schema":{"@context":"https:\/\/schema.org","@graph":[{"@type":"Article","@id":"https:\/\/uvbbrasil.com.br\/camara-de-indaiatuba-sp-aprova-vaga-preferencial-para-pessoas-com-fibromialgia-em-estacionamentos\/#article","isPartOf":{"@id":"https:\/\/uvbbrasil.com.br\/camara-de-indaiatuba-sp-aprova-vaga-preferencial-para-pessoas-com-fibromialgia-em-estacionamentos\/"},"author":{"name":"adminuvb","@id":"https:\/\/uvbbrasil.com.br\/#\/schema\/person\/17990098446c098f52effddff4f1b272"},"headline":"C\u00e2mara de Indaiatuba\/SP- Aprova vaga preferencial para pessoas com fibromialgia em estacionamentos","datePublished":"2024-02-20T15:05:04+00:00","mainEntityOfPage":{"@id":"https:\/\/uvbbrasil.com.br\/camara-de-indaiatuba-sp-aprova-vaga-preferencial-para-pessoas-com-fibromialgia-em-estacionamentos\/"},"wordCount":340,"commentCount":0,"publisher":{"@id":"https:\/\/uvbbrasil.com.br\/#organization"},"image":{"@id":"https:\/\/uvbbrasil.com.br\/camara-de-indaiatuba-sp-aprova-vaga-preferencial-para-pessoas-com-fibromialgia-em-estacionamentos\/#primaryimage"},"thumbnailUrl":"https:\/\/uvbbrasil.com.br\/wp-content\/uploads\/2024\/02\/indaituba-sp.png","articleSection":["NOT\u00cdCIAS"],"inLanguage":"pt-BR","potentialAction":[{"@type":"CommentAction","name":"Comment","target":["https:\/\/uvbbrasil.com.br\/camara-de-indaiatuba-sp-aprova-vaga-preferencial-para-pessoas-com-fibromialgia-em-estacionamentos\/#respond"]}]},{"@type":"WebPage","@id":"https:\/\/uvbbrasil.com.br\/camara-de-indaiatuba-sp-aprova-vaga-preferencial-para-pessoas-com-fibromialgia-em-estacionamentos\/","url":"https:\/\/uvbbrasil.com.br\/camara-de-indaiatuba-sp-aprova-vaga-preferencial-para-pessoas-com-fibromialgia-em-estacionamentos\/","name":"C\u00e2mara de Indaiatuba\/SP- Aprova vaga preferencial para pessoas com fibromialgia em estacionamentos - UVB Brasil","isPartOf":{"@id":"https:\/\/uvbbrasil.com.br\/#website"},"primaryImageOfPage":{"@id":"https:\/\/uvbbrasil.com.br\/camara-de-indaiatuba-sp-aprova-vaga-preferencial-para-pessoas-com-fibromialgia-em-estacionamentos\/#primaryimage"},"image":{"@id":"https:\/\/uvbbrasil.com.br\/camara-de-indaiatuba-sp-aprova-vaga-preferencial-para-pessoas-com-fibromialgia-em-estacionamentos\/#primaryimage"},"thumbnailUrl":"https:\/\/uvbbrasil.com.br\/wp-content\/uploads\/2024\/02\/indaituba-sp.png","datePublished":"2024-02-20T15:05:04+00:00","breadcrumb":{"@id":"https:\/\/uvbbrasil.com.br\/camara-de-indaiatuba-sp-aprova-vaga-preferencial-para-pessoas-com-fibromialgia-em-estacionamentos\/#breadcrumb"},"inLanguage":"pt-BR","potentialAction":[{"@type":"ReadAction","target":["https:\/\/uvbbrasil.com.br\/camara-de-indaiatuba-sp-aprova-vaga-preferencial-para-pessoas-com-fibromialgia-em-estacionamentos\/"]}]},{"@type":"ImageObject","inLanguage":"pt-BR","@id":"https:\/\/uvbbrasil.com.br\/camara-de-indaiatuba-sp-aprova-vaga-preferencial-para-pessoas-com-fibromialgia-em-estacionamentos\/#primaryimage","url":"https:\/\/uvbbrasil.com.br\/wp-content\/uploads\/2024\/02\/indaituba-sp.png","contentUrl":"https:\/\/uvbbrasil.com.br\/wp-content\/uploads\/2024\/02\/indaituba-sp.png","width":5568,"height":3712},{"@type":"BreadcrumbList","@id":"https:\/\/uvbbrasil.com.br\/camara-de-indaiatuba-sp-aprova-vaga-preferencial-para-pessoas-com-fibromialgia-em-estacionamentos\/#breadcrumb","itemListElement":[{"@type":"ListItem","position":1,"name":"In\u00edcio","item":"https:\/\/uvbbrasil.com.br\/"},{"@type":"ListItem","position":2,"name":"C\u00e2mara de Indaiatuba\/SP- Aprova vaga preferencial para pessoas com fibromialgia em estacionamentos"}]},{"@type":"WebSite","@id":"https:\/\/uvbbrasil.com.br\/#website","url":"https:\/\/uvbbrasil.com.br\/","name":"UVB Brasil","description":"Uni\u00e3o dos Vereadores do Brasil","publisher":{"@id":"https:\/\/uvbbrasil.com.br\/#organization"},"potentialAction":[{"@type":"SearchAction","target":{"@type":"EntryPoint","urlTemplate":"https:\/\/uvbbrasil.com.br\/?s={search_term_string}"},"query-input":{"@type":"PropertyValueSpecification","valueRequired":true,"valueName":"search_term_string"}}],"inLanguage":"pt-BR"},{"@type":"Organization","@id":"https:\/\/uvbbrasil.com.br\/#organization","name":"UVB Brasil","url":"https:\/\/uvbbrasil.com.br\/","logo":{"@type":"ImageObject","inLanguage":"pt-BR","@id":"https:\/\/uvbbrasil.com.br\/#\/schema\/logo\/image\/","url":"https:\/\/uvbbrasil.com.br\/wp-content\/uploads\/2025\/01\/LOGO-UVB-2024-azul-1.jpg","contentUrl":"https:\/\/uvbbrasil.com.br\/wp-content\/uploads\/2025\/01\/LOGO-UVB-2024-azul-1.jpg","width":600,"height":211,"caption":"UVB Brasil"},"image":{"@id":"https:\/\/uvbbrasil.com.br\/#\/schema\/logo\/image\/"},"sameAs":["https:\/\/www.facebook.com\/uvb.vereadoresbrasil","https:\/\/www.instagram.com\/uvbbrasil\/","https:\/\/www.youtube.com\/channel\/UCIlPQ8Xzw5GHNzosQIg9S5A"]},{"@type":"Person","@id":"https:\/\/uvbbrasil.com.br\/#\/schema\/person\/17990098446c098f52effddff4f1b272","name":"adminuvb","image":{"@type":"ImageObject","inLanguage":"pt-BR","@id":"https:\/\/uvbbrasil.com.br\/#\/schema\/person\/image\/","url":"https:\/\/secure.gravatar.com\/avatar\/1a494ea6f8e2dd1ae526e55b0e9497efdba542491e0620d704cccf63c6f77c45?s=96&d=mm&r=g","contentUrl":"https:\/\/secure.gravatar.com\/avatar\/1a494ea6f8e2dd1ae526e55b0e9497efdba542491e0620d704cccf63c6f77c45?s=96&d=mm&r=g","caption":"adminuvb"},"sameAs":["https:\/\/uvbbrasil.com.br"],"url":"https:\/\/uvbbrasil.com.br\/author\/adminuvb\/"}]}},"_links":{"self":[{"href":"https:\/\/uvbbrasil.com.br\/uvb-json\/wp\/v2\/posts\/33574","targetHints":{"allow":["GET"]}}],"collection":[{"href":"https:\/\/uvbbrasil.com.br\/uvb-json\/wp\/v2\/posts"}],"about":[{"href":"https:\/\/uvbbrasil.com.br\/uvb-json\/wp\/v2\/types\/post"}],"author":[{"embeddable":true,"href":"https:\/\/uvbbrasil.com.br\/uvb-json\/wp\/v2\/users\/1"}],"replies":[{"embeddable":true,"href":"https:\/\/uvbbrasil.com.br\/uvb-json\/wp\/v2\/comments?post=33574"}],"version-history":[{"count":0,"href":"https:\/\/uvbbrasil.com.br\/uvb-json\/wp\/v2\/posts\/33574\/revisions"}],"wp:featuredmedia":[{"embeddable":true,"href":"https:\/\/uvbbrasil.com.br\/uvb-json\/wp\/v2\/media\/33575"}],"wp:attachment":[{"href":"https:\/\/uvbbrasil.com.br\/uvb-json\/wp\/v2\/media?parent=33574"}],"wp:term":[{"taxonomy":"category","embeddable":true,"href":"https:\/\/uvbbrasil.com.br\/uvb-json\/wp\/v2\/categories?post=33574"},{"taxonomy":"post_tag","embeddable":true,"href":"https:\/\/uvbbrasil.com.br\/uvb-json\/wp\/v2\/tags?post=33574"}],"curies":[{"name":"wp","href":"https:\/\/api.w.org\/{rel}","templated":true}]}}