{"id":33496,"date":"2024-02-09T11:45:59","date_gmt":"2024-02-09T14:45:59","guid":{"rendered":"https:\/\/wpsandbox4.pante.com.br\/?p=33496"},"modified":"2024-02-09T11:45:59","modified_gmt":"2024-02-09T14:45:59","slug":"faltam-so-tres-meses-para-eleitor-regularizar-ou-tirar-a-1a-via-do-titulo","status":"publish","type":"post","link":"https:\/\/uvbbrasil.com.br\/faltam-so-tres-meses-para-eleitor-regularizar-ou-tirar-a-1a-via-do-titulo\/","title":{"rendered":"Faltam s\u00f3 tr\u00eas meses para eleitor regularizar ou tirar a 1\u00aa via do t\u00edtulo"},"content":{"rendered":"<p class=\"noticia-titulo\">\n<p class=\"noticia-subtitulo\">Ap\u00f3s 8 de maio, n\u00e3o ser\u00e1 poss\u00edvel tirar o t\u00edtulo de eleitor nem realizar mudan\u00e7as no cadastro eleitoral<\/p>\n<section id=\"texto-conteudo\" class=\"texto-noticias-internas\">\n<div class=\"tab-content sem-galeria\">\n<div id=\"ancora-1\" class=\"tab-pane active\" role=\"tabpanel\">\n<p>Faltam exatos tr\u00eas meses para cidad\u00e3s e cidad\u00e3os regularizarem o t\u00edtulo de eleitor e solicitarem a emiss\u00e3o da\u00a0primeira via do documento para poderem votar nas Elei\u00e7\u00f5es Municipais de 2024. Ent\u00e3o \u00e9 preciso se apressar.<\/p>\n<p>Conforme estabelece a\u00a0<a href=\"https:\/\/www.tse.jus.br\/legislacao\/codigo-eleitoral\/lei-das-eleicoes\/lei-das-eleicoes-lei-nb0-9.504-de-30-de-setembro-de-1997\">Lei das Elei\u00e7\u00f5es<\/a>\u00a0(Lei n\u00ba 9.504\/1997), o cadastro eleitoral fecha ap\u00f3s o dia 8 de maio, com rela\u00e7\u00e3o ao pleito deste ano. De acordo com a lei, nenhum requerimento de inscri\u00e7\u00e3o eleitoral ou de transfer\u00eancia poder\u00e1 ser recebido dentro dos 150 dias anteriores \u00e0 data da vota\u00e7\u00e3o.<\/p>\n<p>Eleitoras e eleitores v\u00e3o escolher, este ano, candidatas e candidatos aos cargos de prefeito, vice-prefeito e vereador em mais de 5,5 mil munic\u00edpios do pa\u00eds. A vota\u00e7\u00e3o ocorre no dia 6 de outubro.<\/p>\n<p><img decoding=\"async\" class=\"image-richtext image-inline\" title=\"Autoatendimento eleitoral 2024 - 16.01.2024\" src=\"https:\/\/www.tse.jus.br\/imagens\/fotos\/autoatendimento-eleitoral-2024-16-01.2024\/@@images\/111eac94-11c5-4bdb-8d75-1217e4bdd1eb.jpeg\" alt=\"P\u00e1gina do Autoatendimento Eleitoral\" width=\"\" height=\"\" \/><\/p>\n<p><strong>Confira, a seguir, os servi\u00e7os do cadastro eleitoral, dispon\u00edveis no\u00a0<\/strong><a href=\"https:\/\/www.tse.jus.br\/servicos-eleitorais\/autoatendimento-eleitoral#\/\">Autoatendimento Eleitoral, no site do TSE<\/a><strong>, que voc\u00ea pode solicitar at\u00e9 8 de maio de 2024:<\/strong><\/p>\n<ul>\n<li><strong>Primeiro t\u00edtulo eleitoral (alistamento eleitoral)<\/strong>\u00a0\u2013 O artigo 14 da Constitui\u00e7\u00e3o Federal estabelece que o alistamento eleitoral e o voto s\u00e3o obrigat\u00f3rios para maiores de 18 anos de idade e facultativos para as pessoas analfabetas, os maiores de 70 anos e os jovens de 16 e 17 anos. \u00c9 poss\u00edvel tirar o\u00a0<a href=\"https:\/\/www.tse.jus.br\/comunicacao\/noticias\/2023\/Maio\/jovens-que-completaram-15-anos-ja-podem-tirar-o-titulo-de-eleitor\">t\u00edtulo de eleitor a partir dos 15 anos de idade<\/a>. No entanto, somente ao completar 16 anos, a pessoa poder\u00e1 votar. Esse servi\u00e7o est\u00e1 dispon\u00edvel no campo \u201cT\u00edtulo Eleitoral\u201d.<\/li>\n<li><strong>Inclus\u00e3o de nome social \u2013<\/strong>\u00a0Travestis e transexuais podem incluir o\u00a0<a href=\"https:\/\/www.tse.jus.br\/comunicacao\/noticias\/2023\/Julho\/nome-social-no-titulo-e-reconhecimento-da-cidadania-plena-de-travestis-e-transexuais\">nome social no t\u00edtulo de eleitor<\/a>, seja no momento do alistamento eleitoral, seja no instante de atualizar os dados posteriormente. Acesse esse servi\u00e7o no campo \u201cT\u00edtulo Eleitoral\u201d.<\/li>\n<li><strong>Atualiza\u00e7\u00e3o ou corre\u00e7\u00e3o de dados cadastrais\u00a0\u2013\u00a0<\/strong>Para corrigir dados na Justi\u00e7a Eleitoral &#8211; como telefone, atualizar dados pessoais ou endere\u00e7o (h\u00e1 op\u00e7\u00e3o somente para atualiza\u00e7\u00e3o ou corre\u00e7\u00e3o, sem troca de local de vota\u00e7\u00e3o ou de domic\u00edlio eleitoral) \u2013 \u00e9 s\u00f3 clicar no campo \u201cT\u00edtulo Eleitoral\u201d e em \u201cAtualize ou corrija erros no seu cadastro\u201d.<\/li>\n<li><strong>Transfer\u00eancia de domic\u00edlio eleitoral \u2013<\/strong>\u00a0Se voc\u00ea mudou de cidade e deseja votar no munic\u00edpio em que vive atualmente, deve solicitar a transfer\u00eancia de domic\u00edlio eleitoral. \u00c9 preciso residir na localidade h\u00e1 pelo menos tr\u00eas meses ou ter completado no m\u00ednimo um ano da data do alistamento eleitoral (primeiro t\u00edtulo de eleitor) ou da \u00faltima transfer\u00eancia do documento. Essa regra s\u00f3 n\u00e3o vale para servidores p\u00fablicos civis, militares, aut\u00e1rquicos e familiares que, por motivo de remo\u00e7\u00e3o ou transfer\u00eancia, tenham mudado de domic\u00edlio. Para fazer a solicita\u00e7\u00e3o, acesse \u201cT\u00edtulo eleitoral\u201d e \u201cAtualize seu endere\u00e7o\u201d.<\/li>\n<li><strong>Troca de local de vota\u00e7\u00e3o\u00a0\u2013\u00a0<\/strong>\u00c9 poss\u00edvel escolher um novo local de vota\u00e7\u00e3o no seu munic\u00edpio e na mesma zona eleitoral, sem a necessidade de atualiza\u00e7\u00e3o de endere\u00e7o. Para isso, clique em \u201cT\u00edtulo eleitoral\u201d e, em seguida, em \u201cTroque seu local de vota\u00e7\u00e3o dentro do mesmo munic\u00edpio\u201d.<\/li>\n<li><strong>Cadastramento biom\u00e9trico\u00a0\u2013\u00a0<\/strong>Ao final do preenchimento da solicita\u00e7\u00e3o de primeiro t\u00edtulo, altera\u00e7\u00e3o de dados, transfer\u00eancia ou regulariza\u00e7\u00e3o da inscri\u00e7\u00e3o, se a eleitora ou o eleitor ainda n\u00e3o tiver feito a coleta da biometria e ela for exigida, o sistema emitir\u00e1 um aviso sobre a necessidade de comparecimento a um cart\u00f3rio eleitoral ou central de atendimento no prazo de 30 dias.\n<p>Caso ainda n\u00e3o tenha a biometria cadastrada na Justi\u00e7a Eleitoral, a pessoa deve procurar se informar no Tribunal Regional Eleitoral do estado onde reside para saber se h\u00e1 a necessidade de agendamento de atendimento nos cart\u00f3rios eleitorais para o procedimento.<\/p>\n<p>O cadastro biom\u00e9trico \u00e9 gratuito e confere ainda mais seguran\u00e7a ao voto.\u00a0<strong>A eleitora ou o eleitor n\u00e3o identificado biometricamente n\u00e3o ser\u00e1 impedido de votar.<\/strong>\u00a0Mas, se houver a convoca\u00e7\u00e3o para a revis\u00e3o de eleitorado com o objetivo de coletar a biometria e o eleitor ou a eleitora n\u00e3o comparecer ao procedimento, poder\u00e1 ter o t\u00edtulo cancelado e, por essa raz\u00e3o, n\u00e3o poder\u00e1 votar.<\/li>\n<\/ul>\n<ul>\n<li><strong>Sem pend\u00eancias \u2013<\/strong>\u00a0A consulta \u00e0 situa\u00e7\u00e3o do t\u00edtulo de eleitor pode ser feita a qualquer momento. Entretanto, se houver necessidade de corre\u00e7\u00e3o de dados e altera\u00e7\u00e3o no cadastro eleitoral, o eleitor ter\u00e1 at\u00e9 8 de maio para fazer isso. Para conferir se o t\u00edtulo de eleitor est\u00e1 regular e se h\u00e1 identifica\u00e7\u00e3o biom\u00e9trica na Justi\u00e7a Eleitoral, acesse \u201cT\u00edtulo Eleitoral\u201d e, depois, em \u201cConsultar situa\u00e7\u00e3o eleitoral\u201d.\n<p>O conceito de regularidade da inscri\u00e7\u00e3o eleitoral (aptid\u00e3o para o voto) n\u00e3o se confunde com o de quita\u00e7\u00e3o eleitoral (eleitor ou eleitora sem d\u00e9bitos). Para consulta e pagamento de multas, retorne ao menu inicial do \u201cAutoatendimento Eleitoral\u201d e clique em \u201cMulta Eleitoral\u201d.<\/li>\n<\/ul>\n<\/div>\n<\/div>\n<\/section>\n<div id=\"barra-ferramentas-noticias\">\n<div class=\"links\">\n<div class=\"links__conteudo\">\n<div class=\"links__linha\">\n<div class=\"tempo-leitura\"><img decoding=\"async\" class=\"alignnone size-medium wp-image-33497\" src=\"https:\/\/uvbbrasil.com.br\/wp-content\/uploads\/2024\/02\/e8b527de-56e6-467a-b63a-d3e11f5426bd-300x144.jpeg\" alt=\"\" width=\"300\" height=\"144\" srcset=\"https:\/\/uvbbrasil.com.br\/wp-content\/uploads\/2024\/02\/e8b527de-56e6-467a-b63a-d3e11f5426bd-300x144.jpeg 300w, https:\/\/uvbbrasil.com.br\/wp-content\/uploads\/2024\/02\/e8b527de-56e6-467a-b63a-d3e11f5426bd.jpeg 547w\" sizes=\"(max-width: 300px) 100vw, 300px\" \/><\/div>\n<\/div>\n<\/div>\n<\/div>\n<\/div>\n","protected":false},"excerpt":{"rendered":"<p>Ap\u00f3s 8 de maio, n\u00e3o ser\u00e1 poss\u00edvel tirar o t\u00edtulo de eleitor nem realizar mudan\u00e7as no cadastro eleitoral Faltam exatos&#8230;<\/p>\n","protected":false},"author":1,"featured_media":33497,"comment_status":"open","ping_status":"open","sticky":false,"template":"","format":"standard","meta":{"footnotes":""},"categories":[3],"tags":[],"class_list":["post-33496","post","type-post","status-publish","format-standard","has-post-thumbnail","hentry","category-noticias"],"yoast_head":"<!-- This site is optimized with the Yoast SEO plugin v26.7 - https:\/\/yoast.com\/wordpress\/plugins\/seo\/ -->\n<title>Faltam s\u00f3 tr\u00eas meses para eleitor regularizar ou tirar a 1\u00aa via do t\u00edtulo - UVB Brasil<\/title>\n<meta name=\"robots\" content=\"index, follow, max-snippet:-1, max-image-preview:large, max-video-preview:-1\" \/>\n<link rel=\"canonical\" href=\"https:\/\/uvbbrasil.com.br\/faltam-so-tres-meses-para-eleitor-regularizar-ou-tirar-a-1a-via-do-titulo\/\" \/>\n<meta property=\"og:locale\" content=\"pt_BR\" \/>\n<meta property=\"og:type\" content=\"article\" \/>\n<meta property=\"og:title\" content=\"Faltam s\u00f3 tr\u00eas meses para eleitor regularizar ou tirar a 1\u00aa via do t\u00edtulo - UVB Brasil\" \/>\n<meta property=\"og:description\" content=\"Ap\u00f3s 8 de maio, n\u00e3o ser\u00e1 poss\u00edvel tirar o t\u00edtulo de eleitor nem realizar mudan\u00e7as no cadastro eleitoral Faltam exatos...\" \/>\n<meta property=\"og:url\" content=\"https:\/\/uvbbrasil.com.br\/faltam-so-tres-meses-para-eleitor-regularizar-ou-tirar-a-1a-via-do-titulo\/\" \/>\n<meta property=\"og:site_name\" content=\"UVB Brasil\" \/>\n<meta property=\"article:publisher\" content=\"https:\/\/www.facebook.com\/uvb.vereadoresbrasil\" \/>\n<meta property=\"article:published_time\" content=\"2024-02-09T14:45:59+00:00\" \/>\n<meta property=\"og:image\" content=\"https:\/\/uvbbrasil.com.br\/wp-content\/uploads\/2024\/02\/e8b527de-56e6-467a-b63a-d3e11f5426bd.jpeg\" \/>\n\t<meta property=\"og:image:width\" content=\"547\" \/>\n\t<meta property=\"og:image:height\" content=\"263\" \/>\n\t<meta property=\"og:image:type\" content=\"image\/jpeg\" \/>\n<meta name=\"author\" content=\"adminuvb\" \/>\n<meta name=\"twitter:card\" content=\"summary_large_image\" \/>\n<meta name=\"twitter:label1\" content=\"Escrito por\" \/>\n\t<meta name=\"twitter:data1\" content=\"adminuvb\" \/>\n\t<meta name=\"twitter:label2\" content=\"Est. tempo de leitura\" \/>\n\t<meta name=\"twitter:data2\" content=\"4 minutos\" \/>\n<script type=\"application\/ld+json\" class=\"yoast-schema-graph\">{\"@context\":\"https:\/\/schema.org\",\"@graph\":[{\"@type\":\"Article\",\"@id\":\"https:\/\/uvbbrasil.com.br\/faltam-so-tres-meses-para-eleitor-regularizar-ou-tirar-a-1a-via-do-titulo\/#article\",\"isPartOf\":{\"@id\":\"https:\/\/uvbbrasil.com.br\/faltam-so-tres-meses-para-eleitor-regularizar-ou-tirar-a-1a-via-do-titulo\/\"},\"author\":{\"name\":\"adminuvb\",\"@id\":\"https:\/\/uvbbrasil.com.br\/#\/schema\/person\/17990098446c098f52effddff4f1b272\"},\"headline\":\"Faltam s\u00f3 tr\u00eas meses para eleitor regularizar ou tirar a 1\u00aa via do t\u00edtulo\",\"datePublished\":\"2024-02-09T14:45:59+00:00\",\"mainEntityOfPage\":{\"@id\":\"https:\/\/uvbbrasil.com.br\/faltam-so-tres-meses-para-eleitor-regularizar-ou-tirar-a-1a-via-do-titulo\/\"},\"wordCount\":843,\"commentCount\":0,\"publisher\":{\"@id\":\"https:\/\/uvbbrasil.com.br\/#organization\"},\"image\":{\"@id\":\"https:\/\/uvbbrasil.com.br\/faltam-so-tres-meses-para-eleitor-regularizar-ou-tirar-a-1a-via-do-titulo\/#primaryimage\"},\"thumbnailUrl\":\"https:\/\/uvbbrasil.com.br\/wp-content\/uploads\/2024\/02\/e8b527de-56e6-467a-b63a-d3e11f5426bd.jpeg\",\"articleSection\":[\"NOT\u00cdCIAS\"],\"inLanguage\":\"pt-BR\",\"potentialAction\":[{\"@type\":\"CommentAction\",\"name\":\"Comment\",\"target\":[\"https:\/\/uvbbrasil.com.br\/faltam-so-tres-meses-para-eleitor-regularizar-ou-tirar-a-1a-via-do-titulo\/#respond\"]}]},{\"@type\":\"WebPage\",\"@id\":\"https:\/\/uvbbrasil.com.br\/faltam-so-tres-meses-para-eleitor-regularizar-ou-tirar-a-1a-via-do-titulo\/\",\"url\":\"https:\/\/uvbbrasil.com.br\/faltam-so-tres-meses-para-eleitor-regularizar-ou-tirar-a-1a-via-do-titulo\/\",\"name\":\"Faltam s\u00f3 tr\u00eas meses para eleitor regularizar ou tirar a 1\u00aa via do t\u00edtulo - UVB Brasil\",\"isPartOf\":{\"@id\":\"https:\/\/uvbbrasil.com.br\/#website\"},\"primaryImageOfPage\":{\"@id\":\"https:\/\/uvbbrasil.com.br\/faltam-so-tres-meses-para-eleitor-regularizar-ou-tirar-a-1a-via-do-titulo\/#primaryimage\"},\"image\":{\"@id\":\"https:\/\/uvbbrasil.com.br\/faltam-so-tres-meses-para-eleitor-regularizar-ou-tirar-a-1a-via-do-titulo\/#primaryimage\"},\"thumbnailUrl\":\"https:\/\/uvbbrasil.com.br\/wp-content\/uploads\/2024\/02\/e8b527de-56e6-467a-b63a-d3e11f5426bd.jpeg\",\"datePublished\":\"2024-02-09T14:45:59+00:00\",\"breadcrumb\":{\"@id\":\"https:\/\/uvbbrasil.com.br\/faltam-so-tres-meses-para-eleitor-regularizar-ou-tirar-a-1a-via-do-titulo\/#breadcrumb\"},\"inLanguage\":\"pt-BR\",\"potentialAction\":[{\"@type\":\"ReadAction\",\"target\":[\"https:\/\/uvbbrasil.com.br\/faltam-so-tres-meses-para-eleitor-regularizar-ou-tirar-a-1a-via-do-titulo\/\"]}]},{\"@type\":\"ImageObject\",\"inLanguage\":\"pt-BR\",\"@id\":\"https:\/\/uvbbrasil.com.br\/faltam-so-tres-meses-para-eleitor-regularizar-ou-tirar-a-1a-via-do-titulo\/#primaryimage\",\"url\":\"https:\/\/uvbbrasil.com.br\/wp-content\/uploads\/2024\/02\/e8b527de-56e6-467a-b63a-d3e11f5426bd.jpeg\",\"contentUrl\":\"https:\/\/uvbbrasil.com.br\/wp-content\/uploads\/2024\/02\/e8b527de-56e6-467a-b63a-d3e11f5426bd.jpeg\",\"width\":547,\"height\":263},{\"@type\":\"BreadcrumbList\",\"@id\":\"https:\/\/uvbbrasil.com.br\/faltam-so-tres-meses-para-eleitor-regularizar-ou-tirar-a-1a-via-do-titulo\/#breadcrumb\",\"itemListElement\":[{\"@type\":\"ListItem\",\"position\":1,\"name\":\"In\u00edcio\",\"item\":\"https:\/\/uvbbrasil.com.br\/\"},{\"@type\":\"ListItem\",\"position\":2,\"name\":\"Faltam s\u00f3 tr\u00eas meses para eleitor regularizar ou tirar a 1\u00aa via do t\u00edtulo\"}]},{\"@type\":\"WebSite\",\"@id\":\"https:\/\/uvbbrasil.com.br\/#website\",\"url\":\"https:\/\/uvbbrasil.com.br\/\",\"name\":\"UVB Brasil\",\"description\":\"Uni\u00e3o dos Vereadores do Brasil\",\"publisher\":{\"@id\":\"https:\/\/uvbbrasil.com.br\/#organization\"},\"potentialAction\":[{\"@type\":\"SearchAction\",\"target\":{\"@type\":\"EntryPoint\",\"urlTemplate\":\"https:\/\/uvbbrasil.com.br\/?s={search_term_string}\"},\"query-input\":{\"@type\":\"PropertyValueSpecification\",\"valueRequired\":true,\"valueName\":\"search_term_string\"}}],\"inLanguage\":\"pt-BR\"},{\"@type\":\"Organization\",\"@id\":\"https:\/\/uvbbrasil.com.br\/#organization\",\"name\":\"UVB Brasil\",\"url\":\"https:\/\/uvbbrasil.com.br\/\",\"logo\":{\"@type\":\"ImageObject\",\"inLanguage\":\"pt-BR\",\"@id\":\"https:\/\/uvbbrasil.com.br\/#\/schema\/logo\/image\/\",\"url\":\"https:\/\/uvbbrasil.com.br\/wp-content\/uploads\/2025\/01\/LOGO-UVB-2024-azul-1.jpg\",\"contentUrl\":\"https:\/\/uvbbrasil.com.br\/wp-content\/uploads\/2025\/01\/LOGO-UVB-2024-azul-1.jpg\",\"width\":600,\"height\":211,\"caption\":\"UVB Brasil\"},\"image\":{\"@id\":\"https:\/\/uvbbrasil.com.br\/#\/schema\/logo\/image\/\"},\"sameAs\":[\"https:\/\/www.facebook.com\/uvb.vereadoresbrasil\",\"https:\/\/www.instagram.com\/uvbbrasil\/\",\"https:\/\/www.youtube.com\/channel\/UCIlPQ8Xzw5GHNzosQIg9S5A\"]},{\"@type\":\"Person\",\"@id\":\"https:\/\/uvbbrasil.com.br\/#\/schema\/person\/17990098446c098f52effddff4f1b272\",\"name\":\"adminuvb\",\"image\":{\"@type\":\"ImageObject\",\"inLanguage\":\"pt-BR\",\"@id\":\"https:\/\/uvbbrasil.com.br\/#\/schema\/person\/image\/\",\"url\":\"https:\/\/secure.gravatar.com\/avatar\/1a494ea6f8e2dd1ae526e55b0e9497efdba542491e0620d704cccf63c6f77c45?s=96&d=mm&r=g\",\"contentUrl\":\"https:\/\/secure.gravatar.com\/avatar\/1a494ea6f8e2dd1ae526e55b0e9497efdba542491e0620d704cccf63c6f77c45?s=96&d=mm&r=g\",\"caption\":\"adminuvb\"},\"sameAs\":[\"https:\/\/uvbbrasil.com.br\"],\"url\":\"https:\/\/uvbbrasil.com.br\/author\/adminuvb\/\"}]}<\/script>\n<!-- \/ Yoast SEO plugin. -->","yoast_head_json":{"title":"Faltam s\u00f3 tr\u00eas meses para eleitor regularizar ou tirar a 1\u00aa via do t\u00edtulo - UVB Brasil","robots":{"index":"index","follow":"follow","max-snippet":"max-snippet:-1","max-image-preview":"max-image-preview:large","max-video-preview":"max-video-preview:-1"},"canonical":"https:\/\/uvbbrasil.com.br\/faltam-so-tres-meses-para-eleitor-regularizar-ou-tirar-a-1a-via-do-titulo\/","og_locale":"pt_BR","og_type":"article","og_title":"Faltam s\u00f3 tr\u00eas meses para eleitor regularizar ou tirar a 1\u00aa via do t\u00edtulo - UVB Brasil","og_description":"Ap\u00f3s 8 de maio, n\u00e3o ser\u00e1 poss\u00edvel tirar o t\u00edtulo de eleitor nem realizar mudan\u00e7as no cadastro eleitoral Faltam exatos...","og_url":"https:\/\/uvbbrasil.com.br\/faltam-so-tres-meses-para-eleitor-regularizar-ou-tirar-a-1a-via-do-titulo\/","og_site_name":"UVB Brasil","article_publisher":"https:\/\/www.facebook.com\/uvb.vereadoresbrasil","article_published_time":"2024-02-09T14:45:59+00:00","og_image":[{"width":547,"height":263,"url":"https:\/\/uvbbrasil.com.br\/wp-content\/uploads\/2024\/02\/e8b527de-56e6-467a-b63a-d3e11f5426bd.jpeg","type":"image\/jpeg"}],"author":"adminuvb","twitter_card":"summary_large_image","twitter_misc":{"Escrito por":"adminuvb","Est. tempo de leitura":"4 minutos"},"schema":{"@context":"https:\/\/schema.org","@graph":[{"@type":"Article","@id":"https:\/\/uvbbrasil.com.br\/faltam-so-tres-meses-para-eleitor-regularizar-ou-tirar-a-1a-via-do-titulo\/#article","isPartOf":{"@id":"https:\/\/uvbbrasil.com.br\/faltam-so-tres-meses-para-eleitor-regularizar-ou-tirar-a-1a-via-do-titulo\/"},"author":{"name":"adminuvb","@id":"https:\/\/uvbbrasil.com.br\/#\/schema\/person\/17990098446c098f52effddff4f1b272"},"headline":"Faltam s\u00f3 tr\u00eas meses para eleitor regularizar ou tirar a 1\u00aa via do t\u00edtulo","datePublished":"2024-02-09T14:45:59+00:00","mainEntityOfPage":{"@id":"https:\/\/uvbbrasil.com.br\/faltam-so-tres-meses-para-eleitor-regularizar-ou-tirar-a-1a-via-do-titulo\/"},"wordCount":843,"commentCount":0,"publisher":{"@id":"https:\/\/uvbbrasil.com.br\/#organization"},"image":{"@id":"https:\/\/uvbbrasil.com.br\/faltam-so-tres-meses-para-eleitor-regularizar-ou-tirar-a-1a-via-do-titulo\/#primaryimage"},"thumbnailUrl":"https:\/\/uvbbrasil.com.br\/wp-content\/uploads\/2024\/02\/e8b527de-56e6-467a-b63a-d3e11f5426bd.jpeg","articleSection":["NOT\u00cdCIAS"],"inLanguage":"pt-BR","potentialAction":[{"@type":"CommentAction","name":"Comment","target":["https:\/\/uvbbrasil.com.br\/faltam-so-tres-meses-para-eleitor-regularizar-ou-tirar-a-1a-via-do-titulo\/#respond"]}]},{"@type":"WebPage","@id":"https:\/\/uvbbrasil.com.br\/faltam-so-tres-meses-para-eleitor-regularizar-ou-tirar-a-1a-via-do-titulo\/","url":"https:\/\/uvbbrasil.com.br\/faltam-so-tres-meses-para-eleitor-regularizar-ou-tirar-a-1a-via-do-titulo\/","name":"Faltam s\u00f3 tr\u00eas meses para eleitor regularizar ou tirar a 1\u00aa via do t\u00edtulo - UVB Brasil","isPartOf":{"@id":"https:\/\/uvbbrasil.com.br\/#website"},"primaryImageOfPage":{"@id":"https:\/\/uvbbrasil.com.br\/faltam-so-tres-meses-para-eleitor-regularizar-ou-tirar-a-1a-via-do-titulo\/#primaryimage"},"image":{"@id":"https:\/\/uvbbrasil.com.br\/faltam-so-tres-meses-para-eleitor-regularizar-ou-tirar-a-1a-via-do-titulo\/#primaryimage"},"thumbnailUrl":"https:\/\/uvbbrasil.com.br\/wp-content\/uploads\/2024\/02\/e8b527de-56e6-467a-b63a-d3e11f5426bd.jpeg","datePublished":"2024-02-09T14:45:59+00:00","breadcrumb":{"@id":"https:\/\/uvbbrasil.com.br\/faltam-so-tres-meses-para-eleitor-regularizar-ou-tirar-a-1a-via-do-titulo\/#breadcrumb"},"inLanguage":"pt-BR","potentialAction":[{"@type":"ReadAction","target":["https:\/\/uvbbrasil.com.br\/faltam-so-tres-meses-para-eleitor-regularizar-ou-tirar-a-1a-via-do-titulo\/"]}]},{"@type":"ImageObject","inLanguage":"pt-BR","@id":"https:\/\/uvbbrasil.com.br\/faltam-so-tres-meses-para-eleitor-regularizar-ou-tirar-a-1a-via-do-titulo\/#primaryimage","url":"https:\/\/uvbbrasil.com.br\/wp-content\/uploads\/2024\/02\/e8b527de-56e6-467a-b63a-d3e11f5426bd.jpeg","contentUrl":"https:\/\/uvbbrasil.com.br\/wp-content\/uploads\/2024\/02\/e8b527de-56e6-467a-b63a-d3e11f5426bd.jpeg","width":547,"height":263},{"@type":"BreadcrumbList","@id":"https:\/\/uvbbrasil.com.br\/faltam-so-tres-meses-para-eleitor-regularizar-ou-tirar-a-1a-via-do-titulo\/#breadcrumb","itemListElement":[{"@type":"ListItem","position":1,"name":"In\u00edcio","item":"https:\/\/uvbbrasil.com.br\/"},{"@type":"ListItem","position":2,"name":"Faltam s\u00f3 tr\u00eas meses para eleitor regularizar ou tirar a 1\u00aa via do t\u00edtulo"}]},{"@type":"WebSite","@id":"https:\/\/uvbbrasil.com.br\/#website","url":"https:\/\/uvbbrasil.com.br\/","name":"UVB Brasil","description":"Uni\u00e3o dos Vereadores do Brasil","publisher":{"@id":"https:\/\/uvbbrasil.com.br\/#organization"},"potentialAction":[{"@type":"SearchAction","target":{"@type":"EntryPoint","urlTemplate":"https:\/\/uvbbrasil.com.br\/?s={search_term_string}"},"query-input":{"@type":"PropertyValueSpecification","valueRequired":true,"valueName":"search_term_string"}}],"inLanguage":"pt-BR"},{"@type":"Organization","@id":"https:\/\/uvbbrasil.com.br\/#organization","name":"UVB Brasil","url":"https:\/\/uvbbrasil.com.br\/","logo":{"@type":"ImageObject","inLanguage":"pt-BR","@id":"https:\/\/uvbbrasil.com.br\/#\/schema\/logo\/image\/","url":"https:\/\/uvbbrasil.com.br\/wp-content\/uploads\/2025\/01\/LOGO-UVB-2024-azul-1.jpg","contentUrl":"https:\/\/uvbbrasil.com.br\/wp-content\/uploads\/2025\/01\/LOGO-UVB-2024-azul-1.jpg","width":600,"height":211,"caption":"UVB Brasil"},"image":{"@id":"https:\/\/uvbbrasil.com.br\/#\/schema\/logo\/image\/"},"sameAs":["https:\/\/www.facebook.com\/uvb.vereadoresbrasil","https:\/\/www.instagram.com\/uvbbrasil\/","https:\/\/www.youtube.com\/channel\/UCIlPQ8Xzw5GHNzosQIg9S5A"]},{"@type":"Person","@id":"https:\/\/uvbbrasil.com.br\/#\/schema\/person\/17990098446c098f52effddff4f1b272","name":"adminuvb","image":{"@type":"ImageObject","inLanguage":"pt-BR","@id":"https:\/\/uvbbrasil.com.br\/#\/schema\/person\/image\/","url":"https:\/\/secure.gravatar.com\/avatar\/1a494ea6f8e2dd1ae526e55b0e9497efdba542491e0620d704cccf63c6f77c45?s=96&d=mm&r=g","contentUrl":"https:\/\/secure.gravatar.com\/avatar\/1a494ea6f8e2dd1ae526e55b0e9497efdba542491e0620d704cccf63c6f77c45?s=96&d=mm&r=g","caption":"adminuvb"},"sameAs":["https:\/\/uvbbrasil.com.br"],"url":"https:\/\/uvbbrasil.com.br\/author\/adminuvb\/"}]}},"_links":{"self":[{"href":"https:\/\/uvbbrasil.com.br\/uvb-json\/wp\/v2\/posts\/33496","targetHints":{"allow":["GET"]}}],"collection":[{"href":"https:\/\/uvbbrasil.com.br\/uvb-json\/wp\/v2\/posts"}],"about":[{"href":"https:\/\/uvbbrasil.com.br\/uvb-json\/wp\/v2\/types\/post"}],"author":[{"embeddable":true,"href":"https:\/\/uvbbrasil.com.br\/uvb-json\/wp\/v2\/users\/1"}],"replies":[{"embeddable":true,"href":"https:\/\/uvbbrasil.com.br\/uvb-json\/wp\/v2\/comments?post=33496"}],"version-history":[{"count":0,"href":"https:\/\/uvbbrasil.com.br\/uvb-json\/wp\/v2\/posts\/33496\/revisions"}],"wp:featuredmedia":[{"embeddable":true,"href":"https:\/\/uvbbrasil.com.br\/uvb-json\/wp\/v2\/media\/33497"}],"wp:attachment":[{"href":"https:\/\/uvbbrasil.com.br\/uvb-json\/wp\/v2\/media?parent=33496"}],"wp:term":[{"taxonomy":"category","embeddable":true,"href":"https:\/\/uvbbrasil.com.br\/uvb-json\/wp\/v2\/categories?post=33496"},{"taxonomy":"post_tag","embeddable":true,"href":"https:\/\/uvbbrasil.com.br\/uvb-json\/wp\/v2\/tags?post=33496"}],"curies":[{"name":"wp","href":"https:\/\/api.w.org\/{rel}","templated":true}]}}